{"id":3975,"date":"2025-01-02T12:17:55","date_gmt":"2025-01-02T11:17:55","guid":{"rendered":"https:\/\/vieassociative.be\/actualites\/la-meilleure-facon-denlever-un-marqueur-permanent-sur-un-tableau-blanc\/"},"modified":"2025-01-02T12:17:55","modified_gmt":"2025-01-02T11:17:55","slug":"la-meilleure-facon-denlever-un-marqueur-permanent-sur-un-tableau-blanc","status":"publish","type":"post","link":"https:\/\/vieassociative.be\/actualites\/la-meilleure-facon-denlever-un-marqueur-permanent-sur-un-tableau-blanc\/","title":{"rendered":"La meilleure fa\u00e7on d&rsquo;enlever un marqueur permanent sur un tableau blanc"},"content":{"rendered":"<div class=\"mt-4 leading-6 md:mb-8\">Nous avons essay\u00e9 sept astuces diff\u00e9rentes pour supprimer les marqueurs DIY. Voici ce qui a fonctionn\u00e9 sur ces Sharpies.<\/div>\n<p><\/p>\n<p>En juin dernier, mon enfant de maternelle est rentr\u00e9 \u00e0 la maison le dernier jour d&rsquo;\u00e9cole avec un dossier d&rsquo;\u00e9chantillons d&rsquo;\u00e9criture avant-gardistes \u00ab Comment retourner une cr\u00eape \u00bb et une trousse pleine de non pas un, pas deux, mais <em>dix<\/em> marqueurs non plafonn\u00e9s. Bien s\u00fbr, il avait utilis\u00e9 un de ces marqueurs sans capuchon pour couvrir chaque centim\u00e8tre carr\u00e9 de son tableau blanc effa\u00e7able \u00e0 sec de gribouillis bleus. Et bien s\u00fbr, ce marqueur \u00e9tait permanent. (\u00ab\u00a0Comment a-t-il obtenu cet instrument d&rsquo;\u00e9criture non autoris\u00e9 ?\u00a0\u00bb, a-t-elle pleur\u00e9 vers le ciel.)<\/p>\n<p>Apr\u00e8s l&rsquo;avoir mentionn\u00e9 avec d\u00e9sinvolture dans un TikTok, les commentaires sur la fa\u00e7on de retirer le marqueur permanent des tableaux effa\u00e7ables \u00e0 sec ont afflu\u00e9. Beaucoup ont d\u00e9clar\u00e9 avec enthousiasme : \u00ab Utilisez ceci et il s&rsquo;enl\u00e8vera tout de suite ! Et deux mois et demi plus tard, la veille de son entr\u00e9e en CP, je les ai essay\u00e9s. M\u00eame s&rsquo;il n&rsquo;y avait pas de \u00ab sortie directe \u00bb \u00e0 proprement parler (toutes les m\u00e9thodes n\u00e9cessitaient un gommage vigoureux et une l\u00e9g\u00e8re tension du cou), voici ce que j&rsquo;ai appris.<\/p>\n<h2 id=\"does-hand-sanitizer-get-rid-of-permanent-marker\">Le d\u00e9sinfectant pour les mains \u00e9limine-t-il le marqueur permanent ?<\/h2>\n<p>Apr\u00e8s les deux derni\u00e8res ann\u00e9es que nous avons pass\u00e9es, je me suis senti oblig\u00e9 de commencer avec mon nouveau meilleur ami, le d\u00e9sinfectant pour les mains. M\u00eame si elle a supprim\u00e9 les traits individuels du marqueur, elle a quand m\u00eame laiss\u00e9 le tableau bleu. Vous \u00eates bon pour beaucoup de choses \u00ab\u00a0hanitizer\u00a0\u00bb (comme mes enfants l&rsquo;appellent), mais se d\u00e9barrasser du vieux marqueur permanent en cro\u00fbte n&rsquo;en fait pas partie. Passer. <\/p>\n<h2 id=\"can-a-dry-erase-marker-get-rid-of-permanent-marker\">Un marqueur effa\u00e7able \u00e0 sec peut-il se d\u00e9barrasser du marqueur permanent ?<\/h2>\n<p>Devinez-moi ceci\u00a0: un marqueur peut supprimer un <em>marqueur<\/em>? Certains ne juraient que par cette m\u00e9thode consistant \u00e0 utiliser le marqueur destin\u00e9 au tableau pour \u00e9liminer les d\u00e9g\u00e2ts, mais h\u00e9las, elle donnait des r\u00e9sultats similaires au d\u00e9sinfectant pour les mains. Les traces de surface avaient disparu, mais une teinte bleu fonc\u00e9 est rest\u00e9e. <\/p>\n<h2 id=\"did-bug-spray-get-rid-of-my-permanent-marker\">L&rsquo;insecticide a-t-il \u00e9limin\u00e9 mon marqueur permanent\u00a0?<\/h2>\n<p>Avis de non-responsabilit\u00e9\u00a0: le seul insecticide que nous avons dans notre maison est un insectifuge \u00ab naturel \u00bb appel\u00e9 \u00ab Buzz Away \u00bb (fabriqu\u00e9 par Quantum Health) et ses ingr\u00e9dients sont aussi hippies que vous l&rsquo;imaginez. Alors que le m\u00e9lange d&rsquo;huiles essentielles de citronnelle, d&rsquo;\u00e9thanol, d&rsquo;huile de ricin, de bois de c\u00e8dre, de menthe poivr\u00e9e, de citronnelle et d&rsquo;eucalyptus a fait <em>pas <\/em>travailler pour \u00e9liminer le marqueur, un r\u00e9pulsif standard \u00e0 base de DEET pourrait le faire. <\/p>\n<h2 id=\"did-spray-sunscreen-work\">La cr\u00e8me solaire en spray a-t-elle fonctionn\u00e9 ?<\/h2>\n<p>J&rsquo;ai utilis\u00e9 le spray de protection solaire Sport de marque Target Up &#038; Up avec un FPS 30 \u00e0 large spectre et il a fonctionn\u00e9 de la m\u00eame mani\u00e8re que le spray anti-insectes, c&rsquo;est-\u00e0-dire pas bien. Peut-\u00eatre s&rsquo;il avait ressembl\u00e9 davantage \u00e0 ses anc\u00eatres non r\u00e9veill\u00e9s de la fin des ann\u00e9es 90 et du d\u00e9but des ann\u00e9es 90, au lieu d&rsquo;\u00eatre aussi conscient des r\u00e9cifs ? (Au fait, autant ne pas s\u2019emb\u00eater avec une cr\u00e8me solaire \u00ab sans danger pour les r\u00e9cifs \u00bb, apr\u00e8s tout.)<\/p>\n<h2 id=\"what-about-mr-clean-magic-erasers\">Qu&rsquo;en est-il des gommes magiques Mr. Clean ?<\/h2>\n<p>La magie&#8230; o\u00f9 ? M\u00eame si l&rsquo;homme chauve peut faire des miracles sur des empreintes de mains sales d&rsquo;origine myst\u00e9rieuse qui tapissent vos murs, vos portes et vos interrupteurs (il peut m\u00eame \u00e9liminer les moisissures d\u00e9go\u00fbtantes des balustrades du pont, mais je m&rsquo;\u00e9loigne du sujet), il n&rsquo;\u00e9tait pas \u00e0 la hauteur du pouvoir du tout-puissant Sharpie. La seule chose qu&rsquo;il a effac\u00e9e \u00e9tait la surface sup\u00e9rieure de la couleur et mon espoir que l&rsquo;un de ces produits m\u00e9nagers al\u00e9atoires fonctionnerait. <\/p>\n<h2 id=\"rubbing-alcohol\">De l&rsquo;alcool \u00e0 friction ?<\/h2>\n<p>J&rsquo;ai finalement constat\u00e9 un peu plus de succ\u00e8s avec de l&rsquo;alcool \u00e0 friction \u00e0 70 %, mais je n&rsquo;ai toujours pas \u00e9t\u00e9 \u00e9tonn\u00e9 par les r\u00e9sultats. Bien qu&rsquo;il ait enlev\u00e9 la surface sup\u00e9rieure et sombre de la couleur et une partie de la tache trouble sous-jacente, il a quand m\u00eame laiss\u00e9 une triste p\u00e2leur qui semblait dire : \u00ab Eh bien, quelqu&rsquo;un a dormi avec ses yeux maquill\u00e9s. <em>encore<\/em>.\u00bb Il y avait trop de pagaille sur l\u2019\u00e9chiquier pour remporter la victoire. <\/p>\n<h2 id=\"and-finally-nail-polish-remover\">Et enfin, du dissolvant pour vernis \u00e0 ongles<\/h2>\n<p>Maintenant ceci&#8230;<em>ce<\/em> C&rsquo;\u00e9tait le moment Eur\u00eaka que j&rsquo;attendais. Avec quelques g\u00e9n\u00e9reuses coul\u00e9es de dissolvant g\u00e9n\u00e9rique pour vernis \u00e0 ongles sur une boule de coton, le marqueur permanent s&rsquo;est soulev\u00e9 rapidement et facilement, laissant une quantit\u00e9 de r\u00e9sidus beaucoup plus petite que les autres techniques. Quelques lingettes avec une serviette propre lui ont ensuite donn\u00e9 un aspect&#8230; pas neuf, mais suffisamment propre et transparent pour \u00eatre r\u00e9utilis\u00e9. <\/p>\n<p>  Maintenant, je r\u00e9it\u00e8re que ce nettoyage a eu lieu plus de deux mois apr\u00e8s la d\u00e9couverte du marqueur incrimin\u00e9, et que les m\u00e9thodes ci-dessus auraient peut-\u00eatre mieux fonctionn\u00e9 si elles avaient \u00e9t\u00e9 utilis\u00e9es plus t\u00f4t. Mais si le dissolvant pour vernis \u00e0 ongles peut fonctionner deux mois plus tard, c&rsquo;est probablement \u00e9galement votre meilleure option \u00e0 l&rsquo;approche du moment du contact.<\/p>\n<p><\/p>\n<p><script async src=\"\/\/www.tiktok.com\/embed.js\"><\/script><\/p>\n","protected":false},"excerpt":{"rendered":"<p>Nous avons essay\u00e9 sept astuces diff\u00e9rentes pour supprimer les marqueurs DIY. Voici ce qui a fonctionn\u00e9 sur ces Sharpies. En juin dernier, mon enfant de<\/p>\n","protected":false},"author":1,"featured_media":3976,"comment_status":"","ping_status":"","sticky":false,"template":"","format":"standard","meta":{"footnotes":""},"categories":[37],"tags":[104,4434,531,4435,530,4436,33,2352],"class_list":["post-3975","post","type-post","status-publish","format-standard","has-post-thumbnail","hentry","category-famille","tag-blanc","tag-denlever","tag-facon","tag-marqueur","tag-meilleure","tag-permanent","tag-sur","tag-tableau","generate-columns","tablet-grid-50","mobile-grid-100","grid-parent","grid-33"],"yoast_head":"<!-- This site is optimized with the Yoast SEO plugin v24.0 - https:\/\/yoast.com\/wordpress\/plugins\/seo\/ -->\n<title>La meilleure fa\u00e7on d&#039;enlever un marqueur permanent sur un tableau blanc | Vie Associative<\/title>\n<meta name=\"robots\" content=\"index, follow, max-snippet:-1, max-image-preview:large, max-video-preview:-1\" \/>\n<link rel=\"canonical\" href=\"https:\/\/vieassociative.be\/actualites\/la-meilleure-facon-denlever-un-marqueur-permanent-sur-un-tableau-blanc\/\" \/>\n<meta property=\"og:locale\" content=\"fr_FR\" \/>\n<meta property=\"og:type\" content=\"article\" \/>\n<meta property=\"og:title\" content=\"La meilleure fa\u00e7on d&#039;enlever un marqueur permanent sur un tableau blanc | Vie Associative\" \/>\n<meta property=\"og:description\" content=\"Nous avons essay\u00e9 sept astuces diff\u00e9rentes pour supprimer les marqueurs DIY. Voici ce qui a fonctionn\u00e9 sur ces Sharpies. En juin dernier, mon enfant de\" \/>\n<meta property=\"og:url\" content=\"https:\/\/vieassociative.be\/actualites\/la-meilleure-facon-denlever-un-marqueur-permanent-sur-un-tableau-blanc\/\" \/>\n<meta property=\"og:site_name\" content=\"Vie Associative\" \/>\n<meta property=\"article:published_time\" content=\"2025-01-02T11:17:55+00:00\" \/>\n<meta property=\"og:image\" content=\"https:\/\/vieassociative.be\/actualites\/wp-content\/uploads\/2024\/09\/header_backgroundk-01-e1726694325946.png\" \/>\n\t<meta property=\"og:image:width\" content=\"279\" \/>\n\t<meta property=\"og:image:height\" content=\"92\" \/>\n\t<meta property=\"og:image:type\" content=\"image\/png\" \/>\n<meta name=\"author\" content=\"Julien\" \/>\n<meta name=\"twitter:card\" content=\"summary_large_image\" \/>\n<meta name=\"twitter:label1\" content=\"\u00c9crit par\" \/>\n\t<meta name=\"twitter:data1\" content=\"Julien\" \/>\n\t<meta name=\"twitter:label2\" content=\"Dur\u00e9e de lecture est.\" \/>\n\t<meta name=\"twitter:data2\" content=\"4 minutes\" \/>\n<script type=\"application\/ld+json\" class=\"yoast-schema-graph\">{\"@context\":\"https:\/\/schema.org\",\"@graph\":[{\"@type\":\"Article\",\"@id\":\"https:\/\/vieassociative.be\/actualites\/la-meilleure-facon-denlever-un-marqueur-permanent-sur-un-tableau-blanc\/#article\",\"isPartOf\":{\"@id\":\"https:\/\/vieassociative.be\/actualites\/la-meilleure-facon-denlever-un-marqueur-permanent-sur-un-tableau-blanc\/\"},\"author\":{\"name\":\"Julien\",\"@id\":\"https:\/\/vieassociative.be\/actualites\/#\/schema\/person\/b87ac4f82f9d4e7b7cec7395b679edc4\"},\"headline\":\"La meilleure fa\u00e7on d&rsquo;enlever un marqueur permanent sur un tableau blanc\",\"datePublished\":\"2025-01-02T11:17:55+00:00\",\"dateModified\":\"2025-01-02T11:17:55+00:00\",\"mainEntityOfPage\":{\"@id\":\"https:\/\/vieassociative.be\/actualites\/la-meilleure-facon-denlever-un-marqueur-permanent-sur-un-tableau-blanc\/\"},\"wordCount\":928,\"publisher\":{\"@id\":\"https:\/\/vieassociative.be\/actualites\/#organization\"},\"image\":{\"@id\":\"https:\/\/vieassociative.be\/actualites\/la-meilleure-facon-denlever-un-marqueur-permanent-sur-un-tableau-blanc\/#primaryimage\"},\"thumbnailUrl\":\"https:\/\/vieassociative.be\/actualites\/wp-content\/uploads\/2025\/01\/La-meilleure-facon-denlever-un-marqueur-permanent-sur-un-tableau.jpg\",\"keywords\":[\"blanc\",\"denlever\",\"fa\u00e7on\",\"marqueur\",\"meilleure\",\"permanent\",\"sur\",\"tableau\"],\"articleSection\":[\"Famille\"],\"inLanguage\":\"fr-BE\"},{\"@type\":\"WebPage\",\"@id\":\"https:\/\/vieassociative.be\/actualites\/la-meilleure-facon-denlever-un-marqueur-permanent-sur-un-tableau-blanc\/\",\"url\":\"https:\/\/vieassociative.be\/actualites\/la-meilleure-facon-denlever-un-marqueur-permanent-sur-un-tableau-blanc\/\",\"name\":\"La meilleure fa\u00e7on d'enlever un marqueur permanent sur un tableau blanc | Vie Associative\",\"isPartOf\":{\"@id\":\"https:\/\/vieassociative.be\/actualites\/#website\"},\"primaryImageOfPage\":{\"@id\":\"https:\/\/vieassociative.be\/actualites\/la-meilleure-facon-denlever-un-marqueur-permanent-sur-un-tableau-blanc\/#primaryimage\"},\"image\":{\"@id\":\"https:\/\/vieassociative.be\/actualites\/la-meilleure-facon-denlever-un-marqueur-permanent-sur-un-tableau-blanc\/#primaryimage\"},\"thumbnailUrl\":\"https:\/\/vieassociative.be\/actualites\/wp-content\/uploads\/2025\/01\/La-meilleure-facon-denlever-un-marqueur-permanent-sur-un-tableau.jpg\",\"datePublished\":\"2025-01-02T11:17:55+00:00\",\"dateModified\":\"2025-01-02T11:17:55+00:00\",\"breadcrumb\":{\"@id\":\"https:\/\/vieassociative.be\/actualites\/la-meilleure-facon-denlever-un-marqueur-permanent-sur-un-tableau-blanc\/#breadcrumb\"},\"inLanguage\":\"fr-BE\",\"potentialAction\":[{\"@type\":\"ReadAction\",\"target\":[\"https:\/\/vieassociative.be\/actualites\/la-meilleure-facon-denlever-un-marqueur-permanent-sur-un-tableau-blanc\/\"]}]},{\"@type\":\"ImageObject\",\"inLanguage\":\"fr-BE\",\"@id\":\"https:\/\/vieassociative.be\/actualites\/la-meilleure-facon-denlever-un-marqueur-permanent-sur-un-tableau-blanc\/#primaryimage\",\"url\":\"https:\/\/vieassociative.be\/actualites\/wp-content\/uploads\/2025\/01\/La-meilleure-facon-denlever-un-marqueur-permanent-sur-un-tableau.jpg\",\"contentUrl\":\"https:\/\/vieassociative.be\/actualites\/wp-content\/uploads\/2025\/01\/La-meilleure-facon-denlever-un-marqueur-permanent-sur-un-tableau.jpg\",\"width\":1200,\"height\":675,\"caption\":\"La meilleure fa\u00e7on d'enlever un marqueur permanent sur un tableau blanc\"},{\"@type\":\"BreadcrumbList\",\"@id\":\"https:\/\/vieassociative.be\/actualites\/la-meilleure-facon-denlever-un-marqueur-permanent-sur-un-tableau-blanc\/#breadcrumb\",\"itemListElement\":[{\"@type\":\"ListItem\",\"position\":1,\"name\":\"Accueil\",\"item\":\"https:\/\/vieassociative.be\/actualites\/\"},{\"@type\":\"ListItem\",\"position\":2,\"name\":\"La meilleure fa\u00e7on d&rsquo;enlever un marqueur permanent sur un tableau blanc\"}]},{\"@type\":\"WebSite\",\"@id\":\"https:\/\/vieassociative.be\/actualites\/#website\",\"url\":\"https:\/\/vieassociative.be\/actualites\/\",\"name\":\"Vie Associative\",\"description\":\"\",\"publisher\":{\"@id\":\"https:\/\/vieassociative.be\/actualites\/#organization\"},\"potentialAction\":[{\"@type\":\"SearchAction\",\"target\":{\"@type\":\"EntryPoint\",\"urlTemplate\":\"https:\/\/vieassociative.be\/actualites\/?s={search_term_string}\"},\"query-input\":{\"@type\":\"PropertyValueSpecification\",\"valueRequired\":true,\"valueName\":\"search_term_string\"}}],\"inLanguage\":\"fr-BE\"},{\"@type\":\"Organization\",\"@id\":\"https:\/\/vieassociative.be\/actualites\/#organization\",\"name\":\"Vie Associative\",\"url\":\"https:\/\/vieassociative.be\/actualites\/\",\"logo\":{\"@type\":\"ImageObject\",\"inLanguage\":\"fr-BE\",\"@id\":\"https:\/\/vieassociative.be\/actualites\/#\/schema\/logo\/image\/\",\"url\":\"https:\/\/vieassociative.be\/actualites\/wp-content\/uploads\/2024\/09\/cropped-vieassociative_favicon.ico.png\",\"contentUrl\":\"https:\/\/vieassociative.be\/actualites\/wp-content\/uploads\/2024\/09\/cropped-vieassociative_favicon.ico.png\",\"width\":512,\"height\":512,\"caption\":\"Vie Associative\"},\"image\":{\"@id\":\"https:\/\/vieassociative.be\/actualites\/#\/schema\/logo\/image\/\"}},{\"@type\":\"Person\",\"@id\":\"https:\/\/vieassociative.be\/actualites\/#\/schema\/person\/b87ac4f82f9d4e7b7cec7395b679edc4\",\"name\":\"Julien\",\"image\":{\"@type\":\"ImageObject\",\"inLanguage\":\"fr-BE\",\"@id\":\"https:\/\/vieassociative.be\/actualites\/#\/schema\/person\/image\/\",\"url\":\"https:\/\/vieassociative.be\/actualites\/wp-content\/uploads\/2024\/09\/vie-associative-1-150x150.jpg\",\"contentUrl\":\"https:\/\/vieassociative.be\/actualites\/wp-content\/uploads\/2024\/09\/vie-associative-1-150x150.jpg\",\"caption\":\"Julien\"},\"description\":\"Je suis Julien, r\u00e9dacteur pour Vie Associative. Passionn\u00e9 par le monde associatif depuis plus de 10 ans, j'ai \u00e0 c\u0153ur de partager des histoires inspirantes et de mettre en lumi\u00e8re les initiatives locales. Mon objectif est de sensibiliser et d'encourager l'engagement communautaire \u00e0 travers mes articles.\",\"sameAs\":[\"https:\/\/vieassociative.be\/\"]}]}<\/script>\n<!-- \/ Yoast SEO plugin. -->","yoast_head_json":{"title":"La meilleure fa\u00e7on d'enlever un marqueur permanent sur un tableau blanc | Vie Associative","robots":{"index":"index","follow":"follow","max-snippet":"max-snippet:-1","max-image-preview":"max-image-preview:large","max-video-preview":"max-video-preview:-1"},"canonical":"https:\/\/vieassociative.be\/actualites\/la-meilleure-facon-denlever-un-marqueur-permanent-sur-un-tableau-blanc\/","og_locale":"fr_FR","og_type":"article","og_title":"La meilleure fa\u00e7on d'enlever un marqueur permanent sur un tableau blanc | Vie Associative","og_description":"Nous avons essay\u00e9 sept astuces diff\u00e9rentes pour supprimer les marqueurs DIY. Voici ce qui a fonctionn\u00e9 sur ces Sharpies. En juin dernier, mon enfant de","og_url":"https:\/\/vieassociative.be\/actualites\/la-meilleure-facon-denlever-un-marqueur-permanent-sur-un-tableau-blanc\/","og_site_name":"Vie Associative","article_published_time":"2025-01-02T11:17:55+00:00","og_image":[{"width":279,"height":92,"url":"https:\/\/vieassociative.be\/actualites\/wp-content\/uploads\/2024\/09\/header_backgroundk-01-e1726694325946.png","type":"image\/png"}],"author":"Julien","twitter_card":"summary_large_image","twitter_misc":{"\u00c9crit par":"Julien","Dur\u00e9e de lecture est.":"4 minutes"},"schema":{"@context":"https:\/\/schema.org","@graph":[{"@type":"Article","@id":"https:\/\/vieassociative.be\/actualites\/la-meilleure-facon-denlever-un-marqueur-permanent-sur-un-tableau-blanc\/#article","isPartOf":{"@id":"https:\/\/vieassociative.be\/actualites\/la-meilleure-facon-denlever-un-marqueur-permanent-sur-un-tableau-blanc\/"},"author":{"name":"Julien","@id":"https:\/\/vieassociative.be\/actualites\/#\/schema\/person\/b87ac4f82f9d4e7b7cec7395b679edc4"},"headline":"La meilleure fa\u00e7on d&rsquo;enlever un marqueur permanent sur un tableau blanc","datePublished":"2025-01-02T11:17:55+00:00","dateModified":"2025-01-02T11:17:55+00:00","mainEntityOfPage":{"@id":"https:\/\/vieassociative.be\/actualites\/la-meilleure-facon-denlever-un-marqueur-permanent-sur-un-tableau-blanc\/"},"wordCount":928,"publisher":{"@id":"https:\/\/vieassociative.be\/actualites\/#organization"},"image":{"@id":"https:\/\/vieassociative.be\/actualites\/la-meilleure-facon-denlever-un-marqueur-permanent-sur-un-tableau-blanc\/#primaryimage"},"thumbnailUrl":"https:\/\/vieassociative.be\/actualites\/wp-content\/uploads\/2025\/01\/La-meilleure-facon-denlever-un-marqueur-permanent-sur-un-tableau.jpg","keywords":["blanc","denlever","fa\u00e7on","marqueur","meilleure","permanent","sur","tableau"],"articleSection":["Famille"],"inLanguage":"fr-BE"},{"@type":"WebPage","@id":"https:\/\/vieassociative.be\/actualites\/la-meilleure-facon-denlever-un-marqueur-permanent-sur-un-tableau-blanc\/","url":"https:\/\/vieassociative.be\/actualites\/la-meilleure-facon-denlever-un-marqueur-permanent-sur-un-tableau-blanc\/","name":"La meilleure fa\u00e7on d'enlever un marqueur permanent sur un tableau blanc | Vie Associative","isPartOf":{"@id":"https:\/\/vieassociative.be\/actualites\/#website"},"primaryImageOfPage":{"@id":"https:\/\/vieassociative.be\/actualites\/la-meilleure-facon-denlever-un-marqueur-permanent-sur-un-tableau-blanc\/#primaryimage"},"image":{"@id":"https:\/\/vieassociative.be\/actualites\/la-meilleure-facon-denlever-un-marqueur-permanent-sur-un-tableau-blanc\/#primaryimage"},"thumbnailUrl":"https:\/\/vieassociative.be\/actualites\/wp-content\/uploads\/2025\/01\/La-meilleure-facon-denlever-un-marqueur-permanent-sur-un-tableau.jpg","datePublished":"2025-01-02T11:17:55+00:00","dateModified":"2025-01-02T11:17:55+00:00","breadcrumb":{"@id":"https:\/\/vieassociative.be\/actualites\/la-meilleure-facon-denlever-un-marqueur-permanent-sur-un-tableau-blanc\/#breadcrumb"},"inLanguage":"fr-BE","potentialAction":[{"@type":"ReadAction","target":["https:\/\/vieassociative.be\/actualites\/la-meilleure-facon-denlever-un-marqueur-permanent-sur-un-tableau-blanc\/"]}]},{"@type":"ImageObject","inLanguage":"fr-BE","@id":"https:\/\/vieassociative.be\/actualites\/la-meilleure-facon-denlever-un-marqueur-permanent-sur-un-tableau-blanc\/#primaryimage","url":"https:\/\/vieassociative.be\/actualites\/wp-content\/uploads\/2025\/01\/La-meilleure-facon-denlever-un-marqueur-permanent-sur-un-tableau.jpg","contentUrl":"https:\/\/vieassociative.be\/actualites\/wp-content\/uploads\/2025\/01\/La-meilleure-facon-denlever-un-marqueur-permanent-sur-un-tableau.jpg","width":1200,"height":675,"caption":"La meilleure fa\u00e7on d'enlever un marqueur permanent sur un tableau blanc"},{"@type":"BreadcrumbList","@id":"https:\/\/vieassociative.be\/actualites\/la-meilleure-facon-denlever-un-marqueur-permanent-sur-un-tableau-blanc\/#breadcrumb","itemListElement":[{"@type":"ListItem","position":1,"name":"Accueil","item":"https:\/\/vieassociative.be\/actualites\/"},{"@type":"ListItem","position":2,"name":"La meilleure fa\u00e7on d&rsquo;enlever un marqueur permanent sur un tableau blanc"}]},{"@type":"WebSite","@id":"https:\/\/vieassociative.be\/actualites\/#website","url":"https:\/\/vieassociative.be\/actualites\/","name":"Vie Associative","description":"","publisher":{"@id":"https:\/\/vieassociative.be\/actualites\/#organization"},"potentialAction":[{"@type":"SearchAction","target":{"@type":"EntryPoint","urlTemplate":"https:\/\/vieassociative.be\/actualites\/?s={search_term_string}"},"query-input":{"@type":"PropertyValueSpecification","valueRequired":true,"valueName":"search_term_string"}}],"inLanguage":"fr-BE"},{"@type":"Organization","@id":"https:\/\/vieassociative.be\/actualites\/#organization","name":"Vie Associative","url":"https:\/\/vieassociative.be\/actualites\/","logo":{"@type":"ImageObject","inLanguage":"fr-BE","@id":"https:\/\/vieassociative.be\/actualites\/#\/schema\/logo\/image\/","url":"https:\/\/vieassociative.be\/actualites\/wp-content\/uploads\/2024\/09\/cropped-vieassociative_favicon.ico.png","contentUrl":"https:\/\/vieassociative.be\/actualites\/wp-content\/uploads\/2024\/09\/cropped-vieassociative_favicon.ico.png","width":512,"height":512,"caption":"Vie Associative"},"image":{"@id":"https:\/\/vieassociative.be\/actualites\/#\/schema\/logo\/image\/"}},{"@type":"Person","@id":"https:\/\/vieassociative.be\/actualites\/#\/schema\/person\/b87ac4f82f9d4e7b7cec7395b679edc4","name":"Julien","image":{"@type":"ImageObject","inLanguage":"fr-BE","@id":"https:\/\/vieassociative.be\/actualites\/#\/schema\/person\/image\/","url":"https:\/\/vieassociative.be\/actualites\/wp-content\/uploads\/2024\/09\/vie-associative-1-150x150.jpg","contentUrl":"https:\/\/vieassociative.be\/actualites\/wp-content\/uploads\/2024\/09\/vie-associative-1-150x150.jpg","caption":"Julien"},"description":"Je suis Julien, r\u00e9dacteur pour Vie Associative. Passionn\u00e9 par le monde associatif depuis plus de 10 ans, j'ai \u00e0 c\u0153ur de partager des histoires inspirantes et de mettre en lumi\u00e8re les initiatives locales. Mon objectif est de sensibiliser et d'encourager l'engagement communautaire \u00e0 travers mes articles.","sameAs":["https:\/\/vieassociative.be\/"]}]}},"_links":{"self":[{"href":"https:\/\/vieassociative.be\/actualites\/wp-json\/wp\/v2\/posts\/3975"}],"collection":[{"href":"https:\/\/vieassociative.be\/actualites\/wp-json\/wp\/v2\/posts"}],"about":[{"href":"https:\/\/vieassociative.be\/actualites\/wp-json\/wp\/v2\/types\/post"}],"author":[{"embeddable":true,"href":"https:\/\/vieassociative.be\/actualites\/wp-json\/wp\/v2\/users\/1"}],"replies":[{"embeddable":true,"href":"https:\/\/vieassociative.be\/actualites\/wp-json\/wp\/v2\/comments?post=3975"}],"version-history":[{"count":0,"href":"https:\/\/vieassociative.be\/actualites\/wp-json\/wp\/v2\/posts\/3975\/revisions"}],"wp:featuredmedia":[{"embeddable":true,"href":"https:\/\/vieassociative.be\/actualites\/wp-json\/wp\/v2\/media\/3976"}],"wp:attachment":[{"href":"https:\/\/vieassociative.be\/actualites\/wp-json\/wp\/v2\/media?parent=3975"}],"wp:term":[{"taxonomy":"category","embeddable":true,"href":"https:\/\/vieassociative.be\/actualites\/wp-json\/wp\/v2\/categories?post=3975"},{"taxonomy":"post_tag","embeddable":true,"href":"https:\/\/vieassociative.be\/actualites\/wp-json\/wp\/v2\/tags?post=3975"}],"curies":[{"name":"wp","href":"https:\/\/api.w.org\/{rel}","templated":true}]}}