{"id":3971,"date":"2025-01-02T09:21:24","date_gmt":"2025-01-02T08:21:24","guid":{"rendered":"https:\/\/vieassociative.be\/actualites\/lukraine-arrete-le-transit-de-gaz-naturel-vers-leurope\/"},"modified":"2025-01-02T09:21:24","modified_gmt":"2025-01-02T08:21:24","slug":"lukraine-arrete-le-transit-de-gaz-naturel-vers-leurope","status":"publish","type":"post","link":"https:\/\/vieassociative.be\/actualites\/lukraine-arrete-le-transit-de-gaz-naturel-vers-leurope\/","title":{"rendered":"L&rsquo;Ukraine arr\u00eate le transit de gaz naturel vers l&rsquo;Europe"},"content":{"rendered":"<p><strong>Pour emp\u00eacher le chef du Kremlin, Vladimir Poutine, de remplir son tr\u00e9sor de guerre, l&rsquo;Ukraine suspend le transit du gaz naturel sur son territoire. Un pays de l&rsquo;UE a menac\u00e9 de prendre des contre-mesures dans cette affaire.<\/strong><\/p>\n<p><span id=\"more-405156\"><\/span>Comme annonc\u00e9, le transit du gaz russe via l&rsquo;Ukraine vers l&rsquo;Europe est suspendu depuis le matin. La soci\u00e9t\u00e9 gazi\u00e8re russe Gazprom a annonc\u00e9 le jour du Nouvel An qu&rsquo;elle ne disposait d&rsquo;aucune option juridique ou technique pour acheminer du gaz via l&rsquo;Ukraine, les dirigeants de Kiev n&rsquo;ayant pas renouvel\u00e9 le contrat de transit. Le remplissage est donc arr\u00eat\u00e9 depuis 6h00 (CET).<\/p>\n<p>Cela signifie que la Slovaquie ne recevra plus de gaz russe via cette ligne. L\u2019UE et l\u2019OTAN ont menac\u00e9 l\u2019Ukraine des cons\u00e9quences de cette d\u00e9marche.<\/p>\n<div id=\"attachment_405160\" class=\"wp-caption alignleft\" style=\"max-width: 300px\"><img fetchpriority=\"high\" decoding=\"async\" class=\"wp-image-405160 size-medium\" src=\"https:\/\/vieassociative.be\/actualites\/wp-content\/uploads\/2025\/01\/LUkraine-arrete-le-transit-de-gaz-naturel-vers-lEurope.jpg\" alt=\"\" width=\"300\" height=\"193\"><\/p>\n<p class=\"wp-caption-text\">22 d\u00e9cembre 2024, Russie, Moscou : le pr\u00e9sident russe Vladimir Poutine (r) et le Premier ministre slovaque Robert Fico se serrent la main lors de leur rencontre au Kr<br \/>Photo : Gavriil Grigorov\/Spoutnik\/Kremlin Pool\/AP\/dpa<\/p>\n<\/div>\n<p>Kiev a d\u00e9cid\u00e9 de proc\u00e9der ainsi afin de priver la Russie de revenus suppl\u00e9mentaires avec lesquels le Kremlin finance \u00e9galement sa guerre d&rsquo;agression contre le pays voisin. La validit\u00e9 du contrat sign\u00e9 le 30 d\u00e9cembre 2019 a expir\u00e9 \u00e0 6h00 (CET), a indiqu\u00e9 Gazprom. La partie ukrainienne a refus\u00e9 \u00e0 plusieurs reprises de prolonger le contrat, indique le communiqu\u00e9.<\/p>\n<p>La Slovaquie, pays limitrophe de l&rsquo;Ukraine, a protest\u00e9 massivement contre la d\u00e9cision du Premier ministre de Kiev, Robert Fico, que les critiques accusent d&rsquo;avoir une position pro-russe, et a menac\u00e9 d&rsquo;arr\u00eater les livraisons d&rsquo;\u00e9lectricit\u00e9 de la Slovaquie vers l&rsquo;Ukraine.<\/p>\n<p>En r\u00e9alit\u00e9, la R\u00e9publique de Moldavie aurait \u00e9galement \u00e9t\u00e9 touch\u00e9e par l\u2019arr\u00eat du transit ukrainien. Cependant, le g\u00e9ant gazier russe Gazprom avait pr\u00e9c\u00e9demment d\u00e9cid\u00e9 de suspendre ses livraisons \u00e0 l&rsquo;ancienne r\u00e9publique sovi\u00e9tique, o\u00f9 les forces pro-europ\u00e9ennes et pro-russes se disputent le pouvoir, en raison de pr\u00e9tendues dettes. Une urgence \u00e9lectrique avait d\u00e9j\u00e0 \u00e9t\u00e9 d\u00e9clar\u00e9e en Moldavie.<\/p>\n<p>Une porte-parole de la Commission \u00e0 Bruxelles avait clairement indiqu\u00e9 \u00e0 l&rsquo;avance que l&rsquo;UE \u00e9tait pr\u00eate \u00e0 arr\u00eater le transit du gaz russe \u00e0 travers ce pays d\u00e9chir\u00e9 par la guerre. L\u2019infrastructure gazi\u00e8re europ\u00e9enne est suffisamment flexible pour acheminer du gaz d\u2019origine non russe vers l\u2019Europe centrale et orientale via des itin\u00e9raires alternatifs.<\/p>\n<p>Le gouvernement slovaque de Bratislava a \u00e9galement d\u00e9clar\u00e9 mardi qu&rsquo;il \u00e9tait pr\u00eat \u00e0 cet arr\u00eat. Les installations de stockage de gaz sont pleines \u00e0 100 pour cent et les r\u00e9serves sont suffisantes pour la nouvelle ann\u00e9e, a annonc\u00e9 le minist\u00e8re de l&rsquo;\u00c9conomie. \u00ab\u00a0Je voudrais rassurer toutes les personnes et toutes les entreprises en Slovaquie que nous sommes pr\u00e9par\u00e9s \u00e0 ce sc\u00e9nario et qu&rsquo;il n&rsquo;y a actuellement aucun risque de p\u00e9nurie de gaz\u00a0\u00bb, a d\u00e9clar\u00e9 la ministre de l&rsquo;Economie Denisa Sakova. (dpa)<\/p>\n","protected":false},"excerpt":{"rendered":"<p>Pour emp\u00eacher le chef du Kremlin, Vladimir Poutine, de remplir son tr\u00e9sor de guerre, l&rsquo;Ukraine suspend le transit du gaz naturel sur son territoire. Un<\/p>\n","protected":false},"author":1,"featured_media":3972,"comment_status":"","ping_status":"","sticky":false,"template":"","format":"standard","meta":{"footnotes":""},"categories":[298],"tags":[3276,4432,2785,3403,4433,4431,2778],"class_list":["post-3971","post","type-post","status-publish","format-standard","has-post-thumbnail","hentry","category-belgique","tag-arrete","tag-gaz","tag-leurope","tag-lukraine","tag-naturel","tag-transit","tag-vers","generate-columns","tablet-grid-50","mobile-grid-100","grid-parent","grid-33"],"yoast_head":"<!-- This site is optimized with the Yoast SEO plugin v24.0 - https:\/\/yoast.com\/wordpress\/plugins\/seo\/ -->\n<title>L&#039;Ukraine arr\u00eate le transit de gaz naturel vers l&#039;Europe | Vie Associative<\/title>\n<meta name=\"robots\" content=\"index, follow, max-snippet:-1, max-image-preview:large, max-video-preview:-1\" \/>\n<link rel=\"canonical\" href=\"https:\/\/vieassociative.be\/actualites\/lukraine-arrete-le-transit-de-gaz-naturel-vers-leurope\/\" \/>\n<meta property=\"og:locale\" content=\"fr_FR\" \/>\n<meta property=\"og:type\" content=\"article\" \/>\n<meta property=\"og:title\" content=\"L&#039;Ukraine arr\u00eate le transit de gaz naturel vers l&#039;Europe | Vie Associative\" \/>\n<meta property=\"og:description\" content=\"Pour emp\u00eacher le chef du Kremlin, Vladimir Poutine, de remplir son tr\u00e9sor de guerre, l&rsquo;Ukraine suspend le transit du gaz naturel sur son territoire. Un\" \/>\n<meta property=\"og:url\" content=\"https:\/\/vieassociative.be\/actualites\/lukraine-arrete-le-transit-de-gaz-naturel-vers-leurope\/\" \/>\n<meta property=\"og:site_name\" content=\"Vie Associative\" \/>\n<meta property=\"article:published_time\" content=\"2025-01-02T08:21:24+00:00\" \/>\n<meta property=\"og:image\" content=\"https:\/\/vieassociative.be\/actualites\/wp-content\/uploads\/2024\/09\/header_backgroundk-01-e1726694325946.png\" \/>\n\t<meta property=\"og:image:width\" content=\"279\" \/>\n\t<meta property=\"og:image:height\" content=\"92\" \/>\n\t<meta property=\"og:image:type\" content=\"image\/png\" \/>\n<meta name=\"author\" content=\"Julien\" \/>\n<meta name=\"twitter:card\" content=\"summary_large_image\" \/>\n<meta name=\"twitter:label1\" content=\"\u00c9crit par\" \/>\n\t<meta name=\"twitter:data1\" content=\"Julien\" \/>\n\t<meta name=\"twitter:label2\" content=\"Dur\u00e9e de lecture est.\" \/>\n\t<meta name=\"twitter:data2\" content=\"2 minutes\" \/>\n<script type=\"application\/ld+json\" class=\"yoast-schema-graph\">{\"@context\":\"https:\/\/schema.org\",\"@graph\":[{\"@type\":\"Article\",\"@id\":\"https:\/\/vieassociative.be\/actualites\/lukraine-arrete-le-transit-de-gaz-naturel-vers-leurope\/#article\",\"isPartOf\":{\"@id\":\"https:\/\/vieassociative.be\/actualites\/lukraine-arrete-le-transit-de-gaz-naturel-vers-leurope\/\"},\"author\":{\"name\":\"Julien\",\"@id\":\"https:\/\/vieassociative.be\/actualites\/#\/schema\/person\/b87ac4f82f9d4e7b7cec7395b679edc4\"},\"headline\":\"L&rsquo;Ukraine arr\u00eate le transit de gaz naturel vers l&rsquo;Europe\",\"datePublished\":\"2025-01-02T08:21:24+00:00\",\"dateModified\":\"2025-01-02T08:21:24+00:00\",\"mainEntityOfPage\":{\"@id\":\"https:\/\/vieassociative.be\/actualites\/lukraine-arrete-le-transit-de-gaz-naturel-vers-leurope\/\"},\"wordCount\":519,\"publisher\":{\"@id\":\"https:\/\/vieassociative.be\/actualites\/#organization\"},\"image\":{\"@id\":\"https:\/\/vieassociative.be\/actualites\/lukraine-arrete-le-transit-de-gaz-naturel-vers-leurope\/#primaryimage\"},\"thumbnailUrl\":\"https:\/\/vieassociative.be\/actualites\/wp-content\/uploads\/2025\/01\/1735806084_LUkraine-arrete-le-transit-de-gaz-naturel-vers-lEurope.jpg\",\"keywords\":[\"arr\u00eate\",\"gaz\",\"lEurope\",\"lUkraine\",\"naturel\",\"transit\",\"vers\"],\"articleSection\":[\"Belgique\"],\"inLanguage\":\"fr-BE\"},{\"@type\":\"WebPage\",\"@id\":\"https:\/\/vieassociative.be\/actualites\/lukraine-arrete-le-transit-de-gaz-naturel-vers-leurope\/\",\"url\":\"https:\/\/vieassociative.be\/actualites\/lukraine-arrete-le-transit-de-gaz-naturel-vers-leurope\/\",\"name\":\"L'Ukraine arr\u00eate le transit de gaz naturel vers l'Europe | Vie Associative\",\"isPartOf\":{\"@id\":\"https:\/\/vieassociative.be\/actualites\/#website\"},\"primaryImageOfPage\":{\"@id\":\"https:\/\/vieassociative.be\/actualites\/lukraine-arrete-le-transit-de-gaz-naturel-vers-leurope\/#primaryimage\"},\"image\":{\"@id\":\"https:\/\/vieassociative.be\/actualites\/lukraine-arrete-le-transit-de-gaz-naturel-vers-leurope\/#primaryimage\"},\"thumbnailUrl\":\"https:\/\/vieassociative.be\/actualites\/wp-content\/uploads\/2025\/01\/1735806084_LUkraine-arrete-le-transit-de-gaz-naturel-vers-lEurope.jpg\",\"datePublished\":\"2025-01-02T08:21:24+00:00\",\"dateModified\":\"2025-01-02T08:21:24+00:00\",\"breadcrumb\":{\"@id\":\"https:\/\/vieassociative.be\/actualites\/lukraine-arrete-le-transit-de-gaz-naturel-vers-leurope\/#breadcrumb\"},\"inLanguage\":\"fr-BE\",\"potentialAction\":[{\"@type\":\"ReadAction\",\"target\":[\"https:\/\/vieassociative.be\/actualites\/lukraine-arrete-le-transit-de-gaz-naturel-vers-leurope\/\"]}]},{\"@type\":\"ImageObject\",\"inLanguage\":\"fr-BE\",\"@id\":\"https:\/\/vieassociative.be\/actualites\/lukraine-arrete-le-transit-de-gaz-naturel-vers-leurope\/#primaryimage\",\"url\":\"https:\/\/vieassociative.be\/actualites\/wp-content\/uploads\/2025\/01\/1735806084_LUkraine-arrete-le-transit-de-gaz-naturel-vers-lEurope.jpg\",\"contentUrl\":\"https:\/\/vieassociative.be\/actualites\/wp-content\/uploads\/2025\/01\/1735806084_LUkraine-arrete-le-transit-de-gaz-naturel-vers-lEurope.jpg\",\"width\":1200,\"height\":464,\"caption\":\"L'Ukraine arr\u00eate le transit de gaz naturel vers l'Europe\"},{\"@type\":\"BreadcrumbList\",\"@id\":\"https:\/\/vieassociative.be\/actualites\/lukraine-arrete-le-transit-de-gaz-naturel-vers-leurope\/#breadcrumb\",\"itemListElement\":[{\"@type\":\"ListItem\",\"position\":1,\"name\":\"Accueil\",\"item\":\"https:\/\/vieassociative.be\/actualites\/\"},{\"@type\":\"ListItem\",\"position\":2,\"name\":\"L&rsquo;Ukraine arr\u00eate le transit de gaz naturel vers l&rsquo;Europe\"}]},{\"@type\":\"WebSite\",\"@id\":\"https:\/\/vieassociative.be\/actualites\/#website\",\"url\":\"https:\/\/vieassociative.be\/actualites\/\",\"name\":\"Vie Associative\",\"description\":\"\",\"publisher\":{\"@id\":\"https:\/\/vieassociative.be\/actualites\/#organization\"},\"potentialAction\":[{\"@type\":\"SearchAction\",\"target\":{\"@type\":\"EntryPoint\",\"urlTemplate\":\"https:\/\/vieassociative.be\/actualites\/?s={search_term_string}\"},\"query-input\":{\"@type\":\"PropertyValueSpecification\",\"valueRequired\":true,\"valueName\":\"search_term_string\"}}],\"inLanguage\":\"fr-BE\"},{\"@type\":\"Organization\",\"@id\":\"https:\/\/vieassociative.be\/actualites\/#organization\",\"name\":\"Vie Associative\",\"url\":\"https:\/\/vieassociative.be\/actualites\/\",\"logo\":{\"@type\":\"ImageObject\",\"inLanguage\":\"fr-BE\",\"@id\":\"https:\/\/vieassociative.be\/actualites\/#\/schema\/logo\/image\/\",\"url\":\"https:\/\/vieassociative.be\/actualites\/wp-content\/uploads\/2024\/09\/cropped-vieassociative_favicon.ico.png\",\"contentUrl\":\"https:\/\/vieassociative.be\/actualites\/wp-content\/uploads\/2024\/09\/cropped-vieassociative_favicon.ico.png\",\"width\":512,\"height\":512,\"caption\":\"Vie Associative\"},\"image\":{\"@id\":\"https:\/\/vieassociative.be\/actualites\/#\/schema\/logo\/image\/\"}},{\"@type\":\"Person\",\"@id\":\"https:\/\/vieassociative.be\/actualites\/#\/schema\/person\/b87ac4f82f9d4e7b7cec7395b679edc4\",\"name\":\"Julien\",\"image\":{\"@type\":\"ImageObject\",\"inLanguage\":\"fr-BE\",\"@id\":\"https:\/\/vieassociative.be\/actualites\/#\/schema\/person\/image\/\",\"url\":\"https:\/\/vieassociative.be\/actualites\/wp-content\/uploads\/2024\/09\/vie-associative-1-150x150.jpg\",\"contentUrl\":\"https:\/\/vieassociative.be\/actualites\/wp-content\/uploads\/2024\/09\/vie-associative-1-150x150.jpg\",\"caption\":\"Julien\"},\"description\":\"Je suis Julien, r\u00e9dacteur pour Vie Associative. Passionn\u00e9 par le monde associatif depuis plus de 10 ans, j'ai \u00e0 c\u0153ur de partager des histoires inspirantes et de mettre en lumi\u00e8re les initiatives locales. Mon objectif est de sensibiliser et d'encourager l'engagement communautaire \u00e0 travers mes articles.\",\"sameAs\":[\"https:\/\/vieassociative.be\/\"]}]}<\/script>\n<!-- \/ Yoast SEO plugin. -->","yoast_head_json":{"title":"L'Ukraine arr\u00eate le transit de gaz naturel vers l'Europe | Vie Associative","robots":{"index":"index","follow":"follow","max-snippet":"max-snippet:-1","max-image-preview":"max-image-preview:large","max-video-preview":"max-video-preview:-1"},"canonical":"https:\/\/vieassociative.be\/actualites\/lukraine-arrete-le-transit-de-gaz-naturel-vers-leurope\/","og_locale":"fr_FR","og_type":"article","og_title":"L'Ukraine arr\u00eate le transit de gaz naturel vers l'Europe | Vie Associative","og_description":"Pour emp\u00eacher le chef du Kremlin, Vladimir Poutine, de remplir son tr\u00e9sor de guerre, l&rsquo;Ukraine suspend le transit du gaz naturel sur son territoire. Un","og_url":"https:\/\/vieassociative.be\/actualites\/lukraine-arrete-le-transit-de-gaz-naturel-vers-leurope\/","og_site_name":"Vie Associative","article_published_time":"2025-01-02T08:21:24+00:00","og_image":[{"width":279,"height":92,"url":"https:\/\/vieassociative.be\/actualites\/wp-content\/uploads\/2024\/09\/header_backgroundk-01-e1726694325946.png","type":"image\/png"}],"author":"Julien","twitter_card":"summary_large_image","twitter_misc":{"\u00c9crit par":"Julien","Dur\u00e9e de lecture est.":"2 minutes"},"schema":{"@context":"https:\/\/schema.org","@graph":[{"@type":"Article","@id":"https:\/\/vieassociative.be\/actualites\/lukraine-arrete-le-transit-de-gaz-naturel-vers-leurope\/#article","isPartOf":{"@id":"https:\/\/vieassociative.be\/actualites\/lukraine-arrete-le-transit-de-gaz-naturel-vers-leurope\/"},"author":{"name":"Julien","@id":"https:\/\/vieassociative.be\/actualites\/#\/schema\/person\/b87ac4f82f9d4e7b7cec7395b679edc4"},"headline":"L&rsquo;Ukraine arr\u00eate le transit de gaz naturel vers l&rsquo;Europe","datePublished":"2025-01-02T08:21:24+00:00","dateModified":"2025-01-02T08:21:24+00:00","mainEntityOfPage":{"@id":"https:\/\/vieassociative.be\/actualites\/lukraine-arrete-le-transit-de-gaz-naturel-vers-leurope\/"},"wordCount":519,"publisher":{"@id":"https:\/\/vieassociative.be\/actualites\/#organization"},"image":{"@id":"https:\/\/vieassociative.be\/actualites\/lukraine-arrete-le-transit-de-gaz-naturel-vers-leurope\/#primaryimage"},"thumbnailUrl":"https:\/\/vieassociative.be\/actualites\/wp-content\/uploads\/2025\/01\/1735806084_LUkraine-arrete-le-transit-de-gaz-naturel-vers-lEurope.jpg","keywords":["arr\u00eate","gaz","lEurope","lUkraine","naturel","transit","vers"],"articleSection":["Belgique"],"inLanguage":"fr-BE"},{"@type":"WebPage","@id":"https:\/\/vieassociative.be\/actualites\/lukraine-arrete-le-transit-de-gaz-naturel-vers-leurope\/","url":"https:\/\/vieassociative.be\/actualites\/lukraine-arrete-le-transit-de-gaz-naturel-vers-leurope\/","name":"L'Ukraine arr\u00eate le transit de gaz naturel vers l'Europe | Vie Associative","isPartOf":{"@id":"https:\/\/vieassociative.be\/actualites\/#website"},"primaryImageOfPage":{"@id":"https:\/\/vieassociative.be\/actualites\/lukraine-arrete-le-transit-de-gaz-naturel-vers-leurope\/#primaryimage"},"image":{"@id":"https:\/\/vieassociative.be\/actualites\/lukraine-arrete-le-transit-de-gaz-naturel-vers-leurope\/#primaryimage"},"thumbnailUrl":"https:\/\/vieassociative.be\/actualites\/wp-content\/uploads\/2025\/01\/1735806084_LUkraine-arrete-le-transit-de-gaz-naturel-vers-lEurope.jpg","datePublished":"2025-01-02T08:21:24+00:00","dateModified":"2025-01-02T08:21:24+00:00","breadcrumb":{"@id":"https:\/\/vieassociative.be\/actualites\/lukraine-arrete-le-transit-de-gaz-naturel-vers-leurope\/#breadcrumb"},"inLanguage":"fr-BE","potentialAction":[{"@type":"ReadAction","target":["https:\/\/vieassociative.be\/actualites\/lukraine-arrete-le-transit-de-gaz-naturel-vers-leurope\/"]}]},{"@type":"ImageObject","inLanguage":"fr-BE","@id":"https:\/\/vieassociative.be\/actualites\/lukraine-arrete-le-transit-de-gaz-naturel-vers-leurope\/#primaryimage","url":"https:\/\/vieassociative.be\/actualites\/wp-content\/uploads\/2025\/01\/1735806084_LUkraine-arrete-le-transit-de-gaz-naturel-vers-lEurope.jpg","contentUrl":"https:\/\/vieassociative.be\/actualites\/wp-content\/uploads\/2025\/01\/1735806084_LUkraine-arrete-le-transit-de-gaz-naturel-vers-lEurope.jpg","width":1200,"height":464,"caption":"L'Ukraine arr\u00eate le transit de gaz naturel vers l'Europe"},{"@type":"BreadcrumbList","@id":"https:\/\/vieassociative.be\/actualites\/lukraine-arrete-le-transit-de-gaz-naturel-vers-leurope\/#breadcrumb","itemListElement":[{"@type":"ListItem","position":1,"name":"Accueil","item":"https:\/\/vieassociative.be\/actualites\/"},{"@type":"ListItem","position":2,"name":"L&rsquo;Ukraine arr\u00eate le transit de gaz naturel vers l&rsquo;Europe"}]},{"@type":"WebSite","@id":"https:\/\/vieassociative.be\/actualites\/#website","url":"https:\/\/vieassociative.be\/actualites\/","name":"Vie Associative","description":"","publisher":{"@id":"https:\/\/vieassociative.be\/actualites\/#organization"},"potentialAction":[{"@type":"SearchAction","target":{"@type":"EntryPoint","urlTemplate":"https:\/\/vieassociative.be\/actualites\/?s={search_term_string}"},"query-input":{"@type":"PropertyValueSpecification","valueRequired":true,"valueName":"search_term_string"}}],"inLanguage":"fr-BE"},{"@type":"Organization","@id":"https:\/\/vieassociative.be\/actualites\/#organization","name":"Vie Associative","url":"https:\/\/vieassociative.be\/actualites\/","logo":{"@type":"ImageObject","inLanguage":"fr-BE","@id":"https:\/\/vieassociative.be\/actualites\/#\/schema\/logo\/image\/","url":"https:\/\/vieassociative.be\/actualites\/wp-content\/uploads\/2024\/09\/cropped-vieassociative_favicon.ico.png","contentUrl":"https:\/\/vieassociative.be\/actualites\/wp-content\/uploads\/2024\/09\/cropped-vieassociative_favicon.ico.png","width":512,"height":512,"caption":"Vie Associative"},"image":{"@id":"https:\/\/vieassociative.be\/actualites\/#\/schema\/logo\/image\/"}},{"@type":"Person","@id":"https:\/\/vieassociative.be\/actualites\/#\/schema\/person\/b87ac4f82f9d4e7b7cec7395b679edc4","name":"Julien","image":{"@type":"ImageObject","inLanguage":"fr-BE","@id":"https:\/\/vieassociative.be\/actualites\/#\/schema\/person\/image\/","url":"https:\/\/vieassociative.be\/actualites\/wp-content\/uploads\/2024\/09\/vie-associative-1-150x150.jpg","contentUrl":"https:\/\/vieassociative.be\/actualites\/wp-content\/uploads\/2024\/09\/vie-associative-1-150x150.jpg","caption":"Julien"},"description":"Je suis Julien, r\u00e9dacteur pour Vie Associative. Passionn\u00e9 par le monde associatif depuis plus de 10 ans, j'ai \u00e0 c\u0153ur de partager des histoires inspirantes et de mettre en lumi\u00e8re les initiatives locales. Mon objectif est de sensibiliser et d'encourager l'engagement communautaire \u00e0 travers mes articles.","sameAs":["https:\/\/vieassociative.be\/"]}]}},"_links":{"self":[{"href":"https:\/\/vieassociative.be\/actualites\/wp-json\/wp\/v2\/posts\/3971"}],"collection":[{"href":"https:\/\/vieassociative.be\/actualites\/wp-json\/wp\/v2\/posts"}],"about":[{"href":"https:\/\/vieassociative.be\/actualites\/wp-json\/wp\/v2\/types\/post"}],"author":[{"embeddable":true,"href":"https:\/\/vieassociative.be\/actualites\/wp-json\/wp\/v2\/users\/1"}],"replies":[{"embeddable":true,"href":"https:\/\/vieassociative.be\/actualites\/wp-json\/wp\/v2\/comments?post=3971"}],"version-history":[{"count":0,"href":"https:\/\/vieassociative.be\/actualites\/wp-json\/wp\/v2\/posts\/3971\/revisions"}],"wp:featuredmedia":[{"embeddable":true,"href":"https:\/\/vieassociative.be\/actualites\/wp-json\/wp\/v2\/media\/3972"}],"wp:attachment":[{"href":"https:\/\/vieassociative.be\/actualites\/wp-json\/wp\/v2\/media?parent=3971"}],"wp:term":[{"taxonomy":"category","embeddable":true,"href":"https:\/\/vieassociative.be\/actualites\/wp-json\/wp\/v2\/categories?post=3971"},{"taxonomy":"post_tag","embeddable":true,"href":"https:\/\/vieassociative.be\/actualites\/wp-json\/wp\/v2\/tags?post=3971"}],"curies":[{"name":"wp","href":"https:\/\/api.w.org\/{rel}","templated":true}]}}