{"id":397,"date":"2024-09-24T08:59:13","date_gmt":"2024-09-24T06:59:13","guid":{"rendered":"https:\/\/vieassociative.be\/actualites\/en-fait-vous-devriez-essayer-un-ventilateur-de-plafond-sans-pales\/"},"modified":"2024-09-24T08:59:13","modified_gmt":"2024-09-24T06:59:13","slug":"en-fait-vous-devriez-essayer-un-ventilateur-de-plafond-sans-pales","status":"publish","type":"post","link":"https:\/\/vieassociative.be\/actualites\/en-fait-vous-devriez-essayer-un-ventilateur-de-plafond-sans-pales\/","title":{"rendered":"En fait, vous devriez essayer un ventilateur de plafond sans pales"},"content":{"rendered":"<div class=\"mt-4 leading-6 md:mb-8\">Moins de poussi\u00e8re, moins de bruit, plus s\u00fbr et plus \u00e9conome en \u00e9nergie : les ventilateurs de plafond sans pales peuvent valoir leur prix \u00e9lev\u00e9.<\/div>\n<p><\/p>\n<p>Les ventilateurs de plafond sont des appareils puissants qui rendent votre maison plus confortable (du moins lorsqu&rsquo;ils sont correctement calibr\u00e9s). Par temps chaud, ils font circuler l&rsquo;air et produisent un effet de \u00ab refroidissement \u00e9olien \u00bb qui donne \u00e0 votre maison une sensation de fra\u00eecheur. Pendant les mois les plus froids, vous pouvez inverser le sens du ventilateur pour \u00e9quilibrer la chaleur et \u00e9viter la formation de \u00ab poches \u00bb froides.<\/p>\n<p>Mais les ventilateurs de plafond traditionnels ont aussi leurs inconv\u00e9nients. Ils se salissent rapidement et leur nettoyage n&rsquo;est pas une partie de plaisir. Ils peuvent aussi \u00eatre dangereux : il n&rsquo;est pas rare qu&rsquo;un vieux ventilateur de plafond ou un ventilateur mal install\u00e9 tombe sur des personnes sans m\u00e9fiance, car les pales d\u00e9s\u00e9quilibr\u00e9es peuvent provoquer un vacillement qui finit par compromettre sa fixation au plafond ou envoyer ces pales dans les airs comme des missiles. <\/p>\n<p>Mais il existe une alternative aux probl\u00e8mes d&rsquo;entretien et de s\u00e9curit\u00e9 du ventilateur de plafond traditionnel : le ventilateur de plafond sans pales.<\/p>\n<h2 id=\"self-contained\">Autonome<\/h2>\n<p>Si vous avez d\u00e9j\u00e0 vu un de ces ventilateurs sans pales Dyson, vous connaissez la technologie de base \u00e0 l&rsquo;\u0153uvre. Un ventilateur sans pales utilise des moteurs pour aspirer l&rsquo;air dans une base, l&rsquo;injecter dans un tube, puis l&rsquo;expulser vers l&rsquo;ext\u00e9rieur. Au lieu du flux d&rsquo;air semblable \u00e0 une brise d&rsquo;un ventilateur traditionnel, le flux d&rsquo;air d&rsquo;un ventilateur sans pales est g\u00e9n\u00e9ralement plus r\u00e9gulier et moins g\u00eanant, mais il offre toujours les m\u00eames effets de modification de la temp\u00e9rature. Il n&rsquo;y a cependant aucune pi\u00e8ce mobile visible ; le ventilateur ressemble g\u00e9n\u00e9ralement davantage \u00e0 un luminaire (et dispose g\u00e9n\u00e9ralement \u00e9galement d&rsquo;un \u00e9l\u00e9ment d&rsquo;\u00e9clairage LED int\u00e9gr\u00e9).<\/p>\n<p>Ces ventilateurs sont disponibles dans une grande vari\u00e9t\u00e9 de styles et, m\u00eame s&rsquo;ils ont tendance \u00e0 \u00eatre l\u00e9g\u00e8rement plus chers que les ventilateurs traditionnels, la diff\u00e9rence de prix n&rsquo;est pas \u00e9norme. Un ventilateur de plafond sans pales offre plusieurs avantages par rapport \u00e0 un ventilateur \u00e0 pales :<\/p>\n<ul>\n<li>\n<p><strong>Plus silencieux.<\/strong> Les ventilateurs sans pales sont tr\u00e8s silencieux par rapport au bruit de cliquetis que font beaucoup de ventilateurs de plafond. En r\u00e8gle g\u00e9n\u00e9rale, la plupart des ventilateurs sans pales \u00e9mettent juste un l\u00e9ger bourdonnement qui dispara\u00eet rapidement. <\/p>\n<\/li>\n<li>\n<p><strong>Plus efficace.<\/strong> Les ventilateurs de plafond sans pales sont plus \u00e9conomes en \u00e9nergie en raison de leur mode de fonctionnement : au lieu de simplement pousser l&rsquo;air vers le haut ou vers le bas, ils aspirent l&rsquo;air vers l&rsquo;int\u00e9rieur puis le poussent vers l&rsquo;ext\u00e9rieur. Il en r\u00e9sulte un flux d&rsquo;air plus r\u00e9gulier et plus uniforme qui peut refroidir une pi\u00e8ce beaucoup plus rapidement qu&rsquo;un ventilateur ordinaire. Leur conception compacte consomme \u00e9galement moins d&rsquo;\u00e9nergie que les ventilateurs traditionnels. <\/p>\n<\/li>\n<li>\n<p><strong>Plus s\u00fbr.<\/strong> Comme il n&rsquo;y a aucune pi\u00e8ce mobile \u00e0 l&rsquo;ext\u00e9rieur de la base, le risque de blessure avec un ventilateur sans pale est quasiment nul. Il ne projettera certainement pas une pale dans les airs, et vous devrez enfoncer vos doigts dans le bo\u00eetier pour vous exposer \u00e0 une pi\u00e8ce mobile. Ils produisent \u00e9galement beaucoup moins de vibrations, ce qui r\u00e9duit les risques de se d\u00e9tacher et de s&rsquo;\u00e9craser sur vous. <\/p>\n<\/li>\n<li>\n<p><strong>Plus d&rsquo;options.<\/strong> Comme ils ne sont pas dot\u00e9s de pales mobiles, vous pouvez \u00e9galement envisager d&rsquo;installer un ventilateur de plafond sans pales dans davantage d&rsquo;endroits que les ventilateurs traditionnels. Les pi\u00e8ces \u00e0 plafond bas peuvent toujours accueillir un ventilateur sans pales sans entraver votre capacit\u00e9 \u00e0 utiliser la pi\u00e8ce confortablement. <\/p>\n<\/li>\n<li>\n<p><strong>Moins d&rsquo;entretien. <\/strong>Comme ils ne sont pas dot\u00e9s de pales qui s&rsquo;encrassent de poussi\u00e8re, de graisse et d&rsquo;autres salet\u00e9s, il est beaucoup plus facile de garder un ventilateur de plafond sans pales propre qu&rsquo;un ventilateur de plafond traditionnel. Les mod\u00e8les varient, mais dans la plupart des cas, il vous suffira d&rsquo;essuyer l&rsquo;appareil de temps en temps. <\/p>\n<\/li>\n<li>\n<p><strong>Am\u00e9lioration de la qualit\u00e9 de l&rsquo;air.<\/strong> Certains mod\u00e8les de ventilateurs de plafond sans pales sont \u00e9quip\u00e9s de filtres HEPA (High Energy Particulate Air) int\u00e9gr\u00e9s, qui retiennent les particules dans l&rsquo;air, ce qui permet d&rsquo;obtenir un air plus pur dans votre maison. C&rsquo;est quelque chose qu&rsquo;un ventilateur \u00e0 pales ordinaire ne peut pas faire.<\/p>\n<\/li>\n<\/ul>\n","protected":false},"excerpt":{"rendered":"<p>Moins de poussi\u00e8re, moins de bruit, plus s\u00fbr et plus \u00e9conome en \u00e9nergie : les ventilateurs de plafond sans pales peuvent valoir leur prix \u00e9lev\u00e9.<\/p>\n","protected":false},"author":1,"featured_media":398,"comment_status":"","ping_status":"","sticky":false,"template":"","format":"standard","meta":{"footnotes":""},"categories":[40],"tags":[636,246,635,639,638,130,637,4],"class_list":["post-397","post","type-post","status-publish","format-standard","has-post-thumbnail","hentry","category-maison","tag-devriez","tag-essayer","tag-fait","tag-pales","tag-plafond","tag-sans","tag-ventilateur","tag-vous","generate-columns","tablet-grid-50","mobile-grid-100","grid-parent","grid-33"],"yoast_head":"<!-- This site is optimized with the Yoast SEO plugin v24.0 - https:\/\/yoast.com\/wordpress\/plugins\/seo\/ -->\n<title>En fait, vous devriez essayer un ventilateur de plafond sans pales | Vie Associative<\/title>\n<meta name=\"robots\" content=\"index, follow, max-snippet:-1, max-image-preview:large, max-video-preview:-1\" \/>\n<link rel=\"canonical\" href=\"https:\/\/vieassociative.be\/actualites\/en-fait-vous-devriez-essayer-un-ventilateur-de-plafond-sans-pales\/\" \/>\n<meta property=\"og:locale\" content=\"fr_FR\" \/>\n<meta property=\"og:type\" content=\"article\" \/>\n<meta property=\"og:title\" content=\"En fait, vous devriez essayer un ventilateur de plafond sans pales | Vie Associative\" \/>\n<meta property=\"og:description\" content=\"Moins de poussi\u00e8re, moins de bruit, plus s\u00fbr et plus \u00e9conome en \u00e9nergie : les ventilateurs de plafond sans pales peuvent valoir leur prix \u00e9lev\u00e9.\" \/>\n<meta property=\"og:url\" content=\"https:\/\/vieassociative.be\/actualites\/en-fait-vous-devriez-essayer-un-ventilateur-de-plafond-sans-pales\/\" \/>\n<meta property=\"og:site_name\" content=\"Vie Associative\" \/>\n<meta property=\"article:published_time\" content=\"2024-09-24T06:59:13+00:00\" \/>\n<meta property=\"og:image\" content=\"https:\/\/vieassociative.be\/actualites\/wp-content\/uploads\/2024\/09\/header_backgroundk-01-e1726694325946.png\" \/>\n\t<meta property=\"og:image:width\" content=\"279\" \/>\n\t<meta property=\"og:image:height\" content=\"92\" \/>\n\t<meta property=\"og:image:type\" content=\"image\/png\" \/>\n<meta name=\"author\" content=\"Julien\" \/>\n<meta name=\"twitter:card\" content=\"summary_large_image\" \/>\n<meta name=\"twitter:label1\" content=\"\u00c9crit par\" \/>\n\t<meta name=\"twitter:data1\" content=\"Julien\" \/>\n\t<meta name=\"twitter:label2\" content=\"Dur\u00e9e de lecture est.\" \/>\n\t<meta name=\"twitter:data2\" content=\"4 minutes\" \/>\n<script type=\"application\/ld+json\" class=\"yoast-schema-graph\">{\"@context\":\"https:\/\/schema.org\",\"@graph\":[{\"@type\":\"Article\",\"@id\":\"https:\/\/vieassociative.be\/actualites\/en-fait-vous-devriez-essayer-un-ventilateur-de-plafond-sans-pales\/#article\",\"isPartOf\":{\"@id\":\"https:\/\/vieassociative.be\/actualites\/en-fait-vous-devriez-essayer-un-ventilateur-de-plafond-sans-pales\/\"},\"author\":{\"name\":\"Julien\",\"@id\":\"https:\/\/vieassociative.be\/actualites\/#\/schema\/person\/b87ac4f82f9d4e7b7cec7395b679edc4\"},\"headline\":\"En fait, vous devriez essayer un ventilateur de plafond sans pales\",\"datePublished\":\"2024-09-24T06:59:13+00:00\",\"dateModified\":\"2024-09-24T06:59:13+00:00\",\"mainEntityOfPage\":{\"@id\":\"https:\/\/vieassociative.be\/actualites\/en-fait-vous-devriez-essayer-un-ventilateur-de-plafond-sans-pales\/\"},\"wordCount\":789,\"publisher\":{\"@id\":\"https:\/\/vieassociative.be\/actualites\/#organization\"},\"image\":{\"@id\":\"https:\/\/vieassociative.be\/actualites\/en-fait-vous-devriez-essayer-un-ventilateur-de-plafond-sans-pales\/#primaryimage\"},\"thumbnailUrl\":\"https:\/\/vieassociative.be\/actualites\/wp-content\/uploads\/2024\/09\/En-fait-vous-devriez-essayer-un-ventilateur-de-plafond-sans.jpg\",\"keywords\":[\"devriez\",\"essayer\",\"fait\",\"pales\",\"plafond\",\"sans\",\"ventilateur\",\"Vous\"],\"articleSection\":[\"Maison\"],\"inLanguage\":\"fr-BE\"},{\"@type\":\"WebPage\",\"@id\":\"https:\/\/vieassociative.be\/actualites\/en-fait-vous-devriez-essayer-un-ventilateur-de-plafond-sans-pales\/\",\"url\":\"https:\/\/vieassociative.be\/actualites\/en-fait-vous-devriez-essayer-un-ventilateur-de-plafond-sans-pales\/\",\"name\":\"En fait, vous devriez essayer un ventilateur de plafond sans pales | Vie Associative\",\"isPartOf\":{\"@id\":\"https:\/\/vieassociative.be\/actualites\/#website\"},\"primaryImageOfPage\":{\"@id\":\"https:\/\/vieassociative.be\/actualites\/en-fait-vous-devriez-essayer-un-ventilateur-de-plafond-sans-pales\/#primaryimage\"},\"image\":{\"@id\":\"https:\/\/vieassociative.be\/actualites\/en-fait-vous-devriez-essayer-un-ventilateur-de-plafond-sans-pales\/#primaryimage\"},\"thumbnailUrl\":\"https:\/\/vieassociative.be\/actualites\/wp-content\/uploads\/2024\/09\/En-fait-vous-devriez-essayer-un-ventilateur-de-plafond-sans.jpg\",\"datePublished\":\"2024-09-24T06:59:13+00:00\",\"dateModified\":\"2024-09-24T06:59:13+00:00\",\"breadcrumb\":{\"@id\":\"https:\/\/vieassociative.be\/actualites\/en-fait-vous-devriez-essayer-un-ventilateur-de-plafond-sans-pales\/#breadcrumb\"},\"inLanguage\":\"fr-BE\",\"potentialAction\":[{\"@type\":\"ReadAction\",\"target\":[\"https:\/\/vieassociative.be\/actualites\/en-fait-vous-devriez-essayer-un-ventilateur-de-plafond-sans-pales\/\"]}]},{\"@type\":\"ImageObject\",\"inLanguage\":\"fr-BE\",\"@id\":\"https:\/\/vieassociative.be\/actualites\/en-fait-vous-devriez-essayer-un-ventilateur-de-plafond-sans-pales\/#primaryimage\",\"url\":\"https:\/\/vieassociative.be\/actualites\/wp-content\/uploads\/2024\/09\/En-fait-vous-devriez-essayer-un-ventilateur-de-plafond-sans.jpg\",\"contentUrl\":\"https:\/\/vieassociative.be\/actualites\/wp-content\/uploads\/2024\/09\/En-fait-vous-devriez-essayer-un-ventilateur-de-plafond-sans.jpg\",\"width\":1200,\"height\":675,\"caption\":\"En fait, vous devriez essayer un ventilateur de plafond sans pales\"},{\"@type\":\"BreadcrumbList\",\"@id\":\"https:\/\/vieassociative.be\/actualites\/en-fait-vous-devriez-essayer-un-ventilateur-de-plafond-sans-pales\/#breadcrumb\",\"itemListElement\":[{\"@type\":\"ListItem\",\"position\":1,\"name\":\"Accueil\",\"item\":\"https:\/\/vieassociative.be\/actualites\/\"},{\"@type\":\"ListItem\",\"position\":2,\"name\":\"En fait, vous devriez essayer un ventilateur de plafond sans pales\"}]},{\"@type\":\"WebSite\",\"@id\":\"https:\/\/vieassociative.be\/actualites\/#website\",\"url\":\"https:\/\/vieassociative.be\/actualites\/\",\"name\":\"Vie Associative\",\"description\":\"\",\"publisher\":{\"@id\":\"https:\/\/vieassociative.be\/actualites\/#organization\"},\"potentialAction\":[{\"@type\":\"SearchAction\",\"target\":{\"@type\":\"EntryPoint\",\"urlTemplate\":\"https:\/\/vieassociative.be\/actualites\/?s={search_term_string}\"},\"query-input\":{\"@type\":\"PropertyValueSpecification\",\"valueRequired\":true,\"valueName\":\"search_term_string\"}}],\"inLanguage\":\"fr-BE\"},{\"@type\":\"Organization\",\"@id\":\"https:\/\/vieassociative.be\/actualites\/#organization\",\"name\":\"Vie Associative\",\"url\":\"https:\/\/vieassociative.be\/actualites\/\",\"logo\":{\"@type\":\"ImageObject\",\"inLanguage\":\"fr-BE\",\"@id\":\"https:\/\/vieassociative.be\/actualites\/#\/schema\/logo\/image\/\",\"url\":\"https:\/\/vieassociative.be\/actualites\/wp-content\/uploads\/2024\/09\/cropped-vieassociative_favicon.ico.png\",\"contentUrl\":\"https:\/\/vieassociative.be\/actualites\/wp-content\/uploads\/2024\/09\/cropped-vieassociative_favicon.ico.png\",\"width\":512,\"height\":512,\"caption\":\"Vie Associative\"},\"image\":{\"@id\":\"https:\/\/vieassociative.be\/actualites\/#\/schema\/logo\/image\/\"}},{\"@type\":\"Person\",\"@id\":\"https:\/\/vieassociative.be\/actualites\/#\/schema\/person\/b87ac4f82f9d4e7b7cec7395b679edc4\",\"name\":\"Julien\",\"image\":{\"@type\":\"ImageObject\",\"inLanguage\":\"fr-BE\",\"@id\":\"https:\/\/vieassociative.be\/actualites\/#\/schema\/person\/image\/\",\"url\":\"https:\/\/vieassociative.be\/actualites\/wp-content\/uploads\/2024\/09\/vie-associative-1-150x150.jpg\",\"contentUrl\":\"https:\/\/vieassociative.be\/actualites\/wp-content\/uploads\/2024\/09\/vie-associative-1-150x150.jpg\",\"caption\":\"Julien\"},\"description\":\"Je suis Julien, r\u00e9dacteur pour Vie Associative. Passionn\u00e9 par le monde associatif depuis plus de 10 ans, j'ai \u00e0 c\u0153ur de partager des histoires inspirantes et de mettre en lumi\u00e8re les initiatives locales. Mon objectif est de sensibiliser et d'encourager l'engagement communautaire \u00e0 travers mes articles.\",\"sameAs\":[\"https:\/\/vieassociative.be\/\"]}]}<\/script>\n<!-- \/ Yoast SEO plugin. -->","yoast_head_json":{"title":"En fait, vous devriez essayer un ventilateur de plafond sans pales | Vie Associative","robots":{"index":"index","follow":"follow","max-snippet":"max-snippet:-1","max-image-preview":"max-image-preview:large","max-video-preview":"max-video-preview:-1"},"canonical":"https:\/\/vieassociative.be\/actualites\/en-fait-vous-devriez-essayer-un-ventilateur-de-plafond-sans-pales\/","og_locale":"fr_FR","og_type":"article","og_title":"En fait, vous devriez essayer un ventilateur de plafond sans pales | Vie Associative","og_description":"Moins de poussi\u00e8re, moins de bruit, plus s\u00fbr et plus \u00e9conome en \u00e9nergie : les ventilateurs de plafond sans pales peuvent valoir leur prix \u00e9lev\u00e9.","og_url":"https:\/\/vieassociative.be\/actualites\/en-fait-vous-devriez-essayer-un-ventilateur-de-plafond-sans-pales\/","og_site_name":"Vie Associative","article_published_time":"2024-09-24T06:59:13+00:00","og_image":[{"width":279,"height":92,"url":"https:\/\/vieassociative.be\/actualites\/wp-content\/uploads\/2024\/09\/header_backgroundk-01-e1726694325946.png","type":"image\/png"}],"author":"Julien","twitter_card":"summary_large_image","twitter_misc":{"\u00c9crit par":"Julien","Dur\u00e9e de lecture est.":"4 minutes"},"schema":{"@context":"https:\/\/schema.org","@graph":[{"@type":"Article","@id":"https:\/\/vieassociative.be\/actualites\/en-fait-vous-devriez-essayer-un-ventilateur-de-plafond-sans-pales\/#article","isPartOf":{"@id":"https:\/\/vieassociative.be\/actualites\/en-fait-vous-devriez-essayer-un-ventilateur-de-plafond-sans-pales\/"},"author":{"name":"Julien","@id":"https:\/\/vieassociative.be\/actualites\/#\/schema\/person\/b87ac4f82f9d4e7b7cec7395b679edc4"},"headline":"En fait, vous devriez essayer un ventilateur de plafond sans pales","datePublished":"2024-09-24T06:59:13+00:00","dateModified":"2024-09-24T06:59:13+00:00","mainEntityOfPage":{"@id":"https:\/\/vieassociative.be\/actualites\/en-fait-vous-devriez-essayer-un-ventilateur-de-plafond-sans-pales\/"},"wordCount":789,"publisher":{"@id":"https:\/\/vieassociative.be\/actualites\/#organization"},"image":{"@id":"https:\/\/vieassociative.be\/actualites\/en-fait-vous-devriez-essayer-un-ventilateur-de-plafond-sans-pales\/#primaryimage"},"thumbnailUrl":"https:\/\/vieassociative.be\/actualites\/wp-content\/uploads\/2024\/09\/En-fait-vous-devriez-essayer-un-ventilateur-de-plafond-sans.jpg","keywords":["devriez","essayer","fait","pales","plafond","sans","ventilateur","Vous"],"articleSection":["Maison"],"inLanguage":"fr-BE"},{"@type":"WebPage","@id":"https:\/\/vieassociative.be\/actualites\/en-fait-vous-devriez-essayer-un-ventilateur-de-plafond-sans-pales\/","url":"https:\/\/vieassociative.be\/actualites\/en-fait-vous-devriez-essayer-un-ventilateur-de-plafond-sans-pales\/","name":"En fait, vous devriez essayer un ventilateur de plafond sans pales | Vie Associative","isPartOf":{"@id":"https:\/\/vieassociative.be\/actualites\/#website"},"primaryImageOfPage":{"@id":"https:\/\/vieassociative.be\/actualites\/en-fait-vous-devriez-essayer-un-ventilateur-de-plafond-sans-pales\/#primaryimage"},"image":{"@id":"https:\/\/vieassociative.be\/actualites\/en-fait-vous-devriez-essayer-un-ventilateur-de-plafond-sans-pales\/#primaryimage"},"thumbnailUrl":"https:\/\/vieassociative.be\/actualites\/wp-content\/uploads\/2024\/09\/En-fait-vous-devriez-essayer-un-ventilateur-de-plafond-sans.jpg","datePublished":"2024-09-24T06:59:13+00:00","dateModified":"2024-09-24T06:59:13+00:00","breadcrumb":{"@id":"https:\/\/vieassociative.be\/actualites\/en-fait-vous-devriez-essayer-un-ventilateur-de-plafond-sans-pales\/#breadcrumb"},"inLanguage":"fr-BE","potentialAction":[{"@type":"ReadAction","target":["https:\/\/vieassociative.be\/actualites\/en-fait-vous-devriez-essayer-un-ventilateur-de-plafond-sans-pales\/"]}]},{"@type":"ImageObject","inLanguage":"fr-BE","@id":"https:\/\/vieassociative.be\/actualites\/en-fait-vous-devriez-essayer-un-ventilateur-de-plafond-sans-pales\/#primaryimage","url":"https:\/\/vieassociative.be\/actualites\/wp-content\/uploads\/2024\/09\/En-fait-vous-devriez-essayer-un-ventilateur-de-plafond-sans.jpg","contentUrl":"https:\/\/vieassociative.be\/actualites\/wp-content\/uploads\/2024\/09\/En-fait-vous-devriez-essayer-un-ventilateur-de-plafond-sans.jpg","width":1200,"height":675,"caption":"En fait, vous devriez essayer un ventilateur de plafond sans pales"},{"@type":"BreadcrumbList","@id":"https:\/\/vieassociative.be\/actualites\/en-fait-vous-devriez-essayer-un-ventilateur-de-plafond-sans-pales\/#breadcrumb","itemListElement":[{"@type":"ListItem","position":1,"name":"Accueil","item":"https:\/\/vieassociative.be\/actualites\/"},{"@type":"ListItem","position":2,"name":"En fait, vous devriez essayer un ventilateur de plafond sans pales"}]},{"@type":"WebSite","@id":"https:\/\/vieassociative.be\/actualites\/#website","url":"https:\/\/vieassociative.be\/actualites\/","name":"Vie Associative","description":"","publisher":{"@id":"https:\/\/vieassociative.be\/actualites\/#organization"},"potentialAction":[{"@type":"SearchAction","target":{"@type":"EntryPoint","urlTemplate":"https:\/\/vieassociative.be\/actualites\/?s={search_term_string}"},"query-input":{"@type":"PropertyValueSpecification","valueRequired":true,"valueName":"search_term_string"}}],"inLanguage":"fr-BE"},{"@type":"Organization","@id":"https:\/\/vieassociative.be\/actualites\/#organization","name":"Vie Associative","url":"https:\/\/vieassociative.be\/actualites\/","logo":{"@type":"ImageObject","inLanguage":"fr-BE","@id":"https:\/\/vieassociative.be\/actualites\/#\/schema\/logo\/image\/","url":"https:\/\/vieassociative.be\/actualites\/wp-content\/uploads\/2024\/09\/cropped-vieassociative_favicon.ico.png","contentUrl":"https:\/\/vieassociative.be\/actualites\/wp-content\/uploads\/2024\/09\/cropped-vieassociative_favicon.ico.png","width":512,"height":512,"caption":"Vie Associative"},"image":{"@id":"https:\/\/vieassociative.be\/actualites\/#\/schema\/logo\/image\/"}},{"@type":"Person","@id":"https:\/\/vieassociative.be\/actualites\/#\/schema\/person\/b87ac4f82f9d4e7b7cec7395b679edc4","name":"Julien","image":{"@type":"ImageObject","inLanguage":"fr-BE","@id":"https:\/\/vieassociative.be\/actualites\/#\/schema\/person\/image\/","url":"https:\/\/vieassociative.be\/actualites\/wp-content\/uploads\/2024\/09\/vie-associative-1-150x150.jpg","contentUrl":"https:\/\/vieassociative.be\/actualites\/wp-content\/uploads\/2024\/09\/vie-associative-1-150x150.jpg","caption":"Julien"},"description":"Je suis Julien, r\u00e9dacteur pour Vie Associative. Passionn\u00e9 par le monde associatif depuis plus de 10 ans, j'ai \u00e0 c\u0153ur de partager des histoires inspirantes et de mettre en lumi\u00e8re les initiatives locales. Mon objectif est de sensibiliser et d'encourager l'engagement communautaire \u00e0 travers mes articles.","sameAs":["https:\/\/vieassociative.be\/"]}]}},"_links":{"self":[{"href":"https:\/\/vieassociative.be\/actualites\/wp-json\/wp\/v2\/posts\/397"}],"collection":[{"href":"https:\/\/vieassociative.be\/actualites\/wp-json\/wp\/v2\/posts"}],"about":[{"href":"https:\/\/vieassociative.be\/actualites\/wp-json\/wp\/v2\/types\/post"}],"author":[{"embeddable":true,"href":"https:\/\/vieassociative.be\/actualites\/wp-json\/wp\/v2\/users\/1"}],"replies":[{"embeddable":true,"href":"https:\/\/vieassociative.be\/actualites\/wp-json\/wp\/v2\/comments?post=397"}],"version-history":[{"count":0,"href":"https:\/\/vieassociative.be\/actualites\/wp-json\/wp\/v2\/posts\/397\/revisions"}],"wp:featuredmedia":[{"embeddable":true,"href":"https:\/\/vieassociative.be\/actualites\/wp-json\/wp\/v2\/media\/398"}],"wp:attachment":[{"href":"https:\/\/vieassociative.be\/actualites\/wp-json\/wp\/v2\/media?parent=397"}],"wp:term":[{"taxonomy":"category","embeddable":true,"href":"https:\/\/vieassociative.be\/actualites\/wp-json\/wp\/v2\/categories?post=397"},{"taxonomy":"post_tag","embeddable":true,"href":"https:\/\/vieassociative.be\/actualites\/wp-json\/wp\/v2\/tags?post=397"}],"curies":[{"name":"wp","href":"https:\/\/api.w.org\/{rel}","templated":true}]}}