{"id":3969,"date":"2025-01-02T08:18:29","date_gmt":"2025-01-02T07:18:29","guid":{"rendered":"https:\/\/vieassociative.be\/actualites\/cet-aspirateur-dyson-beneficie-dune-reduction-de-200-pour-la-nouvelle-annee\/"},"modified":"2025-01-02T08:18:29","modified_gmt":"2025-01-02T07:18:29","slug":"cet-aspirateur-dyson-beneficie-dune-reduction-de-200-pour-la-nouvelle-annee","status":"publish","type":"post","link":"https:\/\/vieassociative.be\/actualites\/cet-aspirateur-dyson-beneficie-dune-reduction-de-200-pour-la-nouvelle-annee\/","title":{"rendered":"Cet aspirateur Dyson b\u00e9n\u00e9ficie d&rsquo;une r\u00e9duction de 200 $ pour la nouvelle ann\u00e9e"},"content":{"rendered":"<div class=\"mt-4 leading-6 md:mb-8\">Commencez la nouvelle ann\u00e9e avec une maison plus propre.<\/div>\n<p><\/p>\n<p>Si l&rsquo;une de vos r\u00e9solutions du Nouvel An est d&rsquo;avoir une maison plus propre, vous aurez besoin des bons outils pour le faire. Il y a certaines choses, comme vos chiffons de base et vos solutions de nettoyage, que vous pouvez acheter \u00e0 moindre co\u00fbt, mais il existe d&rsquo;autres outils de rangement qui valent un peu plus d&rsquo;investissement. Les aspirateurs Dyson, aussi efficaces soient-ils, sont g\u00e9n\u00e9ralement l&rsquo;une des options les plus co\u00fbteuses, mais \u00e0 l&rsquo;heure actuelle, un aspirateur Dyson puissant et populaire est en vente chez Walmart et sur le site Web de Dyson pour seulement 199,99 $.<\/p>\n<h2 id=\"the-dyson-v7-advanced-cordless-vacuum\">L&rsquo;aspirateur sans fil Dyson V7 Advanced<\/h2>\n<div class=\"pogoClear mb-12 mt-10 rounded-md border-2 border-gray-100 py-7 shadow-xl md:py-6\">\n<div class=\"flex flex-wrap justify-between px-7 text-black no-underline md:flex-nowrap md:px-8\">\n<div class=\"order-1 mx-auto flex flex-col justify-center md:order-2 md:ml-4 md:w-full md:grow\">\n<div class=\"block cursor-pointer text-center font-akshar text-2xl font-medium leading-7 text-brand-green duration-200 ease-in-out hover:text-brand-green-700 md:text-left md:text-xl md:leading-6\">Aspirateur sans fil Dyson V7 Advanced Origin\n                <\/div>\n<div class=\"mt-4 hidden md:flex md:justify-between\">\n<div class=\"self-end\">\n<div class=\"mb-0 h-11 md:flex md:flex-col md:justify-center\">\n<div class=\" font-sans leading-4 text-black\">\n<div class=\"flex flex-wrap items-center justify-center gap-x-1 md:justify-start\">\n        <span class=\"font-bold\"><\/p>\n<p>            279,99\u00a0$<br \/>\n                            <span class=\"font-medium\">chez Walmart<\/span><br \/>\n                    <\/span>\n            <\/div>\n<div class=\"flex items-center justify-center gap-x-1 font-bold md:justify-start\">\n            <span class=\"text-sm line-through\">399,99\u00a0$<\/span><br \/>\n            <span class=\"text-sm text-brand-green\">\u00c9conomisez 120,00\u00a0$<\/span>\n        <\/div>\n<\/p><\/div>\n<\/p><\/div>\n<\/p><\/div>\n<div class=\"w-44 self-end\">\n                            <button class=\"flex justify-center items-center w-full bg-brand-green text-white text-base font-sans font-medium rounded-md hover:bg-brand-green-700 hover:cursor-pointer md:text-sm h-11\"><\/p>\n<p>    Obtenez une offre<br \/>\n<\/button>\n                        <\/div>\n<\/p><\/div>\n<\/p><\/div>\n<div class=\"order-2 mt-5 h-auto w-full md:order-1 md:mt-0 md:hidden\">\n<div class=\"flex aspect-video items-center justify-center\">\n                                            <img decoding=\"async\" class=\"m-0 max-h-full max-w-full rounded-md\" src=\"https:\/\/vieassociative.be\/actualites\/wp-content\/uploads\/2025\/01\/Cet-aspirateur-Dyson-beneficie-dune-reduction-de-200-pour.png\" alt=\"Aspirateur sans fil Dyson V7 Advanced Origin\" width=\"auto\" height=\"auto\" loading=\"lazy\">\n                                    <\/div>\n<\/p><\/div>\n<div class=\"order-2 ml-2 hidden w-32 shrink-0 items-center md:order-1 md:ml-0 md:flex\">\n<div class=\"flex aspect-video items-center justify-center\">\n                                            <img decoding=\"async\" class=\"m-0 max-h-full max-w-full rounded-md\" src=\"https:\/\/vieassociative.be\/actualites\/wp-content\/uploads\/2025\/01\/Cet-aspirateur-Dyson-beneficie-dune-reduction-de-200-pour.png\" alt=\"Aspirateur sans fil Dyson V7 Advanced Origin\" width=\"auto\" height=\"auto\" loading=\"lazy\">\n                                    <\/div>\n<\/p><\/div>\n<div class=\"order-3 flex grow flex-wrap md:hidden md:grow-0\">\n<div class=\"mt-4 w-full\">\n                        <button class=\"flex justify-center items-center w-full bg-brand-green text-white text-base font-sans font-medium rounded-md hover:bg-brand-green-700 hover:cursor-pointer md:text-sm h-11\"><\/p>\n<p>    Obtenez une offre<br \/>\n<\/button>\n                    <\/div>\n<div class=\"mx-2 mt-4 w-full\">\n<div class=\" font-sans leading-4 text-black\">\n<div class=\"flex flex-wrap items-center justify-center gap-x-1 md:justify-start\">\n        <span class=\"font-bold\"><\/p>\n<p>            279,99\u00a0$<br \/>\n                            <span class=\"font-medium\">chez Walmart<\/span><br \/>\n                    <\/span>\n            <\/div>\n<div class=\"flex items-center justify-center gap-x-1 font-bold md:justify-start\">\n            <span class=\"text-sm line-through\">399,99\u00a0$<\/span><br \/>\n            <span class=\"text-sm text-brand-green\">\u00c9conomisez 120,00\u00a0$<\/span>\n        <\/div>\n<\/p><\/div>\n<\/p><\/div>\n<\/p><\/div>\n<\/p><\/div>\n<\/div>\n<p>Si vous admirez depuis longtemps les aspirateurs Dyson \u00e9l\u00e9gants et puissants, mais que vous avez h\u00e9sit\u00e9 \u00e0 leur prix \u00e9lev\u00e9, c&rsquo;est votre moment, car cet aspirateur co\u00fbte g\u00e9n\u00e9ralement 399,99 $.<\/p>\n<p>Je suis un grand fan de Dyson en g\u00e9n\u00e9ral, tant de ses produits de coiffure que des aspirateurs que j&rsquo;ai essay\u00e9s. Celui-ci est particuli\u00e8rement adapt\u00e9 \u00e0 ceux qui cherchent \u00e0 se lancer dans le monde des aspirateurs haut de gamme, car il est dot\u00e9 de toutes les meilleures fonctionnalit\u00e9s dont les Dysons ont tendance \u00e0 se vanter : il est sans fil et peut fonctionner pendant environ 40 minutes avec une charge compl\u00e8te, il se convertit d&rsquo;un aspirateur pleine grandeur \u00e0 un aspirateur \u00e0 main, et il est dot\u00e9 d&rsquo;une t\u00eate de nettoyage d\u00e9m\u00ealante qui est parfaite pour les tapis moelleux ou les maisons avec des animaux de compagnie (et\/ou les habitants aux cheveux longs qui semblent se retrouver partout). <\/p>\n<p>Une chose que j\u2019ai toujours aim\u00e9 dans l\u2019utilisation d\u2019un aspirateur Dyson est la g\u00e2chette d\u2019alimentation, dont dispose \u00e9galement le V7 Advanced. Au lieu de simplement allumer l\u2019aspirateur et de consommer de l\u2019\u00e9nergie sans arr\u00eat, vous devez appuyer sur la g\u00e2chette pour activer l\u2019aspiration. J&rsquo;adore cela pour nettoyer les taches ou prendre le temps de faire les ajustements dont j&rsquo;ai besoin lorsque j&rsquo;essaie d&rsquo;incliner ma machine sous un meuble. <\/p>\n<p>Ils sont \u00e9galement l\u00e9gers, celui-ci pesant un peu plus de 5,5 livres, ce qui vous sauve la vie si vous avez une grande maison ou de nombreux escaliers \u00e0 monter et \u00e0 descendre. Les Dyson man\u0153uvrent bien, aspirent un <em>parcelle<\/em> de poussi\u00e8re, ne sont pas trop bruyants et sont, fondamentalement, dignes du battage m\u00e9diatique qui les entoure. Commencez 2025 avec une maison plus propre et utilisez les 200\u00a0$ que vous \u00e9conomisez pour faire quelque chose d\u2019amusant.<\/p>\n","protected":false},"excerpt":{"rendered":"<p>Commencez la nouvelle ann\u00e9e avec une maison plus propre. Si l&rsquo;une de vos r\u00e9solutions du Nouvel An est d&rsquo;avoir une maison plus propre, vous aurez<\/p>\n","protected":false},"author":1,"featured_media":3970,"comment_status":"","ping_status":"","sticky":false,"template":"","format":"standard","meta":{"footnotes":""},"categories":[40],"tags":[549,306,3546,216,698,2023,491,81,308],"class_list":["post-3969","post","type-post","status-publish","format-standard","has-post-thumbnail","hentry","category-maison","tag-annee","tag-aspirateur","tag-beneficie","tag-cet","tag-dune","tag-dyson","tag-nouvelle","tag-pour","tag-reduction","generate-columns","tablet-grid-50","mobile-grid-100","grid-parent","grid-33"],"yoast_head":"<!-- This site is optimized with the Yoast SEO plugin v24.0 - https:\/\/yoast.com\/wordpress\/plugins\/seo\/ -->\n<title>Cet aspirateur Dyson b\u00e9n\u00e9ficie d&#039;une r\u00e9duction de 200 $ pour la nouvelle ann\u00e9e | Vie Associative<\/title>\n<meta name=\"robots\" content=\"index, follow, max-snippet:-1, max-image-preview:large, max-video-preview:-1\" \/>\n<link rel=\"canonical\" href=\"https:\/\/vieassociative.be\/actualites\/cet-aspirateur-dyson-beneficie-dune-reduction-de-200-pour-la-nouvelle-annee\/\" \/>\n<meta property=\"og:locale\" content=\"fr_FR\" \/>\n<meta property=\"og:type\" content=\"article\" \/>\n<meta property=\"og:title\" content=\"Cet aspirateur Dyson b\u00e9n\u00e9ficie d&#039;une r\u00e9duction de 200 $ pour la nouvelle ann\u00e9e | Vie Associative\" \/>\n<meta property=\"og:description\" content=\"Commencez la nouvelle ann\u00e9e avec une maison plus propre. Si l&rsquo;une de vos r\u00e9solutions du Nouvel An est d&rsquo;avoir une maison plus propre, vous aurez\" \/>\n<meta property=\"og:url\" content=\"https:\/\/vieassociative.be\/actualites\/cet-aspirateur-dyson-beneficie-dune-reduction-de-200-pour-la-nouvelle-annee\/\" \/>\n<meta property=\"og:site_name\" content=\"Vie Associative\" \/>\n<meta property=\"article:published_time\" content=\"2025-01-02T07:18:29+00:00\" \/>\n<meta property=\"og:image\" content=\"https:\/\/vieassociative.be\/actualites\/wp-content\/uploads\/2025\/01\/Cet-aspirateur-Dyson-beneficie-dune-reduction-de-200-pour.png\" \/>\n<meta name=\"author\" content=\"Julien\" \/>\n<meta name=\"twitter:card\" content=\"summary_large_image\" \/>\n<meta name=\"twitter:label1\" content=\"\u00c9crit par\" \/>\n\t<meta name=\"twitter:data1\" content=\"Julien\" \/>\n\t<meta name=\"twitter:label2\" content=\"Dur\u00e9e de lecture est.\" \/>\n\t<meta name=\"twitter:data2\" content=\"2 minutes\" \/>\n<script type=\"application\/ld+json\" class=\"yoast-schema-graph\">{\"@context\":\"https:\/\/schema.org\",\"@graph\":[{\"@type\":\"Article\",\"@id\":\"https:\/\/vieassociative.be\/actualites\/cet-aspirateur-dyson-beneficie-dune-reduction-de-200-pour-la-nouvelle-annee\/#article\",\"isPartOf\":{\"@id\":\"https:\/\/vieassociative.be\/actualites\/cet-aspirateur-dyson-beneficie-dune-reduction-de-200-pour-la-nouvelle-annee\/\"},\"author\":{\"name\":\"Julien\",\"@id\":\"https:\/\/vieassociative.be\/actualites\/#\/schema\/person\/b87ac4f82f9d4e7b7cec7395b679edc4\"},\"headline\":\"Cet aspirateur Dyson b\u00e9n\u00e9ficie d&rsquo;une r\u00e9duction de 200 $ pour la nouvelle ann\u00e9e\",\"datePublished\":\"2025-01-02T07:18:29+00:00\",\"dateModified\":\"2025-01-02T07:18:29+00:00\",\"mainEntityOfPage\":{\"@id\":\"https:\/\/vieassociative.be\/actualites\/cet-aspirateur-dyson-beneficie-dune-reduction-de-200-pour-la-nouvelle-annee\/\"},\"wordCount\":474,\"publisher\":{\"@id\":\"https:\/\/vieassociative.be\/actualites\/#organization\"},\"image\":{\"@id\":\"https:\/\/vieassociative.be\/actualites\/cet-aspirateur-dyson-beneficie-dune-reduction-de-200-pour-la-nouvelle-annee\/#primaryimage\"},\"thumbnailUrl\":\"https:\/\/vieassociative.be\/actualites\/wp-content\/uploads\/2025\/01\/1735802310_Cet-aspirateur-Dyson-beneficie-dune-reduction-de-200-pour.png\",\"keywords\":[\"ann\u00e9e\",\"aspirateur\",\"b\u00e9n\u00e9ficie\",\"cet\",\"dune\",\"Dyson\",\"nouvelle\",\"pour\",\"r\u00e9duction\"],\"articleSection\":[\"Maison\"],\"inLanguage\":\"fr-BE\"},{\"@type\":\"WebPage\",\"@id\":\"https:\/\/vieassociative.be\/actualites\/cet-aspirateur-dyson-beneficie-dune-reduction-de-200-pour-la-nouvelle-annee\/\",\"url\":\"https:\/\/vieassociative.be\/actualites\/cet-aspirateur-dyson-beneficie-dune-reduction-de-200-pour-la-nouvelle-annee\/\",\"name\":\"Cet aspirateur Dyson b\u00e9n\u00e9ficie d'une r\u00e9duction de 200 $ pour la nouvelle ann\u00e9e | Vie Associative\",\"isPartOf\":{\"@id\":\"https:\/\/vieassociative.be\/actualites\/#website\"},\"primaryImageOfPage\":{\"@id\":\"https:\/\/vieassociative.be\/actualites\/cet-aspirateur-dyson-beneficie-dune-reduction-de-200-pour-la-nouvelle-annee\/#primaryimage\"},\"image\":{\"@id\":\"https:\/\/vieassociative.be\/actualites\/cet-aspirateur-dyson-beneficie-dune-reduction-de-200-pour-la-nouvelle-annee\/#primaryimage\"},\"thumbnailUrl\":\"https:\/\/vieassociative.be\/actualites\/wp-content\/uploads\/2025\/01\/1735802310_Cet-aspirateur-Dyson-beneficie-dune-reduction-de-200-pour.png\",\"datePublished\":\"2025-01-02T07:18:29+00:00\",\"dateModified\":\"2025-01-02T07:18:29+00:00\",\"breadcrumb\":{\"@id\":\"https:\/\/vieassociative.be\/actualites\/cet-aspirateur-dyson-beneficie-dune-reduction-de-200-pour-la-nouvelle-annee\/#breadcrumb\"},\"inLanguage\":\"fr-BE\",\"potentialAction\":[{\"@type\":\"ReadAction\",\"target\":[\"https:\/\/vieassociative.be\/actualites\/cet-aspirateur-dyson-beneficie-dune-reduction-de-200-pour-la-nouvelle-annee\/\"]}]},{\"@type\":\"ImageObject\",\"inLanguage\":\"fr-BE\",\"@id\":\"https:\/\/vieassociative.be\/actualites\/cet-aspirateur-dyson-beneficie-dune-reduction-de-200-pour-la-nouvelle-annee\/#primaryimage\",\"url\":\"https:\/\/vieassociative.be\/actualites\/wp-content\/uploads\/2025\/01\/1735802310_Cet-aspirateur-Dyson-beneficie-dune-reduction-de-200-pour.png\",\"contentUrl\":\"https:\/\/vieassociative.be\/actualites\/wp-content\/uploads\/2025\/01\/1735802310_Cet-aspirateur-Dyson-beneficie-dune-reduction-de-200-pour.png\",\"width\":1200,\"height\":675,\"caption\":\"Cet aspirateur Dyson b\u00e9n\u00e9ficie d'une r\u00e9duction de 200 $ pour la nouvelle ann\u00e9e\"},{\"@type\":\"BreadcrumbList\",\"@id\":\"https:\/\/vieassociative.be\/actualites\/cet-aspirateur-dyson-beneficie-dune-reduction-de-200-pour-la-nouvelle-annee\/#breadcrumb\",\"itemListElement\":[{\"@type\":\"ListItem\",\"position\":1,\"name\":\"Accueil\",\"item\":\"https:\/\/vieassociative.be\/actualites\/\"},{\"@type\":\"ListItem\",\"position\":2,\"name\":\"Cet aspirateur Dyson b\u00e9n\u00e9ficie d&rsquo;une r\u00e9duction de 200 $ pour la nouvelle ann\u00e9e\"}]},{\"@type\":\"WebSite\",\"@id\":\"https:\/\/vieassociative.be\/actualites\/#website\",\"url\":\"https:\/\/vieassociative.be\/actualites\/\",\"name\":\"Vie Associative\",\"description\":\"\",\"publisher\":{\"@id\":\"https:\/\/vieassociative.be\/actualites\/#organization\"},\"potentialAction\":[{\"@type\":\"SearchAction\",\"target\":{\"@type\":\"EntryPoint\",\"urlTemplate\":\"https:\/\/vieassociative.be\/actualites\/?s={search_term_string}\"},\"query-input\":{\"@type\":\"PropertyValueSpecification\",\"valueRequired\":true,\"valueName\":\"search_term_string\"}}],\"inLanguage\":\"fr-BE\"},{\"@type\":\"Organization\",\"@id\":\"https:\/\/vieassociative.be\/actualites\/#organization\",\"name\":\"Vie Associative\",\"url\":\"https:\/\/vieassociative.be\/actualites\/\",\"logo\":{\"@type\":\"ImageObject\",\"inLanguage\":\"fr-BE\",\"@id\":\"https:\/\/vieassociative.be\/actualites\/#\/schema\/logo\/image\/\",\"url\":\"https:\/\/vieassociative.be\/actualites\/wp-content\/uploads\/2024\/09\/cropped-vieassociative_favicon.ico.png\",\"contentUrl\":\"https:\/\/vieassociative.be\/actualites\/wp-content\/uploads\/2024\/09\/cropped-vieassociative_favicon.ico.png\",\"width\":512,\"height\":512,\"caption\":\"Vie Associative\"},\"image\":{\"@id\":\"https:\/\/vieassociative.be\/actualites\/#\/schema\/logo\/image\/\"}},{\"@type\":\"Person\",\"@id\":\"https:\/\/vieassociative.be\/actualites\/#\/schema\/person\/b87ac4f82f9d4e7b7cec7395b679edc4\",\"name\":\"Julien\",\"image\":{\"@type\":\"ImageObject\",\"inLanguage\":\"fr-BE\",\"@id\":\"https:\/\/vieassociative.be\/actualites\/#\/schema\/person\/image\/\",\"url\":\"https:\/\/vieassociative.be\/actualites\/wp-content\/uploads\/2024\/09\/vie-associative-1-150x150.jpg\",\"contentUrl\":\"https:\/\/vieassociative.be\/actualites\/wp-content\/uploads\/2024\/09\/vie-associative-1-150x150.jpg\",\"caption\":\"Julien\"},\"description\":\"Je suis Julien, r\u00e9dacteur pour Vie Associative. Passionn\u00e9 par le monde associatif depuis plus de 10 ans, j'ai \u00e0 c\u0153ur de partager des histoires inspirantes et de mettre en lumi\u00e8re les initiatives locales. Mon objectif est de sensibiliser et d'encourager l'engagement communautaire \u00e0 travers mes articles.\",\"sameAs\":[\"https:\/\/vieassociative.be\/\"]}]}<\/script>\n<!-- \/ Yoast SEO plugin. -->","yoast_head_json":{"title":"Cet aspirateur Dyson b\u00e9n\u00e9ficie d'une r\u00e9duction de 200 $ pour la nouvelle ann\u00e9e | Vie Associative","robots":{"index":"index","follow":"follow","max-snippet":"max-snippet:-1","max-image-preview":"max-image-preview:large","max-video-preview":"max-video-preview:-1"},"canonical":"https:\/\/vieassociative.be\/actualites\/cet-aspirateur-dyson-beneficie-dune-reduction-de-200-pour-la-nouvelle-annee\/","og_locale":"fr_FR","og_type":"article","og_title":"Cet aspirateur Dyson b\u00e9n\u00e9ficie d'une r\u00e9duction de 200 $ pour la nouvelle ann\u00e9e | Vie Associative","og_description":"Commencez la nouvelle ann\u00e9e avec une maison plus propre. Si l&rsquo;une de vos r\u00e9solutions du Nouvel An est d&rsquo;avoir une maison plus propre, vous aurez","og_url":"https:\/\/vieassociative.be\/actualites\/cet-aspirateur-dyson-beneficie-dune-reduction-de-200-pour-la-nouvelle-annee\/","og_site_name":"Vie Associative","article_published_time":"2025-01-02T07:18:29+00:00","og_image":[{"url":"https:\/\/vieassociative.be\/actualites\/wp-content\/uploads\/2025\/01\/Cet-aspirateur-Dyson-beneficie-dune-reduction-de-200-pour.png","type":"","width":"","height":""}],"author":"Julien","twitter_card":"summary_large_image","twitter_misc":{"\u00c9crit par":"Julien","Dur\u00e9e de lecture est.":"2 minutes"},"schema":{"@context":"https:\/\/schema.org","@graph":[{"@type":"Article","@id":"https:\/\/vieassociative.be\/actualites\/cet-aspirateur-dyson-beneficie-dune-reduction-de-200-pour-la-nouvelle-annee\/#article","isPartOf":{"@id":"https:\/\/vieassociative.be\/actualites\/cet-aspirateur-dyson-beneficie-dune-reduction-de-200-pour-la-nouvelle-annee\/"},"author":{"name":"Julien","@id":"https:\/\/vieassociative.be\/actualites\/#\/schema\/person\/b87ac4f82f9d4e7b7cec7395b679edc4"},"headline":"Cet aspirateur Dyson b\u00e9n\u00e9ficie d&rsquo;une r\u00e9duction de 200 $ pour la nouvelle ann\u00e9e","datePublished":"2025-01-02T07:18:29+00:00","dateModified":"2025-01-02T07:18:29+00:00","mainEntityOfPage":{"@id":"https:\/\/vieassociative.be\/actualites\/cet-aspirateur-dyson-beneficie-dune-reduction-de-200-pour-la-nouvelle-annee\/"},"wordCount":474,"publisher":{"@id":"https:\/\/vieassociative.be\/actualites\/#organization"},"image":{"@id":"https:\/\/vieassociative.be\/actualites\/cet-aspirateur-dyson-beneficie-dune-reduction-de-200-pour-la-nouvelle-annee\/#primaryimage"},"thumbnailUrl":"https:\/\/vieassociative.be\/actualites\/wp-content\/uploads\/2025\/01\/1735802310_Cet-aspirateur-Dyson-beneficie-dune-reduction-de-200-pour.png","keywords":["ann\u00e9e","aspirateur","b\u00e9n\u00e9ficie","cet","dune","Dyson","nouvelle","pour","r\u00e9duction"],"articleSection":["Maison"],"inLanguage":"fr-BE"},{"@type":"WebPage","@id":"https:\/\/vieassociative.be\/actualites\/cet-aspirateur-dyson-beneficie-dune-reduction-de-200-pour-la-nouvelle-annee\/","url":"https:\/\/vieassociative.be\/actualites\/cet-aspirateur-dyson-beneficie-dune-reduction-de-200-pour-la-nouvelle-annee\/","name":"Cet aspirateur Dyson b\u00e9n\u00e9ficie d'une r\u00e9duction de 200 $ pour la nouvelle ann\u00e9e | Vie Associative","isPartOf":{"@id":"https:\/\/vieassociative.be\/actualites\/#website"},"primaryImageOfPage":{"@id":"https:\/\/vieassociative.be\/actualites\/cet-aspirateur-dyson-beneficie-dune-reduction-de-200-pour-la-nouvelle-annee\/#primaryimage"},"image":{"@id":"https:\/\/vieassociative.be\/actualites\/cet-aspirateur-dyson-beneficie-dune-reduction-de-200-pour-la-nouvelle-annee\/#primaryimage"},"thumbnailUrl":"https:\/\/vieassociative.be\/actualites\/wp-content\/uploads\/2025\/01\/1735802310_Cet-aspirateur-Dyson-beneficie-dune-reduction-de-200-pour.png","datePublished":"2025-01-02T07:18:29+00:00","dateModified":"2025-01-02T07:18:29+00:00","breadcrumb":{"@id":"https:\/\/vieassociative.be\/actualites\/cet-aspirateur-dyson-beneficie-dune-reduction-de-200-pour-la-nouvelle-annee\/#breadcrumb"},"inLanguage":"fr-BE","potentialAction":[{"@type":"ReadAction","target":["https:\/\/vieassociative.be\/actualites\/cet-aspirateur-dyson-beneficie-dune-reduction-de-200-pour-la-nouvelle-annee\/"]}]},{"@type":"ImageObject","inLanguage":"fr-BE","@id":"https:\/\/vieassociative.be\/actualites\/cet-aspirateur-dyson-beneficie-dune-reduction-de-200-pour-la-nouvelle-annee\/#primaryimage","url":"https:\/\/vieassociative.be\/actualites\/wp-content\/uploads\/2025\/01\/1735802310_Cet-aspirateur-Dyson-beneficie-dune-reduction-de-200-pour.png","contentUrl":"https:\/\/vieassociative.be\/actualites\/wp-content\/uploads\/2025\/01\/1735802310_Cet-aspirateur-Dyson-beneficie-dune-reduction-de-200-pour.png","width":1200,"height":675,"caption":"Cet aspirateur Dyson b\u00e9n\u00e9ficie d'une r\u00e9duction de 200 $ pour la nouvelle ann\u00e9e"},{"@type":"BreadcrumbList","@id":"https:\/\/vieassociative.be\/actualites\/cet-aspirateur-dyson-beneficie-dune-reduction-de-200-pour-la-nouvelle-annee\/#breadcrumb","itemListElement":[{"@type":"ListItem","position":1,"name":"Accueil","item":"https:\/\/vieassociative.be\/actualites\/"},{"@type":"ListItem","position":2,"name":"Cet aspirateur Dyson b\u00e9n\u00e9ficie d&rsquo;une r\u00e9duction de 200 $ pour la nouvelle ann\u00e9e"}]},{"@type":"WebSite","@id":"https:\/\/vieassociative.be\/actualites\/#website","url":"https:\/\/vieassociative.be\/actualites\/","name":"Vie Associative","description":"","publisher":{"@id":"https:\/\/vieassociative.be\/actualites\/#organization"},"potentialAction":[{"@type":"SearchAction","target":{"@type":"EntryPoint","urlTemplate":"https:\/\/vieassociative.be\/actualites\/?s={search_term_string}"},"query-input":{"@type":"PropertyValueSpecification","valueRequired":true,"valueName":"search_term_string"}}],"inLanguage":"fr-BE"},{"@type":"Organization","@id":"https:\/\/vieassociative.be\/actualites\/#organization","name":"Vie Associative","url":"https:\/\/vieassociative.be\/actualites\/","logo":{"@type":"ImageObject","inLanguage":"fr-BE","@id":"https:\/\/vieassociative.be\/actualites\/#\/schema\/logo\/image\/","url":"https:\/\/vieassociative.be\/actualites\/wp-content\/uploads\/2024\/09\/cropped-vieassociative_favicon.ico.png","contentUrl":"https:\/\/vieassociative.be\/actualites\/wp-content\/uploads\/2024\/09\/cropped-vieassociative_favicon.ico.png","width":512,"height":512,"caption":"Vie Associative"},"image":{"@id":"https:\/\/vieassociative.be\/actualites\/#\/schema\/logo\/image\/"}},{"@type":"Person","@id":"https:\/\/vieassociative.be\/actualites\/#\/schema\/person\/b87ac4f82f9d4e7b7cec7395b679edc4","name":"Julien","image":{"@type":"ImageObject","inLanguage":"fr-BE","@id":"https:\/\/vieassociative.be\/actualites\/#\/schema\/person\/image\/","url":"https:\/\/vieassociative.be\/actualites\/wp-content\/uploads\/2024\/09\/vie-associative-1-150x150.jpg","contentUrl":"https:\/\/vieassociative.be\/actualites\/wp-content\/uploads\/2024\/09\/vie-associative-1-150x150.jpg","caption":"Julien"},"description":"Je suis Julien, r\u00e9dacteur pour Vie Associative. Passionn\u00e9 par le monde associatif depuis plus de 10 ans, j'ai \u00e0 c\u0153ur de partager des histoires inspirantes et de mettre en lumi\u00e8re les initiatives locales. Mon objectif est de sensibiliser et d'encourager l'engagement communautaire \u00e0 travers mes articles.","sameAs":["https:\/\/vieassociative.be\/"]}]}},"_links":{"self":[{"href":"https:\/\/vieassociative.be\/actualites\/wp-json\/wp\/v2\/posts\/3969"}],"collection":[{"href":"https:\/\/vieassociative.be\/actualites\/wp-json\/wp\/v2\/posts"}],"about":[{"href":"https:\/\/vieassociative.be\/actualites\/wp-json\/wp\/v2\/types\/post"}],"author":[{"embeddable":true,"href":"https:\/\/vieassociative.be\/actualites\/wp-json\/wp\/v2\/users\/1"}],"replies":[{"embeddable":true,"href":"https:\/\/vieassociative.be\/actualites\/wp-json\/wp\/v2\/comments?post=3969"}],"version-history":[{"count":0,"href":"https:\/\/vieassociative.be\/actualites\/wp-json\/wp\/v2\/posts\/3969\/revisions"}],"wp:featuredmedia":[{"embeddable":true,"href":"https:\/\/vieassociative.be\/actualites\/wp-json\/wp\/v2\/media\/3970"}],"wp:attachment":[{"href":"https:\/\/vieassociative.be\/actualites\/wp-json\/wp\/v2\/media?parent=3969"}],"wp:term":[{"taxonomy":"category","embeddable":true,"href":"https:\/\/vieassociative.be\/actualites\/wp-json\/wp\/v2\/categories?post=3969"},{"taxonomy":"post_tag","embeddable":true,"href":"https:\/\/vieassociative.be\/actualites\/wp-json\/wp\/v2\/tags?post=3969"}],"curies":[{"name":"wp","href":"https:\/\/api.w.org\/{rel}","templated":true}]}}