{"id":3967,"date":"2025-01-02T06:17:25","date_gmt":"2025-01-02T05:17:25","guid":{"rendered":"https:\/\/vieassociative.be\/actualites\/parents-veuillez-arreter-de-faire-ces-choses-dans-les-discussions-de-groupe-scolaire\/"},"modified":"2025-01-02T06:17:25","modified_gmt":"2025-01-02T05:17:25","slug":"parents-veuillez-arreter-de-faire-ces-choses-dans-les-discussions-de-groupe-scolaire","status":"publish","type":"post","link":"https:\/\/vieassociative.be\/actualites\/parents-veuillez-arreter-de-faire-ces-choses-dans-les-discussions-de-groupe-scolaire\/","title":{"rendered":"Parents, veuillez arr\u00eater de faire ces choses dans les discussions de groupe scolaire"},"content":{"rendered":"<div class=\"mt-4 leading-6 md:mb-8\">Nous souhaitons que ces choses n\u2019aient pas \u00e0 \u00eatre dites. Mais ils le font. Oh, ils le font.<\/div>\n<p><\/p>\n<p>C&rsquo;est \u00e0 nouveau cette p\u00e9riode de l&rsquo;ann\u00e9e, o\u00f9 nous achetons pour un petit PIB de fournitures scolaires, pr\u00e9parons les sacs \u00e0 dos de nos enfants, les brandissons \u00e0 l&rsquo;arr\u00eat de bus et poussons un soupir de soulagement que l&rsquo;\u00e9cole reprenne. Et puis, pendant que nous travaillons dans un silence merveilleux, regardez avec horreur les notifications de chat WhatsApp de l\u2019\u00e9cole arriver. <\/p>\n<p>\u00ab\u00a0Roll\u00a0\u00bb est cependant un terme g\u00e9n\u00e9reux. Plut\u00f4t verser&#8230; comme si vous aviez peut-\u00eatre besoin d&rsquo;une arche pour prot\u00e9ger vos biens pendant le d\u00e9luge. Et pendant que le groupe WhatsApp des parents discute pour l&rsquo;\u00e9cole <em>peut <\/em>\u00eatre un moyen rapide et utile de diffuser des informations, ils peuvent \u00e9galement constituer des cha\u00eenes interminables, improductives et hors sujet.<\/p>\n<p>Que ce soit organis\u00e9 par classe ou (cher seigneur) par le <em>classe enti\u00e8re<\/em>apr\u00e8s votre inscription, vous \u00eates oblig\u00e9 d&rsquo;endurer des tangentes, des questions \u00e9pineuses et des commentaires fous m\u00e9lang\u00e9s \u00e0 un jet d&rsquo;informations utiles. Pour le rendre plus agr\u00e9able et tol\u00e9rable pour tout le monde, nous pr\u00e9sentons ces directives tacites sur l&rsquo;\u00e9tiquette des discussions en groupe scolaire.<\/p>\n<h2 id=\"please-dont-have-one-on-one-conversations\"><strong>S&rsquo;il vous pla\u00eet, n&rsquo;ayez pas de conversations en t\u00eate-\u00e0-t\u00eate<\/strong><\/h2>\n<p>Rappelez-vous, c&rsquo;est un <em>groupe<\/em> chat\u00a0: pour des questions et des informations sur l&rsquo;\u00e9cole qui peuvent profiter \u00e0 tout le monde. Si vous avez besoin de savoir de quel \u00e9quipement le petit Johnny a besoin pour jouer au T-ball, ou si vous souhaitez demander \u00e0 la m\u00e8re d&rsquo;Audrey quel professeur elle a cette ann\u00e9e, mettez-le hors ligne. L&rsquo;ensemble du groupe n&rsquo;a pas besoin d&rsquo;\u00eatre inclus dans les conversations personnelles, en particulier celles sans rapport avec l&rsquo;objectif du chat.<\/p>\n<h2 id=\"dont-threadjack-and-cause-unnecessary-debates\">Ne d\u00e9tournez pas de fil et ne provoquez pas de d\u00e9bats inutiles<\/h2>\n<p>Si un parent demande si les coll\u00e9giens doivent apporter une collation et qu&rsquo;un autre parent r\u00e9pond : \u00ab certains enseignants les permettront \u00bb, puis un autre ajoute utilement : \u00ab Eh bien, quand mon fils \u00e9tait l\u00e0, il n&rsquo;\u00e9tait pas autoris\u00e9 \u00e0 le faire \u00bb, ce \u00e0 quoi l&rsquo;original les parents r\u00e9pondent : \u00ab J&rsquo;en emporterai un juste au cas o\u00f9 \u00bb, puis <em>quelqu&rsquo;un<\/em> dit : \u00ab Eh bien, je ne pense pas qu&rsquo;ils devraient leur permettre de prendre des collations pendant le COVID \u00bb, et en cinq minutes, la question innocente des collations est devenue un d\u00e9bat houleux sur la question de savoir si les enfants devraient \u00eatre autoris\u00e9s \u00e0 aller \u00e0 l&rsquo;\u00e9cole sans \u00eatre vaccin\u00e9s ? Ouais. Ne fais pas \u00e7a. Tenez-vous-en au sujet initial, Betty. (Toi aussi, Burt.)<\/p>\n<h2 id=\"save-your-personal-photos-for-instagram\"><strong>Enregistrez vos photos personnelles pour Instagram<\/strong><\/h2>\n<p>Peut-\u00eatre que cela a \u00e9t\u00e9 fait par erreur. Peut-\u00eatre qu&rsquo;ils ne l&rsquo;ont pas fait <em>en fait <\/em>veulent publier des photos de leurs enfants tenant la laisse de leurs deux chiens sans contexte, l\u00e9gende ou raison. Peut-\u00eatre que c&rsquo;\u00e9tait destin\u00e9 \u00e0 une autre conversation ? Oui. \u00c7a a d\u00fb l&rsquo;\u00eatre. Parce qu&rsquo;il n&rsquo;y a aucune autre explication plausible pour laquelle des Shih Tzus al\u00e9atoires sont apparus dans la discussion de groupe de 4e ann\u00e9e.<\/p>\n<h2 id=\"avoid-spamming-the-chat\"><strong>\u00c9vitez de spammer le chat<\/strong><\/h2>\n<p>Si quelqu&rsquo;un indique que la contribution individuelle au cadeau de classe sera de 10 $, \u00e9vitez d&rsquo;\u00eatre la 18e personne \u00e0 r\u00e9pondre par \u00ab\u00a0OK\u00a0\u00bb. De m\u00eame, avant de poser une question, jetez un \u0153il \u00e0 l&rsquo;historique des discussions pour voir si une r\u00e9ponse a d\u00e9j\u00e0 \u00e9t\u00e9 obtenue (appuyez sur le nom du groupe et s\u00e9lectionnez l&rsquo;ic\u00f4ne de classe en forme de loupe orange pour \u00ab\u00a0Recherche de discussion\u00a0\u00bb.)<\/p>\n<p>\u00c9vitez \u00e9galement\u00a0: le text-bombing. Gardez les messages courts et peu nombreux (Trois d&rsquo;affil\u00e9e ? S&rsquo;il vous pla\u00eet, non.) Relisez avant d&rsquo;envoyer ; essayez de r\u00e9duire les mots suppl\u00e9mentaires et de le rendre plus concis. Ne posez qu&rsquo;une seule question \u00e0 la fois. Pas plus que cela, et le fil risque de devenir confus alors que les questions resteront sans r\u00e9ponse.<\/p>\n<h2 id=\"limit-the-complaints-and-arguments\">Limiter les plaintes et les disputes<\/h2>\n<p>Si vous pensez que la classe de votre fille est trop froide et que vous souhaitez savoir qui contacter au sujet du probl\u00e8me, il existe plusieurs options, dont aucune n&rsquo;implique 20 \u00e0 200 autres personnes. Essayez d&rsquo;appeler le bureau de l&rsquo;\u00e9cole, de rechercher sur Google le service des installations du district ou d&#8217;emporter un pull. <\/p>\n<p>De m\u00eame, les plaintes concernant le fait de vouloir plus de choix pour le d\u00e9jeuner, des cours de math\u00e9matiques, diff\u00e9rents sports ou la fa\u00e7on dont vous le feriez <em>jamais<\/em> donner un t\u00e9l\u00e9phone \u00e0 votre enfant \u00e0 cet \u00e2ge n&rsquo;a pas sa place dans le chat de groupe. Certains d\u2019entre nous sont juste l\u00e0 pour savoir si les bus sont en retard et quand aura lieu la f\u00eate d\u2019Halloween. <\/p>\n<h2 id=\"avoid-posting-questionable-content\">\u00c9vitez de publier du contenu douteux<br \/><\/h2>\n<p>\u00c9coutez, les m\u00e8mes et les m\u00e8mes \u00e0 eux seuls nous ont permis de traverser toute l&rsquo;ann\u00e9e 2020. Aussi divertissants soient-ils, ils ne sont pas destin\u00e9s aux discussions de groupe pseudo-professionnelles. Tout ce que nous pouvons nous sentir oblig\u00e9s d&rsquo;envoyer simplement parce que nous pensons que c&rsquo;est dr\u00f4le doit \u00eatre redirig\u00e9 vers un ami. Il en va de m\u00eame pour les cha\u00eenes de courrier non v\u00e9rifi\u00e9es avertissant les escrocs en libert\u00e9.<\/p>\n<h2 id=\"dont-over-answer-questions\"><strong>Ne r\u00e9pondez pas trop aux questions<\/strong><\/h2>\n<p>Si une question a d\u00e9j\u00e0 re\u00e7u une r\u00e9ponse ad\u00e9quate et qu&rsquo;il n&rsquo;y a plus de valeur ajout\u00e9e \u00e0 une autre r\u00e9ponse, peu importe \u00e0 quel point nous voulons dire comment <em>nous<\/em> <em>j&rsquo;ai fait cette chose<\/em>ce n&rsquo;est pas n\u00e9cessaire. Ce n&rsquo;est vraiment pas le cas. Apportez cette \u00e9nergie d\u00e9bordante sur Facebook. <\/p>\n<h2 id=\"dont-ask-questions-you-can-easily-google-for-yourself\">Ne posez pas de questions que vous pouvez facilement rechercher sur Google<\/h2>\n<p>Nous r\u00e9alisons que c&rsquo;est subjectif et que la \u00ab question stupide \u00bb d&rsquo;une personne est celle d&rsquo;une autre personne : \u00ab Je me demandais la m\u00eame chose \u00bb. Mais pouvons-nous tous convenir que demander si le d\u00e9jeuner gratuit co\u00fbte 2,45 $ ou 2,50 $ et quand a lieu le premier jour d&rsquo;\u00e9cole, quand c&rsquo;est <em>le lendemain&#8230;<\/em>n&rsquo;est-il pas intelligent ? Ch\u00e9rie, c&rsquo;est \u00e0 cela que servent les sites Web du district et tes amis. Ne posez pas cette question dans une discussion de groupe avec des dizaines, voire des centaines de parents que vous ne connaissez pas. De m\u00eame, \u00e0 moins qu&rsquo;il n&rsquo;y ait une p\u00e9nurie mondiale d&rsquo;Amazon, Target et Staples, demandez : \u00ab O\u00f9 puis-je trouver des cahiers de composition ? Il vaut vraiment mieux ne pas le demander, pour votre propre bien.<\/p>\n<p><\/p>\n","protected":false},"excerpt":{"rendered":"<p>Nous souhaitons que ces choses n\u2019aient pas \u00e0 \u00eatre dites. Mais ils le font. Oh, ils le font. C&rsquo;est \u00e0 nouveau cette p\u00e9riode de l&rsquo;ann\u00e9e,<\/p>\n","protected":false},"author":1,"featured_media":3968,"comment_status":"","ping_status":"","sticky":false,"template":"","format":"standard","meta":{"footnotes":""},"categories":[37],"tags":[1575,248,93,166,1607,127,1827,14,1319,349,3200],"class_list":["post-3967","post","type-post","status-publish","format-standard","has-post-thumbnail","hentry","category-famille","tag-arreter","tag-ces","tag-choses","tag-dans","tag-discussions","tag-faire","tag-groupe","tag-les","tag-parents","tag-scolaire","tag-veuillez","generate-columns","tablet-grid-50","mobile-grid-100","grid-parent","grid-33"],"yoast_head":"<!-- This site is optimized with the Yoast SEO plugin v24.0 - https:\/\/yoast.com\/wordpress\/plugins\/seo\/ -->\n<title>Parents, veuillez arr\u00eater de faire ces choses dans les discussions de groupe scolaire | Vie Associative<\/title>\n<meta name=\"robots\" content=\"index, follow, max-snippet:-1, max-image-preview:large, max-video-preview:-1\" \/>\n<link rel=\"canonical\" href=\"https:\/\/vieassociative.be\/actualites\/parents-veuillez-arreter-de-faire-ces-choses-dans-les-discussions-de-groupe-scolaire\/\" \/>\n<meta property=\"og:locale\" content=\"fr_FR\" \/>\n<meta property=\"og:type\" content=\"article\" \/>\n<meta property=\"og:title\" content=\"Parents, veuillez arr\u00eater de faire ces choses dans les discussions de groupe scolaire | Vie Associative\" \/>\n<meta property=\"og:description\" content=\"Nous souhaitons que ces choses n\u2019aient pas \u00e0 \u00eatre dites. Mais ils le font. Oh, ils le font. C&rsquo;est \u00e0 nouveau cette p\u00e9riode de l&rsquo;ann\u00e9e,\" \/>\n<meta property=\"og:url\" content=\"https:\/\/vieassociative.be\/actualites\/parents-veuillez-arreter-de-faire-ces-choses-dans-les-discussions-de-groupe-scolaire\/\" \/>\n<meta property=\"og:site_name\" content=\"Vie Associative\" \/>\n<meta property=\"article:published_time\" content=\"2025-01-02T05:17:25+00:00\" \/>\n<meta property=\"og:image\" content=\"https:\/\/vieassociative.be\/actualites\/wp-content\/uploads\/2024\/09\/header_backgroundk-01-e1726694325946.png\" \/>\n\t<meta property=\"og:image:width\" content=\"279\" \/>\n\t<meta property=\"og:image:height\" content=\"92\" \/>\n\t<meta property=\"og:image:type\" content=\"image\/png\" \/>\n<meta name=\"author\" content=\"Julien\" \/>\n<meta name=\"twitter:card\" content=\"summary_large_image\" \/>\n<meta name=\"twitter:label1\" content=\"\u00c9crit par\" \/>\n\t<meta name=\"twitter:data1\" content=\"Julien\" \/>\n\t<meta name=\"twitter:label2\" content=\"Dur\u00e9e de lecture est.\" \/>\n\t<meta name=\"twitter:data2\" content=\"5 minutes\" \/>\n<script type=\"application\/ld+json\" class=\"yoast-schema-graph\">{\"@context\":\"https:\/\/schema.org\",\"@graph\":[{\"@type\":\"Article\",\"@id\":\"https:\/\/vieassociative.be\/actualites\/parents-veuillez-arreter-de-faire-ces-choses-dans-les-discussions-de-groupe-scolaire\/#article\",\"isPartOf\":{\"@id\":\"https:\/\/vieassociative.be\/actualites\/parents-veuillez-arreter-de-faire-ces-choses-dans-les-discussions-de-groupe-scolaire\/\"},\"author\":{\"name\":\"Julien\",\"@id\":\"https:\/\/vieassociative.be\/actualites\/#\/schema\/person\/b87ac4f82f9d4e7b7cec7395b679edc4\"},\"headline\":\"Parents, veuillez arr\u00eater de faire ces choses dans les discussions de groupe scolaire\",\"datePublished\":\"2025-01-02T05:17:25+00:00\",\"dateModified\":\"2025-01-02T05:17:25+00:00\",\"mainEntityOfPage\":{\"@id\":\"https:\/\/vieassociative.be\/actualites\/parents-veuillez-arreter-de-faire-ces-choses-dans-les-discussions-de-groupe-scolaire\/\"},\"wordCount\":1146,\"publisher\":{\"@id\":\"https:\/\/vieassociative.be\/actualites\/#organization\"},\"image\":{\"@id\":\"https:\/\/vieassociative.be\/actualites\/parents-veuillez-arreter-de-faire-ces-choses-dans-les-discussions-de-groupe-scolaire\/#primaryimage\"},\"thumbnailUrl\":\"https:\/\/vieassociative.be\/actualites\/wp-content\/uploads\/2025\/01\/Parents-veuillez-arreter-de-faire-ces-choses-dans-les-discussions.jpg\",\"keywords\":[\"arr\u00eater\",\"ces\",\"choses\",\"dans\",\"discussions\",\"faire\",\"groupe\",\"Les\",\"parents\",\"scolaire\",\"Veuillez\"],\"articleSection\":[\"Famille\"],\"inLanguage\":\"fr-BE\"},{\"@type\":\"WebPage\",\"@id\":\"https:\/\/vieassociative.be\/actualites\/parents-veuillez-arreter-de-faire-ces-choses-dans-les-discussions-de-groupe-scolaire\/\",\"url\":\"https:\/\/vieassociative.be\/actualites\/parents-veuillez-arreter-de-faire-ces-choses-dans-les-discussions-de-groupe-scolaire\/\",\"name\":\"Parents, veuillez arr\u00eater de faire ces choses dans les discussions de groupe scolaire | Vie Associative\",\"isPartOf\":{\"@id\":\"https:\/\/vieassociative.be\/actualites\/#website\"},\"primaryImageOfPage\":{\"@id\":\"https:\/\/vieassociative.be\/actualites\/parents-veuillez-arreter-de-faire-ces-choses-dans-les-discussions-de-groupe-scolaire\/#primaryimage\"},\"image\":{\"@id\":\"https:\/\/vieassociative.be\/actualites\/parents-veuillez-arreter-de-faire-ces-choses-dans-les-discussions-de-groupe-scolaire\/#primaryimage\"},\"thumbnailUrl\":\"https:\/\/vieassociative.be\/actualites\/wp-content\/uploads\/2025\/01\/Parents-veuillez-arreter-de-faire-ces-choses-dans-les-discussions.jpg\",\"datePublished\":\"2025-01-02T05:17:25+00:00\",\"dateModified\":\"2025-01-02T05:17:25+00:00\",\"breadcrumb\":{\"@id\":\"https:\/\/vieassociative.be\/actualites\/parents-veuillez-arreter-de-faire-ces-choses-dans-les-discussions-de-groupe-scolaire\/#breadcrumb\"},\"inLanguage\":\"fr-BE\",\"potentialAction\":[{\"@type\":\"ReadAction\",\"target\":[\"https:\/\/vieassociative.be\/actualites\/parents-veuillez-arreter-de-faire-ces-choses-dans-les-discussions-de-groupe-scolaire\/\"]}]},{\"@type\":\"ImageObject\",\"inLanguage\":\"fr-BE\",\"@id\":\"https:\/\/vieassociative.be\/actualites\/parents-veuillez-arreter-de-faire-ces-choses-dans-les-discussions-de-groupe-scolaire\/#primaryimage\",\"url\":\"https:\/\/vieassociative.be\/actualites\/wp-content\/uploads\/2025\/01\/Parents-veuillez-arreter-de-faire-ces-choses-dans-les-discussions.jpg\",\"contentUrl\":\"https:\/\/vieassociative.be\/actualites\/wp-content\/uploads\/2025\/01\/Parents-veuillez-arreter-de-faire-ces-choses-dans-les-discussions.jpg\",\"width\":1200,\"height\":675,\"caption\":\"Parents, veuillez arr\u00eater de faire ces choses dans les discussions de groupe scolaire\"},{\"@type\":\"BreadcrumbList\",\"@id\":\"https:\/\/vieassociative.be\/actualites\/parents-veuillez-arreter-de-faire-ces-choses-dans-les-discussions-de-groupe-scolaire\/#breadcrumb\",\"itemListElement\":[{\"@type\":\"ListItem\",\"position\":1,\"name\":\"Accueil\",\"item\":\"https:\/\/vieassociative.be\/actualites\/\"},{\"@type\":\"ListItem\",\"position\":2,\"name\":\"Parents, veuillez arr\u00eater de faire ces choses dans les discussions de groupe scolaire\"}]},{\"@type\":\"WebSite\",\"@id\":\"https:\/\/vieassociative.be\/actualites\/#website\",\"url\":\"https:\/\/vieassociative.be\/actualites\/\",\"name\":\"Vie Associative\",\"description\":\"\",\"publisher\":{\"@id\":\"https:\/\/vieassociative.be\/actualites\/#organization\"},\"potentialAction\":[{\"@type\":\"SearchAction\",\"target\":{\"@type\":\"EntryPoint\",\"urlTemplate\":\"https:\/\/vieassociative.be\/actualites\/?s={search_term_string}\"},\"query-input\":{\"@type\":\"PropertyValueSpecification\",\"valueRequired\":true,\"valueName\":\"search_term_string\"}}],\"inLanguage\":\"fr-BE\"},{\"@type\":\"Organization\",\"@id\":\"https:\/\/vieassociative.be\/actualites\/#organization\",\"name\":\"Vie Associative\",\"url\":\"https:\/\/vieassociative.be\/actualites\/\",\"logo\":{\"@type\":\"ImageObject\",\"inLanguage\":\"fr-BE\",\"@id\":\"https:\/\/vieassociative.be\/actualites\/#\/schema\/logo\/image\/\",\"url\":\"https:\/\/vieassociative.be\/actualites\/wp-content\/uploads\/2024\/09\/cropped-vieassociative_favicon.ico.png\",\"contentUrl\":\"https:\/\/vieassociative.be\/actualites\/wp-content\/uploads\/2024\/09\/cropped-vieassociative_favicon.ico.png\",\"width\":512,\"height\":512,\"caption\":\"Vie Associative\"},\"image\":{\"@id\":\"https:\/\/vieassociative.be\/actualites\/#\/schema\/logo\/image\/\"}},{\"@type\":\"Person\",\"@id\":\"https:\/\/vieassociative.be\/actualites\/#\/schema\/person\/b87ac4f82f9d4e7b7cec7395b679edc4\",\"name\":\"Julien\",\"image\":{\"@type\":\"ImageObject\",\"inLanguage\":\"fr-BE\",\"@id\":\"https:\/\/vieassociative.be\/actualites\/#\/schema\/person\/image\/\",\"url\":\"https:\/\/vieassociative.be\/actualites\/wp-content\/uploads\/2024\/09\/vie-associative-1-150x150.jpg\",\"contentUrl\":\"https:\/\/vieassociative.be\/actualites\/wp-content\/uploads\/2024\/09\/vie-associative-1-150x150.jpg\",\"caption\":\"Julien\"},\"description\":\"Je suis Julien, r\u00e9dacteur pour Vie Associative. Passionn\u00e9 par le monde associatif depuis plus de 10 ans, j'ai \u00e0 c\u0153ur de partager des histoires inspirantes et de mettre en lumi\u00e8re les initiatives locales. Mon objectif est de sensibiliser et d'encourager l'engagement communautaire \u00e0 travers mes articles.\",\"sameAs\":[\"https:\/\/vieassociative.be\/\"]}]}<\/script>\n<!-- \/ Yoast SEO plugin. -->","yoast_head_json":{"title":"Parents, veuillez arr\u00eater de faire ces choses dans les discussions de groupe scolaire | Vie Associative","robots":{"index":"index","follow":"follow","max-snippet":"max-snippet:-1","max-image-preview":"max-image-preview:large","max-video-preview":"max-video-preview:-1"},"canonical":"https:\/\/vieassociative.be\/actualites\/parents-veuillez-arreter-de-faire-ces-choses-dans-les-discussions-de-groupe-scolaire\/","og_locale":"fr_FR","og_type":"article","og_title":"Parents, veuillez arr\u00eater de faire ces choses dans les discussions de groupe scolaire | Vie Associative","og_description":"Nous souhaitons que ces choses n\u2019aient pas \u00e0 \u00eatre dites. Mais ils le font. Oh, ils le font. C&rsquo;est \u00e0 nouveau cette p\u00e9riode de l&rsquo;ann\u00e9e,","og_url":"https:\/\/vieassociative.be\/actualites\/parents-veuillez-arreter-de-faire-ces-choses-dans-les-discussions-de-groupe-scolaire\/","og_site_name":"Vie Associative","article_published_time":"2025-01-02T05:17:25+00:00","og_image":[{"width":279,"height":92,"url":"https:\/\/vieassociative.be\/actualites\/wp-content\/uploads\/2024\/09\/header_backgroundk-01-e1726694325946.png","type":"image\/png"}],"author":"Julien","twitter_card":"summary_large_image","twitter_misc":{"\u00c9crit par":"Julien","Dur\u00e9e de lecture est.":"5 minutes"},"schema":{"@context":"https:\/\/schema.org","@graph":[{"@type":"Article","@id":"https:\/\/vieassociative.be\/actualites\/parents-veuillez-arreter-de-faire-ces-choses-dans-les-discussions-de-groupe-scolaire\/#article","isPartOf":{"@id":"https:\/\/vieassociative.be\/actualites\/parents-veuillez-arreter-de-faire-ces-choses-dans-les-discussions-de-groupe-scolaire\/"},"author":{"name":"Julien","@id":"https:\/\/vieassociative.be\/actualites\/#\/schema\/person\/b87ac4f82f9d4e7b7cec7395b679edc4"},"headline":"Parents, veuillez arr\u00eater de faire ces choses dans les discussions de groupe scolaire","datePublished":"2025-01-02T05:17:25+00:00","dateModified":"2025-01-02T05:17:25+00:00","mainEntityOfPage":{"@id":"https:\/\/vieassociative.be\/actualites\/parents-veuillez-arreter-de-faire-ces-choses-dans-les-discussions-de-groupe-scolaire\/"},"wordCount":1146,"publisher":{"@id":"https:\/\/vieassociative.be\/actualites\/#organization"},"image":{"@id":"https:\/\/vieassociative.be\/actualites\/parents-veuillez-arreter-de-faire-ces-choses-dans-les-discussions-de-groupe-scolaire\/#primaryimage"},"thumbnailUrl":"https:\/\/vieassociative.be\/actualites\/wp-content\/uploads\/2025\/01\/Parents-veuillez-arreter-de-faire-ces-choses-dans-les-discussions.jpg","keywords":["arr\u00eater","ces","choses","dans","discussions","faire","groupe","Les","parents","scolaire","Veuillez"],"articleSection":["Famille"],"inLanguage":"fr-BE"},{"@type":"WebPage","@id":"https:\/\/vieassociative.be\/actualites\/parents-veuillez-arreter-de-faire-ces-choses-dans-les-discussions-de-groupe-scolaire\/","url":"https:\/\/vieassociative.be\/actualites\/parents-veuillez-arreter-de-faire-ces-choses-dans-les-discussions-de-groupe-scolaire\/","name":"Parents, veuillez arr\u00eater de faire ces choses dans les discussions de groupe scolaire | Vie Associative","isPartOf":{"@id":"https:\/\/vieassociative.be\/actualites\/#website"},"primaryImageOfPage":{"@id":"https:\/\/vieassociative.be\/actualites\/parents-veuillez-arreter-de-faire-ces-choses-dans-les-discussions-de-groupe-scolaire\/#primaryimage"},"image":{"@id":"https:\/\/vieassociative.be\/actualites\/parents-veuillez-arreter-de-faire-ces-choses-dans-les-discussions-de-groupe-scolaire\/#primaryimage"},"thumbnailUrl":"https:\/\/vieassociative.be\/actualites\/wp-content\/uploads\/2025\/01\/Parents-veuillez-arreter-de-faire-ces-choses-dans-les-discussions.jpg","datePublished":"2025-01-02T05:17:25+00:00","dateModified":"2025-01-02T05:17:25+00:00","breadcrumb":{"@id":"https:\/\/vieassociative.be\/actualites\/parents-veuillez-arreter-de-faire-ces-choses-dans-les-discussions-de-groupe-scolaire\/#breadcrumb"},"inLanguage":"fr-BE","potentialAction":[{"@type":"ReadAction","target":["https:\/\/vieassociative.be\/actualites\/parents-veuillez-arreter-de-faire-ces-choses-dans-les-discussions-de-groupe-scolaire\/"]}]},{"@type":"ImageObject","inLanguage":"fr-BE","@id":"https:\/\/vieassociative.be\/actualites\/parents-veuillez-arreter-de-faire-ces-choses-dans-les-discussions-de-groupe-scolaire\/#primaryimage","url":"https:\/\/vieassociative.be\/actualites\/wp-content\/uploads\/2025\/01\/Parents-veuillez-arreter-de-faire-ces-choses-dans-les-discussions.jpg","contentUrl":"https:\/\/vieassociative.be\/actualites\/wp-content\/uploads\/2025\/01\/Parents-veuillez-arreter-de-faire-ces-choses-dans-les-discussions.jpg","width":1200,"height":675,"caption":"Parents, veuillez arr\u00eater de faire ces choses dans les discussions de groupe scolaire"},{"@type":"BreadcrumbList","@id":"https:\/\/vieassociative.be\/actualites\/parents-veuillez-arreter-de-faire-ces-choses-dans-les-discussions-de-groupe-scolaire\/#breadcrumb","itemListElement":[{"@type":"ListItem","position":1,"name":"Accueil","item":"https:\/\/vieassociative.be\/actualites\/"},{"@type":"ListItem","position":2,"name":"Parents, veuillez arr\u00eater de faire ces choses dans les discussions de groupe scolaire"}]},{"@type":"WebSite","@id":"https:\/\/vieassociative.be\/actualites\/#website","url":"https:\/\/vieassociative.be\/actualites\/","name":"Vie Associative","description":"","publisher":{"@id":"https:\/\/vieassociative.be\/actualites\/#organization"},"potentialAction":[{"@type":"SearchAction","target":{"@type":"EntryPoint","urlTemplate":"https:\/\/vieassociative.be\/actualites\/?s={search_term_string}"},"query-input":{"@type":"PropertyValueSpecification","valueRequired":true,"valueName":"search_term_string"}}],"inLanguage":"fr-BE"},{"@type":"Organization","@id":"https:\/\/vieassociative.be\/actualites\/#organization","name":"Vie Associative","url":"https:\/\/vieassociative.be\/actualites\/","logo":{"@type":"ImageObject","inLanguage":"fr-BE","@id":"https:\/\/vieassociative.be\/actualites\/#\/schema\/logo\/image\/","url":"https:\/\/vieassociative.be\/actualites\/wp-content\/uploads\/2024\/09\/cropped-vieassociative_favicon.ico.png","contentUrl":"https:\/\/vieassociative.be\/actualites\/wp-content\/uploads\/2024\/09\/cropped-vieassociative_favicon.ico.png","width":512,"height":512,"caption":"Vie Associative"},"image":{"@id":"https:\/\/vieassociative.be\/actualites\/#\/schema\/logo\/image\/"}},{"@type":"Person","@id":"https:\/\/vieassociative.be\/actualites\/#\/schema\/person\/b87ac4f82f9d4e7b7cec7395b679edc4","name":"Julien","image":{"@type":"ImageObject","inLanguage":"fr-BE","@id":"https:\/\/vieassociative.be\/actualites\/#\/schema\/person\/image\/","url":"https:\/\/vieassociative.be\/actualites\/wp-content\/uploads\/2024\/09\/vie-associative-1-150x150.jpg","contentUrl":"https:\/\/vieassociative.be\/actualites\/wp-content\/uploads\/2024\/09\/vie-associative-1-150x150.jpg","caption":"Julien"},"description":"Je suis Julien, r\u00e9dacteur pour Vie Associative. Passionn\u00e9 par le monde associatif depuis plus de 10 ans, j'ai \u00e0 c\u0153ur de partager des histoires inspirantes et de mettre en lumi\u00e8re les initiatives locales. Mon objectif est de sensibiliser et d'encourager l'engagement communautaire \u00e0 travers mes articles.","sameAs":["https:\/\/vieassociative.be\/"]}]}},"_links":{"self":[{"href":"https:\/\/vieassociative.be\/actualites\/wp-json\/wp\/v2\/posts\/3967"}],"collection":[{"href":"https:\/\/vieassociative.be\/actualites\/wp-json\/wp\/v2\/posts"}],"about":[{"href":"https:\/\/vieassociative.be\/actualites\/wp-json\/wp\/v2\/types\/post"}],"author":[{"embeddable":true,"href":"https:\/\/vieassociative.be\/actualites\/wp-json\/wp\/v2\/users\/1"}],"replies":[{"embeddable":true,"href":"https:\/\/vieassociative.be\/actualites\/wp-json\/wp\/v2\/comments?post=3967"}],"version-history":[{"count":0,"href":"https:\/\/vieassociative.be\/actualites\/wp-json\/wp\/v2\/posts\/3967\/revisions"}],"wp:featuredmedia":[{"embeddable":true,"href":"https:\/\/vieassociative.be\/actualites\/wp-json\/wp\/v2\/media\/3968"}],"wp:attachment":[{"href":"https:\/\/vieassociative.be\/actualites\/wp-json\/wp\/v2\/media?parent=3967"}],"wp:term":[{"taxonomy":"category","embeddable":true,"href":"https:\/\/vieassociative.be\/actualites\/wp-json\/wp\/v2\/categories?post=3967"},{"taxonomy":"post_tag","embeddable":true,"href":"https:\/\/vieassociative.be\/actualites\/wp-json\/wp\/v2\/tags?post=3967"}],"curies":[{"name":"wp","href":"https:\/\/api.w.org\/{rel}","templated":true}]}}