{"id":3963,"date":"2025-01-02T03:18:26","date_gmt":"2025-01-02T02:18:26","guid":{"rendered":"https:\/\/vieassociative.be\/actualites\/dix-morts-apres-un-acte-terroriste-presume-a-la-nouvelle-orleans-une-voiture-fonce-sur-la-foule-trump-se-plaint-dune-criminalite-elevee\/"},"modified":"2025-01-02T03:18:26","modified_gmt":"2025-01-02T02:18:26","slug":"dix-morts-apres-un-acte-terroriste-presume-a-la-nouvelle-orleans-une-voiture-fonce-sur-la-foule-trump-se-plaint-dune-criminalite-elevee","status":"publish","type":"post","link":"https:\/\/vieassociative.be\/actualites\/dix-morts-apres-un-acte-terroriste-presume-a-la-nouvelle-orleans-une-voiture-fonce-sur-la-foule-trump-se-plaint-dune-criminalite-elevee\/","title":{"rendered":"Dix morts apr\u00e8s un acte terroriste pr\u00e9sum\u00e9 \u00e0 la Nouvelle-Orl\u00e9ans : une voiture fonce sur la foule \u2013 Trump se plaint d&rsquo;une criminalit\u00e9 \u00e9lev\u00e9e"},"content":{"rendered":"<p><strong>MISE \u00c0 JOUR &#8211; Le pr\u00e9sident \u00e9lu am\u00e9ricain Donald Trump a comment\u00e9 la pulsion de mort \u00e0 la Nouvelle-Orl\u00e9ans. L\u00e0, un homme est entr\u00e9 dans la foule. 10 personnes sont mortes et une trentaine d&rsquo;autres personnes ont \u00e9t\u00e9 bless\u00e9es.<\/strong><\/p>\n<p><strong><span id=\"more-405188\"><\/span><\/strong>\u00ab\u00a0Nos pens\u00e9es vont \u00e0 toutes les victimes innocentes et \u00e0 leurs proches, y compris les courageux policiers de la Nouvelle-Orl\u00e9ans\u00a0\u00bb, a \u00e9crit le r\u00e9publicain sur sa plateforme en ligne Truth Social \u00e0 propos de l&rsquo;incident qui a fait au moins dix morts.<\/p>\n<p>\u00ab\u00a0Quand j&rsquo;ai dit que les criminels qui entraient dans notre pays \u00e9taient bien pires que les criminels que nous avons dans le pays, ma d\u00e9claration a \u00e9t\u00e9 constamment rejet\u00e9e par les d\u00e9mocrates et par les faux m\u00e9dias, mais elle s&rsquo;est av\u00e9r\u00e9e vraie, \u00bb Trump a poursuivi, sugg\u00e9rant une possible origine \u00e9trang\u00e8re de l&rsquo;auteur, ce qui n&rsquo;a pas \u00e9t\u00e9 confirm\u00e9 par les enqu\u00eateurs.<\/p>\n<div id=\"attachment_405193\" class=\"wp-caption alignleft\" style=\"max-width: 300px\"><img fetchpriority=\"high\" decoding=\"async\" class=\"wp-image-405193 size-medium\" src=\"https:\/\/vieassociative.be\/actualites\/wp-content\/uploads\/2025\/01\/Dix-morts-apres-un-acte-terroriste-presume-a-la-Nouvelle-Orleans.jpg\" alt=\"\" width=\"300\" height=\"200\"><\/p>\n<p class=\"wp-caption-text\">01\/01\/2025, \u00c9tats-Unis, Nouvelle-Orl\u00e9ans : des secouristes entrent sur les lieux de Bourbon Street apr\u00e8s qu&rsquo;un v\u00e9hicule a percut\u00e9 une foule dans les rues Canal et Bourbon \u00e0 la Nouvelle-Orl\u00e9ans. Photo : G\u00e9rald Herbert\/AP\/dpa<\/p>\n<\/div>\n<p>\u00ab Les taux de criminalit\u00e9 dans notre pays ont atteint des niveaux jamais vus auparavant \u00bb, a \u00e9crit Trump. Sa d\u00e9claration contredit les statistiques : selon elles, le taux de criminalit\u00e9 a consid\u00e9rablement diminu\u00e9 ces derni\u00e8res ann\u00e9es.<\/p>\n<p>Dans le centre de la Nouvelle-Orl\u00e9ans, une m\u00e9tropole du sud des \u00c9tats-Unis, un homme a fonc\u00e9 avec sa voiture sur une foule, tuant au moins dix personnes et en blessant plus de 30 autres. C&rsquo;est ce qu&rsquo;a annonc\u00e9 la ville am\u00e9ricaine de l&rsquo;\u00c9tat de Louisiane.<\/p>\n<p>Selon le FBI de la police f\u00e9d\u00e9rale am\u00e9ricaine, l&rsquo;auteur est mort. Il y a eu un \u00e9change de coups de feu entre lui et les services d&rsquo;urgence. L&rsquo;homme est depuis d\u00e9c\u00e9d\u00e9, a indiqu\u00e9 l&rsquo;autorit\u00e9 dans un communiqu\u00e9. Le FBI consid\u00e8re donc cet acte comme un \u00ab acte de terrorisme \u00bb.<\/p>\n<p>La police avait pr\u00e9c\u00e9demment \u00e9voqu\u00e9 un \u00ab comportement tr\u00e8s d\u00e9lib\u00e9r\u00e9 \u00bb de la part du conducteur. \u00ab\u00a0Il essayait d&rsquo;\u00e9craser autant de personnes que possible\u00a0\u00bb, a d\u00e9clar\u00e9 la chef de la police Anne Kirkpatrick lors d&rsquo;une conf\u00e9rence de presse.<\/p>\n<p>L&rsquo;incident s&rsquo;est produit \u00e0 l&rsquo;angle des deux rues principales du quartier fran\u00e7ais, les rues Canal et Bourbon, aux premi\u00e8res heures du Nouvel An (heure locale). Cette partie de la ville est une zone de vie nocturne populaire et est \u00e9galement anim\u00e9e le soir du Nouvel An. Les secours sont intervenus face \u00e0 un \u00ab \u00e9v\u00e9nement avec de nombreuses victimes \u00bb, comme l&rsquo;a indiqu\u00e9 la ville.<\/p>\n<\/p>\n<div id=\"attachment_405201\" class=\"wp-caption alignnone\" style=\"max-width: 300px\"><img decoding=\"async\" src=\"https:\/\/vieassociative.be\/actualites\/wp-content\/uploads\/2025\/01\/1735784306_676_Dix-morts-apres-un-acte-terroriste-presume-a-la-Nouvelle-Orleans.jpg\" alt=\"\" width=\"300\" height=\"200\" class=\"size-medium wp-image-405201\"><\/p>\n<p class=\"wp-caption-text\">31 d\u00e9cembre 2024, \u00c9tats-Unis, Palm Beach : Melania Trump regarde pendant que le pr\u00e9sident am\u00e9ricain \u00e9lu Donald Trump s&rsquo;adresse aux journalistes avant une f\u00eate du nouvel an \u00e0 Mar-a-Lago. Photo : Evan Vucci\/AP\/dpa<\/p>\n<\/div>\n<p><strong>\u2013 Le maire parle de terreur :<\/strong><br \/>\n Le maire de la ville, LaToya Cantrell, avait d\u00e9j\u00e0 parl\u00e9 d&rsquo;une \u00ab\u00a0attaque terroriste\u00a0\u00bb dans un premier communiqu\u00e9, une \u00e9valuation que l&rsquo;enqu\u00eateuse du FBI en charge, Alethea Duncan, avait initialement contredite. Cantrell a d\u00e9clar\u00e9 qu&rsquo;elle \u00e9tait en contact avec la Maison Blanche et le gouverneur de la Louisiane. Le pr\u00e9sident am\u00e9ricain Joe Biden a \u00e9t\u00e9 inform\u00e9 de l&rsquo;incident et est en contact avec les enqu\u00eateurs locaux, a indiqu\u00e9 la Maison Blanche.<\/p>\n<p>La cha\u00eene de t\u00e9l\u00e9vision am\u00e9ricaine CBS News a rapport\u00e9 que, selon des t\u00e9moins oculaires, c&rsquo;\u00e9tait une camionnette plus grande qui s&rsquo;\u00e9tait pr\u00e9cipit\u00e9e vers la foule \u00e0 grande vitesse sur Bourbon Street. Le conducteur serait alors sorti et aurait tir\u00e9 avec une arme \u00e0 feu. Aucune information n&rsquo;\u00e9tait actuellement disponible sur l&rsquo;identit\u00e9 du conducteur.<\/p>\n<p><strong>\u2013 Op\u00e9ration d\u2019envergure dans un quartier populaire de la vie nocturne :<\/strong> L&rsquo;agresseur aurait tir\u00e9 sur deux policiers alors qu&rsquo;il conduisait. Tous deux sont hospitalis\u00e9s et dans un \u00ab \u00e9tat stable \u00bb, a d\u00e9clar\u00e9 le chef de la police Kirkpatrick. Selon les conclusions de la police, le nombre de personnes bless\u00e9es s&rsquo;\u00e9l\u00e8ve d\u00e9sormais \u00e0 35. Selon les premi\u00e8res enqu\u00eates, la plupart d&rsquo;entre eux sont des habitants de la Nouvelle-Orl\u00e9ans, quelques-uns d&rsquo;entre eux sont des touristes, a poursuivi Kirkpatrick.<\/p>\n<p>Le gouverneur de la Louisiane, Jeff Landry, a qualifi\u00e9 ce qui s&rsquo;est pass\u00e9 au News Service X de \u00ab terrible acte de violence \u00bb. \u00ab S&rsquo;il vous pla\u00eet, rejoignez Sharon et moi pour prier pour toutes les victimes et les premiers intervenants sur place \u00bb, a-t-il \u00e9crit, faisant r\u00e9f\u00e9rence \u00e0 son \u00e9pouse Sharon \u2013 et a appel\u00e9 les gens \u00e0 \u00e9viter la zone du crime.<\/p>\n<p>Un important contingent de secouristes \u00e9tait sur place. Selon un journaliste de WWLTV, la police a \u00e9vacu\u00e9 les restaurants et les bars de Bourbon Street et boucl\u00e9 une grande partie de la rue. (dpa)<\/p>\n","protected":false},"excerpt":{"rendered":"<p>MISE \u00c0 JOUR &#8211; Le pr\u00e9sident \u00e9lu am\u00e9ricain Donald Trump a comment\u00e9 la pulsion de mort \u00e0 la Nouvelle-Orl\u00e9ans. L\u00e0, un homme est entr\u00e9 dans<\/p>\n","protected":false},"author":1,"featured_media":3964,"comment_status":"","ping_status":"","sticky":false,"template":"","format":"standard","meta":{"footnotes":""},"categories":[298],"tags":[4424,472,4429,117,698,4430,4162,4428,439,4427,4067,4426,33,4425,2425,110,1229],"class_list":["post-3963","post","type-post","status-publish","format-standard","has-post-thumbnail","hentry","category-belgique","tag-acte","tag-apres","tag-criminalite","tag-dix","tag-dune","tag-elevee","tag-fonce","tag-foule","tag-morts","tag-nouvelleorleans","tag-plaint","tag-presume","tag-sur","tag-terroriste","tag-trump","tag-une","tag-voiture","generate-columns","tablet-grid-50","mobile-grid-100","grid-parent","grid-33"],"yoast_head":"<!-- This site is optimized with the Yoast SEO plugin v24.0 - https:\/\/yoast.com\/wordpress\/plugins\/seo\/ -->\n<title>Dix morts apr\u00e8s un acte terroriste pr\u00e9sum\u00e9 \u00e0 la Nouvelle-Orl\u00e9ans : une voiture fonce sur la foule \u2013 Trump se plaint d&#039;une criminalit\u00e9 \u00e9lev\u00e9e | Vie Associative<\/title>\n<meta name=\"robots\" content=\"index, follow, max-snippet:-1, max-image-preview:large, max-video-preview:-1\" \/>\n<link rel=\"canonical\" href=\"https:\/\/vieassociative.be\/actualites\/dix-morts-apres-un-acte-terroriste-presume-a-la-nouvelle-orleans-une-voiture-fonce-sur-la-foule-trump-se-plaint-dune-criminalite-elevee\/\" \/>\n<meta property=\"og:locale\" content=\"fr_FR\" \/>\n<meta property=\"og:type\" content=\"article\" \/>\n<meta property=\"og:title\" content=\"Dix morts apr\u00e8s un acte terroriste pr\u00e9sum\u00e9 \u00e0 la Nouvelle-Orl\u00e9ans : une voiture fonce sur la foule \u2013 Trump se plaint d&#039;une criminalit\u00e9 \u00e9lev\u00e9e | Vie Associative\" \/>\n<meta property=\"og:description\" content=\"MISE \u00c0 JOUR &#8211; Le pr\u00e9sident \u00e9lu am\u00e9ricain Donald Trump a comment\u00e9 la pulsion de mort \u00e0 la Nouvelle-Orl\u00e9ans. L\u00e0, un homme est entr\u00e9 dans\" \/>\n<meta property=\"og:url\" content=\"https:\/\/vieassociative.be\/actualites\/dix-morts-apres-un-acte-terroriste-presume-a-la-nouvelle-orleans-une-voiture-fonce-sur-la-foule-trump-se-plaint-dune-criminalite-elevee\/\" \/>\n<meta property=\"og:site_name\" content=\"Vie Associative\" \/>\n<meta property=\"article:published_time\" content=\"2025-01-02T02:18:26+00:00\" \/>\n<meta property=\"og:image\" content=\"https:\/\/vieassociative.be\/actualites\/wp-content\/uploads\/2024\/09\/header_backgroundk-01-e1726694325946.png\" \/>\n\t<meta property=\"og:image:width\" content=\"279\" \/>\n\t<meta property=\"og:image:height\" content=\"92\" \/>\n\t<meta property=\"og:image:type\" content=\"image\/png\" \/>\n<meta name=\"author\" content=\"Julien\" \/>\n<meta name=\"twitter:card\" content=\"summary_large_image\" \/>\n<meta name=\"twitter:label1\" content=\"\u00c9crit par\" \/>\n\t<meta name=\"twitter:data1\" content=\"Julien\" \/>\n\t<meta name=\"twitter:label2\" content=\"Dur\u00e9e de lecture est.\" \/>\n\t<meta name=\"twitter:data2\" content=\"4 minutes\" \/>\n<script type=\"application\/ld+json\" class=\"yoast-schema-graph\">{\"@context\":\"https:\/\/schema.org\",\"@graph\":[{\"@type\":\"Article\",\"@id\":\"https:\/\/vieassociative.be\/actualites\/dix-morts-apres-un-acte-terroriste-presume-a-la-nouvelle-orleans-une-voiture-fonce-sur-la-foule-trump-se-plaint-dune-criminalite-elevee\/#article\",\"isPartOf\":{\"@id\":\"https:\/\/vieassociative.be\/actualites\/dix-morts-apres-un-acte-terroriste-presume-a-la-nouvelle-orleans-une-voiture-fonce-sur-la-foule-trump-se-plaint-dune-criminalite-elevee\/\"},\"author\":{\"name\":\"Julien\",\"@id\":\"https:\/\/vieassociative.be\/actualites\/#\/schema\/person\/b87ac4f82f9d4e7b7cec7395b679edc4\"},\"headline\":\"Dix morts apr\u00e8s un acte terroriste pr\u00e9sum\u00e9 \u00e0 la Nouvelle-Orl\u00e9ans : une voiture fonce sur la foule \u2013 Trump se plaint d&rsquo;une criminalit\u00e9 \u00e9lev\u00e9e\",\"datePublished\":\"2025-01-02T02:18:26+00:00\",\"dateModified\":\"2025-01-02T02:18:26+00:00\",\"mainEntityOfPage\":{\"@id\":\"https:\/\/vieassociative.be\/actualites\/dix-morts-apres-un-acte-terroriste-presume-a-la-nouvelle-orleans-une-voiture-fonce-sur-la-foule-trump-se-plaint-dune-criminalite-elevee\/\"},\"wordCount\":847,\"publisher\":{\"@id\":\"https:\/\/vieassociative.be\/actualites\/#organization\"},\"image\":{\"@id\":\"https:\/\/vieassociative.be\/actualites\/dix-morts-apres-un-acte-terroriste-presume-a-la-nouvelle-orleans-une-voiture-fonce-sur-la-foule-trump-se-plaint-dune-criminalite-elevee\/#primaryimage\"},\"thumbnailUrl\":\"https:\/\/vieassociative.be\/actualites\/wp-content\/uploads\/2025\/01\/1735784307_Dix-morts-apres-un-acte-terroriste-presume-a-la-Nouvelle-Orleans.jpg\",\"keywords\":[\"acte\",\"Apr\u00e8s\",\"criminalit\u00e9\",\"Dix\",\"dune\",\"\u00e9lev\u00e9e\",\"fonce\",\"foule\",\"morts\",\"NouvelleOrl\u00e9ans\",\"plaint\",\"pr\u00e9sum\u00e9\",\"sur\",\"terroriste\",\"Trump\",\"une\",\"voiture\"],\"articleSection\":[\"Belgique\"],\"inLanguage\":\"fr-BE\"},{\"@type\":\"WebPage\",\"@id\":\"https:\/\/vieassociative.be\/actualites\/dix-morts-apres-un-acte-terroriste-presume-a-la-nouvelle-orleans-une-voiture-fonce-sur-la-foule-trump-se-plaint-dune-criminalite-elevee\/\",\"url\":\"https:\/\/vieassociative.be\/actualites\/dix-morts-apres-un-acte-terroriste-presume-a-la-nouvelle-orleans-une-voiture-fonce-sur-la-foule-trump-se-plaint-dune-criminalite-elevee\/\",\"name\":\"Dix morts apr\u00e8s un acte terroriste pr\u00e9sum\u00e9 \u00e0 la Nouvelle-Orl\u00e9ans : une voiture fonce sur la foule \u2013 Trump se plaint d'une criminalit\u00e9 \u00e9lev\u00e9e | Vie Associative\",\"isPartOf\":{\"@id\":\"https:\/\/vieassociative.be\/actualites\/#website\"},\"primaryImageOfPage\":{\"@id\":\"https:\/\/vieassociative.be\/actualites\/dix-morts-apres-un-acte-terroriste-presume-a-la-nouvelle-orleans-une-voiture-fonce-sur-la-foule-trump-se-plaint-dune-criminalite-elevee\/#primaryimage\"},\"image\":{\"@id\":\"https:\/\/vieassociative.be\/actualites\/dix-morts-apres-un-acte-terroriste-presume-a-la-nouvelle-orleans-une-voiture-fonce-sur-la-foule-trump-se-plaint-dune-criminalite-elevee\/#primaryimage\"},\"thumbnailUrl\":\"https:\/\/vieassociative.be\/actualites\/wp-content\/uploads\/2025\/01\/1735784307_Dix-morts-apres-un-acte-terroriste-presume-a-la-Nouvelle-Orleans.jpg\",\"datePublished\":\"2025-01-02T02:18:26+00:00\",\"dateModified\":\"2025-01-02T02:18:26+00:00\",\"breadcrumb\":{\"@id\":\"https:\/\/vieassociative.be\/actualites\/dix-morts-apres-un-acte-terroriste-presume-a-la-nouvelle-orleans-une-voiture-fonce-sur-la-foule-trump-se-plaint-dune-criminalite-elevee\/#breadcrumb\"},\"inLanguage\":\"fr-BE\",\"potentialAction\":[{\"@type\":\"ReadAction\",\"target\":[\"https:\/\/vieassociative.be\/actualites\/dix-morts-apres-un-acte-terroriste-presume-a-la-nouvelle-orleans-une-voiture-fonce-sur-la-foule-trump-se-plaint-dune-criminalite-elevee\/\"]}]},{\"@type\":\"ImageObject\",\"inLanguage\":\"fr-BE\",\"@id\":\"https:\/\/vieassociative.be\/actualites\/dix-morts-apres-un-acte-terroriste-presume-a-la-nouvelle-orleans-une-voiture-fonce-sur-la-foule-trump-se-plaint-dune-criminalite-elevee\/#primaryimage\",\"url\":\"https:\/\/vieassociative.be\/actualites\/wp-content\/uploads\/2025\/01\/1735784307_Dix-morts-apres-un-acte-terroriste-presume-a-la-Nouvelle-Orleans.jpg\",\"contentUrl\":\"https:\/\/vieassociative.be\/actualites\/wp-content\/uploads\/2025\/01\/1735784307_Dix-morts-apres-un-acte-terroriste-presume-a-la-Nouvelle-Orleans.jpg\",\"width\":1200,\"height\":800,\"caption\":\"Dix morts apr\u00e8s un acte terroriste pr\u00e9sum\u00e9 \u00e0 la Nouvelle-Orl\u00e9ans : une voiture fonce sur la foule \u2013 Trump se plaint d'une criminalit\u00e9 \u00e9lev\u00e9e\"},{\"@type\":\"BreadcrumbList\",\"@id\":\"https:\/\/vieassociative.be\/actualites\/dix-morts-apres-un-acte-terroriste-presume-a-la-nouvelle-orleans-une-voiture-fonce-sur-la-foule-trump-se-plaint-dune-criminalite-elevee\/#breadcrumb\",\"itemListElement\":[{\"@type\":\"ListItem\",\"position\":1,\"name\":\"Accueil\",\"item\":\"https:\/\/vieassociative.be\/actualites\/\"},{\"@type\":\"ListItem\",\"position\":2,\"name\":\"Dix morts apr\u00e8s un acte terroriste pr\u00e9sum\u00e9 \u00e0 la Nouvelle-Orl\u00e9ans : une voiture fonce sur la foule \u2013 Trump se plaint d&rsquo;une criminalit\u00e9 \u00e9lev\u00e9e\"}]},{\"@type\":\"WebSite\",\"@id\":\"https:\/\/vieassociative.be\/actualites\/#website\",\"url\":\"https:\/\/vieassociative.be\/actualites\/\",\"name\":\"Vie Associative\",\"description\":\"\",\"publisher\":{\"@id\":\"https:\/\/vieassociative.be\/actualites\/#organization\"},\"potentialAction\":[{\"@type\":\"SearchAction\",\"target\":{\"@type\":\"EntryPoint\",\"urlTemplate\":\"https:\/\/vieassociative.be\/actualites\/?s={search_term_string}\"},\"query-input\":{\"@type\":\"PropertyValueSpecification\",\"valueRequired\":true,\"valueName\":\"search_term_string\"}}],\"inLanguage\":\"fr-BE\"},{\"@type\":\"Organization\",\"@id\":\"https:\/\/vieassociative.be\/actualites\/#organization\",\"name\":\"Vie Associative\",\"url\":\"https:\/\/vieassociative.be\/actualites\/\",\"logo\":{\"@type\":\"ImageObject\",\"inLanguage\":\"fr-BE\",\"@id\":\"https:\/\/vieassociative.be\/actualites\/#\/schema\/logo\/image\/\",\"url\":\"https:\/\/vieassociative.be\/actualites\/wp-content\/uploads\/2024\/09\/cropped-vieassociative_favicon.ico.png\",\"contentUrl\":\"https:\/\/vieassociative.be\/actualites\/wp-content\/uploads\/2024\/09\/cropped-vieassociative_favicon.ico.png\",\"width\":512,\"height\":512,\"caption\":\"Vie Associative\"},\"image\":{\"@id\":\"https:\/\/vieassociative.be\/actualites\/#\/schema\/logo\/image\/\"}},{\"@type\":\"Person\",\"@id\":\"https:\/\/vieassociative.be\/actualites\/#\/schema\/person\/b87ac4f82f9d4e7b7cec7395b679edc4\",\"name\":\"Julien\",\"image\":{\"@type\":\"ImageObject\",\"inLanguage\":\"fr-BE\",\"@id\":\"https:\/\/vieassociative.be\/actualites\/#\/schema\/person\/image\/\",\"url\":\"https:\/\/vieassociative.be\/actualites\/wp-content\/uploads\/2024\/09\/vie-associative-1-150x150.jpg\",\"contentUrl\":\"https:\/\/vieassociative.be\/actualites\/wp-content\/uploads\/2024\/09\/vie-associative-1-150x150.jpg\",\"caption\":\"Julien\"},\"description\":\"Je suis Julien, r\u00e9dacteur pour Vie Associative. Passionn\u00e9 par le monde associatif depuis plus de 10 ans, j'ai \u00e0 c\u0153ur de partager des histoires inspirantes et de mettre en lumi\u00e8re les initiatives locales. Mon objectif est de sensibiliser et d'encourager l'engagement communautaire \u00e0 travers mes articles.\",\"sameAs\":[\"https:\/\/vieassociative.be\/\"]}]}<\/script>\n<!-- \/ Yoast SEO plugin. -->","yoast_head_json":{"title":"Dix morts apr\u00e8s un acte terroriste pr\u00e9sum\u00e9 \u00e0 la Nouvelle-Orl\u00e9ans : une voiture fonce sur la foule \u2013 Trump se plaint d'une criminalit\u00e9 \u00e9lev\u00e9e | Vie Associative","robots":{"index":"index","follow":"follow","max-snippet":"max-snippet:-1","max-image-preview":"max-image-preview:large","max-video-preview":"max-video-preview:-1"},"canonical":"https:\/\/vieassociative.be\/actualites\/dix-morts-apres-un-acte-terroriste-presume-a-la-nouvelle-orleans-une-voiture-fonce-sur-la-foule-trump-se-plaint-dune-criminalite-elevee\/","og_locale":"fr_FR","og_type":"article","og_title":"Dix morts apr\u00e8s un acte terroriste pr\u00e9sum\u00e9 \u00e0 la Nouvelle-Orl\u00e9ans : une voiture fonce sur la foule \u2013 Trump se plaint d'une criminalit\u00e9 \u00e9lev\u00e9e | Vie Associative","og_description":"MISE \u00c0 JOUR &#8211; Le pr\u00e9sident \u00e9lu am\u00e9ricain Donald Trump a comment\u00e9 la pulsion de mort \u00e0 la Nouvelle-Orl\u00e9ans. L\u00e0, un homme est entr\u00e9 dans","og_url":"https:\/\/vieassociative.be\/actualites\/dix-morts-apres-un-acte-terroriste-presume-a-la-nouvelle-orleans-une-voiture-fonce-sur-la-foule-trump-se-plaint-dune-criminalite-elevee\/","og_site_name":"Vie Associative","article_published_time":"2025-01-02T02:18:26+00:00","og_image":[{"width":279,"height":92,"url":"https:\/\/vieassociative.be\/actualites\/wp-content\/uploads\/2024\/09\/header_backgroundk-01-e1726694325946.png","type":"image\/png"}],"author":"Julien","twitter_card":"summary_large_image","twitter_misc":{"\u00c9crit par":"Julien","Dur\u00e9e de lecture est.":"4 minutes"},"schema":{"@context":"https:\/\/schema.org","@graph":[{"@type":"Article","@id":"https:\/\/vieassociative.be\/actualites\/dix-morts-apres-un-acte-terroriste-presume-a-la-nouvelle-orleans-une-voiture-fonce-sur-la-foule-trump-se-plaint-dune-criminalite-elevee\/#article","isPartOf":{"@id":"https:\/\/vieassociative.be\/actualites\/dix-morts-apres-un-acte-terroriste-presume-a-la-nouvelle-orleans-une-voiture-fonce-sur-la-foule-trump-se-plaint-dune-criminalite-elevee\/"},"author":{"name":"Julien","@id":"https:\/\/vieassociative.be\/actualites\/#\/schema\/person\/b87ac4f82f9d4e7b7cec7395b679edc4"},"headline":"Dix morts apr\u00e8s un acte terroriste pr\u00e9sum\u00e9 \u00e0 la Nouvelle-Orl\u00e9ans : une voiture fonce sur la foule \u2013 Trump se plaint d&rsquo;une criminalit\u00e9 \u00e9lev\u00e9e","datePublished":"2025-01-02T02:18:26+00:00","dateModified":"2025-01-02T02:18:26+00:00","mainEntityOfPage":{"@id":"https:\/\/vieassociative.be\/actualites\/dix-morts-apres-un-acte-terroriste-presume-a-la-nouvelle-orleans-une-voiture-fonce-sur-la-foule-trump-se-plaint-dune-criminalite-elevee\/"},"wordCount":847,"publisher":{"@id":"https:\/\/vieassociative.be\/actualites\/#organization"},"image":{"@id":"https:\/\/vieassociative.be\/actualites\/dix-morts-apres-un-acte-terroriste-presume-a-la-nouvelle-orleans-une-voiture-fonce-sur-la-foule-trump-se-plaint-dune-criminalite-elevee\/#primaryimage"},"thumbnailUrl":"https:\/\/vieassociative.be\/actualites\/wp-content\/uploads\/2025\/01\/1735784307_Dix-morts-apres-un-acte-terroriste-presume-a-la-Nouvelle-Orleans.jpg","keywords":["acte","Apr\u00e8s","criminalit\u00e9","Dix","dune","\u00e9lev\u00e9e","fonce","foule","morts","NouvelleOrl\u00e9ans","plaint","pr\u00e9sum\u00e9","sur","terroriste","Trump","une","voiture"],"articleSection":["Belgique"],"inLanguage":"fr-BE"},{"@type":"WebPage","@id":"https:\/\/vieassociative.be\/actualites\/dix-morts-apres-un-acte-terroriste-presume-a-la-nouvelle-orleans-une-voiture-fonce-sur-la-foule-trump-se-plaint-dune-criminalite-elevee\/","url":"https:\/\/vieassociative.be\/actualites\/dix-morts-apres-un-acte-terroriste-presume-a-la-nouvelle-orleans-une-voiture-fonce-sur-la-foule-trump-se-plaint-dune-criminalite-elevee\/","name":"Dix morts apr\u00e8s un acte terroriste pr\u00e9sum\u00e9 \u00e0 la Nouvelle-Orl\u00e9ans : une voiture fonce sur la foule \u2013 Trump se plaint d'une criminalit\u00e9 \u00e9lev\u00e9e | Vie Associative","isPartOf":{"@id":"https:\/\/vieassociative.be\/actualites\/#website"},"primaryImageOfPage":{"@id":"https:\/\/vieassociative.be\/actualites\/dix-morts-apres-un-acte-terroriste-presume-a-la-nouvelle-orleans-une-voiture-fonce-sur-la-foule-trump-se-plaint-dune-criminalite-elevee\/#primaryimage"},"image":{"@id":"https:\/\/vieassociative.be\/actualites\/dix-morts-apres-un-acte-terroriste-presume-a-la-nouvelle-orleans-une-voiture-fonce-sur-la-foule-trump-se-plaint-dune-criminalite-elevee\/#primaryimage"},"thumbnailUrl":"https:\/\/vieassociative.be\/actualites\/wp-content\/uploads\/2025\/01\/1735784307_Dix-morts-apres-un-acte-terroriste-presume-a-la-Nouvelle-Orleans.jpg","datePublished":"2025-01-02T02:18:26+00:00","dateModified":"2025-01-02T02:18:26+00:00","breadcrumb":{"@id":"https:\/\/vieassociative.be\/actualites\/dix-morts-apres-un-acte-terroriste-presume-a-la-nouvelle-orleans-une-voiture-fonce-sur-la-foule-trump-se-plaint-dune-criminalite-elevee\/#breadcrumb"},"inLanguage":"fr-BE","potentialAction":[{"@type":"ReadAction","target":["https:\/\/vieassociative.be\/actualites\/dix-morts-apres-un-acte-terroriste-presume-a-la-nouvelle-orleans-une-voiture-fonce-sur-la-foule-trump-se-plaint-dune-criminalite-elevee\/"]}]},{"@type":"ImageObject","inLanguage":"fr-BE","@id":"https:\/\/vieassociative.be\/actualites\/dix-morts-apres-un-acte-terroriste-presume-a-la-nouvelle-orleans-une-voiture-fonce-sur-la-foule-trump-se-plaint-dune-criminalite-elevee\/#primaryimage","url":"https:\/\/vieassociative.be\/actualites\/wp-content\/uploads\/2025\/01\/1735784307_Dix-morts-apres-un-acte-terroriste-presume-a-la-Nouvelle-Orleans.jpg","contentUrl":"https:\/\/vieassociative.be\/actualites\/wp-content\/uploads\/2025\/01\/1735784307_Dix-morts-apres-un-acte-terroriste-presume-a-la-Nouvelle-Orleans.jpg","width":1200,"height":800,"caption":"Dix morts apr\u00e8s un acte terroriste pr\u00e9sum\u00e9 \u00e0 la Nouvelle-Orl\u00e9ans : une voiture fonce sur la foule \u2013 Trump se plaint d'une criminalit\u00e9 \u00e9lev\u00e9e"},{"@type":"BreadcrumbList","@id":"https:\/\/vieassociative.be\/actualites\/dix-morts-apres-un-acte-terroriste-presume-a-la-nouvelle-orleans-une-voiture-fonce-sur-la-foule-trump-se-plaint-dune-criminalite-elevee\/#breadcrumb","itemListElement":[{"@type":"ListItem","position":1,"name":"Accueil","item":"https:\/\/vieassociative.be\/actualites\/"},{"@type":"ListItem","position":2,"name":"Dix morts apr\u00e8s un acte terroriste pr\u00e9sum\u00e9 \u00e0 la Nouvelle-Orl\u00e9ans : une voiture fonce sur la foule \u2013 Trump se plaint d&rsquo;une criminalit\u00e9 \u00e9lev\u00e9e"}]},{"@type":"WebSite","@id":"https:\/\/vieassociative.be\/actualites\/#website","url":"https:\/\/vieassociative.be\/actualites\/","name":"Vie Associative","description":"","publisher":{"@id":"https:\/\/vieassociative.be\/actualites\/#organization"},"potentialAction":[{"@type":"SearchAction","target":{"@type":"EntryPoint","urlTemplate":"https:\/\/vieassociative.be\/actualites\/?s={search_term_string}"},"query-input":{"@type":"PropertyValueSpecification","valueRequired":true,"valueName":"search_term_string"}}],"inLanguage":"fr-BE"},{"@type":"Organization","@id":"https:\/\/vieassociative.be\/actualites\/#organization","name":"Vie Associative","url":"https:\/\/vieassociative.be\/actualites\/","logo":{"@type":"ImageObject","inLanguage":"fr-BE","@id":"https:\/\/vieassociative.be\/actualites\/#\/schema\/logo\/image\/","url":"https:\/\/vieassociative.be\/actualites\/wp-content\/uploads\/2024\/09\/cropped-vieassociative_favicon.ico.png","contentUrl":"https:\/\/vieassociative.be\/actualites\/wp-content\/uploads\/2024\/09\/cropped-vieassociative_favicon.ico.png","width":512,"height":512,"caption":"Vie Associative"},"image":{"@id":"https:\/\/vieassociative.be\/actualites\/#\/schema\/logo\/image\/"}},{"@type":"Person","@id":"https:\/\/vieassociative.be\/actualites\/#\/schema\/person\/b87ac4f82f9d4e7b7cec7395b679edc4","name":"Julien","image":{"@type":"ImageObject","inLanguage":"fr-BE","@id":"https:\/\/vieassociative.be\/actualites\/#\/schema\/person\/image\/","url":"https:\/\/vieassociative.be\/actualites\/wp-content\/uploads\/2024\/09\/vie-associative-1-150x150.jpg","contentUrl":"https:\/\/vieassociative.be\/actualites\/wp-content\/uploads\/2024\/09\/vie-associative-1-150x150.jpg","caption":"Julien"},"description":"Je suis Julien, r\u00e9dacteur pour Vie Associative. Passionn\u00e9 par le monde associatif depuis plus de 10 ans, j'ai \u00e0 c\u0153ur de partager des histoires inspirantes et de mettre en lumi\u00e8re les initiatives locales. Mon objectif est de sensibiliser et d'encourager l'engagement communautaire \u00e0 travers mes articles.","sameAs":["https:\/\/vieassociative.be\/"]}]}},"_links":{"self":[{"href":"https:\/\/vieassociative.be\/actualites\/wp-json\/wp\/v2\/posts\/3963"}],"collection":[{"href":"https:\/\/vieassociative.be\/actualites\/wp-json\/wp\/v2\/posts"}],"about":[{"href":"https:\/\/vieassociative.be\/actualites\/wp-json\/wp\/v2\/types\/post"}],"author":[{"embeddable":true,"href":"https:\/\/vieassociative.be\/actualites\/wp-json\/wp\/v2\/users\/1"}],"replies":[{"embeddable":true,"href":"https:\/\/vieassociative.be\/actualites\/wp-json\/wp\/v2\/comments?post=3963"}],"version-history":[{"count":0,"href":"https:\/\/vieassociative.be\/actualites\/wp-json\/wp\/v2\/posts\/3963\/revisions"}],"wp:featuredmedia":[{"embeddable":true,"href":"https:\/\/vieassociative.be\/actualites\/wp-json\/wp\/v2\/media\/3964"}],"wp:attachment":[{"href":"https:\/\/vieassociative.be\/actualites\/wp-json\/wp\/v2\/media?parent=3963"}],"wp:term":[{"taxonomy":"category","embeddable":true,"href":"https:\/\/vieassociative.be\/actualites\/wp-json\/wp\/v2\/categories?post=3963"},{"taxonomy":"post_tag","embeddable":true,"href":"https:\/\/vieassociative.be\/actualites\/wp-json\/wp\/v2\/tags?post=3963"}],"curies":[{"name":"wp","href":"https:\/\/api.w.org\/{rel}","templated":true}]}}