{"id":3953,"date":"2025-01-01T21:17:37","date_gmt":"2025-01-01T20:17:37","guid":{"rendered":"https:\/\/vieassociative.be\/actualites\/la-hongrie-perd-son-droit-a-des-milliards-deuros-de-financement-de-lue-satisfaction-pour-les-critiques-dorban\/"},"modified":"2025-01-01T21:17:37","modified_gmt":"2025-01-01T20:17:37","slug":"la-hongrie-perd-son-droit-a-des-milliards-deuros-de-financement-de-lue-satisfaction-pour-les-critiques-dorban","status":"publish","type":"post","link":"https:\/\/vieassociative.be\/actualites\/la-hongrie-perd-son-droit-a-des-milliards-deuros-de-financement-de-lue-satisfaction-pour-les-critiques-dorban\/","title":{"rendered":"La Hongrie perd son droit \u00e0 des milliards d\u2019euros de financement de l\u2019UE \u2013 satisfaction pour les critiques d\u2019Orban"},"content":{"rendered":"<p><strong>Le Premier ministre hongrois Viktor Orban refuse de mettre en \u0153uvre les r\u00e9formes de l&rsquo;\u00c9tat de droit exig\u00e9es par l&rsquo;UE. Cela co\u00fbtera d\u00e9sormais cher au pays. Mais l\u2019argent vient d\u00e9sormais d\u2019ailleurs aussi.<\/strong><\/p>\n<p><span id=\"more-405203\"><\/span>La Hongrie a perdu son droit \u00e0 une aide europ\u00e9enne d&rsquo;un montant d&rsquo;environ un milliard d&rsquo;euros en raison de violations de l&rsquo;\u00c9tat de droit. Afin de d\u00e9bloquer l\u2019argent, le pays aurait d\u00fb mettre en \u0153uvre des r\u00e9formes d\u2019ici fin 2024, comme l\u2019a confirm\u00e9 une porte-parole de la Commission europ\u00e9enne \u00e0 l\u2019agence de presse allemande.<\/p>\n<p>Les fonds confisqu\u00e9s s&rsquo;\u00e9l\u00e8vent \u00e0 1,04 milliard d&rsquo;euros qui \u00e9taient destin\u00e9s \u00e0 la Hongrie et provenaient de programmes visant \u00e0 promouvoir les zones structurellement faibles. Les fonds ont \u00e9t\u00e9 gel\u00e9s fin 2022 parce que la Commission europ\u00e9enne est arriv\u00e9e \u00e0 la conclusion, apr\u00e8s des analyses, que la Hongrie ne respectait pas diverses normes et valeurs fondamentales de l&rsquo;UE.<\/p>\n<div id=\"attachment_405209\" class=\"wp-caption alignleft\" style=\"max-width: 300px\"><img fetchpriority=\"high\" decoding=\"async\" class=\"wp-image-405209 size-medium\" src=\"https:\/\/vieassociative.be\/actualites\/wp-content\/uploads\/2025\/01\/La-Hongrie-perd-son-droit-a-des-milliards-deuros-de.jpg\" alt=\"\" width=\"300\" height=\"200\"><\/p>\n<p class=\"wp-caption-text\">23 octobre 2022, Hongrie, Budapest : la garde d&rsquo;honneur d\u00e9file devant le b\u00e2timent du Parlement \u00e0 l&rsquo;occasion de la f\u00eate nationale. Photo : Anna Szilagyi\/AP\/dpa<\/p>\n<\/div>\n<p><strong>\u2013 R\u00e9formes manquantes :<\/strong> Pour d\u00e9bloquer les fonds, le gouvernement hongrois dirig\u00e9 par le Premier ministre Viktor Orban aurait d\u00fb mettre en \u0153uvre des r\u00e9formes suffisantes d&rsquo;ici la fin de l&rsquo;ann\u00e9e. Il s\u2019agit notamment de modifications des lois visant \u00e0 pr\u00e9venir les conflits d\u2019int\u00e9r\u00eats et \u00e0 lutter contre la corruption.<\/p>\n<p>Les dirigeants de Budapest ont r\u00e9agi de mani\u00e8re incompr\u00e9hensible \u00e0 la perte de fonds. \u00ab\u00a0Le gouvernement hongrois a rempli toutes les conditions pour acc\u00e9der aux ressources de l&rsquo;UE\u00a0\u00bb, a \u00e9crit le ministre de l&rsquo;Europe Janos Boka sur sa page Facebook avant le d\u00e9but de l&rsquo;ann\u00e9e. \u00ab\u00a0Bruxelles veut retirer les fonds dus \u00e0 la Hongrie et au peuple hongrois pour des raisons politiques\u00a0\u00bb, a-t-il ajout\u00e9.<\/p>\n<p><b>\u2013 Il existe un risque de pertes suppl\u00e9mentaires de plusieurs milliards : <\/b>Les d\u00e9put\u00e9s ont cependant r\u00e9agi avec satisfaction. \u00abOrban co\u00fbte vraiment tr\u00e8s cher aux Hongrois. Ce milliard n\u2019est qu\u2019un d\u00e9but. L\u2019UE montre enfin qu\u2019elle n\u2019acceptera plus tout, depuis le corrompu Orban \u00bb, a d\u00e9clar\u00e9 le politicien des Verts Daniel Freund.<\/p>\n<p>Si la Hongrie continue de ne pas mettre en \u0153uvre des r\u00e9formes suffisantes, elle risque de perdre des milliards suppl\u00e9mentaires \u00e0 l\u2019avenir. Selon les r\u00e8gles du m\u00e9canisme de l\u2019\u00c9tat de droit de l\u2019UE, en vigueur depuis 2021, les fonds gel\u00e9s expirent \u00e0 la fin de la deuxi\u00e8me ann\u00e9e civile apr\u00e8s celle pour laquelle ils \u00e9taient pr\u00e9vus. \u00c0 la fin de cette ann\u00e9e, les fonds pr\u00e9vus pour 2023 expireraient.<\/p>\n<p>Au total, environ 6,3 milliards d&rsquo;euros du budget communautaire pluriannuel 2021-2027 ont \u00e9t\u00e9 gel\u00e9s pour la Hongrie via le m\u00e9canisme fin 2022. D\u2019autres milliards de dollars destin\u00e9s au pays sont bloqu\u00e9s par d\u2019autres r\u00e9glementations. Selon la Commission, le chiffre le plus r\u00e9cent s&rsquo;\u00e9l\u00e8ve \u00e0 environ 19 milliards d&rsquo;euros, ce qui correspond \u00e0 environ un dixi\u00e8me de la production \u00e9conomique annuelle de la Hongrie.<\/p>\n<div id=\"attachment_392113\" class=\"wp-caption alignleft\" style=\"max-width: 300px\"><img decoding=\"async\" class=\"wp-image-392113 size-medium\" src=\"https:\/\/vieassociative.be\/actualites\/wp-content\/uploads\/2025\/01\/1735762657_961_La-Hongrie-perd-son-droit-a-des-milliards-deuros-de.jpg\" alt=\"\" width=\"300\" height=\"229\"><\/p>\n<p class=\"wp-caption-text\">8 juillet 2024, Chine, P\u00e9kin : le chef de l&rsquo;\u00c9tat et du parti chinois Xi Jinping (r) et le Premier ministre hongrois Viktor Orban se saluent avant une r\u00e9union \u00e0 la Maison d&rsquo;h\u00f4tes d&rsquo;\u00c9tat de Diaoyutai. Photo : Li Xueren\/XinHua\/dpa<\/p>\n<\/div>\n<p><b>\u2013 Pr\u00eat d\u2019un milliard de dollars de la Chine comme plan B\u00a0: <\/b>Afin de combler les d\u00e9ficits de financement, le Premier ministre populiste de droite hongrois Orban s&rsquo;est r\u00e9cemment appuy\u00e9, entre autres, sur la Chine. En avril, la Hongrie a annul\u00e9 un pr\u00eat d\u2019un milliard d\u2019euros qu\u2019elle avait contract\u00e9 aupr\u00e8s des banques d\u2019\u00c9tat chinoises. Cela s&rsquo;est produit discr\u00e8tement et n&rsquo;a \u00e9t\u00e9 r\u00e9v\u00e9l\u00e9 qu&rsquo;en juillet, lorsque le Centre hongrois de la dette publique (AKK) a publi\u00e9 des donn\u00e9es cl\u00e9s \u00e0 ce sujet. Le pr\u00eat a donc une dur\u00e9e de trois ans. Le montant des int\u00e9r\u00eats et les intervalles de remboursement ne sont pas connus.<\/p>\n<p>La Chine est tr\u00e8s active en Hongrie. Le constructeur de voitures \u00e9lectriques BYD construit une grande usine \u00e0 Szeged, dans le sud de la Hongrie, et le fabricant de cellules de batterie Catl construit une m\u00e9ga-usine \u00e0 Debrecen, dans l&rsquo;est de la Hongrie. Des entreprises chinoises construisent la nouvelle ligne ferroviaire reliant Budapest \u00e0 Belgrade, la capitale serbe. Pour la construction du tron\u00e7on hongrois, la Hongrie a contract\u00e9 un emprunt de pr\u00e8s de 900 millions d&rsquo;euros aupr\u00e8s de la banque chinoise Exim.<\/p>\n<p>Malgr\u00e9 l\u2019aide financi\u00e8re chinoise, Orban continue de tenter de d\u00e9bloquer les fonds europ\u00e9ens gel\u00e9s. D\u00e9but d\u00e9cembre, il a menac\u00e9 d&rsquo;opposer son veto au prochain budget septennal de l&rsquo;UE si Bruxelles ne d\u00e9bloquait pas les fonds europ\u00e9ens bloqu\u00e9s. Les n\u00e9gociations sur le prochain budget \u00e0 long terme de l\u2019UE, de 2028 \u00e0 2035, devraient commencer \u00e0 la mi-2025.<\/p>\n<p><b>\u2013 Bruxelles entre pression et compromis : <\/b>Ce n\u2019\u00e9tait pas la premi\u00e8re fois qu\u2019Orban mena\u00e7ait de bloquer les d\u00e9cisions centrales de l\u2019UE. Ce n&rsquo;est que lors du sommet europ\u00e9en de la mi-d\u00e9cembre qu&rsquo;il a refus\u00e9 d&rsquo;accepter la prolongation des sanctions contre la Russie, qui expirent fin janvier. Les diplomates soup\u00e7onnaient qu&rsquo;il souhaitait \u00e9galement extorquer des concessions aux partenaires de l&rsquo;UE dans d&rsquo;autres domaines, comme par exemple le d\u00e9blocage des fonds europ\u00e9ens gel\u00e9s.<\/p>\n<p>En d\u00e9cembre 2023, malgr\u00e9 les critiques persistantes concernant les violations de l\u2019\u00c9tat de droit en Hongrie, la Commission a d\u00e9bloqu\u00e9 un financement europ\u00e9en gel\u00e9 d\u2019une valeur d\u2019environ dix milliards d\u2019euros pour le pays.<\/p>\n<p>Les d\u00e9put\u00e9s europ\u00e9ens l&rsquo;avaient critiqu\u00e9 \u00e0 l&rsquo;\u00e9poque et accusaient la pr\u00e9sidente de la Commission, Ursula von der Leyen, de s&rsquo;\u00eatre laiss\u00e9e faire chanter par la Hongrie. Orban avait pr\u00e9c\u00e9demment annonc\u00e9 qu&rsquo;il bloquerait le d\u00e9but des n\u00e9gociations d&rsquo;adh\u00e9sion \u00e0 l&rsquo;UE avec l&rsquo;Ukraine ainsi qu&rsquo;un programme d&rsquo;aide de l&rsquo;UE d&rsquo;un milliard de dollars pour le pays attaqu\u00e9 par la Russie. (dpa)<\/p>\n","protected":false},"excerpt":{"rendered":"<p>Le Premier ministre hongrois Viktor Orban refuse de mettre en \u0153uvre les r\u00e9formes de l&rsquo;\u00c9tat de droit exig\u00e9es par l&rsquo;UE. Cela co\u00fbtera d\u00e9sormais cher au<\/p>\n","protected":false},"author":1,"featured_media":3954,"comment_status":"","ping_status":"","sticky":false,"template":"","format":"standard","meta":{"footnotes":""},"categories":[298],"tags":[2510,29,3355,4422,4072,4420,3330,14,3578,4419,3021,81,4421,800],"class_list":["post-3953","post","type-post","status-publish","format-standard","has-post-thumbnail","hentry","category-belgique","tag-critiques","tag-des","tag-deuros","tag-dorban","tag-droit","tag-financement","tag-hongrie","tag-les","tag-lue","tag-milliards","tag-perd","tag-pour","tag-satisfaction","tag-son","generate-columns","tablet-grid-50","mobile-grid-100","grid-parent","grid-33"],"yoast_head":"<!-- This site is optimized with the Yoast SEO plugin v24.0 - https:\/\/yoast.com\/wordpress\/plugins\/seo\/ -->\n<title>La Hongrie perd son droit \u00e0 des milliards d\u2019euros de financement de l\u2019UE \u2013 satisfaction pour les critiques d\u2019Orban | Vie Associative<\/title>\n<meta name=\"robots\" content=\"index, follow, max-snippet:-1, max-image-preview:large, max-video-preview:-1\" \/>\n<link rel=\"canonical\" href=\"https:\/\/vieassociative.be\/actualites\/la-hongrie-perd-son-droit-a-des-milliards-deuros-de-financement-de-lue-satisfaction-pour-les-critiques-dorban\/\" \/>\n<meta property=\"og:locale\" content=\"fr_FR\" \/>\n<meta property=\"og:type\" content=\"article\" \/>\n<meta property=\"og:title\" content=\"La Hongrie perd son droit \u00e0 des milliards d\u2019euros de financement de l\u2019UE \u2013 satisfaction pour les critiques d\u2019Orban | Vie Associative\" \/>\n<meta property=\"og:description\" content=\"Le Premier ministre hongrois Viktor Orban refuse de mettre en \u0153uvre les r\u00e9formes de l&rsquo;\u00c9tat de droit exig\u00e9es par l&rsquo;UE. Cela co\u00fbtera d\u00e9sormais cher au\" \/>\n<meta property=\"og:url\" content=\"https:\/\/vieassociative.be\/actualites\/la-hongrie-perd-son-droit-a-des-milliards-deuros-de-financement-de-lue-satisfaction-pour-les-critiques-dorban\/\" \/>\n<meta property=\"og:site_name\" content=\"Vie Associative\" \/>\n<meta property=\"article:published_time\" content=\"2025-01-01T20:17:37+00:00\" \/>\n<meta property=\"og:image\" content=\"https:\/\/vieassociative.be\/actualites\/wp-content\/uploads\/2024\/09\/header_backgroundk-01-e1726694325946.png\" \/>\n\t<meta property=\"og:image:width\" content=\"279\" \/>\n\t<meta property=\"og:image:height\" content=\"92\" \/>\n\t<meta property=\"og:image:type\" content=\"image\/png\" \/>\n<meta name=\"author\" content=\"Julien\" \/>\n<meta name=\"twitter:card\" content=\"summary_large_image\" \/>\n<meta name=\"twitter:label1\" content=\"\u00c9crit par\" \/>\n\t<meta name=\"twitter:data1\" content=\"Julien\" \/>\n\t<meta name=\"twitter:label2\" content=\"Dur\u00e9e de lecture est.\" \/>\n\t<meta name=\"twitter:data2\" content=\"5 minutes\" \/>\n<script type=\"application\/ld+json\" class=\"yoast-schema-graph\">{\"@context\":\"https:\/\/schema.org\",\"@graph\":[{\"@type\":\"Article\",\"@id\":\"https:\/\/vieassociative.be\/actualites\/la-hongrie-perd-son-droit-a-des-milliards-deuros-de-financement-de-lue-satisfaction-pour-les-critiques-dorban\/#article\",\"isPartOf\":{\"@id\":\"https:\/\/vieassociative.be\/actualites\/la-hongrie-perd-son-droit-a-des-milliards-deuros-de-financement-de-lue-satisfaction-pour-les-critiques-dorban\/\"},\"author\":{\"name\":\"Julien\",\"@id\":\"https:\/\/vieassociative.be\/actualites\/#\/schema\/person\/b87ac4f82f9d4e7b7cec7395b679edc4\"},\"headline\":\"La Hongrie perd son droit \u00e0 des milliards d\u2019euros de financement de l\u2019UE \u2013 satisfaction pour les critiques d\u2019Orban\",\"datePublished\":\"2025-01-01T20:17:37+00:00\",\"dateModified\":\"2025-01-01T20:17:37+00:00\",\"mainEntityOfPage\":{\"@id\":\"https:\/\/vieassociative.be\/actualites\/la-hongrie-perd-son-droit-a-des-milliards-deuros-de-financement-de-lue-satisfaction-pour-les-critiques-dorban\/\"},\"wordCount\":1073,\"publisher\":{\"@id\":\"https:\/\/vieassociative.be\/actualites\/#organization\"},\"image\":{\"@id\":\"https:\/\/vieassociative.be\/actualites\/la-hongrie-perd-son-droit-a-des-milliards-deuros-de-financement-de-lue-satisfaction-pour-les-critiques-dorban\/#primaryimage\"},\"thumbnailUrl\":\"https:\/\/vieassociative.be\/actualites\/wp-content\/uploads\/2025\/01\/1735762657_La-Hongrie-perd-son-droit-a-des-milliards-deuros-de.jpg\",\"keywords\":[\"critiques\",\"Des\",\"deuros\",\"dOrban\",\"droit\",\"financement\",\"Hongrie\",\"Les\",\"LUE\",\"milliards\",\"perd\",\"pour\",\"satisfaction\",\"son\"],\"articleSection\":[\"Belgique\"],\"inLanguage\":\"fr-BE\"},{\"@type\":\"WebPage\",\"@id\":\"https:\/\/vieassociative.be\/actualites\/la-hongrie-perd-son-droit-a-des-milliards-deuros-de-financement-de-lue-satisfaction-pour-les-critiques-dorban\/\",\"url\":\"https:\/\/vieassociative.be\/actualites\/la-hongrie-perd-son-droit-a-des-milliards-deuros-de-financement-de-lue-satisfaction-pour-les-critiques-dorban\/\",\"name\":\"La Hongrie perd son droit \u00e0 des milliards d\u2019euros de financement de l\u2019UE \u2013 satisfaction pour les critiques d\u2019Orban | Vie Associative\",\"isPartOf\":{\"@id\":\"https:\/\/vieassociative.be\/actualites\/#website\"},\"primaryImageOfPage\":{\"@id\":\"https:\/\/vieassociative.be\/actualites\/la-hongrie-perd-son-droit-a-des-milliards-deuros-de-financement-de-lue-satisfaction-pour-les-critiques-dorban\/#primaryimage\"},\"image\":{\"@id\":\"https:\/\/vieassociative.be\/actualites\/la-hongrie-perd-son-droit-a-des-milliards-deuros-de-financement-de-lue-satisfaction-pour-les-critiques-dorban\/#primaryimage\"},\"thumbnailUrl\":\"https:\/\/vieassociative.be\/actualites\/wp-content\/uploads\/2025\/01\/1735762657_La-Hongrie-perd-son-droit-a-des-milliards-deuros-de.jpg\",\"datePublished\":\"2025-01-01T20:17:37+00:00\",\"dateModified\":\"2025-01-01T20:17:37+00:00\",\"breadcrumb\":{\"@id\":\"https:\/\/vieassociative.be\/actualites\/la-hongrie-perd-son-droit-a-des-milliards-deuros-de-financement-de-lue-satisfaction-pour-les-critiques-dorban\/#breadcrumb\"},\"inLanguage\":\"fr-BE\",\"potentialAction\":[{\"@type\":\"ReadAction\",\"target\":[\"https:\/\/vieassociative.be\/actualites\/la-hongrie-perd-son-droit-a-des-milliards-deuros-de-financement-de-lue-satisfaction-pour-les-critiques-dorban\/\"]}]},{\"@type\":\"ImageObject\",\"inLanguage\":\"fr-BE\",\"@id\":\"https:\/\/vieassociative.be\/actualites\/la-hongrie-perd-son-droit-a-des-milliards-deuros-de-financement-de-lue-satisfaction-pour-les-critiques-dorban\/#primaryimage\",\"url\":\"https:\/\/vieassociative.be\/actualites\/wp-content\/uploads\/2025\/01\/1735762657_La-Hongrie-perd-son-droit-a-des-milliards-deuros-de.jpg\",\"contentUrl\":\"https:\/\/vieassociative.be\/actualites\/wp-content\/uploads\/2025\/01\/1735762657_La-Hongrie-perd-son-droit-a-des-milliards-deuros-de.jpg\",\"width\":1200,\"height\":800,\"caption\":\"La Hongrie perd son droit \u00e0 des milliards d\u2019euros de financement de l\u2019UE \u2013 satisfaction pour les critiques d\u2019Orban\"},{\"@type\":\"BreadcrumbList\",\"@id\":\"https:\/\/vieassociative.be\/actualites\/la-hongrie-perd-son-droit-a-des-milliards-deuros-de-financement-de-lue-satisfaction-pour-les-critiques-dorban\/#breadcrumb\",\"itemListElement\":[{\"@type\":\"ListItem\",\"position\":1,\"name\":\"Accueil\",\"item\":\"https:\/\/vieassociative.be\/actualites\/\"},{\"@type\":\"ListItem\",\"position\":2,\"name\":\"La Hongrie perd son droit \u00e0 des milliards d\u2019euros de financement de l\u2019UE \u2013 satisfaction pour les critiques d\u2019Orban\"}]},{\"@type\":\"WebSite\",\"@id\":\"https:\/\/vieassociative.be\/actualites\/#website\",\"url\":\"https:\/\/vieassociative.be\/actualites\/\",\"name\":\"Vie Associative\",\"description\":\"\",\"publisher\":{\"@id\":\"https:\/\/vieassociative.be\/actualites\/#organization\"},\"potentialAction\":[{\"@type\":\"SearchAction\",\"target\":{\"@type\":\"EntryPoint\",\"urlTemplate\":\"https:\/\/vieassociative.be\/actualites\/?s={search_term_string}\"},\"query-input\":{\"@type\":\"PropertyValueSpecification\",\"valueRequired\":true,\"valueName\":\"search_term_string\"}}],\"inLanguage\":\"fr-BE\"},{\"@type\":\"Organization\",\"@id\":\"https:\/\/vieassociative.be\/actualites\/#organization\",\"name\":\"Vie Associative\",\"url\":\"https:\/\/vieassociative.be\/actualites\/\",\"logo\":{\"@type\":\"ImageObject\",\"inLanguage\":\"fr-BE\",\"@id\":\"https:\/\/vieassociative.be\/actualites\/#\/schema\/logo\/image\/\",\"url\":\"https:\/\/vieassociative.be\/actualites\/wp-content\/uploads\/2024\/09\/cropped-vieassociative_favicon.ico.png\",\"contentUrl\":\"https:\/\/vieassociative.be\/actualites\/wp-content\/uploads\/2024\/09\/cropped-vieassociative_favicon.ico.png\",\"width\":512,\"height\":512,\"caption\":\"Vie Associative\"},\"image\":{\"@id\":\"https:\/\/vieassociative.be\/actualites\/#\/schema\/logo\/image\/\"}},{\"@type\":\"Person\",\"@id\":\"https:\/\/vieassociative.be\/actualites\/#\/schema\/person\/b87ac4f82f9d4e7b7cec7395b679edc4\",\"name\":\"Julien\",\"image\":{\"@type\":\"ImageObject\",\"inLanguage\":\"fr-BE\",\"@id\":\"https:\/\/vieassociative.be\/actualites\/#\/schema\/person\/image\/\",\"url\":\"https:\/\/vieassociative.be\/actualites\/wp-content\/uploads\/2024\/09\/vie-associative-1-150x150.jpg\",\"contentUrl\":\"https:\/\/vieassociative.be\/actualites\/wp-content\/uploads\/2024\/09\/vie-associative-1-150x150.jpg\",\"caption\":\"Julien\"},\"description\":\"Je suis Julien, r\u00e9dacteur pour Vie Associative. Passionn\u00e9 par le monde associatif depuis plus de 10 ans, j'ai \u00e0 c\u0153ur de partager des histoires inspirantes et de mettre en lumi\u00e8re les initiatives locales. Mon objectif est de sensibiliser et d'encourager l'engagement communautaire \u00e0 travers mes articles.\",\"sameAs\":[\"https:\/\/vieassociative.be\/\"]}]}<\/script>\n<!-- \/ Yoast SEO plugin. -->","yoast_head_json":{"title":"La Hongrie perd son droit \u00e0 des milliards d\u2019euros de financement de l\u2019UE \u2013 satisfaction pour les critiques d\u2019Orban | Vie Associative","robots":{"index":"index","follow":"follow","max-snippet":"max-snippet:-1","max-image-preview":"max-image-preview:large","max-video-preview":"max-video-preview:-1"},"canonical":"https:\/\/vieassociative.be\/actualites\/la-hongrie-perd-son-droit-a-des-milliards-deuros-de-financement-de-lue-satisfaction-pour-les-critiques-dorban\/","og_locale":"fr_FR","og_type":"article","og_title":"La Hongrie perd son droit \u00e0 des milliards d\u2019euros de financement de l\u2019UE \u2013 satisfaction pour les critiques d\u2019Orban | Vie Associative","og_description":"Le Premier ministre hongrois Viktor Orban refuse de mettre en \u0153uvre les r\u00e9formes de l&rsquo;\u00c9tat de droit exig\u00e9es par l&rsquo;UE. Cela co\u00fbtera d\u00e9sormais cher au","og_url":"https:\/\/vieassociative.be\/actualites\/la-hongrie-perd-son-droit-a-des-milliards-deuros-de-financement-de-lue-satisfaction-pour-les-critiques-dorban\/","og_site_name":"Vie Associative","article_published_time":"2025-01-01T20:17:37+00:00","og_image":[{"width":279,"height":92,"url":"https:\/\/vieassociative.be\/actualites\/wp-content\/uploads\/2024\/09\/header_backgroundk-01-e1726694325946.png","type":"image\/png"}],"author":"Julien","twitter_card":"summary_large_image","twitter_misc":{"\u00c9crit par":"Julien","Dur\u00e9e de lecture est.":"5 minutes"},"schema":{"@context":"https:\/\/schema.org","@graph":[{"@type":"Article","@id":"https:\/\/vieassociative.be\/actualites\/la-hongrie-perd-son-droit-a-des-milliards-deuros-de-financement-de-lue-satisfaction-pour-les-critiques-dorban\/#article","isPartOf":{"@id":"https:\/\/vieassociative.be\/actualites\/la-hongrie-perd-son-droit-a-des-milliards-deuros-de-financement-de-lue-satisfaction-pour-les-critiques-dorban\/"},"author":{"name":"Julien","@id":"https:\/\/vieassociative.be\/actualites\/#\/schema\/person\/b87ac4f82f9d4e7b7cec7395b679edc4"},"headline":"La Hongrie perd son droit \u00e0 des milliards d\u2019euros de financement de l\u2019UE \u2013 satisfaction pour les critiques d\u2019Orban","datePublished":"2025-01-01T20:17:37+00:00","dateModified":"2025-01-01T20:17:37+00:00","mainEntityOfPage":{"@id":"https:\/\/vieassociative.be\/actualites\/la-hongrie-perd-son-droit-a-des-milliards-deuros-de-financement-de-lue-satisfaction-pour-les-critiques-dorban\/"},"wordCount":1073,"publisher":{"@id":"https:\/\/vieassociative.be\/actualites\/#organization"},"image":{"@id":"https:\/\/vieassociative.be\/actualites\/la-hongrie-perd-son-droit-a-des-milliards-deuros-de-financement-de-lue-satisfaction-pour-les-critiques-dorban\/#primaryimage"},"thumbnailUrl":"https:\/\/vieassociative.be\/actualites\/wp-content\/uploads\/2025\/01\/1735762657_La-Hongrie-perd-son-droit-a-des-milliards-deuros-de.jpg","keywords":["critiques","Des","deuros","dOrban","droit","financement","Hongrie","Les","LUE","milliards","perd","pour","satisfaction","son"],"articleSection":["Belgique"],"inLanguage":"fr-BE"},{"@type":"WebPage","@id":"https:\/\/vieassociative.be\/actualites\/la-hongrie-perd-son-droit-a-des-milliards-deuros-de-financement-de-lue-satisfaction-pour-les-critiques-dorban\/","url":"https:\/\/vieassociative.be\/actualites\/la-hongrie-perd-son-droit-a-des-milliards-deuros-de-financement-de-lue-satisfaction-pour-les-critiques-dorban\/","name":"La Hongrie perd son droit \u00e0 des milliards d\u2019euros de financement de l\u2019UE \u2013 satisfaction pour les critiques d\u2019Orban | Vie Associative","isPartOf":{"@id":"https:\/\/vieassociative.be\/actualites\/#website"},"primaryImageOfPage":{"@id":"https:\/\/vieassociative.be\/actualites\/la-hongrie-perd-son-droit-a-des-milliards-deuros-de-financement-de-lue-satisfaction-pour-les-critiques-dorban\/#primaryimage"},"image":{"@id":"https:\/\/vieassociative.be\/actualites\/la-hongrie-perd-son-droit-a-des-milliards-deuros-de-financement-de-lue-satisfaction-pour-les-critiques-dorban\/#primaryimage"},"thumbnailUrl":"https:\/\/vieassociative.be\/actualites\/wp-content\/uploads\/2025\/01\/1735762657_La-Hongrie-perd-son-droit-a-des-milliards-deuros-de.jpg","datePublished":"2025-01-01T20:17:37+00:00","dateModified":"2025-01-01T20:17:37+00:00","breadcrumb":{"@id":"https:\/\/vieassociative.be\/actualites\/la-hongrie-perd-son-droit-a-des-milliards-deuros-de-financement-de-lue-satisfaction-pour-les-critiques-dorban\/#breadcrumb"},"inLanguage":"fr-BE","potentialAction":[{"@type":"ReadAction","target":["https:\/\/vieassociative.be\/actualites\/la-hongrie-perd-son-droit-a-des-milliards-deuros-de-financement-de-lue-satisfaction-pour-les-critiques-dorban\/"]}]},{"@type":"ImageObject","inLanguage":"fr-BE","@id":"https:\/\/vieassociative.be\/actualites\/la-hongrie-perd-son-droit-a-des-milliards-deuros-de-financement-de-lue-satisfaction-pour-les-critiques-dorban\/#primaryimage","url":"https:\/\/vieassociative.be\/actualites\/wp-content\/uploads\/2025\/01\/1735762657_La-Hongrie-perd-son-droit-a-des-milliards-deuros-de.jpg","contentUrl":"https:\/\/vieassociative.be\/actualites\/wp-content\/uploads\/2025\/01\/1735762657_La-Hongrie-perd-son-droit-a-des-milliards-deuros-de.jpg","width":1200,"height":800,"caption":"La Hongrie perd son droit \u00e0 des milliards d\u2019euros de financement de l\u2019UE \u2013 satisfaction pour les critiques d\u2019Orban"},{"@type":"BreadcrumbList","@id":"https:\/\/vieassociative.be\/actualites\/la-hongrie-perd-son-droit-a-des-milliards-deuros-de-financement-de-lue-satisfaction-pour-les-critiques-dorban\/#breadcrumb","itemListElement":[{"@type":"ListItem","position":1,"name":"Accueil","item":"https:\/\/vieassociative.be\/actualites\/"},{"@type":"ListItem","position":2,"name":"La Hongrie perd son droit \u00e0 des milliards d\u2019euros de financement de l\u2019UE \u2013 satisfaction pour les critiques d\u2019Orban"}]},{"@type":"WebSite","@id":"https:\/\/vieassociative.be\/actualites\/#website","url":"https:\/\/vieassociative.be\/actualites\/","name":"Vie Associative","description":"","publisher":{"@id":"https:\/\/vieassociative.be\/actualites\/#organization"},"potentialAction":[{"@type":"SearchAction","target":{"@type":"EntryPoint","urlTemplate":"https:\/\/vieassociative.be\/actualites\/?s={search_term_string}"},"query-input":{"@type":"PropertyValueSpecification","valueRequired":true,"valueName":"search_term_string"}}],"inLanguage":"fr-BE"},{"@type":"Organization","@id":"https:\/\/vieassociative.be\/actualites\/#organization","name":"Vie Associative","url":"https:\/\/vieassociative.be\/actualites\/","logo":{"@type":"ImageObject","inLanguage":"fr-BE","@id":"https:\/\/vieassociative.be\/actualites\/#\/schema\/logo\/image\/","url":"https:\/\/vieassociative.be\/actualites\/wp-content\/uploads\/2024\/09\/cropped-vieassociative_favicon.ico.png","contentUrl":"https:\/\/vieassociative.be\/actualites\/wp-content\/uploads\/2024\/09\/cropped-vieassociative_favicon.ico.png","width":512,"height":512,"caption":"Vie Associative"},"image":{"@id":"https:\/\/vieassociative.be\/actualites\/#\/schema\/logo\/image\/"}},{"@type":"Person","@id":"https:\/\/vieassociative.be\/actualites\/#\/schema\/person\/b87ac4f82f9d4e7b7cec7395b679edc4","name":"Julien","image":{"@type":"ImageObject","inLanguage":"fr-BE","@id":"https:\/\/vieassociative.be\/actualites\/#\/schema\/person\/image\/","url":"https:\/\/vieassociative.be\/actualites\/wp-content\/uploads\/2024\/09\/vie-associative-1-150x150.jpg","contentUrl":"https:\/\/vieassociative.be\/actualites\/wp-content\/uploads\/2024\/09\/vie-associative-1-150x150.jpg","caption":"Julien"},"description":"Je suis Julien, r\u00e9dacteur pour Vie Associative. Passionn\u00e9 par le monde associatif depuis plus de 10 ans, j'ai \u00e0 c\u0153ur de partager des histoires inspirantes et de mettre en lumi\u00e8re les initiatives locales. Mon objectif est de sensibiliser et d'encourager l'engagement communautaire \u00e0 travers mes articles.","sameAs":["https:\/\/vieassociative.be\/"]}]}},"_links":{"self":[{"href":"https:\/\/vieassociative.be\/actualites\/wp-json\/wp\/v2\/posts\/3953"}],"collection":[{"href":"https:\/\/vieassociative.be\/actualites\/wp-json\/wp\/v2\/posts"}],"about":[{"href":"https:\/\/vieassociative.be\/actualites\/wp-json\/wp\/v2\/types\/post"}],"author":[{"embeddable":true,"href":"https:\/\/vieassociative.be\/actualites\/wp-json\/wp\/v2\/users\/1"}],"replies":[{"embeddable":true,"href":"https:\/\/vieassociative.be\/actualites\/wp-json\/wp\/v2\/comments?post=3953"}],"version-history":[{"count":0,"href":"https:\/\/vieassociative.be\/actualites\/wp-json\/wp\/v2\/posts\/3953\/revisions"}],"wp:featuredmedia":[{"embeddable":true,"href":"https:\/\/vieassociative.be\/actualites\/wp-json\/wp\/v2\/media\/3954"}],"wp:attachment":[{"href":"https:\/\/vieassociative.be\/actualites\/wp-json\/wp\/v2\/media?parent=3953"}],"wp:term":[{"taxonomy":"category","embeddable":true,"href":"https:\/\/vieassociative.be\/actualites\/wp-json\/wp\/v2\/categories?post=3953"},{"taxonomy":"post_tag","embeddable":true,"href":"https:\/\/vieassociative.be\/actualites\/wp-json\/wp\/v2\/tags?post=3953"}],"curies":[{"name":"wp","href":"https:\/\/api.w.org\/{rel}","templated":true}]}}