{"id":3949,"date":"2025-01-01T18:25:40","date_gmt":"2025-01-01T17:25:40","guid":{"rendered":"https:\/\/vieassociative.be\/actualites\/le-guide-de-la-culture-des-enfants-pour-les-adultes-deconnectes-qui-est-m-la-bete\/"},"modified":"2025-01-01T18:25:40","modified_gmt":"2025-01-01T17:25:40","slug":"le-guide-de-la-culture-des-enfants-pour-les-adultes-deconnectes-qui-est-m-la-bete","status":"publish","type":"post","link":"https:\/\/vieassociative.be\/actualites\/le-guide-de-la-culture-des-enfants-pour-les-adultes-deconnectes-qui-est-m-la-bete\/","title":{"rendered":"Le guide de la culture des enfants pour les adultes d\u00e9connect\u00e9s\u00a0: qui est M. la B\u00eate\u00a0?"},"content":{"rendered":"<div class=\"mt-4 leading-6 md:mb-8\">De nos jours, il suffit de compter jusqu&rsquo;\u00e0 100 000 personnes et de distribuer des millions de dollars pour que YouTube soit c\u00e9l\u00e8bre.<\/div>\n<p><\/p>\n<p>Cette semaine, les enfants volent des choses \u00e0 l&rsquo;\u00e9cole, distribuent des sommes d&rsquo;argent exorbitantes et se moquent du red\u00e9marrage de <em>La matrice<\/em>.<\/p>\n<h2 id=\"who-is-mr-beast-and-why-is-everyone-watching-his-videos\"><strong>Qui est M. Beast et pourquoi tout le monde regarde ses vid\u00e9os ?<\/strong><\/h2>\n<p>Le YouTuber \u00ab c\u00e9l\u00e8bre uniquement aupr\u00e8s des enfants \u00bb Jimmy Donaldson, alias \u00ab MrBeast \u00bb, est le roi des cascades d&rsquo;endurance sur YouTube. Le natif du Kansas ma\u00eetrisait l&rsquo;art des \u00e9preuves punitives et ridicules, comme sa premi\u00e8re vid\u00e9o marquante qui \u00e9tait une vid\u00e9o de 24 heures de lui-m\u00eame comptant jusqu&rsquo;\u00e0 100 000, ouvrant la voie \u00e0 son style le plus grand est le meilleur. <\/p>\n<p>Entre autres exploits, il a pass\u00e9 50 heures en cellule d&rsquo;isolement, s&rsquo;est enterr\u00e9 vivant et a travers\u00e9 le m\u00eame drive-through 1 000 fois. Il aime aussi donner de l&rsquo;argent&#8230;<em>tonnes<\/em> d&rsquo;argent \u2013 \u200b\u200b\u00e0 ses t\u00e9l\u00e9spectateurs, aux m\u00e8res de ses t\u00e9l\u00e9spectateurs, aux employ\u00e9s de restaurant au hasard, \u00e0 ses amis idiots et m\u00eame aux arbres. L&rsquo;association caritative de MrBeast, Team Trees, a d\u00e9pens\u00e9 plus de 23 millions de dollars pour planter des arbres. <\/p>\n<p>Toutes ces difficult\u00e9s et cette philanthropie ont valu \u00e0 Beast 113,4 millions d&rsquo;abonn\u00e9s sur ses cha\u00eenes YouTube, plus de 12 milliards de vues au total et environ 25 millions de dollars. MrBeast a 23 ans. Quand j&rsquo;avais 23 ans, je travaillais \u00e0 temps partiel dans un parcours de golf miniature.<\/p>\n<h2 id=\"tiktok-meme-of-the-week-devious-licks\"><strong>M\u00e8me TikTok de la semaine\u00a0: \u00ab\u00a0L\u00e8ches sournoises\u00a0\u00bb<\/strong><\/h2>\n<p>L&rsquo;\u00e9cole est de retour et la nouvelle tendance la plus en vogue parmi les \u00e9tudiants est de voler des choses ridicules et de publier des vid\u00e9os en ligne. Cela a commenc\u00e9 avec TikToker @dtx.2cent, qui a montr\u00e9 une bouteille de d\u00e9sinfectant pour les mains vol\u00e9e et l&rsquo;a l\u00e9gend\u00e9 \u00ab\u00a0seulement un mois apr\u00e8s le d\u00e9but de l&rsquo;\u00e9cole et a eu ce coup de langue absolument sournois\u00a0\u00bb. D&rsquo;autres coups de langue ont suivi, avec des imitateurs attaquant des microscopes, des alarmes incendie, le bassin d&rsquo;une fontaine d&rsquo;eau et cette horloge qui est sur le mur de toutes les \u00e9coles du monde.<\/p>\n<p>Le vieil homme grincheux en moi me dit : \u00ab C&rsquo;est l&rsquo;argent de mes imp\u00f4ts, punk ! \u00bb mais je ne peux m&#8217;emp\u00eacher d&rsquo;aimer l&rsquo;absurdit\u00e9 de voler des objets compl\u00e8tement inutiles sans aucune raison. (Je veux dire, qu&rsquo;est-ce que ce TikToker va faire exactement avec des centaines de kits de test COVID ?) Et je ne peux pas nier mon propre coup de jeune sournois, comme lorsque j&rsquo;ai vol\u00e9 les lumi\u00e8res clignotantes d&rsquo;un chantier de construction, que je les ai ramen\u00e9es \u00e0 la maison et que j&rsquo;ai pens\u00e9 , \u00ab\u00a0Qu&rsquo;est-ce que je vais faire avec <em>ce<\/em>?\u00a0\u00bb <\/p>\n<h2 id=\"this-week-in-movies-back-into-the-matrix\"><strong>Cette semaine au cin\u00e9ma : Retour dans la Matrice<\/strong><\/h2>\n<p>Si vous ne l&rsquo;avez pas d\u00e9j\u00e0 fait, rejoignez plus de 11 millions d&rsquo;autres personnes et cliquez sur le lien de la premi\u00e8re bande-annonce de <em>Les r\u00e9surrections matricielles<\/em>. C&rsquo;est incroyable. Pourquoi Laurence \u00ab Morpheus \u00bb Fishburne n&rsquo;est-elle pas dans le film ? Le donneur de pilule montr\u00e9 (jou\u00e9 par Yahya Abdul-Mateen II) est-il un Morpheus plus jeune ? Le film d\u00e9crit-il ce qui se serait pass\u00e9 si Neo avait pris la pilule bleue au lieu de la rouge ? Pouvons-nous pr\u00e9tendre que les suites originales de Matrix ne se sont jamais produites ? Neo est-il r\u00e9ellement une version adulte de Ted de <em>L&rsquo;excellente aventure de Bill et Ted<\/em> ou Matt de <em>Le bord de la rivi\u00e8re<\/em>? N&rsquo;est-il pas pr\u00e9f\u00e9rable de vivre dans une simulation et d&rsquo;\u00eatre une batterie vivante que de vivre dans le monde r\u00e9el ? <\/p>\n<p>Les internautes cin\u00e9philes se d\u00e9cha\u00eenent avec les th\u00e9ories de fans bas\u00e9es sur ce clip \u00e9l\u00e9gant, et toutes ces questions et bien d&rsquo;autres trouveront une r\u00e9ponse le 22 d\u00e9cembre, lorsque litt\u00e9ralement tout le monde sur terre verra ce film.<\/p>\n<h2 id=\"this-week-in-public-service-announcements-do-not-swim-in-floodwaters\"><strong>Messages d&rsquo;int\u00e9r\u00eat public de cette semaine\u00a0:\u00a0Ne nagez pas dans les eaux de crue<\/strong> <\/h2>\n<p>Alors que les inondations dans les grandes villes risquent de devenir un \u00e9v\u00e9nement saisonnier d\u00e9primant, les autorit\u00e9s \u00e9mettent des avertissements contre <a rel=\"nofollow noopener\" href=\"https:\/\/twitter.com\/BradfordPearson\/status\/1433566347775066114?ref_src=twsrc%5Etfw%7Ctwcamp%5Etweetembed%7Ctwterm%5E1433566347775066114%7Ctwgr%5E%7Ctwcon%5Es1_&amp;ref_url=https%3A%2F%2Fmeaww.com%2Fphiladelphia-officials-warn-residents-not-to-go-swimming-in-floodwaters-twitter-pics-philly-wild\" target=\"_blank\" title=\"open in a new window\">nager et autrement recr\u00e9er<\/a> dans les eaux de crue. Les habitants de Philadelphie (que Dieu les b\u00e9nisse) sont devenus viraux en contractant des infections virales en nageant, en plongeant et en profitant de toute l&rsquo;eau suppl\u00e9mentaire qui a inond\u00e9 la ville \u00e0 la suite de l&rsquo;ouragan Ida. Mais selon les r\u00e9primandes de l\u2019agence de sant\u00e9 publique, ce n\u2019est pas une bonne chose \u00e0 faire. Nager dans les eaux de crue n\u2019est pas mignon. Ce n&rsquo;est pas <a rel=\"nofollow noopener\" href=\"https:\/\/twitter.com\/fingers2fat\/status\/1433268054503444480?ref_src=twsrc%5Etfw%7Ctwcamp%5Etweetembed%7Ctwterm%5E1433640224224055299%7Ctwgr%5E%7Ctwcon%5Es3_&amp;ref_url=https%3A%2F%2Fwww.dailydot.com%2Funclick%2Fwhy-not-to-swim-in-floodwaters%2F\" target=\"_blank\" title=\"open in a new window\">transformer des citrons en limonade<\/a>. C&rsquo;est comme \u00e7a qu&rsquo;on attrape le chol\u00e9ra.  <\/p>\n<p>Adam Thiel, double commissaire aux incendies et directeur de la gestion des urgences de Philadelphie, a d\u00e9clar\u00e9 : \u00ab Restez en dehors de l&rsquo;eau, restez en dehors de la boue. Ce n&rsquo;est pas quelque chose dans lequel vous voulez nager, ou faire du tubing, ou toute autre chose que nous avons vu des gens faire \u00bb, avant d&rsquo;ajouter : \u00ab Si vous faisiez cela, je vous conseillerais certainement d&rsquo;aller vous faire vacciner contre le t\u00e9tanos, entre autres. d&rsquo;autres choses.<\/p>\n<h2 id=\"internet-fights-back-against-texas-abortion-ban\"><strong>Internet s&rsquo;oppose \u00e0 l&rsquo;interdiction de l&rsquo;avortement au Texas<\/strong><\/h2>\n<p>La Cour supr\u00eame paralysant Roe contre Wade entra\u00eenera s\u00fbrement des batailles juridiques tr\u00e8s m\u00e9diatis\u00e9es et des millions de publications Facebook de baby-boomers en col\u00e8re, mais les jeunes font plus que publier des mises \u00e0 jour de statut. Men\u00e9s par des influenceurs, des satanistes et des randos, les internautes ont totalement d\u00e9truit un site Web texan con\u00e7u pour rendre compte des femmes qui avortent.<\/p>\n<p>Le site www.prolifewhistleblower.com a \u00e9t\u00e9 cr\u00e9\u00e9 pour profiter de la \u00ab prime \u00bb civile que les citoyens peuvent percevoir pour d\u00e9noncer quelqu&rsquo;un qui pratique ou aide \u00e0 un avortement. D\u00e8s son lancement, le site a \u00e9t\u00e9 frapp\u00e9 par une attaque DDOS et inond\u00e9 d&rsquo;innombrables rapports d&rsquo;avortements pratiqu\u00e9s par le Dr Nick Riviera, le Dr Funkenstein et d&rsquo;autres membres de la communaut\u00e9 m\u00e9dicale fictive.<\/p>\n<p>L&rsquo;h\u00e9bergeur Internet GoDaddy.com a r\u00e9pondu \u00e0 la pression du public et a retir\u00e9 son soutien, laissant le site entre les mains de la soci\u00e9t\u00e9 d&rsquo;h\u00e9bergement de droite Epik. Peu de temps apr\u00e8s, m\u00eame Epik a refus\u00e9 d\u2019h\u00e9berger le site, car il violait ses conditions d\u2019utilisation en collectant de mani\u00e8re non consensuelle des informations provenant de tiers. <\/p>\n<p>Les cr\u00e9ateurs du site, Texas Right to Life, jurent de revenir, mais pour l&rsquo;instant, leur site Web de vif d&rsquo;or a disparu.<\/p>\n<h2 id=\"viral-video-of-the-week-blues-clues-host-explains-why-he-abandoned-us\"><strong>Vid\u00e9o virale de la semaine : <em>Indices de blues<\/em> l&rsquo;h\u00f4te explique pourquoi il nous a abandonn\u00e9s<\/strong><\/h2>\n<p>Dans une vid\u00e9o qui a permis de cl\u00f4turer une nation \u00e9motionnellement ravag\u00e9e, Steve Burns, l&rsquo;animateur original de l&rsquo;\u00e9mission embl\u00e9matique pour enfants <em>Indices de blues,<\/em> <a rel=\"nofollow noopener\" href=\"https:\/\/twitter.com\/nickjr\/status\/1435332689532440579\" target=\"_blank\" title=\"open in a new window\">a finalement r\u00e9v\u00e9l\u00e9 o\u00f9 il \u00e9tait all\u00e9<\/a>et pourquoi il nous a laiss\u00e9 avec son fr\u00e8re \u00e9trangement similaire, Joe.<\/p>\n<p>Steve, qui avait l&rsquo;air jeune comme une machine \u00e0 voyager dans le temps, a d\u00e9clar\u00e9 : \u00ab Je me rends compte que c&rsquo;\u00e9tait un peu brusque. Je me suis juste lev\u00e9 et je suis all\u00e9 \u00e0 l&rsquo;universit\u00e9. Et c&rsquo;\u00e9tait vraiment un d\u00e9fi, d&rsquo;ailleurs, mais g\u00e9nial parce que j&rsquo;ai pu utiliser mon esprit et faire un pas \u00e0 la fois, et maintenant je fais litt\u00e9ralement beaucoup de choses que je voulais faire.<\/p>\n<p>La vid\u00e9o met fin aux rumeurs de longue date selon lesquelles Burns aurait quitt\u00e9 la s\u00e9rie parce qu&rsquo;il avait eu un accident de voiture ou \u00e9tait toxicomane. \u00c9tonnamment, les rumeurs selon lesquelles Steve aurait \u00e9t\u00e9 \u00e0 moiti\u00e9 d\u00e9chir\u00e9 et serait devenu un rocker ind\u00e9pendant sont totalement vraies.<\/p>\n<p>Malgr\u00e9 les informations affirmant le contraire, je n&rsquo;ai pas pleur\u00e9 \u00e0 cause de cette vid\u00e9o, et je n&rsquo;ai pas eu la gorge nou\u00e9e lorsque Steve a dit : \u00ab Je suppose que je voulais juste dire qu&rsquo;apr\u00e8s toutes ces ann\u00e9es, je ne t&rsquo;ai jamais oubli\u00e9. Jamais. Et je suis super content que nous soyons toujours amis.<\/p>\n<p><\/p>\n<p><script async src=\"https:\/\/platform.twitter.com\/widgets.js\" charset=\"utf-8\"><\/script><script async src=\"\/\/www.tiktok.com\/embed.js\"><\/script><\/p>\n","protected":false},"excerpt":{"rendered":"<p>De nos jours, il suffit de compter jusqu&rsquo;\u00e0 100 000 personnes et de distribuer des millions de dollars pour que YouTube soit c\u00e9l\u00e8bre. Cette semaine,<\/p>\n","protected":false},"author":1,"featured_media":3950,"comment_status":"","ping_status":"","sticky":false,"template":"","format":"standard","meta":{"footnotes":""},"categories":[37],"tags":[899,4418,2805,2806,29,324,76,461,14,81,99],"class_list":["post-3949","post","type-post","status-publish","format-standard","has-post-thumbnail","hentry","category-famille","tag-adultes","tag-bete","tag-culture","tag-deconnectes","tag-des","tag-enfants","tag-est","tag-guide","tag-les","tag-pour","tag-qui","generate-columns","tablet-grid-50","mobile-grid-100","grid-parent","grid-33"],"yoast_head":"<!-- This site is optimized with the Yoast SEO plugin v24.0 - https:\/\/yoast.com\/wordpress\/plugins\/seo\/ -->\n<title>Le guide de la culture des enfants pour les adultes d\u00e9connect\u00e9s\u00a0: qui est M. la B\u00eate\u00a0? | Vie Associative<\/title>\n<meta name=\"robots\" content=\"index, follow, max-snippet:-1, max-image-preview:large, max-video-preview:-1\" \/>\n<link rel=\"canonical\" href=\"https:\/\/vieassociative.be\/actualites\/le-guide-de-la-culture-des-enfants-pour-les-adultes-deconnectes-qui-est-m-la-bete\/\" \/>\n<meta property=\"og:locale\" content=\"fr_FR\" \/>\n<meta property=\"og:type\" content=\"article\" \/>\n<meta property=\"og:title\" content=\"Le guide de la culture des enfants pour les adultes d\u00e9connect\u00e9s\u00a0: qui est M. la B\u00eate\u00a0? | Vie Associative\" \/>\n<meta property=\"og:description\" content=\"De nos jours, il suffit de compter jusqu&rsquo;\u00e0 100 000 personnes et de distribuer des millions de dollars pour que YouTube soit c\u00e9l\u00e8bre. Cette semaine,\" \/>\n<meta property=\"og:url\" content=\"https:\/\/vieassociative.be\/actualites\/le-guide-de-la-culture-des-enfants-pour-les-adultes-deconnectes-qui-est-m-la-bete\/\" \/>\n<meta property=\"og:site_name\" content=\"Vie Associative\" \/>\n<meta property=\"article:published_time\" content=\"2025-01-01T17:25:40+00:00\" \/>\n<meta property=\"og:image\" content=\"https:\/\/vieassociative.be\/actualites\/wp-content\/uploads\/2024\/09\/header_backgroundk-01-e1726694325946.png\" \/>\n\t<meta property=\"og:image:width\" content=\"279\" \/>\n\t<meta property=\"og:image:height\" content=\"92\" \/>\n\t<meta property=\"og:image:type\" content=\"image\/png\" \/>\n<meta name=\"author\" content=\"Julien\" \/>\n<meta name=\"twitter:card\" content=\"summary_large_image\" \/>\n<meta name=\"twitter:label1\" content=\"\u00c9crit par\" \/>\n\t<meta name=\"twitter:data1\" content=\"Julien\" \/>\n\t<meta name=\"twitter:label2\" content=\"Dur\u00e9e de lecture est.\" \/>\n\t<meta name=\"twitter:data2\" content=\"7 minutes\" \/>\n<script type=\"application\/ld+json\" class=\"yoast-schema-graph\">{\"@context\":\"https:\/\/schema.org\",\"@graph\":[{\"@type\":\"Article\",\"@id\":\"https:\/\/vieassociative.be\/actualites\/le-guide-de-la-culture-des-enfants-pour-les-adultes-deconnectes-qui-est-m-la-bete\/#article\",\"isPartOf\":{\"@id\":\"https:\/\/vieassociative.be\/actualites\/le-guide-de-la-culture-des-enfants-pour-les-adultes-deconnectes-qui-est-m-la-bete\/\"},\"author\":{\"name\":\"Julien\",\"@id\":\"https:\/\/vieassociative.be\/actualites\/#\/schema\/person\/b87ac4f82f9d4e7b7cec7395b679edc4\"},\"headline\":\"Le guide de la culture des enfants pour les adultes d\u00e9connect\u00e9s\u00a0: qui est M. la B\u00eate\u00a0?\",\"datePublished\":\"2025-01-01T17:25:40+00:00\",\"dateModified\":\"2025-01-01T17:25:40+00:00\",\"mainEntityOfPage\":{\"@id\":\"https:\/\/vieassociative.be\/actualites\/le-guide-de-la-culture-des-enfants-pour-les-adultes-deconnectes-qui-est-m-la-bete\/\"},\"wordCount\":1423,\"publisher\":{\"@id\":\"https:\/\/vieassociative.be\/actualites\/#organization\"},\"image\":{\"@id\":\"https:\/\/vieassociative.be\/actualites\/le-guide-de-la-culture-des-enfants-pour-les-adultes-deconnectes-qui-est-m-la-bete\/#primaryimage\"},\"thumbnailUrl\":\"https:\/\/vieassociative.be\/actualites\/wp-content\/uploads\/2025\/01\/1735752341_Le-guide-de-la-culture-des-enfants-pour-les-adultes.jpg\",\"keywords\":[\"adultes\",\"B\u00eate\",\"culture\",\"d\u00e9connect\u00e9s\",\"Des\",\"enfants\",\"est\",\"Guide\",\"Les\",\"pour\",\"qui\"],\"articleSection\":[\"Famille\"],\"inLanguage\":\"fr-BE\"},{\"@type\":\"WebPage\",\"@id\":\"https:\/\/vieassociative.be\/actualites\/le-guide-de-la-culture-des-enfants-pour-les-adultes-deconnectes-qui-est-m-la-bete\/\",\"url\":\"https:\/\/vieassociative.be\/actualites\/le-guide-de-la-culture-des-enfants-pour-les-adultes-deconnectes-qui-est-m-la-bete\/\",\"name\":\"Le guide de la culture des enfants pour les adultes d\u00e9connect\u00e9s\u00a0: qui est M. la B\u00eate\u00a0? | Vie Associative\",\"isPartOf\":{\"@id\":\"https:\/\/vieassociative.be\/actualites\/#website\"},\"primaryImageOfPage\":{\"@id\":\"https:\/\/vieassociative.be\/actualites\/le-guide-de-la-culture-des-enfants-pour-les-adultes-deconnectes-qui-est-m-la-bete\/#primaryimage\"},\"image\":{\"@id\":\"https:\/\/vieassociative.be\/actualites\/le-guide-de-la-culture-des-enfants-pour-les-adultes-deconnectes-qui-est-m-la-bete\/#primaryimage\"},\"thumbnailUrl\":\"https:\/\/vieassociative.be\/actualites\/wp-content\/uploads\/2025\/01\/1735752341_Le-guide-de-la-culture-des-enfants-pour-les-adultes.jpg\",\"datePublished\":\"2025-01-01T17:25:40+00:00\",\"dateModified\":\"2025-01-01T17:25:40+00:00\",\"breadcrumb\":{\"@id\":\"https:\/\/vieassociative.be\/actualites\/le-guide-de-la-culture-des-enfants-pour-les-adultes-deconnectes-qui-est-m-la-bete\/#breadcrumb\"},\"inLanguage\":\"fr-BE\",\"potentialAction\":[{\"@type\":\"ReadAction\",\"target\":[\"https:\/\/vieassociative.be\/actualites\/le-guide-de-la-culture-des-enfants-pour-les-adultes-deconnectes-qui-est-m-la-bete\/\"]}]},{\"@type\":\"ImageObject\",\"inLanguage\":\"fr-BE\",\"@id\":\"https:\/\/vieassociative.be\/actualites\/le-guide-de-la-culture-des-enfants-pour-les-adultes-deconnectes-qui-est-m-la-bete\/#primaryimage\",\"url\":\"https:\/\/vieassociative.be\/actualites\/wp-content\/uploads\/2025\/01\/1735752341_Le-guide-de-la-culture-des-enfants-pour-les-adultes.jpg\",\"contentUrl\":\"https:\/\/vieassociative.be\/actualites\/wp-content\/uploads\/2025\/01\/1735752341_Le-guide-de-la-culture-des-enfants-pour-les-adultes.jpg\",\"width\":1199,\"height\":675,\"caption\":\"Le guide de la culture des enfants pour les adultes d\u00e9connect\u00e9s\u00a0: qui est M. la B\u00eate\u00a0?\"},{\"@type\":\"BreadcrumbList\",\"@id\":\"https:\/\/vieassociative.be\/actualites\/le-guide-de-la-culture-des-enfants-pour-les-adultes-deconnectes-qui-est-m-la-bete\/#breadcrumb\",\"itemListElement\":[{\"@type\":\"ListItem\",\"position\":1,\"name\":\"Accueil\",\"item\":\"https:\/\/vieassociative.be\/actualites\/\"},{\"@type\":\"ListItem\",\"position\":2,\"name\":\"Le guide de la culture des enfants pour les adultes d\u00e9connect\u00e9s\u00a0: qui est M. la B\u00eate\u00a0?\"}]},{\"@type\":\"WebSite\",\"@id\":\"https:\/\/vieassociative.be\/actualites\/#website\",\"url\":\"https:\/\/vieassociative.be\/actualites\/\",\"name\":\"Vie Associative\",\"description\":\"\",\"publisher\":{\"@id\":\"https:\/\/vieassociative.be\/actualites\/#organization\"},\"potentialAction\":[{\"@type\":\"SearchAction\",\"target\":{\"@type\":\"EntryPoint\",\"urlTemplate\":\"https:\/\/vieassociative.be\/actualites\/?s={search_term_string}\"},\"query-input\":{\"@type\":\"PropertyValueSpecification\",\"valueRequired\":true,\"valueName\":\"search_term_string\"}}],\"inLanguage\":\"fr-BE\"},{\"@type\":\"Organization\",\"@id\":\"https:\/\/vieassociative.be\/actualites\/#organization\",\"name\":\"Vie Associative\",\"url\":\"https:\/\/vieassociative.be\/actualites\/\",\"logo\":{\"@type\":\"ImageObject\",\"inLanguage\":\"fr-BE\",\"@id\":\"https:\/\/vieassociative.be\/actualites\/#\/schema\/logo\/image\/\",\"url\":\"https:\/\/vieassociative.be\/actualites\/wp-content\/uploads\/2024\/09\/cropped-vieassociative_favicon.ico.png\",\"contentUrl\":\"https:\/\/vieassociative.be\/actualites\/wp-content\/uploads\/2024\/09\/cropped-vieassociative_favicon.ico.png\",\"width\":512,\"height\":512,\"caption\":\"Vie Associative\"},\"image\":{\"@id\":\"https:\/\/vieassociative.be\/actualites\/#\/schema\/logo\/image\/\"}},{\"@type\":\"Person\",\"@id\":\"https:\/\/vieassociative.be\/actualites\/#\/schema\/person\/b87ac4f82f9d4e7b7cec7395b679edc4\",\"name\":\"Julien\",\"image\":{\"@type\":\"ImageObject\",\"inLanguage\":\"fr-BE\",\"@id\":\"https:\/\/vieassociative.be\/actualites\/#\/schema\/person\/image\/\",\"url\":\"https:\/\/vieassociative.be\/actualites\/wp-content\/uploads\/2024\/09\/vie-associative-1-150x150.jpg\",\"contentUrl\":\"https:\/\/vieassociative.be\/actualites\/wp-content\/uploads\/2024\/09\/vie-associative-1-150x150.jpg\",\"caption\":\"Julien\"},\"description\":\"Je suis Julien, r\u00e9dacteur pour Vie Associative. Passionn\u00e9 par le monde associatif depuis plus de 10 ans, j'ai \u00e0 c\u0153ur de partager des histoires inspirantes et de mettre en lumi\u00e8re les initiatives locales. Mon objectif est de sensibiliser et d'encourager l'engagement communautaire \u00e0 travers mes articles.\",\"sameAs\":[\"https:\/\/vieassociative.be\/\"]}]}<\/script>\n<!-- \/ Yoast SEO plugin. -->","yoast_head_json":{"title":"Le guide de la culture des enfants pour les adultes d\u00e9connect\u00e9s\u00a0: qui est M. la B\u00eate\u00a0? | Vie Associative","robots":{"index":"index","follow":"follow","max-snippet":"max-snippet:-1","max-image-preview":"max-image-preview:large","max-video-preview":"max-video-preview:-1"},"canonical":"https:\/\/vieassociative.be\/actualites\/le-guide-de-la-culture-des-enfants-pour-les-adultes-deconnectes-qui-est-m-la-bete\/","og_locale":"fr_FR","og_type":"article","og_title":"Le guide de la culture des enfants pour les adultes d\u00e9connect\u00e9s\u00a0: qui est M. la B\u00eate\u00a0? | Vie Associative","og_description":"De nos jours, il suffit de compter jusqu&rsquo;\u00e0 100 000 personnes et de distribuer des millions de dollars pour que YouTube soit c\u00e9l\u00e8bre. Cette semaine,","og_url":"https:\/\/vieassociative.be\/actualites\/le-guide-de-la-culture-des-enfants-pour-les-adultes-deconnectes-qui-est-m-la-bete\/","og_site_name":"Vie Associative","article_published_time":"2025-01-01T17:25:40+00:00","og_image":[{"width":279,"height":92,"url":"https:\/\/vieassociative.be\/actualites\/wp-content\/uploads\/2024\/09\/header_backgroundk-01-e1726694325946.png","type":"image\/png"}],"author":"Julien","twitter_card":"summary_large_image","twitter_misc":{"\u00c9crit par":"Julien","Dur\u00e9e de lecture est.":"7 minutes"},"schema":{"@context":"https:\/\/schema.org","@graph":[{"@type":"Article","@id":"https:\/\/vieassociative.be\/actualites\/le-guide-de-la-culture-des-enfants-pour-les-adultes-deconnectes-qui-est-m-la-bete\/#article","isPartOf":{"@id":"https:\/\/vieassociative.be\/actualites\/le-guide-de-la-culture-des-enfants-pour-les-adultes-deconnectes-qui-est-m-la-bete\/"},"author":{"name":"Julien","@id":"https:\/\/vieassociative.be\/actualites\/#\/schema\/person\/b87ac4f82f9d4e7b7cec7395b679edc4"},"headline":"Le guide de la culture des enfants pour les adultes d\u00e9connect\u00e9s\u00a0: qui est M. la B\u00eate\u00a0?","datePublished":"2025-01-01T17:25:40+00:00","dateModified":"2025-01-01T17:25:40+00:00","mainEntityOfPage":{"@id":"https:\/\/vieassociative.be\/actualites\/le-guide-de-la-culture-des-enfants-pour-les-adultes-deconnectes-qui-est-m-la-bete\/"},"wordCount":1423,"publisher":{"@id":"https:\/\/vieassociative.be\/actualites\/#organization"},"image":{"@id":"https:\/\/vieassociative.be\/actualites\/le-guide-de-la-culture-des-enfants-pour-les-adultes-deconnectes-qui-est-m-la-bete\/#primaryimage"},"thumbnailUrl":"https:\/\/vieassociative.be\/actualites\/wp-content\/uploads\/2025\/01\/1735752341_Le-guide-de-la-culture-des-enfants-pour-les-adultes.jpg","keywords":["adultes","B\u00eate","culture","d\u00e9connect\u00e9s","Des","enfants","est","Guide","Les","pour","qui"],"articleSection":["Famille"],"inLanguage":"fr-BE"},{"@type":"WebPage","@id":"https:\/\/vieassociative.be\/actualites\/le-guide-de-la-culture-des-enfants-pour-les-adultes-deconnectes-qui-est-m-la-bete\/","url":"https:\/\/vieassociative.be\/actualites\/le-guide-de-la-culture-des-enfants-pour-les-adultes-deconnectes-qui-est-m-la-bete\/","name":"Le guide de la culture des enfants pour les adultes d\u00e9connect\u00e9s\u00a0: qui est M. la B\u00eate\u00a0? | Vie Associative","isPartOf":{"@id":"https:\/\/vieassociative.be\/actualites\/#website"},"primaryImageOfPage":{"@id":"https:\/\/vieassociative.be\/actualites\/le-guide-de-la-culture-des-enfants-pour-les-adultes-deconnectes-qui-est-m-la-bete\/#primaryimage"},"image":{"@id":"https:\/\/vieassociative.be\/actualites\/le-guide-de-la-culture-des-enfants-pour-les-adultes-deconnectes-qui-est-m-la-bete\/#primaryimage"},"thumbnailUrl":"https:\/\/vieassociative.be\/actualites\/wp-content\/uploads\/2025\/01\/1735752341_Le-guide-de-la-culture-des-enfants-pour-les-adultes.jpg","datePublished":"2025-01-01T17:25:40+00:00","dateModified":"2025-01-01T17:25:40+00:00","breadcrumb":{"@id":"https:\/\/vieassociative.be\/actualites\/le-guide-de-la-culture-des-enfants-pour-les-adultes-deconnectes-qui-est-m-la-bete\/#breadcrumb"},"inLanguage":"fr-BE","potentialAction":[{"@type":"ReadAction","target":["https:\/\/vieassociative.be\/actualites\/le-guide-de-la-culture-des-enfants-pour-les-adultes-deconnectes-qui-est-m-la-bete\/"]}]},{"@type":"ImageObject","inLanguage":"fr-BE","@id":"https:\/\/vieassociative.be\/actualites\/le-guide-de-la-culture-des-enfants-pour-les-adultes-deconnectes-qui-est-m-la-bete\/#primaryimage","url":"https:\/\/vieassociative.be\/actualites\/wp-content\/uploads\/2025\/01\/1735752341_Le-guide-de-la-culture-des-enfants-pour-les-adultes.jpg","contentUrl":"https:\/\/vieassociative.be\/actualites\/wp-content\/uploads\/2025\/01\/1735752341_Le-guide-de-la-culture-des-enfants-pour-les-adultes.jpg","width":1199,"height":675,"caption":"Le guide de la culture des enfants pour les adultes d\u00e9connect\u00e9s\u00a0: qui est M. la B\u00eate\u00a0?"},{"@type":"BreadcrumbList","@id":"https:\/\/vieassociative.be\/actualites\/le-guide-de-la-culture-des-enfants-pour-les-adultes-deconnectes-qui-est-m-la-bete\/#breadcrumb","itemListElement":[{"@type":"ListItem","position":1,"name":"Accueil","item":"https:\/\/vieassociative.be\/actualites\/"},{"@type":"ListItem","position":2,"name":"Le guide de la culture des enfants pour les adultes d\u00e9connect\u00e9s\u00a0: qui est M. la B\u00eate\u00a0?"}]},{"@type":"WebSite","@id":"https:\/\/vieassociative.be\/actualites\/#website","url":"https:\/\/vieassociative.be\/actualites\/","name":"Vie Associative","description":"","publisher":{"@id":"https:\/\/vieassociative.be\/actualites\/#organization"},"potentialAction":[{"@type":"SearchAction","target":{"@type":"EntryPoint","urlTemplate":"https:\/\/vieassociative.be\/actualites\/?s={search_term_string}"},"query-input":{"@type":"PropertyValueSpecification","valueRequired":true,"valueName":"search_term_string"}}],"inLanguage":"fr-BE"},{"@type":"Organization","@id":"https:\/\/vieassociative.be\/actualites\/#organization","name":"Vie Associative","url":"https:\/\/vieassociative.be\/actualites\/","logo":{"@type":"ImageObject","inLanguage":"fr-BE","@id":"https:\/\/vieassociative.be\/actualites\/#\/schema\/logo\/image\/","url":"https:\/\/vieassociative.be\/actualites\/wp-content\/uploads\/2024\/09\/cropped-vieassociative_favicon.ico.png","contentUrl":"https:\/\/vieassociative.be\/actualites\/wp-content\/uploads\/2024\/09\/cropped-vieassociative_favicon.ico.png","width":512,"height":512,"caption":"Vie Associative"},"image":{"@id":"https:\/\/vieassociative.be\/actualites\/#\/schema\/logo\/image\/"}},{"@type":"Person","@id":"https:\/\/vieassociative.be\/actualites\/#\/schema\/person\/b87ac4f82f9d4e7b7cec7395b679edc4","name":"Julien","image":{"@type":"ImageObject","inLanguage":"fr-BE","@id":"https:\/\/vieassociative.be\/actualites\/#\/schema\/person\/image\/","url":"https:\/\/vieassociative.be\/actualites\/wp-content\/uploads\/2024\/09\/vie-associative-1-150x150.jpg","contentUrl":"https:\/\/vieassociative.be\/actualites\/wp-content\/uploads\/2024\/09\/vie-associative-1-150x150.jpg","caption":"Julien"},"description":"Je suis Julien, r\u00e9dacteur pour Vie Associative. Passionn\u00e9 par le monde associatif depuis plus de 10 ans, j'ai \u00e0 c\u0153ur de partager des histoires inspirantes et de mettre en lumi\u00e8re les initiatives locales. Mon objectif est de sensibiliser et d'encourager l'engagement communautaire \u00e0 travers mes articles.","sameAs":["https:\/\/vieassociative.be\/"]}]}},"_links":{"self":[{"href":"https:\/\/vieassociative.be\/actualites\/wp-json\/wp\/v2\/posts\/3949"}],"collection":[{"href":"https:\/\/vieassociative.be\/actualites\/wp-json\/wp\/v2\/posts"}],"about":[{"href":"https:\/\/vieassociative.be\/actualites\/wp-json\/wp\/v2\/types\/post"}],"author":[{"embeddable":true,"href":"https:\/\/vieassociative.be\/actualites\/wp-json\/wp\/v2\/users\/1"}],"replies":[{"embeddable":true,"href":"https:\/\/vieassociative.be\/actualites\/wp-json\/wp\/v2\/comments?post=3949"}],"version-history":[{"count":0,"href":"https:\/\/vieassociative.be\/actualites\/wp-json\/wp\/v2\/posts\/3949\/revisions"}],"wp:featuredmedia":[{"embeddable":true,"href":"https:\/\/vieassociative.be\/actualites\/wp-json\/wp\/v2\/media\/3950"}],"wp:attachment":[{"href":"https:\/\/vieassociative.be\/actualites\/wp-json\/wp\/v2\/media?parent=3949"}],"wp:term":[{"taxonomy":"category","embeddable":true,"href":"https:\/\/vieassociative.be\/actualites\/wp-json\/wp\/v2\/categories?post=3949"},{"taxonomy":"post_tag","embeddable":true,"href":"https:\/\/vieassociative.be\/actualites\/wp-json\/wp\/v2\/tags?post=3949"}],"curies":[{"name":"wp","href":"https:\/\/api.w.org\/{rel}","templated":true}]}}