{"id":3945,"date":"2025-01-01T15:17:31","date_gmt":"2025-01-01T14:17:31","guid":{"rendered":"https:\/\/vieassociative.be\/actualites\/la-legende-belge-du-sport-automobile-jacky-ickx-fete-ses-80-ans-ce-jour-de-lan-video\/"},"modified":"2025-01-01T15:17:31","modified_gmt":"2025-01-01T14:17:31","slug":"la-legende-belge-du-sport-automobile-jacky-ickx-fete-ses-80-ans-ce-jour-de-lan-video","status":"publish","type":"post","link":"https:\/\/vieassociative.be\/actualites\/la-legende-belge-du-sport-automobile-jacky-ickx-fete-ses-80-ans-ce-jour-de-lan-video\/","title":{"rendered":"La l\u00e9gende belge du sport automobile Jacky Ickx f\u00eate ses 80 ans ce jour de l&rsquo;An (VIDEO)"},"content":{"rendered":"<p><strong>Il a brill\u00e9 en Formule 1, dans les rallyes et les courses de longue distance, collectionnant victoires et r\u00e9compenses et entretenant l&rsquo;image d&rsquo;un vrai gentleman : Jacky Ickx f\u00eate aujourd&rsquo;hui ses 80 ans le premier jour de l&rsquo;An.<\/strong><\/p>\n<p><span id=\"more-405163\"><\/span>Depuis ses d\u00e9buts sur quatre roues en 1965 jusqu&rsquo;\u00e0 ses derniers tours sur circuit, l&rsquo;ancien pilote automobile belge s&rsquo;est b\u00e2ti un palmar\u00e8s exceptionnel. <\/p>\n<p>Ickx a \u00e9t\u00e9 deux fois vice-champion de Formule 1, a remport\u00e9 six fois les 24 Heures du Mans et est le seul Belge \u00e0 avoir remport\u00e9 le Rallye Paris-Dakar en 1983 au volant d&rsquo;une voiture. Cela signifie qu\u2019il est toujours consid\u00e9r\u00e9 comme l\u2019un des pilotes les plus polyvalents de l\u2019histoire du sport automobile.<\/p>\n<div id=\"attachment_186551\" class=\"wp-caption alignleft\" style=\"max-width: 300px\"><img fetchpriority=\"high\" decoding=\"async\" class=\"wp-image-186551 size-medium\" src=\"https:\/\/vieassociative.be\/actualites\/wp-content\/uploads\/2025\/01\/La-legende-belge-du-sport-automobile-Jacky-Ickx-fete-ses.jpeg\" alt=\"\" width=\"300\" height=\"200\"  ><\/p>\n<p class=\"wp-caption-text\">26 ao\u00fbt 2018, Spa : l&rsquo;ancien pilote automobile belge Jacky Ickx (\u00e0 gauche) s&rsquo;entretient avec l&rsquo;ancien pilote automobile fran\u00e7ais Alain Prost. Photo : Beno\u00eet Doppagne\/BELGA\/dpa<\/p>\n<\/div>\n<p>Son p\u00e8re Jacques Ickx, journaliste de sport automobile, lui offre une moto et son talent est d\u00e9couvert. Ickx est rapidement pass\u00e9 aux quatre roues. En 1967, il devient champion d&rsquo;Europe de Formule 2.<\/p>\n<p>Un an plus tard, Ickx a commenc\u00e9 \u00e0 courir pour Ferrari en Formule 1 alors qu&rsquo;il avait une vingtaine d&rsquo;ann\u00e9es. Il a attir\u00e9 l&rsquo;attention \u00e0 plusieurs reprises gr\u00e2ce \u00e0 ses comp\u00e9tences de pilotage sous la pluie, notamment lors de ses d\u00e9buts \u00e0 Rouen, o\u00f9 il a remport\u00e9 sa premi\u00e8re victoire en Grand Prix.<\/p>\n<p>Entre 1968 et 1979, Ickx a remport\u00e9 huit victoires en Grand Prix dans 114 courses de Formule 1 et a \u00e9t\u00e9 vice-champion \u00e0 deux reprises (1969 et 1970). Il a \u00e9galement remport\u00e9 d&rsquo;autres courses de Formule 1 qui ne faisaient pas partie du Championnat du Monde (Jochen Rindt Memorial Race 1971 \u00e0 Hockenheim sur Ferrari et 1974 Race of Champions \u00e0 Brands Hatch sur Lotus). En 1979, il devient vainqueur Can-Am sur Lola.<\/p>\n<p>Ses succ\u00e8s aux 24 Heures du Mans sont l\u00e9gendaires, o\u00f9 il s&rsquo;est impos\u00e9 sur une Ford GT 40 en 1969 malgr\u00e9 sa lenteur contre la proc\u00e9dure de d\u00e9part, et a r\u00e9ussi \u00e0 remporter cinq autres victoires en 1982 et a \u00e9t\u00e9 surnomm\u00e9 \u00ab Monsieur Mans \u00bb. Ce record n&rsquo;a \u00e9t\u00e9 battu par Tom Kristensen qu&rsquo;en 2005. <\/p>\n<\/p>\n<div id=\"attachment_186552\" class=\"wp-caption alignleft\" style=\"max-width: 300px\"><img decoding=\"async\" class=\"wp-image-186552 size-medium\" src=\"https:\/\/vieassociative.be\/actualites\/wp-content\/uploads\/2025\/01\/1735741051_677_La-legende-belge-du-sport-automobile-Jacky-Ickx-fete-ses.jpeg\" alt=\"\" width=\"300\" height=\"164\"  ><\/p>\n<p class=\"wp-caption-text\">26 ao\u00fbt 2018, Spa : Motorsport : L&rsquo;ancien pilote automobile belge Jacky Ickx dans sa vieille Ferrari. Photo : Beno\u00eet Doppagne\/BELGA\/dpa<\/p>\n<\/div>\n<p>Jacky Ickx est reconnaissant. \u00ab\u00a0J&rsquo;avais un tr\u00e8s bon ange gardien\u00a0\u00bb, a d\u00e9clar\u00e9 le double vice-champion du monde de Formule 1 dans une interview au \u00ab\u00a0S\u00fcddeutsche Zeitung\u00a0\u00bb. \u00ab\u00a0Il n&rsquo;en reste plus beaucoup de cette \u00e9poque du sport automobile. Ce n\u2019est pas une question de talent pour avoir surv\u00e9cu. C&rsquo;est juste de la chance.\u00a0\u00bb<\/p>\n<p>Par exemple, en 1970 lors du Grand Prix d\u2019Espagne de Formule 1 \u00e0 Jarama. Dans le premier tour, Jackie Oliver, avec qui Ickx avait remport\u00e9 les 24 Heures du Mans pour la premi\u00e8re fois un an plus t\u00f4t, perd le contr\u00f4le de sa BRM, traverse la zone de d\u00e9gagement, revient sur la piste et percute la Ferrari d&rsquo;Ickx. . Les deux voitures ont pris feu. Oliver a pu se lib\u00e9rer tandis qu&rsquo;un Ickx en feu \u00e9tait retir\u00e9 de la voiture par les pompiers.<\/p>\n<p>Ou le 1er septembre 1985, lorsqu&rsquo;Ickx fut directement impliqu\u00e9 dans l&rsquo;accident mortel du plus grand talent automobile allemand Stefan Bellof \u00e0 Spa-Francorchamps. \u00ab\u00a0Ce sont des choses qu&rsquo;on n&rsquo;oublie jamais\u00a0\u00bb, a d\u00e9clar\u00e9 Ickx dans un rapport du NDR : \u00ab\u00a0C&rsquo;\u00e9tait terrible pour moi, c&rsquo;\u00e9tait un accident stupide et totalement inutile, les cons\u00e9quences pour lui ont \u00e9t\u00e9 cruelles.\u00a0\u00bb <\/p>\n<p>Ickx s&rsquo;est mari\u00e9 deux fois et a cinq enfants au total, dont sa fille Vanina, qui se consacre \u00e9galement \u00e0 la course automobile. Il vit avec sa femme, la chanteuse Khadja Nin, \u00e0 Ohain pr\u00e8s de Waterloo, au sud de Bruxelles. (cr\u00e9er)<\/p>\n<p><em><strong>Ci-dessous dans la VIDEO, une interview du journaliste de la RTBF Ga\u00e9tan Vigneron avec Jacky Ickx (en fran\u00e7ais) \u00e0 l&rsquo;occasion de son 80\u00e8me anniversaire :<\/strong><\/em><\/p>\n<div class=\"responsive-embed widescreen\">\n<div class=\"rll-youtube-player\" data-src=\"https:\/\/www.youtube.com\/embed\/o2pE_X2p4hs\" data-id=\"o2pE_X2p4hs\" data-query=\"feature=oembed\" data-alt=\"Jacky Ickx : l'interview exclusive pour ses 80 ans\"><\/div>\n<p><noscript><iframe title=\"Jacky Ickx : l&#039;interview exclusive pour ses 80 ans\" width=\"1200\" height=\"675\" src=\"https:\/\/www.youtube.com\/embed\/o2pE_X2p4hs?feature=oembed\" frameborder=\"0\" allow=\"accelerometer; autoplay; clipboard-write; encrypted-media; gyroscope; picture-in-picture; web-share\" referrerpolicy=\"strict-origin-when-cross-origin\" allowfullscreen><\/iframe><\/noscript><\/div>\n","protected":false},"excerpt":{"rendered":"<p>Il a brill\u00e9 en Formule 1, dans les rallyes et les courses de longue distance, collectionnant victoires et r\u00e9compenses et entretenant l&rsquo;image d&rsquo;un vrai gentleman<\/p>\n","protected":false},"author":1,"featured_media":3946,"comment_status":"","ping_status":"","sticky":false,"template":"","format":"standard","meta":{"footnotes":""},"categories":[298],"tags":[584,2744,410,1485,4416,4415,53,4417,4414,1055,47,1204],"class_list":["post-3945","post","type-post","status-publish","format-standard","has-post-thumbnail","hentry","category-belgique","tag-ans","tag-automobile","tag-belge","tag-fete","tag-ickx","tag-jacky","tag-jour","tag-lan","tag-legende","tag-ses","tag-sport","tag-video","generate-columns","tablet-grid-50","mobile-grid-100","grid-parent","grid-33"],"yoast_head":"<!-- This site is optimized with the Yoast SEO plugin v24.0 - https:\/\/yoast.com\/wordpress\/plugins\/seo\/ -->\n<title>La l\u00e9gende belge du sport automobile Jacky Ickx f\u00eate ses 80 ans ce jour de l&#039;An (VIDEO) | Vie Associative<\/title>\n<meta name=\"robots\" content=\"index, follow, max-snippet:-1, max-image-preview:large, max-video-preview:-1\" \/>\n<link rel=\"canonical\" href=\"https:\/\/vieassociative.be\/actualites\/la-legende-belge-du-sport-automobile-jacky-ickx-fete-ses-80-ans-ce-jour-de-lan-video\/\" \/>\n<meta property=\"og:locale\" content=\"fr_FR\" \/>\n<meta property=\"og:type\" content=\"article\" \/>\n<meta property=\"og:title\" content=\"La l\u00e9gende belge du sport automobile Jacky Ickx f\u00eate ses 80 ans ce jour de l&#039;An (VIDEO) | Vie Associative\" \/>\n<meta property=\"og:description\" content=\"Il a brill\u00e9 en Formule 1, dans les rallyes et les courses de longue distance, collectionnant victoires et r\u00e9compenses et entretenant l&rsquo;image d&rsquo;un vrai gentleman\" \/>\n<meta property=\"og:url\" content=\"https:\/\/vieassociative.be\/actualites\/la-legende-belge-du-sport-automobile-jacky-ickx-fete-ses-80-ans-ce-jour-de-lan-video\/\" \/>\n<meta property=\"og:site_name\" content=\"Vie Associative\" \/>\n<meta property=\"article:published_time\" content=\"2025-01-01T14:17:31+00:00\" \/>\n<meta property=\"og:image\" content=\"https:\/\/vieassociative.be\/actualites\/wp-content\/uploads\/2024\/09\/header_backgroundk-01-e1726694325946.png\" \/>\n\t<meta property=\"og:image:width\" content=\"279\" \/>\n\t<meta property=\"og:image:height\" content=\"92\" \/>\n\t<meta property=\"og:image:type\" content=\"image\/png\" \/>\n<meta name=\"author\" content=\"Julien\" \/>\n<meta name=\"twitter:card\" content=\"summary_large_image\" \/>\n<meta name=\"twitter:label1\" content=\"\u00c9crit par\" \/>\n\t<meta name=\"twitter:data1\" content=\"Julien\" \/>\n\t<meta name=\"twitter:label2\" content=\"Dur\u00e9e de lecture est.\" \/>\n\t<meta name=\"twitter:data2\" content=\"3 minutes\" \/>\n<script type=\"application\/ld+json\" class=\"yoast-schema-graph\">{\"@context\":\"https:\/\/schema.org\",\"@graph\":[{\"@type\":\"Article\",\"@id\":\"https:\/\/vieassociative.be\/actualites\/la-legende-belge-du-sport-automobile-jacky-ickx-fete-ses-80-ans-ce-jour-de-lan-video\/#article\",\"isPartOf\":{\"@id\":\"https:\/\/vieassociative.be\/actualites\/la-legende-belge-du-sport-automobile-jacky-ickx-fete-ses-80-ans-ce-jour-de-lan-video\/\"},\"author\":{\"name\":\"Julien\",\"@id\":\"https:\/\/vieassociative.be\/actualites\/#\/schema\/person\/b87ac4f82f9d4e7b7cec7395b679edc4\"},\"headline\":\"La l\u00e9gende belge du sport automobile Jacky Ickx f\u00eate ses 80 ans ce jour de l&rsquo;An (VIDEO)\",\"datePublished\":\"2025-01-01T14:17:31+00:00\",\"dateModified\":\"2025-01-01T14:17:31+00:00\",\"mainEntityOfPage\":{\"@id\":\"https:\/\/vieassociative.be\/actualites\/la-legende-belge-du-sport-automobile-jacky-ickx-fete-ses-80-ans-ce-jour-de-lan-video\/\"},\"wordCount\":685,\"publisher\":{\"@id\":\"https:\/\/vieassociative.be\/actualites\/#organization\"},\"image\":{\"@id\":\"https:\/\/vieassociative.be\/actualites\/la-legende-belge-du-sport-automobile-jacky-ickx-fete-ses-80-ans-ce-jour-de-lan-video\/#primaryimage\"},\"thumbnailUrl\":\"https:\/\/vieassociative.be\/actualites\/wp-content\/uploads\/2025\/01\/La-legende-belge-du-sport-automobile-Jacky-Ickx-fete-ses.jpg\",\"keywords\":[\"ans\",\"automobile\",\"belge\",\"f\u00eate\",\"Ickx\",\"Jacky\",\"jour\",\"lAn\",\"l\u00e9gende\",\"ses\",\"sport\",\"vid\u00e9o\"],\"articleSection\":[\"Belgique\"],\"inLanguage\":\"fr-BE\"},{\"@type\":\"WebPage\",\"@id\":\"https:\/\/vieassociative.be\/actualites\/la-legende-belge-du-sport-automobile-jacky-ickx-fete-ses-80-ans-ce-jour-de-lan-video\/\",\"url\":\"https:\/\/vieassociative.be\/actualites\/la-legende-belge-du-sport-automobile-jacky-ickx-fete-ses-80-ans-ce-jour-de-lan-video\/\",\"name\":\"La l\u00e9gende belge du sport automobile Jacky Ickx f\u00eate ses 80 ans ce jour de l'An (VIDEO) | Vie Associative\",\"isPartOf\":{\"@id\":\"https:\/\/vieassociative.be\/actualites\/#website\"},\"primaryImageOfPage\":{\"@id\":\"https:\/\/vieassociative.be\/actualites\/la-legende-belge-du-sport-automobile-jacky-ickx-fete-ses-80-ans-ce-jour-de-lan-video\/#primaryimage\"},\"image\":{\"@id\":\"https:\/\/vieassociative.be\/actualites\/la-legende-belge-du-sport-automobile-jacky-ickx-fete-ses-80-ans-ce-jour-de-lan-video\/#primaryimage\"},\"thumbnailUrl\":\"https:\/\/vieassociative.be\/actualites\/wp-content\/uploads\/2025\/01\/La-legende-belge-du-sport-automobile-Jacky-Ickx-fete-ses.jpg\",\"datePublished\":\"2025-01-01T14:17:31+00:00\",\"dateModified\":\"2025-01-01T14:17:31+00:00\",\"breadcrumb\":{\"@id\":\"https:\/\/vieassociative.be\/actualites\/la-legende-belge-du-sport-automobile-jacky-ickx-fete-ses-80-ans-ce-jour-de-lan-video\/#breadcrumb\"},\"inLanguage\":\"fr-BE\",\"potentialAction\":[{\"@type\":\"ReadAction\",\"target\":[\"https:\/\/vieassociative.be\/actualites\/la-legende-belge-du-sport-automobile-jacky-ickx-fete-ses-80-ans-ce-jour-de-lan-video\/\"]}]},{\"@type\":\"ImageObject\",\"inLanguage\":\"fr-BE\",\"@id\":\"https:\/\/vieassociative.be\/actualites\/la-legende-belge-du-sport-automobile-jacky-ickx-fete-ses-80-ans-ce-jour-de-lan-video\/#primaryimage\",\"url\":\"https:\/\/vieassociative.be\/actualites\/wp-content\/uploads\/2025\/01\/La-legende-belge-du-sport-automobile-Jacky-Ickx-fete-ses.jpg\",\"contentUrl\":\"https:\/\/vieassociative.be\/actualites\/wp-content\/uploads\/2025\/01\/La-legende-belge-du-sport-automobile-Jacky-Ickx-fete-ses.jpg\",\"width\":1200,\"height\":800,\"caption\":\"La l\u00e9gende belge du sport automobile Jacky Ickx f\u00eate ses 80 ans ce jour de l'An (VIDEO)\"},{\"@type\":\"BreadcrumbList\",\"@id\":\"https:\/\/vieassociative.be\/actualites\/la-legende-belge-du-sport-automobile-jacky-ickx-fete-ses-80-ans-ce-jour-de-lan-video\/#breadcrumb\",\"itemListElement\":[{\"@type\":\"ListItem\",\"position\":1,\"name\":\"Accueil\",\"item\":\"https:\/\/vieassociative.be\/actualites\/\"},{\"@type\":\"ListItem\",\"position\":2,\"name\":\"La l\u00e9gende belge du sport automobile Jacky Ickx f\u00eate ses 80 ans ce jour de l&rsquo;An (VIDEO)\"}]},{\"@type\":\"WebSite\",\"@id\":\"https:\/\/vieassociative.be\/actualites\/#website\",\"url\":\"https:\/\/vieassociative.be\/actualites\/\",\"name\":\"Vie Associative\",\"description\":\"\",\"publisher\":{\"@id\":\"https:\/\/vieassociative.be\/actualites\/#organization\"},\"potentialAction\":[{\"@type\":\"SearchAction\",\"target\":{\"@type\":\"EntryPoint\",\"urlTemplate\":\"https:\/\/vieassociative.be\/actualites\/?s={search_term_string}\"},\"query-input\":{\"@type\":\"PropertyValueSpecification\",\"valueRequired\":true,\"valueName\":\"search_term_string\"}}],\"inLanguage\":\"fr-BE\"},{\"@type\":\"Organization\",\"@id\":\"https:\/\/vieassociative.be\/actualites\/#organization\",\"name\":\"Vie Associative\",\"url\":\"https:\/\/vieassociative.be\/actualites\/\",\"logo\":{\"@type\":\"ImageObject\",\"inLanguage\":\"fr-BE\",\"@id\":\"https:\/\/vieassociative.be\/actualites\/#\/schema\/logo\/image\/\",\"url\":\"https:\/\/vieassociative.be\/actualites\/wp-content\/uploads\/2024\/09\/cropped-vieassociative_favicon.ico.png\",\"contentUrl\":\"https:\/\/vieassociative.be\/actualites\/wp-content\/uploads\/2024\/09\/cropped-vieassociative_favicon.ico.png\",\"width\":512,\"height\":512,\"caption\":\"Vie Associative\"},\"image\":{\"@id\":\"https:\/\/vieassociative.be\/actualites\/#\/schema\/logo\/image\/\"}},{\"@type\":\"Person\",\"@id\":\"https:\/\/vieassociative.be\/actualites\/#\/schema\/person\/b87ac4f82f9d4e7b7cec7395b679edc4\",\"name\":\"Julien\",\"image\":{\"@type\":\"ImageObject\",\"inLanguage\":\"fr-BE\",\"@id\":\"https:\/\/vieassociative.be\/actualites\/#\/schema\/person\/image\/\",\"url\":\"https:\/\/vieassociative.be\/actualites\/wp-content\/uploads\/2024\/09\/vie-associative-1-150x150.jpg\",\"contentUrl\":\"https:\/\/vieassociative.be\/actualites\/wp-content\/uploads\/2024\/09\/vie-associative-1-150x150.jpg\",\"caption\":\"Julien\"},\"description\":\"Je suis Julien, r\u00e9dacteur pour Vie Associative. Passionn\u00e9 par le monde associatif depuis plus de 10 ans, j'ai \u00e0 c\u0153ur de partager des histoires inspirantes et de mettre en lumi\u00e8re les initiatives locales. Mon objectif est de sensibiliser et d'encourager l'engagement communautaire \u00e0 travers mes articles.\",\"sameAs\":[\"https:\/\/vieassociative.be\/\"]}]}<\/script>\n<!-- \/ Yoast SEO plugin. -->","yoast_head_json":{"title":"La l\u00e9gende belge du sport automobile Jacky Ickx f\u00eate ses 80 ans ce jour de l'An (VIDEO) | Vie Associative","robots":{"index":"index","follow":"follow","max-snippet":"max-snippet:-1","max-image-preview":"max-image-preview:large","max-video-preview":"max-video-preview:-1"},"canonical":"https:\/\/vieassociative.be\/actualites\/la-legende-belge-du-sport-automobile-jacky-ickx-fete-ses-80-ans-ce-jour-de-lan-video\/","og_locale":"fr_FR","og_type":"article","og_title":"La l\u00e9gende belge du sport automobile Jacky Ickx f\u00eate ses 80 ans ce jour de l'An (VIDEO) | Vie Associative","og_description":"Il a brill\u00e9 en Formule 1, dans les rallyes et les courses de longue distance, collectionnant victoires et r\u00e9compenses et entretenant l&rsquo;image d&rsquo;un vrai gentleman","og_url":"https:\/\/vieassociative.be\/actualites\/la-legende-belge-du-sport-automobile-jacky-ickx-fete-ses-80-ans-ce-jour-de-lan-video\/","og_site_name":"Vie Associative","article_published_time":"2025-01-01T14:17:31+00:00","og_image":[{"width":279,"height":92,"url":"https:\/\/vieassociative.be\/actualites\/wp-content\/uploads\/2024\/09\/header_backgroundk-01-e1726694325946.png","type":"image\/png"}],"author":"Julien","twitter_card":"summary_large_image","twitter_misc":{"\u00c9crit par":"Julien","Dur\u00e9e de lecture est.":"3 minutes"},"schema":{"@context":"https:\/\/schema.org","@graph":[{"@type":"Article","@id":"https:\/\/vieassociative.be\/actualites\/la-legende-belge-du-sport-automobile-jacky-ickx-fete-ses-80-ans-ce-jour-de-lan-video\/#article","isPartOf":{"@id":"https:\/\/vieassociative.be\/actualites\/la-legende-belge-du-sport-automobile-jacky-ickx-fete-ses-80-ans-ce-jour-de-lan-video\/"},"author":{"name":"Julien","@id":"https:\/\/vieassociative.be\/actualites\/#\/schema\/person\/b87ac4f82f9d4e7b7cec7395b679edc4"},"headline":"La l\u00e9gende belge du sport automobile Jacky Ickx f\u00eate ses 80 ans ce jour de l&rsquo;An (VIDEO)","datePublished":"2025-01-01T14:17:31+00:00","dateModified":"2025-01-01T14:17:31+00:00","mainEntityOfPage":{"@id":"https:\/\/vieassociative.be\/actualites\/la-legende-belge-du-sport-automobile-jacky-ickx-fete-ses-80-ans-ce-jour-de-lan-video\/"},"wordCount":685,"publisher":{"@id":"https:\/\/vieassociative.be\/actualites\/#organization"},"image":{"@id":"https:\/\/vieassociative.be\/actualites\/la-legende-belge-du-sport-automobile-jacky-ickx-fete-ses-80-ans-ce-jour-de-lan-video\/#primaryimage"},"thumbnailUrl":"https:\/\/vieassociative.be\/actualites\/wp-content\/uploads\/2025\/01\/La-legende-belge-du-sport-automobile-Jacky-Ickx-fete-ses.jpg","keywords":["ans","automobile","belge","f\u00eate","Ickx","Jacky","jour","lAn","l\u00e9gende","ses","sport","vid\u00e9o"],"articleSection":["Belgique"],"inLanguage":"fr-BE"},{"@type":"WebPage","@id":"https:\/\/vieassociative.be\/actualites\/la-legende-belge-du-sport-automobile-jacky-ickx-fete-ses-80-ans-ce-jour-de-lan-video\/","url":"https:\/\/vieassociative.be\/actualites\/la-legende-belge-du-sport-automobile-jacky-ickx-fete-ses-80-ans-ce-jour-de-lan-video\/","name":"La l\u00e9gende belge du sport automobile Jacky Ickx f\u00eate ses 80 ans ce jour de l'An (VIDEO) | Vie Associative","isPartOf":{"@id":"https:\/\/vieassociative.be\/actualites\/#website"},"primaryImageOfPage":{"@id":"https:\/\/vieassociative.be\/actualites\/la-legende-belge-du-sport-automobile-jacky-ickx-fete-ses-80-ans-ce-jour-de-lan-video\/#primaryimage"},"image":{"@id":"https:\/\/vieassociative.be\/actualites\/la-legende-belge-du-sport-automobile-jacky-ickx-fete-ses-80-ans-ce-jour-de-lan-video\/#primaryimage"},"thumbnailUrl":"https:\/\/vieassociative.be\/actualites\/wp-content\/uploads\/2025\/01\/La-legende-belge-du-sport-automobile-Jacky-Ickx-fete-ses.jpg","datePublished":"2025-01-01T14:17:31+00:00","dateModified":"2025-01-01T14:17:31+00:00","breadcrumb":{"@id":"https:\/\/vieassociative.be\/actualites\/la-legende-belge-du-sport-automobile-jacky-ickx-fete-ses-80-ans-ce-jour-de-lan-video\/#breadcrumb"},"inLanguage":"fr-BE","potentialAction":[{"@type":"ReadAction","target":["https:\/\/vieassociative.be\/actualites\/la-legende-belge-du-sport-automobile-jacky-ickx-fete-ses-80-ans-ce-jour-de-lan-video\/"]}]},{"@type":"ImageObject","inLanguage":"fr-BE","@id":"https:\/\/vieassociative.be\/actualites\/la-legende-belge-du-sport-automobile-jacky-ickx-fete-ses-80-ans-ce-jour-de-lan-video\/#primaryimage","url":"https:\/\/vieassociative.be\/actualites\/wp-content\/uploads\/2025\/01\/La-legende-belge-du-sport-automobile-Jacky-Ickx-fete-ses.jpg","contentUrl":"https:\/\/vieassociative.be\/actualites\/wp-content\/uploads\/2025\/01\/La-legende-belge-du-sport-automobile-Jacky-Ickx-fete-ses.jpg","width":1200,"height":800,"caption":"La l\u00e9gende belge du sport automobile Jacky Ickx f\u00eate ses 80 ans ce jour de l'An (VIDEO)"},{"@type":"BreadcrumbList","@id":"https:\/\/vieassociative.be\/actualites\/la-legende-belge-du-sport-automobile-jacky-ickx-fete-ses-80-ans-ce-jour-de-lan-video\/#breadcrumb","itemListElement":[{"@type":"ListItem","position":1,"name":"Accueil","item":"https:\/\/vieassociative.be\/actualites\/"},{"@type":"ListItem","position":2,"name":"La l\u00e9gende belge du sport automobile Jacky Ickx f\u00eate ses 80 ans ce jour de l&rsquo;An (VIDEO)"}]},{"@type":"WebSite","@id":"https:\/\/vieassociative.be\/actualites\/#website","url":"https:\/\/vieassociative.be\/actualites\/","name":"Vie Associative","description":"","publisher":{"@id":"https:\/\/vieassociative.be\/actualites\/#organization"},"potentialAction":[{"@type":"SearchAction","target":{"@type":"EntryPoint","urlTemplate":"https:\/\/vieassociative.be\/actualites\/?s={search_term_string}"},"query-input":{"@type":"PropertyValueSpecification","valueRequired":true,"valueName":"search_term_string"}}],"inLanguage":"fr-BE"},{"@type":"Organization","@id":"https:\/\/vieassociative.be\/actualites\/#organization","name":"Vie Associative","url":"https:\/\/vieassociative.be\/actualites\/","logo":{"@type":"ImageObject","inLanguage":"fr-BE","@id":"https:\/\/vieassociative.be\/actualites\/#\/schema\/logo\/image\/","url":"https:\/\/vieassociative.be\/actualites\/wp-content\/uploads\/2024\/09\/cropped-vieassociative_favicon.ico.png","contentUrl":"https:\/\/vieassociative.be\/actualites\/wp-content\/uploads\/2024\/09\/cropped-vieassociative_favicon.ico.png","width":512,"height":512,"caption":"Vie Associative"},"image":{"@id":"https:\/\/vieassociative.be\/actualites\/#\/schema\/logo\/image\/"}},{"@type":"Person","@id":"https:\/\/vieassociative.be\/actualites\/#\/schema\/person\/b87ac4f82f9d4e7b7cec7395b679edc4","name":"Julien","image":{"@type":"ImageObject","inLanguage":"fr-BE","@id":"https:\/\/vieassociative.be\/actualites\/#\/schema\/person\/image\/","url":"https:\/\/vieassociative.be\/actualites\/wp-content\/uploads\/2024\/09\/vie-associative-1-150x150.jpg","contentUrl":"https:\/\/vieassociative.be\/actualites\/wp-content\/uploads\/2024\/09\/vie-associative-1-150x150.jpg","caption":"Julien"},"description":"Je suis Julien, r\u00e9dacteur pour Vie Associative. Passionn\u00e9 par le monde associatif depuis plus de 10 ans, j'ai \u00e0 c\u0153ur de partager des histoires inspirantes et de mettre en lumi\u00e8re les initiatives locales. Mon objectif est de sensibiliser et d'encourager l'engagement communautaire \u00e0 travers mes articles.","sameAs":["https:\/\/vieassociative.be\/"]}]}},"_links":{"self":[{"href":"https:\/\/vieassociative.be\/actualites\/wp-json\/wp\/v2\/posts\/3945"}],"collection":[{"href":"https:\/\/vieassociative.be\/actualites\/wp-json\/wp\/v2\/posts"}],"about":[{"href":"https:\/\/vieassociative.be\/actualites\/wp-json\/wp\/v2\/types\/post"}],"author":[{"embeddable":true,"href":"https:\/\/vieassociative.be\/actualites\/wp-json\/wp\/v2\/users\/1"}],"replies":[{"embeddable":true,"href":"https:\/\/vieassociative.be\/actualites\/wp-json\/wp\/v2\/comments?post=3945"}],"version-history":[{"count":0,"href":"https:\/\/vieassociative.be\/actualites\/wp-json\/wp\/v2\/posts\/3945\/revisions"}],"wp:featuredmedia":[{"embeddable":true,"href":"https:\/\/vieassociative.be\/actualites\/wp-json\/wp\/v2\/media\/3946"}],"wp:attachment":[{"href":"https:\/\/vieassociative.be\/actualites\/wp-json\/wp\/v2\/media?parent=3945"}],"wp:term":[{"taxonomy":"category","embeddable":true,"href":"https:\/\/vieassociative.be\/actualites\/wp-json\/wp\/v2\/categories?post=3945"},{"taxonomy":"post_tag","embeddable":true,"href":"https:\/\/vieassociative.be\/actualites\/wp-json\/wp\/v2\/tags?post=3945"}],"curies":[{"name":"wp","href":"https:\/\/api.w.org\/{rel}","templated":true}]}}