{"id":3941,"date":"2025-01-01T13:17:38","date_gmt":"2025-01-01T12:17:38","guid":{"rendered":"https:\/\/vieassociative.be\/actualites\/un-generateur-de-secours-domestique-adapte-aux-locataires-arrive\/"},"modified":"2025-01-01T13:17:38","modified_gmt":"2025-01-01T12:17:38","slug":"un-generateur-de-secours-domestique-adapte-aux-locataires-arrive","status":"publish","type":"post","link":"https:\/\/vieassociative.be\/actualites\/un-generateur-de-secours-domestique-adapte-aux-locataires-arrive\/","title":{"rendered":"Un g\u00e9n\u00e9rateur de secours domestique adapt\u00e9 aux locataires arrive"},"content":{"rendered":"<div class=\"mt-4 leading-6 md:mb-8\">Biolite a cr\u00e9\u00e9 un g\u00e9n\u00e9rateur d&rsquo;\u00e9nergie de secours pour toute la maison, moins co\u00fbteux et convivial.<\/div>\n<p><\/p>\n<p>Bien que les probl\u00e8mes li\u00e9s au r\u00e9seau \u00e9lectrique ne soient pas nouveaux, les syst\u00e8mes de secours \u00e9lectriques pour toute la maison le sont. Avoir une alimentation de secours \u00e0 port\u00e9e de main est une excellente id\u00e9e, mais les banques d&rsquo;alimentation sont \u00e9galement co\u00fbteuses, difficiles \u00e0 d\u00e9placer et g\u00eanantes. Biolite, une nouvelle marque d&rsquo;alimentation de secours sur le march\u00e9, a cr\u00e9\u00e9 une solution moins co\u00fbteuse, plus simple et conviviale pour le locataire, dont elle fera la d\u00e9monstration au Consumer Electronics Show (CES) du 7 au 10 janvier. <\/p>\n<h2 id=\"traditional-backup-generators-are-big-and-heavy\">Les g\u00e9n\u00e9rateurs de secours traditionnels sont gros et lourds<\/h2>\n<p>Au cours des derni\u00e8res ann\u00e9es, nous avons assist\u00e9 au lancement de g\u00e9n\u00e9rateurs d&rsquo;\u00e9nergie g\u00e9ants d&rsquo;Anker Solix, Ecoflow et d&rsquo;autres, appel\u00e9s \u00ab Whole Home Backups \u00bb. Ces appareils lourds et \u00e0 peine portables ne n\u00e9cessitent pas d&rsquo;apport solaire (bien qu&rsquo;ils soient compatibles) ; ils peuvent se recharger en se branchant sur votre mur. Lorsque vous en avez besoin, vous les transportez \u00e0 l&rsquo;endroit le plus avantageux de votre maison ou de votre bureau, et ils servent de batterie de secours pour plusieurs appareils de votre maison, de votre r\u00e9frig\u00e9rateur \u00e0 votre micro-ondes. Ils ont une capacit\u00e9 de puissance et un rendement formidables, mais ils sont gros, p\u00e8sent environ 80 livres et prennent beaucoup de place. Si vous avez d\u00e9j\u00e0 utilis\u00e9 un g\u00e9n\u00e9rateur de secours, vous saurez que cela signifie \u00e9galement que des rallonges serpentent partout dans votre maison. <\/p>\n<p>Une solution a \u00e9t\u00e9 de relier ces g\u00e9n\u00e9rateurs de secours directement \u00e0 votre bo\u00eetier de disjoncteurs, de sorte qu&rsquo;en cas de coupure de courant, toute la maison bascule automatiquement sur votre g\u00e9n\u00e9rateur de secours, agissant comme un UPS g\u00e9ant (alimentation sans interruption). Bien que cela soit id\u00e9al car cela ne vous oblige pas \u00e0 d\u00e9placer des objets ou \u00e0 les brancher et d\u00e9brancher, vous ne pouvez pas r\u00e9ellement vous brancher directement sur votre bo\u00eetier de disjoncteurs\u00a0: vous avez besoin d&rsquo;un sous-panneau pour le faire. <em>Que <\/em>l&rsquo;installation co\u00fbte cher, alors maintenant vous avez d\u00e9pens\u00e9 de l&rsquo;argent pour le g\u00e9n\u00e9rateur de secours, le mat\u00e9riel pour le sous-panneau et l&rsquo;installation de tout cela. <\/p>\n<h2 id=\"biolite-batteries-have-more-flexibility\">Les batteries Biolite ont plus de flexibilit\u00e9<\/h2>\n<p>Biolite supprime enti\u00e8rement l\u2019interm\u00e9diaire. Bien que leurs g\u00e9n\u00e9rateurs aient la m\u00eame puissance de sortie que les g\u00e9n\u00e9rateurs traditionnels pour toute la maison, ils sont aplatis (moins de trois pouces d\u2019\u00e9paisseur) et plus l\u00e9gers. Au lieu de les ranger dans un placard, vous les montez l\u00e0 o\u00f9 vous les utiliserez, et l&rsquo;installation est DIY. Le profil plat vous permet de les ranger dans toutes sortes d&rsquo;endroits, et Biolite peut \u00eatre stock\u00e9 ou install\u00e9 dans presque toutes les orientations, ils s&rsquo;adapteront donc \u00e0 la plupart des espaces. La batterie est entour\u00e9e d&rsquo;un dissipateur thermique en aluminium ondul\u00e9 de telle mani\u00e8re qu&rsquo;elle maintient la temp\u00e9rature et emp\u00eache la poussi\u00e8re d&rsquo;entrer sans trop de circulation d&rsquo;air. <\/p>\n<p>Vous \u00eates cens\u00e9 garder Biolite branch\u00e9 au mur et vos appareils branch\u00e9s au Biolite. D\u00e8s qu&rsquo;il y a une coupure de courant, Biolite agit comme un UPS, transf\u00e9rant l&rsquo;alimentation si rapidement que les repr\u00e9sentants insistent sur le fait que la plupart des appareils ne se d\u00e9connecteront pas ou ne perdront pas de courant. Ce n&rsquo;est pas seulement pour votre r\u00e9frig\u00e9rateur : l&rsquo;unit\u00e9 de base Biolite est dot\u00e9e d&rsquo;une multiprise que vous pouvez coller sur n&rsquo;importe quelle surface magn\u00e9tis\u00e9e et brancher d&rsquo;autres appareils. <\/p>\n<h2 id=\"a-good-backup-solution-for-renters\">Une bonne solution de secours pour les locataires<\/h2>\n<p>Ce que Biolite a en commun avec d&rsquo;autres g\u00e9n\u00e9rateurs de secours, c&rsquo;est que vous pouvez connecter les batteries en s\u00e9rie pour plus de kilowattheures. Chaque Biolite a environ 1,5 kW, mais vous les encha\u00eenez jusqu&rsquo;\u00e0 10 kW. Vous n&rsquo;\u00eates pas non plus oblig\u00e9 de les garder dans la cuisine : vous pouvez ajouter des Biolites dans toute la maison, en les pla\u00e7ant dans de petits espaces \u00e0 proximit\u00e9 des objets dont vous avez besoin d&rsquo;alimentation, en attendant qu&rsquo;ils doivent entrer en action. Une application vous aide \u00e0 g\u00e9rer tous vos Biolites et vous informe lorsqu&rsquo;ils sont utilis\u00e9s ou non. Ainsi, m\u00eame si vous n&rsquo;\u00eates pas chez vous, vous savez s&rsquo;il y a eu une coupure de courant. Puisqu&rsquo;il n&rsquo;y a pas d&rsquo;installation permanente, c&rsquo;est un moyen pour les locataires d&rsquo;obtenir une alimentation de secours dans toute la maison qu&rsquo;ils peuvent ensuite emporter avec eux lors de leur d\u00e9m\u00e9nagement. <\/p>\n<h2 id=\"how-backup-power-can-help-you-save-money\">Comment l\u2019alimentation de secours peut vous aider \u00e0 \u00e9conomiser de l\u2019argent <\/h2>\n<p>Un avantage suppl\u00e9mentaire de l\u2019alimentation de secours est que vous pouvez les utiliser pour \u00ab jouer avec le r\u00e9seau \u00bb. De nombreuses personnes ont des forfaits \u00ab horaires d&rsquo;utilisation \u00bb avec leur compagnie d&rsquo;\u00e9lectricit\u00e9, de sorte que l&rsquo;\u00e9lectricit\u00e9 est plus ch\u00e8re \u00e0 certains moments de la journ\u00e9e ou lors d&rsquo;\u00e9v\u00e9nements m\u00e9t\u00e9orologiques sp\u00e9cifiques. Pendant ces p\u00e9riodes, vous pouvez choisir de passer \u00e0 votre sauvegarde Biolite, en renversant le r\u00e9seau \u00e9lectrique et en utilisant votre batterie de secours \u00e0 la place, ce qui devrait vous faire \u00e9conomiser de l&rsquo;argent. <\/p>\n<p>Les batteries Biolite sortiront cet \u00e9t\u00e9. La batterie principale \u00e0 elle seule co\u00fbtera 2 100 $, et la batterie principale plus un Biolite suppl\u00e9mentaire co\u00fbteront 3 000 $, mais comme elles comptent comme une \u00ab solution install\u00e9e \u00bb, elles sont admissibles \u00e0 un cr\u00e9dit d&rsquo;imp\u00f4t de 30 %.<\/p>\n","protected":false},"excerpt":{"rendered":"<p>Biolite a cr\u00e9\u00e9 un g\u00e9n\u00e9rateur d&rsquo;\u00e9nergie de secours pour toute la maison, moins co\u00fbteux et convivial. Bien que les probl\u00e8mes li\u00e9s au r\u00e9seau \u00e9lectrique ne<\/p>\n","protected":false},"author":1,"featured_media":3942,"comment_status":"","ping_status":"","sticky":false,"template":"","format":"standard","meta":{"footnotes":""},"categories":[13],"tags":[4410,4003,289,1259,3899,4411,4014],"class_list":["post-3941","post","type-post","status-publish","format-standard","has-post-thumbnail","hentry","category-technologie","tag-adapte","tag-arrive","tag-aux","tag-domestique","tag-generateur","tag-locataires","tag-secours","generate-columns","tablet-grid-50","mobile-grid-100","grid-parent","grid-33"],"yoast_head":"<!-- This site is optimized with the Yoast SEO plugin v24.0 - https:\/\/yoast.com\/wordpress\/plugins\/seo\/ -->\n<title>Un g\u00e9n\u00e9rateur de secours domestique adapt\u00e9 aux locataires arrive | Vie Associative<\/title>\n<meta name=\"robots\" content=\"index, follow, max-snippet:-1, max-image-preview:large, max-video-preview:-1\" \/>\n<link rel=\"canonical\" href=\"https:\/\/vieassociative.be\/actualites\/un-generateur-de-secours-domestique-adapte-aux-locataires-arrive\/\" \/>\n<meta property=\"og:locale\" content=\"fr_FR\" \/>\n<meta property=\"og:type\" content=\"article\" \/>\n<meta property=\"og:title\" content=\"Un g\u00e9n\u00e9rateur de secours domestique adapt\u00e9 aux locataires arrive | Vie Associative\" \/>\n<meta property=\"og:description\" content=\"Biolite a cr\u00e9\u00e9 un g\u00e9n\u00e9rateur d&rsquo;\u00e9nergie de secours pour toute la maison, moins co\u00fbteux et convivial. Bien que les probl\u00e8mes li\u00e9s au r\u00e9seau \u00e9lectrique ne\" \/>\n<meta property=\"og:url\" content=\"https:\/\/vieassociative.be\/actualites\/un-generateur-de-secours-domestique-adapte-aux-locataires-arrive\/\" \/>\n<meta property=\"og:site_name\" content=\"Vie Associative\" \/>\n<meta property=\"article:published_time\" content=\"2025-01-01T12:17:38+00:00\" \/>\n<meta property=\"og:image\" content=\"https:\/\/vieassociative.be\/actualites\/wp-content\/uploads\/2024\/09\/header_backgroundk-01-e1726694325946.png\" \/>\n\t<meta property=\"og:image:width\" content=\"279\" \/>\n\t<meta property=\"og:image:height\" content=\"92\" \/>\n\t<meta property=\"og:image:type\" content=\"image\/png\" \/>\n<meta name=\"author\" content=\"Julien\" \/>\n<meta name=\"twitter:card\" content=\"summary_large_image\" \/>\n<meta name=\"twitter:label1\" content=\"\u00c9crit par\" \/>\n\t<meta name=\"twitter:data1\" content=\"Julien\" \/>\n\t<meta name=\"twitter:label2\" content=\"Dur\u00e9e de lecture est.\" \/>\n\t<meta name=\"twitter:data2\" content=\"5 minutes\" \/>\n<script type=\"application\/ld+json\" class=\"yoast-schema-graph\">{\"@context\":\"https:\/\/schema.org\",\"@graph\":[{\"@type\":\"Article\",\"@id\":\"https:\/\/vieassociative.be\/actualites\/un-generateur-de-secours-domestique-adapte-aux-locataires-arrive\/#article\",\"isPartOf\":{\"@id\":\"https:\/\/vieassociative.be\/actualites\/un-generateur-de-secours-domestique-adapte-aux-locataires-arrive\/\"},\"author\":{\"name\":\"Julien\",\"@id\":\"https:\/\/vieassociative.be\/actualites\/#\/schema\/person\/b87ac4f82f9d4e7b7cec7395b679edc4\"},\"headline\":\"Un g\u00e9n\u00e9rateur de secours domestique adapt\u00e9 aux locataires arrive\",\"datePublished\":\"2025-01-01T12:17:38+00:00\",\"dateModified\":\"2025-01-01T12:17:38+00:00\",\"mainEntityOfPage\":{\"@id\":\"https:\/\/vieassociative.be\/actualites\/un-generateur-de-secours-domestique-adapte-aux-locataires-arrive\/\"},\"wordCount\":978,\"publisher\":{\"@id\":\"https:\/\/vieassociative.be\/actualites\/#organization\"},\"image\":{\"@id\":\"https:\/\/vieassociative.be\/actualites\/un-generateur-de-secours-domestique-adapte-aux-locataires-arrive\/#primaryimage\"},\"thumbnailUrl\":\"https:\/\/vieassociative.be\/actualites\/wp-content\/uploads\/2025\/01\/Un-generateur-de-secours-domestique-adapte-aux-locataires-arrive.jpg\",\"keywords\":[\"adapt\u00e9\",\"arrive\",\"aux\",\"domestique\",\"g\u00e9n\u00e9rateur\",\"locataires\",\"secours\"],\"articleSection\":[\"Technologie\"],\"inLanguage\":\"fr-BE\"},{\"@type\":\"WebPage\",\"@id\":\"https:\/\/vieassociative.be\/actualites\/un-generateur-de-secours-domestique-adapte-aux-locataires-arrive\/\",\"url\":\"https:\/\/vieassociative.be\/actualites\/un-generateur-de-secours-domestique-adapte-aux-locataires-arrive\/\",\"name\":\"Un g\u00e9n\u00e9rateur de secours domestique adapt\u00e9 aux locataires arrive | Vie Associative\",\"isPartOf\":{\"@id\":\"https:\/\/vieassociative.be\/actualites\/#website\"},\"primaryImageOfPage\":{\"@id\":\"https:\/\/vieassociative.be\/actualites\/un-generateur-de-secours-domestique-adapte-aux-locataires-arrive\/#primaryimage\"},\"image\":{\"@id\":\"https:\/\/vieassociative.be\/actualites\/un-generateur-de-secours-domestique-adapte-aux-locataires-arrive\/#primaryimage\"},\"thumbnailUrl\":\"https:\/\/vieassociative.be\/actualites\/wp-content\/uploads\/2025\/01\/Un-generateur-de-secours-domestique-adapte-aux-locataires-arrive.jpg\",\"datePublished\":\"2025-01-01T12:17:38+00:00\",\"dateModified\":\"2025-01-01T12:17:38+00:00\",\"breadcrumb\":{\"@id\":\"https:\/\/vieassociative.be\/actualites\/un-generateur-de-secours-domestique-adapte-aux-locataires-arrive\/#breadcrumb\"},\"inLanguage\":\"fr-BE\",\"potentialAction\":[{\"@type\":\"ReadAction\",\"target\":[\"https:\/\/vieassociative.be\/actualites\/un-generateur-de-secours-domestique-adapte-aux-locataires-arrive\/\"]}]},{\"@type\":\"ImageObject\",\"inLanguage\":\"fr-BE\",\"@id\":\"https:\/\/vieassociative.be\/actualites\/un-generateur-de-secours-domestique-adapte-aux-locataires-arrive\/#primaryimage\",\"url\":\"https:\/\/vieassociative.be\/actualites\/wp-content\/uploads\/2025\/01\/Un-generateur-de-secours-domestique-adapte-aux-locataires-arrive.jpg\",\"contentUrl\":\"https:\/\/vieassociative.be\/actualites\/wp-content\/uploads\/2025\/01\/Un-generateur-de-secours-domestique-adapte-aux-locataires-arrive.jpg\",\"width\":1200,\"height\":675,\"caption\":\"Un g\u00e9n\u00e9rateur de secours domestique adapt\u00e9 aux locataires arrive\"},{\"@type\":\"BreadcrumbList\",\"@id\":\"https:\/\/vieassociative.be\/actualites\/un-generateur-de-secours-domestique-adapte-aux-locataires-arrive\/#breadcrumb\",\"itemListElement\":[{\"@type\":\"ListItem\",\"position\":1,\"name\":\"Accueil\",\"item\":\"https:\/\/vieassociative.be\/actualites\/\"},{\"@type\":\"ListItem\",\"position\":2,\"name\":\"Un g\u00e9n\u00e9rateur de secours domestique adapt\u00e9 aux locataires arrive\"}]},{\"@type\":\"WebSite\",\"@id\":\"https:\/\/vieassociative.be\/actualites\/#website\",\"url\":\"https:\/\/vieassociative.be\/actualites\/\",\"name\":\"Vie Associative\",\"description\":\"\",\"publisher\":{\"@id\":\"https:\/\/vieassociative.be\/actualites\/#organization\"},\"potentialAction\":[{\"@type\":\"SearchAction\",\"target\":{\"@type\":\"EntryPoint\",\"urlTemplate\":\"https:\/\/vieassociative.be\/actualites\/?s={search_term_string}\"},\"query-input\":{\"@type\":\"PropertyValueSpecification\",\"valueRequired\":true,\"valueName\":\"search_term_string\"}}],\"inLanguage\":\"fr-BE\"},{\"@type\":\"Organization\",\"@id\":\"https:\/\/vieassociative.be\/actualites\/#organization\",\"name\":\"Vie Associative\",\"url\":\"https:\/\/vieassociative.be\/actualites\/\",\"logo\":{\"@type\":\"ImageObject\",\"inLanguage\":\"fr-BE\",\"@id\":\"https:\/\/vieassociative.be\/actualites\/#\/schema\/logo\/image\/\",\"url\":\"https:\/\/vieassociative.be\/actualites\/wp-content\/uploads\/2024\/09\/cropped-vieassociative_favicon.ico.png\",\"contentUrl\":\"https:\/\/vieassociative.be\/actualites\/wp-content\/uploads\/2024\/09\/cropped-vieassociative_favicon.ico.png\",\"width\":512,\"height\":512,\"caption\":\"Vie Associative\"},\"image\":{\"@id\":\"https:\/\/vieassociative.be\/actualites\/#\/schema\/logo\/image\/\"}},{\"@type\":\"Person\",\"@id\":\"https:\/\/vieassociative.be\/actualites\/#\/schema\/person\/b87ac4f82f9d4e7b7cec7395b679edc4\",\"name\":\"Julien\",\"image\":{\"@type\":\"ImageObject\",\"inLanguage\":\"fr-BE\",\"@id\":\"https:\/\/vieassociative.be\/actualites\/#\/schema\/person\/image\/\",\"url\":\"https:\/\/vieassociative.be\/actualites\/wp-content\/uploads\/2024\/09\/vie-associative-1-150x150.jpg\",\"contentUrl\":\"https:\/\/vieassociative.be\/actualites\/wp-content\/uploads\/2024\/09\/vie-associative-1-150x150.jpg\",\"caption\":\"Julien\"},\"description\":\"Je suis Julien, r\u00e9dacteur pour Vie Associative. Passionn\u00e9 par le monde associatif depuis plus de 10 ans, j'ai \u00e0 c\u0153ur de partager des histoires inspirantes et de mettre en lumi\u00e8re les initiatives locales. Mon objectif est de sensibiliser et d'encourager l'engagement communautaire \u00e0 travers mes articles.\",\"sameAs\":[\"https:\/\/vieassociative.be\/\"]}]}<\/script>\n<!-- \/ Yoast SEO plugin. -->","yoast_head_json":{"title":"Un g\u00e9n\u00e9rateur de secours domestique adapt\u00e9 aux locataires arrive | Vie Associative","robots":{"index":"index","follow":"follow","max-snippet":"max-snippet:-1","max-image-preview":"max-image-preview:large","max-video-preview":"max-video-preview:-1"},"canonical":"https:\/\/vieassociative.be\/actualites\/un-generateur-de-secours-domestique-adapte-aux-locataires-arrive\/","og_locale":"fr_FR","og_type":"article","og_title":"Un g\u00e9n\u00e9rateur de secours domestique adapt\u00e9 aux locataires arrive | Vie Associative","og_description":"Biolite a cr\u00e9\u00e9 un g\u00e9n\u00e9rateur d&rsquo;\u00e9nergie de secours pour toute la maison, moins co\u00fbteux et convivial. Bien que les probl\u00e8mes li\u00e9s au r\u00e9seau \u00e9lectrique ne","og_url":"https:\/\/vieassociative.be\/actualites\/un-generateur-de-secours-domestique-adapte-aux-locataires-arrive\/","og_site_name":"Vie Associative","article_published_time":"2025-01-01T12:17:38+00:00","og_image":[{"width":279,"height":92,"url":"https:\/\/vieassociative.be\/actualites\/wp-content\/uploads\/2024\/09\/header_backgroundk-01-e1726694325946.png","type":"image\/png"}],"author":"Julien","twitter_card":"summary_large_image","twitter_misc":{"\u00c9crit par":"Julien","Dur\u00e9e de lecture est.":"5 minutes"},"schema":{"@context":"https:\/\/schema.org","@graph":[{"@type":"Article","@id":"https:\/\/vieassociative.be\/actualites\/un-generateur-de-secours-domestique-adapte-aux-locataires-arrive\/#article","isPartOf":{"@id":"https:\/\/vieassociative.be\/actualites\/un-generateur-de-secours-domestique-adapte-aux-locataires-arrive\/"},"author":{"name":"Julien","@id":"https:\/\/vieassociative.be\/actualites\/#\/schema\/person\/b87ac4f82f9d4e7b7cec7395b679edc4"},"headline":"Un g\u00e9n\u00e9rateur de secours domestique adapt\u00e9 aux locataires arrive","datePublished":"2025-01-01T12:17:38+00:00","dateModified":"2025-01-01T12:17:38+00:00","mainEntityOfPage":{"@id":"https:\/\/vieassociative.be\/actualites\/un-generateur-de-secours-domestique-adapte-aux-locataires-arrive\/"},"wordCount":978,"publisher":{"@id":"https:\/\/vieassociative.be\/actualites\/#organization"},"image":{"@id":"https:\/\/vieassociative.be\/actualites\/un-generateur-de-secours-domestique-adapte-aux-locataires-arrive\/#primaryimage"},"thumbnailUrl":"https:\/\/vieassociative.be\/actualites\/wp-content\/uploads\/2025\/01\/Un-generateur-de-secours-domestique-adapte-aux-locataires-arrive.jpg","keywords":["adapt\u00e9","arrive","aux","domestique","g\u00e9n\u00e9rateur","locataires","secours"],"articleSection":["Technologie"],"inLanguage":"fr-BE"},{"@type":"WebPage","@id":"https:\/\/vieassociative.be\/actualites\/un-generateur-de-secours-domestique-adapte-aux-locataires-arrive\/","url":"https:\/\/vieassociative.be\/actualites\/un-generateur-de-secours-domestique-adapte-aux-locataires-arrive\/","name":"Un g\u00e9n\u00e9rateur de secours domestique adapt\u00e9 aux locataires arrive | Vie Associative","isPartOf":{"@id":"https:\/\/vieassociative.be\/actualites\/#website"},"primaryImageOfPage":{"@id":"https:\/\/vieassociative.be\/actualites\/un-generateur-de-secours-domestique-adapte-aux-locataires-arrive\/#primaryimage"},"image":{"@id":"https:\/\/vieassociative.be\/actualites\/un-generateur-de-secours-domestique-adapte-aux-locataires-arrive\/#primaryimage"},"thumbnailUrl":"https:\/\/vieassociative.be\/actualites\/wp-content\/uploads\/2025\/01\/Un-generateur-de-secours-domestique-adapte-aux-locataires-arrive.jpg","datePublished":"2025-01-01T12:17:38+00:00","dateModified":"2025-01-01T12:17:38+00:00","breadcrumb":{"@id":"https:\/\/vieassociative.be\/actualites\/un-generateur-de-secours-domestique-adapte-aux-locataires-arrive\/#breadcrumb"},"inLanguage":"fr-BE","potentialAction":[{"@type":"ReadAction","target":["https:\/\/vieassociative.be\/actualites\/un-generateur-de-secours-domestique-adapte-aux-locataires-arrive\/"]}]},{"@type":"ImageObject","inLanguage":"fr-BE","@id":"https:\/\/vieassociative.be\/actualites\/un-generateur-de-secours-domestique-adapte-aux-locataires-arrive\/#primaryimage","url":"https:\/\/vieassociative.be\/actualites\/wp-content\/uploads\/2025\/01\/Un-generateur-de-secours-domestique-adapte-aux-locataires-arrive.jpg","contentUrl":"https:\/\/vieassociative.be\/actualites\/wp-content\/uploads\/2025\/01\/Un-generateur-de-secours-domestique-adapte-aux-locataires-arrive.jpg","width":1200,"height":675,"caption":"Un g\u00e9n\u00e9rateur de secours domestique adapt\u00e9 aux locataires arrive"},{"@type":"BreadcrumbList","@id":"https:\/\/vieassociative.be\/actualites\/un-generateur-de-secours-domestique-adapte-aux-locataires-arrive\/#breadcrumb","itemListElement":[{"@type":"ListItem","position":1,"name":"Accueil","item":"https:\/\/vieassociative.be\/actualites\/"},{"@type":"ListItem","position":2,"name":"Un g\u00e9n\u00e9rateur de secours domestique adapt\u00e9 aux locataires arrive"}]},{"@type":"WebSite","@id":"https:\/\/vieassociative.be\/actualites\/#website","url":"https:\/\/vieassociative.be\/actualites\/","name":"Vie Associative","description":"","publisher":{"@id":"https:\/\/vieassociative.be\/actualites\/#organization"},"potentialAction":[{"@type":"SearchAction","target":{"@type":"EntryPoint","urlTemplate":"https:\/\/vieassociative.be\/actualites\/?s={search_term_string}"},"query-input":{"@type":"PropertyValueSpecification","valueRequired":true,"valueName":"search_term_string"}}],"inLanguage":"fr-BE"},{"@type":"Organization","@id":"https:\/\/vieassociative.be\/actualites\/#organization","name":"Vie Associative","url":"https:\/\/vieassociative.be\/actualites\/","logo":{"@type":"ImageObject","inLanguage":"fr-BE","@id":"https:\/\/vieassociative.be\/actualites\/#\/schema\/logo\/image\/","url":"https:\/\/vieassociative.be\/actualites\/wp-content\/uploads\/2024\/09\/cropped-vieassociative_favicon.ico.png","contentUrl":"https:\/\/vieassociative.be\/actualites\/wp-content\/uploads\/2024\/09\/cropped-vieassociative_favicon.ico.png","width":512,"height":512,"caption":"Vie Associative"},"image":{"@id":"https:\/\/vieassociative.be\/actualites\/#\/schema\/logo\/image\/"}},{"@type":"Person","@id":"https:\/\/vieassociative.be\/actualites\/#\/schema\/person\/b87ac4f82f9d4e7b7cec7395b679edc4","name":"Julien","image":{"@type":"ImageObject","inLanguage":"fr-BE","@id":"https:\/\/vieassociative.be\/actualites\/#\/schema\/person\/image\/","url":"https:\/\/vieassociative.be\/actualites\/wp-content\/uploads\/2024\/09\/vie-associative-1-150x150.jpg","contentUrl":"https:\/\/vieassociative.be\/actualites\/wp-content\/uploads\/2024\/09\/vie-associative-1-150x150.jpg","caption":"Julien"},"description":"Je suis Julien, r\u00e9dacteur pour Vie Associative. Passionn\u00e9 par le monde associatif depuis plus de 10 ans, j'ai \u00e0 c\u0153ur de partager des histoires inspirantes et de mettre en lumi\u00e8re les initiatives locales. Mon objectif est de sensibiliser et d'encourager l'engagement communautaire \u00e0 travers mes articles.","sameAs":["https:\/\/vieassociative.be\/"]}]}},"_links":{"self":[{"href":"https:\/\/vieassociative.be\/actualites\/wp-json\/wp\/v2\/posts\/3941"}],"collection":[{"href":"https:\/\/vieassociative.be\/actualites\/wp-json\/wp\/v2\/posts"}],"about":[{"href":"https:\/\/vieassociative.be\/actualites\/wp-json\/wp\/v2\/types\/post"}],"author":[{"embeddable":true,"href":"https:\/\/vieassociative.be\/actualites\/wp-json\/wp\/v2\/users\/1"}],"replies":[{"embeddable":true,"href":"https:\/\/vieassociative.be\/actualites\/wp-json\/wp\/v2\/comments?post=3941"}],"version-history":[{"count":0,"href":"https:\/\/vieassociative.be\/actualites\/wp-json\/wp\/v2\/posts\/3941\/revisions"}],"wp:featuredmedia":[{"embeddable":true,"href":"https:\/\/vieassociative.be\/actualites\/wp-json\/wp\/v2\/media\/3942"}],"wp:attachment":[{"href":"https:\/\/vieassociative.be\/actualites\/wp-json\/wp\/v2\/media?parent=3941"}],"wp:term":[{"taxonomy":"category","embeddable":true,"href":"https:\/\/vieassociative.be\/actualites\/wp-json\/wp\/v2\/categories?post=3941"},{"taxonomy":"post_tag","embeddable":true,"href":"https:\/\/vieassociative.be\/actualites\/wp-json\/wp\/v2\/tags?post=3941"}],"curies":[{"name":"wp","href":"https:\/\/api.w.org\/{rel}","templated":true}]}}