{"id":394,"date":"2024-09-24T07:28:35","date_gmt":"2024-09-24T05:28:35","guid":{"rendered":"https:\/\/vieassociative.be\/actualites\/forme-1-cest-le-terme-pour-les-huit-premieres-courses\/"},"modified":"2024-09-24T07:28:38","modified_gmt":"2024-09-24T05:28:38","slug":"forme-1-cest-le-terme-pour-les-huit-premieres-courses","status":"publish","type":"post","link":"https:\/\/vieassociative.be\/actualites\/forme-1-cest-le-terme-pour-les-huit-premieres-courses\/","title":{"rendered":"Forme 1\u00a0: c&rsquo;est le terme pour les huit premi\u00e8res courses"},"content":{"rendered":"<p><\/p>\n<p class=\"font-sans font-medium\">  Le Formal 1 d\u00e9bute le 5 juillet en \u00d6sterreich. J&rsquo;\u00e9tais pr\u00e9occup\u00e9 par les huit courses europ\u00e9ennes. Le Hockenheimring n\u2019est pas encore disponible.<\/p>\n<aside class=\"h-ad-280+text lg:h-0 \" data-slot-id=\"pos1_sm\" data-breakpoint=\"sm\" data-hide-ad-text=\"false\" data-module-id=\"SparkAdSlotModule\"><\/aside>\n<p>Retour en \u00d6sterreich, no R\u00fcckkehr nach <strong>Hockenheim<\/strong>: Le formel 1 a un horaire pour la route pendant les festivit\u00e9s Corona-Lockdown. Qui conna\u00eet le ma\u00eetre du monde Lewis Hamilton (Mercedes), la star de Ferrari Sebastian Vettel and Co. Avec une sortie quadrimestrielle rapide lors d&rsquo;une double course en Autriche (5 et 12 juillet) apr\u00e8s Punktejagd, ils suivront directement dans la confirmation du Grand Prix d&rsquo;Ungarn. Aujourd&rsquo;hui, nous courrons \u00e0 Silverstone anglais au programme, puis nous continuerons <strong>Formel 1 <\/strong>en Espagne, en Belgique et en Italie.<\/p>\n<p>C&rsquo;est vrai que Saison a environ 15 ans. Mais si les Australiens commencent \u00e0 faire leurs courses \u00e0 Melbourne, ils seront affect\u00e9s par les routes. <strong>Pand\u00e9mie de Corona <\/strong>abgesagt. Ils ont ensuite couru aux Pays-Bas, \u00e0 Monaco et en France. Le temps pass\u00e9 sur le ring d&rsquo;Hockenheim est \u00e9galement tr\u00e8s important lorsqu&rsquo;il s&rsquo;agit de courir lors des conversations, lors du calendrier de pr\u00e9-saison.<\/p>\n<p>Fier de \u00ab la situation internationale toujours instable autour du COVID-19 \u00bb<strong> Formel 1<\/strong>dont les d\u00e9tails \u00ab\u00a0des nouveaux calendriers\u00a0\u00bb pourraient \u00eatre mis \u00e0 disposition dans les semaines \u00e0 venir, qui se trouvent ici dans un emplacement central. La s\u00e9rie de courses se poursuivra jusqu&rsquo;au 15 bis 18. Courir, puis il y aura beaucoup de plaisir ce mois-ci avec les nouveaux festivals Weltmeister. (c\u00f4t\u00e9)<\/p>\n<div id=\"piano-banner-kampagne\" class=\"mb-4 block\"><\/div>\n<div id=\"piano-reco-widget\" class=\"mb-4 block\"><\/div>\n<p><!-- opinary --><\/p>\n<div class=\"w-full bg-background-100\">\n<div id=\"opinary-automation-placeholder\" class=\"w-full\"><\/div>\n<\/p><\/div>\n<h3>Ces bisher bekannten Termine im \u00dcberblick\u00a0:<\/h3>\n","protected":false},"excerpt":{"rendered":"<p>Le Formal 1 d\u00e9bute le 5 juillet en \u00d6sterreich. J&rsquo;\u00e9tais pr\u00e9occup\u00e9 par les huit courses europ\u00e9ennes. Le Hockenheimring n\u2019est pas encore disponible. Retour en \u00d6sterreich,<\/p>\n","protected":false},"author":1,"featured_media":395,"comment_status":"closed","ping_status":"","sticky":false,"template":"","format":"standard","meta":{"footnotes":""},"categories":[298],"tags":[362,634,632,78,14,81,597,633],"class_list":["post-394","post","type-post","status-publish","format-standard","has-post-thumbnail","hentry","category-belgique","tag-cest","tag-courses","tag-forme","tag-huit","tag-les","tag-pour","tag-premieres","tag-terme","generate-columns","tablet-grid-50","mobile-grid-100","grid-parent","grid-33"],"yoast_head":"<!-- This site is optimized with the Yoast SEO plugin v24.0 - https:\/\/yoast.com\/wordpress\/plugins\/seo\/ -->\n<title>Forme 1\u00a0: c&#039;est le terme pour les huit premi\u00e8res courses | Vie Associative<\/title>\n<meta name=\"robots\" content=\"index, follow, max-snippet:-1, max-image-preview:large, max-video-preview:-1\" \/>\n<link rel=\"canonical\" href=\"https:\/\/vieassociative.be\/actualites\/forme-1-cest-le-terme-pour-les-huit-premieres-courses\/\" \/>\n<meta property=\"og:locale\" content=\"fr_FR\" \/>\n<meta property=\"og:type\" content=\"article\" \/>\n<meta property=\"og:title\" content=\"Forme 1\u00a0: c&#039;est le terme pour les huit premi\u00e8res courses | Vie Associative\" \/>\n<meta property=\"og:description\" content=\"Le Formal 1 d\u00e9bute le 5 juillet en \u00d6sterreich. J&rsquo;\u00e9tais pr\u00e9occup\u00e9 par les huit courses europ\u00e9ennes. Le Hockenheimring n\u2019est pas encore disponible. Retour en \u00d6sterreich,\" \/>\n<meta property=\"og:url\" content=\"https:\/\/vieassociative.be\/actualites\/forme-1-cest-le-terme-pour-les-huit-premieres-courses\/\" \/>\n<meta property=\"og:site_name\" content=\"Vie Associative\" \/>\n<meta property=\"article:published_time\" content=\"2024-09-24T05:28:35+00:00\" \/>\n<meta property=\"article:modified_time\" content=\"2024-09-24T05:28:38+00:00\" \/>\n<meta property=\"og:image\" content=\"https:\/\/vieassociative.be\/actualites\/wp-content\/uploads\/2024\/09\/1727155715_Forme-1-cest-le-terme-pour-les-huit-premieres-courses.jpeg\" \/>\n\t<meta property=\"og:image:width\" content=\"1600\" \/>\n\t<meta property=\"og:image:height\" content=\"900\" \/>\n\t<meta property=\"og:image:type\" content=\"image\/jpeg\" \/>\n<meta name=\"author\" content=\"Julien\" \/>\n<meta name=\"twitter:card\" content=\"summary_large_image\" \/>\n<meta name=\"twitter:label1\" content=\"\u00c9crit par\" \/>\n\t<meta name=\"twitter:data1\" content=\"Julien\" \/>\n\t<meta name=\"twitter:label2\" content=\"Dur\u00e9e de lecture est.\" \/>\n\t<meta name=\"twitter:data2\" content=\"1 minute\" \/>\n<script type=\"application\/ld+json\" class=\"yoast-schema-graph\">{\"@context\":\"https:\/\/schema.org\",\"@graph\":[{\"@type\":\"Article\",\"@id\":\"https:\/\/vieassociative.be\/actualites\/forme-1-cest-le-terme-pour-les-huit-premieres-courses\/#article\",\"isPartOf\":{\"@id\":\"https:\/\/vieassociative.be\/actualites\/forme-1-cest-le-terme-pour-les-huit-premieres-courses\/\"},\"author\":{\"name\":\"Julien\",\"@id\":\"https:\/\/vieassociative.be\/actualites\/#\/schema\/person\/b87ac4f82f9d4e7b7cec7395b679edc4\"},\"headline\":\"Forme 1\u00a0: c&rsquo;est le terme pour les huit premi\u00e8res courses\",\"datePublished\":\"2024-09-24T05:28:35+00:00\",\"dateModified\":\"2024-09-24T05:28:38+00:00\",\"mainEntityOfPage\":{\"@id\":\"https:\/\/vieassociative.be\/actualites\/forme-1-cest-le-terme-pour-les-huit-premieres-courses\/\"},\"wordCount\":257,\"publisher\":{\"@id\":\"https:\/\/vieassociative.be\/actualites\/#organization\"},\"image\":{\"@id\":\"https:\/\/vieassociative.be\/actualites\/forme-1-cest-le-terme-pour-les-huit-premieres-courses\/#primaryimage\"},\"thumbnailUrl\":\"https:\/\/vieassociative.be\/actualites\/wp-content\/uploads\/2024\/09\/1727155715_Forme-1-cest-le-terme-pour-les-huit-premieres-courses.jpeg\",\"keywords\":[\"cest\",\"courses\",\"Forme\",\"Huit\",\"Les\",\"pour\",\"premi\u00e8res\",\"terme\"],\"articleSection\":[\"Belgique\"],\"inLanguage\":\"fr-BE\"},{\"@type\":\"WebPage\",\"@id\":\"https:\/\/vieassociative.be\/actualites\/forme-1-cest-le-terme-pour-les-huit-premieres-courses\/\",\"url\":\"https:\/\/vieassociative.be\/actualites\/forme-1-cest-le-terme-pour-les-huit-premieres-courses\/\",\"name\":\"Forme 1\u00a0: c'est le terme pour les huit premi\u00e8res courses | Vie Associative\",\"isPartOf\":{\"@id\":\"https:\/\/vieassociative.be\/actualites\/#website\"},\"primaryImageOfPage\":{\"@id\":\"https:\/\/vieassociative.be\/actualites\/forme-1-cest-le-terme-pour-les-huit-premieres-courses\/#primaryimage\"},\"image\":{\"@id\":\"https:\/\/vieassociative.be\/actualites\/forme-1-cest-le-terme-pour-les-huit-premieres-courses\/#primaryimage\"},\"thumbnailUrl\":\"https:\/\/vieassociative.be\/actualites\/wp-content\/uploads\/2024\/09\/1727155715_Forme-1-cest-le-terme-pour-les-huit-premieres-courses.jpeg\",\"datePublished\":\"2024-09-24T05:28:35+00:00\",\"dateModified\":\"2024-09-24T05:28:38+00:00\",\"breadcrumb\":{\"@id\":\"https:\/\/vieassociative.be\/actualites\/forme-1-cest-le-terme-pour-les-huit-premieres-courses\/#breadcrumb\"},\"inLanguage\":\"fr-BE\",\"potentialAction\":[{\"@type\":\"ReadAction\",\"target\":[\"https:\/\/vieassociative.be\/actualites\/forme-1-cest-le-terme-pour-les-huit-premieres-courses\/\"]}]},{\"@type\":\"ImageObject\",\"inLanguage\":\"fr-BE\",\"@id\":\"https:\/\/vieassociative.be\/actualites\/forme-1-cest-le-terme-pour-les-huit-premieres-courses\/#primaryimage\",\"url\":\"https:\/\/vieassociative.be\/actualites\/wp-content\/uploads\/2024\/09\/1727155715_Forme-1-cest-le-terme-pour-les-huit-premieres-courses.jpeg\",\"contentUrl\":\"https:\/\/vieassociative.be\/actualites\/wp-content\/uploads\/2024\/09\/1727155715_Forme-1-cest-le-terme-pour-les-huit-premieres-courses.jpeg\",\"width\":1600,\"height\":900,\"caption\":\"Forme 1\u00a0: c'est le terme pour les huit premi\u00e8res courses\"},{\"@type\":\"BreadcrumbList\",\"@id\":\"https:\/\/vieassociative.be\/actualites\/forme-1-cest-le-terme-pour-les-huit-premieres-courses\/#breadcrumb\",\"itemListElement\":[{\"@type\":\"ListItem\",\"position\":1,\"name\":\"Accueil\",\"item\":\"https:\/\/vieassociative.be\/actualites\/\"},{\"@type\":\"ListItem\",\"position\":2,\"name\":\"Forme 1\u00a0: c&rsquo;est le terme pour les huit premi\u00e8res courses\"}]},{\"@type\":\"WebSite\",\"@id\":\"https:\/\/vieassociative.be\/actualites\/#website\",\"url\":\"https:\/\/vieassociative.be\/actualites\/\",\"name\":\"Vie Associative\",\"description\":\"\",\"publisher\":{\"@id\":\"https:\/\/vieassociative.be\/actualites\/#organization\"},\"potentialAction\":[{\"@type\":\"SearchAction\",\"target\":{\"@type\":\"EntryPoint\",\"urlTemplate\":\"https:\/\/vieassociative.be\/actualites\/?s={search_term_string}\"},\"query-input\":{\"@type\":\"PropertyValueSpecification\",\"valueRequired\":true,\"valueName\":\"search_term_string\"}}],\"inLanguage\":\"fr-BE\"},{\"@type\":\"Organization\",\"@id\":\"https:\/\/vieassociative.be\/actualites\/#organization\",\"name\":\"Vie Associative\",\"url\":\"https:\/\/vieassociative.be\/actualites\/\",\"logo\":{\"@type\":\"ImageObject\",\"inLanguage\":\"fr-BE\",\"@id\":\"https:\/\/vieassociative.be\/actualites\/#\/schema\/logo\/image\/\",\"url\":\"https:\/\/vieassociative.be\/actualites\/wp-content\/uploads\/2024\/09\/cropped-vieassociative_favicon.ico.png\",\"contentUrl\":\"https:\/\/vieassociative.be\/actualites\/wp-content\/uploads\/2024\/09\/cropped-vieassociative_favicon.ico.png\",\"width\":512,\"height\":512,\"caption\":\"Vie Associative\"},\"image\":{\"@id\":\"https:\/\/vieassociative.be\/actualites\/#\/schema\/logo\/image\/\"}},{\"@type\":\"Person\",\"@id\":\"https:\/\/vieassociative.be\/actualites\/#\/schema\/person\/b87ac4f82f9d4e7b7cec7395b679edc4\",\"name\":\"Julien\",\"image\":{\"@type\":\"ImageObject\",\"inLanguage\":\"fr-BE\",\"@id\":\"https:\/\/vieassociative.be\/actualites\/#\/schema\/person\/image\/\",\"url\":\"https:\/\/vieassociative.be\/actualites\/wp-content\/uploads\/2024\/09\/vie-associative-1-150x150.jpg\",\"contentUrl\":\"https:\/\/vieassociative.be\/actualites\/wp-content\/uploads\/2024\/09\/vie-associative-1-150x150.jpg\",\"caption\":\"Julien\"},\"description\":\"Je suis Julien, r\u00e9dacteur pour Vie Associative. Passionn\u00e9 par le monde associatif depuis plus de 10 ans, j'ai \u00e0 c\u0153ur de partager des histoires inspirantes et de mettre en lumi\u00e8re les initiatives locales. Mon objectif est de sensibiliser et d'encourager l'engagement communautaire \u00e0 travers mes articles.\",\"sameAs\":[\"https:\/\/vieassociative.be\/\"]}]}<\/script>\n<!-- \/ Yoast SEO plugin. -->","yoast_head_json":{"title":"Forme 1\u00a0: c'est le terme pour les huit premi\u00e8res courses | Vie Associative","robots":{"index":"index","follow":"follow","max-snippet":"max-snippet:-1","max-image-preview":"max-image-preview:large","max-video-preview":"max-video-preview:-1"},"canonical":"https:\/\/vieassociative.be\/actualites\/forme-1-cest-le-terme-pour-les-huit-premieres-courses\/","og_locale":"fr_FR","og_type":"article","og_title":"Forme 1\u00a0: c'est le terme pour les huit premi\u00e8res courses | Vie Associative","og_description":"Le Formal 1 d\u00e9bute le 5 juillet en \u00d6sterreich. J&rsquo;\u00e9tais pr\u00e9occup\u00e9 par les huit courses europ\u00e9ennes. Le Hockenheimring n\u2019est pas encore disponible. Retour en \u00d6sterreich,","og_url":"https:\/\/vieassociative.be\/actualites\/forme-1-cest-le-terme-pour-les-huit-premieres-courses\/","og_site_name":"Vie Associative","article_published_time":"2024-09-24T05:28:35+00:00","article_modified_time":"2024-09-24T05:28:38+00:00","og_image":[{"width":1600,"height":900,"url":"https:\/\/vieassociative.be\/actualites\/wp-content\/uploads\/2024\/09\/1727155715_Forme-1-cest-le-terme-pour-les-huit-premieres-courses.jpeg","type":"image\/jpeg"}],"author":"Julien","twitter_card":"summary_large_image","twitter_misc":{"\u00c9crit par":"Julien","Dur\u00e9e de lecture est.":"1 minute"},"schema":{"@context":"https:\/\/schema.org","@graph":[{"@type":"Article","@id":"https:\/\/vieassociative.be\/actualites\/forme-1-cest-le-terme-pour-les-huit-premieres-courses\/#article","isPartOf":{"@id":"https:\/\/vieassociative.be\/actualites\/forme-1-cest-le-terme-pour-les-huit-premieres-courses\/"},"author":{"name":"Julien","@id":"https:\/\/vieassociative.be\/actualites\/#\/schema\/person\/b87ac4f82f9d4e7b7cec7395b679edc4"},"headline":"Forme 1\u00a0: c&rsquo;est le terme pour les huit premi\u00e8res courses","datePublished":"2024-09-24T05:28:35+00:00","dateModified":"2024-09-24T05:28:38+00:00","mainEntityOfPage":{"@id":"https:\/\/vieassociative.be\/actualites\/forme-1-cest-le-terme-pour-les-huit-premieres-courses\/"},"wordCount":257,"publisher":{"@id":"https:\/\/vieassociative.be\/actualites\/#organization"},"image":{"@id":"https:\/\/vieassociative.be\/actualites\/forme-1-cest-le-terme-pour-les-huit-premieres-courses\/#primaryimage"},"thumbnailUrl":"https:\/\/vieassociative.be\/actualites\/wp-content\/uploads\/2024\/09\/1727155715_Forme-1-cest-le-terme-pour-les-huit-premieres-courses.jpeg","keywords":["cest","courses","Forme","Huit","Les","pour","premi\u00e8res","terme"],"articleSection":["Belgique"],"inLanguage":"fr-BE"},{"@type":"WebPage","@id":"https:\/\/vieassociative.be\/actualites\/forme-1-cest-le-terme-pour-les-huit-premieres-courses\/","url":"https:\/\/vieassociative.be\/actualites\/forme-1-cest-le-terme-pour-les-huit-premieres-courses\/","name":"Forme 1\u00a0: c'est le terme pour les huit premi\u00e8res courses | Vie Associative","isPartOf":{"@id":"https:\/\/vieassociative.be\/actualites\/#website"},"primaryImageOfPage":{"@id":"https:\/\/vieassociative.be\/actualites\/forme-1-cest-le-terme-pour-les-huit-premieres-courses\/#primaryimage"},"image":{"@id":"https:\/\/vieassociative.be\/actualites\/forme-1-cest-le-terme-pour-les-huit-premieres-courses\/#primaryimage"},"thumbnailUrl":"https:\/\/vieassociative.be\/actualites\/wp-content\/uploads\/2024\/09\/1727155715_Forme-1-cest-le-terme-pour-les-huit-premieres-courses.jpeg","datePublished":"2024-09-24T05:28:35+00:00","dateModified":"2024-09-24T05:28:38+00:00","breadcrumb":{"@id":"https:\/\/vieassociative.be\/actualites\/forme-1-cest-le-terme-pour-les-huit-premieres-courses\/#breadcrumb"},"inLanguage":"fr-BE","potentialAction":[{"@type":"ReadAction","target":["https:\/\/vieassociative.be\/actualites\/forme-1-cest-le-terme-pour-les-huit-premieres-courses\/"]}]},{"@type":"ImageObject","inLanguage":"fr-BE","@id":"https:\/\/vieassociative.be\/actualites\/forme-1-cest-le-terme-pour-les-huit-premieres-courses\/#primaryimage","url":"https:\/\/vieassociative.be\/actualites\/wp-content\/uploads\/2024\/09\/1727155715_Forme-1-cest-le-terme-pour-les-huit-premieres-courses.jpeg","contentUrl":"https:\/\/vieassociative.be\/actualites\/wp-content\/uploads\/2024\/09\/1727155715_Forme-1-cest-le-terme-pour-les-huit-premieres-courses.jpeg","width":1600,"height":900,"caption":"Forme 1\u00a0: c'est le terme pour les huit premi\u00e8res courses"},{"@type":"BreadcrumbList","@id":"https:\/\/vieassociative.be\/actualites\/forme-1-cest-le-terme-pour-les-huit-premieres-courses\/#breadcrumb","itemListElement":[{"@type":"ListItem","position":1,"name":"Accueil","item":"https:\/\/vieassociative.be\/actualites\/"},{"@type":"ListItem","position":2,"name":"Forme 1\u00a0: c&rsquo;est le terme pour les huit premi\u00e8res courses"}]},{"@type":"WebSite","@id":"https:\/\/vieassociative.be\/actualites\/#website","url":"https:\/\/vieassociative.be\/actualites\/","name":"Vie Associative","description":"","publisher":{"@id":"https:\/\/vieassociative.be\/actualites\/#organization"},"potentialAction":[{"@type":"SearchAction","target":{"@type":"EntryPoint","urlTemplate":"https:\/\/vieassociative.be\/actualites\/?s={search_term_string}"},"query-input":{"@type":"PropertyValueSpecification","valueRequired":true,"valueName":"search_term_string"}}],"inLanguage":"fr-BE"},{"@type":"Organization","@id":"https:\/\/vieassociative.be\/actualites\/#organization","name":"Vie Associative","url":"https:\/\/vieassociative.be\/actualites\/","logo":{"@type":"ImageObject","inLanguage":"fr-BE","@id":"https:\/\/vieassociative.be\/actualites\/#\/schema\/logo\/image\/","url":"https:\/\/vieassociative.be\/actualites\/wp-content\/uploads\/2024\/09\/cropped-vieassociative_favicon.ico.png","contentUrl":"https:\/\/vieassociative.be\/actualites\/wp-content\/uploads\/2024\/09\/cropped-vieassociative_favicon.ico.png","width":512,"height":512,"caption":"Vie Associative"},"image":{"@id":"https:\/\/vieassociative.be\/actualites\/#\/schema\/logo\/image\/"}},{"@type":"Person","@id":"https:\/\/vieassociative.be\/actualites\/#\/schema\/person\/b87ac4f82f9d4e7b7cec7395b679edc4","name":"Julien","image":{"@type":"ImageObject","inLanguage":"fr-BE","@id":"https:\/\/vieassociative.be\/actualites\/#\/schema\/person\/image\/","url":"https:\/\/vieassociative.be\/actualites\/wp-content\/uploads\/2024\/09\/vie-associative-1-150x150.jpg","contentUrl":"https:\/\/vieassociative.be\/actualites\/wp-content\/uploads\/2024\/09\/vie-associative-1-150x150.jpg","caption":"Julien"},"description":"Je suis Julien, r\u00e9dacteur pour Vie Associative. Passionn\u00e9 par le monde associatif depuis plus de 10 ans, j'ai \u00e0 c\u0153ur de partager des histoires inspirantes et de mettre en lumi\u00e8re les initiatives locales. Mon objectif est de sensibiliser et d'encourager l'engagement communautaire \u00e0 travers mes articles.","sameAs":["https:\/\/vieassociative.be\/"]}]}},"_links":{"self":[{"href":"https:\/\/vieassociative.be\/actualites\/wp-json\/wp\/v2\/posts\/394"}],"collection":[{"href":"https:\/\/vieassociative.be\/actualites\/wp-json\/wp\/v2\/posts"}],"about":[{"href":"https:\/\/vieassociative.be\/actualites\/wp-json\/wp\/v2\/types\/post"}],"author":[{"embeddable":true,"href":"https:\/\/vieassociative.be\/actualites\/wp-json\/wp\/v2\/users\/1"}],"replies":[{"embeddable":true,"href":"https:\/\/vieassociative.be\/actualites\/wp-json\/wp\/v2\/comments?post=394"}],"version-history":[{"count":1,"href":"https:\/\/vieassociative.be\/actualites\/wp-json\/wp\/v2\/posts\/394\/revisions"}],"predecessor-version":[{"id":396,"href":"https:\/\/vieassociative.be\/actualites\/wp-json\/wp\/v2\/posts\/394\/revisions\/396"}],"wp:featuredmedia":[{"embeddable":true,"href":"https:\/\/vieassociative.be\/actualites\/wp-json\/wp\/v2\/media\/395"}],"wp:attachment":[{"href":"https:\/\/vieassociative.be\/actualites\/wp-json\/wp\/v2\/media?parent=394"}],"wp:term":[{"taxonomy":"category","embeddable":true,"href":"https:\/\/vieassociative.be\/actualites\/wp-json\/wp\/v2\/categories?post=394"},{"taxonomy":"post_tag","embeddable":true,"href":"https:\/\/vieassociative.be\/actualites\/wp-json\/wp\/v2\/tags?post=394"}],"curies":[{"name":"wp","href":"https:\/\/api.w.org\/{rel}","templated":true}]}}