{"id":3933,"date":"2025-01-01T07:17:24","date_gmt":"2025-01-01T06:17:24","guid":{"rendered":"https:\/\/vieassociative.be\/actualites\/sept-facons-de-transformer-un-placard-en-un-espace-totalement-different\/"},"modified":"2025-01-01T07:17:24","modified_gmt":"2025-01-01T06:17:24","slug":"sept-facons-de-transformer-un-placard-en-un-espace-totalement-different","status":"publish","type":"post","link":"https:\/\/vieassociative.be\/actualites\/sept-facons-de-transformer-un-placard-en-un-espace-totalement-different\/","title":{"rendered":"Sept fa\u00e7ons de transformer un placard en un espace totalement diff\u00e9rent"},"content":{"rendered":"<div class=\"mt-4 leading-6 md:mb-8\">Vous pouvez transformer ce petit espace en une grande vari\u00e9t\u00e9 de \u00ab pi\u00e8ces \u00bb utiles.<\/div>\n<p><\/p>\n<p>Quelle que soit la taille de votre maison au moment de votre emm\u00e9nagement, elle finira par para\u00eetre trop petite. Qu&rsquo;il s&rsquo;agisse d&rsquo;une famille qui s&rsquo;agrandit ou d&rsquo;un passage au travail \u00e0 distance, les chances que vous souhaitiez \u00e9ventuellement avoir juste <em>un de plus<\/em> la pi\u00e8ce est assez haute. Et comme le co\u00fbt d\u2019un agrandissement de votre maison commence \u00e0 environ 22 000 $, de nombreuses personnes recherchent des moyens moins co\u00fbteux d\u2019exploiter davantage d\u2019espace utilisable dans leur maison.<\/p>\n<p>La bonne nouvelle est que vous avez peut-\u00eatre d\u00e9j\u00e0 la solution chez vous : vos placards. Les placards sont d\u00e9j\u00e0 tr\u00e8s utiles pour ranger vos affaires \u00e0 l&rsquo;abri des regards, bien s\u00fbr, mais si vous \u00eates \u00e0 la recherche d&rsquo;une pi\u00e8ce suppl\u00e9mentaire et que vous avez un placard \u00e0 revendre, vous avez la possibilit\u00e9 d&rsquo;\u00e9changer un espace de stockage ennuyeux contre quelque chose de beaucoup plus. utile. En fonction de la taille du placard en question, vous disposez de plusieurs options pour le r\u00e9utiliser.<\/p>\n<h2 id=\"bedroom\">Chambre \u00e0 coucher<\/h2>\n<p>Si vous recherchez plus de superficie parce que vous avez besoin d\u2019une chambre suppl\u00e9mentaire, un placard de taille d\u00e9cente pourrait \u00eatre la solution. De mani\u00e8re g\u00e9n\u00e9rale, une chambre doit mesurer au moins 70 pieds carr\u00e9s, et la bonne nouvelle est qu&rsquo;un dressing standard est g\u00e9n\u00e9ralement assez proche de cette superficie, soit environ 65 pieds carr\u00e9s. Transformer un dressing en un espace de couchage utilisable revient donc simplement \u00e0 le vider et \u00e0 y installer un lit.<\/p>\n<p>Ce ne sera pas une chambre l\u00e9gale que vous pourrez inclure sur une annonce de maison, bien s\u00fbr. Pour cela, vous avez g\u00e9n\u00e9ralement besoin d&rsquo;une sortie comme une fen\u00eatre ou une porte menant \u00e0 l&rsquo;ext\u00e9rieur de la maison. Mais cela peut \u00eatre un endroit confortable pour les invit\u00e9s ou un enfant en pleine croissance qui a besoin de son propre espace priv\u00e9.<\/p>\n<p>Des placards plus petits peuvent toujours \u00eatre transform\u00e9s en chambres, en particulier pour les enfants. Des lits pliants ou des lits superpos\u00e9s fix\u00e9s directement aux murs peuvent cr\u00e9er un espace de couchage amusant et flexible qui peut \u00eatre utilis\u00e9 lorsque vous avez soudainement une arm\u00e9e d&rsquo;invit\u00e9s ou lorsque les enfants veulent cette ambiance de soir\u00e9e pyjama.<\/p>\n<h2 id=\"office\">Bureau<\/h2>\n<p>Si vous travaillez \u00e0 distance, m\u00eame une partie du temps, vous savez qu&rsquo;un espace de bureau sp\u00e9cifique est la cl\u00e9 de votre sant\u00e9 mentale et de votre performance au travail. Si vous ne pr\u00e9voyiez pas avoir besoin d&rsquo;une pi\u00e8ce suppl\u00e9mentaire pour votre bureau lorsque vous avez achet\u00e9 votre maison, vous savez \u00e9galement qu&rsquo;essayer de travailler sur les comptoirs de cuisine, les tables de salle \u00e0 manger et sur les canap\u00e9s du salon avec un ordinateur portable en \u00e9quilibre sur vos genoux n&rsquo;est pas id\u00e9al. .<\/p>\n<p>M\u00eame le plus petit placard suppl\u00e9mentaire peut \u00eatre transform\u00e9 en un bureau utilisable (ou \u00ab cloffice \u00bb, m\u00eame si nous esp\u00e9rons sinc\u00e8rement que ce terme ne fera pas son chemin). Les placards \u00e0 port\u00e9e de main mesurent g\u00e9n\u00e9ralement au moins deux pieds de profondeur et mesurent de trois \u00e0 huit pieds de largeur. Vous pouvez toujours installer un petit bureau (ou utiliser un bureau pliant) et de nombreuses \u00e9tag\u00e8res dans la partie courte de cette gamme, vous offrant ainsi un espace organis\u00e9 et sur mesure pour vos heures de travail. Et les bureaux placards pr\u00e9sentent un \u00e9norme avantage inattendu : vous pouvez fermer la porte une fois la journ\u00e9e de travail termin\u00e9e et tout cacher.<\/p>\n<h2 id=\"bar\">Bar<\/h2>\n<p>Si vous r\u00eavez d&rsquo;avoir un bar pour adultes dans votre maison pour vous divertir (ou simplement parce que vous \u00eates passionn\u00e9 de cocktails), un placard libre dans ou \u00e0 proximit\u00e9 du salon vous offre un endroit id\u00e9al. Un placard de seulement deux pieds de profondeur sur trois pieds de largeur peut abriter un espace bar parfaitement respectable en quelques \u00e9tapes relativement simples\u00a0:<\/p>\n<ol>\n<li>\n<p>Retirez les portes et la quincaillerie de porte.<\/p>\n<\/li>\n<li>\n<p>Retirez les \u00e9tag\u00e8res et les barres de suspension.<\/p>\n<\/li>\n<li>\n<p>R\u00e9parez et peignez les cloisons s\u00e8ches int\u00e9rieures.<\/p>\n<\/li>\n<li>\n<p>Installez un petit r\u00e9frig\u00e9rateur-bar, une armoire avec comptoir de taille similaire et une autre armoire ou rangement pour verrerie aux murs.<\/p>\n<\/li>\n<li>\n<p>Ajoutez un \u00e9clairage simple si n\u00e9cessaire.<\/p>\n<\/li>\n<\/ol>\n<p>Il ne reste plus qu&rsquo;\u00e0 approvisionner le bar et \u00e0 organiser une f\u00eate.<\/p>\n<h2 id=\"library\">Biblioth\u00e8que<\/h2>\n<p>Si vous aimez lire mais d\u00e9testez la fa\u00e7on dont les livres envahissent toute la maison, un placard de rechange est l&rsquo;espace id\u00e9al pour une petite biblioth\u00e8que confortable et un coin lecture. Si vous disposez d&rsquo;un dressing plus grand dont vous n&rsquo;avez pas besoin, il est relativement simple d&rsquo;installer des \u00e9tag\u00e8res, une chaise confortable et une lampe de lecture pour cr\u00e9er un petit espace biblioth\u00e8que pour vous-m\u00eame (un mini-r\u00e9frig\u00e9rateur rempli de collations est facultatif). Mais m\u00eame un petit placard peut \u00eatre d\u00e9gag\u00e9, \u00e9quip\u00e9 d\u2019\u00e9tag\u00e8res et dot\u00e9 d\u2019une chaise pliante pour cr\u00e9er un espace de lecture confortable.<\/p>\n<h2 id=\"pantry\">Office<\/h2>\n<p>Un garde-manger n\u2019est en r\u00e9alit\u00e9 qu\u2019un placard \u00e0 nourriture, donc transformer un placard sous-utilis\u00e9 en garde-manger est assez simple. M\u00eame si votre garde-manger peut \u00eatre situ\u00e9 n\u2019importe o\u00f9, un placard pr\u00e8s de votre cuisine est \u00e9videmment id\u00e9al. Il suffit de retirer les barres de suspension et les \u00e9tag\u00e8res existantes, d&rsquo;installer des \u00e9tag\u00e8res du sol au plafond et d&rsquo;ajouter des paniers suspendus et des crochets pour les ustensiles de cuisine, les tabliers ou tout autre objet qui g\u00eane normalement.<\/p>\n<p>Si votre adorable petit garde-manger est un peu <em>aussi<\/em> adorablement petit, vous pouvez \u00e9galement ajouter un organisateur \u00e0 l&rsquo;arri\u00e8re de la porte pour vous offrir un peu plus de stockage de nourriture suppl\u00e9mentaire.<\/p>\n<h2 id=\"laundry-room\">Buanderie<\/h2>\n<p>Celui-ci est un peu plus ambitieux que certains des autres projets de cette liste, mais son impact est potentiellement plus important. Si vous n&rsquo;avez pas peur d&#8217;embaucher un plombier et \u00e9ventuellement un \u00e9lectricien (ou si vous \u00eates \u00e0 l&rsquo;aise pour faire ce genre de travail vous-m\u00eame), un placard pourrait devenir la buanderie qui vous manque actuellement.<\/p>\n<p>Pour voir si c&rsquo;est m\u00eame possible, mesurez votre placard et les appareils \u00e9lectrom\u00e9nagers dont vous avez besoin pour y installer. Les laveuses et les s\u00e9cheuses mesurent en moyenne environ 24 \u00e0 26 pouces de largeur, environ 42 pouces de hauteur et 30 pouces de profondeur, avec de grandes variations entre les marques et les mod\u00e8les. Vous devrez pr\u00e9voir environ six pouces d&rsquo;espace libre entre le mur et les machines, et si vous utilisez des chargeurs frontaux, vous devrez tenir compte de la profondeur suppl\u00e9mentaire \u00e0 moins que l&rsquo;ouverture du placard ne soit suffisamment large. Ces dimensions signifient qu&rsquo;un petit placard ne fonctionnera probablement pas pour ce projet\u00a0: vous aurez besoin d&rsquo;au moins un petit dressing pour le faire fonctionner.<\/p>\n<p>Gardez \u00e0 l&rsquo;esprit que si votre garde-robe est <em>juste<\/em> Assez grand pour accueillir vos appareils \u00e9lectrom\u00e9nagers, il n&rsquo;y aura pas de place pour stocker les d\u00e9tergents et autres fournitures. Si vous devez stocker ces objets ailleurs (ou les mettre dans une pile en d\u00e9sordre \u00e0 proximit\u00e9), ce n&rsquo;est pas une solution id\u00e9ale. Cependant, vous pouvez ajouter du rangement derri\u00e8re la porte, ou m\u00eame une grille \u00e0 repasser derri\u00e8re la porte qui peut \u00e9galement servir d&rsquo;endroit pour plier le linge lorsqu&rsquo;il sort du s\u00e8che-linge.<\/p>\n<h2 id=\"recording-booth\">Cabine d&rsquo;enregistrement<\/h2>\n<p>Que vous fassiez partie des millions (et des millions) de personnes qui h\u00e9bergent leur propre podcast ou que vous ayez simplement besoin d&rsquo;un endroit calme pour des r\u00e9unions vid\u00e9o et des appels, un petit placard est un endroit id\u00e9al pour construire une cabine\/studio d&rsquo;enregistrement simple et DIY. Certains panneaux de mousse acoustique sur les murs et une couverture insonorisante au-dessus de la porte peuvent transformer ce petit espace en une parfaite cabine d&rsquo;isolation vocale, un studio d&rsquo;enregistrement ou un lieu de rencontre. La petite taille est une caract\u00e9ristique ici, car il sera relativement peu co\u00fbteux de transformer ce placard en un studio calme.<\/p>\n<p><script async src=\"\/\/www.tiktok.com\/embed.js\"><\/script><\/p>\n","protected":false},"excerpt":{"rendered":"<p>Vous pouvez transformer ce petit espace en une grande vari\u00e9t\u00e9 de \u00ab pi\u00e8ces \u00bb utiles. Quelle que soit la taille de votre maison au moment<\/p>\n","protected":false},"author":1,"featured_media":3934,"comment_status":"","ping_status":"","sticky":false,"template":"","format":"standard","meta":{"footnotes":""},"categories":[40],"tags":[4406,3284,119,4405,525,3661,1203],"class_list":["post-3933","post","type-post","status-publish","format-standard","has-post-thumbnail","hentry","category-maison","tag-different","tag-espace","tag-facons","tag-placard","tag-sept","tag-totalement","tag-transformer","generate-columns","tablet-grid-50","mobile-grid-100","grid-parent","grid-33"],"yoast_head":"<!-- This site is optimized with the Yoast SEO plugin v24.0 - https:\/\/yoast.com\/wordpress\/plugins\/seo\/ -->\n<title>Sept fa\u00e7ons de transformer un placard en un espace totalement diff\u00e9rent | Vie Associative<\/title>\n<meta name=\"robots\" content=\"index, follow, max-snippet:-1, max-image-preview:large, max-video-preview:-1\" \/>\n<link rel=\"canonical\" href=\"https:\/\/vieassociative.be\/actualites\/sept-facons-de-transformer-un-placard-en-un-espace-totalement-different\/\" \/>\n<meta property=\"og:locale\" content=\"fr_FR\" \/>\n<meta property=\"og:type\" content=\"article\" \/>\n<meta property=\"og:title\" content=\"Sept fa\u00e7ons de transformer un placard en un espace totalement diff\u00e9rent | Vie Associative\" \/>\n<meta property=\"og:description\" content=\"Vous pouvez transformer ce petit espace en une grande vari\u00e9t\u00e9 de \u00ab pi\u00e8ces \u00bb utiles. Quelle que soit la taille de votre maison au moment\" \/>\n<meta property=\"og:url\" content=\"https:\/\/vieassociative.be\/actualites\/sept-facons-de-transformer-un-placard-en-un-espace-totalement-different\/\" \/>\n<meta property=\"og:site_name\" content=\"Vie Associative\" \/>\n<meta property=\"article:published_time\" content=\"2025-01-01T06:17:24+00:00\" \/>\n<meta property=\"og:image\" content=\"https:\/\/vieassociative.be\/actualites\/wp-content\/uploads\/2024\/09\/header_backgroundk-01-e1726694325946.png\" \/>\n\t<meta property=\"og:image:width\" content=\"279\" \/>\n\t<meta property=\"og:image:height\" content=\"92\" \/>\n\t<meta property=\"og:image:type\" content=\"image\/png\" \/>\n<meta name=\"author\" content=\"Julien\" \/>\n<meta name=\"twitter:card\" content=\"summary_large_image\" \/>\n<meta name=\"twitter:label1\" content=\"\u00c9crit par\" \/>\n\t<meta name=\"twitter:data1\" content=\"Julien\" \/>\n\t<meta name=\"twitter:label2\" content=\"Dur\u00e9e de lecture est.\" \/>\n\t<meta name=\"twitter:data2\" content=\"7 minutes\" \/>\n<script type=\"application\/ld+json\" class=\"yoast-schema-graph\">{\"@context\":\"https:\/\/schema.org\",\"@graph\":[{\"@type\":\"Article\",\"@id\":\"https:\/\/vieassociative.be\/actualites\/sept-facons-de-transformer-un-placard-en-un-espace-totalement-different\/#article\",\"isPartOf\":{\"@id\":\"https:\/\/vieassociative.be\/actualites\/sept-facons-de-transformer-un-placard-en-un-espace-totalement-different\/\"},\"author\":{\"name\":\"Julien\",\"@id\":\"https:\/\/vieassociative.be\/actualites\/#\/schema\/person\/b87ac4f82f9d4e7b7cec7395b679edc4\"},\"headline\":\"Sept fa\u00e7ons de transformer un placard en un espace totalement diff\u00e9rent\",\"datePublished\":\"2025-01-01T06:17:24+00:00\",\"dateModified\":\"2025-01-01T06:17:24+00:00\",\"mainEntityOfPage\":{\"@id\":\"https:\/\/vieassociative.be\/actualites\/sept-facons-de-transformer-un-placard-en-un-espace-totalement-different\/\"},\"wordCount\":1411,\"publisher\":{\"@id\":\"https:\/\/vieassociative.be\/actualites\/#organization\"},\"image\":{\"@id\":\"https:\/\/vieassociative.be\/actualites\/sept-facons-de-transformer-un-placard-en-un-espace-totalement-different\/#primaryimage\"},\"thumbnailUrl\":\"https:\/\/vieassociative.be\/actualites\/wp-content\/uploads\/2025\/01\/Sept-facons-de-transformer-un-placard-en-un-espace-totalement.png\",\"keywords\":[\"diff\u00e9rent\",\"espace\",\"fa\u00e7ons\",\"placard\",\"Sept\",\"totalement\",\"transformer\"],\"articleSection\":[\"Maison\"],\"inLanguage\":\"fr-BE\"},{\"@type\":\"WebPage\",\"@id\":\"https:\/\/vieassociative.be\/actualites\/sept-facons-de-transformer-un-placard-en-un-espace-totalement-different\/\",\"url\":\"https:\/\/vieassociative.be\/actualites\/sept-facons-de-transformer-un-placard-en-un-espace-totalement-different\/\",\"name\":\"Sept fa\u00e7ons de transformer un placard en un espace totalement diff\u00e9rent | Vie Associative\",\"isPartOf\":{\"@id\":\"https:\/\/vieassociative.be\/actualites\/#website\"},\"primaryImageOfPage\":{\"@id\":\"https:\/\/vieassociative.be\/actualites\/sept-facons-de-transformer-un-placard-en-un-espace-totalement-different\/#primaryimage\"},\"image\":{\"@id\":\"https:\/\/vieassociative.be\/actualites\/sept-facons-de-transformer-un-placard-en-un-espace-totalement-different\/#primaryimage\"},\"thumbnailUrl\":\"https:\/\/vieassociative.be\/actualites\/wp-content\/uploads\/2025\/01\/Sept-facons-de-transformer-un-placard-en-un-espace-totalement.png\",\"datePublished\":\"2025-01-01T06:17:24+00:00\",\"dateModified\":\"2025-01-01T06:17:24+00:00\",\"breadcrumb\":{\"@id\":\"https:\/\/vieassociative.be\/actualites\/sept-facons-de-transformer-un-placard-en-un-espace-totalement-different\/#breadcrumb\"},\"inLanguage\":\"fr-BE\",\"potentialAction\":[{\"@type\":\"ReadAction\",\"target\":[\"https:\/\/vieassociative.be\/actualites\/sept-facons-de-transformer-un-placard-en-un-espace-totalement-different\/\"]}]},{\"@type\":\"ImageObject\",\"inLanguage\":\"fr-BE\",\"@id\":\"https:\/\/vieassociative.be\/actualites\/sept-facons-de-transformer-un-placard-en-un-espace-totalement-different\/#primaryimage\",\"url\":\"https:\/\/vieassociative.be\/actualites\/wp-content\/uploads\/2025\/01\/Sept-facons-de-transformer-un-placard-en-un-espace-totalement.png\",\"contentUrl\":\"https:\/\/vieassociative.be\/actualites\/wp-content\/uploads\/2025\/01\/Sept-facons-de-transformer-un-placard-en-un-espace-totalement.png\",\"width\":1200,\"height\":675,\"caption\":\"Sept fa\u00e7ons de transformer un placard en un espace totalement diff\u00e9rent\"},{\"@type\":\"BreadcrumbList\",\"@id\":\"https:\/\/vieassociative.be\/actualites\/sept-facons-de-transformer-un-placard-en-un-espace-totalement-different\/#breadcrumb\",\"itemListElement\":[{\"@type\":\"ListItem\",\"position\":1,\"name\":\"Accueil\",\"item\":\"https:\/\/vieassociative.be\/actualites\/\"},{\"@type\":\"ListItem\",\"position\":2,\"name\":\"Sept fa\u00e7ons de transformer un placard en un espace totalement diff\u00e9rent\"}]},{\"@type\":\"WebSite\",\"@id\":\"https:\/\/vieassociative.be\/actualites\/#website\",\"url\":\"https:\/\/vieassociative.be\/actualites\/\",\"name\":\"Vie Associative\",\"description\":\"\",\"publisher\":{\"@id\":\"https:\/\/vieassociative.be\/actualites\/#organization\"},\"potentialAction\":[{\"@type\":\"SearchAction\",\"target\":{\"@type\":\"EntryPoint\",\"urlTemplate\":\"https:\/\/vieassociative.be\/actualites\/?s={search_term_string}\"},\"query-input\":{\"@type\":\"PropertyValueSpecification\",\"valueRequired\":true,\"valueName\":\"search_term_string\"}}],\"inLanguage\":\"fr-BE\"},{\"@type\":\"Organization\",\"@id\":\"https:\/\/vieassociative.be\/actualites\/#organization\",\"name\":\"Vie Associative\",\"url\":\"https:\/\/vieassociative.be\/actualites\/\",\"logo\":{\"@type\":\"ImageObject\",\"inLanguage\":\"fr-BE\",\"@id\":\"https:\/\/vieassociative.be\/actualites\/#\/schema\/logo\/image\/\",\"url\":\"https:\/\/vieassociative.be\/actualites\/wp-content\/uploads\/2024\/09\/cropped-vieassociative_favicon.ico.png\",\"contentUrl\":\"https:\/\/vieassociative.be\/actualites\/wp-content\/uploads\/2024\/09\/cropped-vieassociative_favicon.ico.png\",\"width\":512,\"height\":512,\"caption\":\"Vie Associative\"},\"image\":{\"@id\":\"https:\/\/vieassociative.be\/actualites\/#\/schema\/logo\/image\/\"}},{\"@type\":\"Person\",\"@id\":\"https:\/\/vieassociative.be\/actualites\/#\/schema\/person\/b87ac4f82f9d4e7b7cec7395b679edc4\",\"name\":\"Julien\",\"image\":{\"@type\":\"ImageObject\",\"inLanguage\":\"fr-BE\",\"@id\":\"https:\/\/vieassociative.be\/actualites\/#\/schema\/person\/image\/\",\"url\":\"https:\/\/vieassociative.be\/actualites\/wp-content\/uploads\/2024\/09\/vie-associative-1-150x150.jpg\",\"contentUrl\":\"https:\/\/vieassociative.be\/actualites\/wp-content\/uploads\/2024\/09\/vie-associative-1-150x150.jpg\",\"caption\":\"Julien\"},\"description\":\"Je suis Julien, r\u00e9dacteur pour Vie Associative. Passionn\u00e9 par le monde associatif depuis plus de 10 ans, j'ai \u00e0 c\u0153ur de partager des histoires inspirantes et de mettre en lumi\u00e8re les initiatives locales. Mon objectif est de sensibiliser et d'encourager l'engagement communautaire \u00e0 travers mes articles.\",\"sameAs\":[\"https:\/\/vieassociative.be\/\"]}]}<\/script>\n<!-- \/ Yoast SEO plugin. -->","yoast_head_json":{"title":"Sept fa\u00e7ons de transformer un placard en un espace totalement diff\u00e9rent | Vie Associative","robots":{"index":"index","follow":"follow","max-snippet":"max-snippet:-1","max-image-preview":"max-image-preview:large","max-video-preview":"max-video-preview:-1"},"canonical":"https:\/\/vieassociative.be\/actualites\/sept-facons-de-transformer-un-placard-en-un-espace-totalement-different\/","og_locale":"fr_FR","og_type":"article","og_title":"Sept fa\u00e7ons de transformer un placard en un espace totalement diff\u00e9rent | Vie Associative","og_description":"Vous pouvez transformer ce petit espace en une grande vari\u00e9t\u00e9 de \u00ab pi\u00e8ces \u00bb utiles. Quelle que soit la taille de votre maison au moment","og_url":"https:\/\/vieassociative.be\/actualites\/sept-facons-de-transformer-un-placard-en-un-espace-totalement-different\/","og_site_name":"Vie Associative","article_published_time":"2025-01-01T06:17:24+00:00","og_image":[{"width":279,"height":92,"url":"https:\/\/vieassociative.be\/actualites\/wp-content\/uploads\/2024\/09\/header_backgroundk-01-e1726694325946.png","type":"image\/png"}],"author":"Julien","twitter_card":"summary_large_image","twitter_misc":{"\u00c9crit par":"Julien","Dur\u00e9e de lecture est.":"7 minutes"},"schema":{"@context":"https:\/\/schema.org","@graph":[{"@type":"Article","@id":"https:\/\/vieassociative.be\/actualites\/sept-facons-de-transformer-un-placard-en-un-espace-totalement-different\/#article","isPartOf":{"@id":"https:\/\/vieassociative.be\/actualites\/sept-facons-de-transformer-un-placard-en-un-espace-totalement-different\/"},"author":{"name":"Julien","@id":"https:\/\/vieassociative.be\/actualites\/#\/schema\/person\/b87ac4f82f9d4e7b7cec7395b679edc4"},"headline":"Sept fa\u00e7ons de transformer un placard en un espace totalement diff\u00e9rent","datePublished":"2025-01-01T06:17:24+00:00","dateModified":"2025-01-01T06:17:24+00:00","mainEntityOfPage":{"@id":"https:\/\/vieassociative.be\/actualites\/sept-facons-de-transformer-un-placard-en-un-espace-totalement-different\/"},"wordCount":1411,"publisher":{"@id":"https:\/\/vieassociative.be\/actualites\/#organization"},"image":{"@id":"https:\/\/vieassociative.be\/actualites\/sept-facons-de-transformer-un-placard-en-un-espace-totalement-different\/#primaryimage"},"thumbnailUrl":"https:\/\/vieassociative.be\/actualites\/wp-content\/uploads\/2025\/01\/Sept-facons-de-transformer-un-placard-en-un-espace-totalement.png","keywords":["diff\u00e9rent","espace","fa\u00e7ons","placard","Sept","totalement","transformer"],"articleSection":["Maison"],"inLanguage":"fr-BE"},{"@type":"WebPage","@id":"https:\/\/vieassociative.be\/actualites\/sept-facons-de-transformer-un-placard-en-un-espace-totalement-different\/","url":"https:\/\/vieassociative.be\/actualites\/sept-facons-de-transformer-un-placard-en-un-espace-totalement-different\/","name":"Sept fa\u00e7ons de transformer un placard en un espace totalement diff\u00e9rent | Vie Associative","isPartOf":{"@id":"https:\/\/vieassociative.be\/actualites\/#website"},"primaryImageOfPage":{"@id":"https:\/\/vieassociative.be\/actualites\/sept-facons-de-transformer-un-placard-en-un-espace-totalement-different\/#primaryimage"},"image":{"@id":"https:\/\/vieassociative.be\/actualites\/sept-facons-de-transformer-un-placard-en-un-espace-totalement-different\/#primaryimage"},"thumbnailUrl":"https:\/\/vieassociative.be\/actualites\/wp-content\/uploads\/2025\/01\/Sept-facons-de-transformer-un-placard-en-un-espace-totalement.png","datePublished":"2025-01-01T06:17:24+00:00","dateModified":"2025-01-01T06:17:24+00:00","breadcrumb":{"@id":"https:\/\/vieassociative.be\/actualites\/sept-facons-de-transformer-un-placard-en-un-espace-totalement-different\/#breadcrumb"},"inLanguage":"fr-BE","potentialAction":[{"@type":"ReadAction","target":["https:\/\/vieassociative.be\/actualites\/sept-facons-de-transformer-un-placard-en-un-espace-totalement-different\/"]}]},{"@type":"ImageObject","inLanguage":"fr-BE","@id":"https:\/\/vieassociative.be\/actualites\/sept-facons-de-transformer-un-placard-en-un-espace-totalement-different\/#primaryimage","url":"https:\/\/vieassociative.be\/actualites\/wp-content\/uploads\/2025\/01\/Sept-facons-de-transformer-un-placard-en-un-espace-totalement.png","contentUrl":"https:\/\/vieassociative.be\/actualites\/wp-content\/uploads\/2025\/01\/Sept-facons-de-transformer-un-placard-en-un-espace-totalement.png","width":1200,"height":675,"caption":"Sept fa\u00e7ons de transformer un placard en un espace totalement diff\u00e9rent"},{"@type":"BreadcrumbList","@id":"https:\/\/vieassociative.be\/actualites\/sept-facons-de-transformer-un-placard-en-un-espace-totalement-different\/#breadcrumb","itemListElement":[{"@type":"ListItem","position":1,"name":"Accueil","item":"https:\/\/vieassociative.be\/actualites\/"},{"@type":"ListItem","position":2,"name":"Sept fa\u00e7ons de transformer un placard en un espace totalement diff\u00e9rent"}]},{"@type":"WebSite","@id":"https:\/\/vieassociative.be\/actualites\/#website","url":"https:\/\/vieassociative.be\/actualites\/","name":"Vie Associative","description":"","publisher":{"@id":"https:\/\/vieassociative.be\/actualites\/#organization"},"potentialAction":[{"@type":"SearchAction","target":{"@type":"EntryPoint","urlTemplate":"https:\/\/vieassociative.be\/actualites\/?s={search_term_string}"},"query-input":{"@type":"PropertyValueSpecification","valueRequired":true,"valueName":"search_term_string"}}],"inLanguage":"fr-BE"},{"@type":"Organization","@id":"https:\/\/vieassociative.be\/actualites\/#organization","name":"Vie Associative","url":"https:\/\/vieassociative.be\/actualites\/","logo":{"@type":"ImageObject","inLanguage":"fr-BE","@id":"https:\/\/vieassociative.be\/actualites\/#\/schema\/logo\/image\/","url":"https:\/\/vieassociative.be\/actualites\/wp-content\/uploads\/2024\/09\/cropped-vieassociative_favicon.ico.png","contentUrl":"https:\/\/vieassociative.be\/actualites\/wp-content\/uploads\/2024\/09\/cropped-vieassociative_favicon.ico.png","width":512,"height":512,"caption":"Vie Associative"},"image":{"@id":"https:\/\/vieassociative.be\/actualites\/#\/schema\/logo\/image\/"}},{"@type":"Person","@id":"https:\/\/vieassociative.be\/actualites\/#\/schema\/person\/b87ac4f82f9d4e7b7cec7395b679edc4","name":"Julien","image":{"@type":"ImageObject","inLanguage":"fr-BE","@id":"https:\/\/vieassociative.be\/actualites\/#\/schema\/person\/image\/","url":"https:\/\/vieassociative.be\/actualites\/wp-content\/uploads\/2024\/09\/vie-associative-1-150x150.jpg","contentUrl":"https:\/\/vieassociative.be\/actualites\/wp-content\/uploads\/2024\/09\/vie-associative-1-150x150.jpg","caption":"Julien"},"description":"Je suis Julien, r\u00e9dacteur pour Vie Associative. Passionn\u00e9 par le monde associatif depuis plus de 10 ans, j'ai \u00e0 c\u0153ur de partager des histoires inspirantes et de mettre en lumi\u00e8re les initiatives locales. Mon objectif est de sensibiliser et d'encourager l'engagement communautaire \u00e0 travers mes articles.","sameAs":["https:\/\/vieassociative.be\/"]}]}},"_links":{"self":[{"href":"https:\/\/vieassociative.be\/actualites\/wp-json\/wp\/v2\/posts\/3933"}],"collection":[{"href":"https:\/\/vieassociative.be\/actualites\/wp-json\/wp\/v2\/posts"}],"about":[{"href":"https:\/\/vieassociative.be\/actualites\/wp-json\/wp\/v2\/types\/post"}],"author":[{"embeddable":true,"href":"https:\/\/vieassociative.be\/actualites\/wp-json\/wp\/v2\/users\/1"}],"replies":[{"embeddable":true,"href":"https:\/\/vieassociative.be\/actualites\/wp-json\/wp\/v2\/comments?post=3933"}],"version-history":[{"count":0,"href":"https:\/\/vieassociative.be\/actualites\/wp-json\/wp\/v2\/posts\/3933\/revisions"}],"wp:featuredmedia":[{"embeddable":true,"href":"https:\/\/vieassociative.be\/actualites\/wp-json\/wp\/v2\/media\/3934"}],"wp:attachment":[{"href":"https:\/\/vieassociative.be\/actualites\/wp-json\/wp\/v2\/media?parent=3933"}],"wp:term":[{"taxonomy":"category","embeddable":true,"href":"https:\/\/vieassociative.be\/actualites\/wp-json\/wp\/v2\/categories?post=3933"},{"taxonomy":"post_tag","embeddable":true,"href":"https:\/\/vieassociative.be\/actualites\/wp-json\/wp\/v2\/tags?post=3933"}],"curies":[{"name":"wp","href":"https:\/\/api.w.org\/{rel}","templated":true}]}}