{"id":3927,"date":"2025-01-01T02:18:25","date_gmt":"2025-01-01T01:18:25","guid":{"rendered":"https:\/\/vieassociative.be\/actualites\/les-meilleurs-films-et-emissions-de-television-a-regarder-sur-max-ce-mois-ci\/"},"modified":"2025-01-01T02:18:25","modified_gmt":"2025-01-01T01:18:25","slug":"les-meilleurs-films-et-emissions-de-television-a-regarder-sur-max-ce-mois-ci","status":"publish","type":"post","link":"https:\/\/vieassociative.be\/actualites\/les-meilleurs-films-et-emissions-de-television-a-regarder-sur-max-ce-mois-ci\/","title":{"rendered":"Les meilleurs films et \u00e9missions de t\u00e9l\u00e9vision \u00e0 regarder sur Max ce mois-ci"},"content":{"rendered":"<div class=\"mt-4 leading-6 md:mb-8\">Il y a tout simplement trop de t\u00e9l\u00e9vision pour tout regarder, alors j&rsquo;ai s\u00e9lectionn\u00e9 les meilleurs morceaux de Max ce mois-ci.<\/div>\n<p><\/p>\n<p>J&rsquo;ai examin\u00e9 tout ce qui est nouveau et remarquable \u00e0 venir sur Max ce mois-ci, et les \u00e9missions de t\u00e9l\u00e9vision et les films ci-dessous sont les meilleurs du groupe, ou du moins les plus int\u00e9ressants. <\/p>\n<p>Mes trois grands du mois\u00a0: celui de HBO <em>Le Pitt<\/em>un drame m\u00e9dical tendu dans lequel des travailleurs m\u00e9dicaux stress\u00e9s tentent de sauver des vies et de rester sains d&rsquo;esprit\u00a0; <em>Un homme diff\u00e9rent<\/em>une com\u00e9die noire et m\u00e9chante sur l&rsquo;identit\u00e9 et la r\u00e9pulsion ; et la saison 5 d&rsquo;une excellente s\u00e9rie anim\u00e9e de super-h\u00e9ro\u00efnes <em>Harley Quinn<\/em>.<\/p>\n<h2 id=\"the-pitt\"><em>Le Pitt<\/em><\/h2>\n<div class=\"mx-auto mt-8 w-full max-w-4xl\">\n<div id=\"video-container-ufR_08V38sQ\"><\/div>\n<\/div>\n<p>S\u00e9rie m\u00e9dicale HBO Originals <em>Le Pitt<\/em> a \u00e9t\u00e9 cr\u00e9\u00e9 par <em>urgence<\/em> producteur R. Scott Gemmill. Le drame tendu et r\u00e9aliste emm\u00e8ne les t\u00e9l\u00e9spectateurs dans la salle d&rsquo;urgence charg\u00e9e de l&rsquo;h\u00f4pital m\u00e9dical de traumatologie de Pittsburgh. Chacun de <em>Le Pitt<\/em>Les 15 \u00e9pisodes de sont pr\u00e9sent\u00e9s en temps r\u00e9el\u00a0: un \u00e9pisode repr\u00e9sente une heure du m\u00eame quart de travail aux urgences. Noah Wyle incarne le Dr Michael \u00ab\u00a0Robby\u00a0\u00bb Robinavitch, m\u00e9decin traitant en chef, qui a du mal \u00e0 g\u00e9rer le stress et le traumatisme de son poste. . Il n&rsquo;est pas seul : <em>Le Pitt<\/em> plonge dans la vie personnelle de ses personnages ainsi que dans les d\u00e9cisions de vie ou de mort et le drame quotidien des urgences. <\/p>\n<p>Commence la diffusion le 9 janvier.<\/p>\n<h2 id=\"a-different-man-2024\">Un homme diff\u00e9rent (2024)<\/h2>\n<div class=\"mx-auto mt-8 w-full max-w-4xl\">\n<div id=\"video-container-_9CmC5Rmsdw&amp;\"><\/div>\n<\/div>\n<p>Si vous aimez votre com\u00e9die noire et pleine d&rsquo;absurdit\u00e9 et de commentaires sociaux, <em>Un homme diff\u00e9rent<\/em> est le film qu&rsquo;il vous faut. Sebastian Stan incarne Edward, un acteur en difficult\u00e9 souffrant d&rsquo;une extr\u00eame d\u00e9formation faciale. Une proc\u00e9dure m\u00e9dicale le transforme en un beau mec \u2013 un homme diff\u00e9rent \u2013 \u200b\u200bmais il n&rsquo;est joli qu&rsquo;\u00e0 l&rsquo;ext\u00e9rieur. Edward apprend vite que la beaut\u00e9 est superficielle, mais que la laideur peut descendre jusqu&rsquo;\u00e0 la moelle. Comme \u00e0 peu pr\u00e8s tout ce qui est sorti par A24, <em>Un homme diff\u00e9rent<\/em> a re\u00e7u des \u00e9loges bien m\u00e9rit\u00e9s de la part des critiques. <\/p>\n<p>Commence la diffusion le 17 janvier.<\/p>\n<h2 id=\"harley-quinn-season-5\"><em>Harley Quinn<\/em>saison 5 <\/h2>\n<div class=\"mx-auto mt-8 w-full max-w-4xl\">\n<div id=\"video-container-0FrB7mJoesg\"><\/div>\n<\/div>\n<p>La cinqui\u00e8me saison du dessin anim\u00e9 pour adultes <em>Harley Quinn<\/em> voit le personnage principal, exprim\u00e9 par Kaley Cuoco, d\u00e9m\u00e9nager \u00e0 Metropolis avec son amie Poison Ivy, exprim\u00e9 par Lake Bell. Le couple d\u00e9couvre bient\u00f4t que quelque chose de grave se passe \u00e0 Superman-town, et Quinn rencontrera Lex Luthor, sa s\u0153ur, Lena Luthor, Brainiac et d&rsquo;autres favoris des bandes dessin\u00e9es dans cette version irr\u00e9v\u00e9rencieuse de l&rsquo;univers DC. <em>Harley Quinn<\/em> a une note fra\u00eeche de 97 % sur Rotten Tomatoes, cela vaut donc vraiment la peine. <\/p>\n<p>Commence la diffusion le 16 janvier. <\/p>\n<h2 id=\"the-leopard-man-1943\"><em>L&rsquo;homme l\u00e9opard<\/em> (1943)<\/h2>\n<div class=\"mx-auto mt-8 w-full max-w-4xl\">\n<div id=\"video-container-6q4BAKYYGoM\"><\/div>\n<\/div>\n<p>Tout aussi <em>Homme L\u00e9opard<\/em> le film le plus c\u00e9l\u00e8bre du producteur Val Lewton, <em>Les gens des chats<\/em>il n&rsquo;y avait pas de chats dedans, <em>Homme L\u00e9opard<\/em> il ne s&rsquo;agit pas d&rsquo;un homme l\u00e9opard. Lewton a pass\u00e9 la majeure partie de sa carri\u00e8re \u00e0 la t\u00eate du d\u00e9partement d&rsquo;horreur de la soci\u00e9t\u00e9 de production de films de s\u00e9rie RKO, o\u00f9 les chefs de studio dictaient les titres de leurs films, mais laissaient Lewton filmer ce qu&rsquo;il voulait. Lewton a choisi de faire <em>Homme L\u00e9opard<\/em> un examen atmosph\u00e9rique, effrayant et \u00e9tonnamment progressif de la misogynie et de la violence au lieu d&rsquo;un film de monstre ringard. <em>Homme L\u00e9opard<\/em> est sans doute le premier film sur un tueur en s\u00e9rie et reste l&rsquo;un des meilleurs exemples du genre jamais r\u00e9alis\u00e9s.  <\/p>\n<p>Commence la diffusion le 1er janvier.<\/p>\n<h2 id=\"the-front-room\"><em>La salle avant<\/em><\/h2>\n<div class=\"mx-auto mt-8 w-full max-w-4xl\">\n<div id=\"video-container-eMQt_V2eCRY\"><\/div>\n<\/div>\n<p>Le premier film de Max et Sam Eggers, demi-fr\u00e8res de <em>Nosferatu<\/em> le r\u00e9alisateur Robert Eggers, <em>La salle avant<\/em> est une histoire d&rsquo;horreur domestique surr\u00e9aliste dans laquelle la pire belle-m\u00e8re imaginable s&rsquo;installe pour \u00ab\u00a0aider\u00a0\u00bb sa belle-fille enceinte et son fils. Malgr\u00e9 le s\u00e9rieux de la bande-annonce, <em>La salle avant<\/em> est all\u00e9g\u00e9 par l&rsquo;humour noir tout au long. Solange, interpr\u00e9t\u00e9e par Kathryn Hunter, est un v\u00e9ritable cauchemar et fera tout pour creuser un foss\u00e9 entre son fils Norman, interpr\u00e9t\u00e9 par Andrew Burnap, et sa femme Belinda, interpr\u00e9t\u00e9e par Brandy Norwood. <\/p>\n<p>Commence la diffusion le 3 janvier.<\/p>\n<h2 id=\"sons-of-ecstasy\"><em>Fils de l&rsquo;extase<\/em><\/h2>\n<p>Ce documentaire examine la rivalit\u00e9 entre l&rsquo;agent de change anglais Shaun Attwood et Gerard Gravano, fils du c\u00e9l\u00e8bre gangster new-yorkais Salvatore \u00ab Sammy the Bull \u00bb Gravano. Le conflit s&rsquo;est d\u00e9roul\u00e9 dans les ann\u00e9es 1990 sur fond de boom de l&rsquo;ecstasy en Arizona, les deux hommes se battant pour le contr\u00f4le d&rsquo;un empire de la drogue dans le d\u00e9sert construit sur l&rsquo;app\u00e9tit insatiable de la sc\u00e8ne rave pour Molly. C&rsquo;est ce que j&rsquo;appelle un bon sujet pour une s\u00e9rie documentaire !<\/p>\n<p>Commence la diffusion le 9 janvier.<\/p>\n<h2 id=\"an-update-on-our-family\"><em>Une mise \u00e0 jour sur notre famille<\/em><\/h2>\n<p>Tous les \u00ab\u00a0YouTubers de la famille\u00a0\u00bb sont bizarres, mais la famille Stauffer \u00e9tait r\u00e9pr\u00e9hensible d&rsquo;un niveau sup\u00e9rieur. Cette s\u00e9rie documentaire en trois parties examine comment Myka et James Stauffer ont construit un petit empire de vlogging en se pr\u00e9sentant eux-m\u00eames et leurs enfants comme une famille parfaite, mais sont all\u00e9s trop loin en adoptant un b\u00e9b\u00e9 chinois souffrant de graves probl\u00e8mes neurologiques. Ils ont essay\u00e9 de faire de Huxley, deux ans, la pi\u00e8ce ma\u00eetresse de leur contenu, mais il a rapidement disparu de la cha\u00eene familiale et de la famille.<\/p>\n<p>Commence la diffusion le 15 janvier.<\/p>\n<h2 id=\"cb-strike-the-ink-black-heart\"><em>CB Strike\u00a0: Le c\u0153ur noir \u00e0 l&rsquo;encre<\/em><\/h2>\n<div class=\"mx-auto mt-8 w-full max-w-4xl\">\n<div id=\"video-container-3YJUrLjGIG0\"><\/div>\n<\/div>\n<p>Cette s\u00e9rie britannique de quatre \u00e9pisodes est bas\u00e9e sur les romans \u00e0 succ\u00e8s de JK Rowling, mais il n&rsquo;y a pas de sorcier. Plut\u00f4t, <em>CB Strike\u00a0: Le c\u0153ur noir \u00e0 l&rsquo;encre<\/em> \u00bb propose l&rsquo;\u00e9quipe de d\u00e9tectives compos\u00e9e de Cormoran Strike et Robin Ellacott, engag\u00e9s pour enqu\u00eater sur un meurtre impliquant le cr\u00e9ateur d&rsquo;un dessin anim\u00e9 culte et un troll en ligne anonyme appel\u00e9 \u00ab Anomie \u00bb. L&rsquo;affaire r\u00e9v\u00e8le un r\u00e9seau complexe d&rsquo;intrigues en ligne, d&rsquo;int\u00e9r\u00eats commerciaux obscurs et de conflits familiaux qui mettront \u00e0 l&rsquo;\u00e9preuve les limites des capacit\u00e9s d&rsquo;enqu\u00eate de Strike et Robin et pourraient leur co\u00fbter la vie. <\/p>\n<p>Commence la diffusion le 23 janvier.<\/p>\n<h2 id=\"look-into-my-eyes\"><em>Regarde dans mes yeux<\/em><\/h2>\n<div class=\"mx-auto mt-8 w-full max-w-4xl\">\n<div id=\"video-container-mBM7lIMxTe8\"><\/div>\n<\/div>\n<p>J&rsquo;ai tendance \u00e0 consid\u00e9rer les \u00ab m\u00e9diums \u00bb comme des goules cyniques qui exploitent le chagrin pour en tirer du profit, mais <em>Regarde dans mes yeux<\/em>\u00a0\u00bb La r\u00e9alisatrice Lana Wilson a une vision plus nuanc\u00e9e du m\u00e9tier. Son documentaire examine la relation entre les petits m\u00e9diums new-yorkais et leurs clients sans se prononcer sur la v\u00e9racit\u00e9 des affirmations des m\u00e9diums. Au lieu de l&rsquo;exploitation, Wilson trouve la gu\u00e9rison, la foi et le lien humain. M\u00eame si vous \u00eates sceptique, c&rsquo;est une vision fascinante du sujet. <\/p>\n<p>Commence la diffusion le 10 janvier. <\/p>\n<h2 id=\"last-months-picks\">Les choix du mois dernier<\/h2>\n<h2 id=\"juror-2\"><em>Jur\u00e9 n\u00b02<\/em><\/h2>\n<div class=\"mx-auto mt-8 w-full max-w-4xl\">\n<div id=\"video-container-czYUXo0R0oA\"><\/div>\n<\/div>\n<p>R\u00e9alis\u00e9 par l&rsquo;ic\u00f4ne Clint Eastwood, 94 ans, et avec Tony Collette, JK Simmons, Chris Messina, Kiefer Sutherland et Nicholas Hoult, <em>Jur\u00e9 n\u00b02<\/em> est un drame juridique explorant la justice et la responsabilit\u00e9 personnelle. Hoult incarne Justin Kemp, un homme ordinaire si\u00e9geant au jury d&rsquo;une affaire de meurtre tr\u00e8s m\u00e9diatis\u00e9e. Lorsque Kemp se rend compte qu&rsquo;il pourrait avoir une connaissance personnelle du crime, il doit d\u00e9cider s&rsquo;il essaiera d&rsquo;influencer le reste du jury. Ce film re\u00e7oit de tr\u00e8s bonnes critiques de la part des critiques. <\/p>\n<p>Commence la diffusion le 20 d\u00e9cembre.<\/p>\n<h2 id=\"creature-commandos\"><em>Commandos de cr\u00e9atures <\/em><\/h2>\n<div class=\"mx-auto mt-8 w-full max-w-4xl\">\n<div id=\"video-container-VdahDEpqPA8\"><\/div>\n<\/div>\n<p>Cette s\u00e9rie anim\u00e9e \u00e9l\u00e9gante pour adultes est bas\u00e9e sur l&rsquo;\u00e9quipe anti-h\u00e9ros de DC Comics et a \u00e9t\u00e9 cr\u00e9\u00e9e par James Gunn, dont l&rsquo;excellent <em>Pacificateur<\/em> \u00e9galement diffus\u00e9 sur HBO. Les Creature Commandos du titre sont un groupe de monstres surpuissants assembl\u00e9s pour \u00e9liminer les ennemis les plus dangereux de l&rsquo;humanit\u00e9, quelle que soit la m\u00e9thode de leur choix. Ils ont tendance \u00e0 choisir une violence extr\u00eame. Plus qu&rsquo;une simple s\u00e9rie,<em> Commandos de cr\u00e9atures<\/em> sert d&rsquo;introduction en douceur au red\u00e9marrage de James Gunn de l&rsquo;univers DC Comics que nous verrons dans <em>Superman\u00a0:\u00a0h\u00e9ritage<\/em> \u00e0 l&rsquo;\u00e9t\u00e9 2025.<\/p>\n<p>Commence la diffusion le 5 d\u00e9cembre.<\/p>\n<h2 id=\"humphrey-bogart-film-festival\">Festival du film Humphrey Bogart<\/h2>\n<div class=\"mx-auto mt-8 w-full max-w-4xl\">\n<div id=\"video-container-YxaoKe45sms\"><\/div>\n<\/div>\n<p>Il convient de pr\u00eater attention aux films classiques que Max diffuse chaque mois. En d\u00e9cembre, ils fouillent profond\u00e9ment dans les coffres du cin\u00e9ma pour trouver certains des meilleurs films d&rsquo;Humphrey Bogart, tout depuis le film dur de gangsters et d&rsquo;armes de 1939. <em>Roi des Enfers,<\/em> au film d&rsquo;horreur de 1937 <em>Le retour du docteur X<\/em>vers les ann\u00e9es 1940 <em>Tout est devenu r\u00e9alit\u00e9<\/em>une com\u00e9die musicale dans laquelle Bogie partage l&rsquo;\u00e9cran avec Ann Sheridan. Si vous n&rsquo;avez regard\u00e9 aucun film de Bogart et que vous \u00eates submerg\u00e9 par les 14 (!) options disponibles sur Max, commencez par le classique film policier noir de Sam Spade. <em>Le faucon maltais<\/em>qui m\u00e9rite sa r\u00e9putation d\u2019un des meilleurs films jamais r\u00e9alis\u00e9s. <\/p>\n<ul>\n<li>\n<p><em>Femme marqu\u00e9e<\/em> (1937)<\/p>\n<\/li>\n<li>\n<p><em>Saint-Quentin<\/em> (1937)<\/p>\n<\/li>\n<li>\n<p><em>Enfant Galahad<\/em> (1937)<\/p>\n<\/li>\n<li>\n<p><em>Rayures invisibles <\/em>(1939)<\/p>\n<\/li>\n<li>\n<p><em>Roi des Enfers <\/em>(1939)<\/p>\n<\/li>\n<li>\n<p><em>Le retour du docteur X<\/em> (1939)<\/p>\n<\/li>\n<li>\n<p><em>Les ann\u00e9es folles<\/em> (1939)<\/p>\n<\/li>\n<li>\n<p><em>Vous ne pouvez pas \u00e9chapper \u00e0 un meurtre<\/em> (1939)<\/p>\n<\/li>\n<li>\n<p><em>Tout est devenu r\u00e9alit\u00e9 <\/em>(1940)<\/p>\n<\/li>\n<li>\n<p><em>Ils conduisent de nuit<\/em> (1940)<\/p>\n<\/li>\n<li>\n<p><em>Le faucon maltais <\/em>(1941)<\/p>\n<\/li>\n<li>\n<p><em>Passage \u00e0 Marseille<\/em> (1944)<\/p>\n<\/li>\n<li>\n<p><em>Les deux Mme Carrolls<\/em> (1947)<\/p>\n<\/li>\n<li>\n<p><em>Cl\u00e9 Largo<\/em> (1949)<\/p>\n<\/li>\n<\/ul>\n<p>Commence la diffusion le 1er d\u00e9cembre. <\/p>\n<h2 id=\"superman-the-christopher-reeve-story\"><em>Super\/Man\u00a0: l&rsquo;histoire de Christopher Reeve<\/em><\/h2>\n<div class=\"mx-auto mt-8 w-full max-w-4xl\">\n<div id=\"video-container-gX-B3HMlMfY\"><\/div>\n<\/div>\n<p>\u00c0 travers des entretiens avec la famille et les amis, ce documentaire raconte l&rsquo;histoire de l&rsquo;ascension de l&rsquo;acteur que le monde allait conna\u00eetre sous le nom de Superman, de l&rsquo;accident presque mortel qui l&rsquo;a laiss\u00e9 paralys\u00e9 et de son activisme qui a suivi. <em>Super\/Man\u00a0: l&rsquo;histoire de Christopher Reeve<\/em> n&rsquo;est pas une hagiographie ; Reeves \u00e9tait un homme complexe, et ce film n&rsquo;a pas peur de se plonger dans sa frustration d&rsquo;\u00eatre catalogu\u00e9 comme Superman et de se battre avec ses propres d\u00e9mons. <\/p>\n<p>Commence la diffusion le 7 d\u00e9cembre.<\/p>\n<h2 id=\"hard-knocks-in-season-with-the-afc-north\"><em>Coups durs\u00a0: en saison avec l\u2019AFC Nord<\/em><\/h2>\n<div class=\"mx-auto mt-8 w-full max-w-4xl\">\n<div id=\"video-container-dOacCz1ftP4\"><\/div>\n<\/div>\n<p>Alors que les s\u00e9ries \u00e9liminatoires sont devant nous et que le Super Bowl approche, cette s\u00e9rie documentaire de HBO emm\u00e8ne les t\u00e9l\u00e9spectateurs dans les vestiaires et les bureaux des entra\u00eeneurs des Ravens, des Steelers, des Bengals et des Browns alors qu&rsquo;ils se battent pour la premi\u00e8re place de la division Nord de l&rsquo;AFC. M\u00eame si vous n&rsquo;\u00eates pas un grand fan de football, les histoires personnelles de joueurs comme Lamar Jackson, Joe Burrow, Myles Garrett et TJ Watt sont fascinantes, tout comme la fen\u00eatre d&rsquo;acc\u00e8s illimit\u00e9 sur ce qu&rsquo;il faut pour devenir une \u00e9quipe d&rsquo;\u00e9lite. . <\/p>\n<p>Commence la diffusion le 3 d\u00e9cembre.<\/p>\n<h2 id=\"nature-of-the-crime\"><em>Nature du crime<\/em><\/h2>\n<div class=\"mx-auto mt-8 w-full max-w-4xl\">\n<div id=\"video-container-dKLcR_AFA4Y\"><\/div>\n<\/div>\n<p>Dans <em>Nature du crime<\/em><em>, <\/em>nous suivons trois hommes incarc\u00e9r\u00e9s alors qu&rsquo;ils se pr\u00e9parent pour les audiences de lib\u00e9ration conditionnelle apr\u00e8s des d\u00e9cennies de prison. Ces hommes ont \u00e9t\u00e9 condamn\u00e9s alors qu&rsquo;ils \u00e9taient adolescents et sont maintenant d&rsquo;\u00e2ge moyen, et ils font d\u00e9sormais face \u00e0 un conseil de citoyens qui doit peser la protection de la soci\u00e9t\u00e9 par rapport \u00e0 la r\u00e9habilitation des condamn\u00e9s de longue date. <\/p>\n<p>Commence la diffusion le 10 d\u00e9cembre.<\/p>\n","protected":false},"excerpt":{"rendered":"<p>Il y a tout simplement trop de t\u00e9l\u00e9vision pour tout regarder, alors j&rsquo;ai s\u00e9lectionn\u00e9 les meilleurs morceaux de Max ce mois-ci. J&rsquo;ai examin\u00e9 tout ce<\/p>\n","protected":false},"author":1,"featured_media":3928,"comment_status":"","ping_status":"","sticky":false,"template":"","format":"standard","meta":{"footnotes":""},"categories":[36],"tags":[1931,102,14,16,187,2605,1924,33,1316],"class_list":["post-3927","post","type-post","status-publish","format-standard","has-post-thumbnail","hentry","category-divertissement","tag-emissions","tag-films","tag-les","tag-max","tag-meilleurs","tag-moisci","tag-regarder","tag-sur","tag-television","generate-columns","tablet-grid-50","mobile-grid-100","grid-parent","grid-33"],"yoast_head":"<!-- This site is optimized with the Yoast SEO plugin v24.0 - https:\/\/yoast.com\/wordpress\/plugins\/seo\/ -->\n<title>Les meilleurs films et \u00e9missions de t\u00e9l\u00e9vision \u00e0 regarder sur Max ce mois-ci | Vie Associative<\/title>\n<meta name=\"robots\" content=\"index, follow, max-snippet:-1, max-image-preview:large, max-video-preview:-1\" \/>\n<link rel=\"canonical\" href=\"https:\/\/vieassociative.be\/actualites\/les-meilleurs-films-et-emissions-de-television-a-regarder-sur-max-ce-mois-ci\/\" \/>\n<meta property=\"og:locale\" content=\"fr_FR\" \/>\n<meta property=\"og:type\" content=\"article\" \/>\n<meta property=\"og:title\" content=\"Les meilleurs films et \u00e9missions de t\u00e9l\u00e9vision \u00e0 regarder sur Max ce mois-ci | Vie Associative\" \/>\n<meta property=\"og:description\" content=\"Il y a tout simplement trop de t\u00e9l\u00e9vision pour tout regarder, alors j&rsquo;ai s\u00e9lectionn\u00e9 les meilleurs morceaux de Max ce mois-ci. J&rsquo;ai examin\u00e9 tout ce\" \/>\n<meta property=\"og:url\" content=\"https:\/\/vieassociative.be\/actualites\/les-meilleurs-films-et-emissions-de-television-a-regarder-sur-max-ce-mois-ci\/\" \/>\n<meta property=\"og:site_name\" content=\"Vie Associative\" \/>\n<meta property=\"article:published_time\" content=\"2025-01-01T01:18:25+00:00\" \/>\n<meta property=\"og:image\" content=\"https:\/\/vieassociative.be\/actualites\/wp-content\/uploads\/2024\/09\/header_backgroundk-01-e1726694325946.png\" \/>\n\t<meta property=\"og:image:width\" content=\"279\" \/>\n\t<meta property=\"og:image:height\" content=\"92\" \/>\n\t<meta property=\"og:image:type\" content=\"image\/png\" \/>\n<meta name=\"author\" content=\"Julien\" \/>\n<meta name=\"twitter:card\" content=\"summary_large_image\" \/>\n<meta name=\"twitter:label1\" content=\"\u00c9crit par\" \/>\n\t<meta name=\"twitter:data1\" content=\"Julien\" \/>\n\t<meta name=\"twitter:label2\" content=\"Dur\u00e9e de lecture est.\" \/>\n\t<meta name=\"twitter:data2\" content=\"9 minutes\" \/>\n<script type=\"application\/ld+json\" class=\"yoast-schema-graph\">{\"@context\":\"https:\/\/schema.org\",\"@graph\":[{\"@type\":\"Article\",\"@id\":\"https:\/\/vieassociative.be\/actualites\/les-meilleurs-films-et-emissions-de-television-a-regarder-sur-max-ce-mois-ci\/#article\",\"isPartOf\":{\"@id\":\"https:\/\/vieassociative.be\/actualites\/les-meilleurs-films-et-emissions-de-television-a-regarder-sur-max-ce-mois-ci\/\"},\"author\":{\"name\":\"Julien\",\"@id\":\"https:\/\/vieassociative.be\/actualites\/#\/schema\/person\/b87ac4f82f9d4e7b7cec7395b679edc4\"},\"headline\":\"Les meilleurs films et \u00e9missions de t\u00e9l\u00e9vision \u00e0 regarder sur Max ce mois-ci\",\"datePublished\":\"2025-01-01T01:18:25+00:00\",\"dateModified\":\"2025-01-01T01:18:25+00:00\",\"mainEntityOfPage\":{\"@id\":\"https:\/\/vieassociative.be\/actualites\/les-meilleurs-films-et-emissions-de-television-a-regarder-sur-max-ce-mois-ci\/\"},\"wordCount\":1961,\"publisher\":{\"@id\":\"https:\/\/vieassociative.be\/actualites\/#organization\"},\"image\":{\"@id\":\"https:\/\/vieassociative.be\/actualites\/les-meilleurs-films-et-emissions-de-television-a-regarder-sur-max-ce-mois-ci\/#primaryimage\"},\"thumbnailUrl\":\"https:\/\/vieassociative.be\/actualites\/wp-content\/uploads\/2025\/01\/Les-meilleurs-films-et-emissions-de-television-a-regarder-sur.jpg\",\"keywords\":[\"\u00e9missions\",\"films\",\"Les\",\"Max\",\"meilleurs\",\"moisci\",\"regarder\",\"sur\",\"t\u00e9l\u00e9vision\"],\"articleSection\":[\"Divertissement\"],\"inLanguage\":\"fr-BE\"},{\"@type\":\"WebPage\",\"@id\":\"https:\/\/vieassociative.be\/actualites\/les-meilleurs-films-et-emissions-de-television-a-regarder-sur-max-ce-mois-ci\/\",\"url\":\"https:\/\/vieassociative.be\/actualites\/les-meilleurs-films-et-emissions-de-television-a-regarder-sur-max-ce-mois-ci\/\",\"name\":\"Les meilleurs films et \u00e9missions de t\u00e9l\u00e9vision \u00e0 regarder sur Max ce mois-ci | Vie Associative\",\"isPartOf\":{\"@id\":\"https:\/\/vieassociative.be\/actualites\/#website\"},\"primaryImageOfPage\":{\"@id\":\"https:\/\/vieassociative.be\/actualites\/les-meilleurs-films-et-emissions-de-television-a-regarder-sur-max-ce-mois-ci\/#primaryimage\"},\"image\":{\"@id\":\"https:\/\/vieassociative.be\/actualites\/les-meilleurs-films-et-emissions-de-television-a-regarder-sur-max-ce-mois-ci\/#primaryimage\"},\"thumbnailUrl\":\"https:\/\/vieassociative.be\/actualites\/wp-content\/uploads\/2025\/01\/Les-meilleurs-films-et-emissions-de-television-a-regarder-sur.jpg\",\"datePublished\":\"2025-01-01T01:18:25+00:00\",\"dateModified\":\"2025-01-01T01:18:25+00:00\",\"breadcrumb\":{\"@id\":\"https:\/\/vieassociative.be\/actualites\/les-meilleurs-films-et-emissions-de-television-a-regarder-sur-max-ce-mois-ci\/#breadcrumb\"},\"inLanguage\":\"fr-BE\",\"potentialAction\":[{\"@type\":\"ReadAction\",\"target\":[\"https:\/\/vieassociative.be\/actualites\/les-meilleurs-films-et-emissions-de-television-a-regarder-sur-max-ce-mois-ci\/\"]}]},{\"@type\":\"ImageObject\",\"inLanguage\":\"fr-BE\",\"@id\":\"https:\/\/vieassociative.be\/actualites\/les-meilleurs-films-et-emissions-de-television-a-regarder-sur-max-ce-mois-ci\/#primaryimage\",\"url\":\"https:\/\/vieassociative.be\/actualites\/wp-content\/uploads\/2025\/01\/Les-meilleurs-films-et-emissions-de-television-a-regarder-sur.jpg\",\"contentUrl\":\"https:\/\/vieassociative.be\/actualites\/wp-content\/uploads\/2025\/01\/Les-meilleurs-films-et-emissions-de-television-a-regarder-sur.jpg\",\"width\":1200,\"height\":675,\"caption\":\"Les meilleurs films et \u00e9missions de t\u00e9l\u00e9vision \u00e0 regarder sur Max ce mois-ci\"},{\"@type\":\"BreadcrumbList\",\"@id\":\"https:\/\/vieassociative.be\/actualites\/les-meilleurs-films-et-emissions-de-television-a-regarder-sur-max-ce-mois-ci\/#breadcrumb\",\"itemListElement\":[{\"@type\":\"ListItem\",\"position\":1,\"name\":\"Accueil\",\"item\":\"https:\/\/vieassociative.be\/actualites\/\"},{\"@type\":\"ListItem\",\"position\":2,\"name\":\"Les meilleurs films et \u00e9missions de t\u00e9l\u00e9vision \u00e0 regarder sur Max ce mois-ci\"}]},{\"@type\":\"WebSite\",\"@id\":\"https:\/\/vieassociative.be\/actualites\/#website\",\"url\":\"https:\/\/vieassociative.be\/actualites\/\",\"name\":\"Vie Associative\",\"description\":\"\",\"publisher\":{\"@id\":\"https:\/\/vieassociative.be\/actualites\/#organization\"},\"potentialAction\":[{\"@type\":\"SearchAction\",\"target\":{\"@type\":\"EntryPoint\",\"urlTemplate\":\"https:\/\/vieassociative.be\/actualites\/?s={search_term_string}\"},\"query-input\":{\"@type\":\"PropertyValueSpecification\",\"valueRequired\":true,\"valueName\":\"search_term_string\"}}],\"inLanguage\":\"fr-BE\"},{\"@type\":\"Organization\",\"@id\":\"https:\/\/vieassociative.be\/actualites\/#organization\",\"name\":\"Vie Associative\",\"url\":\"https:\/\/vieassociative.be\/actualites\/\",\"logo\":{\"@type\":\"ImageObject\",\"inLanguage\":\"fr-BE\",\"@id\":\"https:\/\/vieassociative.be\/actualites\/#\/schema\/logo\/image\/\",\"url\":\"https:\/\/vieassociative.be\/actualites\/wp-content\/uploads\/2024\/09\/cropped-vieassociative_favicon.ico.png\",\"contentUrl\":\"https:\/\/vieassociative.be\/actualites\/wp-content\/uploads\/2024\/09\/cropped-vieassociative_favicon.ico.png\",\"width\":512,\"height\":512,\"caption\":\"Vie Associative\"},\"image\":{\"@id\":\"https:\/\/vieassociative.be\/actualites\/#\/schema\/logo\/image\/\"}},{\"@type\":\"Person\",\"@id\":\"https:\/\/vieassociative.be\/actualites\/#\/schema\/person\/b87ac4f82f9d4e7b7cec7395b679edc4\",\"name\":\"Julien\",\"image\":{\"@type\":\"ImageObject\",\"inLanguage\":\"fr-BE\",\"@id\":\"https:\/\/vieassociative.be\/actualites\/#\/schema\/person\/image\/\",\"url\":\"https:\/\/vieassociative.be\/actualites\/wp-content\/uploads\/2024\/09\/vie-associative-1-150x150.jpg\",\"contentUrl\":\"https:\/\/vieassociative.be\/actualites\/wp-content\/uploads\/2024\/09\/vie-associative-1-150x150.jpg\",\"caption\":\"Julien\"},\"description\":\"Je suis Julien, r\u00e9dacteur pour Vie Associative. Passionn\u00e9 par le monde associatif depuis plus de 10 ans, j'ai \u00e0 c\u0153ur de partager des histoires inspirantes et de mettre en lumi\u00e8re les initiatives locales. Mon objectif est de sensibiliser et d'encourager l'engagement communautaire \u00e0 travers mes articles.\",\"sameAs\":[\"https:\/\/vieassociative.be\/\"]}]}<\/script>\n<!-- \/ Yoast SEO plugin. -->","yoast_head_json":{"title":"Les meilleurs films et \u00e9missions de t\u00e9l\u00e9vision \u00e0 regarder sur Max ce mois-ci | Vie Associative","robots":{"index":"index","follow":"follow","max-snippet":"max-snippet:-1","max-image-preview":"max-image-preview:large","max-video-preview":"max-video-preview:-1"},"canonical":"https:\/\/vieassociative.be\/actualites\/les-meilleurs-films-et-emissions-de-television-a-regarder-sur-max-ce-mois-ci\/","og_locale":"fr_FR","og_type":"article","og_title":"Les meilleurs films et \u00e9missions de t\u00e9l\u00e9vision \u00e0 regarder sur Max ce mois-ci | Vie Associative","og_description":"Il y a tout simplement trop de t\u00e9l\u00e9vision pour tout regarder, alors j&rsquo;ai s\u00e9lectionn\u00e9 les meilleurs morceaux de Max ce mois-ci. J&rsquo;ai examin\u00e9 tout ce","og_url":"https:\/\/vieassociative.be\/actualites\/les-meilleurs-films-et-emissions-de-television-a-regarder-sur-max-ce-mois-ci\/","og_site_name":"Vie Associative","article_published_time":"2025-01-01T01:18:25+00:00","og_image":[{"width":279,"height":92,"url":"https:\/\/vieassociative.be\/actualites\/wp-content\/uploads\/2024\/09\/header_backgroundk-01-e1726694325946.png","type":"image\/png"}],"author":"Julien","twitter_card":"summary_large_image","twitter_misc":{"\u00c9crit par":"Julien","Dur\u00e9e de lecture est.":"9 minutes"},"schema":{"@context":"https:\/\/schema.org","@graph":[{"@type":"Article","@id":"https:\/\/vieassociative.be\/actualites\/les-meilleurs-films-et-emissions-de-television-a-regarder-sur-max-ce-mois-ci\/#article","isPartOf":{"@id":"https:\/\/vieassociative.be\/actualites\/les-meilleurs-films-et-emissions-de-television-a-regarder-sur-max-ce-mois-ci\/"},"author":{"name":"Julien","@id":"https:\/\/vieassociative.be\/actualites\/#\/schema\/person\/b87ac4f82f9d4e7b7cec7395b679edc4"},"headline":"Les meilleurs films et \u00e9missions de t\u00e9l\u00e9vision \u00e0 regarder sur Max ce mois-ci","datePublished":"2025-01-01T01:18:25+00:00","dateModified":"2025-01-01T01:18:25+00:00","mainEntityOfPage":{"@id":"https:\/\/vieassociative.be\/actualites\/les-meilleurs-films-et-emissions-de-television-a-regarder-sur-max-ce-mois-ci\/"},"wordCount":1961,"publisher":{"@id":"https:\/\/vieassociative.be\/actualites\/#organization"},"image":{"@id":"https:\/\/vieassociative.be\/actualites\/les-meilleurs-films-et-emissions-de-television-a-regarder-sur-max-ce-mois-ci\/#primaryimage"},"thumbnailUrl":"https:\/\/vieassociative.be\/actualites\/wp-content\/uploads\/2025\/01\/Les-meilleurs-films-et-emissions-de-television-a-regarder-sur.jpg","keywords":["\u00e9missions","films","Les","Max","meilleurs","moisci","regarder","sur","t\u00e9l\u00e9vision"],"articleSection":["Divertissement"],"inLanguage":"fr-BE"},{"@type":"WebPage","@id":"https:\/\/vieassociative.be\/actualites\/les-meilleurs-films-et-emissions-de-television-a-regarder-sur-max-ce-mois-ci\/","url":"https:\/\/vieassociative.be\/actualites\/les-meilleurs-films-et-emissions-de-television-a-regarder-sur-max-ce-mois-ci\/","name":"Les meilleurs films et \u00e9missions de t\u00e9l\u00e9vision \u00e0 regarder sur Max ce mois-ci | Vie Associative","isPartOf":{"@id":"https:\/\/vieassociative.be\/actualites\/#website"},"primaryImageOfPage":{"@id":"https:\/\/vieassociative.be\/actualites\/les-meilleurs-films-et-emissions-de-television-a-regarder-sur-max-ce-mois-ci\/#primaryimage"},"image":{"@id":"https:\/\/vieassociative.be\/actualites\/les-meilleurs-films-et-emissions-de-television-a-regarder-sur-max-ce-mois-ci\/#primaryimage"},"thumbnailUrl":"https:\/\/vieassociative.be\/actualites\/wp-content\/uploads\/2025\/01\/Les-meilleurs-films-et-emissions-de-television-a-regarder-sur.jpg","datePublished":"2025-01-01T01:18:25+00:00","dateModified":"2025-01-01T01:18:25+00:00","breadcrumb":{"@id":"https:\/\/vieassociative.be\/actualites\/les-meilleurs-films-et-emissions-de-television-a-regarder-sur-max-ce-mois-ci\/#breadcrumb"},"inLanguage":"fr-BE","potentialAction":[{"@type":"ReadAction","target":["https:\/\/vieassociative.be\/actualites\/les-meilleurs-films-et-emissions-de-television-a-regarder-sur-max-ce-mois-ci\/"]}]},{"@type":"ImageObject","inLanguage":"fr-BE","@id":"https:\/\/vieassociative.be\/actualites\/les-meilleurs-films-et-emissions-de-television-a-regarder-sur-max-ce-mois-ci\/#primaryimage","url":"https:\/\/vieassociative.be\/actualites\/wp-content\/uploads\/2025\/01\/Les-meilleurs-films-et-emissions-de-television-a-regarder-sur.jpg","contentUrl":"https:\/\/vieassociative.be\/actualites\/wp-content\/uploads\/2025\/01\/Les-meilleurs-films-et-emissions-de-television-a-regarder-sur.jpg","width":1200,"height":675,"caption":"Les meilleurs films et \u00e9missions de t\u00e9l\u00e9vision \u00e0 regarder sur Max ce mois-ci"},{"@type":"BreadcrumbList","@id":"https:\/\/vieassociative.be\/actualites\/les-meilleurs-films-et-emissions-de-television-a-regarder-sur-max-ce-mois-ci\/#breadcrumb","itemListElement":[{"@type":"ListItem","position":1,"name":"Accueil","item":"https:\/\/vieassociative.be\/actualites\/"},{"@type":"ListItem","position":2,"name":"Les meilleurs films et \u00e9missions de t\u00e9l\u00e9vision \u00e0 regarder sur Max ce mois-ci"}]},{"@type":"WebSite","@id":"https:\/\/vieassociative.be\/actualites\/#website","url":"https:\/\/vieassociative.be\/actualites\/","name":"Vie Associative","description":"","publisher":{"@id":"https:\/\/vieassociative.be\/actualites\/#organization"},"potentialAction":[{"@type":"SearchAction","target":{"@type":"EntryPoint","urlTemplate":"https:\/\/vieassociative.be\/actualites\/?s={search_term_string}"},"query-input":{"@type":"PropertyValueSpecification","valueRequired":true,"valueName":"search_term_string"}}],"inLanguage":"fr-BE"},{"@type":"Organization","@id":"https:\/\/vieassociative.be\/actualites\/#organization","name":"Vie Associative","url":"https:\/\/vieassociative.be\/actualites\/","logo":{"@type":"ImageObject","inLanguage":"fr-BE","@id":"https:\/\/vieassociative.be\/actualites\/#\/schema\/logo\/image\/","url":"https:\/\/vieassociative.be\/actualites\/wp-content\/uploads\/2024\/09\/cropped-vieassociative_favicon.ico.png","contentUrl":"https:\/\/vieassociative.be\/actualites\/wp-content\/uploads\/2024\/09\/cropped-vieassociative_favicon.ico.png","width":512,"height":512,"caption":"Vie Associative"},"image":{"@id":"https:\/\/vieassociative.be\/actualites\/#\/schema\/logo\/image\/"}},{"@type":"Person","@id":"https:\/\/vieassociative.be\/actualites\/#\/schema\/person\/b87ac4f82f9d4e7b7cec7395b679edc4","name":"Julien","image":{"@type":"ImageObject","inLanguage":"fr-BE","@id":"https:\/\/vieassociative.be\/actualites\/#\/schema\/person\/image\/","url":"https:\/\/vieassociative.be\/actualites\/wp-content\/uploads\/2024\/09\/vie-associative-1-150x150.jpg","contentUrl":"https:\/\/vieassociative.be\/actualites\/wp-content\/uploads\/2024\/09\/vie-associative-1-150x150.jpg","caption":"Julien"},"description":"Je suis Julien, r\u00e9dacteur pour Vie Associative. Passionn\u00e9 par le monde associatif depuis plus de 10 ans, j'ai \u00e0 c\u0153ur de partager des histoires inspirantes et de mettre en lumi\u00e8re les initiatives locales. Mon objectif est de sensibiliser et d'encourager l'engagement communautaire \u00e0 travers mes articles.","sameAs":["https:\/\/vieassociative.be\/"]}]}},"_links":{"self":[{"href":"https:\/\/vieassociative.be\/actualites\/wp-json\/wp\/v2\/posts\/3927"}],"collection":[{"href":"https:\/\/vieassociative.be\/actualites\/wp-json\/wp\/v2\/posts"}],"about":[{"href":"https:\/\/vieassociative.be\/actualites\/wp-json\/wp\/v2\/types\/post"}],"author":[{"embeddable":true,"href":"https:\/\/vieassociative.be\/actualites\/wp-json\/wp\/v2\/users\/1"}],"replies":[{"embeddable":true,"href":"https:\/\/vieassociative.be\/actualites\/wp-json\/wp\/v2\/comments?post=3927"}],"version-history":[{"count":0,"href":"https:\/\/vieassociative.be\/actualites\/wp-json\/wp\/v2\/posts\/3927\/revisions"}],"wp:featuredmedia":[{"embeddable":true,"href":"https:\/\/vieassociative.be\/actualites\/wp-json\/wp\/v2\/media\/3928"}],"wp:attachment":[{"href":"https:\/\/vieassociative.be\/actualites\/wp-json\/wp\/v2\/media?parent=3927"}],"wp:term":[{"taxonomy":"category","embeddable":true,"href":"https:\/\/vieassociative.be\/actualites\/wp-json\/wp\/v2\/categories?post=3927"},{"taxonomy":"post_tag","embeddable":true,"href":"https:\/\/vieassociative.be\/actualites\/wp-json\/wp\/v2\/tags?post=3927"}],"curies":[{"name":"wp","href":"https:\/\/api.w.org\/{rel}","templated":true}]}}