{"id":3922,"date":"2024-12-31T21:17:20","date_gmt":"2024-12-31T20:17:20","guid":{"rendered":"https:\/\/vieassociative.be\/actualites\/lettre-a-lediteur-coince\/"},"modified":"2024-12-31T21:17:20","modified_gmt":"2024-12-31T20:17:20","slug":"lettre-a-lediteur-coince","status":"publish","type":"post","link":"https:\/\/vieassociative.be\/actualites\/lettre-a-lediteur-coince\/","title":{"rendered":"LETTRE \u00c0 L&rsquo;\u00c9DITEUR \u2013 Coinc\u00e9"},"content":{"rendered":"<p><strong>En Belgique, des n\u00e9gociations infructueuses durent depuis des mois entre diff\u00e9rents partis politiques pour former un gouvernement f\u00e9d\u00e9ral. Mais il ne faut pas en attendre trop. Un accord serait un compromis au plus petit d\u00e9nominateur. Les v\u00e9ritables probl\u00e8mes du pays (nationalisme flamand, finances publiques, d\u00e9fense, etc.) ne sont pas fondamentalement abord\u00e9s. Les gens se contentent de fausses solutions.<\/strong><\/p>\n<p><span id=\"more-405132\"><\/span>Et former un gouvernement f\u00e9d\u00e9ral devient de plus en plus difficile d\u2019\u00e9lection en \u00e9lection. Les raisons en sont avant tout le trop grand nombre de partis politiques et un exc\u00e8s d\u2019institutions \u00e9tatiques qui se bloquent les unes les autres. Le r\u00e9sultat est un statu quo aux d\u00e9pens de la population.<\/p>\n<p>Il existe suffisamment d\u2019exemples historiques de syst\u00e8mes incapables de r\u00e9forme (le communisme ou le Royaume de France) qui n\u2019ont finalement pas r\u00e9ussi \u00e0 ouvrir la voie \u00e0 quelque chose de nouveau et de r\u00e9alisable.<\/p>\n<p>Mais quelque chose comme \u00e7a ne doit pas n\u00e9cessairement se produire. La politique belge devrait admettre que les choses ne peuvent pas continuer comme elles le sont actuellement et qu\u2019une culture politique diff\u00e9rente est n\u00e9cessaire, dans laquelle l\u2019accent est mis sur la r\u00e9solution des probl\u00e8mes et non sur les jeux et les intrigues. La meilleure chose serait un syst\u00e8me bipartite avec vote majoritaire comme aux \u00c9tats-Unis. Les r\u00e9sultats seraient clairs et le parti vainqueur pourrait commencer \u00e0 gouverner imm\u00e9diatement. L\u2019impasse actuelle est en r\u00e9alit\u00e9 un grand scandale. Une d\u00e9mocratie directe bas\u00e9e sur le mod\u00e8le suisse serait \u00e9galement un \u00e9l\u00e9ment suppl\u00e9mentaire appropri\u00e9. Permettre \u00e0 la population d\u2019avoir son mot \u00e0 dire est une v\u00e9ritable d\u00e9mocratie.<\/p>\n<p>L\u2019avenir du pays ne peut \u00eatre garanti que si nous nous ouvrons \u00e0 la nouveaut\u00e9. Les m\u00e9thodes d\u2019hier ne pouvaient pas r\u00e9soudre les probl\u00e8mes de demain. Il ne devrait y avoir aucun tabou. Les questions sur la meilleure forme de gouvernement ou sur la restructuration de la dette doivent \u00eatre autoris\u00e9es. Sont la premi\u00e8re \u00e9tape vers la r\u00e9solution de probl\u00e8mes.<\/p>\n<p>Le bon sens me dit que les n\u00e9gociations en Arizona \u00e9choueront et qu\u2019il y aura de nouvelles \u00e9lections en 2025. Ce n\u2019est qu\u2019\u00e0 ce moment-l\u00e0 que le virage \u00e0 droite deviendra encore plus fort. Parce que la population est fatigu\u00e9e des jeux et des intrigues et veut des solutions aux probl\u00e8mes.<\/p>\n<p><strong>31 d\u00e9cembre 2024 Marcel Scholzen, Meilerscheid<\/strong><\/p>\n","protected":false},"excerpt":{"rendered":"<p>En Belgique, des n\u00e9gociations infructueuses durent depuis des mois entre diff\u00e9rents partis politiques pour former un gouvernement f\u00e9d\u00e9ral. Mais il ne faut pas en attendre<\/p>\n","protected":false},"author":1,"featured_media":2567,"comment_status":"","ping_status":"","sticky":false,"template":"","format":"standard","meta":{"footnotes":""},"categories":[298],"tags":[1404,4400,2628],"class_list":["post-3922","post","type-post","status-publish","format-standard","has-post-thumbnail","hentry","category-belgique","tag-coince","tag-lediteur","tag-lettre","generate-columns","tablet-grid-50","mobile-grid-100","grid-parent","grid-33"],"yoast_head":"<!-- This site is optimized with the Yoast SEO plugin v24.0 - https:\/\/yoast.com\/wordpress\/plugins\/seo\/ -->\n<title>LETTRE \u00c0 L&#039;\u00c9DITEUR \u2013 Coinc\u00e9 | Vie Associative<\/title>\n<meta name=\"robots\" content=\"index, follow, max-snippet:-1, max-image-preview:large, max-video-preview:-1\" \/>\n<link rel=\"canonical\" href=\"https:\/\/vieassociative.be\/actualites\/lettre-a-lediteur-coince\/\" \/>\n<meta property=\"og:locale\" content=\"fr_FR\" \/>\n<meta property=\"og:type\" content=\"article\" \/>\n<meta property=\"og:title\" content=\"LETTRE \u00c0 L&#039;\u00c9DITEUR \u2013 Coinc\u00e9 | Vie Associative\" \/>\n<meta property=\"og:description\" content=\"En Belgique, des n\u00e9gociations infructueuses durent depuis des mois entre diff\u00e9rents partis politiques pour former un gouvernement f\u00e9d\u00e9ral. Mais il ne faut pas en attendre\" \/>\n<meta property=\"og:url\" content=\"https:\/\/vieassociative.be\/actualites\/lettre-a-lediteur-coince\/\" \/>\n<meta property=\"og:site_name\" content=\"Vie Associative\" \/>\n<meta property=\"article:published_time\" content=\"2024-12-31T20:17:20+00:00\" \/>\n<meta property=\"og:image\" content=\"https:\/\/vieassociative.be\/actualites\/wp-content\/uploads\/2024\/09\/header_backgroundk-01-e1726694325946.png\" \/>\n\t<meta property=\"og:image:width\" content=\"279\" \/>\n\t<meta property=\"og:image:height\" content=\"92\" \/>\n\t<meta property=\"og:image:type\" content=\"image\/png\" \/>\n<meta name=\"author\" content=\"Julien\" \/>\n<meta name=\"twitter:card\" content=\"summary_large_image\" \/>\n<meta name=\"twitter:label1\" content=\"\u00c9crit par\" \/>\n\t<meta name=\"twitter:data1\" content=\"Julien\" \/>\n\t<meta name=\"twitter:label2\" content=\"Dur\u00e9e de lecture est.\" \/>\n\t<meta name=\"twitter:data2\" content=\"2 minutes\" \/>\n<script type=\"application\/ld+json\" class=\"yoast-schema-graph\">{\"@context\":\"https:\/\/schema.org\",\"@graph\":[{\"@type\":\"Article\",\"@id\":\"https:\/\/vieassociative.be\/actualites\/lettre-a-lediteur-coince\/#article\",\"isPartOf\":{\"@id\":\"https:\/\/vieassociative.be\/actualites\/lettre-a-lediteur-coince\/\"},\"author\":{\"name\":\"Julien\",\"@id\":\"https:\/\/vieassociative.be\/actualites\/#\/schema\/person\/b87ac4f82f9d4e7b7cec7395b679edc4\"},\"headline\":\"LETTRE \u00c0 L&rsquo;\u00c9DITEUR \u2013 Coinc\u00e9\",\"datePublished\":\"2024-12-31T20:17:20+00:00\",\"dateModified\":\"2024-12-31T20:17:20+00:00\",\"mainEntityOfPage\":{\"@id\":\"https:\/\/vieassociative.be\/actualites\/lettre-a-lediteur-coince\/\"},\"wordCount\":424,\"publisher\":{\"@id\":\"https:\/\/vieassociative.be\/actualites\/#organization\"},\"image\":{\"@id\":\"https:\/\/vieassociative.be\/actualites\/lettre-a-lediteur-coince\/#primaryimage\"},\"thumbnailUrl\":\"https:\/\/vieassociative.be\/actualites\/wp-content\/uploads\/2024\/11\/LETTRE-A-LA-REDACTION-\u2013-Audi-Bruxelles-dernier-avertissement-du.jpeg\",\"keywords\":[\"coinc\u00e9\",\"L\u00c9DITEUR\",\"lettre\"],\"articleSection\":[\"Belgique\"],\"inLanguage\":\"fr-BE\"},{\"@type\":\"WebPage\",\"@id\":\"https:\/\/vieassociative.be\/actualites\/lettre-a-lediteur-coince\/\",\"url\":\"https:\/\/vieassociative.be\/actualites\/lettre-a-lediteur-coince\/\",\"name\":\"LETTRE \u00c0 L'\u00c9DITEUR \u2013 Coinc\u00e9 | Vie Associative\",\"isPartOf\":{\"@id\":\"https:\/\/vieassociative.be\/actualites\/#website\"},\"primaryImageOfPage\":{\"@id\":\"https:\/\/vieassociative.be\/actualites\/lettre-a-lediteur-coince\/#primaryimage\"},\"image\":{\"@id\":\"https:\/\/vieassociative.be\/actualites\/lettre-a-lediteur-coince\/#primaryimage\"},\"thumbnailUrl\":\"https:\/\/vieassociative.be\/actualites\/wp-content\/uploads\/2024\/11\/LETTRE-A-LA-REDACTION-\u2013-Audi-Bruxelles-dernier-avertissement-du.jpeg\",\"datePublished\":\"2024-12-31T20:17:20+00:00\",\"dateModified\":\"2024-12-31T20:17:20+00:00\",\"breadcrumb\":{\"@id\":\"https:\/\/vieassociative.be\/actualites\/lettre-a-lediteur-coince\/#breadcrumb\"},\"inLanguage\":\"fr-BE\",\"potentialAction\":[{\"@type\":\"ReadAction\",\"target\":[\"https:\/\/vieassociative.be\/actualites\/lettre-a-lediteur-coince\/\"]}]},{\"@type\":\"ImageObject\",\"inLanguage\":\"fr-BE\",\"@id\":\"https:\/\/vieassociative.be\/actualites\/lettre-a-lediteur-coince\/#primaryimage\",\"url\":\"https:\/\/vieassociative.be\/actualites\/wp-content\/uploads\/2024\/11\/LETTRE-A-LA-REDACTION-\u2013-Audi-Bruxelles-dernier-avertissement-du.jpeg\",\"contentUrl\":\"https:\/\/vieassociative.be\/actualites\/wp-content\/uploads\/2024\/11\/LETTRE-A-LA-REDACTION-\u2013-Audi-Bruxelles-dernier-avertissement-du.jpeg\",\"width\":1024,\"height\":747,\"caption\":\"LETTRE \u00c0 LA R\u00c9DACTION \u2013 Audi Bruxelles, dernier avertissement du gouffre\"},{\"@type\":\"BreadcrumbList\",\"@id\":\"https:\/\/vieassociative.be\/actualites\/lettre-a-lediteur-coince\/#breadcrumb\",\"itemListElement\":[{\"@type\":\"ListItem\",\"position\":1,\"name\":\"Accueil\",\"item\":\"https:\/\/vieassociative.be\/actualites\/\"},{\"@type\":\"ListItem\",\"position\":2,\"name\":\"LETTRE \u00c0 L&rsquo;\u00c9DITEUR \u2013 Coinc\u00e9\"}]},{\"@type\":\"WebSite\",\"@id\":\"https:\/\/vieassociative.be\/actualites\/#website\",\"url\":\"https:\/\/vieassociative.be\/actualites\/\",\"name\":\"Vie Associative\",\"description\":\"\",\"publisher\":{\"@id\":\"https:\/\/vieassociative.be\/actualites\/#organization\"},\"potentialAction\":[{\"@type\":\"SearchAction\",\"target\":{\"@type\":\"EntryPoint\",\"urlTemplate\":\"https:\/\/vieassociative.be\/actualites\/?s={search_term_string}\"},\"query-input\":{\"@type\":\"PropertyValueSpecification\",\"valueRequired\":true,\"valueName\":\"search_term_string\"}}],\"inLanguage\":\"fr-BE\"},{\"@type\":\"Organization\",\"@id\":\"https:\/\/vieassociative.be\/actualites\/#organization\",\"name\":\"Vie Associative\",\"url\":\"https:\/\/vieassociative.be\/actualites\/\",\"logo\":{\"@type\":\"ImageObject\",\"inLanguage\":\"fr-BE\",\"@id\":\"https:\/\/vieassociative.be\/actualites\/#\/schema\/logo\/image\/\",\"url\":\"https:\/\/vieassociative.be\/actualites\/wp-content\/uploads\/2024\/09\/cropped-vieassociative_favicon.ico.png\",\"contentUrl\":\"https:\/\/vieassociative.be\/actualites\/wp-content\/uploads\/2024\/09\/cropped-vieassociative_favicon.ico.png\",\"width\":512,\"height\":512,\"caption\":\"Vie Associative\"},\"image\":{\"@id\":\"https:\/\/vieassociative.be\/actualites\/#\/schema\/logo\/image\/\"}},{\"@type\":\"Person\",\"@id\":\"https:\/\/vieassociative.be\/actualites\/#\/schema\/person\/b87ac4f82f9d4e7b7cec7395b679edc4\",\"name\":\"Julien\",\"image\":{\"@type\":\"ImageObject\",\"inLanguage\":\"fr-BE\",\"@id\":\"https:\/\/vieassociative.be\/actualites\/#\/schema\/person\/image\/\",\"url\":\"https:\/\/vieassociative.be\/actualites\/wp-content\/uploads\/2024\/09\/vie-associative-1-150x150.jpg\",\"contentUrl\":\"https:\/\/vieassociative.be\/actualites\/wp-content\/uploads\/2024\/09\/vie-associative-1-150x150.jpg\",\"caption\":\"Julien\"},\"description\":\"Je suis Julien, r\u00e9dacteur pour Vie Associative. Passionn\u00e9 par le monde associatif depuis plus de 10 ans, j'ai \u00e0 c\u0153ur de partager des histoires inspirantes et de mettre en lumi\u00e8re les initiatives locales. Mon objectif est de sensibiliser et d'encourager l'engagement communautaire \u00e0 travers mes articles.\",\"sameAs\":[\"https:\/\/vieassociative.be\/\"]}]}<\/script>\n<!-- \/ Yoast SEO plugin. -->","yoast_head_json":{"title":"LETTRE \u00c0 L'\u00c9DITEUR \u2013 Coinc\u00e9 | Vie Associative","robots":{"index":"index","follow":"follow","max-snippet":"max-snippet:-1","max-image-preview":"max-image-preview:large","max-video-preview":"max-video-preview:-1"},"canonical":"https:\/\/vieassociative.be\/actualites\/lettre-a-lediteur-coince\/","og_locale":"fr_FR","og_type":"article","og_title":"LETTRE \u00c0 L'\u00c9DITEUR \u2013 Coinc\u00e9 | Vie Associative","og_description":"En Belgique, des n\u00e9gociations infructueuses durent depuis des mois entre diff\u00e9rents partis politiques pour former un gouvernement f\u00e9d\u00e9ral. Mais il ne faut pas en attendre","og_url":"https:\/\/vieassociative.be\/actualites\/lettre-a-lediteur-coince\/","og_site_name":"Vie Associative","article_published_time":"2024-12-31T20:17:20+00:00","og_image":[{"width":279,"height":92,"url":"https:\/\/vieassociative.be\/actualites\/wp-content\/uploads\/2024\/09\/header_backgroundk-01-e1726694325946.png","type":"image\/png"}],"author":"Julien","twitter_card":"summary_large_image","twitter_misc":{"\u00c9crit par":"Julien","Dur\u00e9e de lecture est.":"2 minutes"},"schema":{"@context":"https:\/\/schema.org","@graph":[{"@type":"Article","@id":"https:\/\/vieassociative.be\/actualites\/lettre-a-lediteur-coince\/#article","isPartOf":{"@id":"https:\/\/vieassociative.be\/actualites\/lettre-a-lediteur-coince\/"},"author":{"name":"Julien","@id":"https:\/\/vieassociative.be\/actualites\/#\/schema\/person\/b87ac4f82f9d4e7b7cec7395b679edc4"},"headline":"LETTRE \u00c0 L&rsquo;\u00c9DITEUR \u2013 Coinc\u00e9","datePublished":"2024-12-31T20:17:20+00:00","dateModified":"2024-12-31T20:17:20+00:00","mainEntityOfPage":{"@id":"https:\/\/vieassociative.be\/actualites\/lettre-a-lediteur-coince\/"},"wordCount":424,"publisher":{"@id":"https:\/\/vieassociative.be\/actualites\/#organization"},"image":{"@id":"https:\/\/vieassociative.be\/actualites\/lettre-a-lediteur-coince\/#primaryimage"},"thumbnailUrl":"https:\/\/vieassociative.be\/actualites\/wp-content\/uploads\/2024\/11\/LETTRE-A-LA-REDACTION-\u2013-Audi-Bruxelles-dernier-avertissement-du.jpeg","keywords":["coinc\u00e9","L\u00c9DITEUR","lettre"],"articleSection":["Belgique"],"inLanguage":"fr-BE"},{"@type":"WebPage","@id":"https:\/\/vieassociative.be\/actualites\/lettre-a-lediteur-coince\/","url":"https:\/\/vieassociative.be\/actualites\/lettre-a-lediteur-coince\/","name":"LETTRE \u00c0 L'\u00c9DITEUR \u2013 Coinc\u00e9 | Vie Associative","isPartOf":{"@id":"https:\/\/vieassociative.be\/actualites\/#website"},"primaryImageOfPage":{"@id":"https:\/\/vieassociative.be\/actualites\/lettre-a-lediteur-coince\/#primaryimage"},"image":{"@id":"https:\/\/vieassociative.be\/actualites\/lettre-a-lediteur-coince\/#primaryimage"},"thumbnailUrl":"https:\/\/vieassociative.be\/actualites\/wp-content\/uploads\/2024\/11\/LETTRE-A-LA-REDACTION-\u2013-Audi-Bruxelles-dernier-avertissement-du.jpeg","datePublished":"2024-12-31T20:17:20+00:00","dateModified":"2024-12-31T20:17:20+00:00","breadcrumb":{"@id":"https:\/\/vieassociative.be\/actualites\/lettre-a-lediteur-coince\/#breadcrumb"},"inLanguage":"fr-BE","potentialAction":[{"@type":"ReadAction","target":["https:\/\/vieassociative.be\/actualites\/lettre-a-lediteur-coince\/"]}]},{"@type":"ImageObject","inLanguage":"fr-BE","@id":"https:\/\/vieassociative.be\/actualites\/lettre-a-lediteur-coince\/#primaryimage","url":"https:\/\/vieassociative.be\/actualites\/wp-content\/uploads\/2024\/11\/LETTRE-A-LA-REDACTION-\u2013-Audi-Bruxelles-dernier-avertissement-du.jpeg","contentUrl":"https:\/\/vieassociative.be\/actualites\/wp-content\/uploads\/2024\/11\/LETTRE-A-LA-REDACTION-\u2013-Audi-Bruxelles-dernier-avertissement-du.jpeg","width":1024,"height":747,"caption":"LETTRE \u00c0 LA R\u00c9DACTION \u2013 Audi Bruxelles, dernier avertissement du gouffre"},{"@type":"BreadcrumbList","@id":"https:\/\/vieassociative.be\/actualites\/lettre-a-lediteur-coince\/#breadcrumb","itemListElement":[{"@type":"ListItem","position":1,"name":"Accueil","item":"https:\/\/vieassociative.be\/actualites\/"},{"@type":"ListItem","position":2,"name":"LETTRE \u00c0 L&rsquo;\u00c9DITEUR \u2013 Coinc\u00e9"}]},{"@type":"WebSite","@id":"https:\/\/vieassociative.be\/actualites\/#website","url":"https:\/\/vieassociative.be\/actualites\/","name":"Vie Associative","description":"","publisher":{"@id":"https:\/\/vieassociative.be\/actualites\/#organization"},"potentialAction":[{"@type":"SearchAction","target":{"@type":"EntryPoint","urlTemplate":"https:\/\/vieassociative.be\/actualites\/?s={search_term_string}"},"query-input":{"@type":"PropertyValueSpecification","valueRequired":true,"valueName":"search_term_string"}}],"inLanguage":"fr-BE"},{"@type":"Organization","@id":"https:\/\/vieassociative.be\/actualites\/#organization","name":"Vie Associative","url":"https:\/\/vieassociative.be\/actualites\/","logo":{"@type":"ImageObject","inLanguage":"fr-BE","@id":"https:\/\/vieassociative.be\/actualites\/#\/schema\/logo\/image\/","url":"https:\/\/vieassociative.be\/actualites\/wp-content\/uploads\/2024\/09\/cropped-vieassociative_favicon.ico.png","contentUrl":"https:\/\/vieassociative.be\/actualites\/wp-content\/uploads\/2024\/09\/cropped-vieassociative_favicon.ico.png","width":512,"height":512,"caption":"Vie Associative"},"image":{"@id":"https:\/\/vieassociative.be\/actualites\/#\/schema\/logo\/image\/"}},{"@type":"Person","@id":"https:\/\/vieassociative.be\/actualites\/#\/schema\/person\/b87ac4f82f9d4e7b7cec7395b679edc4","name":"Julien","image":{"@type":"ImageObject","inLanguage":"fr-BE","@id":"https:\/\/vieassociative.be\/actualites\/#\/schema\/person\/image\/","url":"https:\/\/vieassociative.be\/actualites\/wp-content\/uploads\/2024\/09\/vie-associative-1-150x150.jpg","contentUrl":"https:\/\/vieassociative.be\/actualites\/wp-content\/uploads\/2024\/09\/vie-associative-1-150x150.jpg","caption":"Julien"},"description":"Je suis Julien, r\u00e9dacteur pour Vie Associative. Passionn\u00e9 par le monde associatif depuis plus de 10 ans, j'ai \u00e0 c\u0153ur de partager des histoires inspirantes et de mettre en lumi\u00e8re les initiatives locales. Mon objectif est de sensibiliser et d'encourager l'engagement communautaire \u00e0 travers mes articles.","sameAs":["https:\/\/vieassociative.be\/"]}]}},"_links":{"self":[{"href":"https:\/\/vieassociative.be\/actualites\/wp-json\/wp\/v2\/posts\/3922"}],"collection":[{"href":"https:\/\/vieassociative.be\/actualites\/wp-json\/wp\/v2\/posts"}],"about":[{"href":"https:\/\/vieassociative.be\/actualites\/wp-json\/wp\/v2\/types\/post"}],"author":[{"embeddable":true,"href":"https:\/\/vieassociative.be\/actualites\/wp-json\/wp\/v2\/users\/1"}],"replies":[{"embeddable":true,"href":"https:\/\/vieassociative.be\/actualites\/wp-json\/wp\/v2\/comments?post=3922"}],"version-history":[{"count":0,"href":"https:\/\/vieassociative.be\/actualites\/wp-json\/wp\/v2\/posts\/3922\/revisions"}],"wp:featuredmedia":[{"embeddable":true,"href":"https:\/\/vieassociative.be\/actualites\/wp-json\/wp\/v2\/media\/2567"}],"wp:attachment":[{"href":"https:\/\/vieassociative.be\/actualites\/wp-json\/wp\/v2\/media?parent=3922"}],"wp:term":[{"taxonomy":"category","embeddable":true,"href":"https:\/\/vieassociative.be\/actualites\/wp-json\/wp\/v2\/categories?post=3922"},{"taxonomy":"post_tag","embeddable":true,"href":"https:\/\/vieassociative.be\/actualites\/wp-json\/wp\/v2\/tags?post=3922"}],"curies":[{"name":"wp","href":"https:\/\/api.w.org\/{rel}","templated":true}]}}