{"id":3920,"date":"2024-12-31T20:17:39","date_gmt":"2024-12-31T19:17:39","guid":{"rendered":"https:\/\/vieassociative.be\/actualites\/comment-rediger-des-objectifs-smart-qui-vous-aident-reellement-a-atteindre-vos-reves-de-remise-en-forme\/"},"modified":"2024-12-31T20:17:39","modified_gmt":"2024-12-31T19:17:39","slug":"comment-rediger-des-objectifs-smart-qui-vous-aident-reellement-a-atteindre-vos-reves-de-remise-en-forme","status":"publish","type":"post","link":"https:\/\/vieassociative.be\/actualites\/comment-rediger-des-objectifs-smart-qui-vous-aident-reellement-a-atteindre-vos-reves-de-remise-en-forme\/","title":{"rendered":"Comment r\u00e9diger des objectifs SMART qui vous aident r\u00e9ellement \u00e0 atteindre vos r\u00eaves de remise en forme"},"content":{"rendered":"<div class=\"mt-4 leading-6 md:mb-8\">Les objectifs SMART sont utiles comme points de r\u00e9f\u00e9rence, mais ne s&rsquo;arr\u00eatent pas l\u00e0.<\/div>\n<p><\/p>\n<p>Si vous avez de grandes aspirations pour 2025 \u2013 un gros soulev\u00e9 de terre, un marathon, un changement de taille de votre corps \u2013 j\u2019esp\u00e8re bien que vous ne les avez pas traduites en une coche limit\u00e9e et r\u00e9ussie d\u2019un objectif SMART. Mais cela ne veut pas dire que les objectifs SMART sont inutiles. Vous avez vraiment besoin de deux types d&rsquo;objectifs\u00a0: les objectifs de r\u00eave pour vous inspirer et vous motiver, et les objectifs SMART, qui sont un type d&rsquo;objectif de processus, pour vous maintenir sur la voie de ces r\u00eaves.<\/p>\n<h2 id=\"why-smart-goals-are-different-from-dream-goals\">Pourquoi les objectifs SMART sont diff\u00e9rents des objectifs de r\u00eave<\/h2>\n<p>Les objectifs SMART ont longtemps \u00e9t\u00e9 pr\u00e9sent\u00e9s comme une astuce pour se fixer des objectifs, mais la v\u00e9rit\u00e9 est qu&rsquo;ils ont \u00e9t\u00e9 invent\u00e9s pour que les managers fixent des quotas et autres pour leurs entreprises (le \u00ab A \u00bb original signifiait \u00ab assignable \u00bb, comme dans \u00ab \u00e0 un employ\u00e9 \u00bb). ). Leur utilit\u00e9 en mati\u00e8re de remise en forme ou de d\u00e9veloppement personnel est assez limit\u00e9e. <\/p>\n<p>UN <strong>Objectif SMART<\/strong>comme on en parle aujourd&rsquo;hui dans le monde du fitness, est sp\u00e9cifique, mesurable, r\u00e9alisable, pertinent et limit\u00e9 dans le temps. Dans l\u2019ensemble, cela signifie que vous fixez une date limite \u00e0 laquelle vous comptez atteindre une mesure sp\u00e9cifique d\u2019un r\u00e9sultat. En d\u2019autres termes, vous en avez fait un test de r\u00e9ussite ou d\u2019\u00e9chec. Et parce que tu ne voudrais pas <em>\u00e9chouer<\/em> ce test r\u00e9ussite-\u00e9chec, cr\u00e9er un objectif SMART appropri\u00e9 signifie que vous devez placer la barre bas. L\u2019objectif doit \u00eatre r\u00e9alisable, tu te souviens ? Vu sous cet angle, les objectifs SMART ne sont pas <em>objectifs<\/em> dans le sens o\u00f9 je pense \u00e0 ce mot, dans le sens de grands r\u00eaves qui nous incitent \u00e0 continuer.<\/p>\n<p>C&rsquo;est pourquoi vous avez besoin d&rsquo;un autre type d&rsquo;objectif, que j&rsquo;appellerai un <strong>objectif de r\u00eave<\/strong>. Un objectif de r\u00eave est ce que vous <em>vraiment<\/em> vouloir. C&rsquo;est la chose qui vous inspire, qu&rsquo;elle soit r\u00e9alisable ou non. Vous r\u00eavez peut-\u00eatre de soulever 500 livres, de parcourir le sentier des Appalaches, de vous qualifier pour le marathon de Boston ou, bon sang, <em>gagnant<\/em> le marathon de Boston. Nous n\u2019allons pas int\u00e9grer cela dans le cadre des objectifs SMART. Mais nous <em>peut<\/em> fixez-vous des objectifs SMART comme r\u00e9f\u00e9rences ou objectifs de processus pour guider notre formation alors que nous travaillons vers ce grand r\u00eave. <\/p>\n<h2 id=\"how-to-dream-big-while-still-setting-process-goals\">Comment r\u00eaver grand tout en fixant des objectifs de processus<\/h2>\n<p>J&rsquo;ai d\u00e9j\u00e0 \u00e9crit que les objectifs SMART sont surfaits, mais pour \u00eatre honn\u00eate, ils constituent un bon cadre pour <em>processus<\/em> <em>objectifs<\/em>. Les objectifs du processus sont des choses qui sont enti\u00e8rement sous notre contr\u00f4le. Ils sont r\u00e9alisables, par d\u00e9finition. Par exemple, aller courir trois fois par semaine est un objectif du processus. Manger un l\u00e9gume \u00e0 chaque repas est un objectif du processus. Suivre un programme qui vous demande de faire cinq s\u00e9ries de huit r\u00e9p\u00e9titions de soulev\u00e9s de terre chaque mardi est un objectif de processus. <\/p>\n<p>Et le but d\u2019un objectif de processus est de vous mettre sur la voie de votre grand objectif de r\u00eave. J&rsquo;aime y penser de cette fa\u00e7on : votre objectif de r\u00eave est une grande montagne au loin. Vous savez qu&rsquo;il est l\u00e0, mais vous ne savez pas exactement \u00e0 quelle distance il se trouve ni \u00e0 quel point le voyage sera difficile. Vos objectifs de processus sont des choses qui vous maintiendront sur le chemin vers cette montagne. Faire vos valises. Mettre un pied devant l&rsquo;autre. Ou comme le dit l&rsquo;instructeur du Peloton Tunde Oyeneyin (juste avant de me dire que je ferais mieux de battre mon score de son dernier circuit de burpee) : \u00ab Un but est un souhait. Une norme nous tient responsable. Nous avons besoin des deux.<\/p>\n<p>Je ne peux pas souligner \u00e0 quel point il est important que nous nous permettions de r\u00eaver en grand. \u00ab\u00a0R\u00e9duire d&rsquo;une minute mon temps de course de 5\u00a0km cette ann\u00e9e\u00a0\u00bb est r\u00e9alisable, mais pourquoi se limiter \u00e0 cela\u00a0? \u00ab\u00a0Courir un 5\u00a0km en moins de 20\u00a0minutes\u00a0\u00bb est un r\u00eave immense (surtout si vous en \u00eates \u00e0 environ 30\u00a0minutes en ce moment), mais cela vaut vraiment la peine d&rsquo;y travailler. Le chemin pour gravir cette montagne est peut-\u00eatre long, mais il ne se fera pas tout seul. <\/p>\n<h2 id=\"how-to-write-smart-goals-to-support-your-dream-goals\">Comment r\u00e9diger des objectifs SMART pour soutenir vos objectifs de r\u00eave<\/h2>\n<p>Alors, commen\u00e7ons \u00e0 tracer cette voie. Comme pour tout voyage sur une montagne lointaine, vous ne saurez pas vraiment \u00e0 quoi ressemble la route avant d&rsquo;y arriver. Alors concentrez-vous sur ce qui se trouve juste devant vous et sur ce que vous pouvez contr\u00f4ler. <\/p>\n<p>Voici un exemple de la fa\u00e7on dont vous pouvez d\u00e9finir des objectifs de processus SMART pour vous guider vers un grand r\u00eave qui <em>peut ou non<\/em> \u00eatre r\u00e9alisable. Disons que vous \u00eates un coureur et que vous voulez \u00eatre un coureur plus rapide. Vous pourriez tracer un voyage comme celui-ci\u00a0:<\/p>\n<p><strong>Objectif de r\u00eave\u00a0:<\/strong> Courez un 5 km en 20 minutes ou moins (un jour)<\/p>\n<p><strong>Objectifs de processus pour l\u2019hiver\/printemps 2025\u00a0: <\/strong><\/p>\n<ol>\n<li>\n<p>D\u00e9veloppez ma base a\u00e9robie en courant quelques kilom\u00e8tres de plus chaque semaine, jusqu&rsquo;\u00e0 ce que je coure 20 milles par semaine.<\/p>\n<\/li>\n<li>\n<p>Organisez un contre-la-montre sur la piste le 25 janvier, \u00e0 la fois comme r\u00e9f\u00e9rence et pour pouvoir calculer mes cadences d&rsquo;entra\u00eenement.<\/p>\n<\/li>\n<li>\n<p>Suivez le programme d&rsquo;entra\u00eenement interm\u00e9diaire 5 km Hal Higdon tel qu&rsquo;\u00e9crit, y compris l&rsquo;entra\u00eenement en force recommand\u00e9 le mardi et le jeudi.<\/p>\n<\/li>\n<li>\n<p>Organisez le Big Local 5K dans ma ville en mars.<\/p>\n<\/li>\n<li>\n<p>Dans la semaine qui suit ce 5 km\u00a0: me f\u00e9liciter d&rsquo;avoir termin\u00e9, \u00e9valuer mes forces et mes faiblesses et d\u00e9cider d&rsquo;un nouvel ensemble d&rsquo;objectifs de processus pour l&rsquo;entra\u00eenement d&rsquo;\u00e9t\u00e9.<\/p>\n<\/li>\n<\/ol>\n<p>Voyez-vous comment chacun de ces cinq objectifs est un objectif SMART\u00a0? <\/p>\n<ul>\n<li>\n<p>Ils sont tous <strong>Sp\u00e9cifique<\/strong> suffisamment pour que vous sachiez exactement quoi faire pour atteindre ces objectifs. (J&rsquo;ai donn\u00e9 un num\u00e9ro de kilom\u00e9trage et choisi un programme de formation sp\u00e9cifique, mais vous choisirez \u00e9videmment le v\u00f4tre.) <\/p>\n<\/li>\n<li>\n<p>Ils sont <strong>Mesurable<\/strong>: Vous avez parcouru les kilom\u00e8tres, ou vous cochez le nombre d&rsquo;entra\u00eenements programm\u00e9s. Le jour du contre-la-montre et de la course, soit vous vous pr\u00e9sentez, soit vous ne vous pr\u00e9sentez pas. Et vous b\u00e9n\u00e9ficiez d&rsquo;un temps d&rsquo;arriv\u00e9e pour chacun, pour mesurer plus pr\u00e9cis\u00e9ment votre progression.<\/p>\n<\/li>\n<li>\n<p>Ils sont <strong>R\u00e9alisable<\/strong>: Vous avez le plein contr\u00f4le si vous sortez ou non courir, si vous vous pr\u00e9sentez \u00e0 une course, etc. (\u00c9videmment, si vous <em>ne le faites pas<\/em> Si vous avez un contr\u00f4le total sur cela en raison des circonstances de la vie, vous r\u00e9digeriez un ensemble d&rsquo;objectifs diff\u00e9rent qui tiendrait compte de ces circonstances.)<\/p>\n<\/li>\n<li>\n<p>Ils sont <strong>Pertinent<\/strong>: Ils vous mettent tous sur la voie pour devenir un coureur plus rapide sur la distance de 5 km.<\/p>\n<\/li>\n<li>\n<p>Ils sont <strong>Limit\u00e9 dans le temps<\/strong>: \u00c0 partir de ce cadre, vous pouvez vous asseoir et planifier chaque course de votre calendrier pour les trois ou quatre prochains mois. (Vous travailleriez \u00e0 rebours \u00e0 partir de la date de la course pour trouver le d\u00e9but du programme d&rsquo;entra\u00eenement, et ainsi de suite.) <\/p>\n<\/li>\n<\/ul>\n<p>Ces objectifs d\u00e9finissent votre processus, et vous devez ensuite le r\u00e9\u00e9valuer. Apr\u00e8s le Big Local 5K, vous souhaitez faire un entra\u00eenement 5K plus sp\u00e9cifique pour aller plus vite ? Voulez-vous vous entra\u00eener pour un marathon pour les opportunit\u00e9s de construction de bases et parce que vous aimez plut\u00f4t l\u2019id\u00e9e d\u2019une qu\u00eate secondaire ? Ou pourriez-vous constater que vos autres objectifs dans la vie entrent en conflit avec celui-ci\u00a0? Peut-\u00eatre pr\u00e9f\u00e9reriez-vous r\u00e9duire le kilom\u00e9trage cet \u00e9t\u00e9 afin de pouvoir faire plus de paddleboard et reprendre l&rsquo;entra\u00eenement de course \u00e0 pied \u00e0 l&rsquo;automne\u00a0? <\/p>\n<p>De cette fa\u00e7on, vous pouvez toujours r\u00eaver en grand, mais vous savez que vous \u00eates toujours sur la voie de ces grands objectifs, du moins aussi longtemps que vous le souhaitez. Visez la lune, et si vous n\u2019y parvenez pas, au moins vous avez construit une sacr\u00e9ment bonne fus\u00e9e en cours de route. <\/p>\n","protected":false},"excerpt":{"rendered":"<p>Les objectifs SMART sont utiles comme points de r\u00e9f\u00e9rence, mais ne s&rsquo;arr\u00eatent pas l\u00e0. Si vous avez de grandes aspirations pour 2025 \u2013 un gros<\/p>\n","protected":false},"author":1,"featured_media":3921,"comment_status":"","ping_status":"","sticky":false,"template":"","format":"standard","meta":{"footnotes":""},"categories":[38],"tags":[4397,625,44,29,632,4396,99,1178,85,4399,4398,4246,27,4],"class_list":["post-3920","post","type-post","status-publish","format-standard","has-post-thumbnail","hentry","category-sante","tag-aident","tag-atteindre","tag-comment","tag-des","tag-forme","tag-objectifs","tag-qui","tag-rediger","tag-reellement","tag-remise","tag-reves","tag-smart","tag-vos","tag-vous","generate-columns","tablet-grid-50","mobile-grid-100","grid-parent","grid-33"],"yoast_head":"<!-- This site is optimized with the Yoast SEO plugin v24.0 - https:\/\/yoast.com\/wordpress\/plugins\/seo\/ -->\n<title>Comment r\u00e9diger des objectifs SMART qui vous aident r\u00e9ellement \u00e0 atteindre vos r\u00eaves de remise en forme | Vie Associative<\/title>\n<meta name=\"robots\" content=\"index, follow, max-snippet:-1, max-image-preview:large, max-video-preview:-1\" \/>\n<link rel=\"canonical\" href=\"https:\/\/vieassociative.be\/actualites\/comment-rediger-des-objectifs-smart-qui-vous-aident-reellement-a-atteindre-vos-reves-de-remise-en-forme\/\" \/>\n<meta property=\"og:locale\" content=\"fr_FR\" \/>\n<meta property=\"og:type\" content=\"article\" \/>\n<meta property=\"og:title\" content=\"Comment r\u00e9diger des objectifs SMART qui vous aident r\u00e9ellement \u00e0 atteindre vos r\u00eaves de remise en forme | Vie Associative\" \/>\n<meta property=\"og:description\" content=\"Les objectifs SMART sont utiles comme points de r\u00e9f\u00e9rence, mais ne s&rsquo;arr\u00eatent pas l\u00e0. Si vous avez de grandes aspirations pour 2025 \u2013 un gros\" \/>\n<meta property=\"og:url\" content=\"https:\/\/vieassociative.be\/actualites\/comment-rediger-des-objectifs-smart-qui-vous-aident-reellement-a-atteindre-vos-reves-de-remise-en-forme\/\" \/>\n<meta property=\"og:site_name\" content=\"Vie Associative\" \/>\n<meta property=\"article:published_time\" content=\"2024-12-31T19:17:39+00:00\" \/>\n<meta property=\"og:image\" content=\"https:\/\/vieassociative.be\/actualites\/wp-content\/uploads\/2024\/09\/header_backgroundk-01-e1726694325946.png\" \/>\n\t<meta property=\"og:image:width\" content=\"279\" \/>\n\t<meta property=\"og:image:height\" content=\"92\" \/>\n\t<meta property=\"og:image:type\" content=\"image\/png\" \/>\n<meta name=\"author\" content=\"Julien\" \/>\n<meta name=\"twitter:card\" content=\"summary_large_image\" \/>\n<meta name=\"twitter:label1\" content=\"\u00c9crit par\" \/>\n\t<meta name=\"twitter:data1\" content=\"Julien\" \/>\n\t<meta name=\"twitter:label2\" content=\"Dur\u00e9e de lecture est.\" \/>\n\t<meta name=\"twitter:data2\" content=\"7 minutes\" \/>\n<script type=\"application\/ld+json\" class=\"yoast-schema-graph\">{\"@context\":\"https:\/\/schema.org\",\"@graph\":[{\"@type\":\"Article\",\"@id\":\"https:\/\/vieassociative.be\/actualites\/comment-rediger-des-objectifs-smart-qui-vous-aident-reellement-a-atteindre-vos-reves-de-remise-en-forme\/#article\",\"isPartOf\":{\"@id\":\"https:\/\/vieassociative.be\/actualites\/comment-rediger-des-objectifs-smart-qui-vous-aident-reellement-a-atteindre-vos-reves-de-remise-en-forme\/\"},\"author\":{\"name\":\"Julien\",\"@id\":\"https:\/\/vieassociative.be\/actualites\/#\/schema\/person\/b87ac4f82f9d4e7b7cec7395b679edc4\"},\"headline\":\"Comment r\u00e9diger des objectifs SMART qui vous aident r\u00e9ellement \u00e0 atteindre vos r\u00eaves de remise en forme\",\"datePublished\":\"2024-12-31T19:17:39+00:00\",\"dateModified\":\"2024-12-31T19:17:39+00:00\",\"mainEntityOfPage\":{\"@id\":\"https:\/\/vieassociative.be\/actualites\/comment-rediger-des-objectifs-smart-qui-vous-aident-reellement-a-atteindre-vos-reves-de-remise-en-forme\/\"},\"wordCount\":1456,\"publisher\":{\"@id\":\"https:\/\/vieassociative.be\/actualites\/#organization\"},\"image\":{\"@id\":\"https:\/\/vieassociative.be\/actualites\/comment-rediger-des-objectifs-smart-qui-vous-aident-reellement-a-atteindre-vos-reves-de-remise-en-forme\/#primaryimage\"},\"thumbnailUrl\":\"https:\/\/vieassociative.be\/actualites\/wp-content\/uploads\/2024\/12\/Comment-rediger-des-objectifs-SMART-qui-vous-aident-reellement-a.jpg\",\"keywords\":[\"aident\",\"atteindre\",\"Comment\",\"Des\",\"Forme\",\"objectifs\",\"qui\",\"r\u00e9diger\",\"r\u00e9ellement\",\"remise\",\"r\u00eaves\",\"Smart\",\"vos\",\"Vous\"],\"articleSection\":[\"Sant\u00e9\"],\"inLanguage\":\"fr-BE\"},{\"@type\":\"WebPage\",\"@id\":\"https:\/\/vieassociative.be\/actualites\/comment-rediger-des-objectifs-smart-qui-vous-aident-reellement-a-atteindre-vos-reves-de-remise-en-forme\/\",\"url\":\"https:\/\/vieassociative.be\/actualites\/comment-rediger-des-objectifs-smart-qui-vous-aident-reellement-a-atteindre-vos-reves-de-remise-en-forme\/\",\"name\":\"Comment r\u00e9diger des objectifs SMART qui vous aident r\u00e9ellement \u00e0 atteindre vos r\u00eaves de remise en forme | Vie Associative\",\"isPartOf\":{\"@id\":\"https:\/\/vieassociative.be\/actualites\/#website\"},\"primaryImageOfPage\":{\"@id\":\"https:\/\/vieassociative.be\/actualites\/comment-rediger-des-objectifs-smart-qui-vous-aident-reellement-a-atteindre-vos-reves-de-remise-en-forme\/#primaryimage\"},\"image\":{\"@id\":\"https:\/\/vieassociative.be\/actualites\/comment-rediger-des-objectifs-smart-qui-vous-aident-reellement-a-atteindre-vos-reves-de-remise-en-forme\/#primaryimage\"},\"thumbnailUrl\":\"https:\/\/vieassociative.be\/actualites\/wp-content\/uploads\/2024\/12\/Comment-rediger-des-objectifs-SMART-qui-vous-aident-reellement-a.jpg\",\"datePublished\":\"2024-12-31T19:17:39+00:00\",\"dateModified\":\"2024-12-31T19:17:39+00:00\",\"breadcrumb\":{\"@id\":\"https:\/\/vieassociative.be\/actualites\/comment-rediger-des-objectifs-smart-qui-vous-aident-reellement-a-atteindre-vos-reves-de-remise-en-forme\/#breadcrumb\"},\"inLanguage\":\"fr-BE\",\"potentialAction\":[{\"@type\":\"ReadAction\",\"target\":[\"https:\/\/vieassociative.be\/actualites\/comment-rediger-des-objectifs-smart-qui-vous-aident-reellement-a-atteindre-vos-reves-de-remise-en-forme\/\"]}]},{\"@type\":\"ImageObject\",\"inLanguage\":\"fr-BE\",\"@id\":\"https:\/\/vieassociative.be\/actualites\/comment-rediger-des-objectifs-smart-qui-vous-aident-reellement-a-atteindre-vos-reves-de-remise-en-forme\/#primaryimage\",\"url\":\"https:\/\/vieassociative.be\/actualites\/wp-content\/uploads\/2024\/12\/Comment-rediger-des-objectifs-SMART-qui-vous-aident-reellement-a.jpg\",\"contentUrl\":\"https:\/\/vieassociative.be\/actualites\/wp-content\/uploads\/2024\/12\/Comment-rediger-des-objectifs-SMART-qui-vous-aident-reellement-a.jpg\",\"width\":1200,\"height\":675,\"caption\":\"Comment r\u00e9diger des objectifs SMART qui vous aident r\u00e9ellement \u00e0 atteindre vos r\u00eaves de remise en forme\"},{\"@type\":\"BreadcrumbList\",\"@id\":\"https:\/\/vieassociative.be\/actualites\/comment-rediger-des-objectifs-smart-qui-vous-aident-reellement-a-atteindre-vos-reves-de-remise-en-forme\/#breadcrumb\",\"itemListElement\":[{\"@type\":\"ListItem\",\"position\":1,\"name\":\"Accueil\",\"item\":\"https:\/\/vieassociative.be\/actualites\/\"},{\"@type\":\"ListItem\",\"position\":2,\"name\":\"Comment r\u00e9diger des objectifs SMART qui vous aident r\u00e9ellement \u00e0 atteindre vos r\u00eaves de remise en forme\"}]},{\"@type\":\"WebSite\",\"@id\":\"https:\/\/vieassociative.be\/actualites\/#website\",\"url\":\"https:\/\/vieassociative.be\/actualites\/\",\"name\":\"Vie Associative\",\"description\":\"\",\"publisher\":{\"@id\":\"https:\/\/vieassociative.be\/actualites\/#organization\"},\"potentialAction\":[{\"@type\":\"SearchAction\",\"target\":{\"@type\":\"EntryPoint\",\"urlTemplate\":\"https:\/\/vieassociative.be\/actualites\/?s={search_term_string}\"},\"query-input\":{\"@type\":\"PropertyValueSpecification\",\"valueRequired\":true,\"valueName\":\"search_term_string\"}}],\"inLanguage\":\"fr-BE\"},{\"@type\":\"Organization\",\"@id\":\"https:\/\/vieassociative.be\/actualites\/#organization\",\"name\":\"Vie Associative\",\"url\":\"https:\/\/vieassociative.be\/actualites\/\",\"logo\":{\"@type\":\"ImageObject\",\"inLanguage\":\"fr-BE\",\"@id\":\"https:\/\/vieassociative.be\/actualites\/#\/schema\/logo\/image\/\",\"url\":\"https:\/\/vieassociative.be\/actualites\/wp-content\/uploads\/2024\/09\/cropped-vieassociative_favicon.ico.png\",\"contentUrl\":\"https:\/\/vieassociative.be\/actualites\/wp-content\/uploads\/2024\/09\/cropped-vieassociative_favicon.ico.png\",\"width\":512,\"height\":512,\"caption\":\"Vie Associative\"},\"image\":{\"@id\":\"https:\/\/vieassociative.be\/actualites\/#\/schema\/logo\/image\/\"}},{\"@type\":\"Person\",\"@id\":\"https:\/\/vieassociative.be\/actualites\/#\/schema\/person\/b87ac4f82f9d4e7b7cec7395b679edc4\",\"name\":\"Julien\",\"image\":{\"@type\":\"ImageObject\",\"inLanguage\":\"fr-BE\",\"@id\":\"https:\/\/vieassociative.be\/actualites\/#\/schema\/person\/image\/\",\"url\":\"https:\/\/vieassociative.be\/actualites\/wp-content\/uploads\/2024\/09\/vie-associative-1-150x150.jpg\",\"contentUrl\":\"https:\/\/vieassociative.be\/actualites\/wp-content\/uploads\/2024\/09\/vie-associative-1-150x150.jpg\",\"caption\":\"Julien\"},\"description\":\"Je suis Julien, r\u00e9dacteur pour Vie Associative. Passionn\u00e9 par le monde associatif depuis plus de 10 ans, j'ai \u00e0 c\u0153ur de partager des histoires inspirantes et de mettre en lumi\u00e8re les initiatives locales. Mon objectif est de sensibiliser et d'encourager l'engagement communautaire \u00e0 travers mes articles.\",\"sameAs\":[\"https:\/\/vieassociative.be\/\"]}]}<\/script>\n<!-- \/ Yoast SEO plugin. -->","yoast_head_json":{"title":"Comment r\u00e9diger des objectifs SMART qui vous aident r\u00e9ellement \u00e0 atteindre vos r\u00eaves de remise en forme | Vie Associative","robots":{"index":"index","follow":"follow","max-snippet":"max-snippet:-1","max-image-preview":"max-image-preview:large","max-video-preview":"max-video-preview:-1"},"canonical":"https:\/\/vieassociative.be\/actualites\/comment-rediger-des-objectifs-smart-qui-vous-aident-reellement-a-atteindre-vos-reves-de-remise-en-forme\/","og_locale":"fr_FR","og_type":"article","og_title":"Comment r\u00e9diger des objectifs SMART qui vous aident r\u00e9ellement \u00e0 atteindre vos r\u00eaves de remise en forme | Vie Associative","og_description":"Les objectifs SMART sont utiles comme points de r\u00e9f\u00e9rence, mais ne s&rsquo;arr\u00eatent pas l\u00e0. Si vous avez de grandes aspirations pour 2025 \u2013 un gros","og_url":"https:\/\/vieassociative.be\/actualites\/comment-rediger-des-objectifs-smart-qui-vous-aident-reellement-a-atteindre-vos-reves-de-remise-en-forme\/","og_site_name":"Vie Associative","article_published_time":"2024-12-31T19:17:39+00:00","og_image":[{"width":279,"height":92,"url":"https:\/\/vieassociative.be\/actualites\/wp-content\/uploads\/2024\/09\/header_backgroundk-01-e1726694325946.png","type":"image\/png"}],"author":"Julien","twitter_card":"summary_large_image","twitter_misc":{"\u00c9crit par":"Julien","Dur\u00e9e de lecture est.":"7 minutes"},"schema":{"@context":"https:\/\/schema.org","@graph":[{"@type":"Article","@id":"https:\/\/vieassociative.be\/actualites\/comment-rediger-des-objectifs-smart-qui-vous-aident-reellement-a-atteindre-vos-reves-de-remise-en-forme\/#article","isPartOf":{"@id":"https:\/\/vieassociative.be\/actualites\/comment-rediger-des-objectifs-smart-qui-vous-aident-reellement-a-atteindre-vos-reves-de-remise-en-forme\/"},"author":{"name":"Julien","@id":"https:\/\/vieassociative.be\/actualites\/#\/schema\/person\/b87ac4f82f9d4e7b7cec7395b679edc4"},"headline":"Comment r\u00e9diger des objectifs SMART qui vous aident r\u00e9ellement \u00e0 atteindre vos r\u00eaves de remise en forme","datePublished":"2024-12-31T19:17:39+00:00","dateModified":"2024-12-31T19:17:39+00:00","mainEntityOfPage":{"@id":"https:\/\/vieassociative.be\/actualites\/comment-rediger-des-objectifs-smart-qui-vous-aident-reellement-a-atteindre-vos-reves-de-remise-en-forme\/"},"wordCount":1456,"publisher":{"@id":"https:\/\/vieassociative.be\/actualites\/#organization"},"image":{"@id":"https:\/\/vieassociative.be\/actualites\/comment-rediger-des-objectifs-smart-qui-vous-aident-reellement-a-atteindre-vos-reves-de-remise-en-forme\/#primaryimage"},"thumbnailUrl":"https:\/\/vieassociative.be\/actualites\/wp-content\/uploads\/2024\/12\/Comment-rediger-des-objectifs-SMART-qui-vous-aident-reellement-a.jpg","keywords":["aident","atteindre","Comment","Des","Forme","objectifs","qui","r\u00e9diger","r\u00e9ellement","remise","r\u00eaves","Smart","vos","Vous"],"articleSection":["Sant\u00e9"],"inLanguage":"fr-BE"},{"@type":"WebPage","@id":"https:\/\/vieassociative.be\/actualites\/comment-rediger-des-objectifs-smart-qui-vous-aident-reellement-a-atteindre-vos-reves-de-remise-en-forme\/","url":"https:\/\/vieassociative.be\/actualites\/comment-rediger-des-objectifs-smart-qui-vous-aident-reellement-a-atteindre-vos-reves-de-remise-en-forme\/","name":"Comment r\u00e9diger des objectifs SMART qui vous aident r\u00e9ellement \u00e0 atteindre vos r\u00eaves de remise en forme | Vie Associative","isPartOf":{"@id":"https:\/\/vieassociative.be\/actualites\/#website"},"primaryImageOfPage":{"@id":"https:\/\/vieassociative.be\/actualites\/comment-rediger-des-objectifs-smart-qui-vous-aident-reellement-a-atteindre-vos-reves-de-remise-en-forme\/#primaryimage"},"image":{"@id":"https:\/\/vieassociative.be\/actualites\/comment-rediger-des-objectifs-smart-qui-vous-aident-reellement-a-atteindre-vos-reves-de-remise-en-forme\/#primaryimage"},"thumbnailUrl":"https:\/\/vieassociative.be\/actualites\/wp-content\/uploads\/2024\/12\/Comment-rediger-des-objectifs-SMART-qui-vous-aident-reellement-a.jpg","datePublished":"2024-12-31T19:17:39+00:00","dateModified":"2024-12-31T19:17:39+00:00","breadcrumb":{"@id":"https:\/\/vieassociative.be\/actualites\/comment-rediger-des-objectifs-smart-qui-vous-aident-reellement-a-atteindre-vos-reves-de-remise-en-forme\/#breadcrumb"},"inLanguage":"fr-BE","potentialAction":[{"@type":"ReadAction","target":["https:\/\/vieassociative.be\/actualites\/comment-rediger-des-objectifs-smart-qui-vous-aident-reellement-a-atteindre-vos-reves-de-remise-en-forme\/"]}]},{"@type":"ImageObject","inLanguage":"fr-BE","@id":"https:\/\/vieassociative.be\/actualites\/comment-rediger-des-objectifs-smart-qui-vous-aident-reellement-a-atteindre-vos-reves-de-remise-en-forme\/#primaryimage","url":"https:\/\/vieassociative.be\/actualites\/wp-content\/uploads\/2024\/12\/Comment-rediger-des-objectifs-SMART-qui-vous-aident-reellement-a.jpg","contentUrl":"https:\/\/vieassociative.be\/actualites\/wp-content\/uploads\/2024\/12\/Comment-rediger-des-objectifs-SMART-qui-vous-aident-reellement-a.jpg","width":1200,"height":675,"caption":"Comment r\u00e9diger des objectifs SMART qui vous aident r\u00e9ellement \u00e0 atteindre vos r\u00eaves de remise en forme"},{"@type":"BreadcrumbList","@id":"https:\/\/vieassociative.be\/actualites\/comment-rediger-des-objectifs-smart-qui-vous-aident-reellement-a-atteindre-vos-reves-de-remise-en-forme\/#breadcrumb","itemListElement":[{"@type":"ListItem","position":1,"name":"Accueil","item":"https:\/\/vieassociative.be\/actualites\/"},{"@type":"ListItem","position":2,"name":"Comment r\u00e9diger des objectifs SMART qui vous aident r\u00e9ellement \u00e0 atteindre vos r\u00eaves de remise en forme"}]},{"@type":"WebSite","@id":"https:\/\/vieassociative.be\/actualites\/#website","url":"https:\/\/vieassociative.be\/actualites\/","name":"Vie Associative","description":"","publisher":{"@id":"https:\/\/vieassociative.be\/actualites\/#organization"},"potentialAction":[{"@type":"SearchAction","target":{"@type":"EntryPoint","urlTemplate":"https:\/\/vieassociative.be\/actualites\/?s={search_term_string}"},"query-input":{"@type":"PropertyValueSpecification","valueRequired":true,"valueName":"search_term_string"}}],"inLanguage":"fr-BE"},{"@type":"Organization","@id":"https:\/\/vieassociative.be\/actualites\/#organization","name":"Vie Associative","url":"https:\/\/vieassociative.be\/actualites\/","logo":{"@type":"ImageObject","inLanguage":"fr-BE","@id":"https:\/\/vieassociative.be\/actualites\/#\/schema\/logo\/image\/","url":"https:\/\/vieassociative.be\/actualites\/wp-content\/uploads\/2024\/09\/cropped-vieassociative_favicon.ico.png","contentUrl":"https:\/\/vieassociative.be\/actualites\/wp-content\/uploads\/2024\/09\/cropped-vieassociative_favicon.ico.png","width":512,"height":512,"caption":"Vie Associative"},"image":{"@id":"https:\/\/vieassociative.be\/actualites\/#\/schema\/logo\/image\/"}},{"@type":"Person","@id":"https:\/\/vieassociative.be\/actualites\/#\/schema\/person\/b87ac4f82f9d4e7b7cec7395b679edc4","name":"Julien","image":{"@type":"ImageObject","inLanguage":"fr-BE","@id":"https:\/\/vieassociative.be\/actualites\/#\/schema\/person\/image\/","url":"https:\/\/vieassociative.be\/actualites\/wp-content\/uploads\/2024\/09\/vie-associative-1-150x150.jpg","contentUrl":"https:\/\/vieassociative.be\/actualites\/wp-content\/uploads\/2024\/09\/vie-associative-1-150x150.jpg","caption":"Julien"},"description":"Je suis Julien, r\u00e9dacteur pour Vie Associative. Passionn\u00e9 par le monde associatif depuis plus de 10 ans, j'ai \u00e0 c\u0153ur de partager des histoires inspirantes et de mettre en lumi\u00e8re les initiatives locales. Mon objectif est de sensibiliser et d'encourager l'engagement communautaire \u00e0 travers mes articles.","sameAs":["https:\/\/vieassociative.be\/"]}]}},"_links":{"self":[{"href":"https:\/\/vieassociative.be\/actualites\/wp-json\/wp\/v2\/posts\/3920"}],"collection":[{"href":"https:\/\/vieassociative.be\/actualites\/wp-json\/wp\/v2\/posts"}],"about":[{"href":"https:\/\/vieassociative.be\/actualites\/wp-json\/wp\/v2\/types\/post"}],"author":[{"embeddable":true,"href":"https:\/\/vieassociative.be\/actualites\/wp-json\/wp\/v2\/users\/1"}],"replies":[{"embeddable":true,"href":"https:\/\/vieassociative.be\/actualites\/wp-json\/wp\/v2\/comments?post=3920"}],"version-history":[{"count":0,"href":"https:\/\/vieassociative.be\/actualites\/wp-json\/wp\/v2\/posts\/3920\/revisions"}],"wp:featuredmedia":[{"embeddable":true,"href":"https:\/\/vieassociative.be\/actualites\/wp-json\/wp\/v2\/media\/3921"}],"wp:attachment":[{"href":"https:\/\/vieassociative.be\/actualites\/wp-json\/wp\/v2\/media?parent=3920"}],"wp:term":[{"taxonomy":"category","embeddable":true,"href":"https:\/\/vieassociative.be\/actualites\/wp-json\/wp\/v2\/categories?post=3920"},{"taxonomy":"post_tag","embeddable":true,"href":"https:\/\/vieassociative.be\/actualites\/wp-json\/wp\/v2\/tags?post=3920"}],"curies":[{"name":"wp","href":"https:\/\/api.w.org\/{rel}","templated":true}]}}