{"id":3916,"date":"2024-12-31T18:18:17","date_gmt":"2024-12-31T17:18:17","guid":{"rendered":"https:\/\/vieassociative.be\/actualites\/comment-vos-emojis-sont-mal-interpretes-si-vous-envoyez-des-sms-a-des-personnes-de-moins-de-25-ans\/"},"modified":"2024-12-31T18:18:17","modified_gmt":"2024-12-31T17:18:17","slug":"comment-vos-emojis-sont-mal-interpretes-si-vous-envoyez-des-sms-a-des-personnes-de-moins-de-25-ans","status":"publish","type":"post","link":"https:\/\/vieassociative.be\/actualites\/comment-vos-emojis-sont-mal-interpretes-si-vous-envoyez-des-sms-a-des-personnes-de-moins-de-25-ans\/","title":{"rendered":"Comment vos \u00e9mojis sont (mal) interpr\u00e9t\u00e9s si vous envoyez des SMS \u00e0 des personnes de moins de 25 ans"},"content":{"rendered":"<div class=\"mt-4 leading-6 md:mb-8\">Les emojis sont le nouveau champ de bataille dans la guerre entre les millennials et la g\u00e9n\u00e9ration Z.<\/div>\n<p><\/p>\n<p>Depuis ce mois-ci, 3 633 emojis \u00ab officiels \u00bb sont disponibles dans le monde. Les minuscules pictogrammes peuvent transmettre des tonnes d&rsquo;\u00e9motions et d&rsquo;id\u00e9es, mais comme toute forme de communication symbolique, leur signification change avec le temps et entre diff\u00e9rents groupes de personnes, surtout si un groupe est constitu\u00e9 de millennials et l&rsquo;autre de la g\u00e9n\u00e9ration Z. Quelque chose d&rsquo;aussi inoffensif que le pli\u00e9. Les emoji des mains \ud83d\ude4f peuvent signifier \u00ab s&rsquo;il vous pla\u00eet \u00bb, \u00ab merci \u00bb, \u00ab high-five \u00bb ou \u00ab priez pour moi, j&rsquo;ai le COVID \u00bb, selon le contexte et le texte.<\/p>\n<p>La r\u00e8gle g\u00e9n\u00e9rale\u00a0: les Millennials ont peut-\u00eatre popularis\u00e9 les SMS, mais la g\u00e9n\u00e9ration Z est n\u00e9e dans cette tendance. Leur fluidit\u00e9 avec le langage leur permet de l&rsquo;utiliser de mani\u00e8re plus subtile, tandis que les millennials g\u00e9riatriques ont tendance \u00e0 utiliser les \u00e9mojis litt\u00e9ralement, comme pr\u00e9vu, pour indiquer le ton d&rsquo;un message. La g\u00e9n\u00e9ration Z est bien plus susceptible de les utiliser de mani\u00e8re sarcastique et\/ou ironique.<\/p>\n<h2 id=\"take-the-smiley-face-for-example\"><strong>Prenez le visage souriant, par exemple<\/strong><\/h2>\n<p>Prenez celui-ci, par exemple\u00a0: \ud83d\ude42 <\/p>\n<p>Le simple smiley jaune remonte aux ann\u00e9es 1960 et, m\u00eame s\u2019il \u00e9tait au d\u00e9part un symbole banal du bonheur d\u2019entreprise, le pictogramme est devenu un champ de mines d\u2019interpr\u00e9tations erron\u00e9es d\u2019une g\u00e9n\u00e9ration \u00e0 l\u2019autre. Pour moi, un smiley dit \u00ab ce message est d\u00e9contract\u00e9 et amical \u00bb, mais pour mon neveu de 20 ans, Finn Gamble, \u00e9tudiant \u00e0 Santa Barbara, en Californie, il dit le contraire.<\/p>\n<p>\u00ab Cela semble sinistre, pour \u00eatre honn\u00eate \u00bb, m&rsquo;a-t-il dit. C&rsquo;est quelque chose que vous pourriez envoyer \u00e0 un ami qui est en retard \u00e0 une r\u00e9union. Il dit quelque chose comme : \u00ab Je te tol\u00e8re et je fais semblant d&rsquo;\u00eatre heureux, mais je le suis. <em>pas<\/em> heureux.\u00a0\u00bb<\/p>\n<p>Alors, que faut-il utiliser pour communiquer \u00ab pas s\u00e9rieux \u00bb aux jeunes ? Vous pouvez opter pour \ud83e\udd20 Cowboy Hat Face, qui \u00ab peut transmettre un sentiment d&rsquo;exub\u00e9rance, de fantaisie, de confiance, d&rsquo;aventure ou d&rsquo;autres sentiments \u00bb, selon emojipedia.com (m\u00eame si le mec me semble un peu difficile), ou essayez \ud83d\ude0a \u2014 Visage souriant avec des yeux souriants \u2014 pour un ton moins passif-agressif. Vous pouvez m\u00eame ajouter \ud83e\udd2a ou \ud83e\udd74 si vous voulez vous d\u00e9cha\u00eener.<\/p>\n<h2 id=\"laughter-the-most-confusing-medicine\"><strong>Le rire, la m\u00e9decine la plus d\u00e9routante<\/strong><\/h2>\n<p>\u00c0 l&rsquo;\u00e9poque pr\u00e9-emoji, vous pouviez r\u00e9pondre \u00e0 une blague sur Internet avec MDR (ou LMFAO si c&rsquo;\u00e9tait le cas). <em>vraiment<\/em> dr\u00f4le) et c&rsquo;est fini. Mais d\u00e9sormais, rire en ligne est un autre s\u00e9parateur potentiel entre les vieux et les jeunes. <\/p>\n<p>Par exemple, bien qu\u2019il s\u2019agisse de l\u2019emoji le plus utilis\u00e9 au monde, selon CNN Business, \ud83d\ude02 n\u2019est plus cool. (Et si vous ne pouvez pas faire confiance \u00e0 CNN Business pour vous dire ce qui est cool, \u00e0 qui pouvez-vous faire confiance\u00a0?)<\/p>\n<p>\u00ab\u00a0J&rsquo;utilise tout sauf les emoji rieurs\u00a0\u00bb, a d\u00e9clar\u00e9 Walid Mohammed, 21 ans, \u00e0 CNN. \u00abJ&rsquo;ai arr\u00eat\u00e9 de l&rsquo;utiliser il y a quelque temps parce que je voyais des personnes \u00e2g\u00e9es l&rsquo;utiliser, comme ma m\u00e8re, mes fr\u00e8res et s\u0153urs plus \u00e2g\u00e9s et simplement les personnes \u00e2g\u00e9es en g\u00e9n\u00e9ral.\u00bb<\/p>\n<p>Alors, qu\u2019est-ce que la g\u00e9n\u00e9ration Z utilise pour indiquer une blague hilarante\u00a0? \ud83d\udc80<\/p>\n<p>Si votre premi\u00e8re pens\u00e9e a \u00e9t\u00e9 \u00ab ce cr\u00e2ne indique clairement la mort ou une d\u00e9coration d&rsquo;Halloween bon march\u00e9 \u00bb, vous \u00eates probablement vieux. Pour les enfants, cela signifie \u00ab Je meurs de rire \u00bb ou simplement \u00ab Je suis mort \u00bb. (En riant.) \u00bb <\/p>\n<p>Alternativement, vous pouvez opter pour \ud83d\ude2d, Loudly Crying Face. Pour moi, cela ressemble \u00e0 quelque chose que vous enverriez pour indiquer \u00ab Tout ce que j&rsquo;aime a \u00e9t\u00e9 br\u00fbl\u00e9 dans un incendie \u00bb, mais les enfants l&rsquo;utilisent pour signifier quelque chose comme \u00ab LMFAO \u00bb.<\/p>\n<h2 id=\"the-best-move-in-the-emoji-war-is-not-to-play\"><strong>La meilleure solution dans la guerre des emojis est de ne pas jouer<\/strong><\/h2>\n<p>Avec une liste de nouveaux emojis en route (y compris mon visage fondant le plus attendu, qui signifie soit \u00ab Je viens de clouer le solo de \u00ab Eruption \u00bb de Van Halen ou \u00ab C&rsquo;est mardi et le r\u00e9chauffement climatique est r\u00e9el \u00bb, selon votre \u00e2ge ), l&rsquo;\u00e9cart dans la signification g\u00e9n\u00e9rationnelle des emojis est susceptible de se creuser encore davantage jusqu&rsquo;\u00e0 ce que la communication entre le mill\u00e9naire et la g\u00e9n\u00e9ration Z soit pratiquement impossible. Le mieux est donc de ne pas vous en soucier.<\/p>\n<p>Si vous avez plus de 25 ans, disons, et que vous essayez de parler la m\u00eame langue que les adolescents, cela ne fonctionnera pas. Vous allez tout g\u00e2cher et passer pour un cheugy, peu importe ce que vous faites (vous voyez \u00e0 quoi \u00e7a sonnait ?). Alors prenez position et envoyez des SMS comme bon vous semble. Terminez tous vos messages par des points. Envoyez uniquement l&#8217;emoji abeille \ud83d\udc1d et refusez de l&rsquo;expliquer. Empruntez l\u2019argot des ann\u00e9es 1920 et appelez votre iPhone \u00ab le souffleur \u00bb. Laissez les stagiaires \u00e0 qui vous envoyez des SMS essayer de comprendre ce que vous voulez dire (et envoyez-vous des messages \ud83d\ude44 dans votre dos). En fin de compte, vous conduisez une voiture bien plus belle qu\u2019eux, alors qui se soucie vraiment des petites photos Internet qu\u2019ils envoient ?<\/p>\n<p>Ou mieux encore, utilisez le moins d\u2019\u00e9mojis possible\u00a0; c&rsquo;est ce que font les enfants cool de toute fa\u00e7on.  <\/p>\n<p>\u00ab\u00a0Les emojis grand public sont devenus tellement surutilis\u00e9s qu&rsquo;ils en font grincer des dents\u00a0\u00bb, selon la g\u00e9n\u00e9ration Z-er Finn. \u00ab\u00a0Certains de mes amis se f\u00e2cheraient contre moi si je les envoyais \ud83d\ude02\ud83d\ude02\ud83d\ude02.\u00a0\u00bb<\/p>\n<p>Il existe cependant un emoji qui \u00e9chappe \u00e0 tout cela, l&rsquo;ic\u00f4ne sur laquelle toutes les g\u00e9n\u00e9rations s&rsquo;accordent : \ud83c\udf46 signifie \u00ab J&rsquo;aime les l\u00e9gumes \u00bb.<\/p>\n<p><\/p>\n","protected":false},"excerpt":{"rendered":"<p>Les emojis sont le nouveau champ de bataille dans la guerre entre les millennials et la g\u00e9n\u00e9ration Z. Depuis ce mois-ci, 3 633 emojis \u00ab<\/p>\n","protected":false},"author":1,"featured_media":3917,"comment_status":"","ping_status":"","sticky":false,"template":"","format":"standard","meta":{"footnotes":""},"categories":[37],"tags":[584,44,29,4393,4395,4394,1299,469,714,1212,18,27,4],"class_list":["post-3916","post","type-post","status-publish","format-standard","has-post-thumbnail","hentry","category-famille","tag-ans","tag-comment","tag-des","tag-emojis","tag-envoyez","tag-interpretes","tag-mal","tag-moins","tag-personnes","tag-sms","tag-sont","tag-vos","tag-vous","generate-columns","tablet-grid-50","mobile-grid-100","grid-parent","grid-33"],"yoast_head":"<!-- This site is optimized with the Yoast SEO plugin v24.0 - https:\/\/yoast.com\/wordpress\/plugins\/seo\/ -->\n<title>Comment vos \u00e9mojis sont (mal) interpr\u00e9t\u00e9s si vous envoyez des SMS \u00e0 des personnes de moins de 25 ans | Vie Associative<\/title>\n<meta name=\"robots\" content=\"index, follow, max-snippet:-1, max-image-preview:large, max-video-preview:-1\" \/>\n<link rel=\"canonical\" href=\"https:\/\/vieassociative.be\/actualites\/comment-vos-emojis-sont-mal-interpretes-si-vous-envoyez-des-sms-a-des-personnes-de-moins-de-25-ans\/\" \/>\n<meta property=\"og:locale\" content=\"fr_FR\" \/>\n<meta property=\"og:type\" content=\"article\" \/>\n<meta property=\"og:title\" content=\"Comment vos \u00e9mojis sont (mal) interpr\u00e9t\u00e9s si vous envoyez des SMS \u00e0 des personnes de moins de 25 ans | Vie Associative\" \/>\n<meta property=\"og:description\" content=\"Les emojis sont le nouveau champ de bataille dans la guerre entre les millennials et la g\u00e9n\u00e9ration Z. Depuis ce mois-ci, 3 633 emojis \u00ab\" \/>\n<meta property=\"og:url\" content=\"https:\/\/vieassociative.be\/actualites\/comment-vos-emojis-sont-mal-interpretes-si-vous-envoyez-des-sms-a-des-personnes-de-moins-de-25-ans\/\" \/>\n<meta property=\"og:site_name\" content=\"Vie Associative\" \/>\n<meta property=\"article:published_time\" content=\"2024-12-31T17:18:17+00:00\" \/>\n<meta property=\"og:image\" content=\"https:\/\/vieassociative.be\/actualites\/wp-content\/uploads\/2024\/09\/header_backgroundk-01-e1726694325946.png\" \/>\n\t<meta property=\"og:image:width\" content=\"279\" \/>\n\t<meta property=\"og:image:height\" content=\"92\" \/>\n\t<meta property=\"og:image:type\" content=\"image\/png\" \/>\n<meta name=\"author\" content=\"Julien\" \/>\n<meta name=\"twitter:card\" content=\"summary_large_image\" \/>\n<meta name=\"twitter:label1\" content=\"\u00c9crit par\" \/>\n\t<meta name=\"twitter:data1\" content=\"Julien\" \/>\n\t<meta name=\"twitter:label2\" content=\"Dur\u00e9e de lecture est.\" \/>\n\t<meta name=\"twitter:data2\" content=\"5 minutes\" \/>\n<script type=\"application\/ld+json\" class=\"yoast-schema-graph\">{\"@context\":\"https:\/\/schema.org\",\"@graph\":[{\"@type\":\"Article\",\"@id\":\"https:\/\/vieassociative.be\/actualites\/comment-vos-emojis-sont-mal-interpretes-si-vous-envoyez-des-sms-a-des-personnes-de-moins-de-25-ans\/#article\",\"isPartOf\":{\"@id\":\"https:\/\/vieassociative.be\/actualites\/comment-vos-emojis-sont-mal-interpretes-si-vous-envoyez-des-sms-a-des-personnes-de-moins-de-25-ans\/\"},\"author\":{\"name\":\"Julien\",\"@id\":\"https:\/\/vieassociative.be\/actualites\/#\/schema\/person\/b87ac4f82f9d4e7b7cec7395b679edc4\"},\"headline\":\"Comment vos \u00e9mojis sont (mal) interpr\u00e9t\u00e9s si vous envoyez des SMS \u00e0 des personnes de moins de 25 ans\",\"datePublished\":\"2024-12-31T17:18:17+00:00\",\"dateModified\":\"2024-12-31T17:18:17+00:00\",\"mainEntityOfPage\":{\"@id\":\"https:\/\/vieassociative.be\/actualites\/comment-vos-emojis-sont-mal-interpretes-si-vous-envoyez-des-sms-a-des-personnes-de-moins-de-25-ans\/\"},\"wordCount\":1001,\"publisher\":{\"@id\":\"https:\/\/vieassociative.be\/actualites\/#organization\"},\"image\":{\"@id\":\"https:\/\/vieassociative.be\/actualites\/comment-vos-emojis-sont-mal-interpretes-si-vous-envoyez-des-sms-a-des-personnes-de-moins-de-25-ans\/#primaryimage\"},\"thumbnailUrl\":\"https:\/\/vieassociative.be\/actualites\/wp-content\/uploads\/2024\/12\/Comment-vos-emojis-sont-mal-interpretes-si-vous-envoyez-des.jpg\",\"keywords\":[\"ans\",\"Comment\",\"Des\",\"\u00e9mojis\",\"envoyez\",\"interpr\u00e9t\u00e9s\",\"mal\",\"moins\",\"personnes\",\"SMS\",\"sont\",\"vos\",\"Vous\"],\"articleSection\":[\"Famille\"],\"inLanguage\":\"fr-BE\"},{\"@type\":\"WebPage\",\"@id\":\"https:\/\/vieassociative.be\/actualites\/comment-vos-emojis-sont-mal-interpretes-si-vous-envoyez-des-sms-a-des-personnes-de-moins-de-25-ans\/\",\"url\":\"https:\/\/vieassociative.be\/actualites\/comment-vos-emojis-sont-mal-interpretes-si-vous-envoyez-des-sms-a-des-personnes-de-moins-de-25-ans\/\",\"name\":\"Comment vos \u00e9mojis sont (mal) interpr\u00e9t\u00e9s si vous envoyez des SMS \u00e0 des personnes de moins de 25 ans | Vie Associative\",\"isPartOf\":{\"@id\":\"https:\/\/vieassociative.be\/actualites\/#website\"},\"primaryImageOfPage\":{\"@id\":\"https:\/\/vieassociative.be\/actualites\/comment-vos-emojis-sont-mal-interpretes-si-vous-envoyez-des-sms-a-des-personnes-de-moins-de-25-ans\/#primaryimage\"},\"image\":{\"@id\":\"https:\/\/vieassociative.be\/actualites\/comment-vos-emojis-sont-mal-interpretes-si-vous-envoyez-des-sms-a-des-personnes-de-moins-de-25-ans\/#primaryimage\"},\"thumbnailUrl\":\"https:\/\/vieassociative.be\/actualites\/wp-content\/uploads\/2024\/12\/Comment-vos-emojis-sont-mal-interpretes-si-vous-envoyez-des.jpg\",\"datePublished\":\"2024-12-31T17:18:17+00:00\",\"dateModified\":\"2024-12-31T17:18:17+00:00\",\"breadcrumb\":{\"@id\":\"https:\/\/vieassociative.be\/actualites\/comment-vos-emojis-sont-mal-interpretes-si-vous-envoyez-des-sms-a-des-personnes-de-moins-de-25-ans\/#breadcrumb\"},\"inLanguage\":\"fr-BE\",\"potentialAction\":[{\"@type\":\"ReadAction\",\"target\":[\"https:\/\/vieassociative.be\/actualites\/comment-vos-emojis-sont-mal-interpretes-si-vous-envoyez-des-sms-a-des-personnes-de-moins-de-25-ans\/\"]}]},{\"@type\":\"ImageObject\",\"inLanguage\":\"fr-BE\",\"@id\":\"https:\/\/vieassociative.be\/actualites\/comment-vos-emojis-sont-mal-interpretes-si-vous-envoyez-des-sms-a-des-personnes-de-moins-de-25-ans\/#primaryimage\",\"url\":\"https:\/\/vieassociative.be\/actualites\/wp-content\/uploads\/2024\/12\/Comment-vos-emojis-sont-mal-interpretes-si-vous-envoyez-des.jpg\",\"contentUrl\":\"https:\/\/vieassociative.be\/actualites\/wp-content\/uploads\/2024\/12\/Comment-vos-emojis-sont-mal-interpretes-si-vous-envoyez-des.jpg\",\"width\":1200,\"height\":675,\"caption\":\"Comment vos \u00e9mojis sont (mal) interpr\u00e9t\u00e9s si vous envoyez des SMS \u00e0 des personnes de moins de 25 ans\"},{\"@type\":\"BreadcrumbList\",\"@id\":\"https:\/\/vieassociative.be\/actualites\/comment-vos-emojis-sont-mal-interpretes-si-vous-envoyez-des-sms-a-des-personnes-de-moins-de-25-ans\/#breadcrumb\",\"itemListElement\":[{\"@type\":\"ListItem\",\"position\":1,\"name\":\"Accueil\",\"item\":\"https:\/\/vieassociative.be\/actualites\/\"},{\"@type\":\"ListItem\",\"position\":2,\"name\":\"Comment vos \u00e9mojis sont (mal) interpr\u00e9t\u00e9s si vous envoyez des SMS \u00e0 des personnes de moins de 25 ans\"}]},{\"@type\":\"WebSite\",\"@id\":\"https:\/\/vieassociative.be\/actualites\/#website\",\"url\":\"https:\/\/vieassociative.be\/actualites\/\",\"name\":\"Vie Associative\",\"description\":\"\",\"publisher\":{\"@id\":\"https:\/\/vieassociative.be\/actualites\/#organization\"},\"potentialAction\":[{\"@type\":\"SearchAction\",\"target\":{\"@type\":\"EntryPoint\",\"urlTemplate\":\"https:\/\/vieassociative.be\/actualites\/?s={search_term_string}\"},\"query-input\":{\"@type\":\"PropertyValueSpecification\",\"valueRequired\":true,\"valueName\":\"search_term_string\"}}],\"inLanguage\":\"fr-BE\"},{\"@type\":\"Organization\",\"@id\":\"https:\/\/vieassociative.be\/actualites\/#organization\",\"name\":\"Vie Associative\",\"url\":\"https:\/\/vieassociative.be\/actualites\/\",\"logo\":{\"@type\":\"ImageObject\",\"inLanguage\":\"fr-BE\",\"@id\":\"https:\/\/vieassociative.be\/actualites\/#\/schema\/logo\/image\/\",\"url\":\"https:\/\/vieassociative.be\/actualites\/wp-content\/uploads\/2024\/09\/cropped-vieassociative_favicon.ico.png\",\"contentUrl\":\"https:\/\/vieassociative.be\/actualites\/wp-content\/uploads\/2024\/09\/cropped-vieassociative_favicon.ico.png\",\"width\":512,\"height\":512,\"caption\":\"Vie Associative\"},\"image\":{\"@id\":\"https:\/\/vieassociative.be\/actualites\/#\/schema\/logo\/image\/\"}},{\"@type\":\"Person\",\"@id\":\"https:\/\/vieassociative.be\/actualites\/#\/schema\/person\/b87ac4f82f9d4e7b7cec7395b679edc4\",\"name\":\"Julien\",\"image\":{\"@type\":\"ImageObject\",\"inLanguage\":\"fr-BE\",\"@id\":\"https:\/\/vieassociative.be\/actualites\/#\/schema\/person\/image\/\",\"url\":\"https:\/\/vieassociative.be\/actualites\/wp-content\/uploads\/2024\/09\/vie-associative-1-150x150.jpg\",\"contentUrl\":\"https:\/\/vieassociative.be\/actualites\/wp-content\/uploads\/2024\/09\/vie-associative-1-150x150.jpg\",\"caption\":\"Julien\"},\"description\":\"Je suis Julien, r\u00e9dacteur pour Vie Associative. Passionn\u00e9 par le monde associatif depuis plus de 10 ans, j'ai \u00e0 c\u0153ur de partager des histoires inspirantes et de mettre en lumi\u00e8re les initiatives locales. Mon objectif est de sensibiliser et d'encourager l'engagement communautaire \u00e0 travers mes articles.\",\"sameAs\":[\"https:\/\/vieassociative.be\/\"]}]}<\/script>\n<!-- \/ Yoast SEO plugin. -->","yoast_head_json":{"title":"Comment vos \u00e9mojis sont (mal) interpr\u00e9t\u00e9s si vous envoyez des SMS \u00e0 des personnes de moins de 25 ans | Vie Associative","robots":{"index":"index","follow":"follow","max-snippet":"max-snippet:-1","max-image-preview":"max-image-preview:large","max-video-preview":"max-video-preview:-1"},"canonical":"https:\/\/vieassociative.be\/actualites\/comment-vos-emojis-sont-mal-interpretes-si-vous-envoyez-des-sms-a-des-personnes-de-moins-de-25-ans\/","og_locale":"fr_FR","og_type":"article","og_title":"Comment vos \u00e9mojis sont (mal) interpr\u00e9t\u00e9s si vous envoyez des SMS \u00e0 des personnes de moins de 25 ans | Vie Associative","og_description":"Les emojis sont le nouveau champ de bataille dans la guerre entre les millennials et la g\u00e9n\u00e9ration Z. Depuis ce mois-ci, 3 633 emojis \u00ab","og_url":"https:\/\/vieassociative.be\/actualites\/comment-vos-emojis-sont-mal-interpretes-si-vous-envoyez-des-sms-a-des-personnes-de-moins-de-25-ans\/","og_site_name":"Vie Associative","article_published_time":"2024-12-31T17:18:17+00:00","og_image":[{"width":279,"height":92,"url":"https:\/\/vieassociative.be\/actualites\/wp-content\/uploads\/2024\/09\/header_backgroundk-01-e1726694325946.png","type":"image\/png"}],"author":"Julien","twitter_card":"summary_large_image","twitter_misc":{"\u00c9crit par":"Julien","Dur\u00e9e de lecture est.":"5 minutes"},"schema":{"@context":"https:\/\/schema.org","@graph":[{"@type":"Article","@id":"https:\/\/vieassociative.be\/actualites\/comment-vos-emojis-sont-mal-interpretes-si-vous-envoyez-des-sms-a-des-personnes-de-moins-de-25-ans\/#article","isPartOf":{"@id":"https:\/\/vieassociative.be\/actualites\/comment-vos-emojis-sont-mal-interpretes-si-vous-envoyez-des-sms-a-des-personnes-de-moins-de-25-ans\/"},"author":{"name":"Julien","@id":"https:\/\/vieassociative.be\/actualites\/#\/schema\/person\/b87ac4f82f9d4e7b7cec7395b679edc4"},"headline":"Comment vos \u00e9mojis sont (mal) interpr\u00e9t\u00e9s si vous envoyez des SMS \u00e0 des personnes de moins de 25 ans","datePublished":"2024-12-31T17:18:17+00:00","dateModified":"2024-12-31T17:18:17+00:00","mainEntityOfPage":{"@id":"https:\/\/vieassociative.be\/actualites\/comment-vos-emojis-sont-mal-interpretes-si-vous-envoyez-des-sms-a-des-personnes-de-moins-de-25-ans\/"},"wordCount":1001,"publisher":{"@id":"https:\/\/vieassociative.be\/actualites\/#organization"},"image":{"@id":"https:\/\/vieassociative.be\/actualites\/comment-vos-emojis-sont-mal-interpretes-si-vous-envoyez-des-sms-a-des-personnes-de-moins-de-25-ans\/#primaryimage"},"thumbnailUrl":"https:\/\/vieassociative.be\/actualites\/wp-content\/uploads\/2024\/12\/Comment-vos-emojis-sont-mal-interpretes-si-vous-envoyez-des.jpg","keywords":["ans","Comment","Des","\u00e9mojis","envoyez","interpr\u00e9t\u00e9s","mal","moins","personnes","SMS","sont","vos","Vous"],"articleSection":["Famille"],"inLanguage":"fr-BE"},{"@type":"WebPage","@id":"https:\/\/vieassociative.be\/actualites\/comment-vos-emojis-sont-mal-interpretes-si-vous-envoyez-des-sms-a-des-personnes-de-moins-de-25-ans\/","url":"https:\/\/vieassociative.be\/actualites\/comment-vos-emojis-sont-mal-interpretes-si-vous-envoyez-des-sms-a-des-personnes-de-moins-de-25-ans\/","name":"Comment vos \u00e9mojis sont (mal) interpr\u00e9t\u00e9s si vous envoyez des SMS \u00e0 des personnes de moins de 25 ans | Vie Associative","isPartOf":{"@id":"https:\/\/vieassociative.be\/actualites\/#website"},"primaryImageOfPage":{"@id":"https:\/\/vieassociative.be\/actualites\/comment-vos-emojis-sont-mal-interpretes-si-vous-envoyez-des-sms-a-des-personnes-de-moins-de-25-ans\/#primaryimage"},"image":{"@id":"https:\/\/vieassociative.be\/actualites\/comment-vos-emojis-sont-mal-interpretes-si-vous-envoyez-des-sms-a-des-personnes-de-moins-de-25-ans\/#primaryimage"},"thumbnailUrl":"https:\/\/vieassociative.be\/actualites\/wp-content\/uploads\/2024\/12\/Comment-vos-emojis-sont-mal-interpretes-si-vous-envoyez-des.jpg","datePublished":"2024-12-31T17:18:17+00:00","dateModified":"2024-12-31T17:18:17+00:00","breadcrumb":{"@id":"https:\/\/vieassociative.be\/actualites\/comment-vos-emojis-sont-mal-interpretes-si-vous-envoyez-des-sms-a-des-personnes-de-moins-de-25-ans\/#breadcrumb"},"inLanguage":"fr-BE","potentialAction":[{"@type":"ReadAction","target":["https:\/\/vieassociative.be\/actualites\/comment-vos-emojis-sont-mal-interpretes-si-vous-envoyez-des-sms-a-des-personnes-de-moins-de-25-ans\/"]}]},{"@type":"ImageObject","inLanguage":"fr-BE","@id":"https:\/\/vieassociative.be\/actualites\/comment-vos-emojis-sont-mal-interpretes-si-vous-envoyez-des-sms-a-des-personnes-de-moins-de-25-ans\/#primaryimage","url":"https:\/\/vieassociative.be\/actualites\/wp-content\/uploads\/2024\/12\/Comment-vos-emojis-sont-mal-interpretes-si-vous-envoyez-des.jpg","contentUrl":"https:\/\/vieassociative.be\/actualites\/wp-content\/uploads\/2024\/12\/Comment-vos-emojis-sont-mal-interpretes-si-vous-envoyez-des.jpg","width":1200,"height":675,"caption":"Comment vos \u00e9mojis sont (mal) interpr\u00e9t\u00e9s si vous envoyez des SMS \u00e0 des personnes de moins de 25 ans"},{"@type":"BreadcrumbList","@id":"https:\/\/vieassociative.be\/actualites\/comment-vos-emojis-sont-mal-interpretes-si-vous-envoyez-des-sms-a-des-personnes-de-moins-de-25-ans\/#breadcrumb","itemListElement":[{"@type":"ListItem","position":1,"name":"Accueil","item":"https:\/\/vieassociative.be\/actualites\/"},{"@type":"ListItem","position":2,"name":"Comment vos \u00e9mojis sont (mal) interpr\u00e9t\u00e9s si vous envoyez des SMS \u00e0 des personnes de moins de 25 ans"}]},{"@type":"WebSite","@id":"https:\/\/vieassociative.be\/actualites\/#website","url":"https:\/\/vieassociative.be\/actualites\/","name":"Vie Associative","description":"","publisher":{"@id":"https:\/\/vieassociative.be\/actualites\/#organization"},"potentialAction":[{"@type":"SearchAction","target":{"@type":"EntryPoint","urlTemplate":"https:\/\/vieassociative.be\/actualites\/?s={search_term_string}"},"query-input":{"@type":"PropertyValueSpecification","valueRequired":true,"valueName":"search_term_string"}}],"inLanguage":"fr-BE"},{"@type":"Organization","@id":"https:\/\/vieassociative.be\/actualites\/#organization","name":"Vie Associative","url":"https:\/\/vieassociative.be\/actualites\/","logo":{"@type":"ImageObject","inLanguage":"fr-BE","@id":"https:\/\/vieassociative.be\/actualites\/#\/schema\/logo\/image\/","url":"https:\/\/vieassociative.be\/actualites\/wp-content\/uploads\/2024\/09\/cropped-vieassociative_favicon.ico.png","contentUrl":"https:\/\/vieassociative.be\/actualites\/wp-content\/uploads\/2024\/09\/cropped-vieassociative_favicon.ico.png","width":512,"height":512,"caption":"Vie Associative"},"image":{"@id":"https:\/\/vieassociative.be\/actualites\/#\/schema\/logo\/image\/"}},{"@type":"Person","@id":"https:\/\/vieassociative.be\/actualites\/#\/schema\/person\/b87ac4f82f9d4e7b7cec7395b679edc4","name":"Julien","image":{"@type":"ImageObject","inLanguage":"fr-BE","@id":"https:\/\/vieassociative.be\/actualites\/#\/schema\/person\/image\/","url":"https:\/\/vieassociative.be\/actualites\/wp-content\/uploads\/2024\/09\/vie-associative-1-150x150.jpg","contentUrl":"https:\/\/vieassociative.be\/actualites\/wp-content\/uploads\/2024\/09\/vie-associative-1-150x150.jpg","caption":"Julien"},"description":"Je suis Julien, r\u00e9dacteur pour Vie Associative. Passionn\u00e9 par le monde associatif depuis plus de 10 ans, j'ai \u00e0 c\u0153ur de partager des histoires inspirantes et de mettre en lumi\u00e8re les initiatives locales. Mon objectif est de sensibiliser et d'encourager l'engagement communautaire \u00e0 travers mes articles.","sameAs":["https:\/\/vieassociative.be\/"]}]}},"_links":{"self":[{"href":"https:\/\/vieassociative.be\/actualites\/wp-json\/wp\/v2\/posts\/3916"}],"collection":[{"href":"https:\/\/vieassociative.be\/actualites\/wp-json\/wp\/v2\/posts"}],"about":[{"href":"https:\/\/vieassociative.be\/actualites\/wp-json\/wp\/v2\/types\/post"}],"author":[{"embeddable":true,"href":"https:\/\/vieassociative.be\/actualites\/wp-json\/wp\/v2\/users\/1"}],"replies":[{"embeddable":true,"href":"https:\/\/vieassociative.be\/actualites\/wp-json\/wp\/v2\/comments?post=3916"}],"version-history":[{"count":0,"href":"https:\/\/vieassociative.be\/actualites\/wp-json\/wp\/v2\/posts\/3916\/revisions"}],"wp:featuredmedia":[{"embeddable":true,"href":"https:\/\/vieassociative.be\/actualites\/wp-json\/wp\/v2\/media\/3917"}],"wp:attachment":[{"href":"https:\/\/vieassociative.be\/actualites\/wp-json\/wp\/v2\/media?parent=3916"}],"wp:term":[{"taxonomy":"category","embeddable":true,"href":"https:\/\/vieassociative.be\/actualites\/wp-json\/wp\/v2\/categories?post=3916"},{"taxonomy":"post_tag","embeddable":true,"href":"https:\/\/vieassociative.be\/actualites\/wp-json\/wp\/v2\/tags?post=3916"}],"curies":[{"name":"wp","href":"https:\/\/api.w.org\/{rel}","templated":true}]}}