{"id":3912,"date":"2024-12-31T15:17:17","date_gmt":"2024-12-31T14:17:17","guid":{"rendered":"https:\/\/vieassociative.be\/actualites\/nous-entrons-dans-la-nouvelle-annee-cest-ainsi-que-le-monde-celebre-2025\/"},"modified":"2024-12-31T15:17:17","modified_gmt":"2024-12-31T14:17:17","slug":"nous-entrons-dans-la-nouvelle-annee-cest-ainsi-que-le-monde-celebre-2025","status":"publish","type":"post","link":"https:\/\/vieassociative.be\/actualites\/nous-entrons-dans-la-nouvelle-annee-cest-ainsi-que-le-monde-celebre-2025\/","title":{"rendered":"Nous entrons dans la nouvelle ann\u00e9e &#8211; C&rsquo;est ainsi que le monde c\u00e9l\u00e8bre 2025"},"content":{"rendered":"<p><strong>Dans certaines r\u00e9gions du monde, la nouvelle ann\u00e9e a d\u00e9j\u00e0 commenc\u00e9. Il nous faudra encore un peu de patience. \u00ab Ostbelgien Direkt \u00bb souhaite \u00e0 tous ses lecteurs et clients une bonne ann\u00e9e ou \u2013 d\u2019apr\u00e8s la photo du cintre ci-dessus \u2013 un bon saut en 2025.<\/strong><\/p>\n<p><span id=\"more-405135\"><\/span><strong>\u2013 Immense show \u00e0 Sydney :<\/strong> Cette fois-ci, le grand feu d&rsquo;artifice de Sydney a \u00e9t\u00e9 particuli\u00e8rement gigantesque. Environ neuf tonnes de pi\u00e8ces pyrotechniques ont illumin\u00e9 le ciel du quartier portuaire. Les feux d&rsquo;artifice ont \u00e9t\u00e9 tir\u00e9s en 264 points diff\u00e9rents, soit nettement plus que les ann\u00e9es pr\u00e9c\u00e9dentes. Environ un million de spectateurs \u00e9taient attendus pour assister au spectacle. Depuis le matin, des milliers de personnes avaient r\u00e9serv\u00e9 les meilleurs emplacements, \u00e9quip\u00e9s de chaises de camping et de couvertures de pique-nique.<\/p>\n<p><strong>\u2013 L\u2019Asie entre progressivement dans le Nouvel An dans l\u2019apr\u00e8s-midi :<\/strong> Des spectacles de lumi\u00e8re sensationnels sont \u00e9galement pr\u00e9vus dans de nombreuses villes asiatiques. \u00c0 Bangkok, le puissant fleuve Chao Phraya est une fois de plus au centre de l&rsquo;attention, o\u00f9 de nombreux f\u00eatards voyagent sur des bateaux de f\u00eate pour assister de pr\u00e8s au m\u00e9ga feu d&rsquo;artifice. La Tha\u00eflande, qui suit le calendrier bouddhiste, commence en 2568.<\/p>\n<div id=\"attachment_405139\" class=\"wp-caption alignleft\" style=\"max-width: 300px\"><img fetchpriority=\"high\" decoding=\"async\" class=\"wp-image-405139 size-medium\" src=\"https:\/\/vieassociative.be\/actualites\/wp-content\/uploads\/2024\/12\/Nous-entrons-dans-la-nouvelle-annee-Cest-ainsi-que.jpg\" alt=\"\" width=\"300\" height=\"200\"><\/p>\n<p class=\"wp-caption-text\">01\/01\/2025, Australie, Sydney : des feux d&rsquo;artifice peuvent \u00eatre vus au-dessus de l&rsquo;Op\u00e9ra et du Harbour Bridge lors des c\u00e9l\u00e9brations du nouvel an. Photo : Bianca De Marchi\/AAP\/dpa<\/p>\n<\/div>\n<p>Dans la ville scintillante de Singapour, de nombreux spectateurs sont attendus pour assister aux feux d&rsquo;artifice de Marina Bay avec vue sur l&rsquo;horizon. \u00c0 Kuala Lumpur, en Malaisie, les tours Petronas, hautes de 452 m\u00e8tres, autrefois le plus haut b\u00e2timent du monde, sont au centre d&rsquo;un impressionnant spectacle de lumi\u00e8re.<\/p>\n<p>Les Samoa am\u00e9ricaines, situ\u00e9es \u00e0 seulement 220 kilom\u00e8tres \u00e0 l&rsquo;est des Samoa, de l&rsquo;autre c\u00f4t\u00e9 de la ligne internationale de changement de date, seront le dernier pays \u00e0 sonner en 2025, soit douze heures apr\u00e8s l&rsquo;Allemagne.<\/p>\n<p>A Londres &#8211; une heure apr\u00e8s la Belgique &#8211; le Nouvel An est traditionnellement marqu\u00e9 par la sonnerie de Big Ben et un feu d&rsquo;artifice spectaculaire, pour lequel environ 100 000 personnes se rassembleront \u00e0 nouveau sur les rives de la Tamise autour de la grande roue du London Eye.<\/p>\n<p><strong>\u2013 L\u2019Am\u00e9rique attend aussi avec impatience 2025 :<\/strong> Comme d&rsquo;habitude, une grande f\u00eate aura lieu dans la m\u00e9tropole br\u00e9silienne de Rio de Janeiro. L&rsquo;administration municipale esp\u00e8re accueillir environ cinq millions de visiteurs. La moiti\u00e9 des f\u00eatards est attendue sur la plage de Copacabana. Un feu d&rsquo;artifice de douze minutes sera \u00e0 nouveau tir\u00e9 depuis dix radeaux.<\/p>\n<p>\u00c0 New York, comme chaque ann\u00e9e, des centaines de milliers de regards se tournent vers le c\u00e9l\u00e8bre Times Square. A 23h59, sur le toit du gratte-ciel de 26 \u00e9tages Times Square One, une boule pesant pr\u00e8s de 5 400 kilogrammes descend sur une quarantaine de m\u00e8tres sur un poteau sp\u00e9cial jusqu&rsquo;\u00e0 minuit exactement. Il est d\u00e9cor\u00e9 de 2 688 triangles de cristal. (dpa\/cr\u00e9)<\/p>\n","protected":false},"excerpt":{"rendered":"<p>Dans certaines r\u00e9gions du monde, la nouvelle ann\u00e9e a d\u00e9j\u00e0 commenc\u00e9. Il nous faudra encore un peu de patience. \u00ab Ostbelgien Direkt \u00bb souhaite \u00e0<\/p>\n","protected":false},"author":1,"featured_media":3913,"comment_status":"","ping_status":"","sticky":false,"template":"","format":"standard","meta":{"footnotes":""},"categories":[298],"tags":[1145,549,3843,362,166,4392,237,393,491],"class_list":["post-3912","post","type-post","status-publish","format-standard","has-post-thumbnail","hentry","category-belgique","tag-ainsi","tag-annee","tag-celebre","tag-cest","tag-dans","tag-entrons","tag-monde","tag-nous","tag-nouvelle","generate-columns","tablet-grid-50","mobile-grid-100","grid-parent","grid-33"],"yoast_head":"<!-- This site is optimized with the Yoast SEO plugin v24.0 - https:\/\/yoast.com\/wordpress\/plugins\/seo\/ -->\n<title>Nous entrons dans la nouvelle ann\u00e9e - C&#039;est ainsi que le monde c\u00e9l\u00e8bre 2025 | Vie Associative<\/title>\n<meta name=\"robots\" content=\"index, follow, max-snippet:-1, max-image-preview:large, max-video-preview:-1\" \/>\n<link rel=\"canonical\" href=\"https:\/\/vieassociative.be\/actualites\/nous-entrons-dans-la-nouvelle-annee-cest-ainsi-que-le-monde-celebre-2025\/\" \/>\n<meta property=\"og:locale\" content=\"fr_FR\" \/>\n<meta property=\"og:type\" content=\"article\" \/>\n<meta property=\"og:title\" content=\"Nous entrons dans la nouvelle ann\u00e9e - C&#039;est ainsi que le monde c\u00e9l\u00e8bre 2025 | Vie Associative\" \/>\n<meta property=\"og:description\" content=\"Dans certaines r\u00e9gions du monde, la nouvelle ann\u00e9e a d\u00e9j\u00e0 commenc\u00e9. Il nous faudra encore un peu de patience. \u00ab Ostbelgien Direkt \u00bb souhaite \u00e0\" \/>\n<meta property=\"og:url\" content=\"https:\/\/vieassociative.be\/actualites\/nous-entrons-dans-la-nouvelle-annee-cest-ainsi-que-le-monde-celebre-2025\/\" \/>\n<meta property=\"og:site_name\" content=\"Vie Associative\" \/>\n<meta property=\"article:published_time\" content=\"2024-12-31T14:17:17+00:00\" \/>\n<meta property=\"og:image\" content=\"https:\/\/vieassociative.be\/actualites\/wp-content\/uploads\/2024\/09\/header_backgroundk-01-e1726694325946.png\" \/>\n\t<meta property=\"og:image:width\" content=\"279\" \/>\n\t<meta property=\"og:image:height\" content=\"92\" \/>\n\t<meta property=\"og:image:type\" content=\"image\/png\" \/>\n<meta name=\"author\" content=\"Julien\" \/>\n<meta name=\"twitter:card\" content=\"summary_large_image\" \/>\n<meta name=\"twitter:label1\" content=\"\u00c9crit par\" \/>\n\t<meta name=\"twitter:data1\" content=\"Julien\" \/>\n\t<meta name=\"twitter:label2\" content=\"Dur\u00e9e de lecture est.\" \/>\n\t<meta name=\"twitter:data2\" content=\"2 minutes\" \/>\n<script type=\"application\/ld+json\" class=\"yoast-schema-graph\">{\"@context\":\"https:\/\/schema.org\",\"@graph\":[{\"@type\":\"Article\",\"@id\":\"https:\/\/vieassociative.be\/actualites\/nous-entrons-dans-la-nouvelle-annee-cest-ainsi-que-le-monde-celebre-2025\/#article\",\"isPartOf\":{\"@id\":\"https:\/\/vieassociative.be\/actualites\/nous-entrons-dans-la-nouvelle-annee-cest-ainsi-que-le-monde-celebre-2025\/\"},\"author\":{\"name\":\"Julien\",\"@id\":\"https:\/\/vieassociative.be\/actualites\/#\/schema\/person\/b87ac4f82f9d4e7b7cec7395b679edc4\"},\"headline\":\"Nous entrons dans la nouvelle ann\u00e9e &#8211; C&rsquo;est ainsi que le monde c\u00e9l\u00e8bre 2025\",\"datePublished\":\"2024-12-31T14:17:17+00:00\",\"dateModified\":\"2024-12-31T14:17:17+00:00\",\"mainEntityOfPage\":{\"@id\":\"https:\/\/vieassociative.be\/actualites\/nous-entrons-dans-la-nouvelle-annee-cest-ainsi-que-le-monde-celebre-2025\/\"},\"wordCount\":529,\"publisher\":{\"@id\":\"https:\/\/vieassociative.be\/actualites\/#organization\"},\"image\":{\"@id\":\"https:\/\/vieassociative.be\/actualites\/nous-entrons-dans-la-nouvelle-annee-cest-ainsi-que-le-monde-celebre-2025\/#primaryimage\"},\"thumbnailUrl\":\"https:\/\/vieassociative.be\/actualites\/wp-content\/uploads\/2024\/12\/1735654637_Nous-entrons-dans-la-nouvelle-annee-Cest-ainsi-que.jpg\",\"keywords\":[\"ainsi\",\"ann\u00e9e\",\"c\u00e9l\u00e8bre\",\"cest\",\"dans\",\"entrons\",\"monde\",\"nous\",\"nouvelle\"],\"articleSection\":[\"Belgique\"],\"inLanguage\":\"fr-BE\"},{\"@type\":\"WebPage\",\"@id\":\"https:\/\/vieassociative.be\/actualites\/nous-entrons-dans-la-nouvelle-annee-cest-ainsi-que-le-monde-celebre-2025\/\",\"url\":\"https:\/\/vieassociative.be\/actualites\/nous-entrons-dans-la-nouvelle-annee-cest-ainsi-que-le-monde-celebre-2025\/\",\"name\":\"Nous entrons dans la nouvelle ann\u00e9e - C'est ainsi que le monde c\u00e9l\u00e8bre 2025 | Vie Associative\",\"isPartOf\":{\"@id\":\"https:\/\/vieassociative.be\/actualites\/#website\"},\"primaryImageOfPage\":{\"@id\":\"https:\/\/vieassociative.be\/actualites\/nous-entrons-dans-la-nouvelle-annee-cest-ainsi-que-le-monde-celebre-2025\/#primaryimage\"},\"image\":{\"@id\":\"https:\/\/vieassociative.be\/actualites\/nous-entrons-dans-la-nouvelle-annee-cest-ainsi-que-le-monde-celebre-2025\/#primaryimage\"},\"thumbnailUrl\":\"https:\/\/vieassociative.be\/actualites\/wp-content\/uploads\/2024\/12\/1735654637_Nous-entrons-dans-la-nouvelle-annee-Cest-ainsi-que.jpg\",\"datePublished\":\"2024-12-31T14:17:17+00:00\",\"dateModified\":\"2024-12-31T14:17:17+00:00\",\"breadcrumb\":{\"@id\":\"https:\/\/vieassociative.be\/actualites\/nous-entrons-dans-la-nouvelle-annee-cest-ainsi-que-le-monde-celebre-2025\/#breadcrumb\"},\"inLanguage\":\"fr-BE\",\"potentialAction\":[{\"@type\":\"ReadAction\",\"target\":[\"https:\/\/vieassociative.be\/actualites\/nous-entrons-dans-la-nouvelle-annee-cest-ainsi-que-le-monde-celebre-2025\/\"]}]},{\"@type\":\"ImageObject\",\"inLanguage\":\"fr-BE\",\"@id\":\"https:\/\/vieassociative.be\/actualites\/nous-entrons-dans-la-nouvelle-annee-cest-ainsi-que-le-monde-celebre-2025\/#primaryimage\",\"url\":\"https:\/\/vieassociative.be\/actualites\/wp-content\/uploads\/2024\/12\/1735654637_Nous-entrons-dans-la-nouvelle-annee-Cest-ainsi-que.jpg\",\"contentUrl\":\"https:\/\/vieassociative.be\/actualites\/wp-content\/uploads\/2024\/12\/1735654637_Nous-entrons-dans-la-nouvelle-annee-Cest-ainsi-que.jpg\",\"width\":1200,\"height\":658,\"caption\":\"Nous entrons dans la nouvelle ann\u00e9e - C'est ainsi que le monde c\u00e9l\u00e8bre 2025\"},{\"@type\":\"BreadcrumbList\",\"@id\":\"https:\/\/vieassociative.be\/actualites\/nous-entrons-dans-la-nouvelle-annee-cest-ainsi-que-le-monde-celebre-2025\/#breadcrumb\",\"itemListElement\":[{\"@type\":\"ListItem\",\"position\":1,\"name\":\"Accueil\",\"item\":\"https:\/\/vieassociative.be\/actualites\/\"},{\"@type\":\"ListItem\",\"position\":2,\"name\":\"Nous entrons dans la nouvelle ann\u00e9e &#8211; C&rsquo;est ainsi que le monde c\u00e9l\u00e8bre 2025\"}]},{\"@type\":\"WebSite\",\"@id\":\"https:\/\/vieassociative.be\/actualites\/#website\",\"url\":\"https:\/\/vieassociative.be\/actualites\/\",\"name\":\"Vie Associative\",\"description\":\"\",\"publisher\":{\"@id\":\"https:\/\/vieassociative.be\/actualites\/#organization\"},\"potentialAction\":[{\"@type\":\"SearchAction\",\"target\":{\"@type\":\"EntryPoint\",\"urlTemplate\":\"https:\/\/vieassociative.be\/actualites\/?s={search_term_string}\"},\"query-input\":{\"@type\":\"PropertyValueSpecification\",\"valueRequired\":true,\"valueName\":\"search_term_string\"}}],\"inLanguage\":\"fr-BE\"},{\"@type\":\"Organization\",\"@id\":\"https:\/\/vieassociative.be\/actualites\/#organization\",\"name\":\"Vie Associative\",\"url\":\"https:\/\/vieassociative.be\/actualites\/\",\"logo\":{\"@type\":\"ImageObject\",\"inLanguage\":\"fr-BE\",\"@id\":\"https:\/\/vieassociative.be\/actualites\/#\/schema\/logo\/image\/\",\"url\":\"https:\/\/vieassociative.be\/actualites\/wp-content\/uploads\/2024\/09\/cropped-vieassociative_favicon.ico.png\",\"contentUrl\":\"https:\/\/vieassociative.be\/actualites\/wp-content\/uploads\/2024\/09\/cropped-vieassociative_favicon.ico.png\",\"width\":512,\"height\":512,\"caption\":\"Vie Associative\"},\"image\":{\"@id\":\"https:\/\/vieassociative.be\/actualites\/#\/schema\/logo\/image\/\"}},{\"@type\":\"Person\",\"@id\":\"https:\/\/vieassociative.be\/actualites\/#\/schema\/person\/b87ac4f82f9d4e7b7cec7395b679edc4\",\"name\":\"Julien\",\"image\":{\"@type\":\"ImageObject\",\"inLanguage\":\"fr-BE\",\"@id\":\"https:\/\/vieassociative.be\/actualites\/#\/schema\/person\/image\/\",\"url\":\"https:\/\/vieassociative.be\/actualites\/wp-content\/uploads\/2024\/09\/vie-associative-1-150x150.jpg\",\"contentUrl\":\"https:\/\/vieassociative.be\/actualites\/wp-content\/uploads\/2024\/09\/vie-associative-1-150x150.jpg\",\"caption\":\"Julien\"},\"description\":\"Je suis Julien, r\u00e9dacteur pour Vie Associative. Passionn\u00e9 par le monde associatif depuis plus de 10 ans, j'ai \u00e0 c\u0153ur de partager des histoires inspirantes et de mettre en lumi\u00e8re les initiatives locales. Mon objectif est de sensibiliser et d'encourager l'engagement communautaire \u00e0 travers mes articles.\",\"sameAs\":[\"https:\/\/vieassociative.be\/\"]}]}<\/script>\n<!-- \/ Yoast SEO plugin. -->","yoast_head_json":{"title":"Nous entrons dans la nouvelle ann\u00e9e - C'est ainsi que le monde c\u00e9l\u00e8bre 2025 | Vie Associative","robots":{"index":"index","follow":"follow","max-snippet":"max-snippet:-1","max-image-preview":"max-image-preview:large","max-video-preview":"max-video-preview:-1"},"canonical":"https:\/\/vieassociative.be\/actualites\/nous-entrons-dans-la-nouvelle-annee-cest-ainsi-que-le-monde-celebre-2025\/","og_locale":"fr_FR","og_type":"article","og_title":"Nous entrons dans la nouvelle ann\u00e9e - C'est ainsi que le monde c\u00e9l\u00e8bre 2025 | Vie Associative","og_description":"Dans certaines r\u00e9gions du monde, la nouvelle ann\u00e9e a d\u00e9j\u00e0 commenc\u00e9. Il nous faudra encore un peu de patience. \u00ab Ostbelgien Direkt \u00bb souhaite \u00e0","og_url":"https:\/\/vieassociative.be\/actualites\/nous-entrons-dans-la-nouvelle-annee-cest-ainsi-que-le-monde-celebre-2025\/","og_site_name":"Vie Associative","article_published_time":"2024-12-31T14:17:17+00:00","og_image":[{"width":279,"height":92,"url":"https:\/\/vieassociative.be\/actualites\/wp-content\/uploads\/2024\/09\/header_backgroundk-01-e1726694325946.png","type":"image\/png"}],"author":"Julien","twitter_card":"summary_large_image","twitter_misc":{"\u00c9crit par":"Julien","Dur\u00e9e de lecture est.":"2 minutes"},"schema":{"@context":"https:\/\/schema.org","@graph":[{"@type":"Article","@id":"https:\/\/vieassociative.be\/actualites\/nous-entrons-dans-la-nouvelle-annee-cest-ainsi-que-le-monde-celebre-2025\/#article","isPartOf":{"@id":"https:\/\/vieassociative.be\/actualites\/nous-entrons-dans-la-nouvelle-annee-cest-ainsi-que-le-monde-celebre-2025\/"},"author":{"name":"Julien","@id":"https:\/\/vieassociative.be\/actualites\/#\/schema\/person\/b87ac4f82f9d4e7b7cec7395b679edc4"},"headline":"Nous entrons dans la nouvelle ann\u00e9e &#8211; C&rsquo;est ainsi que le monde c\u00e9l\u00e8bre 2025","datePublished":"2024-12-31T14:17:17+00:00","dateModified":"2024-12-31T14:17:17+00:00","mainEntityOfPage":{"@id":"https:\/\/vieassociative.be\/actualites\/nous-entrons-dans-la-nouvelle-annee-cest-ainsi-que-le-monde-celebre-2025\/"},"wordCount":529,"publisher":{"@id":"https:\/\/vieassociative.be\/actualites\/#organization"},"image":{"@id":"https:\/\/vieassociative.be\/actualites\/nous-entrons-dans-la-nouvelle-annee-cest-ainsi-que-le-monde-celebre-2025\/#primaryimage"},"thumbnailUrl":"https:\/\/vieassociative.be\/actualites\/wp-content\/uploads\/2024\/12\/1735654637_Nous-entrons-dans-la-nouvelle-annee-Cest-ainsi-que.jpg","keywords":["ainsi","ann\u00e9e","c\u00e9l\u00e8bre","cest","dans","entrons","monde","nous","nouvelle"],"articleSection":["Belgique"],"inLanguage":"fr-BE"},{"@type":"WebPage","@id":"https:\/\/vieassociative.be\/actualites\/nous-entrons-dans-la-nouvelle-annee-cest-ainsi-que-le-monde-celebre-2025\/","url":"https:\/\/vieassociative.be\/actualites\/nous-entrons-dans-la-nouvelle-annee-cest-ainsi-que-le-monde-celebre-2025\/","name":"Nous entrons dans la nouvelle ann\u00e9e - C'est ainsi que le monde c\u00e9l\u00e8bre 2025 | Vie Associative","isPartOf":{"@id":"https:\/\/vieassociative.be\/actualites\/#website"},"primaryImageOfPage":{"@id":"https:\/\/vieassociative.be\/actualites\/nous-entrons-dans-la-nouvelle-annee-cest-ainsi-que-le-monde-celebre-2025\/#primaryimage"},"image":{"@id":"https:\/\/vieassociative.be\/actualites\/nous-entrons-dans-la-nouvelle-annee-cest-ainsi-que-le-monde-celebre-2025\/#primaryimage"},"thumbnailUrl":"https:\/\/vieassociative.be\/actualites\/wp-content\/uploads\/2024\/12\/1735654637_Nous-entrons-dans-la-nouvelle-annee-Cest-ainsi-que.jpg","datePublished":"2024-12-31T14:17:17+00:00","dateModified":"2024-12-31T14:17:17+00:00","breadcrumb":{"@id":"https:\/\/vieassociative.be\/actualites\/nous-entrons-dans-la-nouvelle-annee-cest-ainsi-que-le-monde-celebre-2025\/#breadcrumb"},"inLanguage":"fr-BE","potentialAction":[{"@type":"ReadAction","target":["https:\/\/vieassociative.be\/actualites\/nous-entrons-dans-la-nouvelle-annee-cest-ainsi-que-le-monde-celebre-2025\/"]}]},{"@type":"ImageObject","inLanguage":"fr-BE","@id":"https:\/\/vieassociative.be\/actualites\/nous-entrons-dans-la-nouvelle-annee-cest-ainsi-que-le-monde-celebre-2025\/#primaryimage","url":"https:\/\/vieassociative.be\/actualites\/wp-content\/uploads\/2024\/12\/1735654637_Nous-entrons-dans-la-nouvelle-annee-Cest-ainsi-que.jpg","contentUrl":"https:\/\/vieassociative.be\/actualites\/wp-content\/uploads\/2024\/12\/1735654637_Nous-entrons-dans-la-nouvelle-annee-Cest-ainsi-que.jpg","width":1200,"height":658,"caption":"Nous entrons dans la nouvelle ann\u00e9e - C'est ainsi que le monde c\u00e9l\u00e8bre 2025"},{"@type":"BreadcrumbList","@id":"https:\/\/vieassociative.be\/actualites\/nous-entrons-dans-la-nouvelle-annee-cest-ainsi-que-le-monde-celebre-2025\/#breadcrumb","itemListElement":[{"@type":"ListItem","position":1,"name":"Accueil","item":"https:\/\/vieassociative.be\/actualites\/"},{"@type":"ListItem","position":2,"name":"Nous entrons dans la nouvelle ann\u00e9e &#8211; C&rsquo;est ainsi que le monde c\u00e9l\u00e8bre 2025"}]},{"@type":"WebSite","@id":"https:\/\/vieassociative.be\/actualites\/#website","url":"https:\/\/vieassociative.be\/actualites\/","name":"Vie Associative","description":"","publisher":{"@id":"https:\/\/vieassociative.be\/actualites\/#organization"},"potentialAction":[{"@type":"SearchAction","target":{"@type":"EntryPoint","urlTemplate":"https:\/\/vieassociative.be\/actualites\/?s={search_term_string}"},"query-input":{"@type":"PropertyValueSpecification","valueRequired":true,"valueName":"search_term_string"}}],"inLanguage":"fr-BE"},{"@type":"Organization","@id":"https:\/\/vieassociative.be\/actualites\/#organization","name":"Vie Associative","url":"https:\/\/vieassociative.be\/actualites\/","logo":{"@type":"ImageObject","inLanguage":"fr-BE","@id":"https:\/\/vieassociative.be\/actualites\/#\/schema\/logo\/image\/","url":"https:\/\/vieassociative.be\/actualites\/wp-content\/uploads\/2024\/09\/cropped-vieassociative_favicon.ico.png","contentUrl":"https:\/\/vieassociative.be\/actualites\/wp-content\/uploads\/2024\/09\/cropped-vieassociative_favicon.ico.png","width":512,"height":512,"caption":"Vie Associative"},"image":{"@id":"https:\/\/vieassociative.be\/actualites\/#\/schema\/logo\/image\/"}},{"@type":"Person","@id":"https:\/\/vieassociative.be\/actualites\/#\/schema\/person\/b87ac4f82f9d4e7b7cec7395b679edc4","name":"Julien","image":{"@type":"ImageObject","inLanguage":"fr-BE","@id":"https:\/\/vieassociative.be\/actualites\/#\/schema\/person\/image\/","url":"https:\/\/vieassociative.be\/actualites\/wp-content\/uploads\/2024\/09\/vie-associative-1-150x150.jpg","contentUrl":"https:\/\/vieassociative.be\/actualites\/wp-content\/uploads\/2024\/09\/vie-associative-1-150x150.jpg","caption":"Julien"},"description":"Je suis Julien, r\u00e9dacteur pour Vie Associative. Passionn\u00e9 par le monde associatif depuis plus de 10 ans, j'ai \u00e0 c\u0153ur de partager des histoires inspirantes et de mettre en lumi\u00e8re les initiatives locales. Mon objectif est de sensibiliser et d'encourager l'engagement communautaire \u00e0 travers mes articles.","sameAs":["https:\/\/vieassociative.be\/"]}]}},"_links":{"self":[{"href":"https:\/\/vieassociative.be\/actualites\/wp-json\/wp\/v2\/posts\/3912"}],"collection":[{"href":"https:\/\/vieassociative.be\/actualites\/wp-json\/wp\/v2\/posts"}],"about":[{"href":"https:\/\/vieassociative.be\/actualites\/wp-json\/wp\/v2\/types\/post"}],"author":[{"embeddable":true,"href":"https:\/\/vieassociative.be\/actualites\/wp-json\/wp\/v2\/users\/1"}],"replies":[{"embeddable":true,"href":"https:\/\/vieassociative.be\/actualites\/wp-json\/wp\/v2\/comments?post=3912"}],"version-history":[{"count":0,"href":"https:\/\/vieassociative.be\/actualites\/wp-json\/wp\/v2\/posts\/3912\/revisions"}],"wp:featuredmedia":[{"embeddable":true,"href":"https:\/\/vieassociative.be\/actualites\/wp-json\/wp\/v2\/media\/3913"}],"wp:attachment":[{"href":"https:\/\/vieassociative.be\/actualites\/wp-json\/wp\/v2\/media?parent=3912"}],"wp:term":[{"taxonomy":"category","embeddable":true,"href":"https:\/\/vieassociative.be\/actualites\/wp-json\/wp\/v2\/categories?post=3912"},{"taxonomy":"post_tag","embeddable":true,"href":"https:\/\/vieassociative.be\/actualites\/wp-json\/wp\/v2\/tags?post=3912"}],"curies":[{"name":"wp","href":"https:\/\/api.w.org\/{rel}","templated":true}]}}