{"id":3910,"date":"2024-12-31T14:20:18","date_gmt":"2024-12-31T13:20:18","guid":{"rendered":"https:\/\/vieassociative.be\/actualites\/vous-pouvez-vous-gaver-de-indemnite-ou-de-tout-original-apple-tv-sans-abonnement-ce-week-end\/"},"modified":"2024-12-31T14:20:18","modified_gmt":"2024-12-31T13:20:18","slug":"vous-pouvez-vous-gaver-de-indemnite-ou-de-tout-original-apple-tv-sans-abonnement-ce-week-end","status":"publish","type":"post","link":"https:\/\/vieassociative.be\/actualites\/vous-pouvez-vous-gaver-de-indemnite-ou-de-tout-original-apple-tv-sans-abonnement-ce-week-end\/","title":{"rendered":"Vous pouvez vous gaver de \u00ab\u00a0indemnit\u00e9\u00a0\u00bb (ou de tout original Apple TV+) sans abonnement ce week-end"},"content":{"rendered":"<div class=\"mt-4 leading-6 md:mb-8\">Si votre r\u00e9solution du Nouvel An est de \u00ab regarder plus la t\u00e9l\u00e9vision \u00bb, vous avez de la chance.<\/div>\n<p><\/p>\n<p>Apple TV+ sonne en 2025 en proposant un week-end de streaming gratuit pour l&rsquo;ensemble de sa programmation originale. Du 4 au 5 janvier, n&rsquo;importe qui peut se connecter au service de streaming d&rsquo;Apple sur n&rsquo;importe quel appareil compatible et visionner gratuitement des films et des \u00e9missions de t\u00e9l\u00e9vision Apple Original. <\/p>\n<p>Apple n&rsquo;a pas pr\u00e9cis\u00e9 si son catalogue de contenus non originaux sera \u00e9galement gratuit, c&rsquo;est donc une zone grise pour l&rsquo;instant. Voici la bande-annonce qu&rsquo;Apple a publi\u00e9e sur les r\u00e9seaux sociaux pour la promotion\u00a0:<\/p>\n<blockquote class=\"twitterEmbed twitter-tweet\"><p>\n    <a rel=\"nofollow noopener\" class=\"text-gray-600\" href=\"https:\/\/twitter.com\/AppleTV\/status\/1873730763356795379\" title=\"open in a new window\" target=\"_blank\"><\/p>\n<p>        Ce Tweet est actuellement indisponible. Il est peut-\u00eatre en cours de chargement ou a \u00e9t\u00e9 supprim\u00e9.<br \/>\n    <\/a>\n<\/p><\/blockquote>\n<h2 id=\"what-to-watch-on-apple-tv-during-its-free-weekend\">Que regarder sur Apple TV+ pendant son week-end gratuit<\/h2>\n<p>Le grand spectacle d\u2019Apple Originals pour d\u00e9but 2025 est <em>Rupture<\/em>. Le drame dystopique de science-fiction sur le lieu de travail revient (enfin) pour une deuxi\u00e8me saison le 17 janvier. Si vous n&rsquo;avez pas vu la premi\u00e8re saison, rendez-vous service et jetez-y un coup d&rsquo;\u0153il, m\u00eame \u00e0 97 % de \u00ab note fra\u00eeche \u00bb sur Rotten. Tomates, <em>Rupture<\/em> n&rsquo;est pas surfait. <\/p>\n<p>Si vous avez le temps apr\u00e8s avoir mang\u00e9 <em>Rupture<\/em>ne dors pas\u00a0:<\/p>\n<ul>\n<li>\n<p><strong><em>Chevaux lents<\/em><\/strong>une s\u00e9rie de thrillers d&rsquo;espionnage sur le bureau ext\u00e9rieur dysfonctionnel o\u00f9 le MI5 envoie ses pires espions \u2013 qui vaut le d\u00e9tour rien que pour la performance de Gary Oldman.<\/p>\n<\/li>\n<li>\n<p><strong><em>Pour toute l&rsquo;humanit\u00e9<\/em><\/strong>une s\u00e9rie de fiction sp\u00e9culative se d\u00e9roulant dans un univers alternatif o\u00f9 la course \u00e0 l&rsquo;espace de la guerre froide n&rsquo;a jamais pris fin.<\/p>\n<\/li>\n<li>\n<p><strong><em>Schmigadoon!<\/em><\/strong>  un envoi de th\u00e9\u00e2tre musical d\u00e9cal\u00e9 avec Keegan-Michael Key et Cecily Strong<\/p>\n<\/li>\n<li>\n<p><strong><em>Contraction<\/em><\/strong>une com\u00e9die dramatique acclam\u00e9e par la critique sur la th\u00e9rapie mettant en vedette Jason Segel et Harrison Ford<\/p>\n<\/li>\n<\/ul>\n<p>En g\u00e9n\u00e9ral, les Apple TV+ Originals ont tendance \u00e0 \u00eatre plut\u00f4t g\u00e9niaux.<\/p>\n<h2 id=\"how-to-watch-apple-originals-for-free-this-weekend-on-apple-tv\">Comment regarder Apple Originals gratuitement ce week-end sur Apple TV+<\/h2>\n<p>Rien de plus simple que de participer au streaming gratuit. Il vous suffit de vous connecter \u00e0 Apple TV+ \u00e0 l\u2019aide d\u2019un compte Apple les 4 et 5 janvier et de commencer \u00e0 regarder. Cela fonctionnera sur n\u2019importe quel appareil, de votre t\u00e9l\u00e9phone \u00e0 votre Xbox.<\/p>\n<p>Si vous aimez ce que vous voyez et souhaitez rester, Apple TV+ co\u00fbte actuellement 9,99 $ par mois, ou 99,99 $ par an. Si vous \u00eates un nouvel abonn\u00e9, vous pouvez b\u00e9n\u00e9ficier d&rsquo;une semaine gratuite. L&rsquo;achat d&rsquo;un nouvel appareil iPhone, iPad, iPod Touch, Apple TV ou Mac fonctionnant sur la derni\u00e8re version d&rsquo;iOS vous offre \u00e9galement trois mois gratuits d&rsquo;Apple TV+.<\/p>\n<p><script async src=\"https:\/\/platform.twitter.com\/widgets.js\" charset=\"utf-8\"><\/script><\/p>\n","protected":false},"excerpt":{"rendered":"<p>Si votre r\u00e9solution du Nouvel An est de \u00ab regarder plus la t\u00e9l\u00e9vision \u00bb, vous avez de la chance. Apple TV+ sonne en 2025 en<\/p>\n","protected":false},"author":1,"featured_media":3911,"comment_status":"","ping_status":"","sticky":false,"template":"","format":"standard","meta":{"footnotes":""},"categories":[36],"tags":[228,54,4390,4391,1408,5,130,236,4,3913],"class_list":["post-3910","post","type-post","status-publish","format-standard","has-post-thumbnail","hentry","category-divertissement","tag-abonnement","tag-apple","tag-gaver","tag-indemnite","tag-original","tag-pouvez","tag-sans","tag-tout","tag-vous","tag-weekend","generate-columns","tablet-grid-50","mobile-grid-100","grid-parent","grid-33"],"yoast_head":"<!-- This site is optimized with the Yoast SEO plugin v24.0 - https:\/\/yoast.com\/wordpress\/plugins\/seo\/ -->\n<title>Vous pouvez vous gaver de \u00ab\u00a0indemnit\u00e9\u00a0\u00bb (ou de tout original Apple TV+) sans abonnement ce week-end | Vie Associative<\/title>\n<meta name=\"robots\" content=\"index, follow, max-snippet:-1, max-image-preview:large, max-video-preview:-1\" \/>\n<link rel=\"canonical\" href=\"https:\/\/vieassociative.be\/actualites\/vous-pouvez-vous-gaver-de-indemnite-ou-de-tout-original-apple-tv-sans-abonnement-ce-week-end\/\" \/>\n<meta property=\"og:locale\" content=\"fr_FR\" \/>\n<meta property=\"og:type\" content=\"article\" \/>\n<meta property=\"og:title\" content=\"Vous pouvez vous gaver de \u00ab\u00a0indemnit\u00e9\u00a0\u00bb (ou de tout original Apple TV+) sans abonnement ce week-end | Vie Associative\" \/>\n<meta property=\"og:description\" content=\"Si votre r\u00e9solution du Nouvel An est de \u00ab regarder plus la t\u00e9l\u00e9vision \u00bb, vous avez de la chance. Apple TV+ sonne en 2025 en\" \/>\n<meta property=\"og:url\" content=\"https:\/\/vieassociative.be\/actualites\/vous-pouvez-vous-gaver-de-indemnite-ou-de-tout-original-apple-tv-sans-abonnement-ce-week-end\/\" \/>\n<meta property=\"og:site_name\" content=\"Vie Associative\" \/>\n<meta property=\"article:published_time\" content=\"2024-12-31T13:20:18+00:00\" \/>\n<meta property=\"og:image\" content=\"https:\/\/vieassociative.be\/actualites\/wp-content\/uploads\/2024\/09\/header_backgroundk-01-e1726694325946.png\" \/>\n\t<meta property=\"og:image:width\" content=\"279\" \/>\n\t<meta property=\"og:image:height\" content=\"92\" \/>\n\t<meta property=\"og:image:type\" content=\"image\/png\" \/>\n<meta name=\"author\" content=\"Julien\" \/>\n<meta name=\"twitter:card\" content=\"summary_large_image\" \/>\n<meta name=\"twitter:label1\" content=\"\u00c9crit par\" \/>\n\t<meta name=\"twitter:data1\" content=\"Julien\" \/>\n\t<meta name=\"twitter:label2\" content=\"Dur\u00e9e de lecture est.\" \/>\n\t<meta name=\"twitter:data2\" content=\"2 minutes\" \/>\n<script type=\"application\/ld+json\" class=\"yoast-schema-graph\">{\"@context\":\"https:\/\/schema.org\",\"@graph\":[{\"@type\":\"Article\",\"@id\":\"https:\/\/vieassociative.be\/actualites\/vous-pouvez-vous-gaver-de-indemnite-ou-de-tout-original-apple-tv-sans-abonnement-ce-week-end\/#article\",\"isPartOf\":{\"@id\":\"https:\/\/vieassociative.be\/actualites\/vous-pouvez-vous-gaver-de-indemnite-ou-de-tout-original-apple-tv-sans-abonnement-ce-week-end\/\"},\"author\":{\"name\":\"Julien\",\"@id\":\"https:\/\/vieassociative.be\/actualites\/#\/schema\/person\/b87ac4f82f9d4e7b7cec7395b679edc4\"},\"headline\":\"Vous pouvez vous gaver de \u00ab\u00a0indemnit\u00e9\u00a0\u00bb (ou de tout original Apple TV+) sans abonnement ce week-end\",\"datePublished\":\"2024-12-31T13:20:18+00:00\",\"dateModified\":\"2024-12-31T13:20:18+00:00\",\"mainEntityOfPage\":{\"@id\":\"https:\/\/vieassociative.be\/actualites\/vous-pouvez-vous-gaver-de-indemnite-ou-de-tout-original-apple-tv-sans-abonnement-ce-week-end\/\"},\"wordCount\":470,\"publisher\":{\"@id\":\"https:\/\/vieassociative.be\/actualites\/#organization\"},\"image\":{\"@id\":\"https:\/\/vieassociative.be\/actualites\/vous-pouvez-vous-gaver-de-indemnite-ou-de-tout-original-apple-tv-sans-abonnement-ce-week-end\/#primaryimage\"},\"thumbnailUrl\":\"https:\/\/vieassociative.be\/actualites\/wp-content\/uploads\/2024\/12\/Vous-pouvez-vous-gaver-de-indemnite-ou-de-tout-original.jpg\",\"keywords\":[\"abonnement\",\"Apple\",\"gaver\",\"indemnit\u00e9\",\"Original\",\"pouvez\",\"sans\",\"tout\",\"Vous\",\"weekend\"],\"articleSection\":[\"Divertissement\"],\"inLanguage\":\"fr-BE\"},{\"@type\":\"WebPage\",\"@id\":\"https:\/\/vieassociative.be\/actualites\/vous-pouvez-vous-gaver-de-indemnite-ou-de-tout-original-apple-tv-sans-abonnement-ce-week-end\/\",\"url\":\"https:\/\/vieassociative.be\/actualites\/vous-pouvez-vous-gaver-de-indemnite-ou-de-tout-original-apple-tv-sans-abonnement-ce-week-end\/\",\"name\":\"Vous pouvez vous gaver de \u00ab\u00a0indemnit\u00e9\u00a0\u00bb (ou de tout original Apple TV+) sans abonnement ce week-end | Vie Associative\",\"isPartOf\":{\"@id\":\"https:\/\/vieassociative.be\/actualites\/#website\"},\"primaryImageOfPage\":{\"@id\":\"https:\/\/vieassociative.be\/actualites\/vous-pouvez-vous-gaver-de-indemnite-ou-de-tout-original-apple-tv-sans-abonnement-ce-week-end\/#primaryimage\"},\"image\":{\"@id\":\"https:\/\/vieassociative.be\/actualites\/vous-pouvez-vous-gaver-de-indemnite-ou-de-tout-original-apple-tv-sans-abonnement-ce-week-end\/#primaryimage\"},\"thumbnailUrl\":\"https:\/\/vieassociative.be\/actualites\/wp-content\/uploads\/2024\/12\/Vous-pouvez-vous-gaver-de-indemnite-ou-de-tout-original.jpg\",\"datePublished\":\"2024-12-31T13:20:18+00:00\",\"dateModified\":\"2024-12-31T13:20:18+00:00\",\"breadcrumb\":{\"@id\":\"https:\/\/vieassociative.be\/actualites\/vous-pouvez-vous-gaver-de-indemnite-ou-de-tout-original-apple-tv-sans-abonnement-ce-week-end\/#breadcrumb\"},\"inLanguage\":\"fr-BE\",\"potentialAction\":[{\"@type\":\"ReadAction\",\"target\":[\"https:\/\/vieassociative.be\/actualites\/vous-pouvez-vous-gaver-de-indemnite-ou-de-tout-original-apple-tv-sans-abonnement-ce-week-end\/\"]}]},{\"@type\":\"ImageObject\",\"inLanguage\":\"fr-BE\",\"@id\":\"https:\/\/vieassociative.be\/actualites\/vous-pouvez-vous-gaver-de-indemnite-ou-de-tout-original-apple-tv-sans-abonnement-ce-week-end\/#primaryimage\",\"url\":\"https:\/\/vieassociative.be\/actualites\/wp-content\/uploads\/2024\/12\/Vous-pouvez-vous-gaver-de-indemnite-ou-de-tout-original.jpg\",\"contentUrl\":\"https:\/\/vieassociative.be\/actualites\/wp-content\/uploads\/2024\/12\/Vous-pouvez-vous-gaver-de-indemnite-ou-de-tout-original.jpg\",\"width\":1200,\"height\":675,\"caption\":\"Vous pouvez vous gaver de \u00ab\u00a0indemnit\u00e9\u00a0\u00bb (ou de tout original Apple TV+) sans abonnement ce week-end\"},{\"@type\":\"BreadcrumbList\",\"@id\":\"https:\/\/vieassociative.be\/actualites\/vous-pouvez-vous-gaver-de-indemnite-ou-de-tout-original-apple-tv-sans-abonnement-ce-week-end\/#breadcrumb\",\"itemListElement\":[{\"@type\":\"ListItem\",\"position\":1,\"name\":\"Accueil\",\"item\":\"https:\/\/vieassociative.be\/actualites\/\"},{\"@type\":\"ListItem\",\"position\":2,\"name\":\"Vous pouvez vous gaver de \u00ab\u00a0indemnit\u00e9\u00a0\u00bb (ou de tout original Apple TV+) sans abonnement ce week-end\"}]},{\"@type\":\"WebSite\",\"@id\":\"https:\/\/vieassociative.be\/actualites\/#website\",\"url\":\"https:\/\/vieassociative.be\/actualites\/\",\"name\":\"Vie Associative\",\"description\":\"\",\"publisher\":{\"@id\":\"https:\/\/vieassociative.be\/actualites\/#organization\"},\"potentialAction\":[{\"@type\":\"SearchAction\",\"target\":{\"@type\":\"EntryPoint\",\"urlTemplate\":\"https:\/\/vieassociative.be\/actualites\/?s={search_term_string}\"},\"query-input\":{\"@type\":\"PropertyValueSpecification\",\"valueRequired\":true,\"valueName\":\"search_term_string\"}}],\"inLanguage\":\"fr-BE\"},{\"@type\":\"Organization\",\"@id\":\"https:\/\/vieassociative.be\/actualites\/#organization\",\"name\":\"Vie Associative\",\"url\":\"https:\/\/vieassociative.be\/actualites\/\",\"logo\":{\"@type\":\"ImageObject\",\"inLanguage\":\"fr-BE\",\"@id\":\"https:\/\/vieassociative.be\/actualites\/#\/schema\/logo\/image\/\",\"url\":\"https:\/\/vieassociative.be\/actualites\/wp-content\/uploads\/2024\/09\/cropped-vieassociative_favicon.ico.png\",\"contentUrl\":\"https:\/\/vieassociative.be\/actualites\/wp-content\/uploads\/2024\/09\/cropped-vieassociative_favicon.ico.png\",\"width\":512,\"height\":512,\"caption\":\"Vie Associative\"},\"image\":{\"@id\":\"https:\/\/vieassociative.be\/actualites\/#\/schema\/logo\/image\/\"}},{\"@type\":\"Person\",\"@id\":\"https:\/\/vieassociative.be\/actualites\/#\/schema\/person\/b87ac4f82f9d4e7b7cec7395b679edc4\",\"name\":\"Julien\",\"image\":{\"@type\":\"ImageObject\",\"inLanguage\":\"fr-BE\",\"@id\":\"https:\/\/vieassociative.be\/actualites\/#\/schema\/person\/image\/\",\"url\":\"https:\/\/vieassociative.be\/actualites\/wp-content\/uploads\/2024\/09\/vie-associative-1-150x150.jpg\",\"contentUrl\":\"https:\/\/vieassociative.be\/actualites\/wp-content\/uploads\/2024\/09\/vie-associative-1-150x150.jpg\",\"caption\":\"Julien\"},\"description\":\"Je suis Julien, r\u00e9dacteur pour Vie Associative. Passionn\u00e9 par le monde associatif depuis plus de 10 ans, j'ai \u00e0 c\u0153ur de partager des histoires inspirantes et de mettre en lumi\u00e8re les initiatives locales. Mon objectif est de sensibiliser et d'encourager l'engagement communautaire \u00e0 travers mes articles.\",\"sameAs\":[\"https:\/\/vieassociative.be\/\"]}]}<\/script>\n<!-- \/ Yoast SEO plugin. -->","yoast_head_json":{"title":"Vous pouvez vous gaver de \u00ab\u00a0indemnit\u00e9\u00a0\u00bb (ou de tout original Apple TV+) sans abonnement ce week-end | Vie Associative","robots":{"index":"index","follow":"follow","max-snippet":"max-snippet:-1","max-image-preview":"max-image-preview:large","max-video-preview":"max-video-preview:-1"},"canonical":"https:\/\/vieassociative.be\/actualites\/vous-pouvez-vous-gaver-de-indemnite-ou-de-tout-original-apple-tv-sans-abonnement-ce-week-end\/","og_locale":"fr_FR","og_type":"article","og_title":"Vous pouvez vous gaver de \u00ab\u00a0indemnit\u00e9\u00a0\u00bb (ou de tout original Apple TV+) sans abonnement ce week-end | Vie Associative","og_description":"Si votre r\u00e9solution du Nouvel An est de \u00ab regarder plus la t\u00e9l\u00e9vision \u00bb, vous avez de la chance. Apple TV+ sonne en 2025 en","og_url":"https:\/\/vieassociative.be\/actualites\/vous-pouvez-vous-gaver-de-indemnite-ou-de-tout-original-apple-tv-sans-abonnement-ce-week-end\/","og_site_name":"Vie Associative","article_published_time":"2024-12-31T13:20:18+00:00","og_image":[{"width":279,"height":92,"url":"https:\/\/vieassociative.be\/actualites\/wp-content\/uploads\/2024\/09\/header_backgroundk-01-e1726694325946.png","type":"image\/png"}],"author":"Julien","twitter_card":"summary_large_image","twitter_misc":{"\u00c9crit par":"Julien","Dur\u00e9e de lecture est.":"2 minutes"},"schema":{"@context":"https:\/\/schema.org","@graph":[{"@type":"Article","@id":"https:\/\/vieassociative.be\/actualites\/vous-pouvez-vous-gaver-de-indemnite-ou-de-tout-original-apple-tv-sans-abonnement-ce-week-end\/#article","isPartOf":{"@id":"https:\/\/vieassociative.be\/actualites\/vous-pouvez-vous-gaver-de-indemnite-ou-de-tout-original-apple-tv-sans-abonnement-ce-week-end\/"},"author":{"name":"Julien","@id":"https:\/\/vieassociative.be\/actualites\/#\/schema\/person\/b87ac4f82f9d4e7b7cec7395b679edc4"},"headline":"Vous pouvez vous gaver de \u00ab\u00a0indemnit\u00e9\u00a0\u00bb (ou de tout original Apple TV+) sans abonnement ce week-end","datePublished":"2024-12-31T13:20:18+00:00","dateModified":"2024-12-31T13:20:18+00:00","mainEntityOfPage":{"@id":"https:\/\/vieassociative.be\/actualites\/vous-pouvez-vous-gaver-de-indemnite-ou-de-tout-original-apple-tv-sans-abonnement-ce-week-end\/"},"wordCount":470,"publisher":{"@id":"https:\/\/vieassociative.be\/actualites\/#organization"},"image":{"@id":"https:\/\/vieassociative.be\/actualites\/vous-pouvez-vous-gaver-de-indemnite-ou-de-tout-original-apple-tv-sans-abonnement-ce-week-end\/#primaryimage"},"thumbnailUrl":"https:\/\/vieassociative.be\/actualites\/wp-content\/uploads\/2024\/12\/Vous-pouvez-vous-gaver-de-indemnite-ou-de-tout-original.jpg","keywords":["abonnement","Apple","gaver","indemnit\u00e9","Original","pouvez","sans","tout","Vous","weekend"],"articleSection":["Divertissement"],"inLanguage":"fr-BE"},{"@type":"WebPage","@id":"https:\/\/vieassociative.be\/actualites\/vous-pouvez-vous-gaver-de-indemnite-ou-de-tout-original-apple-tv-sans-abonnement-ce-week-end\/","url":"https:\/\/vieassociative.be\/actualites\/vous-pouvez-vous-gaver-de-indemnite-ou-de-tout-original-apple-tv-sans-abonnement-ce-week-end\/","name":"Vous pouvez vous gaver de \u00ab\u00a0indemnit\u00e9\u00a0\u00bb (ou de tout original Apple TV+) sans abonnement ce week-end | Vie Associative","isPartOf":{"@id":"https:\/\/vieassociative.be\/actualites\/#website"},"primaryImageOfPage":{"@id":"https:\/\/vieassociative.be\/actualites\/vous-pouvez-vous-gaver-de-indemnite-ou-de-tout-original-apple-tv-sans-abonnement-ce-week-end\/#primaryimage"},"image":{"@id":"https:\/\/vieassociative.be\/actualites\/vous-pouvez-vous-gaver-de-indemnite-ou-de-tout-original-apple-tv-sans-abonnement-ce-week-end\/#primaryimage"},"thumbnailUrl":"https:\/\/vieassociative.be\/actualites\/wp-content\/uploads\/2024\/12\/Vous-pouvez-vous-gaver-de-indemnite-ou-de-tout-original.jpg","datePublished":"2024-12-31T13:20:18+00:00","dateModified":"2024-12-31T13:20:18+00:00","breadcrumb":{"@id":"https:\/\/vieassociative.be\/actualites\/vous-pouvez-vous-gaver-de-indemnite-ou-de-tout-original-apple-tv-sans-abonnement-ce-week-end\/#breadcrumb"},"inLanguage":"fr-BE","potentialAction":[{"@type":"ReadAction","target":["https:\/\/vieassociative.be\/actualites\/vous-pouvez-vous-gaver-de-indemnite-ou-de-tout-original-apple-tv-sans-abonnement-ce-week-end\/"]}]},{"@type":"ImageObject","inLanguage":"fr-BE","@id":"https:\/\/vieassociative.be\/actualites\/vous-pouvez-vous-gaver-de-indemnite-ou-de-tout-original-apple-tv-sans-abonnement-ce-week-end\/#primaryimage","url":"https:\/\/vieassociative.be\/actualites\/wp-content\/uploads\/2024\/12\/Vous-pouvez-vous-gaver-de-indemnite-ou-de-tout-original.jpg","contentUrl":"https:\/\/vieassociative.be\/actualites\/wp-content\/uploads\/2024\/12\/Vous-pouvez-vous-gaver-de-indemnite-ou-de-tout-original.jpg","width":1200,"height":675,"caption":"Vous pouvez vous gaver de \u00ab\u00a0indemnit\u00e9\u00a0\u00bb (ou de tout original Apple TV+) sans abonnement ce week-end"},{"@type":"BreadcrumbList","@id":"https:\/\/vieassociative.be\/actualites\/vous-pouvez-vous-gaver-de-indemnite-ou-de-tout-original-apple-tv-sans-abonnement-ce-week-end\/#breadcrumb","itemListElement":[{"@type":"ListItem","position":1,"name":"Accueil","item":"https:\/\/vieassociative.be\/actualites\/"},{"@type":"ListItem","position":2,"name":"Vous pouvez vous gaver de \u00ab\u00a0indemnit\u00e9\u00a0\u00bb (ou de tout original Apple TV+) sans abonnement ce week-end"}]},{"@type":"WebSite","@id":"https:\/\/vieassociative.be\/actualites\/#website","url":"https:\/\/vieassociative.be\/actualites\/","name":"Vie Associative","description":"","publisher":{"@id":"https:\/\/vieassociative.be\/actualites\/#organization"},"potentialAction":[{"@type":"SearchAction","target":{"@type":"EntryPoint","urlTemplate":"https:\/\/vieassociative.be\/actualites\/?s={search_term_string}"},"query-input":{"@type":"PropertyValueSpecification","valueRequired":true,"valueName":"search_term_string"}}],"inLanguage":"fr-BE"},{"@type":"Organization","@id":"https:\/\/vieassociative.be\/actualites\/#organization","name":"Vie Associative","url":"https:\/\/vieassociative.be\/actualites\/","logo":{"@type":"ImageObject","inLanguage":"fr-BE","@id":"https:\/\/vieassociative.be\/actualites\/#\/schema\/logo\/image\/","url":"https:\/\/vieassociative.be\/actualites\/wp-content\/uploads\/2024\/09\/cropped-vieassociative_favicon.ico.png","contentUrl":"https:\/\/vieassociative.be\/actualites\/wp-content\/uploads\/2024\/09\/cropped-vieassociative_favicon.ico.png","width":512,"height":512,"caption":"Vie Associative"},"image":{"@id":"https:\/\/vieassociative.be\/actualites\/#\/schema\/logo\/image\/"}},{"@type":"Person","@id":"https:\/\/vieassociative.be\/actualites\/#\/schema\/person\/b87ac4f82f9d4e7b7cec7395b679edc4","name":"Julien","image":{"@type":"ImageObject","inLanguage":"fr-BE","@id":"https:\/\/vieassociative.be\/actualites\/#\/schema\/person\/image\/","url":"https:\/\/vieassociative.be\/actualites\/wp-content\/uploads\/2024\/09\/vie-associative-1-150x150.jpg","contentUrl":"https:\/\/vieassociative.be\/actualites\/wp-content\/uploads\/2024\/09\/vie-associative-1-150x150.jpg","caption":"Julien"},"description":"Je suis Julien, r\u00e9dacteur pour Vie Associative. Passionn\u00e9 par le monde associatif depuis plus de 10 ans, j'ai \u00e0 c\u0153ur de partager des histoires inspirantes et de mettre en lumi\u00e8re les initiatives locales. Mon objectif est de sensibiliser et d'encourager l'engagement communautaire \u00e0 travers mes articles.","sameAs":["https:\/\/vieassociative.be\/"]}]}},"_links":{"self":[{"href":"https:\/\/vieassociative.be\/actualites\/wp-json\/wp\/v2\/posts\/3910"}],"collection":[{"href":"https:\/\/vieassociative.be\/actualites\/wp-json\/wp\/v2\/posts"}],"about":[{"href":"https:\/\/vieassociative.be\/actualites\/wp-json\/wp\/v2\/types\/post"}],"author":[{"embeddable":true,"href":"https:\/\/vieassociative.be\/actualites\/wp-json\/wp\/v2\/users\/1"}],"replies":[{"embeddable":true,"href":"https:\/\/vieassociative.be\/actualites\/wp-json\/wp\/v2\/comments?post=3910"}],"version-history":[{"count":0,"href":"https:\/\/vieassociative.be\/actualites\/wp-json\/wp\/v2\/posts\/3910\/revisions"}],"wp:featuredmedia":[{"embeddable":true,"href":"https:\/\/vieassociative.be\/actualites\/wp-json\/wp\/v2\/media\/3911"}],"wp:attachment":[{"href":"https:\/\/vieassociative.be\/actualites\/wp-json\/wp\/v2\/media?parent=3910"}],"wp:term":[{"taxonomy":"category","embeddable":true,"href":"https:\/\/vieassociative.be\/actualites\/wp-json\/wp\/v2\/categories?post=3910"},{"taxonomy":"post_tag","embeddable":true,"href":"https:\/\/vieassociative.be\/actualites\/wp-json\/wp\/v2\/tags?post=3910"}],"curies":[{"name":"wp","href":"https:\/\/api.w.org\/{rel}","templated":true}]}}