{"id":3908,"date":"2024-12-31T12:18:32","date_gmt":"2024-12-31T11:18:32","guid":{"rendered":"https:\/\/vieassociative.be\/actualites\/comment-et-quand-sevrer-votre-bebe-du-lait-maternise\/"},"modified":"2024-12-31T12:18:32","modified_gmt":"2024-12-31T11:18:32","slug":"comment-et-quand-sevrer-votre-bebe-du-lait-maternise","status":"publish","type":"post","link":"https:\/\/vieassociative.be\/actualites\/comment-et-quand-sevrer-votre-bebe-du-lait-maternise\/","title":{"rendered":"Comment (et quand) sevrer votre b\u00e9b\u00e9 du lait maternis\u00e9"},"content":{"rendered":"<div class=\"mt-4 leading-6 md:mb-8\">Votre b\u00e9b\u00e9 est-il pr\u00eat \u00e0 arr\u00eater de boire du lait maternis\u00e9 ? Voici comment le savoir et comment effectuer la transition.<\/div>\n<p><\/p>\n<p>Si vous nourrissez ou envisagez de nourrir votre lait maternis\u00e9 pour nouveau-n\u00e9, vous vous demandez peut-\u00eatre combien de temps vous devrez le faire. Quel est le bon moment pour les sevrer ? Comment saurez-vous quand ils seront pr\u00eats\u00a0? Bien qu\u2019il n\u2019existe pas de \u00ab formule magique \u00bb, voici quelques lignes directrices de base.<\/p>\n<h2 id=\"when-is-the-right-time-to-wean\">Quel est le bon moment pour sevrer ? <\/h2>\n<p>Selon la clinique Mayo, \u00ab les pr\u00e9parations pour nourrissons sont g\u00e9n\u00e9ralement recommand\u00e9es jusqu&rsquo;\u00e0 l&rsquo;\u00e2ge de 1 an, suivies du lait entier jusqu&rsquo;\u00e0 l&rsquo;\u00e2ge de 2 ans, mais parlez-en au m\u00e9decin de votre enfant pour obtenir des conseils sp\u00e9cifiques. \u00bb<\/p>\n<p>Le facteur cl\u00e9 est que votre b\u00e9b\u00e9 soit en bonne sant\u00e9 et qu\u2019il re\u00e7oive suffisamment de nutriments provenant d\u2019aliments de table solides (qu\u2019il comptait auparavant sur des pr\u00e9parations enrichies en min\u00e9raux et en nutriments). Si leur r\u00e9gime alimentaire est \u00e9quilibr\u00e9 sur le plan nutritionnel et comprend un m\u00e9lange de fruits, de l\u00e9gumes, de prot\u00e9ines et de c\u00e9r\u00e9ales, ils peuvent m\u00eame \u00eatre pr\u00eats \u00e0 sevrer du lait maternis\u00e9 avant l&rsquo;\u00e2ge d&rsquo;un an. (Mais n&rsquo;introduisez toujours pas de lait de vache avant leur premier anniversaire &#8211; il contient trop de prot\u00e9ines pour que le syst\u00e8me digestif et les reins d&rsquo;un b\u00e9b\u00e9 puissent les traiter, ce qui peut les amener \u00e0 d\u00e9velopper une an\u00e9mie et des saignements intestinaux.) <\/p>\n<p>Notez cependant que certains b\u00e9b\u00e9s devront continuer \u00e0 utiliser le lait maternis\u00e9 plus longtemps s&rsquo;ils ne prennent pas suffisamment de poids, sont n\u00e9s pr\u00e9matur\u00e9ment, ont des allergies alimentaires ou n&rsquo;ont pas encore \u00e9tabli un r\u00e9gime alimentaire solide compos\u00e9 d&rsquo;aliments de table. Consultez votre m\u00e9decin si vous pensez que l&rsquo;une de ces conditions peut \u00eatre un facteur.<\/p>\n<h2 id=\"why-is-it-important-to-wean\">Pourquoi est-il important de sevrer ? <\/h2>\n<p>Si un tout-petit sait qu&rsquo;un biberon est encore disponible, il peut faire le plein de lait maternis\u00e9 plut\u00f4t que de manger des aliments solides et manquer d&rsquo;\u00e9l\u00e9ments nutritifs importants dans son alimentation. Boire du lait maternis\u00e9 avant la sieste et le coucher peut \u00e9galement favoriser la carie dentaire. Mais, apr\u00e8s un an de plaisir quotidien, comment faire pour qu\u2019ils abandonnent leurs biberons ador\u00e9s et si r\u00e9confortants ?<\/p>\n<h2 id=\"how-to-help-your-baby-wean-off-formula\">Comment aider votre b\u00e9b\u00e9 \u00e0 sevrer du lait maternis\u00e9<\/h2>\n<p>Arr\u00eater la bouteille d\u2019un seul coup est une proposition difficile ; la plupart des b\u00e9b\u00e9s s\u2019en sortiront mieux avec une transition progressive. Si votre b\u00e9b\u00e9 tol\u00e8re bien le lait de vache, donnez-lui de petites portions de lait l\u00e0 o\u00f9 il recevrait normalement du lait maternis\u00e9 (en portions de deux \u00e0 quatre onces). Au cours des 7 \u00e0 10 prochains jours, augmentez la quantit\u00e9 de lait tout en diminuant les portions de lait maternis\u00e9 jusqu&rsquo;\u00e0 ce que le lait maternis\u00e9 soit progressivement \u00e9limin\u00e9. <\/p>\n<p>S&rsquo;ils n&rsquo;appr\u00e9cient pas tout de suite le lait de vache, vous devrez \u00eatre un peu plus sournois. M\u00e9langez deux onces de <em>pr\u00e9par\u00e9<\/em> formule (pas de poudre) avec deux onces de lait de vache dans la m\u00eame bouteille. Au cours de la semaine suivante, augmentez progressivement la proportion de lait jusqu&rsquo;\u00e0 ce qu&rsquo;il ne reste plus de lait maternis\u00e9. <\/p>\n<h2 id=\"other-tips-to-go-bottle-free\">Autres conseils pour renoncer au biberon<\/h2>\n<p>L&rsquo;introduction d&rsquo;un gobelet \u00e0 six mois, avant que vous vous attendiez \u00e0 ce que votre b\u00e9b\u00e9 l&rsquo;utilise \u00e0 plein temps, est un moyen \u00e0 faible pression de lui faire savoir qu&rsquo;il existe d&rsquo;autres moyens de s&rsquo;impr\u00e9gner. Ils n&rsquo;auront pas la coordination \u0153il-main pour l&rsquo;utiliser correctement (sans en renverser), mais l&rsquo;exposition est n\u00e9anmoins utile.<\/p>\n<p>Aidez votre b\u00e9b\u00e9 \u00e0 laisser tomber un biberon \u00e0 la fois en le rempla\u00e7ant par une tasse de lait ou un aliment solide. Les biberons du matin ou de midi seront plus faciles \u00e0 laisser tomber que le biberon avant le coucher, alors commencez par l\u00e0. Une fois que votre b\u00e9b\u00e9 a surmont\u00e9 la bosse et \u00e9limin\u00e9 les biberons pendant la journ\u00e9e, modifiez sa routine du coucher pour qu&rsquo;il soit un peu plus facile d&rsquo;abandonner sa collation nocturne. <\/p>\n<h2 id=\"be-patient-with-your-little-one\">Soyez patient avec votre tout-petit<\/h2>\n<p>Soyez patient avec votre b\u00e9b\u00e9 et avec vous-m\u00eame. Les habitudes ne se brisent pas du jour au lendemain, surtout lorsque vous avez la discipline mentale d\u2019un enfant d\u2019un an. D\u00e9placez-vous lentement, ne vous attendez pas \u00e0 des miracles et ayez confiance que votre b\u00e9b\u00e9 n&#8217;emportera pas ce biberon \u00e0 l&rsquo;universit\u00e9. Avec de la coh\u00e9rence de votre part (ce qui signifie ne pas c\u00e9der et les apaiser avec une bouteille \u00e0 chaque fois qu&rsquo;ils pleurent), cela arrivera assez t\u00f4t.<\/p>\n","protected":false},"excerpt":{"rendered":"<p>Votre b\u00e9b\u00e9 est-il pr\u00eat \u00e0 arr\u00eater de boire du lait maternis\u00e9 ? Voici comment le savoir et comment effectuer la transition. Si vous nourrissez ou<\/p>\n","protected":false},"author":1,"featured_media":3909,"comment_status":"","ping_status":"","sticky":false,"template":"","format":"standard","meta":{"footnotes":""},"categories":[37],"tags":[180,44,1899,3769,123,4389,8],"class_list":["post-3908","post","type-post","status-publish","format-standard","has-post-thumbnail","hentry","category-famille","tag-bebe","tag-comment","tag-lait","tag-maternise","tag-quand","tag-sevrer","tag-votre","generate-columns","tablet-grid-50","mobile-grid-100","grid-parent","grid-33"],"yoast_head":"<!-- This site is optimized with the Yoast SEO plugin v24.0 - https:\/\/yoast.com\/wordpress\/plugins\/seo\/ -->\n<title>Comment (et quand) sevrer votre b\u00e9b\u00e9 du lait maternis\u00e9 | Vie Associative<\/title>\n<meta name=\"robots\" content=\"index, follow, max-snippet:-1, max-image-preview:large, max-video-preview:-1\" \/>\n<link rel=\"canonical\" href=\"https:\/\/vieassociative.be\/actualites\/comment-et-quand-sevrer-votre-bebe-du-lait-maternise\/\" \/>\n<meta property=\"og:locale\" content=\"fr_FR\" \/>\n<meta property=\"og:type\" content=\"article\" \/>\n<meta property=\"og:title\" content=\"Comment (et quand) sevrer votre b\u00e9b\u00e9 du lait maternis\u00e9 | Vie Associative\" \/>\n<meta property=\"og:description\" content=\"Votre b\u00e9b\u00e9 est-il pr\u00eat \u00e0 arr\u00eater de boire du lait maternis\u00e9 ? Voici comment le savoir et comment effectuer la transition. Si vous nourrissez ou\" \/>\n<meta property=\"og:url\" content=\"https:\/\/vieassociative.be\/actualites\/comment-et-quand-sevrer-votre-bebe-du-lait-maternise\/\" \/>\n<meta property=\"og:site_name\" content=\"Vie Associative\" \/>\n<meta property=\"article:published_time\" content=\"2024-12-31T11:18:32+00:00\" \/>\n<meta property=\"og:image\" content=\"https:\/\/vieassociative.be\/actualites\/wp-content\/uploads\/2024\/09\/header_backgroundk-01-e1726694325946.png\" \/>\n\t<meta property=\"og:image:width\" content=\"279\" \/>\n\t<meta property=\"og:image:height\" content=\"92\" \/>\n\t<meta property=\"og:image:type\" content=\"image\/png\" \/>\n<meta name=\"author\" content=\"Julien\" \/>\n<meta name=\"twitter:card\" content=\"summary_large_image\" \/>\n<meta name=\"twitter:label1\" content=\"\u00c9crit par\" \/>\n\t<meta name=\"twitter:data1\" content=\"Julien\" \/>\n\t<meta name=\"twitter:label2\" content=\"Dur\u00e9e de lecture est.\" \/>\n\t<meta name=\"twitter:data2\" content=\"4 minutes\" \/>\n<script type=\"application\/ld+json\" class=\"yoast-schema-graph\">{\"@context\":\"https:\/\/schema.org\",\"@graph\":[{\"@type\":\"Article\",\"@id\":\"https:\/\/vieassociative.be\/actualites\/comment-et-quand-sevrer-votre-bebe-du-lait-maternise\/#article\",\"isPartOf\":{\"@id\":\"https:\/\/vieassociative.be\/actualites\/comment-et-quand-sevrer-votre-bebe-du-lait-maternise\/\"},\"author\":{\"name\":\"Julien\",\"@id\":\"https:\/\/vieassociative.be\/actualites\/#\/schema\/person\/b87ac4f82f9d4e7b7cec7395b679edc4\"},\"headline\":\"Comment (et quand) sevrer votre b\u00e9b\u00e9 du lait maternis\u00e9\",\"datePublished\":\"2024-12-31T11:18:32+00:00\",\"dateModified\":\"2024-12-31T11:18:32+00:00\",\"mainEntityOfPage\":{\"@id\":\"https:\/\/vieassociative.be\/actualites\/comment-et-quand-sevrer-votre-bebe-du-lait-maternise\/\"},\"wordCount\":816,\"publisher\":{\"@id\":\"https:\/\/vieassociative.be\/actualites\/#organization\"},\"image\":{\"@id\":\"https:\/\/vieassociative.be\/actualites\/comment-et-quand-sevrer-votre-bebe-du-lait-maternise\/#primaryimage\"},\"thumbnailUrl\":\"https:\/\/vieassociative.be\/actualites\/wp-content\/uploads\/2024\/12\/Comment-et-quand-sevrer-votre-bebe-du-lait-maternise.jpg\",\"keywords\":[\"b\u00e9b\u00e9\",\"Comment\",\"lait\",\"maternis\u00e9\",\"Quand\",\"sevrer\",\"votre\"],\"articleSection\":[\"Famille\"],\"inLanguage\":\"fr-BE\"},{\"@type\":\"WebPage\",\"@id\":\"https:\/\/vieassociative.be\/actualites\/comment-et-quand-sevrer-votre-bebe-du-lait-maternise\/\",\"url\":\"https:\/\/vieassociative.be\/actualites\/comment-et-quand-sevrer-votre-bebe-du-lait-maternise\/\",\"name\":\"Comment (et quand) sevrer votre b\u00e9b\u00e9 du lait maternis\u00e9 | Vie Associative\",\"isPartOf\":{\"@id\":\"https:\/\/vieassociative.be\/actualites\/#website\"},\"primaryImageOfPage\":{\"@id\":\"https:\/\/vieassociative.be\/actualites\/comment-et-quand-sevrer-votre-bebe-du-lait-maternise\/#primaryimage\"},\"image\":{\"@id\":\"https:\/\/vieassociative.be\/actualites\/comment-et-quand-sevrer-votre-bebe-du-lait-maternise\/#primaryimage\"},\"thumbnailUrl\":\"https:\/\/vieassociative.be\/actualites\/wp-content\/uploads\/2024\/12\/Comment-et-quand-sevrer-votre-bebe-du-lait-maternise.jpg\",\"datePublished\":\"2024-12-31T11:18:32+00:00\",\"dateModified\":\"2024-12-31T11:18:32+00:00\",\"breadcrumb\":{\"@id\":\"https:\/\/vieassociative.be\/actualites\/comment-et-quand-sevrer-votre-bebe-du-lait-maternise\/#breadcrumb\"},\"inLanguage\":\"fr-BE\",\"potentialAction\":[{\"@type\":\"ReadAction\",\"target\":[\"https:\/\/vieassociative.be\/actualites\/comment-et-quand-sevrer-votre-bebe-du-lait-maternise\/\"]}]},{\"@type\":\"ImageObject\",\"inLanguage\":\"fr-BE\",\"@id\":\"https:\/\/vieassociative.be\/actualites\/comment-et-quand-sevrer-votre-bebe-du-lait-maternise\/#primaryimage\",\"url\":\"https:\/\/vieassociative.be\/actualites\/wp-content\/uploads\/2024\/12\/Comment-et-quand-sevrer-votre-bebe-du-lait-maternise.jpg\",\"contentUrl\":\"https:\/\/vieassociative.be\/actualites\/wp-content\/uploads\/2024\/12\/Comment-et-quand-sevrer-votre-bebe-du-lait-maternise.jpg\",\"width\":1200,\"height\":675,\"caption\":\"Comment (et quand) sevrer votre b\u00e9b\u00e9 du lait maternis\u00e9\"},{\"@type\":\"BreadcrumbList\",\"@id\":\"https:\/\/vieassociative.be\/actualites\/comment-et-quand-sevrer-votre-bebe-du-lait-maternise\/#breadcrumb\",\"itemListElement\":[{\"@type\":\"ListItem\",\"position\":1,\"name\":\"Accueil\",\"item\":\"https:\/\/vieassociative.be\/actualites\/\"},{\"@type\":\"ListItem\",\"position\":2,\"name\":\"Comment (et quand) sevrer votre b\u00e9b\u00e9 du lait maternis\u00e9\"}]},{\"@type\":\"WebSite\",\"@id\":\"https:\/\/vieassociative.be\/actualites\/#website\",\"url\":\"https:\/\/vieassociative.be\/actualites\/\",\"name\":\"Vie Associative\",\"description\":\"\",\"publisher\":{\"@id\":\"https:\/\/vieassociative.be\/actualites\/#organization\"},\"potentialAction\":[{\"@type\":\"SearchAction\",\"target\":{\"@type\":\"EntryPoint\",\"urlTemplate\":\"https:\/\/vieassociative.be\/actualites\/?s={search_term_string}\"},\"query-input\":{\"@type\":\"PropertyValueSpecification\",\"valueRequired\":true,\"valueName\":\"search_term_string\"}}],\"inLanguage\":\"fr-BE\"},{\"@type\":\"Organization\",\"@id\":\"https:\/\/vieassociative.be\/actualites\/#organization\",\"name\":\"Vie Associative\",\"url\":\"https:\/\/vieassociative.be\/actualites\/\",\"logo\":{\"@type\":\"ImageObject\",\"inLanguage\":\"fr-BE\",\"@id\":\"https:\/\/vieassociative.be\/actualites\/#\/schema\/logo\/image\/\",\"url\":\"https:\/\/vieassociative.be\/actualites\/wp-content\/uploads\/2024\/09\/cropped-vieassociative_favicon.ico.png\",\"contentUrl\":\"https:\/\/vieassociative.be\/actualites\/wp-content\/uploads\/2024\/09\/cropped-vieassociative_favicon.ico.png\",\"width\":512,\"height\":512,\"caption\":\"Vie Associative\"},\"image\":{\"@id\":\"https:\/\/vieassociative.be\/actualites\/#\/schema\/logo\/image\/\"}},{\"@type\":\"Person\",\"@id\":\"https:\/\/vieassociative.be\/actualites\/#\/schema\/person\/b87ac4f82f9d4e7b7cec7395b679edc4\",\"name\":\"Julien\",\"image\":{\"@type\":\"ImageObject\",\"inLanguage\":\"fr-BE\",\"@id\":\"https:\/\/vieassociative.be\/actualites\/#\/schema\/person\/image\/\",\"url\":\"https:\/\/vieassociative.be\/actualites\/wp-content\/uploads\/2024\/09\/vie-associative-1-150x150.jpg\",\"contentUrl\":\"https:\/\/vieassociative.be\/actualites\/wp-content\/uploads\/2024\/09\/vie-associative-1-150x150.jpg\",\"caption\":\"Julien\"},\"description\":\"Je suis Julien, r\u00e9dacteur pour Vie Associative. Passionn\u00e9 par le monde associatif depuis plus de 10 ans, j'ai \u00e0 c\u0153ur de partager des histoires inspirantes et de mettre en lumi\u00e8re les initiatives locales. Mon objectif est de sensibiliser et d'encourager l'engagement communautaire \u00e0 travers mes articles.\",\"sameAs\":[\"https:\/\/vieassociative.be\/\"]}]}<\/script>\n<!-- \/ Yoast SEO plugin. -->","yoast_head_json":{"title":"Comment (et quand) sevrer votre b\u00e9b\u00e9 du lait maternis\u00e9 | Vie Associative","robots":{"index":"index","follow":"follow","max-snippet":"max-snippet:-1","max-image-preview":"max-image-preview:large","max-video-preview":"max-video-preview:-1"},"canonical":"https:\/\/vieassociative.be\/actualites\/comment-et-quand-sevrer-votre-bebe-du-lait-maternise\/","og_locale":"fr_FR","og_type":"article","og_title":"Comment (et quand) sevrer votre b\u00e9b\u00e9 du lait maternis\u00e9 | Vie Associative","og_description":"Votre b\u00e9b\u00e9 est-il pr\u00eat \u00e0 arr\u00eater de boire du lait maternis\u00e9 ? Voici comment le savoir et comment effectuer la transition. Si vous nourrissez ou","og_url":"https:\/\/vieassociative.be\/actualites\/comment-et-quand-sevrer-votre-bebe-du-lait-maternise\/","og_site_name":"Vie Associative","article_published_time":"2024-12-31T11:18:32+00:00","og_image":[{"width":279,"height":92,"url":"https:\/\/vieassociative.be\/actualites\/wp-content\/uploads\/2024\/09\/header_backgroundk-01-e1726694325946.png","type":"image\/png"}],"author":"Julien","twitter_card":"summary_large_image","twitter_misc":{"\u00c9crit par":"Julien","Dur\u00e9e de lecture est.":"4 minutes"},"schema":{"@context":"https:\/\/schema.org","@graph":[{"@type":"Article","@id":"https:\/\/vieassociative.be\/actualites\/comment-et-quand-sevrer-votre-bebe-du-lait-maternise\/#article","isPartOf":{"@id":"https:\/\/vieassociative.be\/actualites\/comment-et-quand-sevrer-votre-bebe-du-lait-maternise\/"},"author":{"name":"Julien","@id":"https:\/\/vieassociative.be\/actualites\/#\/schema\/person\/b87ac4f82f9d4e7b7cec7395b679edc4"},"headline":"Comment (et quand) sevrer votre b\u00e9b\u00e9 du lait maternis\u00e9","datePublished":"2024-12-31T11:18:32+00:00","dateModified":"2024-12-31T11:18:32+00:00","mainEntityOfPage":{"@id":"https:\/\/vieassociative.be\/actualites\/comment-et-quand-sevrer-votre-bebe-du-lait-maternise\/"},"wordCount":816,"publisher":{"@id":"https:\/\/vieassociative.be\/actualites\/#organization"},"image":{"@id":"https:\/\/vieassociative.be\/actualites\/comment-et-quand-sevrer-votre-bebe-du-lait-maternise\/#primaryimage"},"thumbnailUrl":"https:\/\/vieassociative.be\/actualites\/wp-content\/uploads\/2024\/12\/Comment-et-quand-sevrer-votre-bebe-du-lait-maternise.jpg","keywords":["b\u00e9b\u00e9","Comment","lait","maternis\u00e9","Quand","sevrer","votre"],"articleSection":["Famille"],"inLanguage":"fr-BE"},{"@type":"WebPage","@id":"https:\/\/vieassociative.be\/actualites\/comment-et-quand-sevrer-votre-bebe-du-lait-maternise\/","url":"https:\/\/vieassociative.be\/actualites\/comment-et-quand-sevrer-votre-bebe-du-lait-maternise\/","name":"Comment (et quand) sevrer votre b\u00e9b\u00e9 du lait maternis\u00e9 | Vie Associative","isPartOf":{"@id":"https:\/\/vieassociative.be\/actualites\/#website"},"primaryImageOfPage":{"@id":"https:\/\/vieassociative.be\/actualites\/comment-et-quand-sevrer-votre-bebe-du-lait-maternise\/#primaryimage"},"image":{"@id":"https:\/\/vieassociative.be\/actualites\/comment-et-quand-sevrer-votre-bebe-du-lait-maternise\/#primaryimage"},"thumbnailUrl":"https:\/\/vieassociative.be\/actualites\/wp-content\/uploads\/2024\/12\/Comment-et-quand-sevrer-votre-bebe-du-lait-maternise.jpg","datePublished":"2024-12-31T11:18:32+00:00","dateModified":"2024-12-31T11:18:32+00:00","breadcrumb":{"@id":"https:\/\/vieassociative.be\/actualites\/comment-et-quand-sevrer-votre-bebe-du-lait-maternise\/#breadcrumb"},"inLanguage":"fr-BE","potentialAction":[{"@type":"ReadAction","target":["https:\/\/vieassociative.be\/actualites\/comment-et-quand-sevrer-votre-bebe-du-lait-maternise\/"]}]},{"@type":"ImageObject","inLanguage":"fr-BE","@id":"https:\/\/vieassociative.be\/actualites\/comment-et-quand-sevrer-votre-bebe-du-lait-maternise\/#primaryimage","url":"https:\/\/vieassociative.be\/actualites\/wp-content\/uploads\/2024\/12\/Comment-et-quand-sevrer-votre-bebe-du-lait-maternise.jpg","contentUrl":"https:\/\/vieassociative.be\/actualites\/wp-content\/uploads\/2024\/12\/Comment-et-quand-sevrer-votre-bebe-du-lait-maternise.jpg","width":1200,"height":675,"caption":"Comment (et quand) sevrer votre b\u00e9b\u00e9 du lait maternis\u00e9"},{"@type":"BreadcrumbList","@id":"https:\/\/vieassociative.be\/actualites\/comment-et-quand-sevrer-votre-bebe-du-lait-maternise\/#breadcrumb","itemListElement":[{"@type":"ListItem","position":1,"name":"Accueil","item":"https:\/\/vieassociative.be\/actualites\/"},{"@type":"ListItem","position":2,"name":"Comment (et quand) sevrer votre b\u00e9b\u00e9 du lait maternis\u00e9"}]},{"@type":"WebSite","@id":"https:\/\/vieassociative.be\/actualites\/#website","url":"https:\/\/vieassociative.be\/actualites\/","name":"Vie Associative","description":"","publisher":{"@id":"https:\/\/vieassociative.be\/actualites\/#organization"},"potentialAction":[{"@type":"SearchAction","target":{"@type":"EntryPoint","urlTemplate":"https:\/\/vieassociative.be\/actualites\/?s={search_term_string}"},"query-input":{"@type":"PropertyValueSpecification","valueRequired":true,"valueName":"search_term_string"}}],"inLanguage":"fr-BE"},{"@type":"Organization","@id":"https:\/\/vieassociative.be\/actualites\/#organization","name":"Vie Associative","url":"https:\/\/vieassociative.be\/actualites\/","logo":{"@type":"ImageObject","inLanguage":"fr-BE","@id":"https:\/\/vieassociative.be\/actualites\/#\/schema\/logo\/image\/","url":"https:\/\/vieassociative.be\/actualites\/wp-content\/uploads\/2024\/09\/cropped-vieassociative_favicon.ico.png","contentUrl":"https:\/\/vieassociative.be\/actualites\/wp-content\/uploads\/2024\/09\/cropped-vieassociative_favicon.ico.png","width":512,"height":512,"caption":"Vie Associative"},"image":{"@id":"https:\/\/vieassociative.be\/actualites\/#\/schema\/logo\/image\/"}},{"@type":"Person","@id":"https:\/\/vieassociative.be\/actualites\/#\/schema\/person\/b87ac4f82f9d4e7b7cec7395b679edc4","name":"Julien","image":{"@type":"ImageObject","inLanguage":"fr-BE","@id":"https:\/\/vieassociative.be\/actualites\/#\/schema\/person\/image\/","url":"https:\/\/vieassociative.be\/actualites\/wp-content\/uploads\/2024\/09\/vie-associative-1-150x150.jpg","contentUrl":"https:\/\/vieassociative.be\/actualites\/wp-content\/uploads\/2024\/09\/vie-associative-1-150x150.jpg","caption":"Julien"},"description":"Je suis Julien, r\u00e9dacteur pour Vie Associative. Passionn\u00e9 par le monde associatif depuis plus de 10 ans, j'ai \u00e0 c\u0153ur de partager des histoires inspirantes et de mettre en lumi\u00e8re les initiatives locales. Mon objectif est de sensibiliser et d'encourager l'engagement communautaire \u00e0 travers mes articles.","sameAs":["https:\/\/vieassociative.be\/"]}]}},"_links":{"self":[{"href":"https:\/\/vieassociative.be\/actualites\/wp-json\/wp\/v2\/posts\/3908"}],"collection":[{"href":"https:\/\/vieassociative.be\/actualites\/wp-json\/wp\/v2\/posts"}],"about":[{"href":"https:\/\/vieassociative.be\/actualites\/wp-json\/wp\/v2\/types\/post"}],"author":[{"embeddable":true,"href":"https:\/\/vieassociative.be\/actualites\/wp-json\/wp\/v2\/users\/1"}],"replies":[{"embeddable":true,"href":"https:\/\/vieassociative.be\/actualites\/wp-json\/wp\/v2\/comments?post=3908"}],"version-history":[{"count":0,"href":"https:\/\/vieassociative.be\/actualites\/wp-json\/wp\/v2\/posts\/3908\/revisions"}],"wp:featuredmedia":[{"embeddable":true,"href":"https:\/\/vieassociative.be\/actualites\/wp-json\/wp\/v2\/media\/3909"}],"wp:attachment":[{"href":"https:\/\/vieassociative.be\/actualites\/wp-json\/wp\/v2\/media?parent=3908"}],"wp:term":[{"taxonomy":"category","embeddable":true,"href":"https:\/\/vieassociative.be\/actualites\/wp-json\/wp\/v2\/categories?post=3908"},{"taxonomy":"post_tag","embeddable":true,"href":"https:\/\/vieassociative.be\/actualites\/wp-json\/wp\/v2\/tags?post=3908"}],"curies":[{"name":"wp","href":"https:\/\/api.w.org\/{rel}","templated":true}]}}