{"id":3902,"date":"2024-12-31T06:19:28","date_gmt":"2024-12-31T05:19:28","guid":{"rendered":"https:\/\/vieassociative.be\/actualites\/invitez-votre-enfant-a-prendre-une-douche-avec-le-hokey-pokey\/"},"modified":"2024-12-31T06:19:28","modified_gmt":"2024-12-31T05:19:28","slug":"invitez-votre-enfant-a-prendre-une-douche-avec-le-hokey-pokey","status":"publish","type":"post","link":"https:\/\/vieassociative.be\/actualites\/invitez-votre-enfant-a-prendre-une-douche-avec-le-hokey-pokey\/","title":{"rendered":"Invitez votre enfant \u00e0 prendre une douche avec le \u00ab Hokey Pokey \u00bb"},"content":{"rendered":"<div class=\"mt-4 leading-6 md:mb-8\">La curiosit\u00e9 les pousse \u00e0 mettre la main, puis vous chantez et ils continuent.<\/div>\n<p><\/p>\n<p>Ce week-end, j&rsquo;ai emmen\u00e9 ma fille de 5 ans en camping en chalet. Nous avions notre propre douche, mais il n\u2019y avait aucune baignoire \u00e0 des kilom\u00e8tres \u00e0 la ronde. Elle m&rsquo;a clairement dit qu&rsquo;elle le ferait <em>pas<\/em> prendre une douche, alors je me suis assur\u00e9 qu&rsquo;elle prenait un bain avant de quitter la maison et j&rsquo;ai pens\u00e9 que nous pourrions survivre au week-end avec des lingettes pour b\u00e9b\u00e9 et autres. Mais un jour, elle a jou\u00e9 dans la terre et est devenue sale, et pendant que je m&rsquo;essuyais les pieds avant de me coucher, elle a dit d&rsquo;un ton r\u00eaveur : \u00ab Je <em>souhait<\/em> Je pourrais prendre une douche.<\/p>\n<p>Je me suis rappel\u00e9 comment j&rsquo;avais amen\u00e9 son fr\u00e8re alors \u00e2g\u00e9 de 3 ans \u00e0 commencer \u00e0 prendre des douches apr\u00e8s ses cours de natation \u2013 en chantant le \u00ab Hokey Pokey \u00bb \u2013 et j&rsquo;ai pens\u00e9 : je dois reproduire cette exp\u00e9rience. <em>Est-ce que \u00e7a fonctionnera deux fois ?<\/em> (Spoiler\u00a0: c\u2019est le cas.)<\/p>\n<p>Si vous avez besoin d&rsquo;un rappel, le Hokey Pokey se pr\u00e9sente comme suit\u00a0: <\/p>\n<blockquote>\n<p>Tu mets ta main droite dedans<\/p>\n<\/blockquote>\n<blockquote>\n<p>Tu as tendu la main droite<\/p>\n<\/blockquote>\n<blockquote>\n<p>Vous mettez votre main droite dedans et vous la secouez partout<\/p>\n<\/blockquote>\n<blockquote>\n<p>Tu fais le Hokey Pokey et tu te retournes<\/p>\n<\/blockquote>\n<blockquote>\n<p>C&rsquo;est de \u00e7a qu&rsquo;il s&rsquo;agit !\ufeff<\/p>\n<\/p>\n<\/blockquote>\n<h2 id=\"how-to-actually-pull-it-off\">Comment y parvenir r\u00e9ellement<\/h2>\n<p>Nous profitons ici de la curiosit\u00e9 naturelle des enfants. Lorsqu\u2019ils voient une douche, ils ont peut-\u00eatre peur d\u2019y mettre le visage, mais ils sont curieux de savoir ce que cela ferait d\u2019y mettre la main. <\/p>\n<p>Alors n&rsquo;oubliez pas que nous ne for\u00e7ons rien, nous cr\u00e9ons simplement une opportunit\u00e9 d&rsquo;\u00eatre curieux. Je recommande fortement de dire \u00e0 l&rsquo;avance \u00e0 l&rsquo;enfant que vous allez le laisser sentir la douche, mais vous le ferez. <em>pas<\/em> leur demander de se mouiller le visage. (C&rsquo;est la partie la plus effrayante, et les visages peuvent toujours \u00eatre lav\u00e9s plus tard dans l&rsquo;\u00e9vier.)<\/p>\n<p>Je fais comme \u00e7a :<\/p>\n<ol>\n<li>\n<p>Avec l&rsquo;enfant loin de la douche, allumez-la et dirigez la pomme de douche vers le coin de la cabine, si possible.<\/p>\n<\/li>\n<li>\n<p>Ajustez la temp\u00e9rature. Quand c&rsquo;est parfait, appelez l&rsquo;enfant.<\/p>\n<\/li>\n<li>\n<p>Mettez votre main dans l&rsquo;eau et dites quelque chose comme \u00ab Oh, c&rsquo;est juste, pas trop chaud \u00bb. Demandez-leur de toucher l\u2019eau du bout des doigts. <\/p>\n<\/li>\n<li>\n<p>Puis vous chantez : \u00ab Tu mets ta main droite dedans, tu mets ta main droite dehors\u2026 \u00bb <\/p>\n<\/li>\n<li>\n<p>R\u00e9p\u00e9tez avec l\u2019autre main. <\/p>\n<\/li>\n<li>\n<p>Ensuite, un pied puis l&rsquo;autre. <\/p>\n<\/li>\n<\/ol>\n<p>Ici, nous avons atteint la partie d\u00e9licate. Si l&rsquo;enfant met seulement ses orteils dans l&rsquo;eau, faites quelques vers avec <em>bras<\/em> et <em>jambes<\/em> puisque tu l&rsquo;as d\u00e9j\u00e0 fait <em>mains<\/em> et <em>pieds<\/em>. <\/p>\n<p>Je sugg\u00e8re ensuite de faire \u00ab mettre vos fesses dedans \u00bb ensuite, parce que les fesses sont dr\u00f4les. N\u2019importe quel enfant avec un minimum d\u2019humour sera de la partie. Ensuite, nous nous occupons du ventre, peut-\u00eatre des \u00e9paules ou de la poitrine, et obtenons notre dipl\u00f4me pour \u00ab nous mettre tout entier dedans \u00bb. Ensuite, comme leur visage est encore sec, dites-leur de \u00ab mettre vos cheveux \u00bb et indiquez-leur de le faire en vous penchant en arri\u00e8re dans le jet d&rsquo;eau (plut\u00f4t qu&rsquo;en inclinant la t\u00eate en avant, ce qui est parfois leur instinct). <\/p>\n<p>\u00c7a y est, vous avez gagn\u00e9. <\/p>\n<p>Cela a fonctionn\u00e9 pour mon fils grincheux dans le vestiaire du YMCA et pour ma fille aventureuse dans la cabine de douche de la cabine. Elle riait et dansait tout le temps, et d\u00e8s que ses cheveux \u00e9taient mouill\u00e9s, elle demandait du shampoing. A la fin de la douche, elle s&rsquo;\u00e9tait m\u00eame lav\u00e9 le visage (sachant que j&rsquo;avais une serviette s\u00e8che en attente). Et puis elle a insist\u00e9 pour se doucher \u00e0 nouveau le matin, parce qu&rsquo;elle s&rsquo;\u00e9tait tellement amus\u00e9e. <\/p>\n<p><\/p>\n","protected":false},"excerpt":{"rendered":"<p>La curiosit\u00e9 les pousse \u00e0 mettre la main, puis vous chantez et ils continuent. Ce week-end, j&rsquo;ai emmen\u00e9 ma fille de 5 ans en camping<\/p>\n","protected":false},"author":1,"featured_media":3903,"comment_status":"","ping_status":"","sticky":false,"template":"","format":"standard","meta":{"footnotes":""},"categories":[37],"tags":[61,468,295,4385,4384,4386,886,110,8],"class_list":["post-3902","post","type-post","status-publish","format-standard","has-post-thumbnail","hentry","category-famille","tag-avec","tag-douche","tag-enfant","tag-hokey","tag-invitez","tag-pokey","tag-prendre","tag-une","tag-votre","generate-columns","tablet-grid-50","mobile-grid-100","grid-parent","grid-33"],"yoast_head":"<!-- This site is optimized with the Yoast SEO plugin v24.0 - https:\/\/yoast.com\/wordpress\/plugins\/seo\/ -->\n<title>Invitez votre enfant \u00e0 prendre une douche avec le \u00ab Hokey Pokey \u00bb | Vie Associative<\/title>\n<meta name=\"robots\" content=\"index, follow, max-snippet:-1, max-image-preview:large, max-video-preview:-1\" \/>\n<link rel=\"canonical\" href=\"https:\/\/vieassociative.be\/actualites\/invitez-votre-enfant-a-prendre-une-douche-avec-le-hokey-pokey\/\" \/>\n<meta property=\"og:locale\" content=\"fr_FR\" \/>\n<meta property=\"og:type\" content=\"article\" \/>\n<meta property=\"og:title\" content=\"Invitez votre enfant \u00e0 prendre une douche avec le \u00ab Hokey Pokey \u00bb | Vie Associative\" \/>\n<meta property=\"og:description\" content=\"La curiosit\u00e9 les pousse \u00e0 mettre la main, puis vous chantez et ils continuent. Ce week-end, j&rsquo;ai emmen\u00e9 ma fille de 5 ans en camping\" \/>\n<meta property=\"og:url\" content=\"https:\/\/vieassociative.be\/actualites\/invitez-votre-enfant-a-prendre-une-douche-avec-le-hokey-pokey\/\" \/>\n<meta property=\"og:site_name\" content=\"Vie Associative\" \/>\n<meta property=\"article:published_time\" content=\"2024-12-31T05:19:28+00:00\" \/>\n<meta property=\"og:image\" content=\"https:\/\/vieassociative.be\/actualites\/wp-content\/uploads\/2024\/09\/header_backgroundk-01-e1726694325946.png\" \/>\n\t<meta property=\"og:image:width\" content=\"279\" \/>\n\t<meta property=\"og:image:height\" content=\"92\" \/>\n\t<meta property=\"og:image:type\" content=\"image\/png\" \/>\n<meta name=\"author\" content=\"Julien\" \/>\n<meta name=\"twitter:card\" content=\"summary_large_image\" \/>\n<meta name=\"twitter:label1\" content=\"\u00c9crit par\" \/>\n\t<meta name=\"twitter:data1\" content=\"Julien\" \/>\n\t<meta name=\"twitter:label2\" content=\"Dur\u00e9e de lecture est.\" \/>\n\t<meta name=\"twitter:data2\" content=\"3 minutes\" \/>\n<script type=\"application\/ld+json\" class=\"yoast-schema-graph\">{\"@context\":\"https:\/\/schema.org\",\"@graph\":[{\"@type\":\"Article\",\"@id\":\"https:\/\/vieassociative.be\/actualites\/invitez-votre-enfant-a-prendre-une-douche-avec-le-hokey-pokey\/#article\",\"isPartOf\":{\"@id\":\"https:\/\/vieassociative.be\/actualites\/invitez-votre-enfant-a-prendre-une-douche-avec-le-hokey-pokey\/\"},\"author\":{\"name\":\"Julien\",\"@id\":\"https:\/\/vieassociative.be\/actualites\/#\/schema\/person\/b87ac4f82f9d4e7b7cec7395b679edc4\"},\"headline\":\"Invitez votre enfant \u00e0 prendre une douche avec le \u00ab Hokey Pokey \u00bb\",\"datePublished\":\"2024-12-31T05:19:28+00:00\",\"dateModified\":\"2024-12-31T05:19:28+00:00\",\"mainEntityOfPage\":{\"@id\":\"https:\/\/vieassociative.be\/actualites\/invitez-votre-enfant-a-prendre-une-douche-avec-le-hokey-pokey\/\"},\"wordCount\":678,\"publisher\":{\"@id\":\"https:\/\/vieassociative.be\/actualites\/#organization\"},\"image\":{\"@id\":\"https:\/\/vieassociative.be\/actualites\/invitez-votre-enfant-a-prendre-une-douche-avec-le-hokey-pokey\/#primaryimage\"},\"thumbnailUrl\":\"https:\/\/vieassociative.be\/actualites\/wp-content\/uploads\/2024\/12\/Invitez-votre-enfant-a-prendre-une-douche-avec-le.jpg\",\"keywords\":[\"avec\",\"douche\",\"enfant\",\"Hokey\",\"Invitez\",\"Pokey\",\"prendre\",\"une\",\"votre\"],\"articleSection\":[\"Famille\"],\"inLanguage\":\"fr-BE\"},{\"@type\":\"WebPage\",\"@id\":\"https:\/\/vieassociative.be\/actualites\/invitez-votre-enfant-a-prendre-une-douche-avec-le-hokey-pokey\/\",\"url\":\"https:\/\/vieassociative.be\/actualites\/invitez-votre-enfant-a-prendre-une-douche-avec-le-hokey-pokey\/\",\"name\":\"Invitez votre enfant \u00e0 prendre une douche avec le \u00ab Hokey Pokey \u00bb | Vie Associative\",\"isPartOf\":{\"@id\":\"https:\/\/vieassociative.be\/actualites\/#website\"},\"primaryImageOfPage\":{\"@id\":\"https:\/\/vieassociative.be\/actualites\/invitez-votre-enfant-a-prendre-une-douche-avec-le-hokey-pokey\/#primaryimage\"},\"image\":{\"@id\":\"https:\/\/vieassociative.be\/actualites\/invitez-votre-enfant-a-prendre-une-douche-avec-le-hokey-pokey\/#primaryimage\"},\"thumbnailUrl\":\"https:\/\/vieassociative.be\/actualites\/wp-content\/uploads\/2024\/12\/Invitez-votre-enfant-a-prendre-une-douche-avec-le.jpg\",\"datePublished\":\"2024-12-31T05:19:28+00:00\",\"dateModified\":\"2024-12-31T05:19:28+00:00\",\"breadcrumb\":{\"@id\":\"https:\/\/vieassociative.be\/actualites\/invitez-votre-enfant-a-prendre-une-douche-avec-le-hokey-pokey\/#breadcrumb\"},\"inLanguage\":\"fr-BE\",\"potentialAction\":[{\"@type\":\"ReadAction\",\"target\":[\"https:\/\/vieassociative.be\/actualites\/invitez-votre-enfant-a-prendre-une-douche-avec-le-hokey-pokey\/\"]}]},{\"@type\":\"ImageObject\",\"inLanguage\":\"fr-BE\",\"@id\":\"https:\/\/vieassociative.be\/actualites\/invitez-votre-enfant-a-prendre-une-douche-avec-le-hokey-pokey\/#primaryimage\",\"url\":\"https:\/\/vieassociative.be\/actualites\/wp-content\/uploads\/2024\/12\/Invitez-votre-enfant-a-prendre-une-douche-avec-le.jpg\",\"contentUrl\":\"https:\/\/vieassociative.be\/actualites\/wp-content\/uploads\/2024\/12\/Invitez-votre-enfant-a-prendre-une-douche-avec-le.jpg\",\"width\":1200,\"height\":675,\"caption\":\"Invitez votre enfant \u00e0 prendre une douche avec le \u00ab Hokey Pokey \u00bb\"},{\"@type\":\"BreadcrumbList\",\"@id\":\"https:\/\/vieassociative.be\/actualites\/invitez-votre-enfant-a-prendre-une-douche-avec-le-hokey-pokey\/#breadcrumb\",\"itemListElement\":[{\"@type\":\"ListItem\",\"position\":1,\"name\":\"Accueil\",\"item\":\"https:\/\/vieassociative.be\/actualites\/\"},{\"@type\":\"ListItem\",\"position\":2,\"name\":\"Invitez votre enfant \u00e0 prendre une douche avec le \u00ab Hokey Pokey \u00bb\"}]},{\"@type\":\"WebSite\",\"@id\":\"https:\/\/vieassociative.be\/actualites\/#website\",\"url\":\"https:\/\/vieassociative.be\/actualites\/\",\"name\":\"Vie Associative\",\"description\":\"\",\"publisher\":{\"@id\":\"https:\/\/vieassociative.be\/actualites\/#organization\"},\"potentialAction\":[{\"@type\":\"SearchAction\",\"target\":{\"@type\":\"EntryPoint\",\"urlTemplate\":\"https:\/\/vieassociative.be\/actualites\/?s={search_term_string}\"},\"query-input\":{\"@type\":\"PropertyValueSpecification\",\"valueRequired\":true,\"valueName\":\"search_term_string\"}}],\"inLanguage\":\"fr-BE\"},{\"@type\":\"Organization\",\"@id\":\"https:\/\/vieassociative.be\/actualites\/#organization\",\"name\":\"Vie Associative\",\"url\":\"https:\/\/vieassociative.be\/actualites\/\",\"logo\":{\"@type\":\"ImageObject\",\"inLanguage\":\"fr-BE\",\"@id\":\"https:\/\/vieassociative.be\/actualites\/#\/schema\/logo\/image\/\",\"url\":\"https:\/\/vieassociative.be\/actualites\/wp-content\/uploads\/2024\/09\/cropped-vieassociative_favicon.ico.png\",\"contentUrl\":\"https:\/\/vieassociative.be\/actualites\/wp-content\/uploads\/2024\/09\/cropped-vieassociative_favicon.ico.png\",\"width\":512,\"height\":512,\"caption\":\"Vie Associative\"},\"image\":{\"@id\":\"https:\/\/vieassociative.be\/actualites\/#\/schema\/logo\/image\/\"}},{\"@type\":\"Person\",\"@id\":\"https:\/\/vieassociative.be\/actualites\/#\/schema\/person\/b87ac4f82f9d4e7b7cec7395b679edc4\",\"name\":\"Julien\",\"image\":{\"@type\":\"ImageObject\",\"inLanguage\":\"fr-BE\",\"@id\":\"https:\/\/vieassociative.be\/actualites\/#\/schema\/person\/image\/\",\"url\":\"https:\/\/vieassociative.be\/actualites\/wp-content\/uploads\/2024\/09\/vie-associative-1-150x150.jpg\",\"contentUrl\":\"https:\/\/vieassociative.be\/actualites\/wp-content\/uploads\/2024\/09\/vie-associative-1-150x150.jpg\",\"caption\":\"Julien\"},\"description\":\"Je suis Julien, r\u00e9dacteur pour Vie Associative. Passionn\u00e9 par le monde associatif depuis plus de 10 ans, j'ai \u00e0 c\u0153ur de partager des histoires inspirantes et de mettre en lumi\u00e8re les initiatives locales. Mon objectif est de sensibiliser et d'encourager l'engagement communautaire \u00e0 travers mes articles.\",\"sameAs\":[\"https:\/\/vieassociative.be\/\"]}]}<\/script>\n<!-- \/ Yoast SEO plugin. -->","yoast_head_json":{"title":"Invitez votre enfant \u00e0 prendre une douche avec le \u00ab Hokey Pokey \u00bb | Vie Associative","robots":{"index":"index","follow":"follow","max-snippet":"max-snippet:-1","max-image-preview":"max-image-preview:large","max-video-preview":"max-video-preview:-1"},"canonical":"https:\/\/vieassociative.be\/actualites\/invitez-votre-enfant-a-prendre-une-douche-avec-le-hokey-pokey\/","og_locale":"fr_FR","og_type":"article","og_title":"Invitez votre enfant \u00e0 prendre une douche avec le \u00ab Hokey Pokey \u00bb | Vie Associative","og_description":"La curiosit\u00e9 les pousse \u00e0 mettre la main, puis vous chantez et ils continuent. Ce week-end, j&rsquo;ai emmen\u00e9 ma fille de 5 ans en camping","og_url":"https:\/\/vieassociative.be\/actualites\/invitez-votre-enfant-a-prendre-une-douche-avec-le-hokey-pokey\/","og_site_name":"Vie Associative","article_published_time":"2024-12-31T05:19:28+00:00","og_image":[{"width":279,"height":92,"url":"https:\/\/vieassociative.be\/actualites\/wp-content\/uploads\/2024\/09\/header_backgroundk-01-e1726694325946.png","type":"image\/png"}],"author":"Julien","twitter_card":"summary_large_image","twitter_misc":{"\u00c9crit par":"Julien","Dur\u00e9e de lecture est.":"3 minutes"},"schema":{"@context":"https:\/\/schema.org","@graph":[{"@type":"Article","@id":"https:\/\/vieassociative.be\/actualites\/invitez-votre-enfant-a-prendre-une-douche-avec-le-hokey-pokey\/#article","isPartOf":{"@id":"https:\/\/vieassociative.be\/actualites\/invitez-votre-enfant-a-prendre-une-douche-avec-le-hokey-pokey\/"},"author":{"name":"Julien","@id":"https:\/\/vieassociative.be\/actualites\/#\/schema\/person\/b87ac4f82f9d4e7b7cec7395b679edc4"},"headline":"Invitez votre enfant \u00e0 prendre une douche avec le \u00ab Hokey Pokey \u00bb","datePublished":"2024-12-31T05:19:28+00:00","dateModified":"2024-12-31T05:19:28+00:00","mainEntityOfPage":{"@id":"https:\/\/vieassociative.be\/actualites\/invitez-votre-enfant-a-prendre-une-douche-avec-le-hokey-pokey\/"},"wordCount":678,"publisher":{"@id":"https:\/\/vieassociative.be\/actualites\/#organization"},"image":{"@id":"https:\/\/vieassociative.be\/actualites\/invitez-votre-enfant-a-prendre-une-douche-avec-le-hokey-pokey\/#primaryimage"},"thumbnailUrl":"https:\/\/vieassociative.be\/actualites\/wp-content\/uploads\/2024\/12\/Invitez-votre-enfant-a-prendre-une-douche-avec-le.jpg","keywords":["avec","douche","enfant","Hokey","Invitez","Pokey","prendre","une","votre"],"articleSection":["Famille"],"inLanguage":"fr-BE"},{"@type":"WebPage","@id":"https:\/\/vieassociative.be\/actualites\/invitez-votre-enfant-a-prendre-une-douche-avec-le-hokey-pokey\/","url":"https:\/\/vieassociative.be\/actualites\/invitez-votre-enfant-a-prendre-une-douche-avec-le-hokey-pokey\/","name":"Invitez votre enfant \u00e0 prendre une douche avec le \u00ab Hokey Pokey \u00bb | Vie Associative","isPartOf":{"@id":"https:\/\/vieassociative.be\/actualites\/#website"},"primaryImageOfPage":{"@id":"https:\/\/vieassociative.be\/actualites\/invitez-votre-enfant-a-prendre-une-douche-avec-le-hokey-pokey\/#primaryimage"},"image":{"@id":"https:\/\/vieassociative.be\/actualites\/invitez-votre-enfant-a-prendre-une-douche-avec-le-hokey-pokey\/#primaryimage"},"thumbnailUrl":"https:\/\/vieassociative.be\/actualites\/wp-content\/uploads\/2024\/12\/Invitez-votre-enfant-a-prendre-une-douche-avec-le.jpg","datePublished":"2024-12-31T05:19:28+00:00","dateModified":"2024-12-31T05:19:28+00:00","breadcrumb":{"@id":"https:\/\/vieassociative.be\/actualites\/invitez-votre-enfant-a-prendre-une-douche-avec-le-hokey-pokey\/#breadcrumb"},"inLanguage":"fr-BE","potentialAction":[{"@type":"ReadAction","target":["https:\/\/vieassociative.be\/actualites\/invitez-votre-enfant-a-prendre-une-douche-avec-le-hokey-pokey\/"]}]},{"@type":"ImageObject","inLanguage":"fr-BE","@id":"https:\/\/vieassociative.be\/actualites\/invitez-votre-enfant-a-prendre-une-douche-avec-le-hokey-pokey\/#primaryimage","url":"https:\/\/vieassociative.be\/actualites\/wp-content\/uploads\/2024\/12\/Invitez-votre-enfant-a-prendre-une-douche-avec-le.jpg","contentUrl":"https:\/\/vieassociative.be\/actualites\/wp-content\/uploads\/2024\/12\/Invitez-votre-enfant-a-prendre-une-douche-avec-le.jpg","width":1200,"height":675,"caption":"Invitez votre enfant \u00e0 prendre une douche avec le \u00ab Hokey Pokey \u00bb"},{"@type":"BreadcrumbList","@id":"https:\/\/vieassociative.be\/actualites\/invitez-votre-enfant-a-prendre-une-douche-avec-le-hokey-pokey\/#breadcrumb","itemListElement":[{"@type":"ListItem","position":1,"name":"Accueil","item":"https:\/\/vieassociative.be\/actualites\/"},{"@type":"ListItem","position":2,"name":"Invitez votre enfant \u00e0 prendre une douche avec le \u00ab Hokey Pokey \u00bb"}]},{"@type":"WebSite","@id":"https:\/\/vieassociative.be\/actualites\/#website","url":"https:\/\/vieassociative.be\/actualites\/","name":"Vie Associative","description":"","publisher":{"@id":"https:\/\/vieassociative.be\/actualites\/#organization"},"potentialAction":[{"@type":"SearchAction","target":{"@type":"EntryPoint","urlTemplate":"https:\/\/vieassociative.be\/actualites\/?s={search_term_string}"},"query-input":{"@type":"PropertyValueSpecification","valueRequired":true,"valueName":"search_term_string"}}],"inLanguage":"fr-BE"},{"@type":"Organization","@id":"https:\/\/vieassociative.be\/actualites\/#organization","name":"Vie Associative","url":"https:\/\/vieassociative.be\/actualites\/","logo":{"@type":"ImageObject","inLanguage":"fr-BE","@id":"https:\/\/vieassociative.be\/actualites\/#\/schema\/logo\/image\/","url":"https:\/\/vieassociative.be\/actualites\/wp-content\/uploads\/2024\/09\/cropped-vieassociative_favicon.ico.png","contentUrl":"https:\/\/vieassociative.be\/actualites\/wp-content\/uploads\/2024\/09\/cropped-vieassociative_favicon.ico.png","width":512,"height":512,"caption":"Vie Associative"},"image":{"@id":"https:\/\/vieassociative.be\/actualites\/#\/schema\/logo\/image\/"}},{"@type":"Person","@id":"https:\/\/vieassociative.be\/actualites\/#\/schema\/person\/b87ac4f82f9d4e7b7cec7395b679edc4","name":"Julien","image":{"@type":"ImageObject","inLanguage":"fr-BE","@id":"https:\/\/vieassociative.be\/actualites\/#\/schema\/person\/image\/","url":"https:\/\/vieassociative.be\/actualites\/wp-content\/uploads\/2024\/09\/vie-associative-1-150x150.jpg","contentUrl":"https:\/\/vieassociative.be\/actualites\/wp-content\/uploads\/2024\/09\/vie-associative-1-150x150.jpg","caption":"Julien"},"description":"Je suis Julien, r\u00e9dacteur pour Vie Associative. Passionn\u00e9 par le monde associatif depuis plus de 10 ans, j'ai \u00e0 c\u0153ur de partager des histoires inspirantes et de mettre en lumi\u00e8re les initiatives locales. Mon objectif est de sensibiliser et d'encourager l'engagement communautaire \u00e0 travers mes articles.","sameAs":["https:\/\/vieassociative.be\/"]}]}},"_links":{"self":[{"href":"https:\/\/vieassociative.be\/actualites\/wp-json\/wp\/v2\/posts\/3902"}],"collection":[{"href":"https:\/\/vieassociative.be\/actualites\/wp-json\/wp\/v2\/posts"}],"about":[{"href":"https:\/\/vieassociative.be\/actualites\/wp-json\/wp\/v2\/types\/post"}],"author":[{"embeddable":true,"href":"https:\/\/vieassociative.be\/actualites\/wp-json\/wp\/v2\/users\/1"}],"replies":[{"embeddable":true,"href":"https:\/\/vieassociative.be\/actualites\/wp-json\/wp\/v2\/comments?post=3902"}],"version-history":[{"count":0,"href":"https:\/\/vieassociative.be\/actualites\/wp-json\/wp\/v2\/posts\/3902\/revisions"}],"wp:featuredmedia":[{"embeddable":true,"href":"https:\/\/vieassociative.be\/actualites\/wp-json\/wp\/v2\/media\/3903"}],"wp:attachment":[{"href":"https:\/\/vieassociative.be\/actualites\/wp-json\/wp\/v2\/media?parent=3902"}],"wp:term":[{"taxonomy":"category","embeddable":true,"href":"https:\/\/vieassociative.be\/actualites\/wp-json\/wp\/v2\/categories?post=3902"},{"taxonomy":"post_tag","embeddable":true,"href":"https:\/\/vieassociative.be\/actualites\/wp-json\/wp\/v2\/tags?post=3902"}],"curies":[{"name":"wp","href":"https:\/\/api.w.org\/{rel}","templated":true}]}}