{"id":390,"date":"2024-09-24T02:39:17","date_gmt":"2024-09-24T00:39:17","guid":{"rendered":"https:\/\/vieassociative.be\/actualites\/comment-aider-votre-enfant-sensible-au-bruit\/"},"modified":"2024-09-24T02:39:17","modified_gmt":"2024-09-24T00:39:17","slug":"comment-aider-votre-enfant-sensible-au-bruit","status":"publish","type":"post","link":"https:\/\/vieassociative.be\/actualites\/comment-aider-votre-enfant-sensible-au-bruit\/","title":{"rendered":"Comment aider votre enfant sensible au bruit"},"content":{"rendered":"<div class=\"mt-4 leading-6 md:mb-8\">De fortes r\u00e9actions \u00e0 des sons qui semblent normaux pour les autres peuvent survenir fr\u00e9quemment chez les enfants.<\/div>\n<p><\/p>\n<p>C&rsquo;\u00e9tait une journ\u00e9e typique lorsque mon plus jeune fils, \u00e2g\u00e9 de cinq ans \u00e0 peine, a soudainement sembl\u00e9 terrifi\u00e9. Les s\u00e8che-mains de la salle de bains que nous utilisions \u00e9taient un peu trop bruyants pour lui et l&rsquo;augmentation soudaine du bruit a sembl\u00e9 le surprendre. Cet incident n&rsquo;\u00e9tait pas la premi\u00e8re fois qu&rsquo;une telle chose se produisait : il avait une r\u00e9action similaire chaque fois que l&rsquo;aspirateur \u00e9tait allum\u00e9 ou que ma femme utilisait son s\u00e8che-cheveux. <\/p>\n<p>Les enfants peuvent souvent r\u00e9agir violemment \u00e0 des sons qui semblent normaux pour les autres, comme dans mon exemple personnel ci-dessus. Ce trouble s&rsquo;appelle l&rsquo;hyperacousie, et est fr\u00e9quent chez les enfants d&rsquo;\u00e2ge pr\u00e9scolaire. Pour ceux qui en souffrent, m\u00eame les sons du quotidien peuvent provoquer de la douleur et de l&rsquo;inconfort. <\/p>\n<p>\u00ab Nous pensons davantage \u00e0 la fa\u00e7on dont (les enfants) traitent les sons dans leur cerveau, plut\u00f4t qu&rsquo;\u00e0 leurs structures auditives \u00bb, explique le Dr Aditi Arvind Bhuskute, professeur adjoint au d\u00e9partement d&rsquo;oto-rhino-laryngologie de l&rsquo;h\u00f4pital pour enfants de l&rsquo;UC Davis.<\/p>\n<p>Le probl\u00e8me ne r\u00e9side pas dans les oreilles, mais dans la fa\u00e7on dont le cerveau interpr\u00e8te et r\u00e9agit aux sons. L&rsquo;hyperacousie est un trouble dont la plupart des enfants peuvent se d\u00e9barrasser en grandissant, mais en attendant, il existe des moyens efficaces de g\u00e9rer les sympt\u00f4mes de cette maladie. Nous allons explorer certaines strat\u00e9gies pour rendre les sons forts plus faciles \u00e0 tol\u00e9rer pour votre jeune enfant. <\/p>\n<h2 id=\"the-difference-between-hearing-loss-and-hearing-sensitivity\">La diff\u00e9rence entre la perte auditive et la sensibilit\u00e9 auditive<\/h2>\n<p>Bien qu\u2019elle s\u2019accompagne souvent d\u2019acouph\u00e8nes, une affection g\u00e9n\u00e9ralement associ\u00e9e \u00e0 une perte auditive impliquant des bourdonnements, des sifflements, des clics ou des rugissements dans vos oreilles, l\u2019hyperacousie n\u2019est pas la m\u00eame chose que la perte auditive.<\/p>\n<p>Selon l\u2019Organisation mondiale de la sant\u00e9, les personnes qui n\u2019entendent pas aussi bien qu\u2019une personne ayant une audition normale (seuil d\u2019audition de 20 dB ou plus dans les deux oreilles) souffrent d\u2019une perte auditive, qui peut affecter une ou les deux oreilles et varier de l\u00e9g\u00e8re \u00e0 s\u00e9v\u00e8re. Les personnes atteintes d\u2019une perte auditive ont du mal \u00e0 entendre les conversations ou les sons forts.<\/p>\n<p>\u00ab La perte auditive est assez bien d\u00e9finie \u00bb, explique Bhuskute. \u00ab Nous disposons de m\u00e9thodes tr\u00e8s structur\u00e9es pour diagnostiquer et traiter la perte auditive chez les enfants. \u00bb<\/p>\n<p>L&rsquo;hyperacousie, en revanche, est l&rsquo;incapacit\u00e9 \u00e0 tol\u00e9rer des sons courants et familiers \u00e0 un volume ou une hauteur qui seraient normaux pour d&rsquo;autres, comme dans un gymnase, un restaurant bond\u00e9 ou un s\u00e8che-mains dans les toilettes. Voir votre enfant se couvrir les oreilles, pleurer ou devenir anxieux et \u00e9viter certains endroits peut \u00eatre un signe qu&rsquo;il souffre d&rsquo;une sensibilit\u00e9 au bruit. <\/p>\n<p>\u00ab Nous ne disposons pas d&rsquo;un test qui montre qu&rsquo;une personne est tr\u00e8s sensible au bruit, car nous \u00e9valuons l&rsquo;audition en fonction des sons \u00e9mis dans une cabine d&rsquo;audiologie silencieuse \u00bb, explique Bhuskute. \u00ab Si un enfant a une audition tout \u00e0 fait normale, nous n&rsquo;avons aucune autre raison pour laquelle il est sensible au bruit. \u00bb <\/p>\n<h2 id=\"how-do-i-know-if-hyperacusis-is-part-of-a-more-significant-condition\">Comment savoir si l\u2019hyperacousie fait partie d\u2019une affection plus grave ?<\/h2>\n<p>Comme indiqu\u00e9 ci-dessus, la plupart des enfants perdent leur sensibilit\u00e9 au son et au bruit avec le temps. Cependant, les sympt\u00f4mes peuvent persister chez les personnes pr\u00e9sentant des probl\u00e8mes de d\u00e9veloppement neurologique, comme les personnes atteintes d&rsquo;autisme ou de trouble d\u00e9ficitaire de l&rsquo;attention\/hyperactivit\u00e9 (TDAH). Les pr\u00e9f\u00e9rences des enfants neurodivergents quant \u00e0 la fa\u00e7on dont ils traitent les informations sensorielles peuvent se manifester de plusieurs fa\u00e7ons, depuis leur appr\u00e9ciation des aliments d&rsquo;une texture sp\u00e9cifique jusqu&rsquo;\u00e0 leur aversion pour certains sons et bruits.<\/p>\n<p>Si vous pensez que l&rsquo;hyperacousie pourrait indiquer une maladie neurodivergente, Bhuskute recommande de consulter un p\u00e9diatre du d\u00e9veloppement ou un psychologue. Ils peuvent examiner et surveiller votre enfant pour d\u00e9tecter tout probl\u00e8me de d\u00e9veloppement ou de comportement. Elle recommande \u00e9galement de garder une ligne ouverte avec l&rsquo;enseignant de votre enfant.<\/p>\n<p>\u00ab Certaines inqui\u00e9tudes qu&rsquo;un enseignant peut avoir surviennent souvent la premi\u00e8re fois que les parents remarquent qu&rsquo;il y a un probl\u00e8me \u00bb, explique Bhuskute.<\/p>\n<h2 id=\"how-do-i-manage-my-childs-hyperacusis\">Comment g\u00e9rer l\u2019hyperacousie de mon enfant?<\/h2>\n<p>Heureusement, en tant que parents, vous avez le pouvoir d\u2019aider vos enfants \u00e0 g\u00e9rer leur sensibilit\u00e9 aux bruits et aux sons forts. Il existe plusieurs strat\u00e9gies qui peuvent s\u2019av\u00e9rer efficaces. <\/p>\n<h3>Utilisez des \u00e9couteurs antibruit ou des bouchons d&rsquo;oreilles<\/h3>\n<p>Les enfants, qu&rsquo;ils soient sensibles au bruit ou non, doivent porter des protections auditives lors des concerts ou autres environnements bruyants. Cependant, si les sons forts rendent votre enfant physiquement mal \u00e0 l&rsquo;aise dans un environnement normal, donnez-lui la possibilit\u00e9 de porter des bouchons d&rsquo;oreilles ou un casque. <\/p>\n<h3>Pr\u00e9venez-les que du bruit arrive<\/h3>\n<p>Si vous savez que vous allez passer l&rsquo;aspirateur, mettre en marche un mixeur ou utiliser un s\u00e8che-mains, pr\u00e9venez votre enfant \u00e0 l&rsquo;avance afin qu&rsquo;il soit d\u00e9tendu et pr\u00e9par\u00e9 au moment de l&rsquo;utilisation. Il peut se boucher les oreilles s&rsquo;il n&rsquo;aime pas ce bruit.<\/p>\n<h3>Encouragez-les \u00e0 faire leurs propres sons<\/h3>\n<p>Taper dans leurs mains, taper dans leurs mains et allumer l\u2019aspirateur par eux-m\u00eames peuvent donner aux enfants le contr\u00f4le des bruits qu\u2019ils n\u2019aiment pas, rendant un environnement bruyant moins stressant (pour eux, pour vous, pas tellement).<\/p>\n<h3>Utilisez une machine \u00e0 bruit blanc<\/h3>\n<p>L\u2019augmentation des bruits de fond peut rendre les bruits forts et soudains moins surprenants. <\/p>\n","protected":false},"excerpt":{"rendered":"<p>De fortes r\u00e9actions \u00e0 des sons qui semblent normaux pour les autres peuvent survenir fr\u00e9quemment chez les enfants. C&rsquo;\u00e9tait une journ\u00e9e typique lorsque mon plus<\/p>\n","protected":false},"author":1,"featured_media":391,"comment_status":"","ping_status":"","sticky":false,"template":"","format":"standard","meta":{"footnotes":""},"categories":[37],"tags":[294,629,44,295,8],"class_list":["post-390","post","type-post","status-publish","format-standard","has-post-thumbnail","hentry","category-famille","tag-aider","tag-bruit","tag-comment","tag-enfant","tag-votre","generate-columns","tablet-grid-50","mobile-grid-100","grid-parent","grid-33"],"yoast_head":"<!-- This site is optimized with the Yoast SEO plugin v24.0 - https:\/\/yoast.com\/wordpress\/plugins\/seo\/ -->\n<title>Comment aider votre enfant sensible au bruit | Vie Associative<\/title>\n<meta name=\"robots\" content=\"index, follow, max-snippet:-1, max-image-preview:large, max-video-preview:-1\" \/>\n<link rel=\"canonical\" href=\"https:\/\/vieassociative.be\/actualites\/comment-aider-votre-enfant-sensible-au-bruit\/\" \/>\n<meta property=\"og:locale\" content=\"fr_FR\" \/>\n<meta property=\"og:type\" content=\"article\" \/>\n<meta property=\"og:title\" content=\"Comment aider votre enfant sensible au bruit | Vie Associative\" \/>\n<meta property=\"og:description\" content=\"De fortes r\u00e9actions \u00e0 des sons qui semblent normaux pour les autres peuvent survenir fr\u00e9quemment chez les enfants. C&rsquo;\u00e9tait une journ\u00e9e typique lorsque mon plus\" \/>\n<meta property=\"og:url\" content=\"https:\/\/vieassociative.be\/actualites\/comment-aider-votre-enfant-sensible-au-bruit\/\" \/>\n<meta property=\"og:site_name\" content=\"Vie Associative\" \/>\n<meta property=\"article:published_time\" content=\"2024-09-24T00:39:17+00:00\" \/>\n<meta property=\"og:image\" content=\"https:\/\/vieassociative.be\/actualites\/wp-content\/uploads\/2024\/09\/header_backgroundk-01-e1726694325946.png\" \/>\n\t<meta property=\"og:image:width\" content=\"279\" \/>\n\t<meta property=\"og:image:height\" content=\"92\" \/>\n\t<meta property=\"og:image:type\" content=\"image\/png\" \/>\n<meta name=\"author\" content=\"Julien\" \/>\n<meta name=\"twitter:card\" content=\"summary_large_image\" \/>\n<meta name=\"twitter:label1\" content=\"\u00c9crit par\" \/>\n\t<meta name=\"twitter:data1\" content=\"Julien\" \/>\n\t<meta name=\"twitter:label2\" content=\"Dur\u00e9e de lecture est.\" \/>\n\t<meta name=\"twitter:data2\" content=\"5 minutes\" \/>\n<script type=\"application\/ld+json\" class=\"yoast-schema-graph\">{\"@context\":\"https:\/\/schema.org\",\"@graph\":[{\"@type\":\"Article\",\"@id\":\"https:\/\/vieassociative.be\/actualites\/comment-aider-votre-enfant-sensible-au-bruit\/#article\",\"isPartOf\":{\"@id\":\"https:\/\/vieassociative.be\/actualites\/comment-aider-votre-enfant-sensible-au-bruit\/\"},\"author\":{\"name\":\"Julien\",\"@id\":\"https:\/\/vieassociative.be\/actualites\/#\/schema\/person\/b87ac4f82f9d4e7b7cec7395b679edc4\"},\"headline\":\"Comment aider votre enfant sensible au bruit\",\"datePublished\":\"2024-09-24T00:39:17+00:00\",\"dateModified\":\"2024-09-24T00:39:17+00:00\",\"mainEntityOfPage\":{\"@id\":\"https:\/\/vieassociative.be\/actualites\/comment-aider-votre-enfant-sensible-au-bruit\/\"},\"wordCount\":986,\"publisher\":{\"@id\":\"https:\/\/vieassociative.be\/actualites\/#organization\"},\"image\":{\"@id\":\"https:\/\/vieassociative.be\/actualites\/comment-aider-votre-enfant-sensible-au-bruit\/#primaryimage\"},\"thumbnailUrl\":\"https:\/\/vieassociative.be\/actualites\/wp-content\/uploads\/2024\/09\/Comment-aider-votre-enfant-sensible-au-bruit.jpg\",\"keywords\":[\"aider\",\"bruit\",\"Comment\",\"enfant\",\"votre\"],\"articleSection\":[\"Famille\"],\"inLanguage\":\"fr-BE\"},{\"@type\":\"WebPage\",\"@id\":\"https:\/\/vieassociative.be\/actualites\/comment-aider-votre-enfant-sensible-au-bruit\/\",\"url\":\"https:\/\/vieassociative.be\/actualites\/comment-aider-votre-enfant-sensible-au-bruit\/\",\"name\":\"Comment aider votre enfant sensible au bruit | Vie Associative\",\"isPartOf\":{\"@id\":\"https:\/\/vieassociative.be\/actualites\/#website\"},\"primaryImageOfPage\":{\"@id\":\"https:\/\/vieassociative.be\/actualites\/comment-aider-votre-enfant-sensible-au-bruit\/#primaryimage\"},\"image\":{\"@id\":\"https:\/\/vieassociative.be\/actualites\/comment-aider-votre-enfant-sensible-au-bruit\/#primaryimage\"},\"thumbnailUrl\":\"https:\/\/vieassociative.be\/actualites\/wp-content\/uploads\/2024\/09\/Comment-aider-votre-enfant-sensible-au-bruit.jpg\",\"datePublished\":\"2024-09-24T00:39:17+00:00\",\"dateModified\":\"2024-09-24T00:39:17+00:00\",\"breadcrumb\":{\"@id\":\"https:\/\/vieassociative.be\/actualites\/comment-aider-votre-enfant-sensible-au-bruit\/#breadcrumb\"},\"inLanguage\":\"fr-BE\",\"potentialAction\":[{\"@type\":\"ReadAction\",\"target\":[\"https:\/\/vieassociative.be\/actualites\/comment-aider-votre-enfant-sensible-au-bruit\/\"]}]},{\"@type\":\"ImageObject\",\"inLanguage\":\"fr-BE\",\"@id\":\"https:\/\/vieassociative.be\/actualites\/comment-aider-votre-enfant-sensible-au-bruit\/#primaryimage\",\"url\":\"https:\/\/vieassociative.be\/actualites\/wp-content\/uploads\/2024\/09\/Comment-aider-votre-enfant-sensible-au-bruit.jpg\",\"contentUrl\":\"https:\/\/vieassociative.be\/actualites\/wp-content\/uploads\/2024\/09\/Comment-aider-votre-enfant-sensible-au-bruit.jpg\",\"width\":1200,\"height\":675,\"caption\":\"Comment aider votre enfant sensible au bruit\"},{\"@type\":\"BreadcrumbList\",\"@id\":\"https:\/\/vieassociative.be\/actualites\/comment-aider-votre-enfant-sensible-au-bruit\/#breadcrumb\",\"itemListElement\":[{\"@type\":\"ListItem\",\"position\":1,\"name\":\"Accueil\",\"item\":\"https:\/\/vieassociative.be\/actualites\/\"},{\"@type\":\"ListItem\",\"position\":2,\"name\":\"Comment aider votre enfant sensible au bruit\"}]},{\"@type\":\"WebSite\",\"@id\":\"https:\/\/vieassociative.be\/actualites\/#website\",\"url\":\"https:\/\/vieassociative.be\/actualites\/\",\"name\":\"Vie Associative\",\"description\":\"\",\"publisher\":{\"@id\":\"https:\/\/vieassociative.be\/actualites\/#organization\"},\"potentialAction\":[{\"@type\":\"SearchAction\",\"target\":{\"@type\":\"EntryPoint\",\"urlTemplate\":\"https:\/\/vieassociative.be\/actualites\/?s={search_term_string}\"},\"query-input\":{\"@type\":\"PropertyValueSpecification\",\"valueRequired\":true,\"valueName\":\"search_term_string\"}}],\"inLanguage\":\"fr-BE\"},{\"@type\":\"Organization\",\"@id\":\"https:\/\/vieassociative.be\/actualites\/#organization\",\"name\":\"Vie Associative\",\"url\":\"https:\/\/vieassociative.be\/actualites\/\",\"logo\":{\"@type\":\"ImageObject\",\"inLanguage\":\"fr-BE\",\"@id\":\"https:\/\/vieassociative.be\/actualites\/#\/schema\/logo\/image\/\",\"url\":\"https:\/\/vieassociative.be\/actualites\/wp-content\/uploads\/2024\/09\/cropped-vieassociative_favicon.ico.png\",\"contentUrl\":\"https:\/\/vieassociative.be\/actualites\/wp-content\/uploads\/2024\/09\/cropped-vieassociative_favicon.ico.png\",\"width\":512,\"height\":512,\"caption\":\"Vie Associative\"},\"image\":{\"@id\":\"https:\/\/vieassociative.be\/actualites\/#\/schema\/logo\/image\/\"}},{\"@type\":\"Person\",\"@id\":\"https:\/\/vieassociative.be\/actualites\/#\/schema\/person\/b87ac4f82f9d4e7b7cec7395b679edc4\",\"name\":\"Julien\",\"image\":{\"@type\":\"ImageObject\",\"inLanguage\":\"fr-BE\",\"@id\":\"https:\/\/vieassociative.be\/actualites\/#\/schema\/person\/image\/\",\"url\":\"https:\/\/vieassociative.be\/actualites\/wp-content\/uploads\/2024\/09\/vie-associative-1-150x150.jpg\",\"contentUrl\":\"https:\/\/vieassociative.be\/actualites\/wp-content\/uploads\/2024\/09\/vie-associative-1-150x150.jpg\",\"caption\":\"Julien\"},\"description\":\"Je suis Julien, r\u00e9dacteur pour Vie Associative. Passionn\u00e9 par le monde associatif depuis plus de 10 ans, j'ai \u00e0 c\u0153ur de partager des histoires inspirantes et de mettre en lumi\u00e8re les initiatives locales. Mon objectif est de sensibiliser et d'encourager l'engagement communautaire \u00e0 travers mes articles.\",\"sameAs\":[\"https:\/\/vieassociative.be\/\"]}]}<\/script>\n<!-- \/ Yoast SEO plugin. -->","yoast_head_json":{"title":"Comment aider votre enfant sensible au bruit | Vie Associative","robots":{"index":"index","follow":"follow","max-snippet":"max-snippet:-1","max-image-preview":"max-image-preview:large","max-video-preview":"max-video-preview:-1"},"canonical":"https:\/\/vieassociative.be\/actualites\/comment-aider-votre-enfant-sensible-au-bruit\/","og_locale":"fr_FR","og_type":"article","og_title":"Comment aider votre enfant sensible au bruit | Vie Associative","og_description":"De fortes r\u00e9actions \u00e0 des sons qui semblent normaux pour les autres peuvent survenir fr\u00e9quemment chez les enfants. C&rsquo;\u00e9tait une journ\u00e9e typique lorsque mon plus","og_url":"https:\/\/vieassociative.be\/actualites\/comment-aider-votre-enfant-sensible-au-bruit\/","og_site_name":"Vie Associative","article_published_time":"2024-09-24T00:39:17+00:00","og_image":[{"width":279,"height":92,"url":"https:\/\/vieassociative.be\/actualites\/wp-content\/uploads\/2024\/09\/header_backgroundk-01-e1726694325946.png","type":"image\/png"}],"author":"Julien","twitter_card":"summary_large_image","twitter_misc":{"\u00c9crit par":"Julien","Dur\u00e9e de lecture est.":"5 minutes"},"schema":{"@context":"https:\/\/schema.org","@graph":[{"@type":"Article","@id":"https:\/\/vieassociative.be\/actualites\/comment-aider-votre-enfant-sensible-au-bruit\/#article","isPartOf":{"@id":"https:\/\/vieassociative.be\/actualites\/comment-aider-votre-enfant-sensible-au-bruit\/"},"author":{"name":"Julien","@id":"https:\/\/vieassociative.be\/actualites\/#\/schema\/person\/b87ac4f82f9d4e7b7cec7395b679edc4"},"headline":"Comment aider votre enfant sensible au bruit","datePublished":"2024-09-24T00:39:17+00:00","dateModified":"2024-09-24T00:39:17+00:00","mainEntityOfPage":{"@id":"https:\/\/vieassociative.be\/actualites\/comment-aider-votre-enfant-sensible-au-bruit\/"},"wordCount":986,"publisher":{"@id":"https:\/\/vieassociative.be\/actualites\/#organization"},"image":{"@id":"https:\/\/vieassociative.be\/actualites\/comment-aider-votre-enfant-sensible-au-bruit\/#primaryimage"},"thumbnailUrl":"https:\/\/vieassociative.be\/actualites\/wp-content\/uploads\/2024\/09\/Comment-aider-votre-enfant-sensible-au-bruit.jpg","keywords":["aider","bruit","Comment","enfant","votre"],"articleSection":["Famille"],"inLanguage":"fr-BE"},{"@type":"WebPage","@id":"https:\/\/vieassociative.be\/actualites\/comment-aider-votre-enfant-sensible-au-bruit\/","url":"https:\/\/vieassociative.be\/actualites\/comment-aider-votre-enfant-sensible-au-bruit\/","name":"Comment aider votre enfant sensible au bruit | Vie Associative","isPartOf":{"@id":"https:\/\/vieassociative.be\/actualites\/#website"},"primaryImageOfPage":{"@id":"https:\/\/vieassociative.be\/actualites\/comment-aider-votre-enfant-sensible-au-bruit\/#primaryimage"},"image":{"@id":"https:\/\/vieassociative.be\/actualites\/comment-aider-votre-enfant-sensible-au-bruit\/#primaryimage"},"thumbnailUrl":"https:\/\/vieassociative.be\/actualites\/wp-content\/uploads\/2024\/09\/Comment-aider-votre-enfant-sensible-au-bruit.jpg","datePublished":"2024-09-24T00:39:17+00:00","dateModified":"2024-09-24T00:39:17+00:00","breadcrumb":{"@id":"https:\/\/vieassociative.be\/actualites\/comment-aider-votre-enfant-sensible-au-bruit\/#breadcrumb"},"inLanguage":"fr-BE","potentialAction":[{"@type":"ReadAction","target":["https:\/\/vieassociative.be\/actualites\/comment-aider-votre-enfant-sensible-au-bruit\/"]}]},{"@type":"ImageObject","inLanguage":"fr-BE","@id":"https:\/\/vieassociative.be\/actualites\/comment-aider-votre-enfant-sensible-au-bruit\/#primaryimage","url":"https:\/\/vieassociative.be\/actualites\/wp-content\/uploads\/2024\/09\/Comment-aider-votre-enfant-sensible-au-bruit.jpg","contentUrl":"https:\/\/vieassociative.be\/actualites\/wp-content\/uploads\/2024\/09\/Comment-aider-votre-enfant-sensible-au-bruit.jpg","width":1200,"height":675,"caption":"Comment aider votre enfant sensible au bruit"},{"@type":"BreadcrumbList","@id":"https:\/\/vieassociative.be\/actualites\/comment-aider-votre-enfant-sensible-au-bruit\/#breadcrumb","itemListElement":[{"@type":"ListItem","position":1,"name":"Accueil","item":"https:\/\/vieassociative.be\/actualites\/"},{"@type":"ListItem","position":2,"name":"Comment aider votre enfant sensible au bruit"}]},{"@type":"WebSite","@id":"https:\/\/vieassociative.be\/actualites\/#website","url":"https:\/\/vieassociative.be\/actualites\/","name":"Vie Associative","description":"","publisher":{"@id":"https:\/\/vieassociative.be\/actualites\/#organization"},"potentialAction":[{"@type":"SearchAction","target":{"@type":"EntryPoint","urlTemplate":"https:\/\/vieassociative.be\/actualites\/?s={search_term_string}"},"query-input":{"@type":"PropertyValueSpecification","valueRequired":true,"valueName":"search_term_string"}}],"inLanguage":"fr-BE"},{"@type":"Organization","@id":"https:\/\/vieassociative.be\/actualites\/#organization","name":"Vie Associative","url":"https:\/\/vieassociative.be\/actualites\/","logo":{"@type":"ImageObject","inLanguage":"fr-BE","@id":"https:\/\/vieassociative.be\/actualites\/#\/schema\/logo\/image\/","url":"https:\/\/vieassociative.be\/actualites\/wp-content\/uploads\/2024\/09\/cropped-vieassociative_favicon.ico.png","contentUrl":"https:\/\/vieassociative.be\/actualites\/wp-content\/uploads\/2024\/09\/cropped-vieassociative_favicon.ico.png","width":512,"height":512,"caption":"Vie Associative"},"image":{"@id":"https:\/\/vieassociative.be\/actualites\/#\/schema\/logo\/image\/"}},{"@type":"Person","@id":"https:\/\/vieassociative.be\/actualites\/#\/schema\/person\/b87ac4f82f9d4e7b7cec7395b679edc4","name":"Julien","image":{"@type":"ImageObject","inLanguage":"fr-BE","@id":"https:\/\/vieassociative.be\/actualites\/#\/schema\/person\/image\/","url":"https:\/\/vieassociative.be\/actualites\/wp-content\/uploads\/2024\/09\/vie-associative-1-150x150.jpg","contentUrl":"https:\/\/vieassociative.be\/actualites\/wp-content\/uploads\/2024\/09\/vie-associative-1-150x150.jpg","caption":"Julien"},"description":"Je suis Julien, r\u00e9dacteur pour Vie Associative. Passionn\u00e9 par le monde associatif depuis plus de 10 ans, j'ai \u00e0 c\u0153ur de partager des histoires inspirantes et de mettre en lumi\u00e8re les initiatives locales. Mon objectif est de sensibiliser et d'encourager l'engagement communautaire \u00e0 travers mes articles.","sameAs":["https:\/\/vieassociative.be\/"]}]}},"_links":{"self":[{"href":"https:\/\/vieassociative.be\/actualites\/wp-json\/wp\/v2\/posts\/390"}],"collection":[{"href":"https:\/\/vieassociative.be\/actualites\/wp-json\/wp\/v2\/posts"}],"about":[{"href":"https:\/\/vieassociative.be\/actualites\/wp-json\/wp\/v2\/types\/post"}],"author":[{"embeddable":true,"href":"https:\/\/vieassociative.be\/actualites\/wp-json\/wp\/v2\/users\/1"}],"replies":[{"embeddable":true,"href":"https:\/\/vieassociative.be\/actualites\/wp-json\/wp\/v2\/comments?post=390"}],"version-history":[{"count":0,"href":"https:\/\/vieassociative.be\/actualites\/wp-json\/wp\/v2\/posts\/390\/revisions"}],"wp:featuredmedia":[{"embeddable":true,"href":"https:\/\/vieassociative.be\/actualites\/wp-json\/wp\/v2\/media\/391"}],"wp:attachment":[{"href":"https:\/\/vieassociative.be\/actualites\/wp-json\/wp\/v2\/media?parent=390"}],"wp:term":[{"taxonomy":"category","embeddable":true,"href":"https:\/\/vieassociative.be\/actualites\/wp-json\/wp\/v2\/categories?post=390"},{"taxonomy":"post_tag","embeddable":true,"href":"https:\/\/vieassociative.be\/actualites\/wp-json\/wp\/v2\/tags?post=390"}],"curies":[{"name":"wp","href":"https:\/\/api.w.org\/{rel}","templated":true}]}}