{"id":3899,"date":"2024-12-31T03:21:40","date_gmt":"2024-12-31T02:21:40","guid":{"rendered":"https:\/\/vieassociative.be\/actualites\/crash-dun-avion-en-coree-du-sud-179-morts-cause-dun-impact-doiseau\/"},"modified":"2024-12-31T03:21:40","modified_gmt":"2024-12-31T02:21:40","slug":"crash-dun-avion-en-coree-du-sud-179-morts-cause-dun-impact-doiseau","status":"publish","type":"post","link":"https:\/\/vieassociative.be\/actualites\/crash-dun-avion-en-coree-du-sud-179-morts-cause-dun-impact-doiseau\/","title":{"rendered":"Crash d&rsquo;un avion en Cor\u00e9e du Sud : 179 morts \u2013 cause d&rsquo;un impact d&rsquo;oiseau ?"},"content":{"rendered":"<p><strong>MISE \u00c0 JOUR &#8211; Il s&rsquo;agit de l&rsquo;un des pires accidents d&rsquo;avion depuis des ann\u00e9es : un avion avec 181 passagers s&rsquo;est \u00e9cras\u00e9 \u00e0 l&rsquo;a\u00e9roport de Muan en Cor\u00e9e du Sud \u2013 presque personne n&rsquo;a surv\u00e9cu. Les enqu\u00eateurs ont une premi\u00e8re piste.<\/strong><\/p>\n<p><span id=\"more-405026\"><\/span>Les images de l&rsquo;enfer de Muan, en Cor\u00e9e du Sud, sont presque insupportables : un avion de ligne atterrit \u00e0 l&rsquo;a\u00e9roport du sud-ouest du pays sans train d&rsquo;atterrissage sorti, mais il ne s&rsquo;arr\u00eate tout simplement pas. \u00c0 la fin, il s&rsquo;\u00e9crase contre un mur et s&rsquo;\u00e9crase dans les flammes et une \u00e9paisse fum\u00e9e.<\/p>\n<p>179 personnes sont mortes dans l&rsquo;accident de dimanche matin (heure locale). Deux autres sont port\u00e9s disparus dans la soir\u00e9e. Seuls deux membres d\u2019\u00e9quipage ont surv\u00e9cu \u00e0 l\u2019atterrissage forc\u00e9 sans subir de blessures mettant leur vie en danger. La grande question : Comment a-t-il pu se produire l\u2019un des pires accidents d\u2019avion de ces derni\u00e8res ann\u00e9es ?<\/p>\n<\/p>\n<div id=\"attachment_405029\" class=\"wp-caption alignleft\" style=\"max-width: 300px\"><img fetchpriority=\"high\" decoding=\"async\" class=\"wp-image-405029 size-medium\" src=\"https:\/\/vieassociative.be\/actualites\/wp-content\/uploads\/2024\/12\/Crash-dun-avion-en-Coree-du-Sud-179-morts.jpg\" alt=\"\" width=\"300\" height=\"200\"><\/p>\n<p class=\"wp-caption-text\">12\/29\/2024, Cor\u00e9e du Sud, Muan : les pompiers et les membres d&rsquo;une \u00e9quipe de secours travaillent pr\u00e8s de l&rsquo;\u00e9pave d&rsquo;un avion de ligne \u00e0 l&rsquo;a\u00e9roport international de Muan. Photo : Ahn Young-joon\/AP\/dpa<\/p>\n<\/div>\n<p><strong>\u2013 Avertissement de la tour\u00a0:<\/strong><br \/>\n L&rsquo;avion de la compagnie a\u00e9rienne cor\u00e9enne Jeju Air voyageait de Bangkok \u00e0 l&rsquo;a\u00e9roport de Muan avec 181 personnes \u00e0 bord. Presque tous \u00e9taient des citoyens cor\u00e9ens, seuls deux venaient de Tha\u00eflande. Avant l&rsquo;\u00e9chec de la tentative d&rsquo;atterrissage, la tour de Muan avait averti des impacts d&rsquo;oiseaux, c&rsquo;est-\u00e0-dire d&rsquo;une collision avec des oiseaux, selon l&rsquo;agence de presse sud-cor\u00e9enne Yonhap. Peu de temps apr\u00e8s, les pilotes ont lanc\u00e9 un appel d&rsquo;urgence Mayday.<\/p>\n<p>Selon les m\u00e9dias, les enqu\u00eateurs supposent qu&rsquo;un impact d&rsquo;oiseau a provoqu\u00e9 un dysfonctionnement du train d&rsquo;atterrissage et contraint les pilotes \u00e0 effectuer un atterrissage sur le ventre. Des t\u00e9moins oculaires au sol et l&rsquo;un des membres d&rsquo;\u00e9quipage secourus ont d\u00e9crit de la fum\u00e9e provenant de l&rsquo;un des moteurs et entendu des bruits de claquement, selon Yonhap. Cependant, la clarification d\u00e9finitive de la cause de l&rsquo;accident pourrait prendre des mois, m\u00eame si l&rsquo;enregistreur de vol a \u00e9t\u00e9 retrouv\u00e9.<\/p>\n<p><strong>\u2013 Presque aucune chance de survie :<\/strong> Sur place, les dizaines de secouristes ont constat\u00e9 une sc\u00e8ne de d\u00e9vastation avec des \u00e9paves en feu et des d\u00e9combres calcin\u00e9s. Seule la partie arri\u00e8re du Boeing 737-800 enti\u00e8rement d\u00e9truit \u00e9tait encore visible. Il a \u00e9t\u00e9 difficile d&rsquo;identifier les morts, ont indiqu\u00e9 les pompiers, selon Yonhap. Apr\u00e8s que l&rsquo;avion a heurt\u00e9 le mur, les passagers ont \u00e9t\u00e9 \u00e9ject\u00e9s de l&rsquo;avion, a-t-il ajout\u00e9. Les chances de survie \u00e9taient \u00ab extr\u00eamement faibles \u00bb.<\/p>\n<p>M\u00eame les experts de l&rsquo;aviation ne parvenaient pas \u00e0 comprendre l&rsquo;accident. L&rsquo;expert Gerald Wissel de Ratzeburger Airborn Consulting a par exemple not\u00e9 que le train d&rsquo;atterrissage aurait \u00e9galement pu \u00eatre sorti manuellement. On peut \u00e9galement se demander pourquoi les pompiers n&rsquo;\u00e9taient pas pr\u00eats \u00e0 installer un tapis en mousse. Wissel a toutefois soulign\u00e9 qu&rsquo;il fallait attendre l&rsquo;\u00e9valuation des enregistreurs de vol pour pouvoir tirer des conclusions plus pr\u00e9cises.<\/p>\n<\/p>\n<div id=\"attachment_405040\" class=\"wp-caption alignleft\" style=\"max-width: 300px\"><img decoding=\"async\" class=\"wp-image-405040 size-medium\" src=\"https:\/\/vieassociative.be\/actualites\/wp-content\/uploads\/2024\/12\/1735611700_171_Crash-dun-avion-en-Coree-du-Sud-179-morts.jpg\" alt=\"\" width=\"300\" height=\"168\"><\/p>\n<p class=\"wp-caption-text\">29 d\u00e9cembre 2024, Cor\u00e9e du Sud, Mokpo : une victime secourue apr\u00e8s un accident d&rsquo;avion est transport\u00e9e \u00e0 l&rsquo;h\u00f4pital. Photo : Cho Geun-young\/Yonhap\/AP\/dpa<\/p>\n<\/div>\n<p>Selon les m\u00e9dias, le constructeur a\u00e9ronautique am\u00e9ricain Boeing a contact\u00e9 Jeju Air apr\u00e8s l&rsquo;accident. La compagnie a\u00e9rienne a publi\u00e9 une lettre d&rsquo;excuses en ligne : \u00ab Nous nous excusons profond\u00e9ment aupr\u00e8s de toutes les personnes touch\u00e9es par l&rsquo;incident survenu \u00e0 l&rsquo;a\u00e9roport de Muan. La compagnie regrette les souffrances caus\u00e9es et fera tout ce qui est en son pouvoir pour clarifier l&rsquo;accident. \u00bb Le patron de la compagnie a\u00e9rienne, Kim E Bae, en a assum\u00e9 la responsabilit\u00e9.<\/p>\n<p><strong>\u2013 Pas le seul accident d\u2019aviation en 2024 :<\/strong> Ce n\u2019est pas le premier accident d\u2019avion grave survenu cette ann\u00e9e. Au Br\u00e9sil, le 9 ao\u00fbt, un avion avec 61 personnes \u00e0 son bord s&rsquo;est \u00e9cras\u00e9 dans un quartier r\u00e9sidentiel de la ville de Vinhedo, dans l&rsquo;\u00c9tat de S\u00e3o Paulo. Aucun occupant n&rsquo;a surv\u00e9cu \u00e0 l&rsquo;accident. Avant cela, les pilotes avaient discut\u00e9 de probl\u00e8mes de d\u00e9givrage de l&rsquo;avion, selon un rapport de l&rsquo;Air Force. Cependant, la cause pr\u00e9cise de l&rsquo;accident n&rsquo;est pas claire.<\/p>\n<p>Un accident d&rsquo;avion s&rsquo;est produit le 24 juillet dans l&rsquo;\u00c9tat himalayen du N\u00e9pal, tuant 18 personnes. Seul le capitaine a \u00e9t\u00e9 secouru, gri\u00e8vement bless\u00e9. Dans ce cas \u00e9galement, la cause de l\u2019accident n\u2019est pas claire.<\/p>\n<p>Il y a quelques jours \u00e0 peine, 38 personnes sont mortes dans le crash d&rsquo;un avion de ligne d&rsquo;Azerba\u00efdjan Airlines au Kazakhstan, et 29 passagers ont surv\u00e9cu, certains gri\u00e8vement bless\u00e9s. Le pr\u00e9sident russe Vladimir Poutine a d\u00e9clar\u00e9 que des d\u00e9fenses antia\u00e9riennes russes avaient \u00e9t\u00e9 d\u00e9ploy\u00e9es \u00e0 l&rsquo;\u00e9poque contre les attaques de drones ukrainiens et a pr\u00e9sent\u00e9 ses excuses au pr\u00e9sident azerba\u00efdjanais Ilham Aliyev pour cet incident.<\/p>\n<p><strong>\u2013 Accident d\u2019avion pendant la crise nationale :<\/strong> De nombreux dirigeants ont exprim\u00e9 leurs condol\u00e9ances au peuple sud-cor\u00e9en. Le chancelier Olaf Scholz (SPD) a souhait\u00e9 aux bless\u00e9s \u00ab un prompt r\u00e9tablissement \u00bb sur la plateforme en ligne X. Le pr\u00e9sident f\u00e9d\u00e9ral Frank-Walter Steinmeier s&rsquo;est dit \u00ab profond\u00e9ment constern\u00e9 \u00bb dans un communiqu\u00e9. Compte tenu des temps difficiles que traverse le pays, c\u2019est \u00ab un autre coup port\u00e9 au c\u0153ur de la nation \u00bb, a-t-il expliqu\u00e9. La pr\u00e9sidente de la Commission europ\u00e9enne, Ursula von der Leyen, est apparue \u00ab navr\u00e9e \u00bb sur X.<\/p>\n<p>L&rsquo;accident frappe la Cor\u00e9e du Sud au cours d&rsquo;une grave crise nationale entourant le pr\u00e9sident suspendu Yoon Suk Yeol. Le pr\u00e9sident Choi Sang Mok, qui n&rsquo;agissait qu&rsquo;en tant qu&rsquo;officier par int\u00e9rim, est arriv\u00e9 sur les lieux de l&rsquo;accident quelques heures apr\u00e8s l&rsquo;accident. Le gouvernement souhaite enqu\u00eater de mani\u00e8re approfondie sur la cause et d\u00e9velopper des mesures pr\u00e9ventives pour \u00e9viter qu&rsquo;une telle situation ne se reproduise \u00e0 l&rsquo;avenir, a-t-il d\u00e9clar\u00e9, selon Yonhap.<\/p>\n<p>Une r\u00e9union d&rsquo;urgence dirig\u00e9e par le chef de cabinet Chung Jin Suk s&rsquo;est tenue \u00e0 S\u00e9oul pour discuter de la coordination entre les minist\u00e8res et de la fourniture de ressources telles que l&rsquo;assistance m\u00e9dicale.<\/p>\n<p>L\u2019a\u00e9roport de Muan devrait rester ferm\u00e9 plus longtemps. Tous les vols ont \u00e9t\u00e9 annul\u00e9s le jour de l&rsquo;accident. L&rsquo;a\u00e9roport, qui a ouvert ses portes en 2007 apr\u00e8s dix ans de construction, est situ\u00e9 dans la province sud-ouest de Jeolla, \u00e0 pr\u00e8s de 300 kilom\u00e8tres de la capitale S\u00e9oul. (dpa)<\/p>\n","protected":false},"excerpt":{"rendered":"<p>MISE \u00c0 JOUR &#8211; Il s&rsquo;agit de l&rsquo;un des pires accidents d&rsquo;avion depuis des ann\u00e9es : un avion avec 181 passagers s&rsquo;est \u00e9cras\u00e9 \u00e0 l&rsquo;a\u00e9roport<\/p>\n","protected":false},"author":1,"featured_media":3900,"comment_status":"","ping_status":"","sticky":false,"template":"","format":"standard","meta":{"footnotes":""},"categories":[298],"tags":[4382,2633,4381,4383,354,3068,439,617],"class_list":["post-3899","post","type-post","status-publish","format-standard","has-post-thumbnail","hentry","category-belgique","tag-avion","tag-coree","tag-crash","tag-doiseau","tag-dun","tag-impact","tag-morts","tag-sud","generate-columns","tablet-grid-50","mobile-grid-100","grid-parent","grid-33"],"yoast_head":"<!-- This site is optimized with the Yoast SEO plugin v24.0 - https:\/\/yoast.com\/wordpress\/plugins\/seo\/ -->\n<title>Crash d&#039;un avion en Cor\u00e9e du Sud : 179 morts \u2013 cause d&#039;un impact d&#039;oiseau ? | Vie Associative<\/title>\n<meta name=\"robots\" content=\"index, follow, max-snippet:-1, max-image-preview:large, max-video-preview:-1\" \/>\n<link rel=\"canonical\" href=\"https:\/\/vieassociative.be\/actualites\/crash-dun-avion-en-coree-du-sud-179-morts-cause-dun-impact-doiseau\/\" \/>\n<meta property=\"og:locale\" content=\"fr_FR\" \/>\n<meta property=\"og:type\" content=\"article\" \/>\n<meta property=\"og:title\" content=\"Crash d&#039;un avion en Cor\u00e9e du Sud : 179 morts \u2013 cause d&#039;un impact d&#039;oiseau ? | Vie Associative\" \/>\n<meta property=\"og:description\" content=\"MISE \u00c0 JOUR &#8211; Il s&rsquo;agit de l&rsquo;un des pires accidents d&rsquo;avion depuis des ann\u00e9es : un avion avec 181 passagers s&rsquo;est \u00e9cras\u00e9 \u00e0 l&rsquo;a\u00e9roport\" \/>\n<meta property=\"og:url\" content=\"https:\/\/vieassociative.be\/actualites\/crash-dun-avion-en-coree-du-sud-179-morts-cause-dun-impact-doiseau\/\" \/>\n<meta property=\"og:site_name\" content=\"Vie Associative\" \/>\n<meta property=\"article:published_time\" content=\"2024-12-31T02:21:40+00:00\" \/>\n<meta property=\"og:image\" content=\"https:\/\/vieassociative.be\/actualites\/wp-content\/uploads\/2024\/09\/header_backgroundk-01-e1726694325946.png\" \/>\n\t<meta property=\"og:image:width\" content=\"279\" \/>\n\t<meta property=\"og:image:height\" content=\"92\" \/>\n\t<meta property=\"og:image:type\" content=\"image\/png\" \/>\n<meta name=\"author\" content=\"Julien\" \/>\n<meta name=\"twitter:card\" content=\"summary_large_image\" \/>\n<meta name=\"twitter:label1\" content=\"\u00c9crit par\" \/>\n\t<meta name=\"twitter:data1\" content=\"Julien\" \/>\n\t<meta name=\"twitter:label2\" content=\"Dur\u00e9e de lecture est.\" \/>\n\t<meta name=\"twitter:data2\" content=\"5 minutes\" \/>\n<script type=\"application\/ld+json\" class=\"yoast-schema-graph\">{\"@context\":\"https:\/\/schema.org\",\"@graph\":[{\"@type\":\"Article\",\"@id\":\"https:\/\/vieassociative.be\/actualites\/crash-dun-avion-en-coree-du-sud-179-morts-cause-dun-impact-doiseau\/#article\",\"isPartOf\":{\"@id\":\"https:\/\/vieassociative.be\/actualites\/crash-dun-avion-en-coree-du-sud-179-morts-cause-dun-impact-doiseau\/\"},\"author\":{\"name\":\"Julien\",\"@id\":\"https:\/\/vieassociative.be\/actualites\/#\/schema\/person\/b87ac4f82f9d4e7b7cec7395b679edc4\"},\"headline\":\"Crash d&rsquo;un avion en Cor\u00e9e du Sud : 179 morts \u2013 cause d&rsquo;un impact d&rsquo;oiseau ?\",\"datePublished\":\"2024-12-31T02:21:40+00:00\",\"dateModified\":\"2024-12-31T02:21:40+00:00\",\"mainEntityOfPage\":{\"@id\":\"https:\/\/vieassociative.be\/actualites\/crash-dun-avion-en-coree-du-sud-179-morts-cause-dun-impact-doiseau\/\"},\"wordCount\":1178,\"publisher\":{\"@id\":\"https:\/\/vieassociative.be\/actualites\/#organization\"},\"image\":{\"@id\":\"https:\/\/vieassociative.be\/actualites\/crash-dun-avion-en-coree-du-sud-179-morts-cause-dun-impact-doiseau\/#primaryimage\"},\"thumbnailUrl\":\"https:\/\/vieassociative.be\/actualites\/wp-content\/uploads\/2024\/12\/1735611700_Crash-dun-avion-en-Coree-du-Sud-179-morts.jpg\",\"keywords\":[\"avion\",\"Cor\u00e9e\",\"Crash\",\"doiseau\",\"dun\",\"impact\",\"morts\",\"Sud\"],\"articleSection\":[\"Belgique\"],\"inLanguage\":\"fr-BE\"},{\"@type\":\"WebPage\",\"@id\":\"https:\/\/vieassociative.be\/actualites\/crash-dun-avion-en-coree-du-sud-179-morts-cause-dun-impact-doiseau\/\",\"url\":\"https:\/\/vieassociative.be\/actualites\/crash-dun-avion-en-coree-du-sud-179-morts-cause-dun-impact-doiseau\/\",\"name\":\"Crash d'un avion en Cor\u00e9e du Sud : 179 morts \u2013 cause d'un impact d'oiseau ? | Vie Associative\",\"isPartOf\":{\"@id\":\"https:\/\/vieassociative.be\/actualites\/#website\"},\"primaryImageOfPage\":{\"@id\":\"https:\/\/vieassociative.be\/actualites\/crash-dun-avion-en-coree-du-sud-179-morts-cause-dun-impact-doiseau\/#primaryimage\"},\"image\":{\"@id\":\"https:\/\/vieassociative.be\/actualites\/crash-dun-avion-en-coree-du-sud-179-morts-cause-dun-impact-doiseau\/#primaryimage\"},\"thumbnailUrl\":\"https:\/\/vieassociative.be\/actualites\/wp-content\/uploads\/2024\/12\/1735611700_Crash-dun-avion-en-Coree-du-Sud-179-morts.jpg\",\"datePublished\":\"2024-12-31T02:21:40+00:00\",\"dateModified\":\"2024-12-31T02:21:40+00:00\",\"breadcrumb\":{\"@id\":\"https:\/\/vieassociative.be\/actualites\/crash-dun-avion-en-coree-du-sud-179-morts-cause-dun-impact-doiseau\/#breadcrumb\"},\"inLanguage\":\"fr-BE\",\"potentialAction\":[{\"@type\":\"ReadAction\",\"target\":[\"https:\/\/vieassociative.be\/actualites\/crash-dun-avion-en-coree-du-sud-179-morts-cause-dun-impact-doiseau\/\"]}]},{\"@type\":\"ImageObject\",\"inLanguage\":\"fr-BE\",\"@id\":\"https:\/\/vieassociative.be\/actualites\/crash-dun-avion-en-coree-du-sud-179-morts-cause-dun-impact-doiseau\/#primaryimage\",\"url\":\"https:\/\/vieassociative.be\/actualites\/wp-content\/uploads\/2024\/12\/1735611700_Crash-dun-avion-en-Coree-du-Sud-179-morts.jpg\",\"contentUrl\":\"https:\/\/vieassociative.be\/actualites\/wp-content\/uploads\/2024\/12\/1735611700_Crash-dun-avion-en-Coree-du-Sud-179-morts.jpg\",\"width\":1200,\"height\":900,\"caption\":\"Crash d'un avion en Cor\u00e9e du Sud : 179 morts \u2013 cause d'un impact d'oiseau ?\"},{\"@type\":\"BreadcrumbList\",\"@id\":\"https:\/\/vieassociative.be\/actualites\/crash-dun-avion-en-coree-du-sud-179-morts-cause-dun-impact-doiseau\/#breadcrumb\",\"itemListElement\":[{\"@type\":\"ListItem\",\"position\":1,\"name\":\"Accueil\",\"item\":\"https:\/\/vieassociative.be\/actualites\/\"},{\"@type\":\"ListItem\",\"position\":2,\"name\":\"Crash d&rsquo;un avion en Cor\u00e9e du Sud : 179 morts \u2013 cause d&rsquo;un impact d&rsquo;oiseau ?\"}]},{\"@type\":\"WebSite\",\"@id\":\"https:\/\/vieassociative.be\/actualites\/#website\",\"url\":\"https:\/\/vieassociative.be\/actualites\/\",\"name\":\"Vie Associative\",\"description\":\"\",\"publisher\":{\"@id\":\"https:\/\/vieassociative.be\/actualites\/#organization\"},\"potentialAction\":[{\"@type\":\"SearchAction\",\"target\":{\"@type\":\"EntryPoint\",\"urlTemplate\":\"https:\/\/vieassociative.be\/actualites\/?s={search_term_string}\"},\"query-input\":{\"@type\":\"PropertyValueSpecification\",\"valueRequired\":true,\"valueName\":\"search_term_string\"}}],\"inLanguage\":\"fr-BE\"},{\"@type\":\"Organization\",\"@id\":\"https:\/\/vieassociative.be\/actualites\/#organization\",\"name\":\"Vie Associative\",\"url\":\"https:\/\/vieassociative.be\/actualites\/\",\"logo\":{\"@type\":\"ImageObject\",\"inLanguage\":\"fr-BE\",\"@id\":\"https:\/\/vieassociative.be\/actualites\/#\/schema\/logo\/image\/\",\"url\":\"https:\/\/vieassociative.be\/actualites\/wp-content\/uploads\/2024\/09\/cropped-vieassociative_favicon.ico.png\",\"contentUrl\":\"https:\/\/vieassociative.be\/actualites\/wp-content\/uploads\/2024\/09\/cropped-vieassociative_favicon.ico.png\",\"width\":512,\"height\":512,\"caption\":\"Vie Associative\"},\"image\":{\"@id\":\"https:\/\/vieassociative.be\/actualites\/#\/schema\/logo\/image\/\"}},{\"@type\":\"Person\",\"@id\":\"https:\/\/vieassociative.be\/actualites\/#\/schema\/person\/b87ac4f82f9d4e7b7cec7395b679edc4\",\"name\":\"Julien\",\"image\":{\"@type\":\"ImageObject\",\"inLanguage\":\"fr-BE\",\"@id\":\"https:\/\/vieassociative.be\/actualites\/#\/schema\/person\/image\/\",\"url\":\"https:\/\/vieassociative.be\/actualites\/wp-content\/uploads\/2024\/09\/vie-associative-1-150x150.jpg\",\"contentUrl\":\"https:\/\/vieassociative.be\/actualites\/wp-content\/uploads\/2024\/09\/vie-associative-1-150x150.jpg\",\"caption\":\"Julien\"},\"description\":\"Je suis Julien, r\u00e9dacteur pour Vie Associative. Passionn\u00e9 par le monde associatif depuis plus de 10 ans, j'ai \u00e0 c\u0153ur de partager des histoires inspirantes et de mettre en lumi\u00e8re les initiatives locales. Mon objectif est de sensibiliser et d'encourager l'engagement communautaire \u00e0 travers mes articles.\",\"sameAs\":[\"https:\/\/vieassociative.be\/\"]}]}<\/script>\n<!-- \/ Yoast SEO plugin. -->","yoast_head_json":{"title":"Crash d'un avion en Cor\u00e9e du Sud : 179 morts \u2013 cause d'un impact d'oiseau ? | Vie Associative","robots":{"index":"index","follow":"follow","max-snippet":"max-snippet:-1","max-image-preview":"max-image-preview:large","max-video-preview":"max-video-preview:-1"},"canonical":"https:\/\/vieassociative.be\/actualites\/crash-dun-avion-en-coree-du-sud-179-morts-cause-dun-impact-doiseau\/","og_locale":"fr_FR","og_type":"article","og_title":"Crash d'un avion en Cor\u00e9e du Sud : 179 morts \u2013 cause d'un impact d'oiseau ? | Vie Associative","og_description":"MISE \u00c0 JOUR &#8211; Il s&rsquo;agit de l&rsquo;un des pires accidents d&rsquo;avion depuis des ann\u00e9es : un avion avec 181 passagers s&rsquo;est \u00e9cras\u00e9 \u00e0 l&rsquo;a\u00e9roport","og_url":"https:\/\/vieassociative.be\/actualites\/crash-dun-avion-en-coree-du-sud-179-morts-cause-dun-impact-doiseau\/","og_site_name":"Vie Associative","article_published_time":"2024-12-31T02:21:40+00:00","og_image":[{"width":279,"height":92,"url":"https:\/\/vieassociative.be\/actualites\/wp-content\/uploads\/2024\/09\/header_backgroundk-01-e1726694325946.png","type":"image\/png"}],"author":"Julien","twitter_card":"summary_large_image","twitter_misc":{"\u00c9crit par":"Julien","Dur\u00e9e de lecture est.":"5 minutes"},"schema":{"@context":"https:\/\/schema.org","@graph":[{"@type":"Article","@id":"https:\/\/vieassociative.be\/actualites\/crash-dun-avion-en-coree-du-sud-179-morts-cause-dun-impact-doiseau\/#article","isPartOf":{"@id":"https:\/\/vieassociative.be\/actualites\/crash-dun-avion-en-coree-du-sud-179-morts-cause-dun-impact-doiseau\/"},"author":{"name":"Julien","@id":"https:\/\/vieassociative.be\/actualites\/#\/schema\/person\/b87ac4f82f9d4e7b7cec7395b679edc4"},"headline":"Crash d&rsquo;un avion en Cor\u00e9e du Sud : 179 morts \u2013 cause d&rsquo;un impact d&rsquo;oiseau ?","datePublished":"2024-12-31T02:21:40+00:00","dateModified":"2024-12-31T02:21:40+00:00","mainEntityOfPage":{"@id":"https:\/\/vieassociative.be\/actualites\/crash-dun-avion-en-coree-du-sud-179-morts-cause-dun-impact-doiseau\/"},"wordCount":1178,"publisher":{"@id":"https:\/\/vieassociative.be\/actualites\/#organization"},"image":{"@id":"https:\/\/vieassociative.be\/actualites\/crash-dun-avion-en-coree-du-sud-179-morts-cause-dun-impact-doiseau\/#primaryimage"},"thumbnailUrl":"https:\/\/vieassociative.be\/actualites\/wp-content\/uploads\/2024\/12\/1735611700_Crash-dun-avion-en-Coree-du-Sud-179-morts.jpg","keywords":["avion","Cor\u00e9e","Crash","doiseau","dun","impact","morts","Sud"],"articleSection":["Belgique"],"inLanguage":"fr-BE"},{"@type":"WebPage","@id":"https:\/\/vieassociative.be\/actualites\/crash-dun-avion-en-coree-du-sud-179-morts-cause-dun-impact-doiseau\/","url":"https:\/\/vieassociative.be\/actualites\/crash-dun-avion-en-coree-du-sud-179-morts-cause-dun-impact-doiseau\/","name":"Crash d'un avion en Cor\u00e9e du Sud : 179 morts \u2013 cause d'un impact d'oiseau ? | Vie Associative","isPartOf":{"@id":"https:\/\/vieassociative.be\/actualites\/#website"},"primaryImageOfPage":{"@id":"https:\/\/vieassociative.be\/actualites\/crash-dun-avion-en-coree-du-sud-179-morts-cause-dun-impact-doiseau\/#primaryimage"},"image":{"@id":"https:\/\/vieassociative.be\/actualites\/crash-dun-avion-en-coree-du-sud-179-morts-cause-dun-impact-doiseau\/#primaryimage"},"thumbnailUrl":"https:\/\/vieassociative.be\/actualites\/wp-content\/uploads\/2024\/12\/1735611700_Crash-dun-avion-en-Coree-du-Sud-179-morts.jpg","datePublished":"2024-12-31T02:21:40+00:00","dateModified":"2024-12-31T02:21:40+00:00","breadcrumb":{"@id":"https:\/\/vieassociative.be\/actualites\/crash-dun-avion-en-coree-du-sud-179-morts-cause-dun-impact-doiseau\/#breadcrumb"},"inLanguage":"fr-BE","potentialAction":[{"@type":"ReadAction","target":["https:\/\/vieassociative.be\/actualites\/crash-dun-avion-en-coree-du-sud-179-morts-cause-dun-impact-doiseau\/"]}]},{"@type":"ImageObject","inLanguage":"fr-BE","@id":"https:\/\/vieassociative.be\/actualites\/crash-dun-avion-en-coree-du-sud-179-morts-cause-dun-impact-doiseau\/#primaryimage","url":"https:\/\/vieassociative.be\/actualites\/wp-content\/uploads\/2024\/12\/1735611700_Crash-dun-avion-en-Coree-du-Sud-179-morts.jpg","contentUrl":"https:\/\/vieassociative.be\/actualites\/wp-content\/uploads\/2024\/12\/1735611700_Crash-dun-avion-en-Coree-du-Sud-179-morts.jpg","width":1200,"height":900,"caption":"Crash d'un avion en Cor\u00e9e du Sud : 179 morts \u2013 cause d'un impact d'oiseau ?"},{"@type":"BreadcrumbList","@id":"https:\/\/vieassociative.be\/actualites\/crash-dun-avion-en-coree-du-sud-179-morts-cause-dun-impact-doiseau\/#breadcrumb","itemListElement":[{"@type":"ListItem","position":1,"name":"Accueil","item":"https:\/\/vieassociative.be\/actualites\/"},{"@type":"ListItem","position":2,"name":"Crash d&rsquo;un avion en Cor\u00e9e du Sud : 179 morts \u2013 cause d&rsquo;un impact d&rsquo;oiseau ?"}]},{"@type":"WebSite","@id":"https:\/\/vieassociative.be\/actualites\/#website","url":"https:\/\/vieassociative.be\/actualites\/","name":"Vie Associative","description":"","publisher":{"@id":"https:\/\/vieassociative.be\/actualites\/#organization"},"potentialAction":[{"@type":"SearchAction","target":{"@type":"EntryPoint","urlTemplate":"https:\/\/vieassociative.be\/actualites\/?s={search_term_string}"},"query-input":{"@type":"PropertyValueSpecification","valueRequired":true,"valueName":"search_term_string"}}],"inLanguage":"fr-BE"},{"@type":"Organization","@id":"https:\/\/vieassociative.be\/actualites\/#organization","name":"Vie Associative","url":"https:\/\/vieassociative.be\/actualites\/","logo":{"@type":"ImageObject","inLanguage":"fr-BE","@id":"https:\/\/vieassociative.be\/actualites\/#\/schema\/logo\/image\/","url":"https:\/\/vieassociative.be\/actualites\/wp-content\/uploads\/2024\/09\/cropped-vieassociative_favicon.ico.png","contentUrl":"https:\/\/vieassociative.be\/actualites\/wp-content\/uploads\/2024\/09\/cropped-vieassociative_favicon.ico.png","width":512,"height":512,"caption":"Vie Associative"},"image":{"@id":"https:\/\/vieassociative.be\/actualites\/#\/schema\/logo\/image\/"}},{"@type":"Person","@id":"https:\/\/vieassociative.be\/actualites\/#\/schema\/person\/b87ac4f82f9d4e7b7cec7395b679edc4","name":"Julien","image":{"@type":"ImageObject","inLanguage":"fr-BE","@id":"https:\/\/vieassociative.be\/actualites\/#\/schema\/person\/image\/","url":"https:\/\/vieassociative.be\/actualites\/wp-content\/uploads\/2024\/09\/vie-associative-1-150x150.jpg","contentUrl":"https:\/\/vieassociative.be\/actualites\/wp-content\/uploads\/2024\/09\/vie-associative-1-150x150.jpg","caption":"Julien"},"description":"Je suis Julien, r\u00e9dacteur pour Vie Associative. Passionn\u00e9 par le monde associatif depuis plus de 10 ans, j'ai \u00e0 c\u0153ur de partager des histoires inspirantes et de mettre en lumi\u00e8re les initiatives locales. Mon objectif est de sensibiliser et d'encourager l'engagement communautaire \u00e0 travers mes articles.","sameAs":["https:\/\/vieassociative.be\/"]}]}},"_links":{"self":[{"href":"https:\/\/vieassociative.be\/actualites\/wp-json\/wp\/v2\/posts\/3899"}],"collection":[{"href":"https:\/\/vieassociative.be\/actualites\/wp-json\/wp\/v2\/posts"}],"about":[{"href":"https:\/\/vieassociative.be\/actualites\/wp-json\/wp\/v2\/types\/post"}],"author":[{"embeddable":true,"href":"https:\/\/vieassociative.be\/actualites\/wp-json\/wp\/v2\/users\/1"}],"replies":[{"embeddable":true,"href":"https:\/\/vieassociative.be\/actualites\/wp-json\/wp\/v2\/comments?post=3899"}],"version-history":[{"count":0,"href":"https:\/\/vieassociative.be\/actualites\/wp-json\/wp\/v2\/posts\/3899\/revisions"}],"wp:featuredmedia":[{"embeddable":true,"href":"https:\/\/vieassociative.be\/actualites\/wp-json\/wp\/v2\/media\/3900"}],"wp:attachment":[{"href":"https:\/\/vieassociative.be\/actualites\/wp-json\/wp\/v2\/media?parent=3899"}],"wp:term":[{"taxonomy":"category","embeddable":true,"href":"https:\/\/vieassociative.be\/actualites\/wp-json\/wp\/v2\/categories?post=3899"},{"taxonomy":"post_tag","embeddable":true,"href":"https:\/\/vieassociative.be\/actualites\/wp-json\/wp\/v2\/tags?post=3899"}],"curies":[{"name":"wp","href":"https:\/\/api.w.org\/{rel}","templated":true}]}}