{"id":3892,"date":"2024-12-30T21:17:54","date_gmt":"2024-12-30T20:17:54","guid":{"rendered":"https:\/\/vieassociative.be\/actualites\/les-adjoints-au-maire-des-engages-renoncent-a-leur-salaire-de-maire\/"},"modified":"2024-12-30T21:17:54","modified_gmt":"2024-12-30T20:17:54","slug":"les-adjoints-au-maire-des-engages-renoncent-a-leur-salaire-de-maire","status":"publish","type":"post","link":"https:\/\/vieassociative.be\/actualites\/les-adjoints-au-maire-des-engages-renoncent-a-leur-salaire-de-maire\/","title":{"rendered":"Les adjoints au maire des Engag\u00e9s renoncent \u00e0 leur salaire de maire"},"content":{"rendered":"<p><strong>Les maires \u00e9lus du parti \u00ab Les Engag\u00e9s \u00bb (anciennement CdH et PSC) renoncent \u00e0 leur salaire de maire. Le parti l\u2019a annonc\u00e9 lundi dans un communiqu\u00e9. \u00ab Il faut \u00eatre un mod\u00e8le \u00bb, disent-ils.<\/strong><\/p>\n<p><span id=\"more-405105\"><\/span>A compter du 1er janvier 2025, les d\u00e9put\u00e9s des Engag\u00e9s ne pourront plus cumuler leurs salaires de parlementaires et d&rsquo;\u00e9lus d&rsquo;un ex\u00e9cutif local. Concr\u00e8tement, cela signifie qu&rsquo;\u00e0 partir de l&rsquo;ann\u00e9e prochaine, tous les d\u00e9put\u00e9s f\u00e9d\u00e9raux et wallons des \u00ab Engag\u00e9s \u00bb, qui sont \u00e9galement membres d&rsquo;un conseil communal, renonceront \u00e0 leur salaire de bourgmestre, \u00e9chevin ou pr\u00e9sident d&rsquo;une \u00d6SHZ, tout en conservant leur salaire de parlementaire. .<\/p>\n<div id=\"attachment_341863\" class=\"wp-caption alignleft\" style=\"max-width: 300px\"><img fetchpriority=\"high\" decoding=\"async\" class=\"wp-image-341863 size-medium\" src=\"https:\/\/vieassociative.be\/actualites\/wp-content\/uploads\/2024\/12\/Les-adjoints-au-maire-des-Engages-renoncent-a-leur-salaire.jpeg\" alt=\"\" width=\"300\" height=\"200\"><\/p>\n<p class=\"wp-caption-text\">La salle pl\u00e9ni\u00e8re de la Chambre \u00e0 Bruxelles. Photo : Shutterstock<\/p>\n<\/div>\n<p>Les hommes politiques locaux ne peuvent l\u00e9galement renoncer \u00e0 leurs salaires, indique le communiqu\u00e9. Vous continuez donc \u00e0 percevoir l\u2019int\u00e9gralit\u00e9 de votre salaire, mais vous devez en verser une partie \u00e0 l\u2019\u00d6SHZ de votre commune ou \u00e0 des associations de votre choix. Ils ont \u00e9galement la possibilit\u00e9 de transf\u00e9rer leur salaire au bureau ex\u00e9cutif national du parti, qui le distribue ensuite \u00e0 des associations sociales ou philanthropiques.<\/p>\n<p>\u00ab Les parlementaires doivent non seulement pr\u00e9senter des propositions qui doivent permettre aux citoyens de vivre dans une soci\u00e9t\u00e9 plus humaine et plus juste, mais ils doivent \u00e9galement remplir une fonction de mod\u00e8le \u00bb, a soulign\u00e9 dans ce contexte le pr\u00e9sident du Parti engag\u00e9, Maxime Pr\u00e9vot.<\/p>\n<p>\u00ab La combinaison d&rsquo;un adjoint et d&rsquo;une mairie est souvent un grand avantage pour rester en contact avec les r\u00e9alit\u00e9s locales et pouvoir les v\u00e9hiculer au niveau f\u00e9d\u00e9ral ou r\u00e9gional. Nous ne voulons pas de parlementaires d\u00e9connect\u00e9s de la base. Mais cette accumulation ne doit pas \u00eatre motiv\u00e9e par la recherche de b\u00e9n\u00e9fices \u00bb, a-t-il ajout\u00e9.<\/p>\n<p>En tant que membre de la Chambre des d\u00e9put\u00e9s et maire de la ville de Namur, Pr\u00e9vot lui-m\u00eame est concern\u00e9 par la mesure, tout comme neuf autres maires-adjoints, dont Beno\u00eet Lutgen (Bastogne), Fran\u00e7ois Huberty (Neufch\u00e2teau) et Beno\u00eet Dispa (Gembloux). . Le Kelmisar Luc Frank aurait \u00e9galement \u00e9t\u00e9 touch\u00e9 s&rsquo;il avait r\u00e9ussi \u00e0 rester \u00e0 la t\u00eate de la Kelmis lors des \u00e9lections municipales d&rsquo;octobre 2024. (cr\u00e9er)<\/p>\n","protected":false},"excerpt":{"rendered":"<p>Les maires \u00e9lus du parti \u00ab Les Engag\u00e9s \u00bb (anciennement CdH et PSC) renoncent \u00e0 leur salaire de maire. Le parti l\u2019a annonc\u00e9 lundi dans<\/p>\n","protected":false},"author":1,"featured_media":3893,"comment_status":"","ping_status":"","sticky":false,"template":"","format":"standard","meta":{"footnotes":""},"categories":[298],"tags":[4377,29,4379,14,958,4378,4380,2119],"class_list":["post-3892","post","type-post","status-publish","format-standard","has-post-thumbnail","hentry","category-belgique","tag-adjoints","tag-des","tag-engages","tag-les","tag-leur","tag-maire","tag-renoncent","tag-salaire","generate-columns","tablet-grid-50","mobile-grid-100","grid-parent","grid-33"],"yoast_head":"<!-- This site is optimized with the Yoast SEO plugin v24.0 - https:\/\/yoast.com\/wordpress\/plugins\/seo\/ -->\n<title>Les adjoints au maire des Engag\u00e9s renoncent \u00e0 leur salaire de maire | Vie Associative<\/title>\n<meta name=\"robots\" content=\"index, follow, max-snippet:-1, max-image-preview:large, max-video-preview:-1\" \/>\n<link rel=\"canonical\" href=\"https:\/\/vieassociative.be\/actualites\/les-adjoints-au-maire-des-engages-renoncent-a-leur-salaire-de-maire\/\" \/>\n<meta property=\"og:locale\" content=\"fr_FR\" \/>\n<meta property=\"og:type\" content=\"article\" \/>\n<meta property=\"og:title\" content=\"Les adjoints au maire des Engag\u00e9s renoncent \u00e0 leur salaire de maire | Vie Associative\" \/>\n<meta property=\"og:description\" content=\"Les maires \u00e9lus du parti \u00ab Les Engag\u00e9s \u00bb (anciennement CdH et PSC) renoncent \u00e0 leur salaire de maire. Le parti l\u2019a annonc\u00e9 lundi dans\" \/>\n<meta property=\"og:url\" content=\"https:\/\/vieassociative.be\/actualites\/les-adjoints-au-maire-des-engages-renoncent-a-leur-salaire-de-maire\/\" \/>\n<meta property=\"og:site_name\" content=\"Vie Associative\" \/>\n<meta property=\"article:published_time\" content=\"2024-12-30T20:17:54+00:00\" \/>\n<meta property=\"og:image\" content=\"https:\/\/vieassociative.be\/actualites\/wp-content\/uploads\/2024\/09\/header_backgroundk-01-e1726694325946.png\" \/>\n\t<meta property=\"og:image:width\" content=\"279\" \/>\n\t<meta property=\"og:image:height\" content=\"92\" \/>\n\t<meta property=\"og:image:type\" content=\"image\/png\" \/>\n<meta name=\"author\" content=\"Julien\" \/>\n<meta name=\"twitter:card\" content=\"summary_large_image\" \/>\n<meta name=\"twitter:label1\" content=\"\u00c9crit par\" \/>\n\t<meta name=\"twitter:data1\" content=\"Julien\" \/>\n\t<meta name=\"twitter:label2\" content=\"Dur\u00e9e de lecture est.\" \/>\n\t<meta name=\"twitter:data2\" content=\"2 minutes\" \/>\n<script type=\"application\/ld+json\" class=\"yoast-schema-graph\">{\"@context\":\"https:\/\/schema.org\",\"@graph\":[{\"@type\":\"Article\",\"@id\":\"https:\/\/vieassociative.be\/actualites\/les-adjoints-au-maire-des-engages-renoncent-a-leur-salaire-de-maire\/#article\",\"isPartOf\":{\"@id\":\"https:\/\/vieassociative.be\/actualites\/les-adjoints-au-maire-des-engages-renoncent-a-leur-salaire-de-maire\/\"},\"author\":{\"name\":\"Julien\",\"@id\":\"https:\/\/vieassociative.be\/actualites\/#\/schema\/person\/b87ac4f82f9d4e7b7cec7395b679edc4\"},\"headline\":\"Les adjoints au maire des Engag\u00e9s renoncent \u00e0 leur salaire de maire\",\"datePublished\":\"2024-12-30T20:17:54+00:00\",\"dateModified\":\"2024-12-30T20:17:54+00:00\",\"mainEntityOfPage\":{\"@id\":\"https:\/\/vieassociative.be\/actualites\/les-adjoints-au-maire-des-engages-renoncent-a-leur-salaire-de-maire\/\"},\"wordCount\":394,\"publisher\":{\"@id\":\"https:\/\/vieassociative.be\/actualites\/#organization\"},\"image\":{\"@id\":\"https:\/\/vieassociative.be\/actualites\/les-adjoints-au-maire-des-engages-renoncent-a-leur-salaire-de-maire\/#primaryimage\"},\"thumbnailUrl\":\"https:\/\/vieassociative.be\/actualites\/wp-content\/uploads\/2024\/12\/Les-adjoints-au-maire-des-Engages-renoncent-a-leur-salaire.jpg\",\"keywords\":[\"adjoints\",\"Des\",\"Engag\u00e9s\",\"Les\",\"leur\",\"maire\",\"renoncent\",\"salaire\"],\"articleSection\":[\"Belgique\"],\"inLanguage\":\"fr-BE\"},{\"@type\":\"WebPage\",\"@id\":\"https:\/\/vieassociative.be\/actualites\/les-adjoints-au-maire-des-engages-renoncent-a-leur-salaire-de-maire\/\",\"url\":\"https:\/\/vieassociative.be\/actualites\/les-adjoints-au-maire-des-engages-renoncent-a-leur-salaire-de-maire\/\",\"name\":\"Les adjoints au maire des Engag\u00e9s renoncent \u00e0 leur salaire de maire | Vie Associative\",\"isPartOf\":{\"@id\":\"https:\/\/vieassociative.be\/actualites\/#website\"},\"primaryImageOfPage\":{\"@id\":\"https:\/\/vieassociative.be\/actualites\/les-adjoints-au-maire-des-engages-renoncent-a-leur-salaire-de-maire\/#primaryimage\"},\"image\":{\"@id\":\"https:\/\/vieassociative.be\/actualites\/les-adjoints-au-maire-des-engages-renoncent-a-leur-salaire-de-maire\/#primaryimage\"},\"thumbnailUrl\":\"https:\/\/vieassociative.be\/actualites\/wp-content\/uploads\/2024\/12\/Les-adjoints-au-maire-des-Engages-renoncent-a-leur-salaire.jpg\",\"datePublished\":\"2024-12-30T20:17:54+00:00\",\"dateModified\":\"2024-12-30T20:17:54+00:00\",\"breadcrumb\":{\"@id\":\"https:\/\/vieassociative.be\/actualites\/les-adjoints-au-maire-des-engages-renoncent-a-leur-salaire-de-maire\/#breadcrumb\"},\"inLanguage\":\"fr-BE\",\"potentialAction\":[{\"@type\":\"ReadAction\",\"target\":[\"https:\/\/vieassociative.be\/actualites\/les-adjoints-au-maire-des-engages-renoncent-a-leur-salaire-de-maire\/\"]}]},{\"@type\":\"ImageObject\",\"inLanguage\":\"fr-BE\",\"@id\":\"https:\/\/vieassociative.be\/actualites\/les-adjoints-au-maire-des-engages-renoncent-a-leur-salaire-de-maire\/#primaryimage\",\"url\":\"https:\/\/vieassociative.be\/actualites\/wp-content\/uploads\/2024\/12\/Les-adjoints-au-maire-des-Engages-renoncent-a-leur-salaire.jpg\",\"contentUrl\":\"https:\/\/vieassociative.be\/actualites\/wp-content\/uploads\/2024\/12\/Les-adjoints-au-maire-des-Engages-renoncent-a-leur-salaire.jpg\",\"width\":1200,\"height\":800,\"caption\":\"Les adjoints au maire des Engag\u00e9s renoncent \u00e0 leur salaire de maire\"},{\"@type\":\"BreadcrumbList\",\"@id\":\"https:\/\/vieassociative.be\/actualites\/les-adjoints-au-maire-des-engages-renoncent-a-leur-salaire-de-maire\/#breadcrumb\",\"itemListElement\":[{\"@type\":\"ListItem\",\"position\":1,\"name\":\"Accueil\",\"item\":\"https:\/\/vieassociative.be\/actualites\/\"},{\"@type\":\"ListItem\",\"position\":2,\"name\":\"Les adjoints au maire des Engag\u00e9s renoncent \u00e0 leur salaire de maire\"}]},{\"@type\":\"WebSite\",\"@id\":\"https:\/\/vieassociative.be\/actualites\/#website\",\"url\":\"https:\/\/vieassociative.be\/actualites\/\",\"name\":\"Vie Associative\",\"description\":\"\",\"publisher\":{\"@id\":\"https:\/\/vieassociative.be\/actualites\/#organization\"},\"potentialAction\":[{\"@type\":\"SearchAction\",\"target\":{\"@type\":\"EntryPoint\",\"urlTemplate\":\"https:\/\/vieassociative.be\/actualites\/?s={search_term_string}\"},\"query-input\":{\"@type\":\"PropertyValueSpecification\",\"valueRequired\":true,\"valueName\":\"search_term_string\"}}],\"inLanguage\":\"fr-BE\"},{\"@type\":\"Organization\",\"@id\":\"https:\/\/vieassociative.be\/actualites\/#organization\",\"name\":\"Vie Associative\",\"url\":\"https:\/\/vieassociative.be\/actualites\/\",\"logo\":{\"@type\":\"ImageObject\",\"inLanguage\":\"fr-BE\",\"@id\":\"https:\/\/vieassociative.be\/actualites\/#\/schema\/logo\/image\/\",\"url\":\"https:\/\/vieassociative.be\/actualites\/wp-content\/uploads\/2024\/09\/cropped-vieassociative_favicon.ico.png\",\"contentUrl\":\"https:\/\/vieassociative.be\/actualites\/wp-content\/uploads\/2024\/09\/cropped-vieassociative_favicon.ico.png\",\"width\":512,\"height\":512,\"caption\":\"Vie Associative\"},\"image\":{\"@id\":\"https:\/\/vieassociative.be\/actualites\/#\/schema\/logo\/image\/\"}},{\"@type\":\"Person\",\"@id\":\"https:\/\/vieassociative.be\/actualites\/#\/schema\/person\/b87ac4f82f9d4e7b7cec7395b679edc4\",\"name\":\"Julien\",\"image\":{\"@type\":\"ImageObject\",\"inLanguage\":\"fr-BE\",\"@id\":\"https:\/\/vieassociative.be\/actualites\/#\/schema\/person\/image\/\",\"url\":\"https:\/\/vieassociative.be\/actualites\/wp-content\/uploads\/2024\/09\/vie-associative-1-150x150.jpg\",\"contentUrl\":\"https:\/\/vieassociative.be\/actualites\/wp-content\/uploads\/2024\/09\/vie-associative-1-150x150.jpg\",\"caption\":\"Julien\"},\"description\":\"Je suis Julien, r\u00e9dacteur pour Vie Associative. Passionn\u00e9 par le monde associatif depuis plus de 10 ans, j'ai \u00e0 c\u0153ur de partager des histoires inspirantes et de mettre en lumi\u00e8re les initiatives locales. Mon objectif est de sensibiliser et d'encourager l'engagement communautaire \u00e0 travers mes articles.\",\"sameAs\":[\"https:\/\/vieassociative.be\/\"]}]}<\/script>\n<!-- \/ Yoast SEO plugin. -->","yoast_head_json":{"title":"Les adjoints au maire des Engag\u00e9s renoncent \u00e0 leur salaire de maire | Vie Associative","robots":{"index":"index","follow":"follow","max-snippet":"max-snippet:-1","max-image-preview":"max-image-preview:large","max-video-preview":"max-video-preview:-1"},"canonical":"https:\/\/vieassociative.be\/actualites\/les-adjoints-au-maire-des-engages-renoncent-a-leur-salaire-de-maire\/","og_locale":"fr_FR","og_type":"article","og_title":"Les adjoints au maire des Engag\u00e9s renoncent \u00e0 leur salaire de maire | Vie Associative","og_description":"Les maires \u00e9lus du parti \u00ab Les Engag\u00e9s \u00bb (anciennement CdH et PSC) renoncent \u00e0 leur salaire de maire. Le parti l\u2019a annonc\u00e9 lundi dans","og_url":"https:\/\/vieassociative.be\/actualites\/les-adjoints-au-maire-des-engages-renoncent-a-leur-salaire-de-maire\/","og_site_name":"Vie Associative","article_published_time":"2024-12-30T20:17:54+00:00","og_image":[{"width":279,"height":92,"url":"https:\/\/vieassociative.be\/actualites\/wp-content\/uploads\/2024\/09\/header_backgroundk-01-e1726694325946.png","type":"image\/png"}],"author":"Julien","twitter_card":"summary_large_image","twitter_misc":{"\u00c9crit par":"Julien","Dur\u00e9e de lecture est.":"2 minutes"},"schema":{"@context":"https:\/\/schema.org","@graph":[{"@type":"Article","@id":"https:\/\/vieassociative.be\/actualites\/les-adjoints-au-maire-des-engages-renoncent-a-leur-salaire-de-maire\/#article","isPartOf":{"@id":"https:\/\/vieassociative.be\/actualites\/les-adjoints-au-maire-des-engages-renoncent-a-leur-salaire-de-maire\/"},"author":{"name":"Julien","@id":"https:\/\/vieassociative.be\/actualites\/#\/schema\/person\/b87ac4f82f9d4e7b7cec7395b679edc4"},"headline":"Les adjoints au maire des Engag\u00e9s renoncent \u00e0 leur salaire de maire","datePublished":"2024-12-30T20:17:54+00:00","dateModified":"2024-12-30T20:17:54+00:00","mainEntityOfPage":{"@id":"https:\/\/vieassociative.be\/actualites\/les-adjoints-au-maire-des-engages-renoncent-a-leur-salaire-de-maire\/"},"wordCount":394,"publisher":{"@id":"https:\/\/vieassociative.be\/actualites\/#organization"},"image":{"@id":"https:\/\/vieassociative.be\/actualites\/les-adjoints-au-maire-des-engages-renoncent-a-leur-salaire-de-maire\/#primaryimage"},"thumbnailUrl":"https:\/\/vieassociative.be\/actualites\/wp-content\/uploads\/2024\/12\/Les-adjoints-au-maire-des-Engages-renoncent-a-leur-salaire.jpg","keywords":["adjoints","Des","Engag\u00e9s","Les","leur","maire","renoncent","salaire"],"articleSection":["Belgique"],"inLanguage":"fr-BE"},{"@type":"WebPage","@id":"https:\/\/vieassociative.be\/actualites\/les-adjoints-au-maire-des-engages-renoncent-a-leur-salaire-de-maire\/","url":"https:\/\/vieassociative.be\/actualites\/les-adjoints-au-maire-des-engages-renoncent-a-leur-salaire-de-maire\/","name":"Les adjoints au maire des Engag\u00e9s renoncent \u00e0 leur salaire de maire | Vie Associative","isPartOf":{"@id":"https:\/\/vieassociative.be\/actualites\/#website"},"primaryImageOfPage":{"@id":"https:\/\/vieassociative.be\/actualites\/les-adjoints-au-maire-des-engages-renoncent-a-leur-salaire-de-maire\/#primaryimage"},"image":{"@id":"https:\/\/vieassociative.be\/actualites\/les-adjoints-au-maire-des-engages-renoncent-a-leur-salaire-de-maire\/#primaryimage"},"thumbnailUrl":"https:\/\/vieassociative.be\/actualites\/wp-content\/uploads\/2024\/12\/Les-adjoints-au-maire-des-Engages-renoncent-a-leur-salaire.jpg","datePublished":"2024-12-30T20:17:54+00:00","dateModified":"2024-12-30T20:17:54+00:00","breadcrumb":{"@id":"https:\/\/vieassociative.be\/actualites\/les-adjoints-au-maire-des-engages-renoncent-a-leur-salaire-de-maire\/#breadcrumb"},"inLanguage":"fr-BE","potentialAction":[{"@type":"ReadAction","target":["https:\/\/vieassociative.be\/actualites\/les-adjoints-au-maire-des-engages-renoncent-a-leur-salaire-de-maire\/"]}]},{"@type":"ImageObject","inLanguage":"fr-BE","@id":"https:\/\/vieassociative.be\/actualites\/les-adjoints-au-maire-des-engages-renoncent-a-leur-salaire-de-maire\/#primaryimage","url":"https:\/\/vieassociative.be\/actualites\/wp-content\/uploads\/2024\/12\/Les-adjoints-au-maire-des-Engages-renoncent-a-leur-salaire.jpg","contentUrl":"https:\/\/vieassociative.be\/actualites\/wp-content\/uploads\/2024\/12\/Les-adjoints-au-maire-des-Engages-renoncent-a-leur-salaire.jpg","width":1200,"height":800,"caption":"Les adjoints au maire des Engag\u00e9s renoncent \u00e0 leur salaire de maire"},{"@type":"BreadcrumbList","@id":"https:\/\/vieassociative.be\/actualites\/les-adjoints-au-maire-des-engages-renoncent-a-leur-salaire-de-maire\/#breadcrumb","itemListElement":[{"@type":"ListItem","position":1,"name":"Accueil","item":"https:\/\/vieassociative.be\/actualites\/"},{"@type":"ListItem","position":2,"name":"Les adjoints au maire des Engag\u00e9s renoncent \u00e0 leur salaire de maire"}]},{"@type":"WebSite","@id":"https:\/\/vieassociative.be\/actualites\/#website","url":"https:\/\/vieassociative.be\/actualites\/","name":"Vie Associative","description":"","publisher":{"@id":"https:\/\/vieassociative.be\/actualites\/#organization"},"potentialAction":[{"@type":"SearchAction","target":{"@type":"EntryPoint","urlTemplate":"https:\/\/vieassociative.be\/actualites\/?s={search_term_string}"},"query-input":{"@type":"PropertyValueSpecification","valueRequired":true,"valueName":"search_term_string"}}],"inLanguage":"fr-BE"},{"@type":"Organization","@id":"https:\/\/vieassociative.be\/actualites\/#organization","name":"Vie Associative","url":"https:\/\/vieassociative.be\/actualites\/","logo":{"@type":"ImageObject","inLanguage":"fr-BE","@id":"https:\/\/vieassociative.be\/actualites\/#\/schema\/logo\/image\/","url":"https:\/\/vieassociative.be\/actualites\/wp-content\/uploads\/2024\/09\/cropped-vieassociative_favicon.ico.png","contentUrl":"https:\/\/vieassociative.be\/actualites\/wp-content\/uploads\/2024\/09\/cropped-vieassociative_favicon.ico.png","width":512,"height":512,"caption":"Vie Associative"},"image":{"@id":"https:\/\/vieassociative.be\/actualites\/#\/schema\/logo\/image\/"}},{"@type":"Person","@id":"https:\/\/vieassociative.be\/actualites\/#\/schema\/person\/b87ac4f82f9d4e7b7cec7395b679edc4","name":"Julien","image":{"@type":"ImageObject","inLanguage":"fr-BE","@id":"https:\/\/vieassociative.be\/actualites\/#\/schema\/person\/image\/","url":"https:\/\/vieassociative.be\/actualites\/wp-content\/uploads\/2024\/09\/vie-associative-1-150x150.jpg","contentUrl":"https:\/\/vieassociative.be\/actualites\/wp-content\/uploads\/2024\/09\/vie-associative-1-150x150.jpg","caption":"Julien"},"description":"Je suis Julien, r\u00e9dacteur pour Vie Associative. Passionn\u00e9 par le monde associatif depuis plus de 10 ans, j'ai \u00e0 c\u0153ur de partager des histoires inspirantes et de mettre en lumi\u00e8re les initiatives locales. Mon objectif est de sensibiliser et d'encourager l'engagement communautaire \u00e0 travers mes articles.","sameAs":["https:\/\/vieassociative.be\/"]}]}},"_links":{"self":[{"href":"https:\/\/vieassociative.be\/actualites\/wp-json\/wp\/v2\/posts\/3892"}],"collection":[{"href":"https:\/\/vieassociative.be\/actualites\/wp-json\/wp\/v2\/posts"}],"about":[{"href":"https:\/\/vieassociative.be\/actualites\/wp-json\/wp\/v2\/types\/post"}],"author":[{"embeddable":true,"href":"https:\/\/vieassociative.be\/actualites\/wp-json\/wp\/v2\/users\/1"}],"replies":[{"embeddable":true,"href":"https:\/\/vieassociative.be\/actualites\/wp-json\/wp\/v2\/comments?post=3892"}],"version-history":[{"count":0,"href":"https:\/\/vieassociative.be\/actualites\/wp-json\/wp\/v2\/posts\/3892\/revisions"}],"wp:featuredmedia":[{"embeddable":true,"href":"https:\/\/vieassociative.be\/actualites\/wp-json\/wp\/v2\/media\/3893"}],"wp:attachment":[{"href":"https:\/\/vieassociative.be\/actualites\/wp-json\/wp\/v2\/media?parent=3892"}],"wp:term":[{"taxonomy":"category","embeddable":true,"href":"https:\/\/vieassociative.be\/actualites\/wp-json\/wp\/v2\/categories?post=3892"},{"taxonomy":"post_tag","embeddable":true,"href":"https:\/\/vieassociative.be\/actualites\/wp-json\/wp\/v2\/tags?post=3892"}],"curies":[{"name":"wp","href":"https:\/\/api.w.org\/{rel}","templated":true}]}}