{"id":3887,"date":"2024-12-30T18:18:30","date_gmt":"2024-12-30T17:18:30","guid":{"rendered":"https:\/\/vieassociative.be\/actualites\/le-guide-de-la-culture-des-enfants-pour-les-adultes-deconnectes-qui-est-chloe-bailey\/"},"modified":"2024-12-30T18:18:30","modified_gmt":"2024-12-30T17:18:30","slug":"le-guide-de-la-culture-des-enfants-pour-les-adultes-deconnectes-qui-est-chloe-bailey","status":"publish","type":"post","link":"https:\/\/vieassociative.be\/actualites\/le-guide-de-la-culture-des-enfants-pour-les-adultes-deconnectes-qui-est-chloe-bailey\/","title":{"rendered":"Le guide de la culture des enfants pour les adultes d\u00e9connect\u00e9s\u00a0: qui est Chloe Bailey\u00a0?"},"content":{"rendered":"<div class=\"mt-4 leading-6 md:mb-8\">La pop star Chloe Bailey passe un moment. Les chercheurs en ligne enqu\u00eatent \u00e9galement sur le meurtre de Gabby Petito.<\/div>\n<p><\/p>\n<p>Le voyage de cette semaine dans la caf\u00e9t\u00e9ria culturelle des enfants pr\u00e9sente la future diva Chloe Bailey, un meurtre-myst\u00e8re et Star Wars sous forme d&rsquo;anime. C&rsquo;est un buffet \u00e0 volont\u00e9, et personne ne vous fera honte de vos choix.<\/p>\n<h2 id=\"everything-you-need-to-know-about-pop-star-chloe-bailey\">Tout ce que vous devez savoir sur la pop star Chloe Bailey<\/h2>\n<p>Voici ce que vous devez savoir sur la pop star Chl\u00f6e, alias Chl\u00f6e Bailey. La chanteuse de 23 ans est peut-\u00eatre sur le point de percer : elle l&rsquo;a tu\u00e9 aux VMA il y a quelques semaines, et la vid\u00e9o \u00e9l\u00e9gante et provocante de son banger, \u00ab\u00a0Have Mercy\u00a0\u00bb, explose sur YouTube, r\u00e9coltant des f\u00e9licitations pour son son fortement influenc\u00e9 par Beyonc\u00e9 et sa condamnation pour sa sexualit\u00e9 sans faille. Tout cela constitue la rampe de lancement id\u00e9ale pour une diva en herbe avec un premier album solo tr\u00e8s attendu qui sortira bient\u00f4t. C&rsquo;est soit le d\u00e9but d&rsquo;une longue carri\u00e8re, soit le sommet d&rsquo;un presque-\u00e9t\u00e9 ; naissance d&rsquo;une diva ou naissance de questions comme \u00ab tu te souviens de cette femme qui avait des cheveux comme M\u00e9duse et de cette chanson tueuse ? Que lui est-il arriv\u00e9 ?<\/p>\n<h2 id=\"tiktok-shows-off-what-i-eat-in-a-day\">TikTok montre \u00ab ce que je mange dans une journ\u00e9e \u00bb.<\/h2>\n<p>Les gens sur TikTok sont tr\u00e8s int\u00e9ress\u00e9s par ce que mangent les autres. Le hashtag #whatieatinaday en compte plus de 8,5 <em>milliard<\/em> vues. Cela repr\u00e9sente plus de vues qu&rsquo;il n&rsquo;y a d&rsquo;habitants sur la plan\u00e8te. Comme on peut s&rsquo;y attendre, cette vaste communaut\u00e9 a de nombreuses visions diff\u00e9rentes de l&rsquo;alimentation, des gourmets sant\u00e9 aux aficionados qui mettent n&rsquo;importe quelle merde dans leur bouche. Comme on peut s&rsquo;y attendre, les commentateurs ne peuvent s&#8217;emp\u00eacher de faire honte aux gens pour la nourriture qu&rsquo;ils mangent, en particulier aux personnes en surpoids, qui ne peuvent apparemment pas manger un \u0153uf suppl\u00e9mentaire au petit-d\u00e9jeuner sans que les gens ne s&rsquo;en prennent \u00e0 eux. Cette combinaison d\u2019int\u00e9r\u00eat excessif pour les moindres d\u00e9tails et de sectarisme est tout simplement tr\u00e8s Internet. <\/p>\n<h2 id=\"angelic-yields-tiktoks-apology-for-devious-licks\">Rendements ang\u00e9liques\u00a0: les excuses de TikTok pour les coups de langue sournois<\/h2>\n<p>La tendance des \u00ab coups sournois \u00bb a commenc\u00e9 comme un vol absurde sur TikTok et s\u2019est transform\u00e9e en vandalisme massif dans les toilettes, en panique et en arrestations \u00e0 travers le pays. C&rsquo;est vieux, et je n&rsquo;en parle que parce que je veux vous parler de la contre-tendance : les rendements ang\u00e9liques.<\/p>\n<p>Les rendements ang\u00e9liques sont des vid\u00e9os de personnes d\u00e9posant du papier toilette, du savon, de l&rsquo;argent et bien plus encore dans les toilettes. C&rsquo;est une fa\u00e7on pour les enfants de dire : \u00ab H\u00e9, d\u00e9sol\u00e9 pour tout le vandalisme et le vol. Ayez un crayon. Ce qui est bien, mais je n&rsquo;exclus pas la possibilit\u00e9 que ces vid\u00e9os soient en r\u00e9alit\u00e9 des administrateurs d&rsquo;\u00e9cole et des concierges qui se demandent \u00ab\u00a0comment allez-vous, mes camarades ?\u00a0\u00bb <\/p>\n<h2 id=\"will-tiktok-pinterest-and-instagram-help-solve-the-gabby-petito-mystery\"><strong>TikTok, Pinterest et Instagram aideront-ils \u00e0 r\u00e9soudre le myst\u00e8re de Gabby Petito ?<\/strong><\/h2>\n<p>La disparition de l&rsquo;Instagrameuse Gabby Petito &#8211; et la d\u00e9couverte ult\u00e9rieure de son cadavre &#8211; ont galvanis\u00e9 le monde entier, avec tout le monde, des vrais monstres du crime aux goules al\u00e9atoires sur TikTok, obs\u00e9d\u00e9s par le d\u00e9roulement de sa vie comme si sa vie \u00e9tait un podcast de meurtre. \u00c0 l&rsquo;heure actuelle, la principale personne d&rsquo;int\u00e9r\u00eat, Brian Laundrie, ancien petit-ami de Gabby, est introuvable, mais tout le monde regarde. <\/p>\n<p>Les pistes et les nouvelles incluent l&rsquo;affirmation (douteuse) selon laquelle Laundrie a diffus\u00e9 une vid\u00e9o pas plus tard que lundi, le r\u00e9cit moins douteux d&rsquo;un TikToker qui dit que son tuyau aurait pu conduire la police vers le corps de Gabby, la lecture non confirmable de feuilles de th\u00e9 de accros \u00e0 la criminalit\u00e9 sur Internet. en parcourant la page Pinterest de l&rsquo;homme disparu \u00e0 la recherche d&rsquo;indices et le rapport d&rsquo;une famille qui dit avoir pris une vid\u00e9o de la camionnette abandonn\u00e9e du couple pendant un voyage. Toutes ces recherches en ligne vont-elles mener \u00e0 l\u2019homme disparu ? Probablement pas, mais ce serait bien si c\u2019\u00e9tait le cas. <\/p>\n<h2 id=\"star-wars-visions-available-for-streaming\"><em>Star Wars\u00a0:\u00a0Visions<\/em> disponible en streaming<\/h2>\n<p>Les fans de Star Wars s&rsquo;en foutent <em>Visions de la guerre des \u00e9toiles<\/em>l&rsquo;anthologie qui vient de sortir de neuf courts m\u00e9trages se d\u00e9roulant dans l&rsquo;univers Star Wars, r\u00e9alis\u00e9s par les meilleurs studios d&rsquo;animation japonais. Contrairement aux \u00e9pop\u00e9es cin\u00e9matographiques, il s\u2019agit d\u2019histoires plus petites et plus intimes. Comme toute s\u00e9rie d&rsquo;anthologies, certaines entr\u00e9es sont meilleures que d&rsquo;autres (<em>Le duel <\/em>de la maison de production Kamikaze Douga et du r\u00e9alisateur Takanobu Mizuno se d\u00e9marquent), mais tous offrent une vision unique de l&rsquo;univers Star Wars et une le\u00e7on de choses sur la mani\u00e8re d&rsquo;\u00e9largir un univers cin\u00e9matographique sans l&rsquo;\u00e9dulcorer. Vous pouvez les regarder si vous avez Disney+. <\/p>\n<h2 id=\"is-asmr-playroom-totally-creepy-or-is-it-just-me\"><strong>Est-ce que ASMR Playroom est totalement effrayant ou est-ce juste moi ?<\/strong><\/h2>\n<p>\u00c9trange alerte TikTok : la cr\u00e9atrice de la cha\u00eene TikTok ASMR Playroom r\u00e9alise des vid\u00e9os d&rsquo;elle jouant avec les jouets de son enfant afin de lui offrir une \u00ab exp\u00e9rience vraiment paisible \u00bb. Elle dit que sa cha\u00eene \u00ab\u00a0vous ram\u00e8ne \u00e0 cet endroit calme : l&rsquo;enfance\u00a0\u00bb.<\/p>\n<p>Sans vouloir juger les passe-temps de qui que ce soit, mais cette cha\u00eene combine deux choses que je ne comprends absolument pas : l&rsquo;ASMR et la nostalgie de l&rsquo;enfance. Je trouve tout ce truc ASMR tr\u00e8s \u00e9trange. Les vid\u00e9os r\u00e9p\u00e9titives de gens chuchotant, mangeant, se coiffant ou jouant avec des jouets ne me rassurent pas. Je les trouve troublants. Et je trouve la nostalgie de l\u2019enfance inexplicable. Qui aurait envie de retourner en enfance ? Les enfants sentent mauvais, ne comprennent pas l\u2019ironie et ne sont pas autoris\u00e9s \u00e0 boire du gin. <\/p>\n<h3><strong>Vid\u00e9o virale de la semaine : Lil Nas X chante \u00ab Jolene \u00bb de Dolly Parton<\/strong><\/h3>\n<p>J&rsquo;aime l&rsquo;art qui traverse les fronti\u00e8res g\u00e9n\u00e9rationnelles et culturelles, et la reprise lente et sensuelle de Lil Nas X du tube embl\u00e9matique de Dolly Parton de 1974, \u00ab Jolene \u00bb, efface \u00e0 la fois le temps et la conformit\u00e9 culturelle de la musique country. Les enfants et leurs grands-parents se d\u00e9cha\u00eenent pour un homme noir gay qui tue un classique country du pain blanc sur l&rsquo;adult\u00e8re me fait venir les larmes aux yeux. L\u2019Am\u00e9rique a ses probl\u00e8mes, mais quand elle fonctionne, c\u2019est une belle chose. <\/p>\n<p><\/p>\n<p><script async src=\"\/\/www.instagram.com\/embed.js\"><\/script><script async src=\"\/\/www.tiktok.com\/embed.js\"><\/script><\/p>\n","protected":false},"excerpt":{"rendered":"<p>La pop star Chloe Bailey passe un moment. Les chercheurs en ligne enqu\u00eatent \u00e9galement sur le meurtre de Gabby Petito. Le voyage de cette semaine<\/p>\n","protected":false},"author":1,"featured_media":3888,"comment_status":"","ping_status":"","sticky":false,"template":"","format":"standard","meta":{"footnotes":""},"categories":[37],"tags":[899,4374,4373,2805,2806,29,324,76,461,14,81,99],"class_list":["post-3887","post","type-post","status-publish","format-standard","has-post-thumbnail","hentry","category-famille","tag-adultes","tag-bailey","tag-chloe","tag-culture","tag-deconnectes","tag-des","tag-enfants","tag-est","tag-guide","tag-les","tag-pour","tag-qui","generate-columns","tablet-grid-50","mobile-grid-100","grid-parent","grid-33"],"yoast_head":"<!-- This site is optimized with the Yoast SEO plugin v24.0 - https:\/\/yoast.com\/wordpress\/plugins\/seo\/ -->\n<title>Le guide de la culture des enfants pour les adultes d\u00e9connect\u00e9s\u00a0: qui est Chloe Bailey\u00a0? | Vie Associative<\/title>\n<meta name=\"robots\" content=\"index, follow, max-snippet:-1, max-image-preview:large, max-video-preview:-1\" \/>\n<link rel=\"canonical\" href=\"https:\/\/vieassociative.be\/actualites\/le-guide-de-la-culture-des-enfants-pour-les-adultes-deconnectes-qui-est-chloe-bailey\/\" \/>\n<meta property=\"og:locale\" content=\"fr_FR\" \/>\n<meta property=\"og:type\" content=\"article\" \/>\n<meta property=\"og:title\" content=\"Le guide de la culture des enfants pour les adultes d\u00e9connect\u00e9s\u00a0: qui est Chloe Bailey\u00a0? | Vie Associative\" \/>\n<meta property=\"og:description\" content=\"La pop star Chloe Bailey passe un moment. Les chercheurs en ligne enqu\u00eatent \u00e9galement sur le meurtre de Gabby Petito. Le voyage de cette semaine\" \/>\n<meta property=\"og:url\" content=\"https:\/\/vieassociative.be\/actualites\/le-guide-de-la-culture-des-enfants-pour-les-adultes-deconnectes-qui-est-chloe-bailey\/\" \/>\n<meta property=\"og:site_name\" content=\"Vie Associative\" \/>\n<meta property=\"article:published_time\" content=\"2024-12-30T17:18:30+00:00\" \/>\n<meta property=\"og:image\" content=\"https:\/\/vieassociative.be\/actualites\/wp-content\/uploads\/2024\/09\/header_backgroundk-01-e1726694325946.png\" \/>\n\t<meta property=\"og:image:width\" content=\"279\" \/>\n\t<meta property=\"og:image:height\" content=\"92\" \/>\n\t<meta property=\"og:image:type\" content=\"image\/png\" \/>\n<meta name=\"author\" content=\"Julien\" \/>\n<meta name=\"twitter:card\" content=\"summary_large_image\" \/>\n<meta name=\"twitter:label1\" content=\"\u00c9crit par\" \/>\n\t<meta name=\"twitter:data1\" content=\"Julien\" \/>\n\t<meta name=\"twitter:label2\" content=\"Dur\u00e9e de lecture est.\" \/>\n\t<meta name=\"twitter:data2\" content=\"6 minutes\" \/>\n<script type=\"application\/ld+json\" class=\"yoast-schema-graph\">{\"@context\":\"https:\/\/schema.org\",\"@graph\":[{\"@type\":\"Article\",\"@id\":\"https:\/\/vieassociative.be\/actualites\/le-guide-de-la-culture-des-enfants-pour-les-adultes-deconnectes-qui-est-chloe-bailey\/#article\",\"isPartOf\":{\"@id\":\"https:\/\/vieassociative.be\/actualites\/le-guide-de-la-culture-des-enfants-pour-les-adultes-deconnectes-qui-est-chloe-bailey\/\"},\"author\":{\"name\":\"Julien\",\"@id\":\"https:\/\/vieassociative.be\/actualites\/#\/schema\/person\/b87ac4f82f9d4e7b7cec7395b679edc4\"},\"headline\":\"Le guide de la culture des enfants pour les adultes d\u00e9connect\u00e9s\u00a0: qui est Chloe Bailey\u00a0?\",\"datePublished\":\"2024-12-30T17:18:30+00:00\",\"dateModified\":\"2024-12-30T17:18:30+00:00\",\"mainEntityOfPage\":{\"@id\":\"https:\/\/vieassociative.be\/actualites\/le-guide-de-la-culture-des-enfants-pour-les-adultes-deconnectes-qui-est-chloe-bailey\/\"},\"wordCount\":1163,\"publisher\":{\"@id\":\"https:\/\/vieassociative.be\/actualites\/#organization\"},\"image\":{\"@id\":\"https:\/\/vieassociative.be\/actualites\/le-guide-de-la-culture-des-enfants-pour-les-adultes-deconnectes-qui-est-chloe-bailey\/#primaryimage\"},\"thumbnailUrl\":\"https:\/\/vieassociative.be\/actualites\/wp-content\/uploads\/2024\/12\/1735579111_Le-guide-de-la-culture-des-enfants-pour-les-adultes.jpg\",\"keywords\":[\"adultes\",\"Bailey\",\"Chloe\",\"culture\",\"d\u00e9connect\u00e9s\",\"Des\",\"enfants\",\"est\",\"Guide\",\"Les\",\"pour\",\"qui\"],\"articleSection\":[\"Famille\"],\"inLanguage\":\"fr-BE\"},{\"@type\":\"WebPage\",\"@id\":\"https:\/\/vieassociative.be\/actualites\/le-guide-de-la-culture-des-enfants-pour-les-adultes-deconnectes-qui-est-chloe-bailey\/\",\"url\":\"https:\/\/vieassociative.be\/actualites\/le-guide-de-la-culture-des-enfants-pour-les-adultes-deconnectes-qui-est-chloe-bailey\/\",\"name\":\"Le guide de la culture des enfants pour les adultes d\u00e9connect\u00e9s\u00a0: qui est Chloe Bailey\u00a0? | Vie Associative\",\"isPartOf\":{\"@id\":\"https:\/\/vieassociative.be\/actualites\/#website\"},\"primaryImageOfPage\":{\"@id\":\"https:\/\/vieassociative.be\/actualites\/le-guide-de-la-culture-des-enfants-pour-les-adultes-deconnectes-qui-est-chloe-bailey\/#primaryimage\"},\"image\":{\"@id\":\"https:\/\/vieassociative.be\/actualites\/le-guide-de-la-culture-des-enfants-pour-les-adultes-deconnectes-qui-est-chloe-bailey\/#primaryimage\"},\"thumbnailUrl\":\"https:\/\/vieassociative.be\/actualites\/wp-content\/uploads\/2024\/12\/1735579111_Le-guide-de-la-culture-des-enfants-pour-les-adultes.jpg\",\"datePublished\":\"2024-12-30T17:18:30+00:00\",\"dateModified\":\"2024-12-30T17:18:30+00:00\",\"breadcrumb\":{\"@id\":\"https:\/\/vieassociative.be\/actualites\/le-guide-de-la-culture-des-enfants-pour-les-adultes-deconnectes-qui-est-chloe-bailey\/#breadcrumb\"},\"inLanguage\":\"fr-BE\",\"potentialAction\":[{\"@type\":\"ReadAction\",\"target\":[\"https:\/\/vieassociative.be\/actualites\/le-guide-de-la-culture-des-enfants-pour-les-adultes-deconnectes-qui-est-chloe-bailey\/\"]}]},{\"@type\":\"ImageObject\",\"inLanguage\":\"fr-BE\",\"@id\":\"https:\/\/vieassociative.be\/actualites\/le-guide-de-la-culture-des-enfants-pour-les-adultes-deconnectes-qui-est-chloe-bailey\/#primaryimage\",\"url\":\"https:\/\/vieassociative.be\/actualites\/wp-content\/uploads\/2024\/12\/1735579111_Le-guide-de-la-culture-des-enfants-pour-les-adultes.jpg\",\"contentUrl\":\"https:\/\/vieassociative.be\/actualites\/wp-content\/uploads\/2024\/12\/1735579111_Le-guide-de-la-culture-des-enfants-pour-les-adultes.jpg\",\"width\":1200,\"height\":675,\"caption\":\"Le guide de la culture des enfants pour les adultes d\u00e9connect\u00e9s\u00a0: qui est Chloe Bailey\u00a0?\"},{\"@type\":\"BreadcrumbList\",\"@id\":\"https:\/\/vieassociative.be\/actualites\/le-guide-de-la-culture-des-enfants-pour-les-adultes-deconnectes-qui-est-chloe-bailey\/#breadcrumb\",\"itemListElement\":[{\"@type\":\"ListItem\",\"position\":1,\"name\":\"Accueil\",\"item\":\"https:\/\/vieassociative.be\/actualites\/\"},{\"@type\":\"ListItem\",\"position\":2,\"name\":\"Le guide de la culture des enfants pour les adultes d\u00e9connect\u00e9s\u00a0: qui est Chloe Bailey\u00a0?\"}]},{\"@type\":\"WebSite\",\"@id\":\"https:\/\/vieassociative.be\/actualites\/#website\",\"url\":\"https:\/\/vieassociative.be\/actualites\/\",\"name\":\"Vie Associative\",\"description\":\"\",\"publisher\":{\"@id\":\"https:\/\/vieassociative.be\/actualites\/#organization\"},\"potentialAction\":[{\"@type\":\"SearchAction\",\"target\":{\"@type\":\"EntryPoint\",\"urlTemplate\":\"https:\/\/vieassociative.be\/actualites\/?s={search_term_string}\"},\"query-input\":{\"@type\":\"PropertyValueSpecification\",\"valueRequired\":true,\"valueName\":\"search_term_string\"}}],\"inLanguage\":\"fr-BE\"},{\"@type\":\"Organization\",\"@id\":\"https:\/\/vieassociative.be\/actualites\/#organization\",\"name\":\"Vie Associative\",\"url\":\"https:\/\/vieassociative.be\/actualites\/\",\"logo\":{\"@type\":\"ImageObject\",\"inLanguage\":\"fr-BE\",\"@id\":\"https:\/\/vieassociative.be\/actualites\/#\/schema\/logo\/image\/\",\"url\":\"https:\/\/vieassociative.be\/actualites\/wp-content\/uploads\/2024\/09\/cropped-vieassociative_favicon.ico.png\",\"contentUrl\":\"https:\/\/vieassociative.be\/actualites\/wp-content\/uploads\/2024\/09\/cropped-vieassociative_favicon.ico.png\",\"width\":512,\"height\":512,\"caption\":\"Vie Associative\"},\"image\":{\"@id\":\"https:\/\/vieassociative.be\/actualites\/#\/schema\/logo\/image\/\"}},{\"@type\":\"Person\",\"@id\":\"https:\/\/vieassociative.be\/actualites\/#\/schema\/person\/b87ac4f82f9d4e7b7cec7395b679edc4\",\"name\":\"Julien\",\"image\":{\"@type\":\"ImageObject\",\"inLanguage\":\"fr-BE\",\"@id\":\"https:\/\/vieassociative.be\/actualites\/#\/schema\/person\/image\/\",\"url\":\"https:\/\/vieassociative.be\/actualites\/wp-content\/uploads\/2024\/09\/vie-associative-1-150x150.jpg\",\"contentUrl\":\"https:\/\/vieassociative.be\/actualites\/wp-content\/uploads\/2024\/09\/vie-associative-1-150x150.jpg\",\"caption\":\"Julien\"},\"description\":\"Je suis Julien, r\u00e9dacteur pour Vie Associative. Passionn\u00e9 par le monde associatif depuis plus de 10 ans, j'ai \u00e0 c\u0153ur de partager des histoires inspirantes et de mettre en lumi\u00e8re les initiatives locales. Mon objectif est de sensibiliser et d'encourager l'engagement communautaire \u00e0 travers mes articles.\",\"sameAs\":[\"https:\/\/vieassociative.be\/\"]}]}<\/script>\n<!-- \/ Yoast SEO plugin. -->","yoast_head_json":{"title":"Le guide de la culture des enfants pour les adultes d\u00e9connect\u00e9s\u00a0: qui est Chloe Bailey\u00a0? | Vie Associative","robots":{"index":"index","follow":"follow","max-snippet":"max-snippet:-1","max-image-preview":"max-image-preview:large","max-video-preview":"max-video-preview:-1"},"canonical":"https:\/\/vieassociative.be\/actualites\/le-guide-de-la-culture-des-enfants-pour-les-adultes-deconnectes-qui-est-chloe-bailey\/","og_locale":"fr_FR","og_type":"article","og_title":"Le guide de la culture des enfants pour les adultes d\u00e9connect\u00e9s\u00a0: qui est Chloe Bailey\u00a0? | Vie Associative","og_description":"La pop star Chloe Bailey passe un moment. Les chercheurs en ligne enqu\u00eatent \u00e9galement sur le meurtre de Gabby Petito. Le voyage de cette semaine","og_url":"https:\/\/vieassociative.be\/actualites\/le-guide-de-la-culture-des-enfants-pour-les-adultes-deconnectes-qui-est-chloe-bailey\/","og_site_name":"Vie Associative","article_published_time":"2024-12-30T17:18:30+00:00","og_image":[{"width":279,"height":92,"url":"https:\/\/vieassociative.be\/actualites\/wp-content\/uploads\/2024\/09\/header_backgroundk-01-e1726694325946.png","type":"image\/png"}],"author":"Julien","twitter_card":"summary_large_image","twitter_misc":{"\u00c9crit par":"Julien","Dur\u00e9e de lecture est.":"6 minutes"},"schema":{"@context":"https:\/\/schema.org","@graph":[{"@type":"Article","@id":"https:\/\/vieassociative.be\/actualites\/le-guide-de-la-culture-des-enfants-pour-les-adultes-deconnectes-qui-est-chloe-bailey\/#article","isPartOf":{"@id":"https:\/\/vieassociative.be\/actualites\/le-guide-de-la-culture-des-enfants-pour-les-adultes-deconnectes-qui-est-chloe-bailey\/"},"author":{"name":"Julien","@id":"https:\/\/vieassociative.be\/actualites\/#\/schema\/person\/b87ac4f82f9d4e7b7cec7395b679edc4"},"headline":"Le guide de la culture des enfants pour les adultes d\u00e9connect\u00e9s\u00a0: qui est Chloe Bailey\u00a0?","datePublished":"2024-12-30T17:18:30+00:00","dateModified":"2024-12-30T17:18:30+00:00","mainEntityOfPage":{"@id":"https:\/\/vieassociative.be\/actualites\/le-guide-de-la-culture-des-enfants-pour-les-adultes-deconnectes-qui-est-chloe-bailey\/"},"wordCount":1163,"publisher":{"@id":"https:\/\/vieassociative.be\/actualites\/#organization"},"image":{"@id":"https:\/\/vieassociative.be\/actualites\/le-guide-de-la-culture-des-enfants-pour-les-adultes-deconnectes-qui-est-chloe-bailey\/#primaryimage"},"thumbnailUrl":"https:\/\/vieassociative.be\/actualites\/wp-content\/uploads\/2024\/12\/1735579111_Le-guide-de-la-culture-des-enfants-pour-les-adultes.jpg","keywords":["adultes","Bailey","Chloe","culture","d\u00e9connect\u00e9s","Des","enfants","est","Guide","Les","pour","qui"],"articleSection":["Famille"],"inLanguage":"fr-BE"},{"@type":"WebPage","@id":"https:\/\/vieassociative.be\/actualites\/le-guide-de-la-culture-des-enfants-pour-les-adultes-deconnectes-qui-est-chloe-bailey\/","url":"https:\/\/vieassociative.be\/actualites\/le-guide-de-la-culture-des-enfants-pour-les-adultes-deconnectes-qui-est-chloe-bailey\/","name":"Le guide de la culture des enfants pour les adultes d\u00e9connect\u00e9s\u00a0: qui est Chloe Bailey\u00a0? | Vie Associative","isPartOf":{"@id":"https:\/\/vieassociative.be\/actualites\/#website"},"primaryImageOfPage":{"@id":"https:\/\/vieassociative.be\/actualites\/le-guide-de-la-culture-des-enfants-pour-les-adultes-deconnectes-qui-est-chloe-bailey\/#primaryimage"},"image":{"@id":"https:\/\/vieassociative.be\/actualites\/le-guide-de-la-culture-des-enfants-pour-les-adultes-deconnectes-qui-est-chloe-bailey\/#primaryimage"},"thumbnailUrl":"https:\/\/vieassociative.be\/actualites\/wp-content\/uploads\/2024\/12\/1735579111_Le-guide-de-la-culture-des-enfants-pour-les-adultes.jpg","datePublished":"2024-12-30T17:18:30+00:00","dateModified":"2024-12-30T17:18:30+00:00","breadcrumb":{"@id":"https:\/\/vieassociative.be\/actualites\/le-guide-de-la-culture-des-enfants-pour-les-adultes-deconnectes-qui-est-chloe-bailey\/#breadcrumb"},"inLanguage":"fr-BE","potentialAction":[{"@type":"ReadAction","target":["https:\/\/vieassociative.be\/actualites\/le-guide-de-la-culture-des-enfants-pour-les-adultes-deconnectes-qui-est-chloe-bailey\/"]}]},{"@type":"ImageObject","inLanguage":"fr-BE","@id":"https:\/\/vieassociative.be\/actualites\/le-guide-de-la-culture-des-enfants-pour-les-adultes-deconnectes-qui-est-chloe-bailey\/#primaryimage","url":"https:\/\/vieassociative.be\/actualites\/wp-content\/uploads\/2024\/12\/1735579111_Le-guide-de-la-culture-des-enfants-pour-les-adultes.jpg","contentUrl":"https:\/\/vieassociative.be\/actualites\/wp-content\/uploads\/2024\/12\/1735579111_Le-guide-de-la-culture-des-enfants-pour-les-adultes.jpg","width":1200,"height":675,"caption":"Le guide de la culture des enfants pour les adultes d\u00e9connect\u00e9s\u00a0: qui est Chloe Bailey\u00a0?"},{"@type":"BreadcrumbList","@id":"https:\/\/vieassociative.be\/actualites\/le-guide-de-la-culture-des-enfants-pour-les-adultes-deconnectes-qui-est-chloe-bailey\/#breadcrumb","itemListElement":[{"@type":"ListItem","position":1,"name":"Accueil","item":"https:\/\/vieassociative.be\/actualites\/"},{"@type":"ListItem","position":2,"name":"Le guide de la culture des enfants pour les adultes d\u00e9connect\u00e9s\u00a0: qui est Chloe Bailey\u00a0?"}]},{"@type":"WebSite","@id":"https:\/\/vieassociative.be\/actualites\/#website","url":"https:\/\/vieassociative.be\/actualites\/","name":"Vie Associative","description":"","publisher":{"@id":"https:\/\/vieassociative.be\/actualites\/#organization"},"potentialAction":[{"@type":"SearchAction","target":{"@type":"EntryPoint","urlTemplate":"https:\/\/vieassociative.be\/actualites\/?s={search_term_string}"},"query-input":{"@type":"PropertyValueSpecification","valueRequired":true,"valueName":"search_term_string"}}],"inLanguage":"fr-BE"},{"@type":"Organization","@id":"https:\/\/vieassociative.be\/actualites\/#organization","name":"Vie Associative","url":"https:\/\/vieassociative.be\/actualites\/","logo":{"@type":"ImageObject","inLanguage":"fr-BE","@id":"https:\/\/vieassociative.be\/actualites\/#\/schema\/logo\/image\/","url":"https:\/\/vieassociative.be\/actualites\/wp-content\/uploads\/2024\/09\/cropped-vieassociative_favicon.ico.png","contentUrl":"https:\/\/vieassociative.be\/actualites\/wp-content\/uploads\/2024\/09\/cropped-vieassociative_favicon.ico.png","width":512,"height":512,"caption":"Vie Associative"},"image":{"@id":"https:\/\/vieassociative.be\/actualites\/#\/schema\/logo\/image\/"}},{"@type":"Person","@id":"https:\/\/vieassociative.be\/actualites\/#\/schema\/person\/b87ac4f82f9d4e7b7cec7395b679edc4","name":"Julien","image":{"@type":"ImageObject","inLanguage":"fr-BE","@id":"https:\/\/vieassociative.be\/actualites\/#\/schema\/person\/image\/","url":"https:\/\/vieassociative.be\/actualites\/wp-content\/uploads\/2024\/09\/vie-associative-1-150x150.jpg","contentUrl":"https:\/\/vieassociative.be\/actualites\/wp-content\/uploads\/2024\/09\/vie-associative-1-150x150.jpg","caption":"Julien"},"description":"Je suis Julien, r\u00e9dacteur pour Vie Associative. Passionn\u00e9 par le monde associatif depuis plus de 10 ans, j'ai \u00e0 c\u0153ur de partager des histoires inspirantes et de mettre en lumi\u00e8re les initiatives locales. Mon objectif est de sensibiliser et d'encourager l'engagement communautaire \u00e0 travers mes articles.","sameAs":["https:\/\/vieassociative.be\/"]}]}},"_links":{"self":[{"href":"https:\/\/vieassociative.be\/actualites\/wp-json\/wp\/v2\/posts\/3887"}],"collection":[{"href":"https:\/\/vieassociative.be\/actualites\/wp-json\/wp\/v2\/posts"}],"about":[{"href":"https:\/\/vieassociative.be\/actualites\/wp-json\/wp\/v2\/types\/post"}],"author":[{"embeddable":true,"href":"https:\/\/vieassociative.be\/actualites\/wp-json\/wp\/v2\/users\/1"}],"replies":[{"embeddable":true,"href":"https:\/\/vieassociative.be\/actualites\/wp-json\/wp\/v2\/comments?post=3887"}],"version-history":[{"count":0,"href":"https:\/\/vieassociative.be\/actualites\/wp-json\/wp\/v2\/posts\/3887\/revisions"}],"wp:featuredmedia":[{"embeddable":true,"href":"https:\/\/vieassociative.be\/actualites\/wp-json\/wp\/v2\/media\/3888"}],"wp:attachment":[{"href":"https:\/\/vieassociative.be\/actualites\/wp-json\/wp\/v2\/media?parent=3887"}],"wp:term":[{"taxonomy":"category","embeddable":true,"href":"https:\/\/vieassociative.be\/actualites\/wp-json\/wp\/v2\/categories?post=3887"},{"taxonomy":"post_tag","embeddable":true,"href":"https:\/\/vieassociative.be\/actualites\/wp-json\/wp\/v2\/tags?post=3887"}],"curies":[{"name":"wp","href":"https:\/\/api.w.org\/{rel}","templated":true}]}}