{"id":3883,"date":"2024-12-30T15:17:33","date_gmt":"2024-12-30T14:17:33","guid":{"rendered":"https:\/\/vieassociative.be\/actualites\/freches-recommande-les-entreprises-touristiques-dans-la-certification-dg-clef-verte-trois-ateliers-en-ligne\/"},"modified":"2024-12-30T15:17:33","modified_gmt":"2024-12-30T14:17:33","slug":"freches-recommande-les-entreprises-touristiques-dans-la-certification-dg-clef-verte-trois-ateliers-en-ligne","status":"publish","type":"post","link":"https:\/\/vieassociative.be\/actualites\/freches-recommande-les-entreprises-touristiques-dans-la-certification-dg-clef-verte-trois-ateliers-en-ligne\/","title":{"rendered":"Freches recommande les entreprises touristiques dans la certification DG Clef Verte \u2013 trois ateliers en ligne"},"content":{"rendered":"<p><strong>Le ministre de la DG Tourisme, Gregor Freches (PFF), invite les entreprises touristiques de l&rsquo;Est de la Belgique \u00e0 participer aux ateliers de la certification Cl\u00e9 Verte, reconnue internationalement, afin de concevoir leurs offres de mani\u00e8re \u00e9conome en ressources et de g\u00e9rer leurs op\u00e9rations de mani\u00e8re tourn\u00e9e vers l&rsquo;avenir. .<\/strong><\/p>\n<p><span id=\"more-405084\"><\/span>Les exploitants d&rsquo;h\u00f4tels, de chambres d&rsquo;h\u00f4tes, d&rsquo;appartements et de maisons de vacances, d&rsquo;auberges de jeunesse ou de campings ont la possibilit\u00e9 de participer \u00e0 des ateliers en ligne gratuits en janvier. Vous y d\u00e9couvrirez tout ce que vous devez savoir sur la certification Cl\u00e9 Verte, ses avantages et la proc\u00e9dure de candidature. Les ateliers sont soutenus par l&rsquo;organisme Canopea.<\/p>\n<p>\u00abLa certification Cl\u00e9 Verte offre aux entreprises la possibilit\u00e9 de rendre visible leur engagement clair en faveur de la protection de l&rsquo;environnement et de d\u00e9velopper ainsi un argument de vente unique par rapport \u00e0 leurs concurrents\u00bb, souligne le ministre.<\/p>\n<\/p>\n<div id=\"attachment_405098\" class=\"wp-caption alignleft\" style=\"max-width: 300px\"><img fetchpriority=\"high\" decoding=\"async\" class=\"wp-image-405098 size-medium\" src=\"https:\/\/vieassociative.be\/actualites\/wp-content\/uploads\/2024\/12\/Freches-recommande-les-entreprises-touristiques-dans-la-certification-DG-Clef.jpg\" alt=\"\" width=\"300\" height=\"300\"  ><\/p>\n<p class=\"wp-caption-text\">Ministre de la DG Tourisme Gregor Freches (PFF). Photo : Patrick von Staufenberg<\/p>\n<\/div>\n<p><strong>\u2013 En quoi consiste le processus de certification ?<\/strong><br \/>\n Elle accompagne les entreprises dans la r\u00e9duction de leur empreinte \u00e9cologique, la r\u00e9duction de la consommation de ressources et la mise en \u0153uvre de mesures durables. Les crit\u00e8res de certification sont adapt\u00e9s aux diff\u00e9rentes structures et besoins des entreprises touristiques.<\/p>\n<p>Le ministre explique : \u00ab Avec la certification Clef Verte, les entreprises d\u00e9montrent non seulement leur engagement en faveur d&rsquo;un tourisme \u00e9cologiquement et socialement responsable, mais augmentent \u00e9galement leur attractivit\u00e9 aupr\u00e8s des h\u00f4tes amoureux de la nature d&rsquo;ici et d&rsquo;ailleurs. De plus, ils augmentent parall\u00e8lement leur \u00e9quilibre \u00e9conomique car ils b\u00e9n\u00e9ficient<br \/>\nd\u2019\u00e9conomies gr\u00e2ce \u00e0 une consommation efficace d\u2019eau, d\u2019\u00e9nergie et de d\u00e9chets<br \/>\nVisibilit\u00e9 en faisant partie d&rsquo;un r\u00e9seau international d&rsquo;entreprises certifi\u00e9es<br \/>\n\u00ab De plus, ils augmentent parall\u00e8lement leur \u00e9quilibre \u00e9conomique, car ils b\u00e9n\u00e9ficient<br \/>\nd&rsquo;\u00e9conomies gr\u00e2ce \u00e0 une consommation efficace d&rsquo;eau, d&rsquo;\u00e9nergie et de d\u00e9chets, y compris la v\u00f4tre<br \/>\nVisibilit\u00e9 en faisant partie d&rsquo;un r\u00e9seau international d&rsquo;entreprises certifi\u00e9es<br \/>\ndevenir.\u00a0\u00bb<\/p>\n<p><b>\u2013 Prise en charge des frais la premi\u00e8re ann\u00e9e : <\/b>Le ministre souligne que les frais d&rsquo;audit et d&rsquo;adh\u00e9sion pour la premi\u00e8re ann\u00e9e seront enti\u00e8rement pris en charge par la DG en cas de succ\u00e8s de la certification.<\/p>\n<p><b>\u2013 Dates des ateliers : <\/b>Mardi 7 janvier 2025, \u00e0 14h, mercredi 8 janvier 2025, \u00e0 9h30 et lundi 13 janvier 2025, \u00e0 14h<\/p>\n<p><b>\u2013 Demande de certification Cl\u00e9 Verte : <\/b>Les h\u00e9bergeurs touristiques int\u00e9ress\u00e9s ont la possibilit\u00e9 de d\u00e9poser leur dossier de candidature aupr\u00e8s de Canopea jusqu&rsquo;au samedi 15 mars 2025.<\/p>\n","protected":false},"excerpt":{"rendered":"<p>Le ministre de la DG Tourisme, Gregor Freches (PFF), invite les entreprises touristiques de l&rsquo;Est de la Belgique \u00e0 participer aux ateliers de la certification<\/p>\n","protected":false},"author":1,"featured_media":3884,"comment_status":"","ping_status":"","sticky":false,"template":"","format":"standard","meta":{"footnotes":""},"categories":[298],"tags":[4372,4370,4371,166,1789,2593,14,11,3728,4369,771,3491],"class_list":["post-3883","post","type-post","status-publish","format-standard","has-post-thumbnail","hentry","category-belgique","tag-ateliers","tag-certification","tag-clef","tag-dans","tag-entreprises","tag-freches","tag-les","tag-ligne","tag-recommande","tag-touristiques","tag-trois","tag-verte","generate-columns","tablet-grid-50","mobile-grid-100","grid-parent","grid-33"],"yoast_head":"<!-- This site is optimized with the Yoast SEO plugin v24.0 - https:\/\/yoast.com\/wordpress\/plugins\/seo\/ -->\n<title>Freches recommande les entreprises touristiques dans la certification DG Clef Verte \u2013 trois ateliers en ligne | Vie Associative<\/title>\n<meta name=\"robots\" content=\"index, follow, max-snippet:-1, max-image-preview:large, max-video-preview:-1\" \/>\n<link rel=\"canonical\" href=\"https:\/\/vieassociative.be\/actualites\/freches-recommande-les-entreprises-touristiques-dans-la-certification-dg-clef-verte-trois-ateliers-en-ligne\/\" \/>\n<meta property=\"og:locale\" content=\"fr_FR\" \/>\n<meta property=\"og:type\" content=\"article\" \/>\n<meta property=\"og:title\" content=\"Freches recommande les entreprises touristiques dans la certification DG Clef Verte \u2013 trois ateliers en ligne | Vie Associative\" \/>\n<meta property=\"og:description\" content=\"Le ministre de la DG Tourisme, Gregor Freches (PFF), invite les entreprises touristiques de l&rsquo;Est de la Belgique \u00e0 participer aux ateliers de la certification\" \/>\n<meta property=\"og:url\" content=\"https:\/\/vieassociative.be\/actualites\/freches-recommande-les-entreprises-touristiques-dans-la-certification-dg-clef-verte-trois-ateliers-en-ligne\/\" \/>\n<meta property=\"og:site_name\" content=\"Vie Associative\" \/>\n<meta property=\"article:published_time\" content=\"2024-12-30T14:17:33+00:00\" \/>\n<meta property=\"og:image\" content=\"https:\/\/vieassociative.be\/actualites\/wp-content\/uploads\/2024\/09\/header_backgroundk-01-e1726694325946.png\" \/>\n\t<meta property=\"og:image:width\" content=\"279\" \/>\n\t<meta property=\"og:image:height\" content=\"92\" \/>\n\t<meta property=\"og:image:type\" content=\"image\/png\" \/>\n<meta name=\"author\" content=\"Julien\" \/>\n<meta name=\"twitter:card\" content=\"summary_large_image\" \/>\n<meta name=\"twitter:label1\" content=\"\u00c9crit par\" \/>\n\t<meta name=\"twitter:data1\" content=\"Julien\" \/>\n\t<meta name=\"twitter:label2\" content=\"Dur\u00e9e de lecture est.\" \/>\n\t<meta name=\"twitter:data2\" content=\"2 minutes\" \/>\n<script type=\"application\/ld+json\" class=\"yoast-schema-graph\">{\"@context\":\"https:\/\/schema.org\",\"@graph\":[{\"@type\":\"Article\",\"@id\":\"https:\/\/vieassociative.be\/actualites\/freches-recommande-les-entreprises-touristiques-dans-la-certification-dg-clef-verte-trois-ateliers-en-ligne\/#article\",\"isPartOf\":{\"@id\":\"https:\/\/vieassociative.be\/actualites\/freches-recommande-les-entreprises-touristiques-dans-la-certification-dg-clef-verte-trois-ateliers-en-ligne\/\"},\"author\":{\"name\":\"Julien\",\"@id\":\"https:\/\/vieassociative.be\/actualites\/#\/schema\/person\/b87ac4f82f9d4e7b7cec7395b679edc4\"},\"headline\":\"Freches recommande les entreprises touristiques dans la certification DG Clef Verte \u2013 trois ateliers en ligne\",\"datePublished\":\"2024-12-30T14:17:33+00:00\",\"dateModified\":\"2024-12-30T14:17:33+00:00\",\"mainEntityOfPage\":{\"@id\":\"https:\/\/vieassociative.be\/actualites\/freches-recommande-les-entreprises-touristiques-dans-la-certification-dg-clef-verte-trois-ateliers-en-ligne\/\"},\"wordCount\":463,\"publisher\":{\"@id\":\"https:\/\/vieassociative.be\/actualites\/#organization\"},\"image\":{\"@id\":\"https:\/\/vieassociative.be\/actualites\/freches-recommande-les-entreprises-touristiques-dans-la-certification-dg-clef-verte-trois-ateliers-en-ligne\/#primaryimage\"},\"thumbnailUrl\":\"https:\/\/vieassociative.be\/actualites\/wp-content\/uploads\/2024\/12\/1735568253_Freches-recommande-les-entreprises-touristiques-dans-la-certification-DG-Clef.jpg\",\"keywords\":[\"ateliers\",\"certification\",\"Clef\",\"dans\",\"entreprises\",\"Freches\",\"Les\",\"ligne\",\"recommande\",\"touristiques\",\"trois\",\"verte\"],\"articleSection\":[\"Belgique\"],\"inLanguage\":\"fr-BE\"},{\"@type\":\"WebPage\",\"@id\":\"https:\/\/vieassociative.be\/actualites\/freches-recommande-les-entreprises-touristiques-dans-la-certification-dg-clef-verte-trois-ateliers-en-ligne\/\",\"url\":\"https:\/\/vieassociative.be\/actualites\/freches-recommande-les-entreprises-touristiques-dans-la-certification-dg-clef-verte-trois-ateliers-en-ligne\/\",\"name\":\"Freches recommande les entreprises touristiques dans la certification DG Clef Verte \u2013 trois ateliers en ligne | Vie Associative\",\"isPartOf\":{\"@id\":\"https:\/\/vieassociative.be\/actualites\/#website\"},\"primaryImageOfPage\":{\"@id\":\"https:\/\/vieassociative.be\/actualites\/freches-recommande-les-entreprises-touristiques-dans-la-certification-dg-clef-verte-trois-ateliers-en-ligne\/#primaryimage\"},\"image\":{\"@id\":\"https:\/\/vieassociative.be\/actualites\/freches-recommande-les-entreprises-touristiques-dans-la-certification-dg-clef-verte-trois-ateliers-en-ligne\/#primaryimage\"},\"thumbnailUrl\":\"https:\/\/vieassociative.be\/actualites\/wp-content\/uploads\/2024\/12\/1735568253_Freches-recommande-les-entreprises-touristiques-dans-la-certification-DG-Clef.jpg\",\"datePublished\":\"2024-12-30T14:17:33+00:00\",\"dateModified\":\"2024-12-30T14:17:33+00:00\",\"breadcrumb\":{\"@id\":\"https:\/\/vieassociative.be\/actualites\/freches-recommande-les-entreprises-touristiques-dans-la-certification-dg-clef-verte-trois-ateliers-en-ligne\/#breadcrumb\"},\"inLanguage\":\"fr-BE\",\"potentialAction\":[{\"@type\":\"ReadAction\",\"target\":[\"https:\/\/vieassociative.be\/actualites\/freches-recommande-les-entreprises-touristiques-dans-la-certification-dg-clef-verte-trois-ateliers-en-ligne\/\"]}]},{\"@type\":\"ImageObject\",\"inLanguage\":\"fr-BE\",\"@id\":\"https:\/\/vieassociative.be\/actualites\/freches-recommande-les-entreprises-touristiques-dans-la-certification-dg-clef-verte-trois-ateliers-en-ligne\/#primaryimage\",\"url\":\"https:\/\/vieassociative.be\/actualites\/wp-content\/uploads\/2024\/12\/1735568253_Freches-recommande-les-entreprises-touristiques-dans-la-certification-DG-Clef.jpg\",\"contentUrl\":\"https:\/\/vieassociative.be\/actualites\/wp-content\/uploads\/2024\/12\/1735568253_Freches-recommande-les-entreprises-touristiques-dans-la-certification-DG-Clef.jpg\",\"width\":1200,\"height\":800,\"caption\":\"Freches recommande les entreprises touristiques dans la certification DG Clef Verte \u2013 trois ateliers en ligne\"},{\"@type\":\"BreadcrumbList\",\"@id\":\"https:\/\/vieassociative.be\/actualites\/freches-recommande-les-entreprises-touristiques-dans-la-certification-dg-clef-verte-trois-ateliers-en-ligne\/#breadcrumb\",\"itemListElement\":[{\"@type\":\"ListItem\",\"position\":1,\"name\":\"Accueil\",\"item\":\"https:\/\/vieassociative.be\/actualites\/\"},{\"@type\":\"ListItem\",\"position\":2,\"name\":\"Freches recommande les entreprises touristiques dans la certification DG Clef Verte \u2013 trois ateliers en ligne\"}]},{\"@type\":\"WebSite\",\"@id\":\"https:\/\/vieassociative.be\/actualites\/#website\",\"url\":\"https:\/\/vieassociative.be\/actualites\/\",\"name\":\"Vie Associative\",\"description\":\"\",\"publisher\":{\"@id\":\"https:\/\/vieassociative.be\/actualites\/#organization\"},\"potentialAction\":[{\"@type\":\"SearchAction\",\"target\":{\"@type\":\"EntryPoint\",\"urlTemplate\":\"https:\/\/vieassociative.be\/actualites\/?s={search_term_string}\"},\"query-input\":{\"@type\":\"PropertyValueSpecification\",\"valueRequired\":true,\"valueName\":\"search_term_string\"}}],\"inLanguage\":\"fr-BE\"},{\"@type\":\"Organization\",\"@id\":\"https:\/\/vieassociative.be\/actualites\/#organization\",\"name\":\"Vie Associative\",\"url\":\"https:\/\/vieassociative.be\/actualites\/\",\"logo\":{\"@type\":\"ImageObject\",\"inLanguage\":\"fr-BE\",\"@id\":\"https:\/\/vieassociative.be\/actualites\/#\/schema\/logo\/image\/\",\"url\":\"https:\/\/vieassociative.be\/actualites\/wp-content\/uploads\/2024\/09\/cropped-vieassociative_favicon.ico.png\",\"contentUrl\":\"https:\/\/vieassociative.be\/actualites\/wp-content\/uploads\/2024\/09\/cropped-vieassociative_favicon.ico.png\",\"width\":512,\"height\":512,\"caption\":\"Vie Associative\"},\"image\":{\"@id\":\"https:\/\/vieassociative.be\/actualites\/#\/schema\/logo\/image\/\"}},{\"@type\":\"Person\",\"@id\":\"https:\/\/vieassociative.be\/actualites\/#\/schema\/person\/b87ac4f82f9d4e7b7cec7395b679edc4\",\"name\":\"Julien\",\"image\":{\"@type\":\"ImageObject\",\"inLanguage\":\"fr-BE\",\"@id\":\"https:\/\/vieassociative.be\/actualites\/#\/schema\/person\/image\/\",\"url\":\"https:\/\/vieassociative.be\/actualites\/wp-content\/uploads\/2024\/09\/vie-associative-1-150x150.jpg\",\"contentUrl\":\"https:\/\/vieassociative.be\/actualites\/wp-content\/uploads\/2024\/09\/vie-associative-1-150x150.jpg\",\"caption\":\"Julien\"},\"description\":\"Je suis Julien, r\u00e9dacteur pour Vie Associative. Passionn\u00e9 par le monde associatif depuis plus de 10 ans, j'ai \u00e0 c\u0153ur de partager des histoires inspirantes et de mettre en lumi\u00e8re les initiatives locales. Mon objectif est de sensibiliser et d'encourager l'engagement communautaire \u00e0 travers mes articles.\",\"sameAs\":[\"https:\/\/vieassociative.be\/\"]}]}<\/script>\n<!-- \/ Yoast SEO plugin. -->","yoast_head_json":{"title":"Freches recommande les entreprises touristiques dans la certification DG Clef Verte \u2013 trois ateliers en ligne | Vie Associative","robots":{"index":"index","follow":"follow","max-snippet":"max-snippet:-1","max-image-preview":"max-image-preview:large","max-video-preview":"max-video-preview:-1"},"canonical":"https:\/\/vieassociative.be\/actualites\/freches-recommande-les-entreprises-touristiques-dans-la-certification-dg-clef-verte-trois-ateliers-en-ligne\/","og_locale":"fr_FR","og_type":"article","og_title":"Freches recommande les entreprises touristiques dans la certification DG Clef Verte \u2013 trois ateliers en ligne | Vie Associative","og_description":"Le ministre de la DG Tourisme, Gregor Freches (PFF), invite les entreprises touristiques de l&rsquo;Est de la Belgique \u00e0 participer aux ateliers de la certification","og_url":"https:\/\/vieassociative.be\/actualites\/freches-recommande-les-entreprises-touristiques-dans-la-certification-dg-clef-verte-trois-ateliers-en-ligne\/","og_site_name":"Vie Associative","article_published_time":"2024-12-30T14:17:33+00:00","og_image":[{"width":279,"height":92,"url":"https:\/\/vieassociative.be\/actualites\/wp-content\/uploads\/2024\/09\/header_backgroundk-01-e1726694325946.png","type":"image\/png"}],"author":"Julien","twitter_card":"summary_large_image","twitter_misc":{"\u00c9crit par":"Julien","Dur\u00e9e de lecture est.":"2 minutes"},"schema":{"@context":"https:\/\/schema.org","@graph":[{"@type":"Article","@id":"https:\/\/vieassociative.be\/actualites\/freches-recommande-les-entreprises-touristiques-dans-la-certification-dg-clef-verte-trois-ateliers-en-ligne\/#article","isPartOf":{"@id":"https:\/\/vieassociative.be\/actualites\/freches-recommande-les-entreprises-touristiques-dans-la-certification-dg-clef-verte-trois-ateliers-en-ligne\/"},"author":{"name":"Julien","@id":"https:\/\/vieassociative.be\/actualites\/#\/schema\/person\/b87ac4f82f9d4e7b7cec7395b679edc4"},"headline":"Freches recommande les entreprises touristiques dans la certification DG Clef Verte \u2013 trois ateliers en ligne","datePublished":"2024-12-30T14:17:33+00:00","dateModified":"2024-12-30T14:17:33+00:00","mainEntityOfPage":{"@id":"https:\/\/vieassociative.be\/actualites\/freches-recommande-les-entreprises-touristiques-dans-la-certification-dg-clef-verte-trois-ateliers-en-ligne\/"},"wordCount":463,"publisher":{"@id":"https:\/\/vieassociative.be\/actualites\/#organization"},"image":{"@id":"https:\/\/vieassociative.be\/actualites\/freches-recommande-les-entreprises-touristiques-dans-la-certification-dg-clef-verte-trois-ateliers-en-ligne\/#primaryimage"},"thumbnailUrl":"https:\/\/vieassociative.be\/actualites\/wp-content\/uploads\/2024\/12\/1735568253_Freches-recommande-les-entreprises-touristiques-dans-la-certification-DG-Clef.jpg","keywords":["ateliers","certification","Clef","dans","entreprises","Freches","Les","ligne","recommande","touristiques","trois","verte"],"articleSection":["Belgique"],"inLanguage":"fr-BE"},{"@type":"WebPage","@id":"https:\/\/vieassociative.be\/actualites\/freches-recommande-les-entreprises-touristiques-dans-la-certification-dg-clef-verte-trois-ateliers-en-ligne\/","url":"https:\/\/vieassociative.be\/actualites\/freches-recommande-les-entreprises-touristiques-dans-la-certification-dg-clef-verte-trois-ateliers-en-ligne\/","name":"Freches recommande les entreprises touristiques dans la certification DG Clef Verte \u2013 trois ateliers en ligne | Vie Associative","isPartOf":{"@id":"https:\/\/vieassociative.be\/actualites\/#website"},"primaryImageOfPage":{"@id":"https:\/\/vieassociative.be\/actualites\/freches-recommande-les-entreprises-touristiques-dans-la-certification-dg-clef-verte-trois-ateliers-en-ligne\/#primaryimage"},"image":{"@id":"https:\/\/vieassociative.be\/actualites\/freches-recommande-les-entreprises-touristiques-dans-la-certification-dg-clef-verte-trois-ateliers-en-ligne\/#primaryimage"},"thumbnailUrl":"https:\/\/vieassociative.be\/actualites\/wp-content\/uploads\/2024\/12\/1735568253_Freches-recommande-les-entreprises-touristiques-dans-la-certification-DG-Clef.jpg","datePublished":"2024-12-30T14:17:33+00:00","dateModified":"2024-12-30T14:17:33+00:00","breadcrumb":{"@id":"https:\/\/vieassociative.be\/actualites\/freches-recommande-les-entreprises-touristiques-dans-la-certification-dg-clef-verte-trois-ateliers-en-ligne\/#breadcrumb"},"inLanguage":"fr-BE","potentialAction":[{"@type":"ReadAction","target":["https:\/\/vieassociative.be\/actualites\/freches-recommande-les-entreprises-touristiques-dans-la-certification-dg-clef-verte-trois-ateliers-en-ligne\/"]}]},{"@type":"ImageObject","inLanguage":"fr-BE","@id":"https:\/\/vieassociative.be\/actualites\/freches-recommande-les-entreprises-touristiques-dans-la-certification-dg-clef-verte-trois-ateliers-en-ligne\/#primaryimage","url":"https:\/\/vieassociative.be\/actualites\/wp-content\/uploads\/2024\/12\/1735568253_Freches-recommande-les-entreprises-touristiques-dans-la-certification-DG-Clef.jpg","contentUrl":"https:\/\/vieassociative.be\/actualites\/wp-content\/uploads\/2024\/12\/1735568253_Freches-recommande-les-entreprises-touristiques-dans-la-certification-DG-Clef.jpg","width":1200,"height":800,"caption":"Freches recommande les entreprises touristiques dans la certification DG Clef Verte \u2013 trois ateliers en ligne"},{"@type":"BreadcrumbList","@id":"https:\/\/vieassociative.be\/actualites\/freches-recommande-les-entreprises-touristiques-dans-la-certification-dg-clef-verte-trois-ateliers-en-ligne\/#breadcrumb","itemListElement":[{"@type":"ListItem","position":1,"name":"Accueil","item":"https:\/\/vieassociative.be\/actualites\/"},{"@type":"ListItem","position":2,"name":"Freches recommande les entreprises touristiques dans la certification DG Clef Verte \u2013 trois ateliers en ligne"}]},{"@type":"WebSite","@id":"https:\/\/vieassociative.be\/actualites\/#website","url":"https:\/\/vieassociative.be\/actualites\/","name":"Vie Associative","description":"","publisher":{"@id":"https:\/\/vieassociative.be\/actualites\/#organization"},"potentialAction":[{"@type":"SearchAction","target":{"@type":"EntryPoint","urlTemplate":"https:\/\/vieassociative.be\/actualites\/?s={search_term_string}"},"query-input":{"@type":"PropertyValueSpecification","valueRequired":true,"valueName":"search_term_string"}}],"inLanguage":"fr-BE"},{"@type":"Organization","@id":"https:\/\/vieassociative.be\/actualites\/#organization","name":"Vie Associative","url":"https:\/\/vieassociative.be\/actualites\/","logo":{"@type":"ImageObject","inLanguage":"fr-BE","@id":"https:\/\/vieassociative.be\/actualites\/#\/schema\/logo\/image\/","url":"https:\/\/vieassociative.be\/actualites\/wp-content\/uploads\/2024\/09\/cropped-vieassociative_favicon.ico.png","contentUrl":"https:\/\/vieassociative.be\/actualites\/wp-content\/uploads\/2024\/09\/cropped-vieassociative_favicon.ico.png","width":512,"height":512,"caption":"Vie Associative"},"image":{"@id":"https:\/\/vieassociative.be\/actualites\/#\/schema\/logo\/image\/"}},{"@type":"Person","@id":"https:\/\/vieassociative.be\/actualites\/#\/schema\/person\/b87ac4f82f9d4e7b7cec7395b679edc4","name":"Julien","image":{"@type":"ImageObject","inLanguage":"fr-BE","@id":"https:\/\/vieassociative.be\/actualites\/#\/schema\/person\/image\/","url":"https:\/\/vieassociative.be\/actualites\/wp-content\/uploads\/2024\/09\/vie-associative-1-150x150.jpg","contentUrl":"https:\/\/vieassociative.be\/actualites\/wp-content\/uploads\/2024\/09\/vie-associative-1-150x150.jpg","caption":"Julien"},"description":"Je suis Julien, r\u00e9dacteur pour Vie Associative. Passionn\u00e9 par le monde associatif depuis plus de 10 ans, j'ai \u00e0 c\u0153ur de partager des histoires inspirantes et de mettre en lumi\u00e8re les initiatives locales. Mon objectif est de sensibiliser et d'encourager l'engagement communautaire \u00e0 travers mes articles.","sameAs":["https:\/\/vieassociative.be\/"]}]}},"_links":{"self":[{"href":"https:\/\/vieassociative.be\/actualites\/wp-json\/wp\/v2\/posts\/3883"}],"collection":[{"href":"https:\/\/vieassociative.be\/actualites\/wp-json\/wp\/v2\/posts"}],"about":[{"href":"https:\/\/vieassociative.be\/actualites\/wp-json\/wp\/v2\/types\/post"}],"author":[{"embeddable":true,"href":"https:\/\/vieassociative.be\/actualites\/wp-json\/wp\/v2\/users\/1"}],"replies":[{"embeddable":true,"href":"https:\/\/vieassociative.be\/actualites\/wp-json\/wp\/v2\/comments?post=3883"}],"version-history":[{"count":0,"href":"https:\/\/vieassociative.be\/actualites\/wp-json\/wp\/v2\/posts\/3883\/revisions"}],"wp:featuredmedia":[{"embeddable":true,"href":"https:\/\/vieassociative.be\/actualites\/wp-json\/wp\/v2\/media\/3884"}],"wp:attachment":[{"href":"https:\/\/vieassociative.be\/actualites\/wp-json\/wp\/v2\/media?parent=3883"}],"wp:term":[{"taxonomy":"category","embeddable":true,"href":"https:\/\/vieassociative.be\/actualites\/wp-json\/wp\/v2\/categories?post=3883"},{"taxonomy":"post_tag","embeddable":true,"href":"https:\/\/vieassociative.be\/actualites\/wp-json\/wp\/v2\/tags?post=3883"}],"curies":[{"name":"wp","href":"https:\/\/api.w.org\/{rel}","templated":true}]}}