{"id":3874,"date":"2024-12-30T09:18:11","date_gmt":"2024-12-30T08:18:11","guid":{"rendered":"https:\/\/vieassociative.be\/actualites\/reunion-de-reglage-a-aix-la-chapelle-des-conducteurs-agressifs-ont-lance-des-petards-sur-les-passants-et-la-police\/"},"modified":"2024-12-30T09:18:11","modified_gmt":"2024-12-30T08:18:11","slug":"reunion-de-reglage-a-aix-la-chapelle-des-conducteurs-agressifs-ont-lance-des-petards-sur-les-passants-et-la-police","status":"publish","type":"post","link":"https:\/\/vieassociative.be\/actualites\/reunion-de-reglage-a-aix-la-chapelle-des-conducteurs-agressifs-ont-lance-des-petards-sur-les-passants-et-la-police\/","title":{"rendered":"R\u00e9union de r\u00e9glage \u00e0 Aix-la-Chapelle : des conducteurs agressifs ont lanc\u00e9 des p\u00e9tards sur les passants et la police"},"content":{"rendered":"<p><strong>Samedi soir, une r\u00e9union dite de r\u00e9glage a eu lieu \u00e0 Aix-la-Chapelle.<\/strong><\/p>\n<p><span id=\"more-405075\"><\/span>Pr\u00e8s de 2 000 personnes sont venues de diff\u00e9rentes villes du triangle frontalier \u00e0 bord de plusieurs centaines de v\u00e9hicules et se sont retrouv\u00e9es dans les parkings de la Dresdener Stra\u00dfe. Dans certains cas, les rues \u00e9taient compl\u00e8tement bloqu\u00e9es par le grand nombre de v\u00e9hicules &#8211; il y avait des man\u0153uvres de conduite dangereuses de la part des poseurs de voitures, typiques de la sc\u00e8ne. <\/p>\n<p>De nombreux policiers ont \u00e9t\u00e9 d\u00e9ploy\u00e9s pour pr\u00e9venir et poursuivre les infractions administratives et p\u00e9nales. Entre autres choses, un h\u00e9licopt\u00e8re de la police a \u00e9galement \u00e9t\u00e9 utilis\u00e9.<\/p>\n<p>Au cours de la soir\u00e9e, des situations tr\u00e8s dangereuses se sont produites. Des pi\u00e8ces pyrotechniques ont \u00e9t\u00e9 lanc\u00e9es et tir\u00e9es parmi les participants sur la foule et en direction des forces de police. D&rsquo;importants d\u00e9g\u00e2ts mat\u00e9riels ont \u00e9t\u00e9 caus\u00e9s \u00e0 une voiture de patrouille par des p\u00e9tards. <\/p>\n<p>Les participants \u00e0 la r\u00e9union se sont comport\u00e9s de moins en moins coop\u00e9ratifs et imprudents \u2013 certains groupes ont montr\u00e9 un comportement tr\u00e8s agressif et mena\u00e7ant. La police a pu mettre fin \u00e0 la r\u00e9union de mise au point vers minuit.<\/p>\n<p>La police judiciaire a ouvert des enqu\u00eates approfondies, entre autres, sur les perturbations dangereuses de la circulation routi\u00e8re, la coercition dans la circulation routi\u00e8re, les atteintes \u00e0 l&rsquo;ordre public particuli\u00e8rement graves, les agressions physiques contre les forces de l&rsquo;ordre, les violations de la loi sur les explosifs et les dommages mat\u00e9riels.<\/p>\n","protected":false},"excerpt":{"rendered":"<p>Samedi soir, une r\u00e9union dite de r\u00e9glage a eu lieu \u00e0 Aix-la-Chapelle. Pr\u00e8s de 2 000 personnes sont venues de diff\u00e9rentes villes du triangle frontalier<\/p>\n","protected":false},"author":1,"featured_media":3875,"comment_status":"","ping_status":"","sticky":false,"template":"","format":"standard","meta":{"footnotes":""},"categories":[298],"tags":[4361,3440,4360,29,4362,14,1374,4364,4363,2741,4359,4051,33],"class_list":["post-3874","post","type-post","status-publish","format-standard","has-post-thumbnail","hentry","category-belgique","tag-agressifs","tag-aixlachapelle","tag-conducteurs","tag-des","tag-lance","tag-les","tag-ont","tag-passants","tag-petards","tag-police","tag-reglage","tag-reunion","tag-sur","generate-columns","tablet-grid-50","mobile-grid-100","grid-parent","grid-33"],"yoast_head":"<!-- This site is optimized with the Yoast SEO plugin v24.0 - https:\/\/yoast.com\/wordpress\/plugins\/seo\/ -->\n<title>R\u00e9union de r\u00e9glage \u00e0 Aix-la-Chapelle : des conducteurs agressifs ont lanc\u00e9 des p\u00e9tards sur les passants et la police | Vie Associative<\/title>\n<meta name=\"robots\" content=\"index, follow, max-snippet:-1, max-image-preview:large, max-video-preview:-1\" \/>\n<link rel=\"canonical\" href=\"https:\/\/vieassociative.be\/actualites\/reunion-de-reglage-a-aix-la-chapelle-des-conducteurs-agressifs-ont-lance-des-petards-sur-les-passants-et-la-police\/\" \/>\n<meta property=\"og:locale\" content=\"fr_FR\" \/>\n<meta property=\"og:type\" content=\"article\" \/>\n<meta property=\"og:title\" content=\"R\u00e9union de r\u00e9glage \u00e0 Aix-la-Chapelle : des conducteurs agressifs ont lanc\u00e9 des p\u00e9tards sur les passants et la police | Vie Associative\" \/>\n<meta property=\"og:description\" content=\"Samedi soir, une r\u00e9union dite de r\u00e9glage a eu lieu \u00e0 Aix-la-Chapelle. Pr\u00e8s de 2 000 personnes sont venues de diff\u00e9rentes villes du triangle frontalier\" \/>\n<meta property=\"og:url\" content=\"https:\/\/vieassociative.be\/actualites\/reunion-de-reglage-a-aix-la-chapelle-des-conducteurs-agressifs-ont-lance-des-petards-sur-les-passants-et-la-police\/\" \/>\n<meta property=\"og:site_name\" content=\"Vie Associative\" \/>\n<meta property=\"article:published_time\" content=\"2024-12-30T08:18:11+00:00\" \/>\n<meta property=\"og:image\" content=\"https:\/\/vieassociative.be\/actualites\/wp-content\/uploads\/2024\/09\/header_backgroundk-01-e1726694325946.png\" \/>\n\t<meta property=\"og:image:width\" content=\"279\" \/>\n\t<meta property=\"og:image:height\" content=\"92\" \/>\n\t<meta property=\"og:image:type\" content=\"image\/png\" \/>\n<meta name=\"author\" content=\"Julien\" \/>\n<meta name=\"twitter:card\" content=\"summary_large_image\" \/>\n<meta name=\"twitter:label1\" content=\"\u00c9crit par\" \/>\n\t<meta name=\"twitter:data1\" content=\"Julien\" \/>\n\t<meta name=\"twitter:label2\" content=\"Dur\u00e9e de lecture est.\" \/>\n\t<meta name=\"twitter:data2\" content=\"1 minute\" \/>\n<script type=\"application\/ld+json\" class=\"yoast-schema-graph\">{\"@context\":\"https:\/\/schema.org\",\"@graph\":[{\"@type\":\"Article\",\"@id\":\"https:\/\/vieassociative.be\/actualites\/reunion-de-reglage-a-aix-la-chapelle-des-conducteurs-agressifs-ont-lance-des-petards-sur-les-passants-et-la-police\/#article\",\"isPartOf\":{\"@id\":\"https:\/\/vieassociative.be\/actualites\/reunion-de-reglage-a-aix-la-chapelle-des-conducteurs-agressifs-ont-lance-des-petards-sur-les-passants-et-la-police\/\"},\"author\":{\"name\":\"Julien\",\"@id\":\"https:\/\/vieassociative.be\/actualites\/#\/schema\/person\/b87ac4f82f9d4e7b7cec7395b679edc4\"},\"headline\":\"R\u00e9union de r\u00e9glage \u00e0 Aix-la-Chapelle : des conducteurs agressifs ont lanc\u00e9 des p\u00e9tards sur les passants et la police\",\"datePublished\":\"2024-12-30T08:18:11+00:00\",\"dateModified\":\"2024-12-30T08:18:11+00:00\",\"mainEntityOfPage\":{\"@id\":\"https:\/\/vieassociative.be\/actualites\/reunion-de-reglage-a-aix-la-chapelle-des-conducteurs-agressifs-ont-lance-des-petards-sur-les-passants-et-la-police\/\"},\"wordCount\":296,\"publisher\":{\"@id\":\"https:\/\/vieassociative.be\/actualites\/#organization\"},\"image\":{\"@id\":\"https:\/\/vieassociative.be\/actualites\/reunion-de-reglage-a-aix-la-chapelle-des-conducteurs-agressifs-ont-lance-des-petards-sur-les-passants-et-la-police\/#primaryimage\"},\"thumbnailUrl\":\"https:\/\/vieassociative.be\/actualites\/wp-content\/uploads\/2024\/12\/Reunion-de-reglage-a-Aix-la-Chapelle-des-conducteurs-agressifs-ont.jpg\",\"keywords\":[\"agressifs\",\"AixlaChapelle\",\"conducteurs\",\"Des\",\"lanc\u00e9\",\"Les\",\"ont\",\"passants\",\"p\u00e9tards\",\"police\",\"r\u00e9glage\",\"r\u00e9union\",\"sur\"],\"articleSection\":[\"Belgique\"],\"inLanguage\":\"fr-BE\"},{\"@type\":\"WebPage\",\"@id\":\"https:\/\/vieassociative.be\/actualites\/reunion-de-reglage-a-aix-la-chapelle-des-conducteurs-agressifs-ont-lance-des-petards-sur-les-passants-et-la-police\/\",\"url\":\"https:\/\/vieassociative.be\/actualites\/reunion-de-reglage-a-aix-la-chapelle-des-conducteurs-agressifs-ont-lance-des-petards-sur-les-passants-et-la-police\/\",\"name\":\"R\u00e9union de r\u00e9glage \u00e0 Aix-la-Chapelle : des conducteurs agressifs ont lanc\u00e9 des p\u00e9tards sur les passants et la police | Vie Associative\",\"isPartOf\":{\"@id\":\"https:\/\/vieassociative.be\/actualites\/#website\"},\"primaryImageOfPage\":{\"@id\":\"https:\/\/vieassociative.be\/actualites\/reunion-de-reglage-a-aix-la-chapelle-des-conducteurs-agressifs-ont-lance-des-petards-sur-les-passants-et-la-police\/#primaryimage\"},\"image\":{\"@id\":\"https:\/\/vieassociative.be\/actualites\/reunion-de-reglage-a-aix-la-chapelle-des-conducteurs-agressifs-ont-lance-des-petards-sur-les-passants-et-la-police\/#primaryimage\"},\"thumbnailUrl\":\"https:\/\/vieassociative.be\/actualites\/wp-content\/uploads\/2024\/12\/Reunion-de-reglage-a-Aix-la-Chapelle-des-conducteurs-agressifs-ont.jpg\",\"datePublished\":\"2024-12-30T08:18:11+00:00\",\"dateModified\":\"2024-12-30T08:18:11+00:00\",\"breadcrumb\":{\"@id\":\"https:\/\/vieassociative.be\/actualites\/reunion-de-reglage-a-aix-la-chapelle-des-conducteurs-agressifs-ont-lance-des-petards-sur-les-passants-et-la-police\/#breadcrumb\"},\"inLanguage\":\"fr-BE\",\"potentialAction\":[{\"@type\":\"ReadAction\",\"target\":[\"https:\/\/vieassociative.be\/actualites\/reunion-de-reglage-a-aix-la-chapelle-des-conducteurs-agressifs-ont-lance-des-petards-sur-les-passants-et-la-police\/\"]}]},{\"@type\":\"ImageObject\",\"inLanguage\":\"fr-BE\",\"@id\":\"https:\/\/vieassociative.be\/actualites\/reunion-de-reglage-a-aix-la-chapelle-des-conducteurs-agressifs-ont-lance-des-petards-sur-les-passants-et-la-police\/#primaryimage\",\"url\":\"https:\/\/vieassociative.be\/actualites\/wp-content\/uploads\/2024\/12\/Reunion-de-reglage-a-Aix-la-Chapelle-des-conducteurs-agressifs-ont.jpg\",\"contentUrl\":\"https:\/\/vieassociative.be\/actualites\/wp-content\/uploads\/2024\/12\/Reunion-de-reglage-a-Aix-la-Chapelle-des-conducteurs-agressifs-ont.jpg\",\"width\":1200,\"height\":706,\"caption\":\"R\u00e9union de r\u00e9glage \u00e0 Aix-la-Chapelle : des conducteurs agressifs ont lanc\u00e9 des p\u00e9tards sur les passants et la police\"},{\"@type\":\"BreadcrumbList\",\"@id\":\"https:\/\/vieassociative.be\/actualites\/reunion-de-reglage-a-aix-la-chapelle-des-conducteurs-agressifs-ont-lance-des-petards-sur-les-passants-et-la-police\/#breadcrumb\",\"itemListElement\":[{\"@type\":\"ListItem\",\"position\":1,\"name\":\"Accueil\",\"item\":\"https:\/\/vieassociative.be\/actualites\/\"},{\"@type\":\"ListItem\",\"position\":2,\"name\":\"R\u00e9union de r\u00e9glage \u00e0 Aix-la-Chapelle : des conducteurs agressifs ont lanc\u00e9 des p\u00e9tards sur les passants et la police\"}]},{\"@type\":\"WebSite\",\"@id\":\"https:\/\/vieassociative.be\/actualites\/#website\",\"url\":\"https:\/\/vieassociative.be\/actualites\/\",\"name\":\"Vie Associative\",\"description\":\"\",\"publisher\":{\"@id\":\"https:\/\/vieassociative.be\/actualites\/#organization\"},\"potentialAction\":[{\"@type\":\"SearchAction\",\"target\":{\"@type\":\"EntryPoint\",\"urlTemplate\":\"https:\/\/vieassociative.be\/actualites\/?s={search_term_string}\"},\"query-input\":{\"@type\":\"PropertyValueSpecification\",\"valueRequired\":true,\"valueName\":\"search_term_string\"}}],\"inLanguage\":\"fr-BE\"},{\"@type\":\"Organization\",\"@id\":\"https:\/\/vieassociative.be\/actualites\/#organization\",\"name\":\"Vie Associative\",\"url\":\"https:\/\/vieassociative.be\/actualites\/\",\"logo\":{\"@type\":\"ImageObject\",\"inLanguage\":\"fr-BE\",\"@id\":\"https:\/\/vieassociative.be\/actualites\/#\/schema\/logo\/image\/\",\"url\":\"https:\/\/vieassociative.be\/actualites\/wp-content\/uploads\/2024\/09\/cropped-vieassociative_favicon.ico.png\",\"contentUrl\":\"https:\/\/vieassociative.be\/actualites\/wp-content\/uploads\/2024\/09\/cropped-vieassociative_favicon.ico.png\",\"width\":512,\"height\":512,\"caption\":\"Vie Associative\"},\"image\":{\"@id\":\"https:\/\/vieassociative.be\/actualites\/#\/schema\/logo\/image\/\"}},{\"@type\":\"Person\",\"@id\":\"https:\/\/vieassociative.be\/actualites\/#\/schema\/person\/b87ac4f82f9d4e7b7cec7395b679edc4\",\"name\":\"Julien\",\"image\":{\"@type\":\"ImageObject\",\"inLanguage\":\"fr-BE\",\"@id\":\"https:\/\/vieassociative.be\/actualites\/#\/schema\/person\/image\/\",\"url\":\"https:\/\/vieassociative.be\/actualites\/wp-content\/uploads\/2024\/09\/vie-associative-1-150x150.jpg\",\"contentUrl\":\"https:\/\/vieassociative.be\/actualites\/wp-content\/uploads\/2024\/09\/vie-associative-1-150x150.jpg\",\"caption\":\"Julien\"},\"description\":\"Je suis Julien, r\u00e9dacteur pour Vie Associative. Passionn\u00e9 par le monde associatif depuis plus de 10 ans, j'ai \u00e0 c\u0153ur de partager des histoires inspirantes et de mettre en lumi\u00e8re les initiatives locales. Mon objectif est de sensibiliser et d'encourager l'engagement communautaire \u00e0 travers mes articles.\",\"sameAs\":[\"https:\/\/vieassociative.be\/\"]}]}<\/script>\n<!-- \/ Yoast SEO plugin. -->","yoast_head_json":{"title":"R\u00e9union de r\u00e9glage \u00e0 Aix-la-Chapelle : des conducteurs agressifs ont lanc\u00e9 des p\u00e9tards sur les passants et la police | Vie Associative","robots":{"index":"index","follow":"follow","max-snippet":"max-snippet:-1","max-image-preview":"max-image-preview:large","max-video-preview":"max-video-preview:-1"},"canonical":"https:\/\/vieassociative.be\/actualites\/reunion-de-reglage-a-aix-la-chapelle-des-conducteurs-agressifs-ont-lance-des-petards-sur-les-passants-et-la-police\/","og_locale":"fr_FR","og_type":"article","og_title":"R\u00e9union de r\u00e9glage \u00e0 Aix-la-Chapelle : des conducteurs agressifs ont lanc\u00e9 des p\u00e9tards sur les passants et la police | Vie Associative","og_description":"Samedi soir, une r\u00e9union dite de r\u00e9glage a eu lieu \u00e0 Aix-la-Chapelle. Pr\u00e8s de 2 000 personnes sont venues de diff\u00e9rentes villes du triangle frontalier","og_url":"https:\/\/vieassociative.be\/actualites\/reunion-de-reglage-a-aix-la-chapelle-des-conducteurs-agressifs-ont-lance-des-petards-sur-les-passants-et-la-police\/","og_site_name":"Vie Associative","article_published_time":"2024-12-30T08:18:11+00:00","og_image":[{"width":279,"height":92,"url":"https:\/\/vieassociative.be\/actualites\/wp-content\/uploads\/2024\/09\/header_backgroundk-01-e1726694325946.png","type":"image\/png"}],"author":"Julien","twitter_card":"summary_large_image","twitter_misc":{"\u00c9crit par":"Julien","Dur\u00e9e de lecture est.":"1 minute"},"schema":{"@context":"https:\/\/schema.org","@graph":[{"@type":"Article","@id":"https:\/\/vieassociative.be\/actualites\/reunion-de-reglage-a-aix-la-chapelle-des-conducteurs-agressifs-ont-lance-des-petards-sur-les-passants-et-la-police\/#article","isPartOf":{"@id":"https:\/\/vieassociative.be\/actualites\/reunion-de-reglage-a-aix-la-chapelle-des-conducteurs-agressifs-ont-lance-des-petards-sur-les-passants-et-la-police\/"},"author":{"name":"Julien","@id":"https:\/\/vieassociative.be\/actualites\/#\/schema\/person\/b87ac4f82f9d4e7b7cec7395b679edc4"},"headline":"R\u00e9union de r\u00e9glage \u00e0 Aix-la-Chapelle : des conducteurs agressifs ont lanc\u00e9 des p\u00e9tards sur les passants et la police","datePublished":"2024-12-30T08:18:11+00:00","dateModified":"2024-12-30T08:18:11+00:00","mainEntityOfPage":{"@id":"https:\/\/vieassociative.be\/actualites\/reunion-de-reglage-a-aix-la-chapelle-des-conducteurs-agressifs-ont-lance-des-petards-sur-les-passants-et-la-police\/"},"wordCount":296,"publisher":{"@id":"https:\/\/vieassociative.be\/actualites\/#organization"},"image":{"@id":"https:\/\/vieassociative.be\/actualites\/reunion-de-reglage-a-aix-la-chapelle-des-conducteurs-agressifs-ont-lance-des-petards-sur-les-passants-et-la-police\/#primaryimage"},"thumbnailUrl":"https:\/\/vieassociative.be\/actualites\/wp-content\/uploads\/2024\/12\/Reunion-de-reglage-a-Aix-la-Chapelle-des-conducteurs-agressifs-ont.jpg","keywords":["agressifs","AixlaChapelle","conducteurs","Des","lanc\u00e9","Les","ont","passants","p\u00e9tards","police","r\u00e9glage","r\u00e9union","sur"],"articleSection":["Belgique"],"inLanguage":"fr-BE"},{"@type":"WebPage","@id":"https:\/\/vieassociative.be\/actualites\/reunion-de-reglage-a-aix-la-chapelle-des-conducteurs-agressifs-ont-lance-des-petards-sur-les-passants-et-la-police\/","url":"https:\/\/vieassociative.be\/actualites\/reunion-de-reglage-a-aix-la-chapelle-des-conducteurs-agressifs-ont-lance-des-petards-sur-les-passants-et-la-police\/","name":"R\u00e9union de r\u00e9glage \u00e0 Aix-la-Chapelle : des conducteurs agressifs ont lanc\u00e9 des p\u00e9tards sur les passants et la police | Vie Associative","isPartOf":{"@id":"https:\/\/vieassociative.be\/actualites\/#website"},"primaryImageOfPage":{"@id":"https:\/\/vieassociative.be\/actualites\/reunion-de-reglage-a-aix-la-chapelle-des-conducteurs-agressifs-ont-lance-des-petards-sur-les-passants-et-la-police\/#primaryimage"},"image":{"@id":"https:\/\/vieassociative.be\/actualites\/reunion-de-reglage-a-aix-la-chapelle-des-conducteurs-agressifs-ont-lance-des-petards-sur-les-passants-et-la-police\/#primaryimage"},"thumbnailUrl":"https:\/\/vieassociative.be\/actualites\/wp-content\/uploads\/2024\/12\/Reunion-de-reglage-a-Aix-la-Chapelle-des-conducteurs-agressifs-ont.jpg","datePublished":"2024-12-30T08:18:11+00:00","dateModified":"2024-12-30T08:18:11+00:00","breadcrumb":{"@id":"https:\/\/vieassociative.be\/actualites\/reunion-de-reglage-a-aix-la-chapelle-des-conducteurs-agressifs-ont-lance-des-petards-sur-les-passants-et-la-police\/#breadcrumb"},"inLanguage":"fr-BE","potentialAction":[{"@type":"ReadAction","target":["https:\/\/vieassociative.be\/actualites\/reunion-de-reglage-a-aix-la-chapelle-des-conducteurs-agressifs-ont-lance-des-petards-sur-les-passants-et-la-police\/"]}]},{"@type":"ImageObject","inLanguage":"fr-BE","@id":"https:\/\/vieassociative.be\/actualites\/reunion-de-reglage-a-aix-la-chapelle-des-conducteurs-agressifs-ont-lance-des-petards-sur-les-passants-et-la-police\/#primaryimage","url":"https:\/\/vieassociative.be\/actualites\/wp-content\/uploads\/2024\/12\/Reunion-de-reglage-a-Aix-la-Chapelle-des-conducteurs-agressifs-ont.jpg","contentUrl":"https:\/\/vieassociative.be\/actualites\/wp-content\/uploads\/2024\/12\/Reunion-de-reglage-a-Aix-la-Chapelle-des-conducteurs-agressifs-ont.jpg","width":1200,"height":706,"caption":"R\u00e9union de r\u00e9glage \u00e0 Aix-la-Chapelle : des conducteurs agressifs ont lanc\u00e9 des p\u00e9tards sur les passants et la police"},{"@type":"BreadcrumbList","@id":"https:\/\/vieassociative.be\/actualites\/reunion-de-reglage-a-aix-la-chapelle-des-conducteurs-agressifs-ont-lance-des-petards-sur-les-passants-et-la-police\/#breadcrumb","itemListElement":[{"@type":"ListItem","position":1,"name":"Accueil","item":"https:\/\/vieassociative.be\/actualites\/"},{"@type":"ListItem","position":2,"name":"R\u00e9union de r\u00e9glage \u00e0 Aix-la-Chapelle : des conducteurs agressifs ont lanc\u00e9 des p\u00e9tards sur les passants et la police"}]},{"@type":"WebSite","@id":"https:\/\/vieassociative.be\/actualites\/#website","url":"https:\/\/vieassociative.be\/actualites\/","name":"Vie Associative","description":"","publisher":{"@id":"https:\/\/vieassociative.be\/actualites\/#organization"},"potentialAction":[{"@type":"SearchAction","target":{"@type":"EntryPoint","urlTemplate":"https:\/\/vieassociative.be\/actualites\/?s={search_term_string}"},"query-input":{"@type":"PropertyValueSpecification","valueRequired":true,"valueName":"search_term_string"}}],"inLanguage":"fr-BE"},{"@type":"Organization","@id":"https:\/\/vieassociative.be\/actualites\/#organization","name":"Vie Associative","url":"https:\/\/vieassociative.be\/actualites\/","logo":{"@type":"ImageObject","inLanguage":"fr-BE","@id":"https:\/\/vieassociative.be\/actualites\/#\/schema\/logo\/image\/","url":"https:\/\/vieassociative.be\/actualites\/wp-content\/uploads\/2024\/09\/cropped-vieassociative_favicon.ico.png","contentUrl":"https:\/\/vieassociative.be\/actualites\/wp-content\/uploads\/2024\/09\/cropped-vieassociative_favicon.ico.png","width":512,"height":512,"caption":"Vie Associative"},"image":{"@id":"https:\/\/vieassociative.be\/actualites\/#\/schema\/logo\/image\/"}},{"@type":"Person","@id":"https:\/\/vieassociative.be\/actualites\/#\/schema\/person\/b87ac4f82f9d4e7b7cec7395b679edc4","name":"Julien","image":{"@type":"ImageObject","inLanguage":"fr-BE","@id":"https:\/\/vieassociative.be\/actualites\/#\/schema\/person\/image\/","url":"https:\/\/vieassociative.be\/actualites\/wp-content\/uploads\/2024\/09\/vie-associative-1-150x150.jpg","contentUrl":"https:\/\/vieassociative.be\/actualites\/wp-content\/uploads\/2024\/09\/vie-associative-1-150x150.jpg","caption":"Julien"},"description":"Je suis Julien, r\u00e9dacteur pour Vie Associative. Passionn\u00e9 par le monde associatif depuis plus de 10 ans, j'ai \u00e0 c\u0153ur de partager des histoires inspirantes et de mettre en lumi\u00e8re les initiatives locales. Mon objectif est de sensibiliser et d'encourager l'engagement communautaire \u00e0 travers mes articles.","sameAs":["https:\/\/vieassociative.be\/"]}]}},"_links":{"self":[{"href":"https:\/\/vieassociative.be\/actualites\/wp-json\/wp\/v2\/posts\/3874"}],"collection":[{"href":"https:\/\/vieassociative.be\/actualites\/wp-json\/wp\/v2\/posts"}],"about":[{"href":"https:\/\/vieassociative.be\/actualites\/wp-json\/wp\/v2\/types\/post"}],"author":[{"embeddable":true,"href":"https:\/\/vieassociative.be\/actualites\/wp-json\/wp\/v2\/users\/1"}],"replies":[{"embeddable":true,"href":"https:\/\/vieassociative.be\/actualites\/wp-json\/wp\/v2\/comments?post=3874"}],"version-history":[{"count":0,"href":"https:\/\/vieassociative.be\/actualites\/wp-json\/wp\/v2\/posts\/3874\/revisions"}],"wp:featuredmedia":[{"embeddable":true,"href":"https:\/\/vieassociative.be\/actualites\/wp-json\/wp\/v2\/media\/3875"}],"wp:attachment":[{"href":"https:\/\/vieassociative.be\/actualites\/wp-json\/wp\/v2\/media?parent=3874"}],"wp:term":[{"taxonomy":"category","embeddable":true,"href":"https:\/\/vieassociative.be\/actualites\/wp-json\/wp\/v2\/categories?post=3874"},{"taxonomy":"post_tag","embeddable":true,"href":"https:\/\/vieassociative.be\/actualites\/wp-json\/wp\/v2\/tags?post=3874"}],"curies":[{"name":"wp","href":"https:\/\/api.w.org\/{rel}","templated":true}]}}