{"id":3872,"date":"2024-12-30T08:20:18","date_gmt":"2024-12-30T07:20:18","guid":{"rendered":"https:\/\/vieassociative.be\/actualites\/voici-la-technologie-smart-home-que-jespere-voir-au-ces-2025\/"},"modified":"2024-12-30T08:20:18","modified_gmt":"2024-12-30T07:20:18","slug":"voici-la-technologie-smart-home-que-jespere-voir-au-ces-2025","status":"publish","type":"post","link":"https:\/\/vieassociative.be\/actualites\/voici-la-technologie-smart-home-que-jespere-voir-au-ces-2025\/","title":{"rendered":"Voici la technologie Smart Home que j&rsquo;esp\u00e8re voir au CES 2025"},"content":{"rendered":"<div class=\"mt-4 leading-6 md:mb-8\">Nous commen\u00e7ons d\u00e9j\u00e0 \u00e0 avoir une id\u00e9e de ce qui sera publi\u00e9 au CES cette ann\u00e9e, mais voici ce qui figure sur ma liste de souhaits personnelle.<\/div>\n<p><\/p>\n<p>Le Consumer Electronics Show, connu sous le nom de CES, est le premier \u00e9v\u00e9nement annuel pour les marques grand public qui lancent de nouveaux produits. L&rsquo;ampleur m\u00eame de l&rsquo;\u00e9v\u00e9nement, qui se d\u00e9roulera \u00e0 Las Vegas du 5 au 10 janvier, est difficile \u00e0 comprendre, tout comme l&rsquo;\u00e9tendue des produits qui y sont repr\u00e9sent\u00e9s. La technologie de la maison intelligente repr\u00e9sente une part suffisamment importante du g\u00e2teau pour avoir sa propre section de l&rsquo;\u00e9v\u00e9nement, cette ann\u00e9e au Venetian. <\/p>\n<p>D&rsquo;une certaine mani\u00e8re, lorsque nous parlons de ce que nous esp\u00e9rons voir au CES, nous disons en fait ce que nous esp\u00e9rons voir pour le <em>suivant<\/em> ann\u00e9e, car la plupart des choses au CES ne sont pas encore tout \u00e0 fait pr\u00eates pour le march\u00e9 de masse. M\u00eame si j&rsquo;ai eu un aper\u00e7u de ce que de nombreuses entreprises vont lancer pour le CES en 2025, il reste encore quelques types de produits que j&rsquo;esp\u00e8re vraiment pouvoir voir davantage. <\/p>\n<h2 id=\"more-types-of-sensors-for-better-automation\">Plus de types de capteurs pour une meilleure automatisation<\/h2>\n<p>Les capteurs sont un \u00e9l\u00e9ment cl\u00e9 de la bo\u00eete \u00e0 outils d\u2019une maison intelligente, servant de d\u00e9clencheur \u00e0 diverses actions. Leur utilit\u00e9 d\u00e9pend de deux facteurs\u00a0: qu&rsquo;ils fonctionnent de mani\u00e8re fiable et que le logiciel d&rsquo;automatisation offre suffisamment de flexibilit\u00e9 dans la mani\u00e8re dont vous pouvez les utiliser. Il reste encore beaucoup \u00e0 faire pour que ces deux facteurs s\u2019am\u00e9liorent. <\/p>\n<p>De nombreuses marques proposent des capteurs d\u2019une fiabilit\u00e9 in\u00e9gale, en particulier ceux qui mesurent l\u2019eau et la temp\u00e9rature. De mani\u00e8re g\u00e9n\u00e9rale, j&rsquo;aimerais voir davantage de grandes marques dans cet espace lancer des capteurs de base (mouvement, lumi\u00e8re, pr\u00e9sence, temp\u00e9rature et eau) fiables. <\/p>\n<p>Au-del\u00e0 de l\u2019am\u00e9lioration de ce que nous avons d\u00e9j\u00e0, il existe de nouveaux espaces que j\u2019aimerais voir les capteurs intelligents explorer. Avec l&rsquo;explosion de lumi\u00e8res intelligentes que je m&rsquo;attends \u00e0 voir au CES, j&rsquo;aimerais des capteurs de lumi\u00e8re meilleurs et plus sensibles, capables de d\u00e9tecter un changement de couleur. Je r\u00eave de pouvoir ex\u00e9cuter une automatisation dans laquelle mon robot laveur est d\u00e9clench\u00e9 par un capteur. reconna\u00eetre que les carreaux blancs ne sont plus blancs \u00e0 cause de la salet\u00e9 par exemple. J&rsquo;aimerais \u00e9galement des capteurs qui comparent la qualit\u00e9 de l&rsquo;air int\u00e9rieur et ext\u00e9rieur avec plus de d\u00e9tails sur l&rsquo;origine des probl\u00e8mes d&rsquo;air, ainsi que des capteurs de poids qui peuvent \u00eatre utilis\u00e9s pour ex\u00e9cuter des automatisations en fonction de l&rsquo;ampleur des changements de poids (par exemple, un capteur sur la nourriture et l&rsquo;eau). des plats qui peuvent me dire combien mon chien a mang\u00e9 et bu aujourd&rsquo;hui.<\/p>\n<p>Nous savons d\u00e9j\u00e0 que le nom le plus fiable en mati\u00e8re de capteurs, Aqara, aurait lanc\u00e9 un nouveau capteur de pr\u00e9sence. Aussi excitant que cela puisse \u00eatre, j&rsquo;aimerais voir encore plus de capteurs, ceux qui poussent dans de nouveaux domaines de repr\u00e9sentation comme ceux que j&rsquo;ai nomm\u00e9s ci-dessus. <\/p>\n<h2 id=\"key-improvements-in-robot-vacuums-and-mowers-please\">Principales am\u00e9liorations des robots aspirateurs et tondeuses, s&rsquo;il vous pla\u00eet<\/h2>\n<p>Cette ann\u00e9e, j&rsquo;ai jou\u00e9 avec un nombre incalculable d&rsquo;aspirateurs, un tas de tondeuses \u00e0 gazon et m\u00eame quelques robots personnels comme l&rsquo;Enabot. Je m\u2019attends \u00e0 ce que nous continuions \u00e0 voir les robots aspirateurs progresser cette ann\u00e9e, comme ils l\u2019ont fait les derni\u00e8res ann\u00e9es. Je m&rsquo;attends \u00e0 ce que nous assistions \u00e0 des niveaux absurdes de puissance d&rsquo;aspiration et que les robots vont commencer \u00e0 d\u00e9velopper un tout nouvel ensemble de comp\u00e9tences. Nous avons eu un robot qui monte les escaliers l&rsquo;ann\u00e9e derni\u00e8re, donc je pense que nous commencerons \u00e0 voir plus de robots dot\u00e9s de ce genre de dext\u00e9rit\u00e9. Switchbot a commenc\u00e9 \u00e0 jouer avec l&rsquo;id\u00e9e d&rsquo;un robot aspirateur en tant que majordome domestique, faisant la navette entre l&rsquo;eau de la source et les humidificateurs, et je pr\u00e9dis qu&rsquo;il continuera \u00e0 d\u00e9velopper cette id\u00e9e. Si le robot peut transporter de l\u2019eau, que peut-il d\u00e9placer d\u2019autre pour vous\u00a0? <\/p>\n<p>Ce que j&rsquo;aimerais voir dans les aspirateurs robots, c&rsquo;est une coh\u00e9rence dans les mod\u00e8les haut de gamme\u00a0: ils devraient d\u00e9sormais tous avoir un compartiment pour le liquide de nettoyage \u00e0 bord de la station de chargement, et ils devraient tous pouvoir \u00eatre dirig\u00e9s par t\u00e9l\u00e9commande dans le compartiment de chargement. application. <\/p>\n<p>J&rsquo;aimerais voir les robots assistants pour aspirateurs dispara\u00eetre compl\u00e8tement : ils sont inutiles, non raffin\u00e9s et ne sont qu&rsquo;une autre voix ind\u00e9sirable dans ma maison. Au lieu de cela, j&rsquo;aimerais que les robots aspirateurs s&rsquo;int\u00e8grent mieux aux assistants vocaux existants. <\/p>\n<p>De plus, j\u2019aimerais voir les robots aspirateurs s\u2019attaquer aux plinthes. Je suis s\u00fbr que cela semble petit, mais les marques sont obs\u00e9d\u00e9es par la distance entre leurs robots et le mur, et pourtant elles ignorent les plinthes, qui restent sales et ignor\u00e9es. Narwal a commenc\u00e9 \u00e0 r\u00e9soudre ce probl\u00e8me, bien que de la mani\u00e8re la plus \u00e9l\u00e9mentaire, en attachant un manchon au robot qui balaie la plinthe, mais cela ne suffit pas. <\/p>\n<p>Je pr\u00e9dis que nous verrons une tonne de robots tondeuses \u00e0 gazon cette ann\u00e9e, ce qui est passionnant. Je pr\u00e9dis que, comme la Yarbo et la Mowrator, la plupart des tondeuses \u00e0 gazon commenceront \u00e9galement \u00e0 faire \u00ab plus \u00bb, notamment la collecte et le rejet des feuilles. Ce que j&rsquo;esp\u00e8re voir, c&rsquo;est plus de stabilit\u00e9 dans les mod\u00e8les de taille moyenne, avec des roues plus robustes qui peuvent g\u00e9rer facilement les creux et les collines, mais avec un rayon de braquage plus serr\u00e9 qui ne d\u00e9chire pas votre pelouse. J\u2019adorerais voir une flotte de petits robots tondeuses, parfaits pour les petites pelouses, et vendus \u00e0 des prix minis. Je n\u2019aimerais pas voir davantage d\u2019impressions sur pelouse, qui vous permettent de tondre des motifs sur votre pelouse. M\u00eame si cela semblait excitant, cela s\u2019est av\u00e9r\u00e9 plut\u00f4t idiot dans la pratique. <\/p>\n<h2 id=\"will-we-finally-get-our-personal-robots-this-year\">Aurons-nous enfin nos robots personnels cette ann\u00e9e ? <\/h2>\n<p>Vous vous souvenez de Ballie, de Samsung\u00a0? J&rsquo;aimerais que ce soit l&rsquo;ann\u00e9e o\u00f9 les robots personnels entrent r\u00e9ellement sur le march\u00e9 grand public. Pour l&rsquo;instant, je ne suis pas impressionn\u00e9 par ceux que j&rsquo;ai essay\u00e9s. J&rsquo;ai un Enabot qui est cens\u00e9 suivre mon chien partout, mais jusqu&rsquo;\u00e0 pr\u00e9sent, il se heurte encore et encore \u00e0 ma machine \u00e0 laver. Les robots personnels ne sont pas encore oblig\u00e9s de tout faire, mais je pense sinc\u00e8rement que ces robots pourraient fournir un soutien \u00e9motionnel et une l\u00e9g\u00e8re aide physique dans les t\u00e2ches m\u00e9nag\u00e8res ou technologiques. Mais pour que cela se produise, une marque doit (s\u2019il vous pla\u00eet) d\u00e9j\u00e0 en mettre une bonne sur le march\u00e9. <\/p>\n<h2 id=\"better-smart-lighting-throughout-the-entire-home\">Un meilleur \u00e9clairage intelligent dans toute la maison<\/h2>\n<p>Au cours de la derni\u00e8re ann\u00e9e, la technologie de la maison intelligente a profond\u00e9ment infiltr\u00e9 le march\u00e9 de la construction neuve et de la r\u00e9novation. Il ne suffit pas d&rsquo;avoir une ampoule intelligente ou une lampe sur une prise intelligente, d\u00e9sormais tout, des lumi\u00e8res encastr\u00e9es aux lumi\u00e8res sous les armoires en passant par les lumi\u00e8res ext\u00e9rieures permanentes, est intelligent. J&rsquo;esp\u00e8re que nous continuerons de constater une croissance du march\u00e9 de la r\u00e9novation, qui profite aux locataires. <\/p>\n<p>J&rsquo;ai remarqu\u00e9 une augmentation massive de l&rsquo;\u00e9clairage de divertissement au cours de la derni\u00e8re ann\u00e9e\u00a0: des lampadaires qui peuvent changer de couleur, des lumi\u00e8res en mousse pliables qui ressemblent \u00e0 des n\u00e9ons, et m\u00eame des rideaux lumineux. Apr\u00e8s \u00eatre tomb\u00e9 amoureux de mes lumi\u00e8res lumineuses Nanoleaf, j&rsquo;aimerais voir davantage d&rsquo;explorations dans les lumi\u00e8res intelligentes LED pour l&rsquo;int\u00e9rieur de la maison et du bureau qui semblent \u00eatre destin\u00e9es aux adultes, pas seulement aux enfants. Il n&rsquo;y a vraiment aucune raison pour que la lumi\u00e8re de votre maison ne puisse plus \u00eatre r\u00e9gl\u00e9e que sur le blanc, et lorsque toutes vos lumi\u00e8res peuvent jouer ensemble comme une seule pour s&rsquo;engager dans des sch\u00e9mas de couleurs changeants, votre maison enti\u00e8re devient une grande usine de luminoth\u00e9rapie. <\/p>\n<h2 id=\"where-else-can-smart-locks-possibly-go\">O\u00f9 d\u2019autre les serrures intelligentes peuvent-elles aller\u00a0? <\/h2>\n<p>Chaque fois que je pense que les serrures intelligentes ont \u00e9t\u00e9 enti\u00e8rement comprises, quelque chose de nouveau appara\u00eet qui am\u00e9liore encore les choses. Les premiers verrous \u00e0 reconnaissance faciale sont sortis cette ann\u00e9e, puis le verrou \u00e0 empreinte palmaire, et maintenant, il semble qu&rsquo;Eufy va annoncer un verrou avec reconnaissance palmaire. C&rsquo;est comme si <em>Star Trek<\/em>. <\/p>\n<p>Mon plus grand souhait pour les serrures intelligentes est qu\u2019elles am\u00e9liorent la r\u00e9novation des maisons plus anciennes, qui ont sans doute le plus besoin de s\u00e9curit\u00e9. Il existe encore de nombreux types de serrures plus anciennes qui disposent de peu ou pas d\u2019options de mise \u00e0 niveau des serrures intelligentes. J\u2019aimerais \u00e9galement voir des serrures intelligentes qui ressemblent \u00e0 beaucoup de nos maisons : majestueuses et raffin\u00e9es au lieu de froides et modernes. <\/p>\n<h2 id=\"better-more-secure-smart-cameras\">Des cam\u00e9ras intelligentes meilleures et plus s\u00e9curis\u00e9es<\/h2>\n<p>Cette ann\u00e9e, les cam\u00e9ras intelligentes ont adopt\u00e9 quelques tendances\u00a0: l&rsquo;enregistrement continu 24h\/24 et 7j\/7, plus informatif que les clips auxquels nous \u00e9tions habitu\u00e9s. Nous avons \u00e9galement assist\u00e9 \u00e0 une explosion de cam\u00e9ras hors r\u00e9seau qui fonctionnaient bien et ne n\u00e9cessitaient que l\u2019\u00e9nergie solaire. L\u2019inconv\u00e9nient de ces cam\u00e9ras est la quantit\u00e9 de donn\u00e9es qu\u2019elles utilisent, puisqu\u2019elles ne sont pas connect\u00e9es au wifi. <\/p>\n<p>J&rsquo;aimerais voir une meilleure compression de cette vid\u00e9o sur les cam\u00e9ras hors r\u00e9seau afin qu&rsquo;elles deviennent plus utilisables. J&rsquo;aimerais \u00e9galement voir les cam\u00e9ras devenir plus petites et moins visibles. \u00c0 ce stade, je ne m&rsquo;int\u00e9resse qu&rsquo;aux cam\u00e9ras PTZ (pointage, inclinaison, zoom) et je me demande pourquoi quelqu&rsquo;un ach\u00e8terait autre chose. J&rsquo;aimerais donc \u00e9galement voir moins de cam\u00e9ras \u00e0 point de vue statique. Enfin, j&rsquo;esp\u00e8re voir une meilleure s\u00e9curit\u00e9 autour de ces cam\u00e9ras, avec de vrais moyens de s\u00e9curiser les flux.<\/p>\n<h2 id=\"standards-hubs-and-automation\">Normes, hubs et automatisation<\/h2>\n<p>Je ne veux pas vraiment de cela, mais je m&rsquo;attends \u00e0 ce que des tonnes de marques tentent de relancer leurs hubs en tant que multi-hubs, c&rsquo;est-\u00e0-dire des plates-formes qui contr\u00f4lent non seulement les appareils de cette marque, mais leur permettent d&rsquo;int\u00e9grer et d&rsquo;interagir avec tous vos appareils. appareils de toutes les marques. <\/p>\n<p>La plupart des gens utilisent Google, Apple ou Amazon pour cela. Personnellement, je pr\u00e9f\u00e9rerais voir les marques se concentrer sur une int\u00e9gration exceptionnelle avec les grands multi-hubs d\u00e9j\u00e0 existants. Bien s\u00fbr, j\u2019aimerais voir Matter \u2013 la norme de connexion cens\u00e9e r\u00e9volutionner la maison intelligente en supprimant tous vos hubs et applications intelligents pour que vous n\u2019en ayez besoin que d\u2019un seul \u2013 utilis\u00e9e dans tous les nouveaux appareils comme m\u00e9thode de connexion. Matter a mis du temps \u00e0 \u00eatre adopt\u00e9, mais je crois toujours en son potentiel.<\/p>\n<p>J&rsquo;aimerais \u00e9galement voir l&rsquo;automatisation devenir plus facile avec nos assistants et nos multi-hubs. Bien que l&rsquo;IA ait commenc\u00e9 \u00e0 jouer un r\u00f4le (Google a r\u00e9cemment ajout\u00e9 Gemini comme possibilit\u00e9 d&rsquo;aide \u00e0 l&rsquo;automatisation, mais je l&rsquo;ai trouv\u00e9 maladroit), l&rsquo;automatisation reste plut\u00f4t une note pour la plupart des utilisateurs. C&rsquo;est beaucoup de \u00ab\u00a0si ceci arrive, faites-le\u00a0\u00bb. Il est difficile d&rsquo;ex\u00e9cuter des automatisations en plusieurs \u00e9tapes ou des automatisations d\u00e9pendantes avec plusieurs conditions. J&rsquo;aimerais voir ce changement. <\/p>\n","protected":false},"excerpt":{"rendered":"<p>Nous commen\u00e7ons d\u00e9j\u00e0 \u00e0 avoir une id\u00e9e de ce qui sera publi\u00e9 au CES cette ann\u00e9e, mais voici ce qui figure sur ma liste de<\/p>\n","protected":false},"author":1,"featured_media":3873,"comment_status":"","ping_status":"","sticky":false,"template":"","format":"standard","meta":{"footnotes":""},"categories":[13],"tags":[248,453,4358,4246,1582,529,486],"class_list":["post-3872","post","type-post","status-publish","format-standard","has-post-thumbnail","hentry","category-technologie","tag-ces","tag-home","tag-jespere","tag-smart","tag-technologie","tag-voici","tag-voir","generate-columns","tablet-grid-50","mobile-grid-100","grid-parent","grid-33"],"yoast_head":"<!-- This site is optimized with the Yoast SEO plugin v24.0 - https:\/\/yoast.com\/wordpress\/plugins\/seo\/ -->\n<title>Voici la technologie Smart Home que j&#039;esp\u00e8re voir au CES 2025 | Vie Associative<\/title>\n<meta name=\"robots\" content=\"index, follow, max-snippet:-1, max-image-preview:large, max-video-preview:-1\" \/>\n<link rel=\"canonical\" href=\"https:\/\/vieassociative.be\/actualites\/voici-la-technologie-smart-home-que-jespere-voir-au-ces-2025\/\" \/>\n<meta property=\"og:locale\" content=\"fr_FR\" \/>\n<meta property=\"og:type\" content=\"article\" \/>\n<meta property=\"og:title\" content=\"Voici la technologie Smart Home que j&#039;esp\u00e8re voir au CES 2025 | Vie Associative\" \/>\n<meta property=\"og:description\" content=\"Nous commen\u00e7ons d\u00e9j\u00e0 \u00e0 avoir une id\u00e9e de ce qui sera publi\u00e9 au CES cette ann\u00e9e, mais voici ce qui figure sur ma liste de\" \/>\n<meta property=\"og:url\" content=\"https:\/\/vieassociative.be\/actualites\/voici-la-technologie-smart-home-que-jespere-voir-au-ces-2025\/\" \/>\n<meta property=\"og:site_name\" content=\"Vie Associative\" \/>\n<meta property=\"article:published_time\" content=\"2024-12-30T07:20:18+00:00\" \/>\n<meta property=\"og:image\" content=\"https:\/\/vieassociative.be\/actualites\/wp-content\/uploads\/2024\/09\/header_backgroundk-01-e1726694325946.png\" \/>\n\t<meta property=\"og:image:width\" content=\"279\" \/>\n\t<meta property=\"og:image:height\" content=\"92\" \/>\n\t<meta property=\"og:image:type\" content=\"image\/png\" \/>\n<meta name=\"author\" content=\"Julien\" \/>\n<meta name=\"twitter:card\" content=\"summary_large_image\" \/>\n<meta name=\"twitter:label1\" content=\"\u00c9crit par\" \/>\n\t<meta name=\"twitter:data1\" content=\"Julien\" \/>\n\t<meta name=\"twitter:label2\" content=\"Dur\u00e9e de lecture est.\" \/>\n\t<meta name=\"twitter:data2\" content=\"10 minutes\" \/>\n<script type=\"application\/ld+json\" class=\"yoast-schema-graph\">{\"@context\":\"https:\/\/schema.org\",\"@graph\":[{\"@type\":\"Article\",\"@id\":\"https:\/\/vieassociative.be\/actualites\/voici-la-technologie-smart-home-que-jespere-voir-au-ces-2025\/#article\",\"isPartOf\":{\"@id\":\"https:\/\/vieassociative.be\/actualites\/voici-la-technologie-smart-home-que-jespere-voir-au-ces-2025\/\"},\"author\":{\"name\":\"Julien\",\"@id\":\"https:\/\/vieassociative.be\/actualites\/#\/schema\/person\/b87ac4f82f9d4e7b7cec7395b679edc4\"},\"headline\":\"Voici la technologie Smart Home que j&rsquo;esp\u00e8re voir au CES 2025\",\"datePublished\":\"2024-12-30T07:20:18+00:00\",\"dateModified\":\"2024-12-30T07:20:18+00:00\",\"mainEntityOfPage\":{\"@id\":\"https:\/\/vieassociative.be\/actualites\/voici-la-technologie-smart-home-que-jespere-voir-au-ces-2025\/\"},\"wordCount\":2051,\"publisher\":{\"@id\":\"https:\/\/vieassociative.be\/actualites\/#organization\"},\"image\":{\"@id\":\"https:\/\/vieassociative.be\/actualites\/voici-la-technologie-smart-home-que-jespere-voir-au-ces-2025\/#primaryimage\"},\"thumbnailUrl\":\"https:\/\/vieassociative.be\/actualites\/wp-content\/uploads\/2024\/12\/Voici-la-technologie-Smart-Home-que-jespere-voir-au-CES.png\",\"keywords\":[\"ces\",\"Home\",\"jesp\u00e8re\",\"Smart\",\"technologie\",\"Voici\",\"voir\"],\"articleSection\":[\"Technologie\"],\"inLanguage\":\"fr-BE\"},{\"@type\":\"WebPage\",\"@id\":\"https:\/\/vieassociative.be\/actualites\/voici-la-technologie-smart-home-que-jespere-voir-au-ces-2025\/\",\"url\":\"https:\/\/vieassociative.be\/actualites\/voici-la-technologie-smart-home-que-jespere-voir-au-ces-2025\/\",\"name\":\"Voici la technologie Smart Home que j'esp\u00e8re voir au CES 2025 | Vie Associative\",\"isPartOf\":{\"@id\":\"https:\/\/vieassociative.be\/actualites\/#website\"},\"primaryImageOfPage\":{\"@id\":\"https:\/\/vieassociative.be\/actualites\/voici-la-technologie-smart-home-que-jespere-voir-au-ces-2025\/#primaryimage\"},\"image\":{\"@id\":\"https:\/\/vieassociative.be\/actualites\/voici-la-technologie-smart-home-que-jespere-voir-au-ces-2025\/#primaryimage\"},\"thumbnailUrl\":\"https:\/\/vieassociative.be\/actualites\/wp-content\/uploads\/2024\/12\/Voici-la-technologie-Smart-Home-que-jespere-voir-au-CES.png\",\"datePublished\":\"2024-12-30T07:20:18+00:00\",\"dateModified\":\"2024-12-30T07:20:18+00:00\",\"breadcrumb\":{\"@id\":\"https:\/\/vieassociative.be\/actualites\/voici-la-technologie-smart-home-que-jespere-voir-au-ces-2025\/#breadcrumb\"},\"inLanguage\":\"fr-BE\",\"potentialAction\":[{\"@type\":\"ReadAction\",\"target\":[\"https:\/\/vieassociative.be\/actualites\/voici-la-technologie-smart-home-que-jespere-voir-au-ces-2025\/\"]}]},{\"@type\":\"ImageObject\",\"inLanguage\":\"fr-BE\",\"@id\":\"https:\/\/vieassociative.be\/actualites\/voici-la-technologie-smart-home-que-jespere-voir-au-ces-2025\/#primaryimage\",\"url\":\"https:\/\/vieassociative.be\/actualites\/wp-content\/uploads\/2024\/12\/Voici-la-technologie-Smart-Home-que-jespere-voir-au-CES.png\",\"contentUrl\":\"https:\/\/vieassociative.be\/actualites\/wp-content\/uploads\/2024\/12\/Voici-la-technologie-Smart-Home-que-jespere-voir-au-CES.png\",\"width\":1200,\"height\":675,\"caption\":\"Voici la technologie Smart Home que j'esp\u00e8re voir au CES 2025\"},{\"@type\":\"BreadcrumbList\",\"@id\":\"https:\/\/vieassociative.be\/actualites\/voici-la-technologie-smart-home-que-jespere-voir-au-ces-2025\/#breadcrumb\",\"itemListElement\":[{\"@type\":\"ListItem\",\"position\":1,\"name\":\"Accueil\",\"item\":\"https:\/\/vieassociative.be\/actualites\/\"},{\"@type\":\"ListItem\",\"position\":2,\"name\":\"Voici la technologie Smart Home que j&rsquo;esp\u00e8re voir au CES 2025\"}]},{\"@type\":\"WebSite\",\"@id\":\"https:\/\/vieassociative.be\/actualites\/#website\",\"url\":\"https:\/\/vieassociative.be\/actualites\/\",\"name\":\"Vie Associative\",\"description\":\"\",\"publisher\":{\"@id\":\"https:\/\/vieassociative.be\/actualites\/#organization\"},\"potentialAction\":[{\"@type\":\"SearchAction\",\"target\":{\"@type\":\"EntryPoint\",\"urlTemplate\":\"https:\/\/vieassociative.be\/actualites\/?s={search_term_string}\"},\"query-input\":{\"@type\":\"PropertyValueSpecification\",\"valueRequired\":true,\"valueName\":\"search_term_string\"}}],\"inLanguage\":\"fr-BE\"},{\"@type\":\"Organization\",\"@id\":\"https:\/\/vieassociative.be\/actualites\/#organization\",\"name\":\"Vie Associative\",\"url\":\"https:\/\/vieassociative.be\/actualites\/\",\"logo\":{\"@type\":\"ImageObject\",\"inLanguage\":\"fr-BE\",\"@id\":\"https:\/\/vieassociative.be\/actualites\/#\/schema\/logo\/image\/\",\"url\":\"https:\/\/vieassociative.be\/actualites\/wp-content\/uploads\/2024\/09\/cropped-vieassociative_favicon.ico.png\",\"contentUrl\":\"https:\/\/vieassociative.be\/actualites\/wp-content\/uploads\/2024\/09\/cropped-vieassociative_favicon.ico.png\",\"width\":512,\"height\":512,\"caption\":\"Vie Associative\"},\"image\":{\"@id\":\"https:\/\/vieassociative.be\/actualites\/#\/schema\/logo\/image\/\"}},{\"@type\":\"Person\",\"@id\":\"https:\/\/vieassociative.be\/actualites\/#\/schema\/person\/b87ac4f82f9d4e7b7cec7395b679edc4\",\"name\":\"Julien\",\"image\":{\"@type\":\"ImageObject\",\"inLanguage\":\"fr-BE\",\"@id\":\"https:\/\/vieassociative.be\/actualites\/#\/schema\/person\/image\/\",\"url\":\"https:\/\/vieassociative.be\/actualites\/wp-content\/uploads\/2024\/09\/vie-associative-1-150x150.jpg\",\"contentUrl\":\"https:\/\/vieassociative.be\/actualites\/wp-content\/uploads\/2024\/09\/vie-associative-1-150x150.jpg\",\"caption\":\"Julien\"},\"description\":\"Je suis Julien, r\u00e9dacteur pour Vie Associative. Passionn\u00e9 par le monde associatif depuis plus de 10 ans, j'ai \u00e0 c\u0153ur de partager des histoires inspirantes et de mettre en lumi\u00e8re les initiatives locales. Mon objectif est de sensibiliser et d'encourager l'engagement communautaire \u00e0 travers mes articles.\",\"sameAs\":[\"https:\/\/vieassociative.be\/\"]}]}<\/script>\n<!-- \/ Yoast SEO plugin. -->","yoast_head_json":{"title":"Voici la technologie Smart Home que j'esp\u00e8re voir au CES 2025 | Vie Associative","robots":{"index":"index","follow":"follow","max-snippet":"max-snippet:-1","max-image-preview":"max-image-preview:large","max-video-preview":"max-video-preview:-1"},"canonical":"https:\/\/vieassociative.be\/actualites\/voici-la-technologie-smart-home-que-jespere-voir-au-ces-2025\/","og_locale":"fr_FR","og_type":"article","og_title":"Voici la technologie Smart Home que j'esp\u00e8re voir au CES 2025 | Vie Associative","og_description":"Nous commen\u00e7ons d\u00e9j\u00e0 \u00e0 avoir une id\u00e9e de ce qui sera publi\u00e9 au CES cette ann\u00e9e, mais voici ce qui figure sur ma liste de","og_url":"https:\/\/vieassociative.be\/actualites\/voici-la-technologie-smart-home-que-jespere-voir-au-ces-2025\/","og_site_name":"Vie Associative","article_published_time":"2024-12-30T07:20:18+00:00","og_image":[{"width":279,"height":92,"url":"https:\/\/vieassociative.be\/actualites\/wp-content\/uploads\/2024\/09\/header_backgroundk-01-e1726694325946.png","type":"image\/png"}],"author":"Julien","twitter_card":"summary_large_image","twitter_misc":{"\u00c9crit par":"Julien","Dur\u00e9e de lecture est.":"10 minutes"},"schema":{"@context":"https:\/\/schema.org","@graph":[{"@type":"Article","@id":"https:\/\/vieassociative.be\/actualites\/voici-la-technologie-smart-home-que-jespere-voir-au-ces-2025\/#article","isPartOf":{"@id":"https:\/\/vieassociative.be\/actualites\/voici-la-technologie-smart-home-que-jespere-voir-au-ces-2025\/"},"author":{"name":"Julien","@id":"https:\/\/vieassociative.be\/actualites\/#\/schema\/person\/b87ac4f82f9d4e7b7cec7395b679edc4"},"headline":"Voici la technologie Smart Home que j&rsquo;esp\u00e8re voir au CES 2025","datePublished":"2024-12-30T07:20:18+00:00","dateModified":"2024-12-30T07:20:18+00:00","mainEntityOfPage":{"@id":"https:\/\/vieassociative.be\/actualites\/voici-la-technologie-smart-home-que-jespere-voir-au-ces-2025\/"},"wordCount":2051,"publisher":{"@id":"https:\/\/vieassociative.be\/actualites\/#organization"},"image":{"@id":"https:\/\/vieassociative.be\/actualites\/voici-la-technologie-smart-home-que-jespere-voir-au-ces-2025\/#primaryimage"},"thumbnailUrl":"https:\/\/vieassociative.be\/actualites\/wp-content\/uploads\/2024\/12\/Voici-la-technologie-Smart-Home-que-jespere-voir-au-CES.png","keywords":["ces","Home","jesp\u00e8re","Smart","technologie","Voici","voir"],"articleSection":["Technologie"],"inLanguage":"fr-BE"},{"@type":"WebPage","@id":"https:\/\/vieassociative.be\/actualites\/voici-la-technologie-smart-home-que-jespere-voir-au-ces-2025\/","url":"https:\/\/vieassociative.be\/actualites\/voici-la-technologie-smart-home-que-jespere-voir-au-ces-2025\/","name":"Voici la technologie Smart Home que j'esp\u00e8re voir au CES 2025 | Vie Associative","isPartOf":{"@id":"https:\/\/vieassociative.be\/actualites\/#website"},"primaryImageOfPage":{"@id":"https:\/\/vieassociative.be\/actualites\/voici-la-technologie-smart-home-que-jespere-voir-au-ces-2025\/#primaryimage"},"image":{"@id":"https:\/\/vieassociative.be\/actualites\/voici-la-technologie-smart-home-que-jespere-voir-au-ces-2025\/#primaryimage"},"thumbnailUrl":"https:\/\/vieassociative.be\/actualites\/wp-content\/uploads\/2024\/12\/Voici-la-technologie-Smart-Home-que-jespere-voir-au-CES.png","datePublished":"2024-12-30T07:20:18+00:00","dateModified":"2024-12-30T07:20:18+00:00","breadcrumb":{"@id":"https:\/\/vieassociative.be\/actualites\/voici-la-technologie-smart-home-que-jespere-voir-au-ces-2025\/#breadcrumb"},"inLanguage":"fr-BE","potentialAction":[{"@type":"ReadAction","target":["https:\/\/vieassociative.be\/actualites\/voici-la-technologie-smart-home-que-jespere-voir-au-ces-2025\/"]}]},{"@type":"ImageObject","inLanguage":"fr-BE","@id":"https:\/\/vieassociative.be\/actualites\/voici-la-technologie-smart-home-que-jespere-voir-au-ces-2025\/#primaryimage","url":"https:\/\/vieassociative.be\/actualites\/wp-content\/uploads\/2024\/12\/Voici-la-technologie-Smart-Home-que-jespere-voir-au-CES.png","contentUrl":"https:\/\/vieassociative.be\/actualites\/wp-content\/uploads\/2024\/12\/Voici-la-technologie-Smart-Home-que-jespere-voir-au-CES.png","width":1200,"height":675,"caption":"Voici la technologie Smart Home que j'esp\u00e8re voir au CES 2025"},{"@type":"BreadcrumbList","@id":"https:\/\/vieassociative.be\/actualites\/voici-la-technologie-smart-home-que-jespere-voir-au-ces-2025\/#breadcrumb","itemListElement":[{"@type":"ListItem","position":1,"name":"Accueil","item":"https:\/\/vieassociative.be\/actualites\/"},{"@type":"ListItem","position":2,"name":"Voici la technologie Smart Home que j&rsquo;esp\u00e8re voir au CES 2025"}]},{"@type":"WebSite","@id":"https:\/\/vieassociative.be\/actualites\/#website","url":"https:\/\/vieassociative.be\/actualites\/","name":"Vie Associative","description":"","publisher":{"@id":"https:\/\/vieassociative.be\/actualites\/#organization"},"potentialAction":[{"@type":"SearchAction","target":{"@type":"EntryPoint","urlTemplate":"https:\/\/vieassociative.be\/actualites\/?s={search_term_string}"},"query-input":{"@type":"PropertyValueSpecification","valueRequired":true,"valueName":"search_term_string"}}],"inLanguage":"fr-BE"},{"@type":"Organization","@id":"https:\/\/vieassociative.be\/actualites\/#organization","name":"Vie Associative","url":"https:\/\/vieassociative.be\/actualites\/","logo":{"@type":"ImageObject","inLanguage":"fr-BE","@id":"https:\/\/vieassociative.be\/actualites\/#\/schema\/logo\/image\/","url":"https:\/\/vieassociative.be\/actualites\/wp-content\/uploads\/2024\/09\/cropped-vieassociative_favicon.ico.png","contentUrl":"https:\/\/vieassociative.be\/actualites\/wp-content\/uploads\/2024\/09\/cropped-vieassociative_favicon.ico.png","width":512,"height":512,"caption":"Vie Associative"},"image":{"@id":"https:\/\/vieassociative.be\/actualites\/#\/schema\/logo\/image\/"}},{"@type":"Person","@id":"https:\/\/vieassociative.be\/actualites\/#\/schema\/person\/b87ac4f82f9d4e7b7cec7395b679edc4","name":"Julien","image":{"@type":"ImageObject","inLanguage":"fr-BE","@id":"https:\/\/vieassociative.be\/actualites\/#\/schema\/person\/image\/","url":"https:\/\/vieassociative.be\/actualites\/wp-content\/uploads\/2024\/09\/vie-associative-1-150x150.jpg","contentUrl":"https:\/\/vieassociative.be\/actualites\/wp-content\/uploads\/2024\/09\/vie-associative-1-150x150.jpg","caption":"Julien"},"description":"Je suis Julien, r\u00e9dacteur pour Vie Associative. Passionn\u00e9 par le monde associatif depuis plus de 10 ans, j'ai \u00e0 c\u0153ur de partager des histoires inspirantes et de mettre en lumi\u00e8re les initiatives locales. Mon objectif est de sensibiliser et d'encourager l'engagement communautaire \u00e0 travers mes articles.","sameAs":["https:\/\/vieassociative.be\/"]}]}},"_links":{"self":[{"href":"https:\/\/vieassociative.be\/actualites\/wp-json\/wp\/v2\/posts\/3872"}],"collection":[{"href":"https:\/\/vieassociative.be\/actualites\/wp-json\/wp\/v2\/posts"}],"about":[{"href":"https:\/\/vieassociative.be\/actualites\/wp-json\/wp\/v2\/types\/post"}],"author":[{"embeddable":true,"href":"https:\/\/vieassociative.be\/actualites\/wp-json\/wp\/v2\/users\/1"}],"replies":[{"embeddable":true,"href":"https:\/\/vieassociative.be\/actualites\/wp-json\/wp\/v2\/comments?post=3872"}],"version-history":[{"count":0,"href":"https:\/\/vieassociative.be\/actualites\/wp-json\/wp\/v2\/posts\/3872\/revisions"}],"wp:featuredmedia":[{"embeddable":true,"href":"https:\/\/vieassociative.be\/actualites\/wp-json\/wp\/v2\/media\/3873"}],"wp:attachment":[{"href":"https:\/\/vieassociative.be\/actualites\/wp-json\/wp\/v2\/media?parent=3872"}],"wp:term":[{"taxonomy":"category","embeddable":true,"href":"https:\/\/vieassociative.be\/actualites\/wp-json\/wp\/v2\/categories?post=3872"},{"taxonomy":"post_tag","embeddable":true,"href":"https:\/\/vieassociative.be\/actualites\/wp-json\/wp\/v2\/tags?post=3872"}],"curies":[{"name":"wp","href":"https:\/\/api.w.org\/{rel}","templated":true}]}}