{"id":3869,"date":"2024-12-30T03:19:47","date_gmt":"2024-12-30T02:19:47","guid":{"rendered":"https:\/\/vieassociative.be\/actualites\/lancien-president-americain-carter-est-decede-a-lage-de-100-ans\/"},"modified":"2024-12-30T03:19:47","modified_gmt":"2024-12-30T02:19:47","slug":"lancien-president-americain-carter-est-decede-a-lage-de-100-ans","status":"publish","type":"post","link":"https:\/\/vieassociative.be\/actualites\/lancien-president-americain-carter-est-decede-a-lage-de-100-ans\/","title":{"rendered":"L&rsquo;ancien pr\u00e9sident am\u00e9ricain Carter est d\u00e9c\u00e9d\u00e9 \u00e0 l&rsquo;\u00e2ge de 100 ans"},"content":{"rendered":"<p><strong>M\u00eame apr\u00e8s son passage \u00e0 la Maison Blanche, Carter s&rsquo;est engag\u00e9 en faveur de la paix et a \u00e9t\u00e9 r\u00e9compens\u00e9 par le prix Nobel de la paix. Aujourd&rsquo;hui, l&rsquo;ex-pr\u00e9sident est d\u00e9c\u00e9d\u00e9.<\/strong><\/p>\n<p><span id=\"more-405065\"><\/span>L&rsquo;ancien pr\u00e9sident am\u00e9ricain Jimmy Carter est mort Le 39e pr\u00e9sident des \u00c9tats-Unis est d\u00e9c\u00e9d\u00e9 dimanche \u00e0 Plains, en G\u00e9orgie, entour\u00e9 de sa famille, comme l&rsquo;a annonc\u00e9 la fondation Carter. Carter a v\u00e9cu jusqu&rsquo;\u00e0 100 ans. Il a servi \u00e0 la Maison Blanche de 1977 \u00e0 1981.<\/p>\n<p>Carter laisse dans le deuil 4 enfants, 11 petits-enfants et 14 arri\u00e8re-petits-enfants. \u00ab\u00a0Mon p\u00e8re \u00e9tait un h\u00e9ros, pas seulement pour moi, mais pour tous ceux qui croient en la paix, aux droits de l&rsquo;homme et \u00e0 l&rsquo;amour d\u00e9sint\u00e9ress\u00e9\u00a0\u00bb, a d\u00e9clar\u00e9 Chip, le fils de Carter, cit\u00e9 par la fondation. Des c\u00e9r\u00e9monies fun\u00e9raires publiques sont pr\u00e9vues \u00e0 Atlanta et \u00e0 Washington, la capitale am\u00e9ricaine.<\/p>\n<div id=\"attachment_405069\" class=\"wp-caption alignleft\" style=\"max-width: 300px\"><img fetchpriority=\"high\" decoding=\"async\" class=\"wp-image-405069 size-medium\" src=\"https:\/\/vieassociative.be\/actualites\/wp-content\/uploads\/2024\/12\/Lancien-president-americain-Carter-est-decede-a-lage-de-100.jpg\" alt=\"\" width=\"300\" height=\"195\"><\/p>\n<p class=\"wp-caption-text\">23 avril 2012, \u00c9tats-Unis, Chicago : l&rsquo;ancien pr\u00e9sident am\u00e9ricain Jimmy carter (r) et l&rsquo;ancien pr\u00e9sident sovi\u00e9tique Mikha\u00efl Gorbatchev se serrent la main au Forum de discussion des laur\u00e9ats du prix Nobel de la paix \u00e0 Chicago. Photo : Tannen Maury\/EPA\/dpa<\/p>\n<\/div>\n<p>Apr\u00e8s son premier mandat, le d\u00e9mocrate n\u2019a pas \u00e9t\u00e9 r\u00e9\u00e9lu. Il a perdu les \u00e9lections face au r\u00e9publicain Ronald Reagan. En 2002, Carter a re\u00e7u le prix Nobel de la paix pour ses \u00ab d\u00e9cennies d\u2019engagement en faveur de la r\u00e9solution pacifique des conflits internationaux \u00bb.<\/p>\n<p>Carter \u00e9tait l\u2019ancien pr\u00e9sident am\u00e9ricain le plus \u00e2g\u00e9, et aucun de ses pr\u00e9d\u00e9cesseurs n\u2019a v\u00e9cu plus \u00e2g\u00e9 que lui. Il a \u00e9t\u00e9 pr\u00e9c\u00e9d\u00e9 dans la mort par son \u00e9pouse depuis 77 ans, Rosalynn, et un petit-enfant.<\/p>\n<p>En novembre, il a exauc\u00e9 son souhait et a vot\u00e9 par correspondance \u00e0 l&rsquo;\u00e9lection pr\u00e9sidentielle am\u00e9ricaine. Carter avait d\u00e9j\u00e0 clairement indiqu\u00e9 qu&rsquo;il souhaitait soutenir la d\u00e9mocrate Kamala Harris.<\/p>\n<p>La sant\u00e9 de Carter \u00e9tait mauvaise r\u00e9cemment : il a eu 100 ans le 1er octobre. Il y a environ un an et demi, apr\u00e8s plusieurs s\u00e9jours \u00e0 l&rsquo;h\u00f4pital, il a arr\u00eat\u00e9 son traitement m\u00e9dical et a demand\u00e9 des soins \u00e0 domicile.<\/p>\n<p>Le plus ancien successeur vivant de Carter est d\u00e9sormais l&rsquo;actuel pr\u00e9sident sortant Joe Biden (20 novembre 1942), suivi de Donald Trump (14 juin 1946), George W. Bush (6 juillet 1946), Bill Clinton (19 ao\u00fbt 1946) et Barack. Obama (4 ao\u00fbt 1961).<\/p>\n<div id=\"attachment_405071\" class=\"wp-caption alignleft\" style=\"max-width: 300px\"><img decoding=\"async\" class=\"wp-image-405071 size-medium\" src=\"https:\/\/vieassociative.be\/actualites\/wp-content\/uploads\/2024\/12\/1735525187_174_Lancien-president-americain-Carter-est-decede-a-lage-de-100.jpg\" alt=\"\" width=\"300\" height=\"239\"><\/p>\n<p class=\"wp-caption-text\">13 juillet 1977, \u00c9tats-Unis, Washington : le chancelier f\u00e9d\u00e9ral de l&rsquo;\u00e9poque Helmut Schmidt (l) est accueilli par le pr\u00e9sident am\u00e9ricain de l&rsquo;\u00e9poque Jimmy carter devant la Maison Blanche \u00e0 Washington le 13 juillet 1977. En arri\u00e8re-plan Rosalynn Carter (l) et Hannelore (Loki) Schmidt. Photo : \u2014\/UPI\/dpa<\/p>\n<\/div>\n<p>Carter a rendu public en 2015 qu&rsquo;il souffrait d&rsquo;un cancer, mais il a r\u00e9ussi \u00e0 le surmonter. Ces derni\u00e8res ann\u00e9es, Carter a \u00e9t\u00e9 hospitalis\u00e9 \u00e0 plusieurs reprises en raison de chutes. Apr\u00e8s avoir quitt\u00e9 la Maison Blanche, il s&rsquo;est engag\u00e9 \u00e0 plusieurs reprises dans la politique. Contrairement \u00e0 l\u2019habitude, le d\u00e9mocrate a \u00e9galement critiqu\u00e9 les pr\u00e9sidents suivants, notamment le r\u00e9publicain et le pr\u00e9sident \u00e9lu Trump.<\/p>\n<p>Le mandat de Carter a \u00e9t\u00e9 principalement \u00e9clips\u00e9 par la prise d&rsquo;otages de diplomates \u00e0 l&rsquo;ambassade am\u00e9ricaine \u00e0 T\u00e9h\u00e9ran en 1979 et l&rsquo;\u00e9chec de l&rsquo;op\u00e9ration de lib\u00e9ration l&rsquo;ann\u00e9e suivante. Apr\u00e8s avoir quitt\u00e9 la pr\u00e9sidence, Carter et son \u00e9pouse Rosalynn ont fond\u00e9 le Carter Center \u00e0 Atlanta pour promouvoir la d\u00e9mocratie, les droits de l&rsquo;homme et le d\u00e9veloppement \u00e9conomique. Il est rest\u00e9 activement impliqu\u00e9 dans son travail humanitaire jusqu\u2019\u00e0 un \u00e2ge avanc\u00e9.<\/p>\n<p>En novembre 2019, Carter a clairement indiqu\u00e9 lors d&rsquo;un service dans sa ville natale de Plains qu&rsquo;il consid\u00e9rait la mort avec calme. \u00ab Je n\u2019ai pas demand\u00e9 \u00e0 Dieu de me laisser vivre \u00bb, a-t-il d\u00e9clar\u00e9. \u00ab J&rsquo;ai demand\u00e9 \u00e0 Dieu de me donner une attitude appropri\u00e9e face \u00e0 la mort. Et j\u2019ai r\u00e9alis\u00e9 que j\u2019\u00e9tais compl\u00e8tement en paix avec la mort. \u00bb<\/p>\n","protected":false},"excerpt":{"rendered":"<p>M\u00eame apr\u00e8s son passage \u00e0 la Maison Blanche, Carter s&rsquo;est engag\u00e9 en faveur de la paix et a \u00e9t\u00e9 r\u00e9compens\u00e9 par le prix Nobel de<\/p>\n","protected":false},"author":1,"featured_media":3870,"comment_status":"","ping_status":"","sticky":false,"template":"","format":"standard","meta":{"footnotes":""},"categories":[298],"tags":[10,584,4357,1223,76,501,4356,3075],"class_list":["post-3869","post","type-post","status-publish","format-standard","has-post-thumbnail","hentry","category-belgique","tag-americain","tag-ans","tag-carter","tag-decede","tag-est","tag-lage","tag-lancien","tag-president","generate-columns","tablet-grid-50","mobile-grid-100","grid-parent","grid-33"],"yoast_head":"<!-- This site is optimized with the Yoast SEO plugin v24.0 - https:\/\/yoast.com\/wordpress\/plugins\/seo\/ -->\n<title>L&#039;ancien pr\u00e9sident am\u00e9ricain Carter est d\u00e9c\u00e9d\u00e9 \u00e0 l&#039;\u00e2ge de 100 ans | Vie Associative<\/title>\n<meta name=\"robots\" content=\"index, follow, max-snippet:-1, max-image-preview:large, max-video-preview:-1\" \/>\n<link rel=\"canonical\" href=\"https:\/\/vieassociative.be\/actualites\/lancien-president-americain-carter-est-decede-a-lage-de-100-ans\/\" \/>\n<meta property=\"og:locale\" content=\"fr_FR\" \/>\n<meta property=\"og:type\" content=\"article\" \/>\n<meta property=\"og:title\" content=\"L&#039;ancien pr\u00e9sident am\u00e9ricain Carter est d\u00e9c\u00e9d\u00e9 \u00e0 l&#039;\u00e2ge de 100 ans | Vie Associative\" \/>\n<meta property=\"og:description\" content=\"M\u00eame apr\u00e8s son passage \u00e0 la Maison Blanche, Carter s&rsquo;est engag\u00e9 en faveur de la paix et a \u00e9t\u00e9 r\u00e9compens\u00e9 par le prix Nobel de\" \/>\n<meta property=\"og:url\" content=\"https:\/\/vieassociative.be\/actualites\/lancien-president-americain-carter-est-decede-a-lage-de-100-ans\/\" \/>\n<meta property=\"og:site_name\" content=\"Vie Associative\" \/>\n<meta property=\"article:published_time\" content=\"2024-12-30T02:19:47+00:00\" \/>\n<meta property=\"og:image\" content=\"https:\/\/vieassociative.be\/actualites\/wp-content\/uploads\/2024\/09\/header_backgroundk-01-e1726694325946.png\" \/>\n\t<meta property=\"og:image:width\" content=\"279\" \/>\n\t<meta property=\"og:image:height\" content=\"92\" \/>\n\t<meta property=\"og:image:type\" content=\"image\/png\" \/>\n<meta name=\"author\" content=\"Julien\" \/>\n<meta name=\"twitter:card\" content=\"summary_large_image\" \/>\n<meta name=\"twitter:label1\" content=\"\u00c9crit par\" \/>\n\t<meta name=\"twitter:data1\" content=\"Julien\" \/>\n\t<meta name=\"twitter:label2\" content=\"Dur\u00e9e de lecture est.\" \/>\n\t<meta name=\"twitter:data2\" content=\"3 minutes\" \/>\n<script type=\"application\/ld+json\" class=\"yoast-schema-graph\">{\"@context\":\"https:\/\/schema.org\",\"@graph\":[{\"@type\":\"Article\",\"@id\":\"https:\/\/vieassociative.be\/actualites\/lancien-president-americain-carter-est-decede-a-lage-de-100-ans\/#article\",\"isPartOf\":{\"@id\":\"https:\/\/vieassociative.be\/actualites\/lancien-president-americain-carter-est-decede-a-lage-de-100-ans\/\"},\"author\":{\"name\":\"Julien\",\"@id\":\"https:\/\/vieassociative.be\/actualites\/#\/schema\/person\/b87ac4f82f9d4e7b7cec7395b679edc4\"},\"headline\":\"L&rsquo;ancien pr\u00e9sident am\u00e9ricain Carter est d\u00e9c\u00e9d\u00e9 \u00e0 l&rsquo;\u00e2ge de 100 ans\",\"datePublished\":\"2024-12-30T02:19:47+00:00\",\"dateModified\":\"2024-12-30T02:19:47+00:00\",\"mainEntityOfPage\":{\"@id\":\"https:\/\/vieassociative.be\/actualites\/lancien-president-americain-carter-est-decede-a-lage-de-100-ans\/\"},\"wordCount\":696,\"publisher\":{\"@id\":\"https:\/\/vieassociative.be\/actualites\/#organization\"},\"image\":{\"@id\":\"https:\/\/vieassociative.be\/actualites\/lancien-president-americain-carter-est-decede-a-lage-de-100-ans\/#primaryimage\"},\"thumbnailUrl\":\"https:\/\/vieassociative.be\/actualites\/wp-content\/uploads\/2024\/12\/1735525187_Lancien-president-americain-Carter-est-decede-a-lage-de-100.jpg\",\"keywords\":[\"am\u00e9ricain\",\"ans\",\"Carter\",\"d\u00e9c\u00e9d\u00e9\",\"est\",\"l\u00e2ge\",\"Lancien\",\"pr\u00e9sident\"],\"articleSection\":[\"Belgique\"],\"inLanguage\":\"fr-BE\"},{\"@type\":\"WebPage\",\"@id\":\"https:\/\/vieassociative.be\/actualites\/lancien-president-americain-carter-est-decede-a-lage-de-100-ans\/\",\"url\":\"https:\/\/vieassociative.be\/actualites\/lancien-president-americain-carter-est-decede-a-lage-de-100-ans\/\",\"name\":\"L'ancien pr\u00e9sident am\u00e9ricain Carter est d\u00e9c\u00e9d\u00e9 \u00e0 l'\u00e2ge de 100 ans | Vie Associative\",\"isPartOf\":{\"@id\":\"https:\/\/vieassociative.be\/actualites\/#website\"},\"primaryImageOfPage\":{\"@id\":\"https:\/\/vieassociative.be\/actualites\/lancien-president-americain-carter-est-decede-a-lage-de-100-ans\/#primaryimage\"},\"image\":{\"@id\":\"https:\/\/vieassociative.be\/actualites\/lancien-president-americain-carter-est-decede-a-lage-de-100-ans\/#primaryimage\"},\"thumbnailUrl\":\"https:\/\/vieassociative.be\/actualites\/wp-content\/uploads\/2024\/12\/1735525187_Lancien-president-americain-Carter-est-decede-a-lage-de-100.jpg\",\"datePublished\":\"2024-12-30T02:19:47+00:00\",\"dateModified\":\"2024-12-30T02:19:47+00:00\",\"breadcrumb\":{\"@id\":\"https:\/\/vieassociative.be\/actualites\/lancien-president-americain-carter-est-decede-a-lage-de-100-ans\/#breadcrumb\"},\"inLanguage\":\"fr-BE\",\"potentialAction\":[{\"@type\":\"ReadAction\",\"target\":[\"https:\/\/vieassociative.be\/actualites\/lancien-president-americain-carter-est-decede-a-lage-de-100-ans\/\"]}]},{\"@type\":\"ImageObject\",\"inLanguage\":\"fr-BE\",\"@id\":\"https:\/\/vieassociative.be\/actualites\/lancien-president-americain-carter-est-decede-a-lage-de-100-ans\/#primaryimage\",\"url\":\"https:\/\/vieassociative.be\/actualites\/wp-content\/uploads\/2024\/12\/1735525187_Lancien-president-americain-Carter-est-decede-a-lage-de-100.jpg\",\"contentUrl\":\"https:\/\/vieassociative.be\/actualites\/wp-content\/uploads\/2024\/12\/1735525187_Lancien-president-americain-Carter-est-decede-a-lage-de-100.jpg\",\"width\":1200,\"height\":923,\"caption\":\"L'ancien pr\u00e9sident am\u00e9ricain Carter est d\u00e9c\u00e9d\u00e9 \u00e0 l'\u00e2ge de 100 ans\"},{\"@type\":\"BreadcrumbList\",\"@id\":\"https:\/\/vieassociative.be\/actualites\/lancien-president-americain-carter-est-decede-a-lage-de-100-ans\/#breadcrumb\",\"itemListElement\":[{\"@type\":\"ListItem\",\"position\":1,\"name\":\"Accueil\",\"item\":\"https:\/\/vieassociative.be\/actualites\/\"},{\"@type\":\"ListItem\",\"position\":2,\"name\":\"L&rsquo;ancien pr\u00e9sident am\u00e9ricain Carter est d\u00e9c\u00e9d\u00e9 \u00e0 l&rsquo;\u00e2ge de 100 ans\"}]},{\"@type\":\"WebSite\",\"@id\":\"https:\/\/vieassociative.be\/actualites\/#website\",\"url\":\"https:\/\/vieassociative.be\/actualites\/\",\"name\":\"Vie Associative\",\"description\":\"\",\"publisher\":{\"@id\":\"https:\/\/vieassociative.be\/actualites\/#organization\"},\"potentialAction\":[{\"@type\":\"SearchAction\",\"target\":{\"@type\":\"EntryPoint\",\"urlTemplate\":\"https:\/\/vieassociative.be\/actualites\/?s={search_term_string}\"},\"query-input\":{\"@type\":\"PropertyValueSpecification\",\"valueRequired\":true,\"valueName\":\"search_term_string\"}}],\"inLanguage\":\"fr-BE\"},{\"@type\":\"Organization\",\"@id\":\"https:\/\/vieassociative.be\/actualites\/#organization\",\"name\":\"Vie Associative\",\"url\":\"https:\/\/vieassociative.be\/actualites\/\",\"logo\":{\"@type\":\"ImageObject\",\"inLanguage\":\"fr-BE\",\"@id\":\"https:\/\/vieassociative.be\/actualites\/#\/schema\/logo\/image\/\",\"url\":\"https:\/\/vieassociative.be\/actualites\/wp-content\/uploads\/2024\/09\/cropped-vieassociative_favicon.ico.png\",\"contentUrl\":\"https:\/\/vieassociative.be\/actualites\/wp-content\/uploads\/2024\/09\/cropped-vieassociative_favicon.ico.png\",\"width\":512,\"height\":512,\"caption\":\"Vie Associative\"},\"image\":{\"@id\":\"https:\/\/vieassociative.be\/actualites\/#\/schema\/logo\/image\/\"}},{\"@type\":\"Person\",\"@id\":\"https:\/\/vieassociative.be\/actualites\/#\/schema\/person\/b87ac4f82f9d4e7b7cec7395b679edc4\",\"name\":\"Julien\",\"image\":{\"@type\":\"ImageObject\",\"inLanguage\":\"fr-BE\",\"@id\":\"https:\/\/vieassociative.be\/actualites\/#\/schema\/person\/image\/\",\"url\":\"https:\/\/vieassociative.be\/actualites\/wp-content\/uploads\/2024\/09\/vie-associative-1-150x150.jpg\",\"contentUrl\":\"https:\/\/vieassociative.be\/actualites\/wp-content\/uploads\/2024\/09\/vie-associative-1-150x150.jpg\",\"caption\":\"Julien\"},\"description\":\"Je suis Julien, r\u00e9dacteur pour Vie Associative. Passionn\u00e9 par le monde associatif depuis plus de 10 ans, j'ai \u00e0 c\u0153ur de partager des histoires inspirantes et de mettre en lumi\u00e8re les initiatives locales. Mon objectif est de sensibiliser et d'encourager l'engagement communautaire \u00e0 travers mes articles.\",\"sameAs\":[\"https:\/\/vieassociative.be\/\"]}]}<\/script>\n<!-- \/ Yoast SEO plugin. -->","yoast_head_json":{"title":"L'ancien pr\u00e9sident am\u00e9ricain Carter est d\u00e9c\u00e9d\u00e9 \u00e0 l'\u00e2ge de 100 ans | Vie Associative","robots":{"index":"index","follow":"follow","max-snippet":"max-snippet:-1","max-image-preview":"max-image-preview:large","max-video-preview":"max-video-preview:-1"},"canonical":"https:\/\/vieassociative.be\/actualites\/lancien-president-americain-carter-est-decede-a-lage-de-100-ans\/","og_locale":"fr_FR","og_type":"article","og_title":"L'ancien pr\u00e9sident am\u00e9ricain Carter est d\u00e9c\u00e9d\u00e9 \u00e0 l'\u00e2ge de 100 ans | Vie Associative","og_description":"M\u00eame apr\u00e8s son passage \u00e0 la Maison Blanche, Carter s&rsquo;est engag\u00e9 en faveur de la paix et a \u00e9t\u00e9 r\u00e9compens\u00e9 par le prix Nobel de","og_url":"https:\/\/vieassociative.be\/actualites\/lancien-president-americain-carter-est-decede-a-lage-de-100-ans\/","og_site_name":"Vie Associative","article_published_time":"2024-12-30T02:19:47+00:00","og_image":[{"width":279,"height":92,"url":"https:\/\/vieassociative.be\/actualites\/wp-content\/uploads\/2024\/09\/header_backgroundk-01-e1726694325946.png","type":"image\/png"}],"author":"Julien","twitter_card":"summary_large_image","twitter_misc":{"\u00c9crit par":"Julien","Dur\u00e9e de lecture est.":"3 minutes"},"schema":{"@context":"https:\/\/schema.org","@graph":[{"@type":"Article","@id":"https:\/\/vieassociative.be\/actualites\/lancien-president-americain-carter-est-decede-a-lage-de-100-ans\/#article","isPartOf":{"@id":"https:\/\/vieassociative.be\/actualites\/lancien-president-americain-carter-est-decede-a-lage-de-100-ans\/"},"author":{"name":"Julien","@id":"https:\/\/vieassociative.be\/actualites\/#\/schema\/person\/b87ac4f82f9d4e7b7cec7395b679edc4"},"headline":"L&rsquo;ancien pr\u00e9sident am\u00e9ricain Carter est d\u00e9c\u00e9d\u00e9 \u00e0 l&rsquo;\u00e2ge de 100 ans","datePublished":"2024-12-30T02:19:47+00:00","dateModified":"2024-12-30T02:19:47+00:00","mainEntityOfPage":{"@id":"https:\/\/vieassociative.be\/actualites\/lancien-president-americain-carter-est-decede-a-lage-de-100-ans\/"},"wordCount":696,"publisher":{"@id":"https:\/\/vieassociative.be\/actualites\/#organization"},"image":{"@id":"https:\/\/vieassociative.be\/actualites\/lancien-president-americain-carter-est-decede-a-lage-de-100-ans\/#primaryimage"},"thumbnailUrl":"https:\/\/vieassociative.be\/actualites\/wp-content\/uploads\/2024\/12\/1735525187_Lancien-president-americain-Carter-est-decede-a-lage-de-100.jpg","keywords":["am\u00e9ricain","ans","Carter","d\u00e9c\u00e9d\u00e9","est","l\u00e2ge","Lancien","pr\u00e9sident"],"articleSection":["Belgique"],"inLanguage":"fr-BE"},{"@type":"WebPage","@id":"https:\/\/vieassociative.be\/actualites\/lancien-president-americain-carter-est-decede-a-lage-de-100-ans\/","url":"https:\/\/vieassociative.be\/actualites\/lancien-president-americain-carter-est-decede-a-lage-de-100-ans\/","name":"L'ancien pr\u00e9sident am\u00e9ricain Carter est d\u00e9c\u00e9d\u00e9 \u00e0 l'\u00e2ge de 100 ans | Vie Associative","isPartOf":{"@id":"https:\/\/vieassociative.be\/actualites\/#website"},"primaryImageOfPage":{"@id":"https:\/\/vieassociative.be\/actualites\/lancien-president-americain-carter-est-decede-a-lage-de-100-ans\/#primaryimage"},"image":{"@id":"https:\/\/vieassociative.be\/actualites\/lancien-president-americain-carter-est-decede-a-lage-de-100-ans\/#primaryimage"},"thumbnailUrl":"https:\/\/vieassociative.be\/actualites\/wp-content\/uploads\/2024\/12\/1735525187_Lancien-president-americain-Carter-est-decede-a-lage-de-100.jpg","datePublished":"2024-12-30T02:19:47+00:00","dateModified":"2024-12-30T02:19:47+00:00","breadcrumb":{"@id":"https:\/\/vieassociative.be\/actualites\/lancien-president-americain-carter-est-decede-a-lage-de-100-ans\/#breadcrumb"},"inLanguage":"fr-BE","potentialAction":[{"@type":"ReadAction","target":["https:\/\/vieassociative.be\/actualites\/lancien-president-americain-carter-est-decede-a-lage-de-100-ans\/"]}]},{"@type":"ImageObject","inLanguage":"fr-BE","@id":"https:\/\/vieassociative.be\/actualites\/lancien-president-americain-carter-est-decede-a-lage-de-100-ans\/#primaryimage","url":"https:\/\/vieassociative.be\/actualites\/wp-content\/uploads\/2024\/12\/1735525187_Lancien-president-americain-Carter-est-decede-a-lage-de-100.jpg","contentUrl":"https:\/\/vieassociative.be\/actualites\/wp-content\/uploads\/2024\/12\/1735525187_Lancien-president-americain-Carter-est-decede-a-lage-de-100.jpg","width":1200,"height":923,"caption":"L'ancien pr\u00e9sident am\u00e9ricain Carter est d\u00e9c\u00e9d\u00e9 \u00e0 l'\u00e2ge de 100 ans"},{"@type":"BreadcrumbList","@id":"https:\/\/vieassociative.be\/actualites\/lancien-president-americain-carter-est-decede-a-lage-de-100-ans\/#breadcrumb","itemListElement":[{"@type":"ListItem","position":1,"name":"Accueil","item":"https:\/\/vieassociative.be\/actualites\/"},{"@type":"ListItem","position":2,"name":"L&rsquo;ancien pr\u00e9sident am\u00e9ricain Carter est d\u00e9c\u00e9d\u00e9 \u00e0 l&rsquo;\u00e2ge de 100 ans"}]},{"@type":"WebSite","@id":"https:\/\/vieassociative.be\/actualites\/#website","url":"https:\/\/vieassociative.be\/actualites\/","name":"Vie Associative","description":"","publisher":{"@id":"https:\/\/vieassociative.be\/actualites\/#organization"},"potentialAction":[{"@type":"SearchAction","target":{"@type":"EntryPoint","urlTemplate":"https:\/\/vieassociative.be\/actualites\/?s={search_term_string}"},"query-input":{"@type":"PropertyValueSpecification","valueRequired":true,"valueName":"search_term_string"}}],"inLanguage":"fr-BE"},{"@type":"Organization","@id":"https:\/\/vieassociative.be\/actualites\/#organization","name":"Vie Associative","url":"https:\/\/vieassociative.be\/actualites\/","logo":{"@type":"ImageObject","inLanguage":"fr-BE","@id":"https:\/\/vieassociative.be\/actualites\/#\/schema\/logo\/image\/","url":"https:\/\/vieassociative.be\/actualites\/wp-content\/uploads\/2024\/09\/cropped-vieassociative_favicon.ico.png","contentUrl":"https:\/\/vieassociative.be\/actualites\/wp-content\/uploads\/2024\/09\/cropped-vieassociative_favicon.ico.png","width":512,"height":512,"caption":"Vie Associative"},"image":{"@id":"https:\/\/vieassociative.be\/actualites\/#\/schema\/logo\/image\/"}},{"@type":"Person","@id":"https:\/\/vieassociative.be\/actualites\/#\/schema\/person\/b87ac4f82f9d4e7b7cec7395b679edc4","name":"Julien","image":{"@type":"ImageObject","inLanguage":"fr-BE","@id":"https:\/\/vieassociative.be\/actualites\/#\/schema\/person\/image\/","url":"https:\/\/vieassociative.be\/actualites\/wp-content\/uploads\/2024\/09\/vie-associative-1-150x150.jpg","contentUrl":"https:\/\/vieassociative.be\/actualites\/wp-content\/uploads\/2024\/09\/vie-associative-1-150x150.jpg","caption":"Julien"},"description":"Je suis Julien, r\u00e9dacteur pour Vie Associative. Passionn\u00e9 par le monde associatif depuis plus de 10 ans, j'ai \u00e0 c\u0153ur de partager des histoires inspirantes et de mettre en lumi\u00e8re les initiatives locales. Mon objectif est de sensibiliser et d'encourager l'engagement communautaire \u00e0 travers mes articles.","sameAs":["https:\/\/vieassociative.be\/"]}]}},"_links":{"self":[{"href":"https:\/\/vieassociative.be\/actualites\/wp-json\/wp\/v2\/posts\/3869"}],"collection":[{"href":"https:\/\/vieassociative.be\/actualites\/wp-json\/wp\/v2\/posts"}],"about":[{"href":"https:\/\/vieassociative.be\/actualites\/wp-json\/wp\/v2\/types\/post"}],"author":[{"embeddable":true,"href":"https:\/\/vieassociative.be\/actualites\/wp-json\/wp\/v2\/users\/1"}],"replies":[{"embeddable":true,"href":"https:\/\/vieassociative.be\/actualites\/wp-json\/wp\/v2\/comments?post=3869"}],"version-history":[{"count":0,"href":"https:\/\/vieassociative.be\/actualites\/wp-json\/wp\/v2\/posts\/3869\/revisions"}],"wp:featuredmedia":[{"embeddable":true,"href":"https:\/\/vieassociative.be\/actualites\/wp-json\/wp\/v2\/media\/3870"}],"wp:attachment":[{"href":"https:\/\/vieassociative.be\/actualites\/wp-json\/wp\/v2\/media?parent=3869"}],"wp:term":[{"taxonomy":"category","embeddable":true,"href":"https:\/\/vieassociative.be\/actualites\/wp-json\/wp\/v2\/categories?post=3869"},{"taxonomy":"post_tag","embeddable":true,"href":"https:\/\/vieassociative.be\/actualites\/wp-json\/wp\/v2\/tags?post=3869"}],"curies":[{"name":"wp","href":"https:\/\/api.w.org\/{rel}","templated":true}]}}