{"id":3859,"date":"2024-12-29T21:17:00","date_gmt":"2024-12-29T20:17:00","guid":{"rendered":"https:\/\/vieassociative.be\/actualites\/allemagne-soder-exclut-une-nouvelle-fois-categoriquement-une-coalition-avec-les-verts-en-cas-de-victoire-de-lunion-aux-elections\/"},"modified":"2024-12-29T21:17:00","modified_gmt":"2024-12-29T20:17:00","slug":"allemagne-soder-exclut-une-nouvelle-fois-categoriquement-une-coalition-avec-les-verts-en-cas-de-victoire-de-lunion-aux-elections","status":"publish","type":"post","link":"https:\/\/vieassociative.be\/actualites\/allemagne-soder-exclut-une-nouvelle-fois-categoriquement-une-coalition-avec-les-verts-en-cas-de-victoire-de-lunion-aux-elections\/","title":{"rendered":"Allemagne : S\u00f6der exclut une nouvelle fois cat\u00e9goriquement une coalition avec les Verts en cas de victoire de l&rsquo;Union aux \u00e9lections"},"content":{"rendered":"<p><strong>En cas de victoire \u00e9lectorale, le pr\u00e9sident de la CSU, Markus S\u00f6der, a garanti qu&rsquo;un gouvernement serait form\u00e9 sans la participation des Verts. \u00ab\u00a0Je suis absolument clair l\u00e0-dessus\u00a0\u00bb, affirme-t-il dans une interview.<\/strong><\/p>\n<p><span id=\"more-405045\"><\/span>En r\u00e9ponse \u00e0 une question correspondante, S\u00f6der a d\u00e9clar\u00e9 au \u00ab Bild am Sonntag \u00bb (BamS) : \u00ab Je suis tout \u00e0 fait clair \u00e0 ce sujet, S\u00f6der a justifi\u00e9 cette attitude, entre autres, en affirmant que le rejet des migrants \u00e0 la fronti\u00e8re allemande \u00e9tait rejet\u00e9. \u00bb les Verts, \u00e9tait pour l\u2019Union \u00ab \u00ab \u00e9l\u00e9mentaire \u00bb. \u00ab\u00a0C&rsquo;est pourquoi il est clair pour nous que les Verts s&rsquo;en vont.\u00a0\u00bb<\/p>\n<p>S\u00f6der a d\u00e9crit les Verts comme le \u00ab principal frein \u00e0 la question migratoire \u00bb. Le parti \u00ab part d\u2019une id\u00e9e compl\u00e8tement fausse \u00bb.<\/p>\n<div id=\"attachment_396962\" class=\"wp-caption alignleft\" style=\"max-width: 300px\"><img fetchpriority=\"high\" decoding=\"async\" class=\"wp-image-396962 size-medium\" src=\"https:\/\/vieassociative.be\/actualites\/wp-content\/uploads\/2024\/12\/Allemagne-Soder-exclut-une-nouvelle-fois-categoriquement-une-coalition.jpg\" alt=\"\" width=\"300\" height=\"200\"><\/p>\n<p class=\"wp-caption-text\">17 septembre 2024, Berlin : Friedrich Merz (l), pr\u00e9sident f\u00e9d\u00e9ral de la CDU et chef du groupe parlementaire de l&rsquo;Union, et Markus S\u00f6der, pr\u00e9sident de la CSU et Premier ministre de Bavi\u00e8re, donnent une conf\u00e9rence de presse sur la question de la candidature de l&rsquo;Union au poste de chancelier. Photo : Kay Nietfeld\/dpa<\/p>\n<\/div>\n<p>Dans le m\u00eame temps, le Premier ministre bavarois a lanc\u00e9 de vives accusations contre le parti. Les Verts se sont \u00ab presque mentalement asservis \u00e0 Robert Habeck \u00bb. A propos d&rsquo;un \u00e9ventuel nouveau mandat du ministre f\u00e9d\u00e9ral vert de l&rsquo;\u00c9conomie, S\u00f6der a d\u00e9clar\u00e9 : \u00ab\u00a0Ce serait un d\u00e9sastre pour l&rsquo;ambiance en Allemagne et pour l&rsquo;\u00e9conomie &#8211; car l&rsquo;\u00e9conomie est aussi de la psychologie &#8211; si Habeck \u00e9tait reconduit dans ses fonctions de ministre de l&rsquo;\u00c9conomie.\u00a0\u00bb<\/p>\n<p>Sur Plateforme X, S\u00f6der a \u00e9crit : \u00ab Les Verts sont \u00e9conomiquement incomp\u00e9tents. Robert Habeck a \u00e9chou\u00e9 en tant que ministre de l&rsquo;\u00c9conomie, mais continue de s&rsquo;appuyer sur la loi sur le chauffage ou sur des subventions co\u00fbteuses comme Nordvolt. Les Verts sont aussi le principal frein \u00e0 la migration. En tant que ministre des Affaires \u00e9trang\u00e8res, Annalena Baerbock n&rsquo;a malheureusement pas r\u00e9ussi \u00e0 acc\u00e9l\u00e9rer les retours. Le noir-vert ne ferait que renforcer l\u2019AfD.\u00bb<\/p>\n<div id=\"attachment_405062\" class=\"wp-caption alignleft\" style=\"max-width: 300px\"><img decoding=\"async\" class=\"wp-image-405062 size-medium\" src=\"https:\/\/vieassociative.be\/actualites\/wp-content\/uploads\/2024\/12\/1735503420_949_Allemagne-Soder-exclut-une-nouvelle-fois-categoriquement-une-coalition.jpg\" alt=\"\" width=\"300\" height=\"204\"><\/p>\n<p class=\"wp-caption-text\">20 d\u00e9cembre 2024, Bavi\u00e8re, Munich : Markus S\u00f6der (CSU), Premier ministre de Bavi\u00e8re, enregistr\u00e9 lors d&rsquo;un entretien avec l&rsquo;agence de presse allemande dans son bureau de la Chancellerie d&rsquo;\u00c9tat bavaroise. Photo : Sven Hoppe\/dpa<\/p>\n<\/div>\n<p>Dans l\u2019interview de \u00ab BamS \u00bb, S\u00f6der a attribu\u00e9 la stagnation des r\u00e9sultats des sondages \u00e0 l\u2019incertitude de nombreux \u00e9lecteurs potentiels de l\u2019Union. Beaucoup se demanderaient : \u00ab Est-ce que cela suffira pour un changement fondamental ? Ou s\u2019agit-il simplement d\u2019un changement de gouvernement plut\u00f4t que d\u2019un changement de direction ? Cela signifie-t-il Angela Merkel 4.0 ? Ou s\u2019agit-il en r\u00e9alit\u00e9 d\u2019un nouveau gouvernement, avec un nouveau style et une nouvelle mentalit\u00e9 ?<\/p>\n<p>S\u00f6der a cat\u00e9goriquement exclu depuis des mois une coalition avec les Verts. Cela limite les options d\u2019alliance pour l\u2019Union apr\u00e8s les \u00e9lections. Selon les enqu\u00eates actuelles, seul le SPD serait consid\u00e9r\u00e9 comme partenaire. Selon la \u00ab tendance Allemagne \u00bb de l&rsquo;ARD, les Verts sont actuellement \u00e0 \u00e9galit\u00e9 avec le SPD et, dans le \u00ab Politbarom\u00e8tre \u00bb de ZDF, ils sont \u00e0 un point de pourcentage derri\u00e8re les sociaux-d\u00e9mocrates. La CDU\/CSU occupe toujours la premi\u00e8re place et l&rsquo;AfD la deuxi\u00e8me.<\/p>\n<p>Selon le Handelsblatt, S\u00f6der constitue de plus en plus un risque de campagne \u00e9lectorale pour l&rsquo;Union : \u00ab Le Premier ministre bavarois a peut-\u00eatre volontairement renonc\u00e9 \u00e0 la lutte pour la candidature \u00e0 la chanceli\u00e8re. Mais le patron de la CSU semble profiter encore plus de son espace pour les jambes pendant la campagne \u00e9lectorale. Le plus grand adversaire de Merz dans la campagne \u00e9lectorale ne pourrait donc pas \u00eatre Olaf Scholz &#8211; mais Markus S\u00f6der.\u00a0\u00bb (cre\/dpa)<\/p>\n","protected":false},"excerpt":{"rendered":"<p>En cas de victoire \u00e9lectorale, le pr\u00e9sident de la CSU, Markus S\u00f6der, a garanti qu&rsquo;un gouvernement serait form\u00e9 sans la participation des Verts. \u00ab\u00a0Je suis<\/p>\n","protected":false},"author":1,"featured_media":3860,"comment_status":"","ping_status":"","sticky":false,"template":"","format":"standard","meta":{"footnotes":""},"categories":[298],"tags":[2864,289,61,2691,4350,2315,2569,2728,774,14,1143,491,4349,110,1519,784],"class_list":["post-3859","post","type-post","status-publish","format-standard","has-post-thumbnail","hentry","category-belgique","tag-allemagne","tag-aux","tag-avec","tag-cas","tag-categoriquement","tag-coalition","tag-elections","tag-exclut","tag-fois","tag-les","tag-lunion","tag-nouvelle","tag-soder","tag-une","tag-verts","tag-victoire","generate-columns","tablet-grid-50","mobile-grid-100","grid-parent","grid-33"],"yoast_head":"<!-- This site is optimized with the Yoast SEO plugin v24.0 - https:\/\/yoast.com\/wordpress\/plugins\/seo\/ -->\n<title>Allemagne : S\u00f6der exclut une nouvelle fois cat\u00e9goriquement une coalition avec les Verts en cas de victoire de l&#039;Union aux \u00e9lections | Vie Associative<\/title>\n<meta name=\"robots\" content=\"index, follow, max-snippet:-1, max-image-preview:large, max-video-preview:-1\" \/>\n<link rel=\"canonical\" href=\"https:\/\/vieassociative.be\/actualites\/allemagne-soder-exclut-une-nouvelle-fois-categoriquement-une-coalition-avec-les-verts-en-cas-de-victoire-de-lunion-aux-elections\/\" \/>\n<meta property=\"og:locale\" content=\"fr_FR\" \/>\n<meta property=\"og:type\" content=\"article\" \/>\n<meta property=\"og:title\" content=\"Allemagne : S\u00f6der exclut une nouvelle fois cat\u00e9goriquement une coalition avec les Verts en cas de victoire de l&#039;Union aux \u00e9lections | Vie Associative\" \/>\n<meta property=\"og:description\" content=\"En cas de victoire \u00e9lectorale, le pr\u00e9sident de la CSU, Markus S\u00f6der, a garanti qu&rsquo;un gouvernement serait form\u00e9 sans la participation des Verts. \u00ab\u00a0Je suis\" \/>\n<meta property=\"og:url\" content=\"https:\/\/vieassociative.be\/actualites\/allemagne-soder-exclut-une-nouvelle-fois-categoriquement-une-coalition-avec-les-verts-en-cas-de-victoire-de-lunion-aux-elections\/\" \/>\n<meta property=\"og:site_name\" content=\"Vie Associative\" \/>\n<meta property=\"article:published_time\" content=\"2024-12-29T20:17:00+00:00\" \/>\n<meta property=\"og:image\" content=\"https:\/\/vieassociative.be\/actualites\/wp-content\/uploads\/2024\/09\/header_backgroundk-01-e1726694325946.png\" \/>\n\t<meta property=\"og:image:width\" content=\"279\" \/>\n\t<meta property=\"og:image:height\" content=\"92\" \/>\n\t<meta property=\"og:image:type\" content=\"image\/png\" \/>\n<meta name=\"author\" content=\"Julien\" \/>\n<meta name=\"twitter:card\" content=\"summary_large_image\" \/>\n<meta name=\"twitter:label1\" content=\"\u00c9crit par\" \/>\n\t<meta name=\"twitter:data1\" content=\"Julien\" \/>\n\t<meta name=\"twitter:label2\" content=\"Dur\u00e9e de lecture est.\" \/>\n\t<meta name=\"twitter:data2\" content=\"3 minutes\" \/>\n<script type=\"application\/ld+json\" class=\"yoast-schema-graph\">{\"@context\":\"https:\/\/schema.org\",\"@graph\":[{\"@type\":\"Article\",\"@id\":\"https:\/\/vieassociative.be\/actualites\/allemagne-soder-exclut-une-nouvelle-fois-categoriquement-une-coalition-avec-les-verts-en-cas-de-victoire-de-lunion-aux-elections\/#article\",\"isPartOf\":{\"@id\":\"https:\/\/vieassociative.be\/actualites\/allemagne-soder-exclut-une-nouvelle-fois-categoriquement-une-coalition-avec-les-verts-en-cas-de-victoire-de-lunion-aux-elections\/\"},\"author\":{\"name\":\"Julien\",\"@id\":\"https:\/\/vieassociative.be\/actualites\/#\/schema\/person\/b87ac4f82f9d4e7b7cec7395b679edc4\"},\"headline\":\"Allemagne : S\u00f6der exclut une nouvelle fois cat\u00e9goriquement une coalition avec les Verts en cas de victoire de l&rsquo;Union aux \u00e9lections\",\"datePublished\":\"2024-12-29T20:17:00+00:00\",\"dateModified\":\"2024-12-29T20:17:00+00:00\",\"mainEntityOfPage\":{\"@id\":\"https:\/\/vieassociative.be\/actualites\/allemagne-soder-exclut-une-nouvelle-fois-categoriquement-une-coalition-avec-les-verts-en-cas-de-victoire-de-lunion-aux-elections\/\"},\"wordCount\":652,\"publisher\":{\"@id\":\"https:\/\/vieassociative.be\/actualites\/#organization\"},\"image\":{\"@id\":\"https:\/\/vieassociative.be\/actualites\/allemagne-soder-exclut-une-nouvelle-fois-categoriquement-une-coalition-avec-les-verts-en-cas-de-victoire-de-lunion-aux-elections\/#primaryimage\"},\"thumbnailUrl\":\"https:\/\/vieassociative.be\/actualites\/wp-content\/uploads\/2024\/12\/1735503420_Allemagne-Soder-exclut-une-nouvelle-fois-categoriquement-une-coalition.jpg\",\"keywords\":[\"Allemagne\",\"aux\",\"avec\",\"cas\",\"cat\u00e9goriquement\",\"coalition\",\"\u00e9lections\",\"exclut\",\"fois\",\"Les\",\"lUnion\",\"nouvelle\",\"S\u00f6der\",\"une\",\"verts\",\"victoire\"],\"articleSection\":[\"Belgique\"],\"inLanguage\":\"fr-BE\"},{\"@type\":\"WebPage\",\"@id\":\"https:\/\/vieassociative.be\/actualites\/allemagne-soder-exclut-une-nouvelle-fois-categoriquement-une-coalition-avec-les-verts-en-cas-de-victoire-de-lunion-aux-elections\/\",\"url\":\"https:\/\/vieassociative.be\/actualites\/allemagne-soder-exclut-une-nouvelle-fois-categoriquement-une-coalition-avec-les-verts-en-cas-de-victoire-de-lunion-aux-elections\/\",\"name\":\"Allemagne : S\u00f6der exclut une nouvelle fois cat\u00e9goriquement une coalition avec les Verts en cas de victoire de l'Union aux \u00e9lections | Vie Associative\",\"isPartOf\":{\"@id\":\"https:\/\/vieassociative.be\/actualites\/#website\"},\"primaryImageOfPage\":{\"@id\":\"https:\/\/vieassociative.be\/actualites\/allemagne-soder-exclut-une-nouvelle-fois-categoriquement-une-coalition-avec-les-verts-en-cas-de-victoire-de-lunion-aux-elections\/#primaryimage\"},\"image\":{\"@id\":\"https:\/\/vieassociative.be\/actualites\/allemagne-soder-exclut-une-nouvelle-fois-categoriquement-une-coalition-avec-les-verts-en-cas-de-victoire-de-lunion-aux-elections\/#primaryimage\"},\"thumbnailUrl\":\"https:\/\/vieassociative.be\/actualites\/wp-content\/uploads\/2024\/12\/1735503420_Allemagne-Soder-exclut-une-nouvelle-fois-categoriquement-une-coalition.jpg\",\"datePublished\":\"2024-12-29T20:17:00+00:00\",\"dateModified\":\"2024-12-29T20:17:00+00:00\",\"breadcrumb\":{\"@id\":\"https:\/\/vieassociative.be\/actualites\/allemagne-soder-exclut-une-nouvelle-fois-categoriquement-une-coalition-avec-les-verts-en-cas-de-victoire-de-lunion-aux-elections\/#breadcrumb\"},\"inLanguage\":\"fr-BE\",\"potentialAction\":[{\"@type\":\"ReadAction\",\"target\":[\"https:\/\/vieassociative.be\/actualites\/allemagne-soder-exclut-une-nouvelle-fois-categoriquement-une-coalition-avec-les-verts-en-cas-de-victoire-de-lunion-aux-elections\/\"]}]},{\"@type\":\"ImageObject\",\"inLanguage\":\"fr-BE\",\"@id\":\"https:\/\/vieassociative.be\/actualites\/allemagne-soder-exclut-une-nouvelle-fois-categoriquement-une-coalition-avec-les-verts-en-cas-de-victoire-de-lunion-aux-elections\/#primaryimage\",\"url\":\"https:\/\/vieassociative.be\/actualites\/wp-content\/uploads\/2024\/12\/1735503420_Allemagne-Soder-exclut-une-nouvelle-fois-categoriquement-une-coalition.jpg\",\"contentUrl\":\"https:\/\/vieassociative.be\/actualites\/wp-content\/uploads\/2024\/12\/1735503420_Allemagne-Soder-exclut-une-nouvelle-fois-categoriquement-une-coalition.jpg\",\"width\":1200,\"height\":803,\"caption\":\"Allemagne : S\u00f6der exclut une nouvelle fois cat\u00e9goriquement une coalition avec les Verts en cas de victoire de l'Union aux \u00e9lections\"},{\"@type\":\"BreadcrumbList\",\"@id\":\"https:\/\/vieassociative.be\/actualites\/allemagne-soder-exclut-une-nouvelle-fois-categoriquement-une-coalition-avec-les-verts-en-cas-de-victoire-de-lunion-aux-elections\/#breadcrumb\",\"itemListElement\":[{\"@type\":\"ListItem\",\"position\":1,\"name\":\"Accueil\",\"item\":\"https:\/\/vieassociative.be\/actualites\/\"},{\"@type\":\"ListItem\",\"position\":2,\"name\":\"Allemagne : S\u00f6der exclut une nouvelle fois cat\u00e9goriquement une coalition avec les Verts en cas de victoire de l&rsquo;Union aux \u00e9lections\"}]},{\"@type\":\"WebSite\",\"@id\":\"https:\/\/vieassociative.be\/actualites\/#website\",\"url\":\"https:\/\/vieassociative.be\/actualites\/\",\"name\":\"Vie Associative\",\"description\":\"\",\"publisher\":{\"@id\":\"https:\/\/vieassociative.be\/actualites\/#organization\"},\"potentialAction\":[{\"@type\":\"SearchAction\",\"target\":{\"@type\":\"EntryPoint\",\"urlTemplate\":\"https:\/\/vieassociative.be\/actualites\/?s={search_term_string}\"},\"query-input\":{\"@type\":\"PropertyValueSpecification\",\"valueRequired\":true,\"valueName\":\"search_term_string\"}}],\"inLanguage\":\"fr-BE\"},{\"@type\":\"Organization\",\"@id\":\"https:\/\/vieassociative.be\/actualites\/#organization\",\"name\":\"Vie Associative\",\"url\":\"https:\/\/vieassociative.be\/actualites\/\",\"logo\":{\"@type\":\"ImageObject\",\"inLanguage\":\"fr-BE\",\"@id\":\"https:\/\/vieassociative.be\/actualites\/#\/schema\/logo\/image\/\",\"url\":\"https:\/\/vieassociative.be\/actualites\/wp-content\/uploads\/2024\/09\/cropped-vieassociative_favicon.ico.png\",\"contentUrl\":\"https:\/\/vieassociative.be\/actualites\/wp-content\/uploads\/2024\/09\/cropped-vieassociative_favicon.ico.png\",\"width\":512,\"height\":512,\"caption\":\"Vie Associative\"},\"image\":{\"@id\":\"https:\/\/vieassociative.be\/actualites\/#\/schema\/logo\/image\/\"}},{\"@type\":\"Person\",\"@id\":\"https:\/\/vieassociative.be\/actualites\/#\/schema\/person\/b87ac4f82f9d4e7b7cec7395b679edc4\",\"name\":\"Julien\",\"image\":{\"@type\":\"ImageObject\",\"inLanguage\":\"fr-BE\",\"@id\":\"https:\/\/vieassociative.be\/actualites\/#\/schema\/person\/image\/\",\"url\":\"https:\/\/vieassociative.be\/actualites\/wp-content\/uploads\/2024\/09\/vie-associative-1-150x150.jpg\",\"contentUrl\":\"https:\/\/vieassociative.be\/actualites\/wp-content\/uploads\/2024\/09\/vie-associative-1-150x150.jpg\",\"caption\":\"Julien\"},\"description\":\"Je suis Julien, r\u00e9dacteur pour Vie Associative. Passionn\u00e9 par le monde associatif depuis plus de 10 ans, j'ai \u00e0 c\u0153ur de partager des histoires inspirantes et de mettre en lumi\u00e8re les initiatives locales. Mon objectif est de sensibiliser et d'encourager l'engagement communautaire \u00e0 travers mes articles.\",\"sameAs\":[\"https:\/\/vieassociative.be\/\"]}]}<\/script>\n<!-- \/ Yoast SEO plugin. -->","yoast_head_json":{"title":"Allemagne : S\u00f6der exclut une nouvelle fois cat\u00e9goriquement une coalition avec les Verts en cas de victoire de l'Union aux \u00e9lections | Vie Associative","robots":{"index":"index","follow":"follow","max-snippet":"max-snippet:-1","max-image-preview":"max-image-preview:large","max-video-preview":"max-video-preview:-1"},"canonical":"https:\/\/vieassociative.be\/actualites\/allemagne-soder-exclut-une-nouvelle-fois-categoriquement-une-coalition-avec-les-verts-en-cas-de-victoire-de-lunion-aux-elections\/","og_locale":"fr_FR","og_type":"article","og_title":"Allemagne : S\u00f6der exclut une nouvelle fois cat\u00e9goriquement une coalition avec les Verts en cas de victoire de l'Union aux \u00e9lections | Vie Associative","og_description":"En cas de victoire \u00e9lectorale, le pr\u00e9sident de la CSU, Markus S\u00f6der, a garanti qu&rsquo;un gouvernement serait form\u00e9 sans la participation des Verts. \u00ab\u00a0Je suis","og_url":"https:\/\/vieassociative.be\/actualites\/allemagne-soder-exclut-une-nouvelle-fois-categoriquement-une-coalition-avec-les-verts-en-cas-de-victoire-de-lunion-aux-elections\/","og_site_name":"Vie Associative","article_published_time":"2024-12-29T20:17:00+00:00","og_image":[{"width":279,"height":92,"url":"https:\/\/vieassociative.be\/actualites\/wp-content\/uploads\/2024\/09\/header_backgroundk-01-e1726694325946.png","type":"image\/png"}],"author":"Julien","twitter_card":"summary_large_image","twitter_misc":{"\u00c9crit par":"Julien","Dur\u00e9e de lecture est.":"3 minutes"},"schema":{"@context":"https:\/\/schema.org","@graph":[{"@type":"Article","@id":"https:\/\/vieassociative.be\/actualites\/allemagne-soder-exclut-une-nouvelle-fois-categoriquement-une-coalition-avec-les-verts-en-cas-de-victoire-de-lunion-aux-elections\/#article","isPartOf":{"@id":"https:\/\/vieassociative.be\/actualites\/allemagne-soder-exclut-une-nouvelle-fois-categoriquement-une-coalition-avec-les-verts-en-cas-de-victoire-de-lunion-aux-elections\/"},"author":{"name":"Julien","@id":"https:\/\/vieassociative.be\/actualites\/#\/schema\/person\/b87ac4f82f9d4e7b7cec7395b679edc4"},"headline":"Allemagne : S\u00f6der exclut une nouvelle fois cat\u00e9goriquement une coalition avec les Verts en cas de victoire de l&rsquo;Union aux \u00e9lections","datePublished":"2024-12-29T20:17:00+00:00","dateModified":"2024-12-29T20:17:00+00:00","mainEntityOfPage":{"@id":"https:\/\/vieassociative.be\/actualites\/allemagne-soder-exclut-une-nouvelle-fois-categoriquement-une-coalition-avec-les-verts-en-cas-de-victoire-de-lunion-aux-elections\/"},"wordCount":652,"publisher":{"@id":"https:\/\/vieassociative.be\/actualites\/#organization"},"image":{"@id":"https:\/\/vieassociative.be\/actualites\/allemagne-soder-exclut-une-nouvelle-fois-categoriquement-une-coalition-avec-les-verts-en-cas-de-victoire-de-lunion-aux-elections\/#primaryimage"},"thumbnailUrl":"https:\/\/vieassociative.be\/actualites\/wp-content\/uploads\/2024\/12\/1735503420_Allemagne-Soder-exclut-une-nouvelle-fois-categoriquement-une-coalition.jpg","keywords":["Allemagne","aux","avec","cas","cat\u00e9goriquement","coalition","\u00e9lections","exclut","fois","Les","lUnion","nouvelle","S\u00f6der","une","verts","victoire"],"articleSection":["Belgique"],"inLanguage":"fr-BE"},{"@type":"WebPage","@id":"https:\/\/vieassociative.be\/actualites\/allemagne-soder-exclut-une-nouvelle-fois-categoriquement-une-coalition-avec-les-verts-en-cas-de-victoire-de-lunion-aux-elections\/","url":"https:\/\/vieassociative.be\/actualites\/allemagne-soder-exclut-une-nouvelle-fois-categoriquement-une-coalition-avec-les-verts-en-cas-de-victoire-de-lunion-aux-elections\/","name":"Allemagne : S\u00f6der exclut une nouvelle fois cat\u00e9goriquement une coalition avec les Verts en cas de victoire de l'Union aux \u00e9lections | Vie Associative","isPartOf":{"@id":"https:\/\/vieassociative.be\/actualites\/#website"},"primaryImageOfPage":{"@id":"https:\/\/vieassociative.be\/actualites\/allemagne-soder-exclut-une-nouvelle-fois-categoriquement-une-coalition-avec-les-verts-en-cas-de-victoire-de-lunion-aux-elections\/#primaryimage"},"image":{"@id":"https:\/\/vieassociative.be\/actualites\/allemagne-soder-exclut-une-nouvelle-fois-categoriquement-une-coalition-avec-les-verts-en-cas-de-victoire-de-lunion-aux-elections\/#primaryimage"},"thumbnailUrl":"https:\/\/vieassociative.be\/actualites\/wp-content\/uploads\/2024\/12\/1735503420_Allemagne-Soder-exclut-une-nouvelle-fois-categoriquement-une-coalition.jpg","datePublished":"2024-12-29T20:17:00+00:00","dateModified":"2024-12-29T20:17:00+00:00","breadcrumb":{"@id":"https:\/\/vieassociative.be\/actualites\/allemagne-soder-exclut-une-nouvelle-fois-categoriquement-une-coalition-avec-les-verts-en-cas-de-victoire-de-lunion-aux-elections\/#breadcrumb"},"inLanguage":"fr-BE","potentialAction":[{"@type":"ReadAction","target":["https:\/\/vieassociative.be\/actualites\/allemagne-soder-exclut-une-nouvelle-fois-categoriquement-une-coalition-avec-les-verts-en-cas-de-victoire-de-lunion-aux-elections\/"]}]},{"@type":"ImageObject","inLanguage":"fr-BE","@id":"https:\/\/vieassociative.be\/actualites\/allemagne-soder-exclut-une-nouvelle-fois-categoriquement-une-coalition-avec-les-verts-en-cas-de-victoire-de-lunion-aux-elections\/#primaryimage","url":"https:\/\/vieassociative.be\/actualites\/wp-content\/uploads\/2024\/12\/1735503420_Allemagne-Soder-exclut-une-nouvelle-fois-categoriquement-une-coalition.jpg","contentUrl":"https:\/\/vieassociative.be\/actualites\/wp-content\/uploads\/2024\/12\/1735503420_Allemagne-Soder-exclut-une-nouvelle-fois-categoriquement-une-coalition.jpg","width":1200,"height":803,"caption":"Allemagne : S\u00f6der exclut une nouvelle fois cat\u00e9goriquement une coalition avec les Verts en cas de victoire de l'Union aux \u00e9lections"},{"@type":"BreadcrumbList","@id":"https:\/\/vieassociative.be\/actualites\/allemagne-soder-exclut-une-nouvelle-fois-categoriquement-une-coalition-avec-les-verts-en-cas-de-victoire-de-lunion-aux-elections\/#breadcrumb","itemListElement":[{"@type":"ListItem","position":1,"name":"Accueil","item":"https:\/\/vieassociative.be\/actualites\/"},{"@type":"ListItem","position":2,"name":"Allemagne : S\u00f6der exclut une nouvelle fois cat\u00e9goriquement une coalition avec les Verts en cas de victoire de l&rsquo;Union aux \u00e9lections"}]},{"@type":"WebSite","@id":"https:\/\/vieassociative.be\/actualites\/#website","url":"https:\/\/vieassociative.be\/actualites\/","name":"Vie Associative","description":"","publisher":{"@id":"https:\/\/vieassociative.be\/actualites\/#organization"},"potentialAction":[{"@type":"SearchAction","target":{"@type":"EntryPoint","urlTemplate":"https:\/\/vieassociative.be\/actualites\/?s={search_term_string}"},"query-input":{"@type":"PropertyValueSpecification","valueRequired":true,"valueName":"search_term_string"}}],"inLanguage":"fr-BE"},{"@type":"Organization","@id":"https:\/\/vieassociative.be\/actualites\/#organization","name":"Vie Associative","url":"https:\/\/vieassociative.be\/actualites\/","logo":{"@type":"ImageObject","inLanguage":"fr-BE","@id":"https:\/\/vieassociative.be\/actualites\/#\/schema\/logo\/image\/","url":"https:\/\/vieassociative.be\/actualites\/wp-content\/uploads\/2024\/09\/cropped-vieassociative_favicon.ico.png","contentUrl":"https:\/\/vieassociative.be\/actualites\/wp-content\/uploads\/2024\/09\/cropped-vieassociative_favicon.ico.png","width":512,"height":512,"caption":"Vie Associative"},"image":{"@id":"https:\/\/vieassociative.be\/actualites\/#\/schema\/logo\/image\/"}},{"@type":"Person","@id":"https:\/\/vieassociative.be\/actualites\/#\/schema\/person\/b87ac4f82f9d4e7b7cec7395b679edc4","name":"Julien","image":{"@type":"ImageObject","inLanguage":"fr-BE","@id":"https:\/\/vieassociative.be\/actualites\/#\/schema\/person\/image\/","url":"https:\/\/vieassociative.be\/actualites\/wp-content\/uploads\/2024\/09\/vie-associative-1-150x150.jpg","contentUrl":"https:\/\/vieassociative.be\/actualites\/wp-content\/uploads\/2024\/09\/vie-associative-1-150x150.jpg","caption":"Julien"},"description":"Je suis Julien, r\u00e9dacteur pour Vie Associative. Passionn\u00e9 par le monde associatif depuis plus de 10 ans, j'ai \u00e0 c\u0153ur de partager des histoires inspirantes et de mettre en lumi\u00e8re les initiatives locales. Mon objectif est de sensibiliser et d'encourager l'engagement communautaire \u00e0 travers mes articles.","sameAs":["https:\/\/vieassociative.be\/"]}]}},"_links":{"self":[{"href":"https:\/\/vieassociative.be\/actualites\/wp-json\/wp\/v2\/posts\/3859"}],"collection":[{"href":"https:\/\/vieassociative.be\/actualites\/wp-json\/wp\/v2\/posts"}],"about":[{"href":"https:\/\/vieassociative.be\/actualites\/wp-json\/wp\/v2\/types\/post"}],"author":[{"embeddable":true,"href":"https:\/\/vieassociative.be\/actualites\/wp-json\/wp\/v2\/users\/1"}],"replies":[{"embeddable":true,"href":"https:\/\/vieassociative.be\/actualites\/wp-json\/wp\/v2\/comments?post=3859"}],"version-history":[{"count":0,"href":"https:\/\/vieassociative.be\/actualites\/wp-json\/wp\/v2\/posts\/3859\/revisions"}],"wp:featuredmedia":[{"embeddable":true,"href":"https:\/\/vieassociative.be\/actualites\/wp-json\/wp\/v2\/media\/3860"}],"wp:attachment":[{"href":"https:\/\/vieassociative.be\/actualites\/wp-json\/wp\/v2\/media?parent=3859"}],"wp:term":[{"taxonomy":"category","embeddable":true,"href":"https:\/\/vieassociative.be\/actualites\/wp-json\/wp\/v2\/categories?post=3859"},{"taxonomy":"post_tag","embeddable":true,"href":"https:\/\/vieassociative.be\/actualites\/wp-json\/wp\/v2\/tags?post=3859"}],"curies":[{"name":"wp","href":"https:\/\/api.w.org\/{rel}","templated":true}]}}