{"id":3853,"date":"2024-12-29T18:19:32","date_gmt":"2024-12-29T17:19:32","guid":{"rendered":"https:\/\/vieassociative.be\/actualites\/comment-determiner-la-taille-des-vetements-de-votre-enfant-lorsque-les-tailles-nont-aucun-sens\/"},"modified":"2024-12-29T18:19:32","modified_gmt":"2024-12-29T17:19:32","slug":"comment-determiner-la-taille-des-vetements-de-votre-enfant-lorsque-les-tailles-nont-aucun-sens","status":"publish","type":"post","link":"https:\/\/vieassociative.be\/actualites\/comment-determiner-la-taille-des-vetements-de-votre-enfant-lorsque-les-tailles-nont-aucun-sens\/","title":{"rendered":"Comment d\u00e9terminer la taille des v\u00eatements de votre enfant lorsque les tailles n&rsquo;ont aucun sens"},"content":{"rendered":"<div class=\"mt-4 leading-6 md:mb-8\">Voici comment parcourir l\u2019enfer pour d\u00e9couvrir la taille r\u00e9elle de la chemise de votre enfant.<\/div>\n<p><\/p>\n<p>Si vous avez habill\u00e9 un enfant pendant un certain temps, vous avez sans doute r\u00e9alis\u00e9 que son \u00e2ge ne correspond pas toujours \u00e0 la taille des v\u00eatements qu&rsquo;il \u00ab devrait \u00bb porter (par exemple avoir trois ans mais ne pas rentrer dans une taille 3T). ), et il y a <em>beaucoup<\/em> de variation entre les marques de v\u00eatements. Votre enfant peut avoir une chemise de taille 7\/8 chez Target, mais une taille 6 lorsqu&rsquo;il vient de Walmart. Leur taille de pantalon peut m\u00eame ne pas correspondre \u00e0 leur <em>shorts<\/em> taille \u2013 de la m\u00eame marque. Ajoutez les tailles europ\u00e9ennes, et&#8230; vous avez d\u00e9j\u00e0 mal \u00e0 la t\u00eate ?<\/p>\n<p>Lorsqu&rsquo;il s&rsquo;agit de v\u00eatements pour enfants, aussi ennuyeux soient-ils, il n&rsquo;y a pas de solution universelle (<em>ba-dum-bum, chh<\/em>). Bien \u00e9quiper votre enfant peut \u00eatre un jeu d\u00e9routant, surtout au milieu des pouss\u00e9es de croissance et des changements saisonniers, voici donc quelques fa\u00e7ons de faciliter un peu la navigation.<\/p>\n<h2 id=\"focus-on-measurements-rather-than-age\">Concentrez-vous sur les mensurations plut\u00f4t que sur l&rsquo;\u00e2ge <\/h2>\n<p>Bien qu&rsquo;un tableau g\u00e9n\u00e9ral des tailles puisse \u00eatre utile, en raison de nombreuses fluctuations entre les marques, la meilleure fa\u00e7on de se concentrer sur la taille appropri\u00e9e consiste \u00e0 se r\u00e9f\u00e9rer ind\u00e9pendamment au tableau des tailles en ligne de chaque marque. (En fait, le meilleur moyen est de tout essayer, mais qui a le temps pour cela, surtout lorsque certaines marques, comme Hanna Andersson et Mini Boden, ont tr\u00e8s peu, voire aucun, de magasins de d\u00e9tail dans le pays.) <\/p>\n<p>Assurez-vous d&rsquo;utiliser les mesures de taille et de poids, plut\u00f4t que l&rsquo;\u00e2ge, pour d\u00e9terminer la meilleure option de taille pour votre enfant. Si vous voyez des mesures en centim\u00e8tres, consultez un tableau des tailles internationales. <\/p>\n<h2 id=\"stick-with-a-few-favorite-brands\"><strong>Restez fid\u00e8le \u00e0 quelques marques pr\u00e9f\u00e9r\u00e9es<\/strong><\/h2>\n<p>Avez-vous d\u00e9j\u00e0 eu l&rsquo;impression de devoir vous rendre dans une demi-douzaine de magasins d&rsquo;alimentation pour obtenir tous les articles dont votre famille a besoin\u00a0? Ce week-end, nous sommes all\u00e9s chez Costco pour les produits de base en vrac, Safeway pour le transport hebdomadaire, Trader Joe&rsquo;s pour les articles sp\u00e9cialis\u00e9s, ainsi que le magasin de bagels et un fournisseur d&rsquo;alcool \u00e0 prix r\u00e9duit. Mais quand il s&rsquo;agit de v\u00eatements pour enfants, <em>ne sois pas comme nous<\/em>. <\/p>\n<p>Bien que cela puisse ne pas convenir \u00e0 certains, choisir une \u00e0 trois marques pr\u00e9f\u00e9r\u00e9es et s\u2019y tenir sur le long terme peut r\u00e9duire les probl\u00e8mes de taille. Pendant que tu <em>peut<\/em> commandez quelque chose dans chaque joli catalogue qui orne votre bo\u00eete aux lettres, \u00e0 moins que vous ne vouliez \u00eatre sur une roue de hamster de retours constants, il est pr\u00e9f\u00e9rable de trouver vos marques pr\u00e9f\u00e9r\u00e9es et fiables d\u00e8s le d\u00e9but et de continuer \u00e0 acheter chez elles afin de savoir exactement \u00e0 quoi vous attendre. <\/p>\n<h2 id=\"one-word-drawstring\">Un mot\u00a0: cordon de serrage <\/h2>\n<p>Bon, plus qu&rsquo;un mot : aussi des leggings, des joggers, des poignets \u00e9lastiques, et pour l&rsquo;amour de tout ce qui est saint, <em>pas de jegging skinny<\/em>. Fondamentalement, tout ce qui est extensible et ample avec une \u00e9lasticit\u00e9 int\u00e9gr\u00e9e. Si votre enfant est entre deux tailles ou si vous essayez une nouvelle marque, le tour de taille <em>sans<\/em> les fermetures \u00e0 glissi\u00e8re sont le pari le plus s\u00fbr. Les v\u00eatements qui s&rsquo;enfilent et s&rsquo;enl\u00e8vent peuvent aider \u00e0 att\u00e9nuer une partie de la rigidit\u00e9 mal ajust\u00e9e des boutons, des boutons-pression et des fermoirs. <\/p>\n<p>Les ceintures \u00e0 cordon peuvent non seulement s&rsquo;\u00e9tirer <em>et<\/em> \u00eatre resserr\u00e9; ils peuvent \u00eatre repli\u00e9s une fois pour \u00e9liminer un pouce suppl\u00e9mentaire de regroupement potentiel. Et m\u00eame si les pantalons de jogging faciles \u00e0 ajuster avec des poignets \u00e9lastiques sont trop longs, ils ne tomberont toujours pas en dessous de la cheville. Et \u00e0 moins que couper la circulation sanguine de votre tout-petit ne soit \u00e0 l&rsquo;ordre du jour, \u00e9vitez les jeggings coupe skinny, c&rsquo;est dit. <\/p>\n<h2 id=\"thrift-or-use-clothing-swap-sites\"><strong>Friperie (ou utiliser des sites d&rsquo;\u00e9change de v\u00eatements)<\/strong><\/h2>\n<p>M\u00eame si cela ne r\u00e9sout pas directement le probl\u00e8me des tailles, acheter des v\u00eatements pour enfants d&rsquo;occasion ou les \u00e9changer permet d&rsquo;att\u00e9nuer la douleur de perdre des centaines de dollars en nouveaux fils chaque saison, pour que votre enfant traverse une pouss\u00e9e de croissance juste apr\u00e8s votre d\u00e9collage. les balises. <\/p>\n<p>En plus de Goodwill, des magasins de consignation, des vide-greniers, de Craigslist, du march\u00e9 Facebook et, notre pr\u00e9f\u00e9r\u00e9 absolu, des articles de seconde main, voici quelques autres choix\u00a0: Kidizen permet aux parents d&rsquo;acheter des v\u00eatements l\u00e9g\u00e8rement usag\u00e9s, avec la possibilit\u00e9 de configurer une boutique en ligne pour vendre les leurs. D\u00e9couvrez le magasin de v\u00eatements pour enfants comme neuf de ThredUp et la Swoondle Society, o\u00f9, moyennant des frais d&rsquo;adh\u00e9sion mensuels de 15 $, vous \u00e9changez les v\u00eatements usag\u00e9s de votre tout-petit contre des points pour obtenir les styles et les tailles dont vous avez besoin.<\/p>\n<h2 id=\"when-in-doubt-size-up\">En cas de doute, mesurez au-dessus<\/h2>\n<p>Que les v\u00eatements que vous achetez soient trop petits ou trop grands, les deux sont ennuyeux. Au moins lorsqu&rsquo;ils sont trop gros, vous avez la possibilit\u00e9 de les stocker pour les utiliser \u00e0 une date ult\u00e9rieure (et de vous \u00e9pargner un autre voyage vers Target ou UPS). Notre conseil est de prendre une taille au-dessus et de faire attention aux tissus qui peuvent r\u00e9tr\u00e9cir. <\/p>\n<p>Pendant que nous y sommes, acheter des chaussures pour enfants n&rsquo;est pas non plus tr\u00e8s amusant. D\u00e9couvrez comment rendre la pointure des chaussures plus g\u00e9rable ici.<\/p>\n<p><\/p>\n","protected":false},"excerpt":{"rendered":"<p>Voici comment parcourir l\u2019enfer pour d\u00e9couvrir la taille r\u00e9elle de la chemise de votre enfant. Si vous avez habill\u00e9 un enfant pendant un certain temps,<\/p>\n","protected":false},"author":1,"featured_media":3854,"comment_status":"","ping_status":"","sticky":false,"template":"","format":"standard","meta":{"footnotes":""},"categories":[37],"tags":[3202,44,29,4342,295,14,559,4345,4017,4343,4344,1156,8],"class_list":["post-3853","post","type-post","status-publish","format-standard","has-post-thumbnail","hentry","category-famille","tag-aucun","tag-comment","tag-des","tag-determiner","tag-enfant","tag-les","tag-lorsque","tag-nont","tag-sens","tag-taille","tag-tailles","tag-vetements","tag-votre","generate-columns","tablet-grid-50","mobile-grid-100","grid-parent","grid-33"],"yoast_head":"<!-- This site is optimized with the Yoast SEO plugin v24.0 - https:\/\/yoast.com\/wordpress\/plugins\/seo\/ -->\n<title>Comment d\u00e9terminer la taille des v\u00eatements de votre enfant lorsque les tailles n&#039;ont aucun sens | Vie Associative<\/title>\n<meta name=\"robots\" content=\"index, follow, max-snippet:-1, max-image-preview:large, max-video-preview:-1\" \/>\n<link rel=\"canonical\" href=\"https:\/\/vieassociative.be\/actualites\/comment-determiner-la-taille-des-vetements-de-votre-enfant-lorsque-les-tailles-nont-aucun-sens\/\" \/>\n<meta property=\"og:locale\" content=\"fr_FR\" \/>\n<meta property=\"og:type\" content=\"article\" \/>\n<meta property=\"og:title\" content=\"Comment d\u00e9terminer la taille des v\u00eatements de votre enfant lorsque les tailles n&#039;ont aucun sens | Vie Associative\" \/>\n<meta property=\"og:description\" content=\"Voici comment parcourir l\u2019enfer pour d\u00e9couvrir la taille r\u00e9elle de la chemise de votre enfant. Si vous avez habill\u00e9 un enfant pendant un certain temps,\" \/>\n<meta property=\"og:url\" content=\"https:\/\/vieassociative.be\/actualites\/comment-determiner-la-taille-des-vetements-de-votre-enfant-lorsque-les-tailles-nont-aucun-sens\/\" \/>\n<meta property=\"og:site_name\" content=\"Vie Associative\" \/>\n<meta property=\"article:published_time\" content=\"2024-12-29T17:19:32+00:00\" \/>\n<meta property=\"og:image\" content=\"https:\/\/vieassociative.be\/actualites\/wp-content\/uploads\/2024\/09\/header_backgroundk-01-e1726694325946.png\" \/>\n\t<meta property=\"og:image:width\" content=\"279\" \/>\n\t<meta property=\"og:image:height\" content=\"92\" \/>\n\t<meta property=\"og:image:type\" content=\"image\/png\" \/>\n<meta name=\"author\" content=\"Julien\" \/>\n<meta name=\"twitter:card\" content=\"summary_large_image\" \/>\n<meta name=\"twitter:label1\" content=\"\u00c9crit par\" \/>\n\t<meta name=\"twitter:data1\" content=\"Julien\" \/>\n\t<meta name=\"twitter:label2\" content=\"Dur\u00e9e de lecture est.\" \/>\n\t<meta name=\"twitter:data2\" content=\"5 minutes\" \/>\n<script type=\"application\/ld+json\" class=\"yoast-schema-graph\">{\"@context\":\"https:\/\/schema.org\",\"@graph\":[{\"@type\":\"Article\",\"@id\":\"https:\/\/vieassociative.be\/actualites\/comment-determiner-la-taille-des-vetements-de-votre-enfant-lorsque-les-tailles-nont-aucun-sens\/#article\",\"isPartOf\":{\"@id\":\"https:\/\/vieassociative.be\/actualites\/comment-determiner-la-taille-des-vetements-de-votre-enfant-lorsque-les-tailles-nont-aucun-sens\/\"},\"author\":{\"name\":\"Julien\",\"@id\":\"https:\/\/vieassociative.be\/actualites\/#\/schema\/person\/b87ac4f82f9d4e7b7cec7395b679edc4\"},\"headline\":\"Comment d\u00e9terminer la taille des v\u00eatements de votre enfant lorsque les tailles n&rsquo;ont aucun sens\",\"datePublished\":\"2024-12-29T17:19:32+00:00\",\"dateModified\":\"2024-12-29T17:19:32+00:00\",\"mainEntityOfPage\":{\"@id\":\"https:\/\/vieassociative.be\/actualites\/comment-determiner-la-taille-des-vetements-de-votre-enfant-lorsque-les-tailles-nont-aucun-sens\/\"},\"wordCount\":992,\"publisher\":{\"@id\":\"https:\/\/vieassociative.be\/actualites\/#organization\"},\"image\":{\"@id\":\"https:\/\/vieassociative.be\/actualites\/comment-determiner-la-taille-des-vetements-de-votre-enfant-lorsque-les-tailles-nont-aucun-sens\/#primaryimage\"},\"thumbnailUrl\":\"https:\/\/vieassociative.be\/actualites\/wp-content\/uploads\/2024\/12\/Comment-determiner-la-taille-des-vetements-de-votre-enfant-lorsque.jpg\",\"keywords\":[\"aucun\",\"Comment\",\"Des\",\"d\u00e9terminer\",\"enfant\",\"Les\",\"lorsque\",\"nont\",\"sens\",\"taille\",\"tailles\",\"v\u00eatements\",\"votre\"],\"articleSection\":[\"Famille\"],\"inLanguage\":\"fr-BE\"},{\"@type\":\"WebPage\",\"@id\":\"https:\/\/vieassociative.be\/actualites\/comment-determiner-la-taille-des-vetements-de-votre-enfant-lorsque-les-tailles-nont-aucun-sens\/\",\"url\":\"https:\/\/vieassociative.be\/actualites\/comment-determiner-la-taille-des-vetements-de-votre-enfant-lorsque-les-tailles-nont-aucun-sens\/\",\"name\":\"Comment d\u00e9terminer la taille des v\u00eatements de votre enfant lorsque les tailles n'ont aucun sens | Vie Associative\",\"isPartOf\":{\"@id\":\"https:\/\/vieassociative.be\/actualites\/#website\"},\"primaryImageOfPage\":{\"@id\":\"https:\/\/vieassociative.be\/actualites\/comment-determiner-la-taille-des-vetements-de-votre-enfant-lorsque-les-tailles-nont-aucun-sens\/#primaryimage\"},\"image\":{\"@id\":\"https:\/\/vieassociative.be\/actualites\/comment-determiner-la-taille-des-vetements-de-votre-enfant-lorsque-les-tailles-nont-aucun-sens\/#primaryimage\"},\"thumbnailUrl\":\"https:\/\/vieassociative.be\/actualites\/wp-content\/uploads\/2024\/12\/Comment-determiner-la-taille-des-vetements-de-votre-enfant-lorsque.jpg\",\"datePublished\":\"2024-12-29T17:19:32+00:00\",\"dateModified\":\"2024-12-29T17:19:32+00:00\",\"breadcrumb\":{\"@id\":\"https:\/\/vieassociative.be\/actualites\/comment-determiner-la-taille-des-vetements-de-votre-enfant-lorsque-les-tailles-nont-aucun-sens\/#breadcrumb\"},\"inLanguage\":\"fr-BE\",\"potentialAction\":[{\"@type\":\"ReadAction\",\"target\":[\"https:\/\/vieassociative.be\/actualites\/comment-determiner-la-taille-des-vetements-de-votre-enfant-lorsque-les-tailles-nont-aucun-sens\/\"]}]},{\"@type\":\"ImageObject\",\"inLanguage\":\"fr-BE\",\"@id\":\"https:\/\/vieassociative.be\/actualites\/comment-determiner-la-taille-des-vetements-de-votre-enfant-lorsque-les-tailles-nont-aucun-sens\/#primaryimage\",\"url\":\"https:\/\/vieassociative.be\/actualites\/wp-content\/uploads\/2024\/12\/Comment-determiner-la-taille-des-vetements-de-votre-enfant-lorsque.jpg\",\"contentUrl\":\"https:\/\/vieassociative.be\/actualites\/wp-content\/uploads\/2024\/12\/Comment-determiner-la-taille-des-vetements-de-votre-enfant-lorsque.jpg\",\"width\":1200,\"height\":675,\"caption\":\"Comment d\u00e9terminer la taille des v\u00eatements de votre enfant lorsque les tailles n'ont aucun sens\"},{\"@type\":\"BreadcrumbList\",\"@id\":\"https:\/\/vieassociative.be\/actualites\/comment-determiner-la-taille-des-vetements-de-votre-enfant-lorsque-les-tailles-nont-aucun-sens\/#breadcrumb\",\"itemListElement\":[{\"@type\":\"ListItem\",\"position\":1,\"name\":\"Accueil\",\"item\":\"https:\/\/vieassociative.be\/actualites\/\"},{\"@type\":\"ListItem\",\"position\":2,\"name\":\"Comment d\u00e9terminer la taille des v\u00eatements de votre enfant lorsque les tailles n&rsquo;ont aucun sens\"}]},{\"@type\":\"WebSite\",\"@id\":\"https:\/\/vieassociative.be\/actualites\/#website\",\"url\":\"https:\/\/vieassociative.be\/actualites\/\",\"name\":\"Vie Associative\",\"description\":\"\",\"publisher\":{\"@id\":\"https:\/\/vieassociative.be\/actualites\/#organization\"},\"potentialAction\":[{\"@type\":\"SearchAction\",\"target\":{\"@type\":\"EntryPoint\",\"urlTemplate\":\"https:\/\/vieassociative.be\/actualites\/?s={search_term_string}\"},\"query-input\":{\"@type\":\"PropertyValueSpecification\",\"valueRequired\":true,\"valueName\":\"search_term_string\"}}],\"inLanguage\":\"fr-BE\"},{\"@type\":\"Organization\",\"@id\":\"https:\/\/vieassociative.be\/actualites\/#organization\",\"name\":\"Vie Associative\",\"url\":\"https:\/\/vieassociative.be\/actualites\/\",\"logo\":{\"@type\":\"ImageObject\",\"inLanguage\":\"fr-BE\",\"@id\":\"https:\/\/vieassociative.be\/actualites\/#\/schema\/logo\/image\/\",\"url\":\"https:\/\/vieassociative.be\/actualites\/wp-content\/uploads\/2024\/09\/cropped-vieassociative_favicon.ico.png\",\"contentUrl\":\"https:\/\/vieassociative.be\/actualites\/wp-content\/uploads\/2024\/09\/cropped-vieassociative_favicon.ico.png\",\"width\":512,\"height\":512,\"caption\":\"Vie Associative\"},\"image\":{\"@id\":\"https:\/\/vieassociative.be\/actualites\/#\/schema\/logo\/image\/\"}},{\"@type\":\"Person\",\"@id\":\"https:\/\/vieassociative.be\/actualites\/#\/schema\/person\/b87ac4f82f9d4e7b7cec7395b679edc4\",\"name\":\"Julien\",\"image\":{\"@type\":\"ImageObject\",\"inLanguage\":\"fr-BE\",\"@id\":\"https:\/\/vieassociative.be\/actualites\/#\/schema\/person\/image\/\",\"url\":\"https:\/\/vieassociative.be\/actualites\/wp-content\/uploads\/2024\/09\/vie-associative-1-150x150.jpg\",\"contentUrl\":\"https:\/\/vieassociative.be\/actualites\/wp-content\/uploads\/2024\/09\/vie-associative-1-150x150.jpg\",\"caption\":\"Julien\"},\"description\":\"Je suis Julien, r\u00e9dacteur pour Vie Associative. Passionn\u00e9 par le monde associatif depuis plus de 10 ans, j'ai \u00e0 c\u0153ur de partager des histoires inspirantes et de mettre en lumi\u00e8re les initiatives locales. Mon objectif est de sensibiliser et d'encourager l'engagement communautaire \u00e0 travers mes articles.\",\"sameAs\":[\"https:\/\/vieassociative.be\/\"]}]}<\/script>\n<!-- \/ Yoast SEO plugin. -->","yoast_head_json":{"title":"Comment d\u00e9terminer la taille des v\u00eatements de votre enfant lorsque les tailles n'ont aucun sens | Vie Associative","robots":{"index":"index","follow":"follow","max-snippet":"max-snippet:-1","max-image-preview":"max-image-preview:large","max-video-preview":"max-video-preview:-1"},"canonical":"https:\/\/vieassociative.be\/actualites\/comment-determiner-la-taille-des-vetements-de-votre-enfant-lorsque-les-tailles-nont-aucun-sens\/","og_locale":"fr_FR","og_type":"article","og_title":"Comment d\u00e9terminer la taille des v\u00eatements de votre enfant lorsque les tailles n'ont aucun sens | Vie Associative","og_description":"Voici comment parcourir l\u2019enfer pour d\u00e9couvrir la taille r\u00e9elle de la chemise de votre enfant. Si vous avez habill\u00e9 un enfant pendant un certain temps,","og_url":"https:\/\/vieassociative.be\/actualites\/comment-determiner-la-taille-des-vetements-de-votre-enfant-lorsque-les-tailles-nont-aucun-sens\/","og_site_name":"Vie Associative","article_published_time":"2024-12-29T17:19:32+00:00","og_image":[{"width":279,"height":92,"url":"https:\/\/vieassociative.be\/actualites\/wp-content\/uploads\/2024\/09\/header_backgroundk-01-e1726694325946.png","type":"image\/png"}],"author":"Julien","twitter_card":"summary_large_image","twitter_misc":{"\u00c9crit par":"Julien","Dur\u00e9e de lecture est.":"5 minutes"},"schema":{"@context":"https:\/\/schema.org","@graph":[{"@type":"Article","@id":"https:\/\/vieassociative.be\/actualites\/comment-determiner-la-taille-des-vetements-de-votre-enfant-lorsque-les-tailles-nont-aucun-sens\/#article","isPartOf":{"@id":"https:\/\/vieassociative.be\/actualites\/comment-determiner-la-taille-des-vetements-de-votre-enfant-lorsque-les-tailles-nont-aucun-sens\/"},"author":{"name":"Julien","@id":"https:\/\/vieassociative.be\/actualites\/#\/schema\/person\/b87ac4f82f9d4e7b7cec7395b679edc4"},"headline":"Comment d\u00e9terminer la taille des v\u00eatements de votre enfant lorsque les tailles n&rsquo;ont aucun sens","datePublished":"2024-12-29T17:19:32+00:00","dateModified":"2024-12-29T17:19:32+00:00","mainEntityOfPage":{"@id":"https:\/\/vieassociative.be\/actualites\/comment-determiner-la-taille-des-vetements-de-votre-enfant-lorsque-les-tailles-nont-aucun-sens\/"},"wordCount":992,"publisher":{"@id":"https:\/\/vieassociative.be\/actualites\/#organization"},"image":{"@id":"https:\/\/vieassociative.be\/actualites\/comment-determiner-la-taille-des-vetements-de-votre-enfant-lorsque-les-tailles-nont-aucun-sens\/#primaryimage"},"thumbnailUrl":"https:\/\/vieassociative.be\/actualites\/wp-content\/uploads\/2024\/12\/Comment-determiner-la-taille-des-vetements-de-votre-enfant-lorsque.jpg","keywords":["aucun","Comment","Des","d\u00e9terminer","enfant","Les","lorsque","nont","sens","taille","tailles","v\u00eatements","votre"],"articleSection":["Famille"],"inLanguage":"fr-BE"},{"@type":"WebPage","@id":"https:\/\/vieassociative.be\/actualites\/comment-determiner-la-taille-des-vetements-de-votre-enfant-lorsque-les-tailles-nont-aucun-sens\/","url":"https:\/\/vieassociative.be\/actualites\/comment-determiner-la-taille-des-vetements-de-votre-enfant-lorsque-les-tailles-nont-aucun-sens\/","name":"Comment d\u00e9terminer la taille des v\u00eatements de votre enfant lorsque les tailles n'ont aucun sens | Vie Associative","isPartOf":{"@id":"https:\/\/vieassociative.be\/actualites\/#website"},"primaryImageOfPage":{"@id":"https:\/\/vieassociative.be\/actualites\/comment-determiner-la-taille-des-vetements-de-votre-enfant-lorsque-les-tailles-nont-aucun-sens\/#primaryimage"},"image":{"@id":"https:\/\/vieassociative.be\/actualites\/comment-determiner-la-taille-des-vetements-de-votre-enfant-lorsque-les-tailles-nont-aucun-sens\/#primaryimage"},"thumbnailUrl":"https:\/\/vieassociative.be\/actualites\/wp-content\/uploads\/2024\/12\/Comment-determiner-la-taille-des-vetements-de-votre-enfant-lorsque.jpg","datePublished":"2024-12-29T17:19:32+00:00","dateModified":"2024-12-29T17:19:32+00:00","breadcrumb":{"@id":"https:\/\/vieassociative.be\/actualites\/comment-determiner-la-taille-des-vetements-de-votre-enfant-lorsque-les-tailles-nont-aucun-sens\/#breadcrumb"},"inLanguage":"fr-BE","potentialAction":[{"@type":"ReadAction","target":["https:\/\/vieassociative.be\/actualites\/comment-determiner-la-taille-des-vetements-de-votre-enfant-lorsque-les-tailles-nont-aucun-sens\/"]}]},{"@type":"ImageObject","inLanguage":"fr-BE","@id":"https:\/\/vieassociative.be\/actualites\/comment-determiner-la-taille-des-vetements-de-votre-enfant-lorsque-les-tailles-nont-aucun-sens\/#primaryimage","url":"https:\/\/vieassociative.be\/actualites\/wp-content\/uploads\/2024\/12\/Comment-determiner-la-taille-des-vetements-de-votre-enfant-lorsque.jpg","contentUrl":"https:\/\/vieassociative.be\/actualites\/wp-content\/uploads\/2024\/12\/Comment-determiner-la-taille-des-vetements-de-votre-enfant-lorsque.jpg","width":1200,"height":675,"caption":"Comment d\u00e9terminer la taille des v\u00eatements de votre enfant lorsque les tailles n'ont aucun sens"},{"@type":"BreadcrumbList","@id":"https:\/\/vieassociative.be\/actualites\/comment-determiner-la-taille-des-vetements-de-votre-enfant-lorsque-les-tailles-nont-aucun-sens\/#breadcrumb","itemListElement":[{"@type":"ListItem","position":1,"name":"Accueil","item":"https:\/\/vieassociative.be\/actualites\/"},{"@type":"ListItem","position":2,"name":"Comment d\u00e9terminer la taille des v\u00eatements de votre enfant lorsque les tailles n&rsquo;ont aucun sens"}]},{"@type":"WebSite","@id":"https:\/\/vieassociative.be\/actualites\/#website","url":"https:\/\/vieassociative.be\/actualites\/","name":"Vie Associative","description":"","publisher":{"@id":"https:\/\/vieassociative.be\/actualites\/#organization"},"potentialAction":[{"@type":"SearchAction","target":{"@type":"EntryPoint","urlTemplate":"https:\/\/vieassociative.be\/actualites\/?s={search_term_string}"},"query-input":{"@type":"PropertyValueSpecification","valueRequired":true,"valueName":"search_term_string"}}],"inLanguage":"fr-BE"},{"@type":"Organization","@id":"https:\/\/vieassociative.be\/actualites\/#organization","name":"Vie Associative","url":"https:\/\/vieassociative.be\/actualites\/","logo":{"@type":"ImageObject","inLanguage":"fr-BE","@id":"https:\/\/vieassociative.be\/actualites\/#\/schema\/logo\/image\/","url":"https:\/\/vieassociative.be\/actualites\/wp-content\/uploads\/2024\/09\/cropped-vieassociative_favicon.ico.png","contentUrl":"https:\/\/vieassociative.be\/actualites\/wp-content\/uploads\/2024\/09\/cropped-vieassociative_favicon.ico.png","width":512,"height":512,"caption":"Vie Associative"},"image":{"@id":"https:\/\/vieassociative.be\/actualites\/#\/schema\/logo\/image\/"}},{"@type":"Person","@id":"https:\/\/vieassociative.be\/actualites\/#\/schema\/person\/b87ac4f82f9d4e7b7cec7395b679edc4","name":"Julien","image":{"@type":"ImageObject","inLanguage":"fr-BE","@id":"https:\/\/vieassociative.be\/actualites\/#\/schema\/person\/image\/","url":"https:\/\/vieassociative.be\/actualites\/wp-content\/uploads\/2024\/09\/vie-associative-1-150x150.jpg","contentUrl":"https:\/\/vieassociative.be\/actualites\/wp-content\/uploads\/2024\/09\/vie-associative-1-150x150.jpg","caption":"Julien"},"description":"Je suis Julien, r\u00e9dacteur pour Vie Associative. Passionn\u00e9 par le monde associatif depuis plus de 10 ans, j'ai \u00e0 c\u0153ur de partager des histoires inspirantes et de mettre en lumi\u00e8re les initiatives locales. Mon objectif est de sensibiliser et d'encourager l'engagement communautaire \u00e0 travers mes articles.","sameAs":["https:\/\/vieassociative.be\/"]}]}},"_links":{"self":[{"href":"https:\/\/vieassociative.be\/actualites\/wp-json\/wp\/v2\/posts\/3853"}],"collection":[{"href":"https:\/\/vieassociative.be\/actualites\/wp-json\/wp\/v2\/posts"}],"about":[{"href":"https:\/\/vieassociative.be\/actualites\/wp-json\/wp\/v2\/types\/post"}],"author":[{"embeddable":true,"href":"https:\/\/vieassociative.be\/actualites\/wp-json\/wp\/v2\/users\/1"}],"replies":[{"embeddable":true,"href":"https:\/\/vieassociative.be\/actualites\/wp-json\/wp\/v2\/comments?post=3853"}],"version-history":[{"count":0,"href":"https:\/\/vieassociative.be\/actualites\/wp-json\/wp\/v2\/posts\/3853\/revisions"}],"wp:featuredmedia":[{"embeddable":true,"href":"https:\/\/vieassociative.be\/actualites\/wp-json\/wp\/v2\/media\/3854"}],"wp:attachment":[{"href":"https:\/\/vieassociative.be\/actualites\/wp-json\/wp\/v2\/media?parent=3853"}],"wp:term":[{"taxonomy":"category","embeddable":true,"href":"https:\/\/vieassociative.be\/actualites\/wp-json\/wp\/v2\/categories?post=3853"},{"taxonomy":"post_tag","embeddable":true,"href":"https:\/\/vieassociative.be\/actualites\/wp-json\/wp\/v2\/tags?post=3853"}],"curies":[{"name":"wp","href":"https:\/\/api.w.org\/{rel}","templated":true}]}}