{"id":3849,"date":"2024-12-29T15:20:50","date_gmt":"2024-12-29T14:20:50","guid":{"rendered":"https:\/\/vieassociative.be\/actualites\/comment-preparer-votre-animal-pour-les-feux-dartifice-du-nouvel-an\/"},"modified":"2024-12-29T15:20:50","modified_gmt":"2024-12-29T14:20:50","slug":"comment-preparer-votre-animal-pour-les-feux-dartifice-du-nouvel-an","status":"publish","type":"post","link":"https:\/\/vieassociative.be\/actualites\/comment-preparer-votre-animal-pour-les-feux-dartifice-du-nouvel-an\/","title":{"rendered":"Comment pr\u00e9parer votre animal pour les feux d&rsquo;artifice du Nouvel An"},"content":{"rendered":"<p><strong>Ce qui est pour beaucoup une f\u00eate exub\u00e9rante est la pire nuit de l&rsquo;ann\u00e9e pour les animaux : pour eux, le r\u00e9veillon du Nouvel An est avant tout synonyme de bruit. Comment prot\u00e9ger vos amis \u00e0 quatre pattes avant et le soir du Nouvel An.<\/strong><\/p>\n<p><span id=\"more-405034\"><\/span>Bruit, lumi\u00e8res clignotantes et fum\u00e9e : le r\u00e9veillon du Nouvel An provoque souvent peur et panique chez nos animaux de compagnie. Mais avec une bonne pr\u00e9paration, vous pouvez au moins rendre la situation un peu plus supportable pour les chiens et les chats. Les militants des droits des animaux ont quelques conseils \u00e0 ce sujet.<\/p>\n<p><strong>\u2013 Comment la panique se manifeste-t-elle chez les animaux ?<\/strong> Le bruit inattendu des p\u00e9tards, les \u00e9clairs lumineux des feux d&rsquo;artifice et la fum\u00e9e qui en r\u00e9sulte d\u00e9clenchent souvent de fortes r\u00e9actions de peur, qui peuvent se manifester par des tremblements, un haletant, une agitation ou m\u00eame des tentatives de fuite.<\/p>\n<div id=\"attachment_159076\" class=\"wp-caption alignleft\" style=\"max-width: 300px\"><img fetchpriority=\"high\" decoding=\"async\" class=\"wp-image-159076 size-medium\" src=\"https:\/\/vieassociative.be\/actualites\/wp-content\/uploads\/2024\/12\/Comment-preparer-votre-animal-pour-les-feux-dartifice-du-Nouvel.jpeg\" alt=\"\" width=\"300\" height=\"200\"  ><\/p>\n<p class=\"wp-caption-text\">Un feu d&rsquo;artifice avec des fus\u00e9es et des p\u00e9tards du Nouvel An est \u00e9tal\u00e9 sur une table. Photo : Lino Mirgeler\/dpa<\/p>\n<\/div>\n<p><strong>\u2013 Habituer les chiens aux bruits forts :<\/strong> Avec les chiens, il peut \u00eatre utile de les habituer lentement et progressivement aux bruits forts des roquettes et des p\u00e9tards. \u00c0 cet effet, les sons des feux d&rsquo;artifice sont diffus\u00e9s \u00e0 faible volume via l&rsquo;application, par exemple, et le volume est augment\u00e9 lentement. Si vous leur donnez \u00e0 manger ou si vous jouez avec eux en m\u00eame temps, ils associent \u00e9galement les bruits \u00e0 quelque chose de positif. Le chien doit toujours rester d\u00e9tendu.<\/p>\n<p>Si l&rsquo;animal est tr\u00e8s paniqu\u00e9 les jours du r\u00e9veillon du Nouvel An malgr\u00e9 son entra\u00eenement, vous devriez consulter un v\u00e9t\u00e9rinaire \u00e0 temps. Certains suppl\u00e9ments ou m\u00e9dicaments peuvent aider \u00e0 calmer le chien pendant l&rsquo;explosion. Cependant, les m\u00e9dicaments ne doivent \u00eatre administr\u00e9s qu\u2019en cas d\u2019absolue n\u00e9cessit\u00e9.<\/p>\n<p><strong>\u2013 Cr\u00e9er une atmosph\u00e8re calme :<\/strong> M\u00eame les jours pr\u00e9c\u00e9dant le r\u00e9veillon du Nouvel An, il y a souvent des bruits de rue. Par cons\u00e9quent, les propri\u00e9taires d\u2019animaux doivent cr\u00e9er une atmosph\u00e8re aussi calme que possible dans leur maison ou leur appartement. Le bruit de fond, comme une musique douce ou la t\u00e9l\u00e9vision, peut avoir un effet apaisant car il couvre le bruit ext\u00e9rieur.<\/p>\n<p>L\u2019animal a \u00e9galement besoin d\u2019un endroit calme o\u00f9 se retirer, aussi isol\u00e9 que possible du bruit. Il peut s&rsquo;agir d&rsquo;une pi\u00e8ce sombre, d&rsquo;une grotte faite maison ou m\u00eame d&rsquo;une bo\u00eete de transport habituelle. Les chats d&rsquo;ext\u00e9rieur doivent rester \u00e0 l&rsquo;int\u00e9rieur peu avant le r\u00e9veillon du Nouvel An et de pr\u00e9f\u00e9rence dans les jours qui suivent.<\/p>\n<p>Il faut s&rsquo;attendre \u00e0 des p\u00e9tards, surtout dans les zones r\u00e9sidentielles. Les promenades avec les chiens devraient donc avoir lieu le plus t\u00f4t possible le soir du Nouvel An et traverser id\u00e9alement la for\u00eat voisine &#8211; s&rsquo;il y en a une. Le chien ne doit en aucun cas \u00eatre laiss\u00e9 sans laisse. Il est pr\u00e9f\u00e9rable de le fixer deux fois : sur le collier et sur le harnais. (dpa)<\/p>\n","protected":false},"excerpt":{"rendered":"<p>Ce qui est pour beaucoup une f\u00eate exub\u00e9rante est la pire nuit de l&rsquo;ann\u00e9e pour les animaux : pour eux, le r\u00e9veillon du Nouvel An<\/p>\n","protected":false},"author":1,"featured_media":3850,"comment_status":"","ping_status":"","sticky":false,"template":"","format":"standard","meta":{"footnotes":""},"categories":[298],"tags":[650,44,2091,2090,14,929,81,702,8],"class_list":["post-3849","post","type-post","status-publish","format-standard","has-post-thumbnail","hentry","category-belgique","tag-animal","tag-comment","tag-dartifice","tag-feux","tag-les","tag-nouvel","tag-pour","tag-preparer","tag-votre","generate-columns","tablet-grid-50","mobile-grid-100","grid-parent","grid-33"],"yoast_head":"<!-- This site is optimized with the Yoast SEO plugin v24.0 - https:\/\/yoast.com\/wordpress\/plugins\/seo\/ -->\n<title>Comment pr\u00e9parer votre animal pour les feux d&#039;artifice du Nouvel An | Vie Associative<\/title>\n<meta name=\"robots\" content=\"index, follow, max-snippet:-1, max-image-preview:large, max-video-preview:-1\" \/>\n<link rel=\"canonical\" href=\"https:\/\/vieassociative.be\/actualites\/comment-preparer-votre-animal-pour-les-feux-dartifice-du-nouvel-an\/\" \/>\n<meta property=\"og:locale\" content=\"fr_FR\" \/>\n<meta property=\"og:type\" content=\"article\" \/>\n<meta property=\"og:title\" content=\"Comment pr\u00e9parer votre animal pour les feux d&#039;artifice du Nouvel An | Vie Associative\" \/>\n<meta property=\"og:description\" content=\"Ce qui est pour beaucoup une f\u00eate exub\u00e9rante est la pire nuit de l&rsquo;ann\u00e9e pour les animaux : pour eux, le r\u00e9veillon du Nouvel An\" \/>\n<meta property=\"og:url\" content=\"https:\/\/vieassociative.be\/actualites\/comment-preparer-votre-animal-pour-les-feux-dartifice-du-nouvel-an\/\" \/>\n<meta property=\"og:site_name\" content=\"Vie Associative\" \/>\n<meta property=\"article:published_time\" content=\"2024-12-29T14:20:50+00:00\" \/>\n<meta property=\"og:image\" content=\"https:\/\/vieassociative.be\/actualites\/wp-content\/uploads\/2024\/09\/header_backgroundk-01-e1726694325946.png\" \/>\n\t<meta property=\"og:image:width\" content=\"279\" \/>\n\t<meta property=\"og:image:height\" content=\"92\" \/>\n\t<meta property=\"og:image:type\" content=\"image\/png\" \/>\n<meta name=\"author\" content=\"Julien\" \/>\n<meta name=\"twitter:card\" content=\"summary_large_image\" \/>\n<meta name=\"twitter:label1\" content=\"\u00c9crit par\" \/>\n\t<meta name=\"twitter:data1\" content=\"Julien\" \/>\n\t<meta name=\"twitter:label2\" content=\"Dur\u00e9e de lecture est.\" \/>\n\t<meta name=\"twitter:data2\" content=\"3 minutes\" \/>\n<script type=\"application\/ld+json\" class=\"yoast-schema-graph\">{\"@context\":\"https:\/\/schema.org\",\"@graph\":[{\"@type\":\"Article\",\"@id\":\"https:\/\/vieassociative.be\/actualites\/comment-preparer-votre-animal-pour-les-feux-dartifice-du-nouvel-an\/#article\",\"isPartOf\":{\"@id\":\"https:\/\/vieassociative.be\/actualites\/comment-preparer-votre-animal-pour-les-feux-dartifice-du-nouvel-an\/\"},\"author\":{\"name\":\"Julien\",\"@id\":\"https:\/\/vieassociative.be\/actualites\/#\/schema\/person\/b87ac4f82f9d4e7b7cec7395b679edc4\"},\"headline\":\"Comment pr\u00e9parer votre animal pour les feux d&rsquo;artifice du Nouvel An\",\"datePublished\":\"2024-12-29T14:20:50+00:00\",\"dateModified\":\"2024-12-29T14:20:50+00:00\",\"mainEntityOfPage\":{\"@id\":\"https:\/\/vieassociative.be\/actualites\/comment-preparer-votre-animal-pour-les-feux-dartifice-du-nouvel-an\/\"},\"wordCount\":561,\"publisher\":{\"@id\":\"https:\/\/vieassociative.be\/actualites\/#organization\"},\"image\":{\"@id\":\"https:\/\/vieassociative.be\/actualites\/comment-preparer-votre-animal-pour-les-feux-dartifice-du-nouvel-an\/#primaryimage\"},\"thumbnailUrl\":\"https:\/\/vieassociative.be\/actualites\/wp-content\/uploads\/2024\/12\/1735482050_Comment-preparer-votre-animal-pour-les-feux-dartifice-du-Nouvel.jpeg\",\"keywords\":[\"animal\",\"Comment\",\"dartifice\",\"feux\",\"Les\",\"nouvel\",\"pour\",\"pr\u00e9parer\",\"votre\"],\"articleSection\":[\"Belgique\"],\"inLanguage\":\"fr-BE\"},{\"@type\":\"WebPage\",\"@id\":\"https:\/\/vieassociative.be\/actualites\/comment-preparer-votre-animal-pour-les-feux-dartifice-du-nouvel-an\/\",\"url\":\"https:\/\/vieassociative.be\/actualites\/comment-preparer-votre-animal-pour-les-feux-dartifice-du-nouvel-an\/\",\"name\":\"Comment pr\u00e9parer votre animal pour les feux d'artifice du Nouvel An | Vie Associative\",\"isPartOf\":{\"@id\":\"https:\/\/vieassociative.be\/actualites\/#website\"},\"primaryImageOfPage\":{\"@id\":\"https:\/\/vieassociative.be\/actualites\/comment-preparer-votre-animal-pour-les-feux-dartifice-du-nouvel-an\/#primaryimage\"},\"image\":{\"@id\":\"https:\/\/vieassociative.be\/actualites\/comment-preparer-votre-animal-pour-les-feux-dartifice-du-nouvel-an\/#primaryimage\"},\"thumbnailUrl\":\"https:\/\/vieassociative.be\/actualites\/wp-content\/uploads\/2024\/12\/1735482050_Comment-preparer-votre-animal-pour-les-feux-dartifice-du-Nouvel.jpeg\",\"datePublished\":\"2024-12-29T14:20:50+00:00\",\"dateModified\":\"2024-12-29T14:20:50+00:00\",\"breadcrumb\":{\"@id\":\"https:\/\/vieassociative.be\/actualites\/comment-preparer-votre-animal-pour-les-feux-dartifice-du-nouvel-an\/#breadcrumb\"},\"inLanguage\":\"fr-BE\",\"potentialAction\":[{\"@type\":\"ReadAction\",\"target\":[\"https:\/\/vieassociative.be\/actualites\/comment-preparer-votre-animal-pour-les-feux-dartifice-du-nouvel-an\/\"]}]},{\"@type\":\"ImageObject\",\"inLanguage\":\"fr-BE\",\"@id\":\"https:\/\/vieassociative.be\/actualites\/comment-preparer-votre-animal-pour-les-feux-dartifice-du-nouvel-an\/#primaryimage\",\"url\":\"https:\/\/vieassociative.be\/actualites\/wp-content\/uploads\/2024\/12\/1735482050_Comment-preparer-votre-animal-pour-les-feux-dartifice-du-Nouvel.jpeg\",\"contentUrl\":\"https:\/\/vieassociative.be\/actualites\/wp-content\/uploads\/2024\/12\/1735482050_Comment-preparer-votre-animal-pour-les-feux-dartifice-du-Nouvel.jpeg\",\"width\":1000,\"height\":667,\"caption\":\"Comment pr\u00e9parer votre animal pour les feux d'artifice du Nouvel An\"},{\"@type\":\"BreadcrumbList\",\"@id\":\"https:\/\/vieassociative.be\/actualites\/comment-preparer-votre-animal-pour-les-feux-dartifice-du-nouvel-an\/#breadcrumb\",\"itemListElement\":[{\"@type\":\"ListItem\",\"position\":1,\"name\":\"Accueil\",\"item\":\"https:\/\/vieassociative.be\/actualites\/\"},{\"@type\":\"ListItem\",\"position\":2,\"name\":\"Comment pr\u00e9parer votre animal pour les feux d&rsquo;artifice du Nouvel An\"}]},{\"@type\":\"WebSite\",\"@id\":\"https:\/\/vieassociative.be\/actualites\/#website\",\"url\":\"https:\/\/vieassociative.be\/actualites\/\",\"name\":\"Vie Associative\",\"description\":\"\",\"publisher\":{\"@id\":\"https:\/\/vieassociative.be\/actualites\/#organization\"},\"potentialAction\":[{\"@type\":\"SearchAction\",\"target\":{\"@type\":\"EntryPoint\",\"urlTemplate\":\"https:\/\/vieassociative.be\/actualites\/?s={search_term_string}\"},\"query-input\":{\"@type\":\"PropertyValueSpecification\",\"valueRequired\":true,\"valueName\":\"search_term_string\"}}],\"inLanguage\":\"fr-BE\"},{\"@type\":\"Organization\",\"@id\":\"https:\/\/vieassociative.be\/actualites\/#organization\",\"name\":\"Vie Associative\",\"url\":\"https:\/\/vieassociative.be\/actualites\/\",\"logo\":{\"@type\":\"ImageObject\",\"inLanguage\":\"fr-BE\",\"@id\":\"https:\/\/vieassociative.be\/actualites\/#\/schema\/logo\/image\/\",\"url\":\"https:\/\/vieassociative.be\/actualites\/wp-content\/uploads\/2024\/09\/cropped-vieassociative_favicon.ico.png\",\"contentUrl\":\"https:\/\/vieassociative.be\/actualites\/wp-content\/uploads\/2024\/09\/cropped-vieassociative_favicon.ico.png\",\"width\":512,\"height\":512,\"caption\":\"Vie Associative\"},\"image\":{\"@id\":\"https:\/\/vieassociative.be\/actualites\/#\/schema\/logo\/image\/\"}},{\"@type\":\"Person\",\"@id\":\"https:\/\/vieassociative.be\/actualites\/#\/schema\/person\/b87ac4f82f9d4e7b7cec7395b679edc4\",\"name\":\"Julien\",\"image\":{\"@type\":\"ImageObject\",\"inLanguage\":\"fr-BE\",\"@id\":\"https:\/\/vieassociative.be\/actualites\/#\/schema\/person\/image\/\",\"url\":\"https:\/\/vieassociative.be\/actualites\/wp-content\/uploads\/2024\/09\/vie-associative-1-150x150.jpg\",\"contentUrl\":\"https:\/\/vieassociative.be\/actualites\/wp-content\/uploads\/2024\/09\/vie-associative-1-150x150.jpg\",\"caption\":\"Julien\"},\"description\":\"Je suis Julien, r\u00e9dacteur pour Vie Associative. Passionn\u00e9 par le monde associatif depuis plus de 10 ans, j'ai \u00e0 c\u0153ur de partager des histoires inspirantes et de mettre en lumi\u00e8re les initiatives locales. Mon objectif est de sensibiliser et d'encourager l'engagement communautaire \u00e0 travers mes articles.\",\"sameAs\":[\"https:\/\/vieassociative.be\/\"]}]}<\/script>\n<!-- \/ Yoast SEO plugin. -->","yoast_head_json":{"title":"Comment pr\u00e9parer votre animal pour les feux d'artifice du Nouvel An | Vie Associative","robots":{"index":"index","follow":"follow","max-snippet":"max-snippet:-1","max-image-preview":"max-image-preview:large","max-video-preview":"max-video-preview:-1"},"canonical":"https:\/\/vieassociative.be\/actualites\/comment-preparer-votre-animal-pour-les-feux-dartifice-du-nouvel-an\/","og_locale":"fr_FR","og_type":"article","og_title":"Comment pr\u00e9parer votre animal pour les feux d'artifice du Nouvel An | Vie Associative","og_description":"Ce qui est pour beaucoup une f\u00eate exub\u00e9rante est la pire nuit de l&rsquo;ann\u00e9e pour les animaux : pour eux, le r\u00e9veillon du Nouvel An","og_url":"https:\/\/vieassociative.be\/actualites\/comment-preparer-votre-animal-pour-les-feux-dartifice-du-nouvel-an\/","og_site_name":"Vie Associative","article_published_time":"2024-12-29T14:20:50+00:00","og_image":[{"width":279,"height":92,"url":"https:\/\/vieassociative.be\/actualites\/wp-content\/uploads\/2024\/09\/header_backgroundk-01-e1726694325946.png","type":"image\/png"}],"author":"Julien","twitter_card":"summary_large_image","twitter_misc":{"\u00c9crit par":"Julien","Dur\u00e9e de lecture est.":"3 minutes"},"schema":{"@context":"https:\/\/schema.org","@graph":[{"@type":"Article","@id":"https:\/\/vieassociative.be\/actualites\/comment-preparer-votre-animal-pour-les-feux-dartifice-du-nouvel-an\/#article","isPartOf":{"@id":"https:\/\/vieassociative.be\/actualites\/comment-preparer-votre-animal-pour-les-feux-dartifice-du-nouvel-an\/"},"author":{"name":"Julien","@id":"https:\/\/vieassociative.be\/actualites\/#\/schema\/person\/b87ac4f82f9d4e7b7cec7395b679edc4"},"headline":"Comment pr\u00e9parer votre animal pour les feux d&rsquo;artifice du Nouvel An","datePublished":"2024-12-29T14:20:50+00:00","dateModified":"2024-12-29T14:20:50+00:00","mainEntityOfPage":{"@id":"https:\/\/vieassociative.be\/actualites\/comment-preparer-votre-animal-pour-les-feux-dartifice-du-nouvel-an\/"},"wordCount":561,"publisher":{"@id":"https:\/\/vieassociative.be\/actualites\/#organization"},"image":{"@id":"https:\/\/vieassociative.be\/actualites\/comment-preparer-votre-animal-pour-les-feux-dartifice-du-nouvel-an\/#primaryimage"},"thumbnailUrl":"https:\/\/vieassociative.be\/actualites\/wp-content\/uploads\/2024\/12\/1735482050_Comment-preparer-votre-animal-pour-les-feux-dartifice-du-Nouvel.jpeg","keywords":["animal","Comment","dartifice","feux","Les","nouvel","pour","pr\u00e9parer","votre"],"articleSection":["Belgique"],"inLanguage":"fr-BE"},{"@type":"WebPage","@id":"https:\/\/vieassociative.be\/actualites\/comment-preparer-votre-animal-pour-les-feux-dartifice-du-nouvel-an\/","url":"https:\/\/vieassociative.be\/actualites\/comment-preparer-votre-animal-pour-les-feux-dartifice-du-nouvel-an\/","name":"Comment pr\u00e9parer votre animal pour les feux d'artifice du Nouvel An | Vie Associative","isPartOf":{"@id":"https:\/\/vieassociative.be\/actualites\/#website"},"primaryImageOfPage":{"@id":"https:\/\/vieassociative.be\/actualites\/comment-preparer-votre-animal-pour-les-feux-dartifice-du-nouvel-an\/#primaryimage"},"image":{"@id":"https:\/\/vieassociative.be\/actualites\/comment-preparer-votre-animal-pour-les-feux-dartifice-du-nouvel-an\/#primaryimage"},"thumbnailUrl":"https:\/\/vieassociative.be\/actualites\/wp-content\/uploads\/2024\/12\/1735482050_Comment-preparer-votre-animal-pour-les-feux-dartifice-du-Nouvel.jpeg","datePublished":"2024-12-29T14:20:50+00:00","dateModified":"2024-12-29T14:20:50+00:00","breadcrumb":{"@id":"https:\/\/vieassociative.be\/actualites\/comment-preparer-votre-animal-pour-les-feux-dartifice-du-nouvel-an\/#breadcrumb"},"inLanguage":"fr-BE","potentialAction":[{"@type":"ReadAction","target":["https:\/\/vieassociative.be\/actualites\/comment-preparer-votre-animal-pour-les-feux-dartifice-du-nouvel-an\/"]}]},{"@type":"ImageObject","inLanguage":"fr-BE","@id":"https:\/\/vieassociative.be\/actualites\/comment-preparer-votre-animal-pour-les-feux-dartifice-du-nouvel-an\/#primaryimage","url":"https:\/\/vieassociative.be\/actualites\/wp-content\/uploads\/2024\/12\/1735482050_Comment-preparer-votre-animal-pour-les-feux-dartifice-du-Nouvel.jpeg","contentUrl":"https:\/\/vieassociative.be\/actualites\/wp-content\/uploads\/2024\/12\/1735482050_Comment-preparer-votre-animal-pour-les-feux-dartifice-du-Nouvel.jpeg","width":1000,"height":667,"caption":"Comment pr\u00e9parer votre animal pour les feux d'artifice du Nouvel An"},{"@type":"BreadcrumbList","@id":"https:\/\/vieassociative.be\/actualites\/comment-preparer-votre-animal-pour-les-feux-dartifice-du-nouvel-an\/#breadcrumb","itemListElement":[{"@type":"ListItem","position":1,"name":"Accueil","item":"https:\/\/vieassociative.be\/actualites\/"},{"@type":"ListItem","position":2,"name":"Comment pr\u00e9parer votre animal pour les feux d&rsquo;artifice du Nouvel An"}]},{"@type":"WebSite","@id":"https:\/\/vieassociative.be\/actualites\/#website","url":"https:\/\/vieassociative.be\/actualites\/","name":"Vie Associative","description":"","publisher":{"@id":"https:\/\/vieassociative.be\/actualites\/#organization"},"potentialAction":[{"@type":"SearchAction","target":{"@type":"EntryPoint","urlTemplate":"https:\/\/vieassociative.be\/actualites\/?s={search_term_string}"},"query-input":{"@type":"PropertyValueSpecification","valueRequired":true,"valueName":"search_term_string"}}],"inLanguage":"fr-BE"},{"@type":"Organization","@id":"https:\/\/vieassociative.be\/actualites\/#organization","name":"Vie Associative","url":"https:\/\/vieassociative.be\/actualites\/","logo":{"@type":"ImageObject","inLanguage":"fr-BE","@id":"https:\/\/vieassociative.be\/actualites\/#\/schema\/logo\/image\/","url":"https:\/\/vieassociative.be\/actualites\/wp-content\/uploads\/2024\/09\/cropped-vieassociative_favicon.ico.png","contentUrl":"https:\/\/vieassociative.be\/actualites\/wp-content\/uploads\/2024\/09\/cropped-vieassociative_favicon.ico.png","width":512,"height":512,"caption":"Vie Associative"},"image":{"@id":"https:\/\/vieassociative.be\/actualites\/#\/schema\/logo\/image\/"}},{"@type":"Person","@id":"https:\/\/vieassociative.be\/actualites\/#\/schema\/person\/b87ac4f82f9d4e7b7cec7395b679edc4","name":"Julien","image":{"@type":"ImageObject","inLanguage":"fr-BE","@id":"https:\/\/vieassociative.be\/actualites\/#\/schema\/person\/image\/","url":"https:\/\/vieassociative.be\/actualites\/wp-content\/uploads\/2024\/09\/vie-associative-1-150x150.jpg","contentUrl":"https:\/\/vieassociative.be\/actualites\/wp-content\/uploads\/2024\/09\/vie-associative-1-150x150.jpg","caption":"Julien"},"description":"Je suis Julien, r\u00e9dacteur pour Vie Associative. Passionn\u00e9 par le monde associatif depuis plus de 10 ans, j'ai \u00e0 c\u0153ur de partager des histoires inspirantes et de mettre en lumi\u00e8re les initiatives locales. Mon objectif est de sensibiliser et d'encourager l'engagement communautaire \u00e0 travers mes articles.","sameAs":["https:\/\/vieassociative.be\/"]}]}},"_links":{"self":[{"href":"https:\/\/vieassociative.be\/actualites\/wp-json\/wp\/v2\/posts\/3849"}],"collection":[{"href":"https:\/\/vieassociative.be\/actualites\/wp-json\/wp\/v2\/posts"}],"about":[{"href":"https:\/\/vieassociative.be\/actualites\/wp-json\/wp\/v2\/types\/post"}],"author":[{"embeddable":true,"href":"https:\/\/vieassociative.be\/actualites\/wp-json\/wp\/v2\/users\/1"}],"replies":[{"embeddable":true,"href":"https:\/\/vieassociative.be\/actualites\/wp-json\/wp\/v2\/comments?post=3849"}],"version-history":[{"count":0,"href":"https:\/\/vieassociative.be\/actualites\/wp-json\/wp\/v2\/posts\/3849\/revisions"}],"wp:featuredmedia":[{"embeddable":true,"href":"https:\/\/vieassociative.be\/actualites\/wp-json\/wp\/v2\/media\/3850"}],"wp:attachment":[{"href":"https:\/\/vieassociative.be\/actualites\/wp-json\/wp\/v2\/media?parent=3849"}],"wp:term":[{"taxonomy":"category","embeddable":true,"href":"https:\/\/vieassociative.be\/actualites\/wp-json\/wp\/v2\/categories?post=3849"},{"taxonomy":"post_tag","embeddable":true,"href":"https:\/\/vieassociative.be\/actualites\/wp-json\/wp\/v2\/tags?post=3849"}],"curies":[{"name":"wp","href":"https:\/\/api.w.org\/{rel}","templated":true}]}}