{"id":3842,"date":"2024-12-29T08:17:58","date_gmt":"2024-12-29T07:17:58","guid":{"rendered":"https:\/\/vieassociative.be\/actualites\/cette-recette-de-chocolat-chaud-epice-est-parfaite-pour-un-reveillon-du-nouvel-an-douillet\/"},"modified":"2024-12-29T08:17:58","modified_gmt":"2024-12-29T07:17:58","slug":"cette-recette-de-chocolat-chaud-epice-est-parfaite-pour-un-reveillon-du-nouvel-an-douillet","status":"publish","type":"post","link":"https:\/\/vieassociative.be\/actualites\/cette-recette-de-chocolat-chaud-epice-est-parfaite-pour-un-reveillon-du-nouvel-an-douillet\/","title":{"rendered":"Cette recette de chocolat chaud \u00e9pic\u00e9 est parfaite pour un r\u00e9veillon du Nouvel An douillet"},"content":{"rendered":"<div class=\"mt-4 leading-6 md:mb-8\">Cette boisson sucr\u00e9e m\u00eale l&rsquo;esprit festif de l&rsquo;hiver \u00e0 la paresse de l&rsquo;hibernation.<\/div>\n<p><\/p>\n<p>Nous mettons le cap sur 2025, et peu importe comment cela se passera, je sais comment cela va commencer : \u00e0 froid. Les boissons chaudes sont parfaites pour garder les festivit\u00e9s agr\u00e9ables et exaltantes, alors c\u00e9l\u00e9brons la nouvelle ann\u00e9e avec un chocolat chaud bien arros\u00e9. Ce n&rsquo;est pas une faute de frappe. Mais ne vous inqui\u00e9tez pas, ce n\u2019est pas une recette de cocktail particuli\u00e8rement compliqu\u00e9e. C&rsquo;est du d\u00f8d tante (du chocolat chaud avec une touche d&rsquo;originalit\u00e9) et c&rsquo;est le meilleur cocktail pour une c\u00e9l\u00e9bration chaleureuse du Nouvel An.<\/p>\n<p>Plus t\u00f4t en d\u00e9cembre, j&rsquo;ai fait probablement le voyage le plus de No\u00ebl \u00e0 Copenhague. Le Danemark, comme vous le savez peut-\u00eatre d\u00e9j\u00e0, surpasse syst\u00e9matiquement la plupart des pays du monde en mati\u00e8re de bonheur. Ils sont \u00e9galement connus pour leurs march\u00e9s de No\u00ebl festifs. En tant que fan \u00e0 la fois de bonheur et de choses scintillantes, je voulais voir de quoi il s\u2019agissait. <\/p>\n<p>M\u00eame si je ne peux pas parler des facteurs plus larges du bonheur de leur pays, comme le revenu, l&rsquo;esp\u00e9rance de vie et le soutien communautaire, j&rsquo;ai vu leurs march\u00e9s de vacances. Vous auriez du mal <em>pas<\/em> en rencontrer au moins un par jour. Chaque quartier avait sa sup\u00e9rette, voire une grande, et je dois dire que c&rsquo;\u00e9tait sacr\u00e9ment festif. Des lumi\u00e8res et des guirlandes \u00e0 feuilles persistantes bordaient les minuscules stands \u00e9ph\u00e9m\u00e8res, ils vendaient du brunkager (biscuits croustillants au gingembre), du gl\u00f8gg (voici la recette que j&rsquo;utilise) et une boisson que je n&rsquo;avais jamais vue auparavant : d\u00f8d tante.<\/p>\n<p>Le D\u00f8d tante, qui signifie \u00ab tante morte \u00bb (Internet n&rsquo;a pas aid\u00e9 \u00e0 expliquer l&rsquo;origine du nom), est couramment fabriqu\u00e9 pendant ces mois froids au Danemark, en Allemagne et aux Pays-Bas. Dans d&rsquo;autres r\u00e9gions, vous pourriez l&rsquo;entendre appel\u00e9 lumumba, probablement apr\u00e8s Patrice Lumumba, le premier Premier ministre de la R\u00e9publique d\u00e9mocratique ind\u00e9pendante du Congo assassin\u00e9. <\/p>\n<p>Il est traditionnellement pr\u00e9par\u00e9 avec du rhum, mais pour garder les options de variation d&rsquo;alcool ouvertes, je l&rsquo;ai r\u00e9cemment appel\u00e9 simplement du chocolat chaud enrichi. <\/p>\n<div class=\"eloquent-imagery-image\">\n<div class=\"flex justify-center\">\n                    <img decoding=\"async\" class=\"border border-gray-100\" src=\"https:\/\/vieassociative.be\/actualites\/wp-content\/uploads\/2024\/12\/Cette-recette-de-chocolat-chaud-epice-est-parfaite-pour-un.jpg\" alt=\"Chocolat chaud enrichi de cr\u00e8me fouett\u00e9e sur une table.\" width=\"2000\" height=\"1124\" loading=\"lazy\"  >\n            <\/div>\n<\/p><\/div>\n<h2 id=\"a-lazy-winter-cocktail-is-best\">Un cocktail d&rsquo;hiver paresseux est pr\u00e9f\u00e9rable<\/h2>\n<p>Cette boisson sucr\u00e9e m\u00eale le confort festif de l&rsquo;hiver et la paresse de l&rsquo;hibernation. Franchement, c\u2019est imbattable. Comme je l&rsquo;ai mentionn\u00e9, il vous suffit de m\u00e9langer un verre de rhum dans votre m\u00e9lange de chocolat chaud pr\u00e9f\u00e9r\u00e9, fait maison ou en sachet de poudre. Il est courant que cette boisson soit garnie de cr\u00e8me fouett\u00e9e sur les march\u00e9s de No\u00ebl de Copenhague. M\u00eame si cette \u00e9tape suppl\u00e9mentaire r\u00e9duit le facteur paresseux, la cr\u00e8me fouett\u00e9e n\u2019est jamais une mauvaise id\u00e9e, alors pourquoi s\u2019en priver ? <\/p>\n<p>Comme tous les cocktails, des variantes sont en cours. Si vous n&rsquo;aimez pas le rhum, utilisez du whisky, du brandy, du bourbon ou du scotch. Personnellement, je recommande le rhum noir Goslings Bermuda. L&rsquo;ar\u00f4me de vanille particuli\u00e8rement enivrant de ce rhum s&rsquo;accorde \u00e0 merveille avec le chocolat chaud et la chantilly. En fait, c&rsquo;est tellement compl\u00e9mentaire qu&rsquo;il est difficile de le d\u00e9tecter. Je ne le dis pas souvent, mais s&rsquo;il vous pla\u00eet, mesurez les onces pour que cela ne vous surprenne pas lors de la f\u00eate du Nouvel An. <\/p>\n<p>Encore une fois, vous pouvez ajouter n&rsquo;importe quel chocolat chaud que vous aimez. J&rsquo;ai ajout\u00e9 du rhum \u00e0 ma recette Easy Drinking Chocolate, qui est cr\u00e9meuse, profond\u00e9ment chocolat\u00e9e et ne prend que quelques minutes sur la cuisini\u00e8re.  <\/p>\n<h2 id=\"dod-tante-spiked-drinking-chocolate-recipe\">Recette de chocolat \u00e0 boire enrichi D\u00f8d Tante<\/h2>\n<p>Ingr\u00e9dients:<\/p>\n<ul>\n<li>\n<p>1 tasse de liquide froid (eau, lait ou un m\u00e9lange), divis\u00e9<\/p>\n<\/li>\n<li>\n<p>1 \u00bd cuill\u00e8res \u00e0 caf\u00e9 de f\u00e9cule de ma\u00efs<\/p>\n<\/li>\n<li>\n<p>\u2153 tasse (2 onces) de p\u00e9pites de chocolat de bonne qualit\u00e9 (comme les p\u00e9pites de Guittard \u00e0 46 %)<\/p>\n<\/li>\n<li>\n<p>Pinc\u00e9e de sel<\/p>\n<\/li>\n<li>\n<p>1 cuill\u00e8re \u00e0 soupe de sucre (facultatif, si votre chocolat est tr\u00e8s amer)<\/p>\n<\/li>\n<li>\n<p>1 \u00e0 2 onces de rhum noir Goslings Bermuda<\/p>\n<\/li>\n<\/ul>\n<p>1. R\u00e9partissez le liquide froid. Trois quarts de tasse dans une petite casserole \u00e0 feu moyen-doux et un quart dans un petit bol avec la f\u00e9cule de ma\u00efs. Pendant que la casserole chauffe, remuez la f\u00e9cule de ma\u00efs et le liquide pour la dissoudre compl\u00e8tement.<\/p>\n<p>2. Une fois que le lait commence \u00e0 bouillonner fortement sur les bords, incorporez le m\u00e9lange de f\u00e9cule de ma\u00efs. Remuer continuellement jusqu&rsquo;\u00e0 ce qu&rsquo;il \u00e9paississe, environ 10 \u00e0 20 secondes. \u00c9teignez le feu et ajoutez le sel et les p\u00e9pites de chocolat. Laissez reposer le m\u00e9lange pendant une minute pour ramollir le chocolat. Fouetter jusqu&rsquo;\u00e0 consistance lisse. Go\u00fbtez le chocolat \u00e0 boire. Ajoutez du sucre si vous le souhaitez et incorporez le rhum en fouettant. D\u00e9gustez imm\u00e9diatement.<\/p>\n","protected":false},"excerpt":{"rendered":"<p>Cette boisson sucr\u00e9e m\u00eale l&rsquo;esprit festif de l&rsquo;hiver \u00e0 la paresse de l&rsquo;hibernation. Nous mettons le cap sur 2025, et peu importe comment cela se<\/p>\n","protected":false},"author":1,"featured_media":3843,"comment_status":"","ping_status":"","sticky":false,"template":"","format":"standard","meta":{"footnotes":""},"categories":[39],"tags":[206,1176,4045,4338,4337,76,929,245,81,1704,4319],"class_list":["post-3842","post","type-post","status-publish","format-standard","has-post-thumbnail","hentry","category-gastronomie","tag-cette","tag-chaud","tag-chocolat","tag-douillet","tag-epice","tag-est","tag-nouvel","tag-parfaite","tag-pour","tag-recette","tag-reveillon","generate-columns","tablet-grid-50","mobile-grid-100","grid-parent","grid-33"],"yoast_head":"<!-- This site is optimized with the Yoast SEO plugin v24.0 - https:\/\/yoast.com\/wordpress\/plugins\/seo\/ -->\n<title>Cette recette de chocolat chaud \u00e9pic\u00e9 est parfaite pour un r\u00e9veillon du Nouvel An douillet | Vie Associative<\/title>\n<meta name=\"robots\" content=\"index, follow, max-snippet:-1, max-image-preview:large, max-video-preview:-1\" \/>\n<link rel=\"canonical\" href=\"https:\/\/vieassociative.be\/actualites\/cette-recette-de-chocolat-chaud-epice-est-parfaite-pour-un-reveillon-du-nouvel-an-douillet\/\" \/>\n<meta property=\"og:locale\" content=\"fr_FR\" \/>\n<meta property=\"og:type\" content=\"article\" \/>\n<meta property=\"og:title\" content=\"Cette recette de chocolat chaud \u00e9pic\u00e9 est parfaite pour un r\u00e9veillon du Nouvel An douillet | Vie Associative\" \/>\n<meta property=\"og:description\" content=\"Cette boisson sucr\u00e9e m\u00eale l&rsquo;esprit festif de l&rsquo;hiver \u00e0 la paresse de l&rsquo;hibernation. Nous mettons le cap sur 2025, et peu importe comment cela se\" \/>\n<meta property=\"og:url\" content=\"https:\/\/vieassociative.be\/actualites\/cette-recette-de-chocolat-chaud-epice-est-parfaite-pour-un-reveillon-du-nouvel-an-douillet\/\" \/>\n<meta property=\"og:site_name\" content=\"Vie Associative\" \/>\n<meta property=\"article:published_time\" content=\"2024-12-29T07:17:58+00:00\" \/>\n<meta property=\"og:image\" content=\"https:\/\/vieassociative.be\/actualites\/wp-content\/uploads\/2024\/12\/Cette-recette-de-chocolat-chaud-epice-est-parfaite-pour-un.jpg\" \/>\n<meta name=\"author\" content=\"Julien\" \/>\n<meta name=\"twitter:card\" content=\"summary_large_image\" \/>\n<meta name=\"twitter:label1\" content=\"\u00c9crit par\" \/>\n\t<meta name=\"twitter:data1\" content=\"Julien\" \/>\n\t<meta name=\"twitter:label2\" content=\"Dur\u00e9e de lecture est.\" \/>\n\t<meta name=\"twitter:data2\" content=\"4 minutes\" \/>\n<script type=\"application\/ld+json\" class=\"yoast-schema-graph\">{\"@context\":\"https:\/\/schema.org\",\"@graph\":[{\"@type\":\"Article\",\"@id\":\"https:\/\/vieassociative.be\/actualites\/cette-recette-de-chocolat-chaud-epice-est-parfaite-pour-un-reveillon-du-nouvel-an-douillet\/#article\",\"isPartOf\":{\"@id\":\"https:\/\/vieassociative.be\/actualites\/cette-recette-de-chocolat-chaud-epice-est-parfaite-pour-un-reveillon-du-nouvel-an-douillet\/\"},\"author\":{\"name\":\"Julien\",\"@id\":\"https:\/\/vieassociative.be\/actualites\/#\/schema\/person\/b87ac4f82f9d4e7b7cec7395b679edc4\"},\"headline\":\"Cette recette de chocolat chaud \u00e9pic\u00e9 est parfaite pour un r\u00e9veillon du Nouvel An douillet\",\"datePublished\":\"2024-12-29T07:17:58+00:00\",\"dateModified\":\"2024-12-29T07:17:58+00:00\",\"mainEntityOfPage\":{\"@id\":\"https:\/\/vieassociative.be\/actualites\/cette-recette-de-chocolat-chaud-epice-est-parfaite-pour-un-reveillon-du-nouvel-an-douillet\/\"},\"wordCount\":869,\"publisher\":{\"@id\":\"https:\/\/vieassociative.be\/actualites\/#organization\"},\"image\":{\"@id\":\"https:\/\/vieassociative.be\/actualites\/cette-recette-de-chocolat-chaud-epice-est-parfaite-pour-un-reveillon-du-nouvel-an-douillet\/#primaryimage\"},\"thumbnailUrl\":\"https:\/\/vieassociative.be\/actualites\/wp-content\/uploads\/2024\/12\/1735456678_Cette-recette-de-chocolat-chaud-epice-est-parfaite-pour-un.jpg\",\"keywords\":[\"cette\",\"chaud\",\"chocolat\",\"douillet\",\"\u00e9pic\u00e9\",\"est\",\"nouvel\",\"parfaite\",\"pour\",\"recette\",\"r\u00e9veillon\"],\"articleSection\":[\"Gastronomie\"],\"inLanguage\":\"fr-BE\"},{\"@type\":\"WebPage\",\"@id\":\"https:\/\/vieassociative.be\/actualites\/cette-recette-de-chocolat-chaud-epice-est-parfaite-pour-un-reveillon-du-nouvel-an-douillet\/\",\"url\":\"https:\/\/vieassociative.be\/actualites\/cette-recette-de-chocolat-chaud-epice-est-parfaite-pour-un-reveillon-du-nouvel-an-douillet\/\",\"name\":\"Cette recette de chocolat chaud \u00e9pic\u00e9 est parfaite pour un r\u00e9veillon du Nouvel An douillet | Vie Associative\",\"isPartOf\":{\"@id\":\"https:\/\/vieassociative.be\/actualites\/#website\"},\"primaryImageOfPage\":{\"@id\":\"https:\/\/vieassociative.be\/actualites\/cette-recette-de-chocolat-chaud-epice-est-parfaite-pour-un-reveillon-du-nouvel-an-douillet\/#primaryimage\"},\"image\":{\"@id\":\"https:\/\/vieassociative.be\/actualites\/cette-recette-de-chocolat-chaud-epice-est-parfaite-pour-un-reveillon-du-nouvel-an-douillet\/#primaryimage\"},\"thumbnailUrl\":\"https:\/\/vieassociative.be\/actualites\/wp-content\/uploads\/2024\/12\/1735456678_Cette-recette-de-chocolat-chaud-epice-est-parfaite-pour-un.jpg\",\"datePublished\":\"2024-12-29T07:17:58+00:00\",\"dateModified\":\"2024-12-29T07:17:58+00:00\",\"breadcrumb\":{\"@id\":\"https:\/\/vieassociative.be\/actualites\/cette-recette-de-chocolat-chaud-epice-est-parfaite-pour-un-reveillon-du-nouvel-an-douillet\/#breadcrumb\"},\"inLanguage\":\"fr-BE\",\"potentialAction\":[{\"@type\":\"ReadAction\",\"target\":[\"https:\/\/vieassociative.be\/actualites\/cette-recette-de-chocolat-chaud-epice-est-parfaite-pour-un-reveillon-du-nouvel-an-douillet\/\"]}]},{\"@type\":\"ImageObject\",\"inLanguage\":\"fr-BE\",\"@id\":\"https:\/\/vieassociative.be\/actualites\/cette-recette-de-chocolat-chaud-epice-est-parfaite-pour-un-reveillon-du-nouvel-an-douillet\/#primaryimage\",\"url\":\"https:\/\/vieassociative.be\/actualites\/wp-content\/uploads\/2024\/12\/1735456678_Cette-recette-de-chocolat-chaud-epice-est-parfaite-pour-un.jpg\",\"contentUrl\":\"https:\/\/vieassociative.be\/actualites\/wp-content\/uploads\/2024\/12\/1735456678_Cette-recette-de-chocolat-chaud-epice-est-parfaite-pour-un.jpg\",\"width\":1200,\"height\":675,\"caption\":\"Cette recette de chocolat chaud \u00e9pic\u00e9 est parfaite pour un r\u00e9veillon du Nouvel An douillet\"},{\"@type\":\"BreadcrumbList\",\"@id\":\"https:\/\/vieassociative.be\/actualites\/cette-recette-de-chocolat-chaud-epice-est-parfaite-pour-un-reveillon-du-nouvel-an-douillet\/#breadcrumb\",\"itemListElement\":[{\"@type\":\"ListItem\",\"position\":1,\"name\":\"Accueil\",\"item\":\"https:\/\/vieassociative.be\/actualites\/\"},{\"@type\":\"ListItem\",\"position\":2,\"name\":\"Cette recette de chocolat chaud \u00e9pic\u00e9 est parfaite pour un r\u00e9veillon du Nouvel An douillet\"}]},{\"@type\":\"WebSite\",\"@id\":\"https:\/\/vieassociative.be\/actualites\/#website\",\"url\":\"https:\/\/vieassociative.be\/actualites\/\",\"name\":\"Vie Associative\",\"description\":\"\",\"publisher\":{\"@id\":\"https:\/\/vieassociative.be\/actualites\/#organization\"},\"potentialAction\":[{\"@type\":\"SearchAction\",\"target\":{\"@type\":\"EntryPoint\",\"urlTemplate\":\"https:\/\/vieassociative.be\/actualites\/?s={search_term_string}\"},\"query-input\":{\"@type\":\"PropertyValueSpecification\",\"valueRequired\":true,\"valueName\":\"search_term_string\"}}],\"inLanguage\":\"fr-BE\"},{\"@type\":\"Organization\",\"@id\":\"https:\/\/vieassociative.be\/actualites\/#organization\",\"name\":\"Vie Associative\",\"url\":\"https:\/\/vieassociative.be\/actualites\/\",\"logo\":{\"@type\":\"ImageObject\",\"inLanguage\":\"fr-BE\",\"@id\":\"https:\/\/vieassociative.be\/actualites\/#\/schema\/logo\/image\/\",\"url\":\"https:\/\/vieassociative.be\/actualites\/wp-content\/uploads\/2024\/09\/cropped-vieassociative_favicon.ico.png\",\"contentUrl\":\"https:\/\/vieassociative.be\/actualites\/wp-content\/uploads\/2024\/09\/cropped-vieassociative_favicon.ico.png\",\"width\":512,\"height\":512,\"caption\":\"Vie Associative\"},\"image\":{\"@id\":\"https:\/\/vieassociative.be\/actualites\/#\/schema\/logo\/image\/\"}},{\"@type\":\"Person\",\"@id\":\"https:\/\/vieassociative.be\/actualites\/#\/schema\/person\/b87ac4f82f9d4e7b7cec7395b679edc4\",\"name\":\"Julien\",\"image\":{\"@type\":\"ImageObject\",\"inLanguage\":\"fr-BE\",\"@id\":\"https:\/\/vieassociative.be\/actualites\/#\/schema\/person\/image\/\",\"url\":\"https:\/\/vieassociative.be\/actualites\/wp-content\/uploads\/2024\/09\/vie-associative-1-150x150.jpg\",\"contentUrl\":\"https:\/\/vieassociative.be\/actualites\/wp-content\/uploads\/2024\/09\/vie-associative-1-150x150.jpg\",\"caption\":\"Julien\"},\"description\":\"Je suis Julien, r\u00e9dacteur pour Vie Associative. Passionn\u00e9 par le monde associatif depuis plus de 10 ans, j'ai \u00e0 c\u0153ur de partager des histoires inspirantes et de mettre en lumi\u00e8re les initiatives locales. Mon objectif est de sensibiliser et d'encourager l'engagement communautaire \u00e0 travers mes articles.\",\"sameAs\":[\"https:\/\/vieassociative.be\/\"]}]}<\/script>\n<!-- \/ Yoast SEO plugin. -->","yoast_head_json":{"title":"Cette recette de chocolat chaud \u00e9pic\u00e9 est parfaite pour un r\u00e9veillon du Nouvel An douillet | Vie Associative","robots":{"index":"index","follow":"follow","max-snippet":"max-snippet:-1","max-image-preview":"max-image-preview:large","max-video-preview":"max-video-preview:-1"},"canonical":"https:\/\/vieassociative.be\/actualites\/cette-recette-de-chocolat-chaud-epice-est-parfaite-pour-un-reveillon-du-nouvel-an-douillet\/","og_locale":"fr_FR","og_type":"article","og_title":"Cette recette de chocolat chaud \u00e9pic\u00e9 est parfaite pour un r\u00e9veillon du Nouvel An douillet | Vie Associative","og_description":"Cette boisson sucr\u00e9e m\u00eale l&rsquo;esprit festif de l&rsquo;hiver \u00e0 la paresse de l&rsquo;hibernation. Nous mettons le cap sur 2025, et peu importe comment cela se","og_url":"https:\/\/vieassociative.be\/actualites\/cette-recette-de-chocolat-chaud-epice-est-parfaite-pour-un-reveillon-du-nouvel-an-douillet\/","og_site_name":"Vie Associative","article_published_time":"2024-12-29T07:17:58+00:00","og_image":[{"url":"https:\/\/vieassociative.be\/actualites\/wp-content\/uploads\/2024\/12\/Cette-recette-de-chocolat-chaud-epice-est-parfaite-pour-un.jpg","type":"","width":"","height":""}],"author":"Julien","twitter_card":"summary_large_image","twitter_misc":{"\u00c9crit par":"Julien","Dur\u00e9e de lecture est.":"4 minutes"},"schema":{"@context":"https:\/\/schema.org","@graph":[{"@type":"Article","@id":"https:\/\/vieassociative.be\/actualites\/cette-recette-de-chocolat-chaud-epice-est-parfaite-pour-un-reveillon-du-nouvel-an-douillet\/#article","isPartOf":{"@id":"https:\/\/vieassociative.be\/actualites\/cette-recette-de-chocolat-chaud-epice-est-parfaite-pour-un-reveillon-du-nouvel-an-douillet\/"},"author":{"name":"Julien","@id":"https:\/\/vieassociative.be\/actualites\/#\/schema\/person\/b87ac4f82f9d4e7b7cec7395b679edc4"},"headline":"Cette recette de chocolat chaud \u00e9pic\u00e9 est parfaite pour un r\u00e9veillon du Nouvel An douillet","datePublished":"2024-12-29T07:17:58+00:00","dateModified":"2024-12-29T07:17:58+00:00","mainEntityOfPage":{"@id":"https:\/\/vieassociative.be\/actualites\/cette-recette-de-chocolat-chaud-epice-est-parfaite-pour-un-reveillon-du-nouvel-an-douillet\/"},"wordCount":869,"publisher":{"@id":"https:\/\/vieassociative.be\/actualites\/#organization"},"image":{"@id":"https:\/\/vieassociative.be\/actualites\/cette-recette-de-chocolat-chaud-epice-est-parfaite-pour-un-reveillon-du-nouvel-an-douillet\/#primaryimage"},"thumbnailUrl":"https:\/\/vieassociative.be\/actualites\/wp-content\/uploads\/2024\/12\/1735456678_Cette-recette-de-chocolat-chaud-epice-est-parfaite-pour-un.jpg","keywords":["cette","chaud","chocolat","douillet","\u00e9pic\u00e9","est","nouvel","parfaite","pour","recette","r\u00e9veillon"],"articleSection":["Gastronomie"],"inLanguage":"fr-BE"},{"@type":"WebPage","@id":"https:\/\/vieassociative.be\/actualites\/cette-recette-de-chocolat-chaud-epice-est-parfaite-pour-un-reveillon-du-nouvel-an-douillet\/","url":"https:\/\/vieassociative.be\/actualites\/cette-recette-de-chocolat-chaud-epice-est-parfaite-pour-un-reveillon-du-nouvel-an-douillet\/","name":"Cette recette de chocolat chaud \u00e9pic\u00e9 est parfaite pour un r\u00e9veillon du Nouvel An douillet | Vie Associative","isPartOf":{"@id":"https:\/\/vieassociative.be\/actualites\/#website"},"primaryImageOfPage":{"@id":"https:\/\/vieassociative.be\/actualites\/cette-recette-de-chocolat-chaud-epice-est-parfaite-pour-un-reveillon-du-nouvel-an-douillet\/#primaryimage"},"image":{"@id":"https:\/\/vieassociative.be\/actualites\/cette-recette-de-chocolat-chaud-epice-est-parfaite-pour-un-reveillon-du-nouvel-an-douillet\/#primaryimage"},"thumbnailUrl":"https:\/\/vieassociative.be\/actualites\/wp-content\/uploads\/2024\/12\/1735456678_Cette-recette-de-chocolat-chaud-epice-est-parfaite-pour-un.jpg","datePublished":"2024-12-29T07:17:58+00:00","dateModified":"2024-12-29T07:17:58+00:00","breadcrumb":{"@id":"https:\/\/vieassociative.be\/actualites\/cette-recette-de-chocolat-chaud-epice-est-parfaite-pour-un-reveillon-du-nouvel-an-douillet\/#breadcrumb"},"inLanguage":"fr-BE","potentialAction":[{"@type":"ReadAction","target":["https:\/\/vieassociative.be\/actualites\/cette-recette-de-chocolat-chaud-epice-est-parfaite-pour-un-reveillon-du-nouvel-an-douillet\/"]}]},{"@type":"ImageObject","inLanguage":"fr-BE","@id":"https:\/\/vieassociative.be\/actualites\/cette-recette-de-chocolat-chaud-epice-est-parfaite-pour-un-reveillon-du-nouvel-an-douillet\/#primaryimage","url":"https:\/\/vieassociative.be\/actualites\/wp-content\/uploads\/2024\/12\/1735456678_Cette-recette-de-chocolat-chaud-epice-est-parfaite-pour-un.jpg","contentUrl":"https:\/\/vieassociative.be\/actualites\/wp-content\/uploads\/2024\/12\/1735456678_Cette-recette-de-chocolat-chaud-epice-est-parfaite-pour-un.jpg","width":1200,"height":675,"caption":"Cette recette de chocolat chaud \u00e9pic\u00e9 est parfaite pour un r\u00e9veillon du Nouvel An douillet"},{"@type":"BreadcrumbList","@id":"https:\/\/vieassociative.be\/actualites\/cette-recette-de-chocolat-chaud-epice-est-parfaite-pour-un-reveillon-du-nouvel-an-douillet\/#breadcrumb","itemListElement":[{"@type":"ListItem","position":1,"name":"Accueil","item":"https:\/\/vieassociative.be\/actualites\/"},{"@type":"ListItem","position":2,"name":"Cette recette de chocolat chaud \u00e9pic\u00e9 est parfaite pour un r\u00e9veillon du Nouvel An douillet"}]},{"@type":"WebSite","@id":"https:\/\/vieassociative.be\/actualites\/#website","url":"https:\/\/vieassociative.be\/actualites\/","name":"Vie Associative","description":"","publisher":{"@id":"https:\/\/vieassociative.be\/actualites\/#organization"},"potentialAction":[{"@type":"SearchAction","target":{"@type":"EntryPoint","urlTemplate":"https:\/\/vieassociative.be\/actualites\/?s={search_term_string}"},"query-input":{"@type":"PropertyValueSpecification","valueRequired":true,"valueName":"search_term_string"}}],"inLanguage":"fr-BE"},{"@type":"Organization","@id":"https:\/\/vieassociative.be\/actualites\/#organization","name":"Vie Associative","url":"https:\/\/vieassociative.be\/actualites\/","logo":{"@type":"ImageObject","inLanguage":"fr-BE","@id":"https:\/\/vieassociative.be\/actualites\/#\/schema\/logo\/image\/","url":"https:\/\/vieassociative.be\/actualites\/wp-content\/uploads\/2024\/09\/cropped-vieassociative_favicon.ico.png","contentUrl":"https:\/\/vieassociative.be\/actualites\/wp-content\/uploads\/2024\/09\/cropped-vieassociative_favicon.ico.png","width":512,"height":512,"caption":"Vie Associative"},"image":{"@id":"https:\/\/vieassociative.be\/actualites\/#\/schema\/logo\/image\/"}},{"@type":"Person","@id":"https:\/\/vieassociative.be\/actualites\/#\/schema\/person\/b87ac4f82f9d4e7b7cec7395b679edc4","name":"Julien","image":{"@type":"ImageObject","inLanguage":"fr-BE","@id":"https:\/\/vieassociative.be\/actualites\/#\/schema\/person\/image\/","url":"https:\/\/vieassociative.be\/actualites\/wp-content\/uploads\/2024\/09\/vie-associative-1-150x150.jpg","contentUrl":"https:\/\/vieassociative.be\/actualites\/wp-content\/uploads\/2024\/09\/vie-associative-1-150x150.jpg","caption":"Julien"},"description":"Je suis Julien, r\u00e9dacteur pour Vie Associative. Passionn\u00e9 par le monde associatif depuis plus de 10 ans, j'ai \u00e0 c\u0153ur de partager des histoires inspirantes et de mettre en lumi\u00e8re les initiatives locales. Mon objectif est de sensibiliser et d'encourager l'engagement communautaire \u00e0 travers mes articles.","sameAs":["https:\/\/vieassociative.be\/"]}]}},"_links":{"self":[{"href":"https:\/\/vieassociative.be\/actualites\/wp-json\/wp\/v2\/posts\/3842"}],"collection":[{"href":"https:\/\/vieassociative.be\/actualites\/wp-json\/wp\/v2\/posts"}],"about":[{"href":"https:\/\/vieassociative.be\/actualites\/wp-json\/wp\/v2\/types\/post"}],"author":[{"embeddable":true,"href":"https:\/\/vieassociative.be\/actualites\/wp-json\/wp\/v2\/users\/1"}],"replies":[{"embeddable":true,"href":"https:\/\/vieassociative.be\/actualites\/wp-json\/wp\/v2\/comments?post=3842"}],"version-history":[{"count":0,"href":"https:\/\/vieassociative.be\/actualites\/wp-json\/wp\/v2\/posts\/3842\/revisions"}],"wp:featuredmedia":[{"embeddable":true,"href":"https:\/\/vieassociative.be\/actualites\/wp-json\/wp\/v2\/media\/3843"}],"wp:attachment":[{"href":"https:\/\/vieassociative.be\/actualites\/wp-json\/wp\/v2\/media?parent=3842"}],"wp:term":[{"taxonomy":"category","embeddable":true,"href":"https:\/\/vieassociative.be\/actualites\/wp-json\/wp\/v2\/categories?post=3842"},{"taxonomy":"post_tag","embeddable":true,"href":"https:\/\/vieassociative.be\/actualites\/wp-json\/wp\/v2\/tags?post=3842"}],"curies":[{"name":"wp","href":"https:\/\/api.w.org\/{rel}","templated":true}]}}