{"id":3836,"date":"2024-12-29T02:17:23","date_gmt":"2024-12-29T01:17:23","guid":{"rendered":"https:\/\/vieassociative.be\/actualites\/certains-utilisateurs-de-windows-11-ne-peuvent-plus-installer-les-mises-a-jour-de-securite-mais-il-existe-un-correctif\/"},"modified":"2024-12-29T02:17:23","modified_gmt":"2024-12-29T01:17:23","slug":"certains-utilisateurs-de-windows-11-ne-peuvent-plus-installer-les-mises-a-jour-de-securite-mais-il-existe-un-correctif","status":"publish","type":"post","link":"https:\/\/vieassociative.be\/actualites\/certains-utilisateurs-de-windows-11-ne-peuvent-plus-installer-les-mises-a-jour-de-securite-mais-il-existe-un-correctif\/","title":{"rendered":"Certains utilisateurs de Windows 11 ne peuvent plus installer les mises \u00e0 jour de s\u00e9curit\u00e9 (mais il existe un correctif)"},"content":{"rendered":"<div class=\"mt-4 leading-6 md:mb-8\">Certaines copies de Windows 11 install\u00e9es sur un support physique ne peuvent plus accepter les mises \u00e0 jour de s\u00e9curit\u00e9.<\/div>\n<p><\/p>\n<p>Si vous avez r\u00e9cemment construit un ordinateur, f\u00e9licitations\u00a0! Vous devriez \u00eatre fier. Il n&rsquo;y a rien de tel que d&rsquo;allumer un nouvel ordinateur, de le voir fonctionner correctement et de pousser un soupir de soulagement en sachant que vous avez termin\u00e9 et que vous n&rsquo;aurez pas \u00e0 passer des heures \u00e0 d\u00e9terminer pourquoi il ne fonctionne pas. Eh bien, d\u00e9sol\u00e9 d&rsquo;\u00e9clater votre bulle, mais si vous installez Windows sur votre PC en octobre ou novembre, vous n&rsquo;avez peut-\u00eatre pas encore tout \u00e0 fait termin\u00e9.<\/p>\n<p>Selon une mise \u00e0 jour de la page des probl\u00e8mes connus de Microsoft, les copies de Windows install\u00e9es via USB ou CD \u00e0 l&rsquo;aide des mises \u00e0 jour d&rsquo;octobre 2024 et de novembre 2024 sont affect\u00e9es par un bug qui les emp\u00eachera d&rsquo;accepter de futures mises \u00e0 jour de s\u00e9curit\u00e9. Ces mises \u00e0 jour sont essentielles pour prot\u00e9ger votre ordinateur contre les virus et les exploits, mais heureusement, il existe un correctif. C&rsquo;est juste un peu compliqu\u00e9.<\/p>\n<p>Essentiellement, vous devrez r\u00e9installer Windows \u00e0 l\u2019aide du nouveau support d\u2019installation fourni avec la mise \u00e0 jour de d\u00e9cembre 2024 incluse. Acc\u00e9dez simplement \u00e0 la page de t\u00e9l\u00e9chargement de Windows 11 de Microsoft, faites d\u00e9filer jusqu&rsquo;\u00e0 <strong>Cr\u00e9er un support d&rsquo;installation de Windows 11<\/strong>ouvrez mediacreationtool.exe et suivez les instructions de l&rsquo;application. C&rsquo;est simple, bien que laborieux.<\/p>\n<p>Heureusement, la soci\u00e9t\u00e9 affirme travailler sur une solution. Nous esp\u00e9rons donc qu&rsquo;une meilleure solution, n&rsquo;impliquant pas la r\u00e9installation de votre syst\u00e8me d&rsquo;exploitation, est en route. N\u00e9anmoins, lorsqu&rsquo;il s&rsquo;agit de probl\u00e8mes li\u00e9s aux mises \u00e0 jour de s\u00e9curit\u00e9, il est pr\u00e9f\u00e9rable de mettre en \u0153uvre les correctifs d\u00e8s que possible.<\/p>\n<p>Du c\u00f4t\u00e9 positif, si vous avez t\u00e9l\u00e9charg\u00e9 les mises \u00e0 jour de Windows 11 d&rsquo;octobre ou de novembre via Windows Update ou le site Web du catalogue Microsoft Update, vous ne devriez pas avoir besoin de prendre d&rsquo;autres mesures. Le probl\u00e8me ne concerne que les personnes qui ont install\u00e9 les mises \u00e0 jour d&rsquo;octobre ou de novembre \u00e0 l&rsquo;aide d&rsquo;un support physique (ce qui est courant parmi les professionnels de l&rsquo;informatique et certains constructeurs de PC).<\/p>\n<p>Le probl\u00e8me rejoint une liste connue de probl\u00e8mes avec la mise \u00e0 jour Windows 11 24H2, notamment des probl\u00e8mes avec des p\u00e9riph\u00e9riques audio sp\u00e9cifiques, Outlook et m\u00eame certains jeux vid\u00e9o Ubisoft.<\/p>\n","protected":false},"excerpt":{"rendered":"<p>Certaines copies de Windows 11 install\u00e9es sur un support physique ne peuvent plus accepter les mises \u00e0 jour de s\u00e9curit\u00e9. Si vous avez r\u00e9cemment construit<\/p>\n","protected":false},"author":1,"featured_media":3837,"comment_status":"","ping_status":"","sticky":false,"template":"","format":"standard","meta":{"footnotes":""},"categories":[13],"tags":[820,894,965,4336,53,14,156,588,293,151,4335,171],"class_list":["post-3836","post","type-post","status-publish","format-standard","has-post-thumbnail","hentry","category-technologie","tag-certains","tag-correctif","tag-existe","tag-installer","tag-jour","tag-les","tag-mais","tag-mises","tag-peuvent","tag-securite","tag-utilisateurs","tag-windows","generate-columns","tablet-grid-50","mobile-grid-100","grid-parent","grid-33"],"yoast_head":"<!-- This site is optimized with the Yoast SEO plugin v24.0 - https:\/\/yoast.com\/wordpress\/plugins\/seo\/ -->\n<title>Certains utilisateurs de Windows 11 ne peuvent plus installer les mises \u00e0 jour de s\u00e9curit\u00e9 (mais il existe un correctif) | Vie Associative<\/title>\n<meta name=\"robots\" content=\"index, follow, max-snippet:-1, max-image-preview:large, max-video-preview:-1\" \/>\n<link rel=\"canonical\" href=\"https:\/\/vieassociative.be\/actualites\/certains-utilisateurs-de-windows-11-ne-peuvent-plus-installer-les-mises-a-jour-de-securite-mais-il-existe-un-correctif\/\" \/>\n<meta property=\"og:locale\" content=\"fr_FR\" \/>\n<meta property=\"og:type\" content=\"article\" \/>\n<meta property=\"og:title\" content=\"Certains utilisateurs de Windows 11 ne peuvent plus installer les mises \u00e0 jour de s\u00e9curit\u00e9 (mais il existe un correctif) | Vie Associative\" \/>\n<meta property=\"og:description\" content=\"Certaines copies de Windows 11 install\u00e9es sur un support physique ne peuvent plus accepter les mises \u00e0 jour de s\u00e9curit\u00e9. Si vous avez r\u00e9cemment construit\" \/>\n<meta property=\"og:url\" content=\"https:\/\/vieassociative.be\/actualites\/certains-utilisateurs-de-windows-11-ne-peuvent-plus-installer-les-mises-a-jour-de-securite-mais-il-existe-un-correctif\/\" \/>\n<meta property=\"og:site_name\" content=\"Vie Associative\" \/>\n<meta property=\"article:published_time\" content=\"2024-12-29T01:17:23+00:00\" \/>\n<meta property=\"og:image\" content=\"https:\/\/vieassociative.be\/actualites\/wp-content\/uploads\/2024\/09\/header_backgroundk-01-e1726694325946.png\" \/>\n\t<meta property=\"og:image:width\" content=\"279\" \/>\n\t<meta property=\"og:image:height\" content=\"92\" \/>\n\t<meta property=\"og:image:type\" content=\"image\/png\" \/>\n<meta name=\"author\" content=\"Julien\" \/>\n<meta name=\"twitter:card\" content=\"summary_large_image\" \/>\n<meta name=\"twitter:label1\" content=\"\u00c9crit par\" \/>\n\t<meta name=\"twitter:data1\" content=\"Julien\" \/>\n\t<meta name=\"twitter:label2\" content=\"Dur\u00e9e de lecture est.\" \/>\n\t<meta name=\"twitter:data2\" content=\"2 minutes\" \/>\n<script type=\"application\/ld+json\" class=\"yoast-schema-graph\">{\"@context\":\"https:\/\/schema.org\",\"@graph\":[{\"@type\":\"Article\",\"@id\":\"https:\/\/vieassociative.be\/actualites\/certains-utilisateurs-de-windows-11-ne-peuvent-plus-installer-les-mises-a-jour-de-securite-mais-il-existe-un-correctif\/#article\",\"isPartOf\":{\"@id\":\"https:\/\/vieassociative.be\/actualites\/certains-utilisateurs-de-windows-11-ne-peuvent-plus-installer-les-mises-a-jour-de-securite-mais-il-existe-un-correctif\/\"},\"author\":{\"name\":\"Julien\",\"@id\":\"https:\/\/vieassociative.be\/actualites\/#\/schema\/person\/b87ac4f82f9d4e7b7cec7395b679edc4\"},\"headline\":\"Certains utilisateurs de Windows 11 ne peuvent plus installer les mises \u00e0 jour de s\u00e9curit\u00e9 (mais il existe un correctif)\",\"datePublished\":\"2024-12-29T01:17:23+00:00\",\"dateModified\":\"2024-12-29T01:17:23+00:00\",\"mainEntityOfPage\":{\"@id\":\"https:\/\/vieassociative.be\/actualites\/certains-utilisateurs-de-windows-11-ne-peuvent-plus-installer-les-mises-a-jour-de-securite-mais-il-existe-un-correctif\/\"},\"wordCount\":456,\"publisher\":{\"@id\":\"https:\/\/vieassociative.be\/actualites\/#organization\"},\"image\":{\"@id\":\"https:\/\/vieassociative.be\/actualites\/certains-utilisateurs-de-windows-11-ne-peuvent-plus-installer-les-mises-a-jour-de-securite-mais-il-existe-un-correctif\/#primaryimage\"},\"thumbnailUrl\":\"https:\/\/vieassociative.be\/actualites\/wp-content\/uploads\/2024\/12\/Certains-utilisateurs-de-Windows-11-ne-peuvent-plus-installer-les.png\",\"keywords\":[\"certains\",\"correctif\",\"existe\",\"installer\",\"jour\",\"Les\",\"mais\",\"mises\",\"peuvent\",\"s\u00e9curit\u00e9\",\"utilisateurs\",\"Windows\"],\"articleSection\":[\"Technologie\"],\"inLanguage\":\"fr-BE\"},{\"@type\":\"WebPage\",\"@id\":\"https:\/\/vieassociative.be\/actualites\/certains-utilisateurs-de-windows-11-ne-peuvent-plus-installer-les-mises-a-jour-de-securite-mais-il-existe-un-correctif\/\",\"url\":\"https:\/\/vieassociative.be\/actualites\/certains-utilisateurs-de-windows-11-ne-peuvent-plus-installer-les-mises-a-jour-de-securite-mais-il-existe-un-correctif\/\",\"name\":\"Certains utilisateurs de Windows 11 ne peuvent plus installer les mises \u00e0 jour de s\u00e9curit\u00e9 (mais il existe un correctif) | Vie Associative\",\"isPartOf\":{\"@id\":\"https:\/\/vieassociative.be\/actualites\/#website\"},\"primaryImageOfPage\":{\"@id\":\"https:\/\/vieassociative.be\/actualites\/certains-utilisateurs-de-windows-11-ne-peuvent-plus-installer-les-mises-a-jour-de-securite-mais-il-existe-un-correctif\/#primaryimage\"},\"image\":{\"@id\":\"https:\/\/vieassociative.be\/actualites\/certains-utilisateurs-de-windows-11-ne-peuvent-plus-installer-les-mises-a-jour-de-securite-mais-il-existe-un-correctif\/#primaryimage\"},\"thumbnailUrl\":\"https:\/\/vieassociative.be\/actualites\/wp-content\/uploads\/2024\/12\/Certains-utilisateurs-de-Windows-11-ne-peuvent-plus-installer-les.png\",\"datePublished\":\"2024-12-29T01:17:23+00:00\",\"dateModified\":\"2024-12-29T01:17:23+00:00\",\"breadcrumb\":{\"@id\":\"https:\/\/vieassociative.be\/actualites\/certains-utilisateurs-de-windows-11-ne-peuvent-plus-installer-les-mises-a-jour-de-securite-mais-il-existe-un-correctif\/#breadcrumb\"},\"inLanguage\":\"fr-BE\",\"potentialAction\":[{\"@type\":\"ReadAction\",\"target\":[\"https:\/\/vieassociative.be\/actualites\/certains-utilisateurs-de-windows-11-ne-peuvent-plus-installer-les-mises-a-jour-de-securite-mais-il-existe-un-correctif\/\"]}]},{\"@type\":\"ImageObject\",\"inLanguage\":\"fr-BE\",\"@id\":\"https:\/\/vieassociative.be\/actualites\/certains-utilisateurs-de-windows-11-ne-peuvent-plus-installer-les-mises-a-jour-de-securite-mais-il-existe-un-correctif\/#primaryimage\",\"url\":\"https:\/\/vieassociative.be\/actualites\/wp-content\/uploads\/2024\/12\/Certains-utilisateurs-de-Windows-11-ne-peuvent-plus-installer-les.png\",\"contentUrl\":\"https:\/\/vieassociative.be\/actualites\/wp-content\/uploads\/2024\/12\/Certains-utilisateurs-de-Windows-11-ne-peuvent-plus-installer-les.png\",\"width\":1200,\"height\":675,\"caption\":\"Certains utilisateurs de Windows 11 ne peuvent plus installer les mises \u00e0 jour de s\u00e9curit\u00e9 (mais il existe un correctif)\"},{\"@type\":\"BreadcrumbList\",\"@id\":\"https:\/\/vieassociative.be\/actualites\/certains-utilisateurs-de-windows-11-ne-peuvent-plus-installer-les-mises-a-jour-de-securite-mais-il-existe-un-correctif\/#breadcrumb\",\"itemListElement\":[{\"@type\":\"ListItem\",\"position\":1,\"name\":\"Accueil\",\"item\":\"https:\/\/vieassociative.be\/actualites\/\"},{\"@type\":\"ListItem\",\"position\":2,\"name\":\"Certains utilisateurs de Windows 11 ne peuvent plus installer les mises \u00e0 jour de s\u00e9curit\u00e9 (mais il existe un correctif)\"}]},{\"@type\":\"WebSite\",\"@id\":\"https:\/\/vieassociative.be\/actualites\/#website\",\"url\":\"https:\/\/vieassociative.be\/actualites\/\",\"name\":\"Vie Associative\",\"description\":\"\",\"publisher\":{\"@id\":\"https:\/\/vieassociative.be\/actualites\/#organization\"},\"potentialAction\":[{\"@type\":\"SearchAction\",\"target\":{\"@type\":\"EntryPoint\",\"urlTemplate\":\"https:\/\/vieassociative.be\/actualites\/?s={search_term_string}\"},\"query-input\":{\"@type\":\"PropertyValueSpecification\",\"valueRequired\":true,\"valueName\":\"search_term_string\"}}],\"inLanguage\":\"fr-BE\"},{\"@type\":\"Organization\",\"@id\":\"https:\/\/vieassociative.be\/actualites\/#organization\",\"name\":\"Vie Associative\",\"url\":\"https:\/\/vieassociative.be\/actualites\/\",\"logo\":{\"@type\":\"ImageObject\",\"inLanguage\":\"fr-BE\",\"@id\":\"https:\/\/vieassociative.be\/actualites\/#\/schema\/logo\/image\/\",\"url\":\"https:\/\/vieassociative.be\/actualites\/wp-content\/uploads\/2024\/09\/cropped-vieassociative_favicon.ico.png\",\"contentUrl\":\"https:\/\/vieassociative.be\/actualites\/wp-content\/uploads\/2024\/09\/cropped-vieassociative_favicon.ico.png\",\"width\":512,\"height\":512,\"caption\":\"Vie Associative\"},\"image\":{\"@id\":\"https:\/\/vieassociative.be\/actualites\/#\/schema\/logo\/image\/\"}},{\"@type\":\"Person\",\"@id\":\"https:\/\/vieassociative.be\/actualites\/#\/schema\/person\/b87ac4f82f9d4e7b7cec7395b679edc4\",\"name\":\"Julien\",\"image\":{\"@type\":\"ImageObject\",\"inLanguage\":\"fr-BE\",\"@id\":\"https:\/\/vieassociative.be\/actualites\/#\/schema\/person\/image\/\",\"url\":\"https:\/\/vieassociative.be\/actualites\/wp-content\/uploads\/2024\/09\/vie-associative-1-150x150.jpg\",\"contentUrl\":\"https:\/\/vieassociative.be\/actualites\/wp-content\/uploads\/2024\/09\/vie-associative-1-150x150.jpg\",\"caption\":\"Julien\"},\"description\":\"Je suis Julien, r\u00e9dacteur pour Vie Associative. Passionn\u00e9 par le monde associatif depuis plus de 10 ans, j'ai \u00e0 c\u0153ur de partager des histoires inspirantes et de mettre en lumi\u00e8re les initiatives locales. Mon objectif est de sensibiliser et d'encourager l'engagement communautaire \u00e0 travers mes articles.\",\"sameAs\":[\"https:\/\/vieassociative.be\/\"]}]}<\/script>\n<!-- \/ Yoast SEO plugin. -->","yoast_head_json":{"title":"Certains utilisateurs de Windows 11 ne peuvent plus installer les mises \u00e0 jour de s\u00e9curit\u00e9 (mais il existe un correctif) | Vie Associative","robots":{"index":"index","follow":"follow","max-snippet":"max-snippet:-1","max-image-preview":"max-image-preview:large","max-video-preview":"max-video-preview:-1"},"canonical":"https:\/\/vieassociative.be\/actualites\/certains-utilisateurs-de-windows-11-ne-peuvent-plus-installer-les-mises-a-jour-de-securite-mais-il-existe-un-correctif\/","og_locale":"fr_FR","og_type":"article","og_title":"Certains utilisateurs de Windows 11 ne peuvent plus installer les mises \u00e0 jour de s\u00e9curit\u00e9 (mais il existe un correctif) | Vie Associative","og_description":"Certaines copies de Windows 11 install\u00e9es sur un support physique ne peuvent plus accepter les mises \u00e0 jour de s\u00e9curit\u00e9. Si vous avez r\u00e9cemment construit","og_url":"https:\/\/vieassociative.be\/actualites\/certains-utilisateurs-de-windows-11-ne-peuvent-plus-installer-les-mises-a-jour-de-securite-mais-il-existe-un-correctif\/","og_site_name":"Vie Associative","article_published_time":"2024-12-29T01:17:23+00:00","og_image":[{"width":279,"height":92,"url":"https:\/\/vieassociative.be\/actualites\/wp-content\/uploads\/2024\/09\/header_backgroundk-01-e1726694325946.png","type":"image\/png"}],"author":"Julien","twitter_card":"summary_large_image","twitter_misc":{"\u00c9crit par":"Julien","Dur\u00e9e de lecture est.":"2 minutes"},"schema":{"@context":"https:\/\/schema.org","@graph":[{"@type":"Article","@id":"https:\/\/vieassociative.be\/actualites\/certains-utilisateurs-de-windows-11-ne-peuvent-plus-installer-les-mises-a-jour-de-securite-mais-il-existe-un-correctif\/#article","isPartOf":{"@id":"https:\/\/vieassociative.be\/actualites\/certains-utilisateurs-de-windows-11-ne-peuvent-plus-installer-les-mises-a-jour-de-securite-mais-il-existe-un-correctif\/"},"author":{"name":"Julien","@id":"https:\/\/vieassociative.be\/actualites\/#\/schema\/person\/b87ac4f82f9d4e7b7cec7395b679edc4"},"headline":"Certains utilisateurs de Windows 11 ne peuvent plus installer les mises \u00e0 jour de s\u00e9curit\u00e9 (mais il existe un correctif)","datePublished":"2024-12-29T01:17:23+00:00","dateModified":"2024-12-29T01:17:23+00:00","mainEntityOfPage":{"@id":"https:\/\/vieassociative.be\/actualites\/certains-utilisateurs-de-windows-11-ne-peuvent-plus-installer-les-mises-a-jour-de-securite-mais-il-existe-un-correctif\/"},"wordCount":456,"publisher":{"@id":"https:\/\/vieassociative.be\/actualites\/#organization"},"image":{"@id":"https:\/\/vieassociative.be\/actualites\/certains-utilisateurs-de-windows-11-ne-peuvent-plus-installer-les-mises-a-jour-de-securite-mais-il-existe-un-correctif\/#primaryimage"},"thumbnailUrl":"https:\/\/vieassociative.be\/actualites\/wp-content\/uploads\/2024\/12\/Certains-utilisateurs-de-Windows-11-ne-peuvent-plus-installer-les.png","keywords":["certains","correctif","existe","installer","jour","Les","mais","mises","peuvent","s\u00e9curit\u00e9","utilisateurs","Windows"],"articleSection":["Technologie"],"inLanguage":"fr-BE"},{"@type":"WebPage","@id":"https:\/\/vieassociative.be\/actualites\/certains-utilisateurs-de-windows-11-ne-peuvent-plus-installer-les-mises-a-jour-de-securite-mais-il-existe-un-correctif\/","url":"https:\/\/vieassociative.be\/actualites\/certains-utilisateurs-de-windows-11-ne-peuvent-plus-installer-les-mises-a-jour-de-securite-mais-il-existe-un-correctif\/","name":"Certains utilisateurs de Windows 11 ne peuvent plus installer les mises \u00e0 jour de s\u00e9curit\u00e9 (mais il existe un correctif) | Vie Associative","isPartOf":{"@id":"https:\/\/vieassociative.be\/actualites\/#website"},"primaryImageOfPage":{"@id":"https:\/\/vieassociative.be\/actualites\/certains-utilisateurs-de-windows-11-ne-peuvent-plus-installer-les-mises-a-jour-de-securite-mais-il-existe-un-correctif\/#primaryimage"},"image":{"@id":"https:\/\/vieassociative.be\/actualites\/certains-utilisateurs-de-windows-11-ne-peuvent-plus-installer-les-mises-a-jour-de-securite-mais-il-existe-un-correctif\/#primaryimage"},"thumbnailUrl":"https:\/\/vieassociative.be\/actualites\/wp-content\/uploads\/2024\/12\/Certains-utilisateurs-de-Windows-11-ne-peuvent-plus-installer-les.png","datePublished":"2024-12-29T01:17:23+00:00","dateModified":"2024-12-29T01:17:23+00:00","breadcrumb":{"@id":"https:\/\/vieassociative.be\/actualites\/certains-utilisateurs-de-windows-11-ne-peuvent-plus-installer-les-mises-a-jour-de-securite-mais-il-existe-un-correctif\/#breadcrumb"},"inLanguage":"fr-BE","potentialAction":[{"@type":"ReadAction","target":["https:\/\/vieassociative.be\/actualites\/certains-utilisateurs-de-windows-11-ne-peuvent-plus-installer-les-mises-a-jour-de-securite-mais-il-existe-un-correctif\/"]}]},{"@type":"ImageObject","inLanguage":"fr-BE","@id":"https:\/\/vieassociative.be\/actualites\/certains-utilisateurs-de-windows-11-ne-peuvent-plus-installer-les-mises-a-jour-de-securite-mais-il-existe-un-correctif\/#primaryimage","url":"https:\/\/vieassociative.be\/actualites\/wp-content\/uploads\/2024\/12\/Certains-utilisateurs-de-Windows-11-ne-peuvent-plus-installer-les.png","contentUrl":"https:\/\/vieassociative.be\/actualites\/wp-content\/uploads\/2024\/12\/Certains-utilisateurs-de-Windows-11-ne-peuvent-plus-installer-les.png","width":1200,"height":675,"caption":"Certains utilisateurs de Windows 11 ne peuvent plus installer les mises \u00e0 jour de s\u00e9curit\u00e9 (mais il existe un correctif)"},{"@type":"BreadcrumbList","@id":"https:\/\/vieassociative.be\/actualites\/certains-utilisateurs-de-windows-11-ne-peuvent-plus-installer-les-mises-a-jour-de-securite-mais-il-existe-un-correctif\/#breadcrumb","itemListElement":[{"@type":"ListItem","position":1,"name":"Accueil","item":"https:\/\/vieassociative.be\/actualites\/"},{"@type":"ListItem","position":2,"name":"Certains utilisateurs de Windows 11 ne peuvent plus installer les mises \u00e0 jour de s\u00e9curit\u00e9 (mais il existe un correctif)"}]},{"@type":"WebSite","@id":"https:\/\/vieassociative.be\/actualites\/#website","url":"https:\/\/vieassociative.be\/actualites\/","name":"Vie Associative","description":"","publisher":{"@id":"https:\/\/vieassociative.be\/actualites\/#organization"},"potentialAction":[{"@type":"SearchAction","target":{"@type":"EntryPoint","urlTemplate":"https:\/\/vieassociative.be\/actualites\/?s={search_term_string}"},"query-input":{"@type":"PropertyValueSpecification","valueRequired":true,"valueName":"search_term_string"}}],"inLanguage":"fr-BE"},{"@type":"Organization","@id":"https:\/\/vieassociative.be\/actualites\/#organization","name":"Vie Associative","url":"https:\/\/vieassociative.be\/actualites\/","logo":{"@type":"ImageObject","inLanguage":"fr-BE","@id":"https:\/\/vieassociative.be\/actualites\/#\/schema\/logo\/image\/","url":"https:\/\/vieassociative.be\/actualites\/wp-content\/uploads\/2024\/09\/cropped-vieassociative_favicon.ico.png","contentUrl":"https:\/\/vieassociative.be\/actualites\/wp-content\/uploads\/2024\/09\/cropped-vieassociative_favicon.ico.png","width":512,"height":512,"caption":"Vie Associative"},"image":{"@id":"https:\/\/vieassociative.be\/actualites\/#\/schema\/logo\/image\/"}},{"@type":"Person","@id":"https:\/\/vieassociative.be\/actualites\/#\/schema\/person\/b87ac4f82f9d4e7b7cec7395b679edc4","name":"Julien","image":{"@type":"ImageObject","inLanguage":"fr-BE","@id":"https:\/\/vieassociative.be\/actualites\/#\/schema\/person\/image\/","url":"https:\/\/vieassociative.be\/actualites\/wp-content\/uploads\/2024\/09\/vie-associative-1-150x150.jpg","contentUrl":"https:\/\/vieassociative.be\/actualites\/wp-content\/uploads\/2024\/09\/vie-associative-1-150x150.jpg","caption":"Julien"},"description":"Je suis Julien, r\u00e9dacteur pour Vie Associative. Passionn\u00e9 par le monde associatif depuis plus de 10 ans, j'ai \u00e0 c\u0153ur de partager des histoires inspirantes et de mettre en lumi\u00e8re les initiatives locales. Mon objectif est de sensibiliser et d'encourager l'engagement communautaire \u00e0 travers mes articles.","sameAs":["https:\/\/vieassociative.be\/"]}]}},"_links":{"self":[{"href":"https:\/\/vieassociative.be\/actualites\/wp-json\/wp\/v2\/posts\/3836"}],"collection":[{"href":"https:\/\/vieassociative.be\/actualites\/wp-json\/wp\/v2\/posts"}],"about":[{"href":"https:\/\/vieassociative.be\/actualites\/wp-json\/wp\/v2\/types\/post"}],"author":[{"embeddable":true,"href":"https:\/\/vieassociative.be\/actualites\/wp-json\/wp\/v2\/users\/1"}],"replies":[{"embeddable":true,"href":"https:\/\/vieassociative.be\/actualites\/wp-json\/wp\/v2\/comments?post=3836"}],"version-history":[{"count":0,"href":"https:\/\/vieassociative.be\/actualites\/wp-json\/wp\/v2\/posts\/3836\/revisions"}],"wp:featuredmedia":[{"embeddable":true,"href":"https:\/\/vieassociative.be\/actualites\/wp-json\/wp\/v2\/media\/3837"}],"wp:attachment":[{"href":"https:\/\/vieassociative.be\/actualites\/wp-json\/wp\/v2\/media?parent=3836"}],"wp:term":[{"taxonomy":"category","embeddable":true,"href":"https:\/\/vieassociative.be\/actualites\/wp-json\/wp\/v2\/categories?post=3836"},{"taxonomy":"post_tag","embeddable":true,"href":"https:\/\/vieassociative.be\/actualites\/wp-json\/wp\/v2\/tags?post=3836"}],"curies":[{"name":"wp","href":"https:\/\/api.w.org\/{rel}","templated":true}]}}