{"id":383,"date":"2024-09-23T23:57:40","date_gmt":"2024-09-23T21:57:40","guid":{"rendered":"https:\/\/vieassociative.be\/actualites\/comment-nous-avons-achete-notre-premiere-maison-un-specialiste-du-marketing-de-contenu-et-un-entrepreneur-du-gouvernement-en-caroline-du-sud\/"},"modified":"2024-09-23T23:57:40","modified_gmt":"2024-09-23T21:57:40","slug":"comment-nous-avons-achete-notre-premiere-maison-un-specialiste-du-marketing-de-contenu-et-un-entrepreneur-du-gouvernement-en-caroline-du-sud","status":"publish","type":"post","link":"https:\/\/vieassociative.be\/actualites\/comment-nous-avons-achete-notre-premiere-maison-un-specialiste-du-marketing-de-contenu-et-un-entrepreneur-du-gouvernement-en-caroline-du-sud\/","title":{"rendered":"Comment nous avons achet\u00e9 notre premi\u00e8re maison : un sp\u00e9cialiste du marketing de contenu et un entrepreneur du gouvernement en Caroline du Sud"},"content":{"rendered":"<div class=\"mt-4 leading-6 md:mb-8\">Malheureusement, le march\u00e9 ne se soucie pas de ce que vous pensez qu&rsquo;une maison \u00ab devrait \u00bb co\u00fbter.<\/div>\n<p><\/p>\n<p><em>Bienvenue dans \u00ab Comment j\u2019ai achet\u00e9 ma premi\u00e8re maison \u00bb, une s\u00e9rie Vie Associative dans laquelle je demande \u00e0 de vraies personnes comment elles ont conclu l\u2019affaire de leur premi\u00e8re maison. Cette semaine, j\u2019ai discut\u00e9 avec Mark* (un sp\u00e9cialiste du marketing de contenu) de la fa\u00e7on dont lui et sa femme (une contractante du gouvernement) ont parcouru le processus d\u2019achat d\u2019une maison pour la premi\u00e8re fois, et comment vous pourriez suivre leurs traces.<\/em><\/p>\n<h2 id=\"first-off-lets-get-to-know-our-homebuyer\">Tout d\u2019abord, apprenons \u00e0 conna\u00eetre notre acheteur de maison<\/h2>\n<p>Voici ce qu&rsquo;il faut savoir sur Mark et sa femme :<\/p>\n<ul>\n<li>\n<p>\u00c2ge : (\u00e0 l&rsquo;\u00e9poque) 38 ans<\/p>\n<\/li>\n<li>\n<p>Lieu : Charleston, Caroline du Sud<\/p>\n<\/li>\n<li>\n<p>\u00c9tat civil : Mari\u00e9<\/p>\n<\/li>\n<li>\n<p>Revenu du m\u00e9nage : SEO\/Marketing de contenu et entrepreneur du gouvernement, 220\u00a0000\u00a0$<\/p>\n<\/li>\n<\/ul>\n<h2 id=\"now-lets-take-a-look-at-the-home-buying-costs\">Maintenant, regardons les co\u00fbts d\u2019achat d\u2019une maison<\/h2>\n<p>Mark partage la r\u00e9partition des co\u00fbts de sa premi\u00e8re maison :<\/p>\n<ul>\n<li>\n<p>Co\u00fbt de la maison : 545 000 $<\/p>\n<\/li>\n<li>\n<p>Acompte : 70 000 $ <\/p>\n<\/li>\n<li>\n<p>Frais de cl\u00f4ture : 19 000 $<\/p>\n<\/li>\n<li>\n<p>D\u00e9m\u00e9nagement : environ 4 000 $ (avec l&rsquo;aide des beaux-parents)<\/p>\n<\/li>\n<li>\n<p>Paiements hypoth\u00e9caires : 3 400 $ par mois<\/p>\n<\/li>\n<li>\n<p>Assurance\/taxes : 500$ par mois<\/p>\n<\/li>\n<li>\n<p>Dur\u00e9e du pr\u00eat : 30 ans \u00e0 taux fixe \u00e0 5,75 %. J&rsquo;ai eu la chance de pouvoir le bloquer lorsque les taux ont baiss\u00e9 au d\u00e9but de l&rsquo;ann\u00e9e derni\u00e8re.<\/p>\n<\/li>\n<\/ul>\n<p>Voici maintenant mon entretien avec Mark sur les tenants et aboutissants de l&rsquo;acquisition de sa premi\u00e8re maison sur le march\u00e9 actuel.<\/p>\n<h2 id=\"how-did-you-approach-setting-a-budget-and-deciding-how-much-home-you-can-afford\">Comment avez-vous abord\u00e9 l&rsquo;\u00e9tablissement d&rsquo;un budget et d\u00e9cid\u00e9 du montant de la maison que vous pouvez vous permettre ?<\/h2>\n<p>Nous avons examin\u00e9 le montant mensuel que nous pouvions nous permettre sans modifier consid\u00e9rablement notre mode de vie et avons travaill\u00e9 \u00e0 partir de l\u00e0. Ce n&rsquo;est probablement pas le <em>meilleur<\/em> C&rsquo;est une bonne fa\u00e7on de proc\u00e9der, ne serait-ce que parce que les calculateurs en ligne ne parviennent pas \u00e0 saisir les imp\u00f4ts et les assurances, par exemple. Mais cela nous a sembl\u00e9 plus r\u00e9aliste que de nous convaincre que nous pourrions soudainement devenir de v\u00e9ritables d\u00e9pensiers pour tirer le meilleur parti de ce que nous pouvions nous permettre.<\/p>\n<h2 id=\"what-should-first-time-homebuyers-know-about-mortgages\">Que doivent savoir les acheteurs d\u2019une premi\u00e8re maison \u00e0 propos des pr\u00eats hypoth\u00e9caires ?<\/h2>\n<p>Le choix de votre conseiller en pr\u00eats hypoth\u00e9caires est sans doute plus important que celui de votre agent immobilier. Le processus de montage d&rsquo;un pr\u00eat hypoth\u00e9caire est infiniment plus compliqu\u00e9 (et nettement moins amusant) que l&rsquo;achat d&rsquo;une maison, et il est essentiel d&rsquo;avoir quelqu&rsquo;un qui conna\u00eet son m\u00e9tier et qui puisse vous l&rsquo;expliquer de mani\u00e8re logique. Les bons conseillers d\u00e9crocheront leur t\u00e9l\u00e9phone \u00e0 toute heure de la nuit pour r\u00e9pondre \u00e0 vos questions (m\u00eame si vous ne devriez pas le faire) et vous poseront des questions directes sur vos finances.<\/p>\n<h2 id=\"how-much-of-your-income-goes-towards-your-mortgage\">Quelle part de votre revenu est consacr\u00e9e au remboursement de votre pr\u00eat hypoth\u00e9caire ?<\/h2>\n<p>Environ 19 % de notre chiffre d&rsquo;affaires brut. Si je devais deviner, je dirais environ 30 \u00e0 35 % de notre chiffre d&rsquo;affaires net.<\/p>\n<h2 id=\"what-unexpected-costs-cropped-up\">Quels co\u00fbts inattendus sont survenus ?<\/h2>\n<p>Les imp\u00f4ts et les assurances ne doivent pas \u00eatre consid\u00e9r\u00e9s comme des \u00ab impr\u00e9vus \u00bb, mais ils peuvent faire augmenter votre mensualit\u00e9 en un rien de temps. Et m\u00eame si c&rsquo;est par pure chance que notre agent immobilier et notre agent hypoth\u00e9caire \u00e9taient des personnes ph\u00e9nom\u00e9nales, les autres doivent savoir que vous avez absolument le droit de partir si vous n&rsquo;aimez pas la fa\u00e7on dont ils vous traitent.<\/p>\n<h2 id=\"what-would-you-have-done-differently\">Qu&rsquo;aurais-tu fait diff\u00e9remment ?<\/h2>\n<p>Il y a eu plusieurs fois dans la folie de 2021-22 o\u00f9 nous aurions pu nous retrouver avec beaucoup plus de maisons dans un emplacement aussi bon ou meilleur si nous avions simplement offert un peu plus. \u00c9videmment, il y a de la vertu \u00e0 avoir un budget et \u00e0 s&rsquo;y tenir, mais le march\u00e9 ne se soucie pas de ce que vous pensez qu&rsquo;une maison \u00ab devrait \u00bb co\u00fbter. Si vous en trouvez une que vous voulez et que vous pouvez <em>vraiment<\/em> se permettre ce qu&rsquo;il en co\u00fbte pour l&rsquo;acheter, le payer.<\/p>\n<h2 id=\"what-tips-do-you-have-for-other-first-time-buyers\">Quels conseils donneriez-vous aux autres acheteurs d\u00e9butants ?<\/h2>\n<p>C&rsquo;est difficile car ce march\u00e9 est totalement diff\u00e9rent de celui auquel nous avons \u00e9t\u00e9 confront\u00e9s il y a quelques ann\u00e9es. Voici cependant quelques conseils qui devraient s&rsquo;appliquer \u00e0 la plupart des gens :<\/p>\n<ul>\n<li>\n<p>Ne n\u00e9gligez pas une maison pour des raisons esth\u00e9tiques. De toute fa\u00e7on, vous regardez rarement l&rsquo;ext\u00e9rieur de votre propre maison et vous seriez surpris de voir \u00e0 quelle vitesse des \u00ab armoires moches \u00bb commencent \u00e0 se fondre dans le reste de la maison. Et n&rsquo;oubliez jamais que vous pouvez pratiquement tout changer dans une maison, \u00e0 part son emplacement.<\/p>\n<\/li>\n<li>\n<p>Si vous le pouvez, visitez la maison une deuxi\u00e8me fois lorsqu&rsquo;il pleut. Les inondations sont un probl\u00e8me l\u00e0 o\u00f9 je vis, mais heureusement pas pour notre maison. Il aurait \u00e9t\u00e9 agr\u00e9able de savoir que tout dans une section du garage est mouill\u00e9 lorsqu&rsquo;il pleut d&rsquo;une certaine mani\u00e8re.<\/p>\n<\/li>\n<li>\n<p>Pour voir si un endroit peut vous convenir, en dehors du trajet pour vous rendre au travail, marchez ou conduisez et trouvez vos endroits pr\u00e9f\u00e9r\u00e9s. Si vous aimez les bars, y en a-t-il un \u00e0 proximit\u00e9 ? Des parcs, des magasins, des salles de sport ? Acheter une maison, c&rsquo;est un peu comme se marier, dans la mesure o\u00f9 cela ne changera pas fondamentalement qui vous \u00eates en tant que personne, m\u00eame si vous pensez que ce sera le cas. Vos loisirs et vos int\u00e9r\u00eats ne changeront pas soudainement, et si l&#8217;emplacement rend ces choses difficiles ou impossibles \u00e0 faire, vous finirez par en vouloir \u00e0 votre maison.<\/p>\n<\/li>\n<li>\n<p>Achetez une maison qui corresponde \u00e0 votre style de vie imm\u00e9diat et \u00e0 court terme, et non \u00e0 une version lointaine de vous-m\u00eame. Si vous aimez la vie nocturne et la facilit\u00e9 de d\u00e9placement \u00e0 pied, ne laissez pas passer quelque chose qui vous rapproche de cela sous pr\u00e9texte que vous avez des projets vagues pour fonder une future famille.<\/p>\n<\/li>\n<li>\n<p>Ne renoncez \u00e0 aucune des \u00e9ventualit\u00e9s habituelles. Renoncer \u00e0 une inspection, par exemple, est une tr\u00e8s mauvaise chose pour votre premi\u00e8re maison, compte tenu du montant que vous d\u00e9pensez.<\/p>\n<\/li>\n<\/ul>\n<h2 id=\"how-long-did-the-home-buying-process-take-you-start-to-finish\">Combien de temps a dur\u00e9 le processus d\u2019achat d\u2019une maison, du d\u00e9but \u00e0 la fin ?<\/h2>\n<p>Techniquement, le d\u00e9lai \u00e9tait d&rsquo;environ deux ans. Nous avons eu la malchance de commencer nos recherches en 2021, lorsque le march\u00e9 \u00e9tait en effervescence, avec des taux d&rsquo;int\u00e9r\u00eat bas et des investisseurs en esp\u00e8ces cherchant \u00e0 capitaliser sur la hausse des prix. Mais une fois que nous avons choisi notre maison, le processus a \u00e9t\u00e9 remarquablement rapide, peut-\u00eatre 40 \u00e0 45 jours au maximum.<\/p>\n<p><em>*Le nom a \u00e9t\u00e9 modifi\u00e9 pour pr\u00e9server l&rsquo;anonymat du sujet. Cette interview a \u00e9t\u00e9 l\u00e9g\u00e8rement modifi\u00e9e pour plus de clart\u00e9.<\/em><\/p>\n<p><em>Une derni\u00e8re note pour les lecteurs : lorsqu\u2019il s\u2019agit d\u2019acheter une maison<\/em><em>l&rsquo;un des plus grands d\u00e9fis est de d\u00e9terminer exactement le prix de la maison que vous pouvez raisonnablement vous permettre. Et lorsque vous faites vos recherches, vous tombez sur, disons, un ing\u00e9nieur de 24 ans dans le Maryland<\/em><em>  ou un pasteur de jeunesse dans l&rsquo;Ohio<\/em><em>il est frustrant de constater que la solution r\u00e9side dans le montant des pr\u00eats ou dans un style de vie auquel vous ne pouvez tout simplement pas vous identifier. Je comprends. Alors, si vous souhaitez partager vos exp\u00e9riences lors de l&rsquo;achat de votre premi\u00e8re maison, laissez un commentaire ci-dessous. Peut-\u00eatre pouvez-vous contribuer \u00e0 brosser un portrait plus large de ce \u00e0 quoi ressemble la navigation sur le march\u00e9 immobilier de nos jours, en particulier sans richesse g\u00e9n\u00e9rationnelle. <\/em><\/p>\n","protected":false},"excerpt":{"rendered":"<p>Malheureusement, le march\u00e9 ne se soucie pas de ce que vous pensez qu&rsquo;une maison \u00ab devrait \u00bb co\u00fbter. Bienvenue dans \u00ab Comment j\u2019ai achet\u00e9 ma<\/p>\n","protected":false},"author":1,"featured_media":384,"comment_status":"","ping_status":"","sticky":false,"template":"","format":"standard","meta":{"footnotes":""},"categories":[41],"tags":[608,607,616,44,613,614,615,560,612,609,393,610,611,617],"class_list":["post-383","post","type-post","status-publish","format-standard","has-post-thumbnail","hentry","category-argent","tag-achete","tag-avons","tag-caroline","tag-comment","tag-contenu","tag-entrepreneur","tag-gouvernement","tag-maison","tag-marketing","tag-notre","tag-nous","tag-premiere","tag-specialiste","tag-sud","generate-columns","tablet-grid-50","mobile-grid-100","grid-parent","grid-33"],"yoast_head":"<!-- This site is optimized with the Yoast SEO plugin v24.0 - https:\/\/yoast.com\/wordpress\/plugins\/seo\/ -->\n<title>Comment nous avons achet\u00e9 notre premi\u00e8re maison : un sp\u00e9cialiste du marketing de contenu et un entrepreneur du gouvernement en Caroline du Sud | Vie Associative<\/title>\n<meta name=\"robots\" content=\"index, follow, max-snippet:-1, max-image-preview:large, max-video-preview:-1\" \/>\n<link rel=\"canonical\" href=\"https:\/\/vieassociative.be\/actualites\/comment-nous-avons-achete-notre-premiere-maison-un-specialiste-du-marketing-de-contenu-et-un-entrepreneur-du-gouvernement-en-caroline-du-sud\/\" \/>\n<meta property=\"og:locale\" content=\"fr_FR\" \/>\n<meta property=\"og:type\" content=\"article\" \/>\n<meta property=\"og:title\" content=\"Comment nous avons achet\u00e9 notre premi\u00e8re maison : un sp\u00e9cialiste du marketing de contenu et un entrepreneur du gouvernement en Caroline du Sud | Vie Associative\" \/>\n<meta property=\"og:description\" content=\"Malheureusement, le march\u00e9 ne se soucie pas de ce que vous pensez qu&rsquo;une maison \u00ab devrait \u00bb co\u00fbter. Bienvenue dans \u00ab Comment j\u2019ai achet\u00e9 ma\" \/>\n<meta property=\"og:url\" content=\"https:\/\/vieassociative.be\/actualites\/comment-nous-avons-achete-notre-premiere-maison-un-specialiste-du-marketing-de-contenu-et-un-entrepreneur-du-gouvernement-en-caroline-du-sud\/\" \/>\n<meta property=\"og:site_name\" content=\"Vie Associative\" \/>\n<meta property=\"article:published_time\" content=\"2024-09-23T21:57:40+00:00\" \/>\n<meta property=\"og:image\" content=\"https:\/\/vieassociative.be\/actualites\/wp-content\/uploads\/2024\/09\/header_backgroundk-01-e1726694325946.png\" \/>\n\t<meta property=\"og:image:width\" content=\"279\" \/>\n\t<meta property=\"og:image:height\" content=\"92\" \/>\n\t<meta property=\"og:image:type\" content=\"image\/png\" \/>\n<meta name=\"author\" content=\"Julien\" \/>\n<meta name=\"twitter:card\" content=\"summary_large_image\" \/>\n<meta name=\"twitter:label1\" content=\"\u00c9crit par\" \/>\n\t<meta name=\"twitter:data1\" content=\"Julien\" \/>\n\t<meta name=\"twitter:label2\" content=\"Dur\u00e9e de lecture est.\" \/>\n\t<meta name=\"twitter:data2\" content=\"6 minutes\" \/>\n<script type=\"application\/ld+json\" class=\"yoast-schema-graph\">{\"@context\":\"https:\/\/schema.org\",\"@graph\":[{\"@type\":\"Article\",\"@id\":\"https:\/\/vieassociative.be\/actualites\/comment-nous-avons-achete-notre-premiere-maison-un-specialiste-du-marketing-de-contenu-et-un-entrepreneur-du-gouvernement-en-caroline-du-sud\/#article\",\"isPartOf\":{\"@id\":\"https:\/\/vieassociative.be\/actualites\/comment-nous-avons-achete-notre-premiere-maison-un-specialiste-du-marketing-de-contenu-et-un-entrepreneur-du-gouvernement-en-caroline-du-sud\/\"},\"author\":{\"name\":\"Julien\",\"@id\":\"https:\/\/vieassociative.be\/actualites\/#\/schema\/person\/b87ac4f82f9d4e7b7cec7395b679edc4\"},\"headline\":\"Comment nous avons achet\u00e9 notre premi\u00e8re maison : un sp\u00e9cialiste du marketing de contenu et un entrepreneur du gouvernement en Caroline du Sud\",\"datePublished\":\"2024-09-23T21:57:40+00:00\",\"dateModified\":\"2024-09-23T21:57:40+00:00\",\"mainEntityOfPage\":{\"@id\":\"https:\/\/vieassociative.be\/actualites\/comment-nous-avons-achete-notre-premiere-maison-un-specialiste-du-marketing-de-contenu-et-un-entrepreneur-du-gouvernement-en-caroline-du-sud\/\"},\"wordCount\":1347,\"publisher\":{\"@id\":\"https:\/\/vieassociative.be\/actualites\/#organization\"},\"image\":{\"@id\":\"https:\/\/vieassociative.be\/actualites\/comment-nous-avons-achete-notre-premiere-maison-un-specialiste-du-marketing-de-contenu-et-un-entrepreneur-du-gouvernement-en-caroline-du-sud\/#primaryimage\"},\"thumbnailUrl\":\"https:\/\/vieassociative.be\/actualites\/wp-content\/uploads\/2024\/09\/Comment-nous-avons-achete-notre-premiere-maison-un-specialiste.jpg\",\"keywords\":[\"achet\u00e9\",\"avons\",\"Caroline\",\"Comment\",\"contenu\",\"entrepreneur\",\"gouvernement\",\"maison\",\"marketing\",\"notre\",\"nous\",\"premi\u00e8re\",\"sp\u00e9cialiste\",\"Sud\"],\"articleSection\":[\"Argent\"],\"inLanguage\":\"fr-BE\"},{\"@type\":\"WebPage\",\"@id\":\"https:\/\/vieassociative.be\/actualites\/comment-nous-avons-achete-notre-premiere-maison-un-specialiste-du-marketing-de-contenu-et-un-entrepreneur-du-gouvernement-en-caroline-du-sud\/\",\"url\":\"https:\/\/vieassociative.be\/actualites\/comment-nous-avons-achete-notre-premiere-maison-un-specialiste-du-marketing-de-contenu-et-un-entrepreneur-du-gouvernement-en-caroline-du-sud\/\",\"name\":\"Comment nous avons achet\u00e9 notre premi\u00e8re maison : un sp\u00e9cialiste du marketing de contenu et un entrepreneur du gouvernement en Caroline du Sud | Vie Associative\",\"isPartOf\":{\"@id\":\"https:\/\/vieassociative.be\/actualites\/#website\"},\"primaryImageOfPage\":{\"@id\":\"https:\/\/vieassociative.be\/actualites\/comment-nous-avons-achete-notre-premiere-maison-un-specialiste-du-marketing-de-contenu-et-un-entrepreneur-du-gouvernement-en-caroline-du-sud\/#primaryimage\"},\"image\":{\"@id\":\"https:\/\/vieassociative.be\/actualites\/comment-nous-avons-achete-notre-premiere-maison-un-specialiste-du-marketing-de-contenu-et-un-entrepreneur-du-gouvernement-en-caroline-du-sud\/#primaryimage\"},\"thumbnailUrl\":\"https:\/\/vieassociative.be\/actualites\/wp-content\/uploads\/2024\/09\/Comment-nous-avons-achete-notre-premiere-maison-un-specialiste.jpg\",\"datePublished\":\"2024-09-23T21:57:40+00:00\",\"dateModified\":\"2024-09-23T21:57:40+00:00\",\"breadcrumb\":{\"@id\":\"https:\/\/vieassociative.be\/actualites\/comment-nous-avons-achete-notre-premiere-maison-un-specialiste-du-marketing-de-contenu-et-un-entrepreneur-du-gouvernement-en-caroline-du-sud\/#breadcrumb\"},\"inLanguage\":\"fr-BE\",\"potentialAction\":[{\"@type\":\"ReadAction\",\"target\":[\"https:\/\/vieassociative.be\/actualites\/comment-nous-avons-achete-notre-premiere-maison-un-specialiste-du-marketing-de-contenu-et-un-entrepreneur-du-gouvernement-en-caroline-du-sud\/\"]}]},{\"@type\":\"ImageObject\",\"inLanguage\":\"fr-BE\",\"@id\":\"https:\/\/vieassociative.be\/actualites\/comment-nous-avons-achete-notre-premiere-maison-un-specialiste-du-marketing-de-contenu-et-un-entrepreneur-du-gouvernement-en-caroline-du-sud\/#primaryimage\",\"url\":\"https:\/\/vieassociative.be\/actualites\/wp-content\/uploads\/2024\/09\/Comment-nous-avons-achete-notre-premiere-maison-un-specialiste.jpg\",\"contentUrl\":\"https:\/\/vieassociative.be\/actualites\/wp-content\/uploads\/2024\/09\/Comment-nous-avons-achete-notre-premiere-maison-un-specialiste.jpg\",\"width\":1200,\"height\":675,\"caption\":\"Comment nous avons achet\u00e9 notre premi\u00e8re maison : un sp\u00e9cialiste du marketing de contenu et un entrepreneur du gouvernement en Caroline du Sud\"},{\"@type\":\"BreadcrumbList\",\"@id\":\"https:\/\/vieassociative.be\/actualites\/comment-nous-avons-achete-notre-premiere-maison-un-specialiste-du-marketing-de-contenu-et-un-entrepreneur-du-gouvernement-en-caroline-du-sud\/#breadcrumb\",\"itemListElement\":[{\"@type\":\"ListItem\",\"position\":1,\"name\":\"Accueil\",\"item\":\"https:\/\/vieassociative.be\/actualites\/\"},{\"@type\":\"ListItem\",\"position\":2,\"name\":\"Comment nous avons achet\u00e9 notre premi\u00e8re maison : un sp\u00e9cialiste du marketing de contenu et un entrepreneur du gouvernement en Caroline du Sud\"}]},{\"@type\":\"WebSite\",\"@id\":\"https:\/\/vieassociative.be\/actualites\/#website\",\"url\":\"https:\/\/vieassociative.be\/actualites\/\",\"name\":\"Vie Associative\",\"description\":\"\",\"publisher\":{\"@id\":\"https:\/\/vieassociative.be\/actualites\/#organization\"},\"potentialAction\":[{\"@type\":\"SearchAction\",\"target\":{\"@type\":\"EntryPoint\",\"urlTemplate\":\"https:\/\/vieassociative.be\/actualites\/?s={search_term_string}\"},\"query-input\":{\"@type\":\"PropertyValueSpecification\",\"valueRequired\":true,\"valueName\":\"search_term_string\"}}],\"inLanguage\":\"fr-BE\"},{\"@type\":\"Organization\",\"@id\":\"https:\/\/vieassociative.be\/actualites\/#organization\",\"name\":\"Vie Associative\",\"url\":\"https:\/\/vieassociative.be\/actualites\/\",\"logo\":{\"@type\":\"ImageObject\",\"inLanguage\":\"fr-BE\",\"@id\":\"https:\/\/vieassociative.be\/actualites\/#\/schema\/logo\/image\/\",\"url\":\"https:\/\/vieassociative.be\/actualites\/wp-content\/uploads\/2024\/09\/cropped-vieassociative_favicon.ico.png\",\"contentUrl\":\"https:\/\/vieassociative.be\/actualites\/wp-content\/uploads\/2024\/09\/cropped-vieassociative_favicon.ico.png\",\"width\":512,\"height\":512,\"caption\":\"Vie Associative\"},\"image\":{\"@id\":\"https:\/\/vieassociative.be\/actualites\/#\/schema\/logo\/image\/\"}},{\"@type\":\"Person\",\"@id\":\"https:\/\/vieassociative.be\/actualites\/#\/schema\/person\/b87ac4f82f9d4e7b7cec7395b679edc4\",\"name\":\"Julien\",\"image\":{\"@type\":\"ImageObject\",\"inLanguage\":\"fr-BE\",\"@id\":\"https:\/\/vieassociative.be\/actualites\/#\/schema\/person\/image\/\",\"url\":\"https:\/\/vieassociative.be\/actualites\/wp-content\/uploads\/2024\/09\/vie-associative-1-150x150.jpg\",\"contentUrl\":\"https:\/\/vieassociative.be\/actualites\/wp-content\/uploads\/2024\/09\/vie-associative-1-150x150.jpg\",\"caption\":\"Julien\"},\"description\":\"Je suis Julien, r\u00e9dacteur pour Vie Associative. Passionn\u00e9 par le monde associatif depuis plus de 10 ans, j'ai \u00e0 c\u0153ur de partager des histoires inspirantes et de mettre en lumi\u00e8re les initiatives locales. Mon objectif est de sensibiliser et d'encourager l'engagement communautaire \u00e0 travers mes articles.\",\"sameAs\":[\"https:\/\/vieassociative.be\/\"]}]}<\/script>\n<!-- \/ Yoast SEO plugin. -->","yoast_head_json":{"title":"Comment nous avons achet\u00e9 notre premi\u00e8re maison : un sp\u00e9cialiste du marketing de contenu et un entrepreneur du gouvernement en Caroline du Sud | Vie Associative","robots":{"index":"index","follow":"follow","max-snippet":"max-snippet:-1","max-image-preview":"max-image-preview:large","max-video-preview":"max-video-preview:-1"},"canonical":"https:\/\/vieassociative.be\/actualites\/comment-nous-avons-achete-notre-premiere-maison-un-specialiste-du-marketing-de-contenu-et-un-entrepreneur-du-gouvernement-en-caroline-du-sud\/","og_locale":"fr_FR","og_type":"article","og_title":"Comment nous avons achet\u00e9 notre premi\u00e8re maison : un sp\u00e9cialiste du marketing de contenu et un entrepreneur du gouvernement en Caroline du Sud | Vie Associative","og_description":"Malheureusement, le march\u00e9 ne se soucie pas de ce que vous pensez qu&rsquo;une maison \u00ab devrait \u00bb co\u00fbter. Bienvenue dans \u00ab Comment j\u2019ai achet\u00e9 ma","og_url":"https:\/\/vieassociative.be\/actualites\/comment-nous-avons-achete-notre-premiere-maison-un-specialiste-du-marketing-de-contenu-et-un-entrepreneur-du-gouvernement-en-caroline-du-sud\/","og_site_name":"Vie Associative","article_published_time":"2024-09-23T21:57:40+00:00","og_image":[{"width":279,"height":92,"url":"https:\/\/vieassociative.be\/actualites\/wp-content\/uploads\/2024\/09\/header_backgroundk-01-e1726694325946.png","type":"image\/png"}],"author":"Julien","twitter_card":"summary_large_image","twitter_misc":{"\u00c9crit par":"Julien","Dur\u00e9e de lecture est.":"6 minutes"},"schema":{"@context":"https:\/\/schema.org","@graph":[{"@type":"Article","@id":"https:\/\/vieassociative.be\/actualites\/comment-nous-avons-achete-notre-premiere-maison-un-specialiste-du-marketing-de-contenu-et-un-entrepreneur-du-gouvernement-en-caroline-du-sud\/#article","isPartOf":{"@id":"https:\/\/vieassociative.be\/actualites\/comment-nous-avons-achete-notre-premiere-maison-un-specialiste-du-marketing-de-contenu-et-un-entrepreneur-du-gouvernement-en-caroline-du-sud\/"},"author":{"name":"Julien","@id":"https:\/\/vieassociative.be\/actualites\/#\/schema\/person\/b87ac4f82f9d4e7b7cec7395b679edc4"},"headline":"Comment nous avons achet\u00e9 notre premi\u00e8re maison : un sp\u00e9cialiste du marketing de contenu et un entrepreneur du gouvernement en Caroline du Sud","datePublished":"2024-09-23T21:57:40+00:00","dateModified":"2024-09-23T21:57:40+00:00","mainEntityOfPage":{"@id":"https:\/\/vieassociative.be\/actualites\/comment-nous-avons-achete-notre-premiere-maison-un-specialiste-du-marketing-de-contenu-et-un-entrepreneur-du-gouvernement-en-caroline-du-sud\/"},"wordCount":1347,"publisher":{"@id":"https:\/\/vieassociative.be\/actualites\/#organization"},"image":{"@id":"https:\/\/vieassociative.be\/actualites\/comment-nous-avons-achete-notre-premiere-maison-un-specialiste-du-marketing-de-contenu-et-un-entrepreneur-du-gouvernement-en-caroline-du-sud\/#primaryimage"},"thumbnailUrl":"https:\/\/vieassociative.be\/actualites\/wp-content\/uploads\/2024\/09\/Comment-nous-avons-achete-notre-premiere-maison-un-specialiste.jpg","keywords":["achet\u00e9","avons","Caroline","Comment","contenu","entrepreneur","gouvernement","maison","marketing","notre","nous","premi\u00e8re","sp\u00e9cialiste","Sud"],"articleSection":["Argent"],"inLanguage":"fr-BE"},{"@type":"WebPage","@id":"https:\/\/vieassociative.be\/actualites\/comment-nous-avons-achete-notre-premiere-maison-un-specialiste-du-marketing-de-contenu-et-un-entrepreneur-du-gouvernement-en-caroline-du-sud\/","url":"https:\/\/vieassociative.be\/actualites\/comment-nous-avons-achete-notre-premiere-maison-un-specialiste-du-marketing-de-contenu-et-un-entrepreneur-du-gouvernement-en-caroline-du-sud\/","name":"Comment nous avons achet\u00e9 notre premi\u00e8re maison : un sp\u00e9cialiste du marketing de contenu et un entrepreneur du gouvernement en Caroline du Sud | Vie Associative","isPartOf":{"@id":"https:\/\/vieassociative.be\/actualites\/#website"},"primaryImageOfPage":{"@id":"https:\/\/vieassociative.be\/actualites\/comment-nous-avons-achete-notre-premiere-maison-un-specialiste-du-marketing-de-contenu-et-un-entrepreneur-du-gouvernement-en-caroline-du-sud\/#primaryimage"},"image":{"@id":"https:\/\/vieassociative.be\/actualites\/comment-nous-avons-achete-notre-premiere-maison-un-specialiste-du-marketing-de-contenu-et-un-entrepreneur-du-gouvernement-en-caroline-du-sud\/#primaryimage"},"thumbnailUrl":"https:\/\/vieassociative.be\/actualites\/wp-content\/uploads\/2024\/09\/Comment-nous-avons-achete-notre-premiere-maison-un-specialiste.jpg","datePublished":"2024-09-23T21:57:40+00:00","dateModified":"2024-09-23T21:57:40+00:00","breadcrumb":{"@id":"https:\/\/vieassociative.be\/actualites\/comment-nous-avons-achete-notre-premiere-maison-un-specialiste-du-marketing-de-contenu-et-un-entrepreneur-du-gouvernement-en-caroline-du-sud\/#breadcrumb"},"inLanguage":"fr-BE","potentialAction":[{"@type":"ReadAction","target":["https:\/\/vieassociative.be\/actualites\/comment-nous-avons-achete-notre-premiere-maison-un-specialiste-du-marketing-de-contenu-et-un-entrepreneur-du-gouvernement-en-caroline-du-sud\/"]}]},{"@type":"ImageObject","inLanguage":"fr-BE","@id":"https:\/\/vieassociative.be\/actualites\/comment-nous-avons-achete-notre-premiere-maison-un-specialiste-du-marketing-de-contenu-et-un-entrepreneur-du-gouvernement-en-caroline-du-sud\/#primaryimage","url":"https:\/\/vieassociative.be\/actualites\/wp-content\/uploads\/2024\/09\/Comment-nous-avons-achete-notre-premiere-maison-un-specialiste.jpg","contentUrl":"https:\/\/vieassociative.be\/actualites\/wp-content\/uploads\/2024\/09\/Comment-nous-avons-achete-notre-premiere-maison-un-specialiste.jpg","width":1200,"height":675,"caption":"Comment nous avons achet\u00e9 notre premi\u00e8re maison : un sp\u00e9cialiste du marketing de contenu et un entrepreneur du gouvernement en Caroline du Sud"},{"@type":"BreadcrumbList","@id":"https:\/\/vieassociative.be\/actualites\/comment-nous-avons-achete-notre-premiere-maison-un-specialiste-du-marketing-de-contenu-et-un-entrepreneur-du-gouvernement-en-caroline-du-sud\/#breadcrumb","itemListElement":[{"@type":"ListItem","position":1,"name":"Accueil","item":"https:\/\/vieassociative.be\/actualites\/"},{"@type":"ListItem","position":2,"name":"Comment nous avons achet\u00e9 notre premi\u00e8re maison : un sp\u00e9cialiste du marketing de contenu et un entrepreneur du gouvernement en Caroline du Sud"}]},{"@type":"WebSite","@id":"https:\/\/vieassociative.be\/actualites\/#website","url":"https:\/\/vieassociative.be\/actualites\/","name":"Vie Associative","description":"","publisher":{"@id":"https:\/\/vieassociative.be\/actualites\/#organization"},"potentialAction":[{"@type":"SearchAction","target":{"@type":"EntryPoint","urlTemplate":"https:\/\/vieassociative.be\/actualites\/?s={search_term_string}"},"query-input":{"@type":"PropertyValueSpecification","valueRequired":true,"valueName":"search_term_string"}}],"inLanguage":"fr-BE"},{"@type":"Organization","@id":"https:\/\/vieassociative.be\/actualites\/#organization","name":"Vie Associative","url":"https:\/\/vieassociative.be\/actualites\/","logo":{"@type":"ImageObject","inLanguage":"fr-BE","@id":"https:\/\/vieassociative.be\/actualites\/#\/schema\/logo\/image\/","url":"https:\/\/vieassociative.be\/actualites\/wp-content\/uploads\/2024\/09\/cropped-vieassociative_favicon.ico.png","contentUrl":"https:\/\/vieassociative.be\/actualites\/wp-content\/uploads\/2024\/09\/cropped-vieassociative_favicon.ico.png","width":512,"height":512,"caption":"Vie Associative"},"image":{"@id":"https:\/\/vieassociative.be\/actualites\/#\/schema\/logo\/image\/"}},{"@type":"Person","@id":"https:\/\/vieassociative.be\/actualites\/#\/schema\/person\/b87ac4f82f9d4e7b7cec7395b679edc4","name":"Julien","image":{"@type":"ImageObject","inLanguage":"fr-BE","@id":"https:\/\/vieassociative.be\/actualites\/#\/schema\/person\/image\/","url":"https:\/\/vieassociative.be\/actualites\/wp-content\/uploads\/2024\/09\/vie-associative-1-150x150.jpg","contentUrl":"https:\/\/vieassociative.be\/actualites\/wp-content\/uploads\/2024\/09\/vie-associative-1-150x150.jpg","caption":"Julien"},"description":"Je suis Julien, r\u00e9dacteur pour Vie Associative. Passionn\u00e9 par le monde associatif depuis plus de 10 ans, j'ai \u00e0 c\u0153ur de partager des histoires inspirantes et de mettre en lumi\u00e8re les initiatives locales. Mon objectif est de sensibiliser et d'encourager l'engagement communautaire \u00e0 travers mes articles.","sameAs":["https:\/\/vieassociative.be\/"]}]}},"_links":{"self":[{"href":"https:\/\/vieassociative.be\/actualites\/wp-json\/wp\/v2\/posts\/383"}],"collection":[{"href":"https:\/\/vieassociative.be\/actualites\/wp-json\/wp\/v2\/posts"}],"about":[{"href":"https:\/\/vieassociative.be\/actualites\/wp-json\/wp\/v2\/types\/post"}],"author":[{"embeddable":true,"href":"https:\/\/vieassociative.be\/actualites\/wp-json\/wp\/v2\/users\/1"}],"replies":[{"embeddable":true,"href":"https:\/\/vieassociative.be\/actualites\/wp-json\/wp\/v2\/comments?post=383"}],"version-history":[{"count":0,"href":"https:\/\/vieassociative.be\/actualites\/wp-json\/wp\/v2\/posts\/383\/revisions"}],"wp:featuredmedia":[{"embeddable":true,"href":"https:\/\/vieassociative.be\/actualites\/wp-json\/wp\/v2\/media\/384"}],"wp:attachment":[{"href":"https:\/\/vieassociative.be\/actualites\/wp-json\/wp\/v2\/media?parent=383"}],"wp:term":[{"taxonomy":"category","embeddable":true,"href":"https:\/\/vieassociative.be\/actualites\/wp-json\/wp\/v2\/categories?post=383"},{"taxonomy":"post_tag","embeddable":true,"href":"https:\/\/vieassociative.be\/actualites\/wp-json\/wp\/v2\/tags?post=383"}],"curies":[{"name":"wp","href":"https:\/\/api.w.org\/{rel}","templated":true}]}}