{"id":3825,"date":"2024-12-28T15:19:07","date_gmt":"2024-12-28T14:19:07","guid":{"rendered":"https:\/\/vieassociative.be\/actualites\/usb-c-a-partir-daujourdhui-un-cable-de-charge-uniforme-pour-tous\/"},"modified":"2024-12-28T15:19:07","modified_gmt":"2024-12-28T14:19:07","slug":"usb-c-a-partir-daujourdhui-un-cable-de-charge-uniforme-pour-tous","status":"publish","type":"post","link":"https:\/\/vieassociative.be\/actualites\/usb-c-a-partir-daujourdhui-un-cable-de-charge-uniforme-pour-tous\/","title":{"rendered":"USB-C : \u00e0 partir d\u2019aujourd\u2019hui, un c\u00e2ble de charge uniforme pour tous"},"content":{"rendered":"<p><strong>Apr\u00e8s des ann\u00e9es de discussions, le Parlement europ\u00e9en a approuv\u00e9 l\u2019introduction de c\u00e2bles de recharge standardis\u00e9s en octobre 2022. Deux bonnes ann\u00e9es plus tard, le r\u00e8glement entre d\u00e9sormais en vigueur.<\/strong><\/p>\n<p><span id=\"more-404997\"><\/span>D\u00e9sormais, les nouveaux petits appareils \u00e9lectroniques doivent disposer d\u2019un port de chargement USB-C. La date limite du 28 d\u00e9cembre 2024 concerne les appareils tels que les smartphones, tablettes, \u00e9couteurs, claviers, souris, appareils photo num\u00e9riques, enceintes portables, consoles de jeux portables, liseuses ou appareils de navigation.<\/p>\n<p>Pour les ordinateurs portables et les ordinateurs portables plus grands, la directive europ\u00e9enne donne aux fabricants plus de temps pour passer \u00e0 une prise de chargement USB-C. Ce changement ne deviendra obligatoire qu\u2019\u00e0 partir du 28 avril 2026.<\/p>\n<p>Le changement impos\u00e9 par les l\u00e9gislateurs europ\u00e9ens a \u00e9t\u00e9 pr\u00e9c\u00e9d\u00e9 par des ann\u00e9es de d\u00e9bat. Les partisans ont d\u00e9clar\u00e9 que la prise de charge uniforme serait un soulagement pour les consommateurs et un succ\u00e8s pour la protection de l&rsquo;environnement, car moins de d\u00e9chets \u00e9lectroniques seraient g\u00e9n\u00e9r\u00e9s \u00e0 l&rsquo;avenir.<\/p>\n<p>Les critiques ont consid\u00e9r\u00e9 l\u2019exigence USB-C comme une interf\u00e9rence inutile sur le march\u00e9. Ils ont fait valoir que le march\u00e9 s&rsquo;\u00e9tait d\u00e9j\u00e0 largement r\u00e9gul\u00e9 et que le nombre de types de prises de charge \u00e9tait pass\u00e9 d&rsquo;environ 30 \u00e0 seulement trois (USB-C, Apple Lightning et Micro-USB) ces derni\u00e8res ann\u00e9es.<\/p>\n<p>Parmi les fabricants, Apple a \u00e9t\u00e9 particuli\u00e8rement touch\u00e9 car l&rsquo;entreprise utilisait syst\u00e9matiquement son propre connecteur Lightning pour les prises de charge. Depuis l&rsquo;iPhone 15 pr\u00e9sent\u00e9 en septembre 2023, l&rsquo;entreprise am\u00e9ricaine a d\u00e9sormais converti l&rsquo;ensemble de sa gamme de produits en USB-C. (dpa)<\/p>\n","protected":false},"excerpt":{"rendered":"<p>Apr\u00e8s des ann\u00e9es de discussions, le Parlement europ\u00e9en a approuv\u00e9 l\u2019introduction de c\u00e2bles de recharge standardis\u00e9s en octobre 2022. Deux bonnes ann\u00e9es plus tard, le<\/p>\n","protected":false},"author":1,"featured_media":3826,"comment_status":"","ping_status":"","sticky":false,"template":"","format":"standard","meta":{"footnotes":""},"categories":[298],"tags":[3037,3135,134,1591,81,546,4326,2630],"class_list":["post-3825","post","type-post","status-publish","format-standard","has-post-thumbnail","hentry","category-belgique","tag-cable","tag-charge","tag-daujourdhui","tag-partir","tag-pour","tag-tous","tag-uniforme","tag-usbc","generate-columns","tablet-grid-50","mobile-grid-100","grid-parent","grid-33"],"yoast_head":"<!-- This site is optimized with the Yoast SEO plugin v24.0 - https:\/\/yoast.com\/wordpress\/plugins\/seo\/ -->\n<title>USB-C : \u00e0 partir d\u2019aujourd\u2019hui, un c\u00e2ble de charge uniforme pour tous | Vie Associative<\/title>\n<meta name=\"robots\" content=\"index, follow, max-snippet:-1, max-image-preview:large, max-video-preview:-1\" \/>\n<link rel=\"canonical\" href=\"https:\/\/vieassociative.be\/actualites\/usb-c-a-partir-daujourdhui-un-cable-de-charge-uniforme-pour-tous\/\" \/>\n<meta property=\"og:locale\" content=\"fr_FR\" \/>\n<meta property=\"og:type\" content=\"article\" \/>\n<meta property=\"og:title\" content=\"USB-C : \u00e0 partir d\u2019aujourd\u2019hui, un c\u00e2ble de charge uniforme pour tous | Vie Associative\" \/>\n<meta property=\"og:description\" content=\"Apr\u00e8s des ann\u00e9es de discussions, le Parlement europ\u00e9en a approuv\u00e9 l\u2019introduction de c\u00e2bles de recharge standardis\u00e9s en octobre 2022. Deux bonnes ann\u00e9es plus tard, le\" \/>\n<meta property=\"og:url\" content=\"https:\/\/vieassociative.be\/actualites\/usb-c-a-partir-daujourdhui-un-cable-de-charge-uniforme-pour-tous\/\" \/>\n<meta property=\"og:site_name\" content=\"Vie Associative\" \/>\n<meta property=\"article:published_time\" content=\"2024-12-28T14:19:07+00:00\" \/>\n<meta property=\"og:image\" content=\"https:\/\/vieassociative.be\/actualites\/wp-content\/uploads\/2024\/09\/header_backgroundk-01-e1726694325946.png\" \/>\n\t<meta property=\"og:image:width\" content=\"279\" \/>\n\t<meta property=\"og:image:height\" content=\"92\" \/>\n\t<meta property=\"og:image:type\" content=\"image\/png\" \/>\n<meta name=\"author\" content=\"Julien\" \/>\n<meta name=\"twitter:card\" content=\"summary_large_image\" \/>\n<meta name=\"twitter:label1\" content=\"\u00c9crit par\" \/>\n\t<meta name=\"twitter:data1\" content=\"Julien\" \/>\n\t<meta name=\"twitter:label2\" content=\"Dur\u00e9e de lecture est.\" \/>\n\t<meta name=\"twitter:data2\" content=\"1 minute\" \/>\n<script type=\"application\/ld+json\" class=\"yoast-schema-graph\">{\"@context\":\"https:\/\/schema.org\",\"@graph\":[{\"@type\":\"Article\",\"@id\":\"https:\/\/vieassociative.be\/actualites\/usb-c-a-partir-daujourdhui-un-cable-de-charge-uniforme-pour-tous\/#article\",\"isPartOf\":{\"@id\":\"https:\/\/vieassociative.be\/actualites\/usb-c-a-partir-daujourdhui-un-cable-de-charge-uniforme-pour-tous\/\"},\"author\":{\"name\":\"Julien\",\"@id\":\"https:\/\/vieassociative.be\/actualites\/#\/schema\/person\/b87ac4f82f9d4e7b7cec7395b679edc4\"},\"headline\":\"USB-C : \u00e0 partir d\u2019aujourd\u2019hui, un c\u00e2ble de charge uniforme pour tous\",\"datePublished\":\"2024-12-28T14:19:07+00:00\",\"dateModified\":\"2024-12-28T14:19:07+00:00\",\"mainEntityOfPage\":{\"@id\":\"https:\/\/vieassociative.be\/actualites\/usb-c-a-partir-daujourdhui-un-cable-de-charge-uniforme-pour-tous\/\"},\"wordCount\":300,\"publisher\":{\"@id\":\"https:\/\/vieassociative.be\/actualites\/#organization\"},\"image\":{\"@id\":\"https:\/\/vieassociative.be\/actualites\/usb-c-a-partir-daujourdhui-un-cable-de-charge-uniforme-pour-tous\/#primaryimage\"},\"thumbnailUrl\":\"https:\/\/vieassociative.be\/actualites\/wp-content\/uploads\/2024\/12\/USB-C-a-partir-daujourdhui-un-cable-de-charge-uniforme.jpg\",\"keywords\":[\"c\u00e2ble\",\"charge\",\"daujourdhui\",\"partir\",\"pour\",\"tous\",\"uniforme\",\"USBC\"],\"articleSection\":[\"Belgique\"],\"inLanguage\":\"fr-BE\"},{\"@type\":\"WebPage\",\"@id\":\"https:\/\/vieassociative.be\/actualites\/usb-c-a-partir-daujourdhui-un-cable-de-charge-uniforme-pour-tous\/\",\"url\":\"https:\/\/vieassociative.be\/actualites\/usb-c-a-partir-daujourdhui-un-cable-de-charge-uniforme-pour-tous\/\",\"name\":\"USB-C : \u00e0 partir d\u2019aujourd\u2019hui, un c\u00e2ble de charge uniforme pour tous | Vie Associative\",\"isPartOf\":{\"@id\":\"https:\/\/vieassociative.be\/actualites\/#website\"},\"primaryImageOfPage\":{\"@id\":\"https:\/\/vieassociative.be\/actualites\/usb-c-a-partir-daujourdhui-un-cable-de-charge-uniforme-pour-tous\/#primaryimage\"},\"image\":{\"@id\":\"https:\/\/vieassociative.be\/actualites\/usb-c-a-partir-daujourdhui-un-cable-de-charge-uniforme-pour-tous\/#primaryimage\"},\"thumbnailUrl\":\"https:\/\/vieassociative.be\/actualites\/wp-content\/uploads\/2024\/12\/USB-C-a-partir-daujourdhui-un-cable-de-charge-uniforme.jpg\",\"datePublished\":\"2024-12-28T14:19:07+00:00\",\"dateModified\":\"2024-12-28T14:19:07+00:00\",\"breadcrumb\":{\"@id\":\"https:\/\/vieassociative.be\/actualites\/usb-c-a-partir-daujourdhui-un-cable-de-charge-uniforme-pour-tous\/#breadcrumb\"},\"inLanguage\":\"fr-BE\",\"potentialAction\":[{\"@type\":\"ReadAction\",\"target\":[\"https:\/\/vieassociative.be\/actualites\/usb-c-a-partir-daujourdhui-un-cable-de-charge-uniforme-pour-tous\/\"]}]},{\"@type\":\"ImageObject\",\"inLanguage\":\"fr-BE\",\"@id\":\"https:\/\/vieassociative.be\/actualites\/usb-c-a-partir-daujourdhui-un-cable-de-charge-uniforme-pour-tous\/#primaryimage\",\"url\":\"https:\/\/vieassociative.be\/actualites\/wp-content\/uploads\/2024\/12\/USB-C-a-partir-daujourdhui-un-cable-de-charge-uniforme.jpg\",\"contentUrl\":\"https:\/\/vieassociative.be\/actualites\/wp-content\/uploads\/2024\/12\/USB-C-a-partir-daujourdhui-un-cable-de-charge-uniforme.jpg\",\"width\":1200,\"height\":806,\"caption\":\"USB-C : \u00e0 partir d\u2019aujourd\u2019hui, un c\u00e2ble de charge uniforme pour tous\"},{\"@type\":\"BreadcrumbList\",\"@id\":\"https:\/\/vieassociative.be\/actualites\/usb-c-a-partir-daujourdhui-un-cable-de-charge-uniforme-pour-tous\/#breadcrumb\",\"itemListElement\":[{\"@type\":\"ListItem\",\"position\":1,\"name\":\"Accueil\",\"item\":\"https:\/\/vieassociative.be\/actualites\/\"},{\"@type\":\"ListItem\",\"position\":2,\"name\":\"USB-C : \u00e0 partir d\u2019aujourd\u2019hui, un c\u00e2ble de charge uniforme pour tous\"}]},{\"@type\":\"WebSite\",\"@id\":\"https:\/\/vieassociative.be\/actualites\/#website\",\"url\":\"https:\/\/vieassociative.be\/actualites\/\",\"name\":\"Vie Associative\",\"description\":\"\",\"publisher\":{\"@id\":\"https:\/\/vieassociative.be\/actualites\/#organization\"},\"potentialAction\":[{\"@type\":\"SearchAction\",\"target\":{\"@type\":\"EntryPoint\",\"urlTemplate\":\"https:\/\/vieassociative.be\/actualites\/?s={search_term_string}\"},\"query-input\":{\"@type\":\"PropertyValueSpecification\",\"valueRequired\":true,\"valueName\":\"search_term_string\"}}],\"inLanguage\":\"fr-BE\"},{\"@type\":\"Organization\",\"@id\":\"https:\/\/vieassociative.be\/actualites\/#organization\",\"name\":\"Vie Associative\",\"url\":\"https:\/\/vieassociative.be\/actualites\/\",\"logo\":{\"@type\":\"ImageObject\",\"inLanguage\":\"fr-BE\",\"@id\":\"https:\/\/vieassociative.be\/actualites\/#\/schema\/logo\/image\/\",\"url\":\"https:\/\/vieassociative.be\/actualites\/wp-content\/uploads\/2024\/09\/cropped-vieassociative_favicon.ico.png\",\"contentUrl\":\"https:\/\/vieassociative.be\/actualites\/wp-content\/uploads\/2024\/09\/cropped-vieassociative_favicon.ico.png\",\"width\":512,\"height\":512,\"caption\":\"Vie Associative\"},\"image\":{\"@id\":\"https:\/\/vieassociative.be\/actualites\/#\/schema\/logo\/image\/\"}},{\"@type\":\"Person\",\"@id\":\"https:\/\/vieassociative.be\/actualites\/#\/schema\/person\/b87ac4f82f9d4e7b7cec7395b679edc4\",\"name\":\"Julien\",\"image\":{\"@type\":\"ImageObject\",\"inLanguage\":\"fr-BE\",\"@id\":\"https:\/\/vieassociative.be\/actualites\/#\/schema\/person\/image\/\",\"url\":\"https:\/\/vieassociative.be\/actualites\/wp-content\/uploads\/2024\/09\/vie-associative-1-150x150.jpg\",\"contentUrl\":\"https:\/\/vieassociative.be\/actualites\/wp-content\/uploads\/2024\/09\/vie-associative-1-150x150.jpg\",\"caption\":\"Julien\"},\"description\":\"Je suis Julien, r\u00e9dacteur pour Vie Associative. Passionn\u00e9 par le monde associatif depuis plus de 10 ans, j'ai \u00e0 c\u0153ur de partager des histoires inspirantes et de mettre en lumi\u00e8re les initiatives locales. Mon objectif est de sensibiliser et d'encourager l'engagement communautaire \u00e0 travers mes articles.\",\"sameAs\":[\"https:\/\/vieassociative.be\/\"]}]}<\/script>\n<!-- \/ Yoast SEO plugin. -->","yoast_head_json":{"title":"USB-C : \u00e0 partir d\u2019aujourd\u2019hui, un c\u00e2ble de charge uniforme pour tous | Vie Associative","robots":{"index":"index","follow":"follow","max-snippet":"max-snippet:-1","max-image-preview":"max-image-preview:large","max-video-preview":"max-video-preview:-1"},"canonical":"https:\/\/vieassociative.be\/actualites\/usb-c-a-partir-daujourdhui-un-cable-de-charge-uniforme-pour-tous\/","og_locale":"fr_FR","og_type":"article","og_title":"USB-C : \u00e0 partir d\u2019aujourd\u2019hui, un c\u00e2ble de charge uniforme pour tous | Vie Associative","og_description":"Apr\u00e8s des ann\u00e9es de discussions, le Parlement europ\u00e9en a approuv\u00e9 l\u2019introduction de c\u00e2bles de recharge standardis\u00e9s en octobre 2022. Deux bonnes ann\u00e9es plus tard, le","og_url":"https:\/\/vieassociative.be\/actualites\/usb-c-a-partir-daujourdhui-un-cable-de-charge-uniforme-pour-tous\/","og_site_name":"Vie Associative","article_published_time":"2024-12-28T14:19:07+00:00","og_image":[{"width":279,"height":92,"url":"https:\/\/vieassociative.be\/actualites\/wp-content\/uploads\/2024\/09\/header_backgroundk-01-e1726694325946.png","type":"image\/png"}],"author":"Julien","twitter_card":"summary_large_image","twitter_misc":{"\u00c9crit par":"Julien","Dur\u00e9e de lecture est.":"1 minute"},"schema":{"@context":"https:\/\/schema.org","@graph":[{"@type":"Article","@id":"https:\/\/vieassociative.be\/actualites\/usb-c-a-partir-daujourdhui-un-cable-de-charge-uniforme-pour-tous\/#article","isPartOf":{"@id":"https:\/\/vieassociative.be\/actualites\/usb-c-a-partir-daujourdhui-un-cable-de-charge-uniforme-pour-tous\/"},"author":{"name":"Julien","@id":"https:\/\/vieassociative.be\/actualites\/#\/schema\/person\/b87ac4f82f9d4e7b7cec7395b679edc4"},"headline":"USB-C : \u00e0 partir d\u2019aujourd\u2019hui, un c\u00e2ble de charge uniforme pour tous","datePublished":"2024-12-28T14:19:07+00:00","dateModified":"2024-12-28T14:19:07+00:00","mainEntityOfPage":{"@id":"https:\/\/vieassociative.be\/actualites\/usb-c-a-partir-daujourdhui-un-cable-de-charge-uniforme-pour-tous\/"},"wordCount":300,"publisher":{"@id":"https:\/\/vieassociative.be\/actualites\/#organization"},"image":{"@id":"https:\/\/vieassociative.be\/actualites\/usb-c-a-partir-daujourdhui-un-cable-de-charge-uniforme-pour-tous\/#primaryimage"},"thumbnailUrl":"https:\/\/vieassociative.be\/actualites\/wp-content\/uploads\/2024\/12\/USB-C-a-partir-daujourdhui-un-cable-de-charge-uniforme.jpg","keywords":["c\u00e2ble","charge","daujourdhui","partir","pour","tous","uniforme","USBC"],"articleSection":["Belgique"],"inLanguage":"fr-BE"},{"@type":"WebPage","@id":"https:\/\/vieassociative.be\/actualites\/usb-c-a-partir-daujourdhui-un-cable-de-charge-uniforme-pour-tous\/","url":"https:\/\/vieassociative.be\/actualites\/usb-c-a-partir-daujourdhui-un-cable-de-charge-uniforme-pour-tous\/","name":"USB-C : \u00e0 partir d\u2019aujourd\u2019hui, un c\u00e2ble de charge uniforme pour tous | Vie Associative","isPartOf":{"@id":"https:\/\/vieassociative.be\/actualites\/#website"},"primaryImageOfPage":{"@id":"https:\/\/vieassociative.be\/actualites\/usb-c-a-partir-daujourdhui-un-cable-de-charge-uniforme-pour-tous\/#primaryimage"},"image":{"@id":"https:\/\/vieassociative.be\/actualites\/usb-c-a-partir-daujourdhui-un-cable-de-charge-uniforme-pour-tous\/#primaryimage"},"thumbnailUrl":"https:\/\/vieassociative.be\/actualites\/wp-content\/uploads\/2024\/12\/USB-C-a-partir-daujourdhui-un-cable-de-charge-uniforme.jpg","datePublished":"2024-12-28T14:19:07+00:00","dateModified":"2024-12-28T14:19:07+00:00","breadcrumb":{"@id":"https:\/\/vieassociative.be\/actualites\/usb-c-a-partir-daujourdhui-un-cable-de-charge-uniforme-pour-tous\/#breadcrumb"},"inLanguage":"fr-BE","potentialAction":[{"@type":"ReadAction","target":["https:\/\/vieassociative.be\/actualites\/usb-c-a-partir-daujourdhui-un-cable-de-charge-uniforme-pour-tous\/"]}]},{"@type":"ImageObject","inLanguage":"fr-BE","@id":"https:\/\/vieassociative.be\/actualites\/usb-c-a-partir-daujourdhui-un-cable-de-charge-uniforme-pour-tous\/#primaryimage","url":"https:\/\/vieassociative.be\/actualites\/wp-content\/uploads\/2024\/12\/USB-C-a-partir-daujourdhui-un-cable-de-charge-uniforme.jpg","contentUrl":"https:\/\/vieassociative.be\/actualites\/wp-content\/uploads\/2024\/12\/USB-C-a-partir-daujourdhui-un-cable-de-charge-uniforme.jpg","width":1200,"height":806,"caption":"USB-C : \u00e0 partir d\u2019aujourd\u2019hui, un c\u00e2ble de charge uniforme pour tous"},{"@type":"BreadcrumbList","@id":"https:\/\/vieassociative.be\/actualites\/usb-c-a-partir-daujourdhui-un-cable-de-charge-uniforme-pour-tous\/#breadcrumb","itemListElement":[{"@type":"ListItem","position":1,"name":"Accueil","item":"https:\/\/vieassociative.be\/actualites\/"},{"@type":"ListItem","position":2,"name":"USB-C : \u00e0 partir d\u2019aujourd\u2019hui, un c\u00e2ble de charge uniforme pour tous"}]},{"@type":"WebSite","@id":"https:\/\/vieassociative.be\/actualites\/#website","url":"https:\/\/vieassociative.be\/actualites\/","name":"Vie Associative","description":"","publisher":{"@id":"https:\/\/vieassociative.be\/actualites\/#organization"},"potentialAction":[{"@type":"SearchAction","target":{"@type":"EntryPoint","urlTemplate":"https:\/\/vieassociative.be\/actualites\/?s={search_term_string}"},"query-input":{"@type":"PropertyValueSpecification","valueRequired":true,"valueName":"search_term_string"}}],"inLanguage":"fr-BE"},{"@type":"Organization","@id":"https:\/\/vieassociative.be\/actualites\/#organization","name":"Vie Associative","url":"https:\/\/vieassociative.be\/actualites\/","logo":{"@type":"ImageObject","inLanguage":"fr-BE","@id":"https:\/\/vieassociative.be\/actualites\/#\/schema\/logo\/image\/","url":"https:\/\/vieassociative.be\/actualites\/wp-content\/uploads\/2024\/09\/cropped-vieassociative_favicon.ico.png","contentUrl":"https:\/\/vieassociative.be\/actualites\/wp-content\/uploads\/2024\/09\/cropped-vieassociative_favicon.ico.png","width":512,"height":512,"caption":"Vie Associative"},"image":{"@id":"https:\/\/vieassociative.be\/actualites\/#\/schema\/logo\/image\/"}},{"@type":"Person","@id":"https:\/\/vieassociative.be\/actualites\/#\/schema\/person\/b87ac4f82f9d4e7b7cec7395b679edc4","name":"Julien","image":{"@type":"ImageObject","inLanguage":"fr-BE","@id":"https:\/\/vieassociative.be\/actualites\/#\/schema\/person\/image\/","url":"https:\/\/vieassociative.be\/actualites\/wp-content\/uploads\/2024\/09\/vie-associative-1-150x150.jpg","contentUrl":"https:\/\/vieassociative.be\/actualites\/wp-content\/uploads\/2024\/09\/vie-associative-1-150x150.jpg","caption":"Julien"},"description":"Je suis Julien, r\u00e9dacteur pour Vie Associative. Passionn\u00e9 par le monde associatif depuis plus de 10 ans, j'ai \u00e0 c\u0153ur de partager des histoires inspirantes et de mettre en lumi\u00e8re les initiatives locales. Mon objectif est de sensibiliser et d'encourager l'engagement communautaire \u00e0 travers mes articles.","sameAs":["https:\/\/vieassociative.be\/"]}]}},"_links":{"self":[{"href":"https:\/\/vieassociative.be\/actualites\/wp-json\/wp\/v2\/posts\/3825"}],"collection":[{"href":"https:\/\/vieassociative.be\/actualites\/wp-json\/wp\/v2\/posts"}],"about":[{"href":"https:\/\/vieassociative.be\/actualites\/wp-json\/wp\/v2\/types\/post"}],"author":[{"embeddable":true,"href":"https:\/\/vieassociative.be\/actualites\/wp-json\/wp\/v2\/users\/1"}],"replies":[{"embeddable":true,"href":"https:\/\/vieassociative.be\/actualites\/wp-json\/wp\/v2\/comments?post=3825"}],"version-history":[{"count":0,"href":"https:\/\/vieassociative.be\/actualites\/wp-json\/wp\/v2\/posts\/3825\/revisions"}],"wp:featuredmedia":[{"embeddable":true,"href":"https:\/\/vieassociative.be\/actualites\/wp-json\/wp\/v2\/media\/3826"}],"wp:attachment":[{"href":"https:\/\/vieassociative.be\/actualites\/wp-json\/wp\/v2\/media?parent=3825"}],"wp:term":[{"taxonomy":"category","embeddable":true,"href":"https:\/\/vieassociative.be\/actualites\/wp-json\/wp\/v2\/categories?post=3825"},{"taxonomy":"post_tag","embeddable":true,"href":"https:\/\/vieassociative.be\/actualites\/wp-json\/wp\/v2\/tags?post=3825"}],"curies":[{"name":"wp","href":"https:\/\/api.w.org\/{rel}","templated":true}]}}