{"id":3821,"date":"2024-12-28T13:17:33","date_gmt":"2024-12-28T12:17:33","guid":{"rendered":"https:\/\/vieassociative.be\/actualites\/les-cinq-premieres-choses-que-vous-devriez-faire-avec-votre-fitbit-charge-6\/"},"modified":"2024-12-28T13:17:33","modified_gmt":"2024-12-28T12:17:33","slug":"les-cinq-premieres-choses-que-vous-devriez-faire-avec-votre-fitbit-charge-6","status":"publish","type":"post","link":"https:\/\/vieassociative.be\/actualites\/les-cinq-premieres-choses-que-vous-devriez-faire-avec-votre-fitbit-charge-6\/","title":{"rendered":"Les cinq premi\u00e8res choses que vous devriez faire avec votre Fitbit Charge 6"},"content":{"rendered":"<div class=\"mt-4 leading-6 md:mb-8\">Y compris comment obtenir un cadran de montre plus agr\u00e9able et comment d\u00e9sactiver le type de notification le plus ennuyeux.<\/div>\n<p><\/p>\n<p>Le Charge 6 de Fitbit est un petit tracker de fitness minimaliste tellement g\u00e9nial que vous n&rsquo;avez pratiquement rien \u00e0 faire pour commencer : il suffit de l&rsquo;attacher et de le laisser fonctionner. Mais vous pouvez faire certaines choses pour personnaliser l\u2019exp\u00e9rience et que tout fonctionne encore mieux pour vous. Voici quelques trucs et astuces pour ceux qui d\u00e9couvrent l\u2019appareil.<\/p>\n<h2 id=\"charge-it-and-set-it-up-obviously\">Chargez-le et configurez-le (\u00e9videmment)<\/h2>\n<p>Avec n&rsquo;importe quel appareil, la premi\u00e8re chose \u00e0 faire est de le charger, de l&rsquo;allumer et de suivre les instructions (\u00e0 l&rsquo;\u00e9cran ou dans un guide de d\u00e9marrage rapide) pour le connecter \u00e0 votre t\u00e9l\u00e9phone et vous assurer que votre compte Fitbit est configur\u00e9. . <\/p>\n<p>Les nouveaux Fitbits sont livr\u00e9s avec un abonnement premium de six mois, alors d\u00e9finissez d\u00e8s maintenant un rappel pour mai pour v\u00e9rifier si vous souhaitez annuler ou continuer votre abonnement premium.<\/p>\n<h2 id=\"set-up-your-charging-station-and-routine\">Configurez votre borne de recharge et votre routine<\/h2>\n<p>La batterie d&rsquo;un Fitbit Charge 6 durera presque une semaine, ce qui signifie que la semaine prochaine, vous remarquerez que la batterie devient faible et vous vous demanderez <em>o\u00f9 ai-je mis ce chargeur ?<\/em> D\u00e9cidez maintenant o\u00f9 se situera le c\u00e2ble de chargement et \u00e0 quel moment de votre routine vous chargerez l&rsquo;appareil. Les deux meilleurs moments et endroits pour la plupart des gens sont\u00a0: <\/p>\n<ul>\n<li>\n<p>Chargez l&rsquo;appareil pendant que vous \u00eates sous la douche (gardez donc le c\u00e2ble de chargement dans la salle de bain\u00a0; procurez-vous un adaptateur USB qui se branche au mur).<\/p>\n<\/li>\n<li>\n<p>Chargez l&rsquo;appareil pendant que vous \u00eates assis devant votre ordinateur, si vous avez un travail ou un passe-temps qui vous oblige \u00e0 rester au clavier pendant des heures. (Dans ce cas, le c\u00e2ble peut vivre sur votre bureau. Procurez-vous un adaptateur si vous ne disposez que de ports USB-C.)<\/p>\n<\/li>\n<\/ul>\n<h2 id=\"pick-out-a-cool-watch-face\">Choisissez un cadran de montre sympa<\/h2>\n<div class=\"eloquent-imagery-image\">\n<div class=\"flex justify-center\">\n                    <img decoding=\"async\" class=\"border border-gray-100\" src=\"https:\/\/vieassociative.be\/actualites\/wp-content\/uploads\/2024\/12\/Les-cinq-premieres-choses-que-vous-devriez-faire-avec-votre.jpg\" alt=\"captures d'\u00e9cran de la s\u00e9lection d'un cadran de montre dans l'application Fitbit\" width=\"2000\" height=\"1125\" loading=\"lazy\"  >\n            <\/div>\n<\/p><\/div>\n<p>Fra\u00eechement sorti de la bo\u00eete, votre Charge 6 ressemblera \u00e0 tous les autres Charge 6, avec cette police de lignes parall\u00e8les. Cool, mais vous avez d&rsquo;autres options. Dans votre application Fitbit, appuyez sur l&rsquo;ic\u00f4ne de l&rsquo;appareil en haut \u00e0 gauche (l\u00e0 o\u00f9 il indique le pourcentage de batterie), puis appuyez sur Charge 6. Appuyez ensuite sur Galerie et choisissez un nouveau cadran de montre. <\/p>\n<p>Notez que certaines faces peuvent afficher une s\u00e9lection rotative de m\u00e9triques. Appuyez une fois et vous verrez vos pas de la journ\u00e9e, appuyez une autre fois pour voir vos minutes actives, et ainsi de suite. Sur certains visages, comme Rise Up, chacun de ces \u00e9l\u00e9ments change la couleur du visage.<\/p>\n<p>Si vous souhaitez personnaliser encore davantage l&rsquo;apparence de votre Fitbit, le bracelet est rempla\u00e7able. Vous pouvez obtenir un lot multiple de bracelets dans des couleurs adapt\u00e9es \u00e0 votre tenue ou \u00e0 votre humeur, un bracelet en tissu si vous n&rsquo;aimez pas le silicone, ou divers bracelets \u00e9l\u00e9gants et \u00e9l\u00e9gants.<\/p>\n<div class=\"pogoClear mb-12 mt-10 rounded-md border-2 border-gray-100 py-7 shadow-xl md:py-6\">\n<div class=\"flex flex-wrap justify-between px-7 text-black no-underline md:flex-nowrap md:px-8\">\n<div class=\"order-1 mx-auto flex flex-col justify-center md:order-2 md:ml-4 md:w-full md:grow\">\n<div class=\"block cursor-pointer text-center font-akshar text-2xl font-medium leading-7 text-brand-green duration-200 ease-in-out hover:text-brand-green-700 md:text-left md:text-xl md:leading-6\">Bracelets en cuir compatibles avec les bracelets Fitbit Charge 6\/Charge 5 pour femme, bracelets multicouches faits \u00e0 la main, bijoux de rechange pour tracker d&rsquo;activit\u00e9 Charge 6\/Charge 5 (paillettes\/argent)\n                <\/div>\n<div class=\"mt-4 hidden md:flex md:justify-between\">\n<div class=\"self-end\">\n<div class=\"mb-0 h-11 md:flex md:flex-col md:justify-center\">\n<div class=\" font-sans leading-4 text-black\">\n<div class=\"flex flex-wrap items-center justify-center gap-x-1 md:justify-start\">\n        <span class=\"font-bold\"><\/p>\n<p>            16,99\u00a0$<br \/>\n                            <span class=\"font-medium\">chez Amazon<\/span><br \/>\n                    <\/span><br \/>\n                    <img decoding=\"async\" class=\"mt-0 h-(15px)\" src=\"https:\/\/vieassociative.be\/actualites\/wp-content\/uploads\/2024\/12\/Les-cinq-premieres-choses-que-vous-devriez-faire-avec-votre.svg.svg+xml\" title=\"Amazon Premier\" alt=\"Amazon Premier\">\n            <\/div>\n<\/p><\/div>\n<\/p><\/div>\n<\/p><\/div>\n<div class=\"w-44 self-end\">\n                            <button class=\"flex justify-center items-center w-full bg-brand-green text-white text-base font-sans font-medium rounded-md hover:bg-brand-green-700 hover:cursor-pointer md:text-sm h-11\"><\/p>\n<p>    Obtenez une offre<br \/>\n<\/button>\n                        <\/div>\n<\/p><\/div>\n<\/p><\/div>\n<div class=\"order-2 mt-5 h-auto w-full md:order-1 md:mt-0 md:hidden\">\n<div class=\"flex aspect-video items-center justify-center\">\n                                            <img decoding=\"async\" class=\"m-0 max-h-full max-w-full rounded-md\" src=\"https:\/\/vieassociative.be\/actualites\/wp-content\/uploads\/2024\/12\/1735388253_215_Les-cinq-premieres-choses-que-vous-devriez-faire-avec-votre.jpg\" alt=\"Bracelets en cuir compatibles avec les bracelets Fitbit Charge 6\/Charge 5 pour femme, bracelets multicouches faits \u00e0 la main, bijoux de rechange pour tracker d'activit\u00e9 Charge 6\/Charge 5 (paillettes\/argent)\" width=\"auto\" height=\"auto\" loading=\"lazy\">\n                                    <\/div>\n<\/p><\/div>\n<div class=\"order-2 ml-2 hidden w-32 shrink-0 items-center md:order-1 md:ml-0 md:flex\">\n<div class=\"flex aspect-video items-center justify-center\">\n                                            <img decoding=\"async\" class=\"m-0 max-h-full max-w-full rounded-md\" src=\"https:\/\/vieassociative.be\/actualites\/wp-content\/uploads\/2024\/12\/1735388253_215_Les-cinq-premieres-choses-que-vous-devriez-faire-avec-votre.jpg\" alt=\"Bracelets en cuir compatibles avec les bracelets Fitbit Charge 6\/Charge 5 pour femme, bracelets multicouches faits \u00e0 la main, bijoux de rechange pour tracker d'activit\u00e9 Charge 6\/Charge 5 (paillettes\/argent)\" width=\"auto\" height=\"auto\" loading=\"lazy\">\n                                    <\/div>\n<\/p><\/div>\n<div class=\"order-3 flex grow flex-wrap md:hidden md:grow-0\">\n<div class=\"mt-4 w-full\">\n                        <button class=\"flex justify-center items-center w-full bg-brand-green text-white text-base font-sans font-medium rounded-md hover:bg-brand-green-700 hover:cursor-pointer md:text-sm h-11\"><\/p>\n<p>    Obtenez une offre<br \/>\n<\/button>\n                    <\/div>\n<div class=\"mx-2 mt-4 w-full\">\n<div class=\" font-sans leading-4 text-black\">\n<div class=\"flex flex-wrap items-center justify-center gap-x-1 md:justify-start\">\n        <span class=\"font-bold\"><\/p>\n<p>            16,99\u00a0$<br \/>\n                            <span class=\"font-medium\">chez Amazon<\/span><br \/>\n                    <\/span><br \/>\n                    <img decoding=\"async\" class=\"mt-0 h-(15px)\" src=\"https:\/\/vieassociative.be\/actualites\/wp-content\/uploads\/2024\/12\/Les-cinq-premieres-choses-que-vous-devriez-faire-avec-votre.svg.svg+xml\" title=\"Amazon Premier\" alt=\"Amazon Premier\">\n            <\/div>\n<\/p><\/div>\n<\/p><\/div>\n<\/p><\/div>\n<\/p><\/div>\n<\/div>\n<h2 id=\"turn-off-the-notifications-you-dont-want\">D\u00e9sactivez les notifications dont vous ne voulez pas<\/h2>\n<p>Peut-\u00eatre que vous aimez recevoir des notifications sur votre montre, et peut-\u00eatre pas. Lorsque vous configurez votre Fitbit pour la premi\u00e8re fois, vous aurez d\u00e9cid\u00e9 si vous souhaitez que les notifications de votre t\u00e9l\u00e9phone soient refl\u00e9t\u00e9es sur votre Fitbit. (Si vous avez des regrets dans un sens ou dans l&rsquo;autre, appuyez sur Charge 6 dans l&rsquo;application Fitbit et appuyez sur Notifications pour les affiner.)<\/p>\n<p>Mais le Charge 6 a son <em>propre<\/em> raisons de vous buzzer, qui n&rsquo;y sont pas incluses. Lorsque vous faites de l&rsquo;exercice, vous pouvez ressentir un bourdonnement quasi constant de votre Fitbit, vous indiquant que vous \u00eates entr\u00e9 ou sorti d&rsquo;une zone de fr\u00e9quence cardiaque donn\u00e9e. Il doit y avoir quelqu&rsquo;un sur cette terre qui appr\u00e9cie cette fonctionnalit\u00e9, mais ce n&rsquo;est certainement pas moi, et ce n&rsquo;est probablement pas vous. S\u00e9lectionnez une activit\u00e9 (telle que Ex\u00e9cuter) et faites glisser votre doigt vers le haut pour acc\u00e9der aux param\u00e8tres. D\u00e9sactivez les \u00ab\u00a0Notifications de la zone cardiaque\u00a0\u00bb. Vous pouvez \u00e9galement faire glisser votre doigt depuis le cadran de l&rsquo;horloge principale vers le haut et appuyer sur Param\u00e8tres pour d\u00e9sactiver les \u00ab Notifications AZM \u00bb. <\/p>\n<h2 id=\"set-up-the-google-features-music-wallet-and-maps\">Configurer les fonctionnalit\u00e9s Google (Musique, Wallet et Maps) <\/h2>\n<p>Le Charge 6 peut contr\u00f4ler la musique diffus\u00e9e depuis votre t\u00e9l\u00e9phone, ce qui est pratique lorsque vous vous entra\u00eenez et que vous souhaitez sauter une piste sans sortir votre t\u00e9l\u00e9phone de votre poche ou de votre sac de sport. Cependant, la musique est toujours diffus\u00e9e \u00e0 partir de votre t\u00e9l\u00e9phone, votre t\u00e9l\u00e9phone doit donc \u00eatre \u00e0 port\u00e9e. Le bon c\u00f4t\u00e9 des choses, c&rsquo;est que vous n&rsquo;avez pas besoin de coupler des \u00e9couteurs \u00e0 votre Fitbit\u00a0; associez-les simplement \u00e0 votre t\u00e9l\u00e9phone.<\/p>\n<p>Pour contr\u00f4ler la musique de votre Charge 6, vous devez \u00eatre abonn\u00e9 \u00e0 YouTube Music (ou vouloir essayer l&rsquo;essai gratuit qu&rsquo;il proposera). Une fonctionnalit\u00e9 int\u00e9ressante est que vous obtiendrez des listes de lecture automatiques qui s&rsquo;adaptent \u00e0 vos go\u00fbts, afin que vous puissiez choisir un m\u00e9lange d&rsquo;entra\u00eenement et vous lancer. <\/p>\n<p>Le Charge 6 propose \u00e9galement la navigation si vous avez configur\u00e9 Google Maps sur votre t\u00e9l\u00e9phone, et il existe une fonction Wallet qui vous permet de payer depuis votre appareil Fitbit. Fitbit Pay est la seule fonctionnalit\u00e9 des trois qui le fait <em>pas<\/em> vous obligent \u00e0 avoir votre t\u00e9l\u00e9phone \u00e0 port\u00e9e.<\/p>\n<p>Dans l&rsquo;application Fitbit, acc\u00e9dez \u00e0 l&rsquo;ic\u00f4ne Charge 6 et appuyez sur la vignette appropri\u00e9e pour configurer Musique, Portefeuille ou Cartes. <\/p>\n<p>Et un conseil de d\u00e9pannage\u00a0: le processus de connexion ne se d\u00e9roule pas toujours sans probl\u00e8me. Par exemple, je recevais constamment un message indiquant que YouTube Music ne parvenait pas \u00e0 trouver mon t\u00e9l\u00e9phone. Si vous avez tout essay\u00e9 et que vous n&rsquo;arrivez toujours pas \u00e0 connecter le Charge 6 \u00e0 l&rsquo;application Musique (ou \u00e0 une autre application) \u00e0 votre t\u00e9l\u00e9phone, essayez ces instructions, qui ont fonctionn\u00e9 pour moi alors que rien d&rsquo;autre ne fonctionnait. Votre t\u00e9l\u00e9phone \u00ab oubliera \u00bb les param\u00e8tres Bluetooth du Charge 6, forcera la fermeture de l&rsquo;application Fitbit, red\u00e9marrera votre t\u00e9l\u00e9phone, red\u00e9marrera votre Fitbit \u00e0 l&rsquo;aide de cet \u00e9trange petit bouton sur le c\u00e2ble de chargement, et enfin \u00ab remplacera \u00bb votre appareil dans le Fitbit. application. Cela ne m&rsquo;a fait perdre aucune donn\u00e9e, et une fois termin\u00e9, j&rsquo;ai finalement eu l&rsquo;application Musique pour me faire jouer du Chappell Roan.<\/p>\n","protected":false},"excerpt":{"rendered":"<p>Y compris comment obtenir un cadran de montre plus agr\u00e9able et comment d\u00e9sactiver le type de notification le plus ennuyeux. Le Charge 6 de Fitbit<\/p>\n","protected":false},"author":1,"featured_media":3822,"comment_status":"","ping_status":"","sticky":false,"template":"","format":"standard","meta":{"footnotes":""},"categories":[38],"tags":[61,3135,93,317,636,127,331,14,597,8,4],"class_list":["post-3821","post","type-post","status-publish","format-standard","has-post-thumbnail","hentry","category-sante","tag-avec","tag-charge","tag-choses","tag-cinq","tag-devriez","tag-faire","tag-fitbit","tag-les","tag-premieres","tag-votre","tag-vous","generate-columns","tablet-grid-50","mobile-grid-100","grid-parent","grid-33"],"yoast_head":"<!-- This site is optimized with the Yoast SEO plugin v24.0 - https:\/\/yoast.com\/wordpress\/plugins\/seo\/ -->\n<title>Les cinq premi\u00e8res choses que vous devriez faire avec votre Fitbit Charge 6 | Vie Associative<\/title>\n<meta name=\"robots\" content=\"index, follow, max-snippet:-1, max-image-preview:large, max-video-preview:-1\" \/>\n<link rel=\"canonical\" href=\"https:\/\/vieassociative.be\/actualites\/les-cinq-premieres-choses-que-vous-devriez-faire-avec-votre-fitbit-charge-6\/\" \/>\n<meta property=\"og:locale\" content=\"fr_FR\" \/>\n<meta property=\"og:type\" content=\"article\" \/>\n<meta property=\"og:title\" content=\"Les cinq premi\u00e8res choses que vous devriez faire avec votre Fitbit Charge 6 | Vie Associative\" \/>\n<meta property=\"og:description\" content=\"Y compris comment obtenir un cadran de montre plus agr\u00e9able et comment d\u00e9sactiver le type de notification le plus ennuyeux. Le Charge 6 de Fitbit\" \/>\n<meta property=\"og:url\" content=\"https:\/\/vieassociative.be\/actualites\/les-cinq-premieres-choses-que-vous-devriez-faire-avec-votre-fitbit-charge-6\/\" \/>\n<meta property=\"og:site_name\" content=\"Vie Associative\" \/>\n<meta property=\"article:published_time\" content=\"2024-12-28T12:17:33+00:00\" \/>\n<meta property=\"og:image\" content=\"https:\/\/vieassociative.be\/actualites\/wp-content\/uploads\/2024\/12\/Les-cinq-premieres-choses-que-vous-devriez-faire-avec-votre.jpg\" \/>\n<meta name=\"author\" content=\"Julien\" \/>\n<meta name=\"twitter:card\" content=\"summary_large_image\" \/>\n<meta name=\"twitter:label1\" content=\"\u00c9crit par\" \/>\n\t<meta name=\"twitter:data1\" content=\"Julien\" \/>\n\t<meta name=\"twitter:label2\" content=\"Dur\u00e9e de lecture est.\" \/>\n\t<meta name=\"twitter:data2\" content=\"6 minutes\" \/>\n<script type=\"application\/ld+json\" class=\"yoast-schema-graph\">{\"@context\":\"https:\/\/schema.org\",\"@graph\":[{\"@type\":\"Article\",\"@id\":\"https:\/\/vieassociative.be\/actualites\/les-cinq-premieres-choses-que-vous-devriez-faire-avec-votre-fitbit-charge-6\/#article\",\"isPartOf\":{\"@id\":\"https:\/\/vieassociative.be\/actualites\/les-cinq-premieres-choses-que-vous-devriez-faire-avec-votre-fitbit-charge-6\/\"},\"author\":{\"name\":\"Julien\",\"@id\":\"https:\/\/vieassociative.be\/actualites\/#\/schema\/person\/b87ac4f82f9d4e7b7cec7395b679edc4\"},\"headline\":\"Les cinq premi\u00e8res choses que vous devriez faire avec votre Fitbit Charge 6\",\"datePublished\":\"2024-12-28T12:17:33+00:00\",\"dateModified\":\"2024-12-28T12:17:33+00:00\",\"mainEntityOfPage\":{\"@id\":\"https:\/\/vieassociative.be\/actualites\/les-cinq-premieres-choses-que-vous-devriez-faire-avec-votre-fitbit-charge-6\/\"},\"wordCount\":1165,\"publisher\":{\"@id\":\"https:\/\/vieassociative.be\/actualites\/#organization\"},\"image\":{\"@id\":\"https:\/\/vieassociative.be\/actualites\/les-cinq-premieres-choses-que-vous-devriez-faire-avec-votre-fitbit-charge-6\/#primaryimage\"},\"thumbnailUrl\":\"https:\/\/vieassociative.be\/actualites\/wp-content\/uploads\/2024\/12\/1735388253_Les-cinq-premieres-choses-que-vous-devriez-faire-avec-votre.jpg\",\"keywords\":[\"avec\",\"charge\",\"choses\",\"Cinq\",\"devriez\",\"faire\",\"Fitbit\",\"Les\",\"premi\u00e8res\",\"votre\",\"Vous\"],\"articleSection\":[\"Sant\u00e9\"],\"inLanguage\":\"fr-BE\"},{\"@type\":\"WebPage\",\"@id\":\"https:\/\/vieassociative.be\/actualites\/les-cinq-premieres-choses-que-vous-devriez-faire-avec-votre-fitbit-charge-6\/\",\"url\":\"https:\/\/vieassociative.be\/actualites\/les-cinq-premieres-choses-que-vous-devriez-faire-avec-votre-fitbit-charge-6\/\",\"name\":\"Les cinq premi\u00e8res choses que vous devriez faire avec votre Fitbit Charge 6 | Vie Associative\",\"isPartOf\":{\"@id\":\"https:\/\/vieassociative.be\/actualites\/#website\"},\"primaryImageOfPage\":{\"@id\":\"https:\/\/vieassociative.be\/actualites\/les-cinq-premieres-choses-que-vous-devriez-faire-avec-votre-fitbit-charge-6\/#primaryimage\"},\"image\":{\"@id\":\"https:\/\/vieassociative.be\/actualites\/les-cinq-premieres-choses-que-vous-devriez-faire-avec-votre-fitbit-charge-6\/#primaryimage\"},\"thumbnailUrl\":\"https:\/\/vieassociative.be\/actualites\/wp-content\/uploads\/2024\/12\/1735388253_Les-cinq-premieres-choses-que-vous-devriez-faire-avec-votre.jpg\",\"datePublished\":\"2024-12-28T12:17:33+00:00\",\"dateModified\":\"2024-12-28T12:17:33+00:00\",\"breadcrumb\":{\"@id\":\"https:\/\/vieassociative.be\/actualites\/les-cinq-premieres-choses-que-vous-devriez-faire-avec-votre-fitbit-charge-6\/#breadcrumb\"},\"inLanguage\":\"fr-BE\",\"potentialAction\":[{\"@type\":\"ReadAction\",\"target\":[\"https:\/\/vieassociative.be\/actualites\/les-cinq-premieres-choses-que-vous-devriez-faire-avec-votre-fitbit-charge-6\/\"]}]},{\"@type\":\"ImageObject\",\"inLanguage\":\"fr-BE\",\"@id\":\"https:\/\/vieassociative.be\/actualites\/les-cinq-premieres-choses-que-vous-devriez-faire-avec-votre-fitbit-charge-6\/#primaryimage\",\"url\":\"https:\/\/vieassociative.be\/actualites\/wp-content\/uploads\/2024\/12\/1735388253_Les-cinq-premieres-choses-que-vous-devriez-faire-avec-votre.jpg\",\"contentUrl\":\"https:\/\/vieassociative.be\/actualites\/wp-content\/uploads\/2024\/12\/1735388253_Les-cinq-premieres-choses-que-vous-devriez-faire-avec-votre.jpg\",\"width\":1200,\"height\":675,\"caption\":\"Les cinq premi\u00e8res choses que vous devriez faire avec votre Fitbit Charge 6\"},{\"@type\":\"BreadcrumbList\",\"@id\":\"https:\/\/vieassociative.be\/actualites\/les-cinq-premieres-choses-que-vous-devriez-faire-avec-votre-fitbit-charge-6\/#breadcrumb\",\"itemListElement\":[{\"@type\":\"ListItem\",\"position\":1,\"name\":\"Accueil\",\"item\":\"https:\/\/vieassociative.be\/actualites\/\"},{\"@type\":\"ListItem\",\"position\":2,\"name\":\"Les cinq premi\u00e8res choses que vous devriez faire avec votre Fitbit Charge 6\"}]},{\"@type\":\"WebSite\",\"@id\":\"https:\/\/vieassociative.be\/actualites\/#website\",\"url\":\"https:\/\/vieassociative.be\/actualites\/\",\"name\":\"Vie Associative\",\"description\":\"\",\"publisher\":{\"@id\":\"https:\/\/vieassociative.be\/actualites\/#organization\"},\"potentialAction\":[{\"@type\":\"SearchAction\",\"target\":{\"@type\":\"EntryPoint\",\"urlTemplate\":\"https:\/\/vieassociative.be\/actualites\/?s={search_term_string}\"},\"query-input\":{\"@type\":\"PropertyValueSpecification\",\"valueRequired\":true,\"valueName\":\"search_term_string\"}}],\"inLanguage\":\"fr-BE\"},{\"@type\":\"Organization\",\"@id\":\"https:\/\/vieassociative.be\/actualites\/#organization\",\"name\":\"Vie Associative\",\"url\":\"https:\/\/vieassociative.be\/actualites\/\",\"logo\":{\"@type\":\"ImageObject\",\"inLanguage\":\"fr-BE\",\"@id\":\"https:\/\/vieassociative.be\/actualites\/#\/schema\/logo\/image\/\",\"url\":\"https:\/\/vieassociative.be\/actualites\/wp-content\/uploads\/2024\/09\/cropped-vieassociative_favicon.ico.png\",\"contentUrl\":\"https:\/\/vieassociative.be\/actualites\/wp-content\/uploads\/2024\/09\/cropped-vieassociative_favicon.ico.png\",\"width\":512,\"height\":512,\"caption\":\"Vie Associative\"},\"image\":{\"@id\":\"https:\/\/vieassociative.be\/actualites\/#\/schema\/logo\/image\/\"}},{\"@type\":\"Person\",\"@id\":\"https:\/\/vieassociative.be\/actualites\/#\/schema\/person\/b87ac4f82f9d4e7b7cec7395b679edc4\",\"name\":\"Julien\",\"image\":{\"@type\":\"ImageObject\",\"inLanguage\":\"fr-BE\",\"@id\":\"https:\/\/vieassociative.be\/actualites\/#\/schema\/person\/image\/\",\"url\":\"https:\/\/vieassociative.be\/actualites\/wp-content\/uploads\/2024\/09\/vie-associative-1-150x150.jpg\",\"contentUrl\":\"https:\/\/vieassociative.be\/actualites\/wp-content\/uploads\/2024\/09\/vie-associative-1-150x150.jpg\",\"caption\":\"Julien\"},\"description\":\"Je suis Julien, r\u00e9dacteur pour Vie Associative. Passionn\u00e9 par le monde associatif depuis plus de 10 ans, j'ai \u00e0 c\u0153ur de partager des histoires inspirantes et de mettre en lumi\u00e8re les initiatives locales. Mon objectif est de sensibiliser et d'encourager l'engagement communautaire \u00e0 travers mes articles.\",\"sameAs\":[\"https:\/\/vieassociative.be\/\"]}]}<\/script>\n<!-- \/ Yoast SEO plugin. -->","yoast_head_json":{"title":"Les cinq premi\u00e8res choses que vous devriez faire avec votre Fitbit Charge 6 | Vie Associative","robots":{"index":"index","follow":"follow","max-snippet":"max-snippet:-1","max-image-preview":"max-image-preview:large","max-video-preview":"max-video-preview:-1"},"canonical":"https:\/\/vieassociative.be\/actualites\/les-cinq-premieres-choses-que-vous-devriez-faire-avec-votre-fitbit-charge-6\/","og_locale":"fr_FR","og_type":"article","og_title":"Les cinq premi\u00e8res choses que vous devriez faire avec votre Fitbit Charge 6 | Vie Associative","og_description":"Y compris comment obtenir un cadran de montre plus agr\u00e9able et comment d\u00e9sactiver le type de notification le plus ennuyeux. Le Charge 6 de Fitbit","og_url":"https:\/\/vieassociative.be\/actualites\/les-cinq-premieres-choses-que-vous-devriez-faire-avec-votre-fitbit-charge-6\/","og_site_name":"Vie Associative","article_published_time":"2024-12-28T12:17:33+00:00","og_image":[{"url":"https:\/\/vieassociative.be\/actualites\/wp-content\/uploads\/2024\/12\/Les-cinq-premieres-choses-que-vous-devriez-faire-avec-votre.jpg","type":"","width":"","height":""}],"author":"Julien","twitter_card":"summary_large_image","twitter_misc":{"\u00c9crit par":"Julien","Dur\u00e9e de lecture est.":"6 minutes"},"schema":{"@context":"https:\/\/schema.org","@graph":[{"@type":"Article","@id":"https:\/\/vieassociative.be\/actualites\/les-cinq-premieres-choses-que-vous-devriez-faire-avec-votre-fitbit-charge-6\/#article","isPartOf":{"@id":"https:\/\/vieassociative.be\/actualites\/les-cinq-premieres-choses-que-vous-devriez-faire-avec-votre-fitbit-charge-6\/"},"author":{"name":"Julien","@id":"https:\/\/vieassociative.be\/actualites\/#\/schema\/person\/b87ac4f82f9d4e7b7cec7395b679edc4"},"headline":"Les cinq premi\u00e8res choses que vous devriez faire avec votre Fitbit Charge 6","datePublished":"2024-12-28T12:17:33+00:00","dateModified":"2024-12-28T12:17:33+00:00","mainEntityOfPage":{"@id":"https:\/\/vieassociative.be\/actualites\/les-cinq-premieres-choses-que-vous-devriez-faire-avec-votre-fitbit-charge-6\/"},"wordCount":1165,"publisher":{"@id":"https:\/\/vieassociative.be\/actualites\/#organization"},"image":{"@id":"https:\/\/vieassociative.be\/actualites\/les-cinq-premieres-choses-que-vous-devriez-faire-avec-votre-fitbit-charge-6\/#primaryimage"},"thumbnailUrl":"https:\/\/vieassociative.be\/actualites\/wp-content\/uploads\/2024\/12\/1735388253_Les-cinq-premieres-choses-que-vous-devriez-faire-avec-votre.jpg","keywords":["avec","charge","choses","Cinq","devriez","faire","Fitbit","Les","premi\u00e8res","votre","Vous"],"articleSection":["Sant\u00e9"],"inLanguage":"fr-BE"},{"@type":"WebPage","@id":"https:\/\/vieassociative.be\/actualites\/les-cinq-premieres-choses-que-vous-devriez-faire-avec-votre-fitbit-charge-6\/","url":"https:\/\/vieassociative.be\/actualites\/les-cinq-premieres-choses-que-vous-devriez-faire-avec-votre-fitbit-charge-6\/","name":"Les cinq premi\u00e8res choses que vous devriez faire avec votre Fitbit Charge 6 | Vie Associative","isPartOf":{"@id":"https:\/\/vieassociative.be\/actualites\/#website"},"primaryImageOfPage":{"@id":"https:\/\/vieassociative.be\/actualites\/les-cinq-premieres-choses-que-vous-devriez-faire-avec-votre-fitbit-charge-6\/#primaryimage"},"image":{"@id":"https:\/\/vieassociative.be\/actualites\/les-cinq-premieres-choses-que-vous-devriez-faire-avec-votre-fitbit-charge-6\/#primaryimage"},"thumbnailUrl":"https:\/\/vieassociative.be\/actualites\/wp-content\/uploads\/2024\/12\/1735388253_Les-cinq-premieres-choses-que-vous-devriez-faire-avec-votre.jpg","datePublished":"2024-12-28T12:17:33+00:00","dateModified":"2024-12-28T12:17:33+00:00","breadcrumb":{"@id":"https:\/\/vieassociative.be\/actualites\/les-cinq-premieres-choses-que-vous-devriez-faire-avec-votre-fitbit-charge-6\/#breadcrumb"},"inLanguage":"fr-BE","potentialAction":[{"@type":"ReadAction","target":["https:\/\/vieassociative.be\/actualites\/les-cinq-premieres-choses-que-vous-devriez-faire-avec-votre-fitbit-charge-6\/"]}]},{"@type":"ImageObject","inLanguage":"fr-BE","@id":"https:\/\/vieassociative.be\/actualites\/les-cinq-premieres-choses-que-vous-devriez-faire-avec-votre-fitbit-charge-6\/#primaryimage","url":"https:\/\/vieassociative.be\/actualites\/wp-content\/uploads\/2024\/12\/1735388253_Les-cinq-premieres-choses-que-vous-devriez-faire-avec-votre.jpg","contentUrl":"https:\/\/vieassociative.be\/actualites\/wp-content\/uploads\/2024\/12\/1735388253_Les-cinq-premieres-choses-que-vous-devriez-faire-avec-votre.jpg","width":1200,"height":675,"caption":"Les cinq premi\u00e8res choses que vous devriez faire avec votre Fitbit Charge 6"},{"@type":"BreadcrumbList","@id":"https:\/\/vieassociative.be\/actualites\/les-cinq-premieres-choses-que-vous-devriez-faire-avec-votre-fitbit-charge-6\/#breadcrumb","itemListElement":[{"@type":"ListItem","position":1,"name":"Accueil","item":"https:\/\/vieassociative.be\/actualites\/"},{"@type":"ListItem","position":2,"name":"Les cinq premi\u00e8res choses que vous devriez faire avec votre Fitbit Charge 6"}]},{"@type":"WebSite","@id":"https:\/\/vieassociative.be\/actualites\/#website","url":"https:\/\/vieassociative.be\/actualites\/","name":"Vie Associative","description":"","publisher":{"@id":"https:\/\/vieassociative.be\/actualites\/#organization"},"potentialAction":[{"@type":"SearchAction","target":{"@type":"EntryPoint","urlTemplate":"https:\/\/vieassociative.be\/actualites\/?s={search_term_string}"},"query-input":{"@type":"PropertyValueSpecification","valueRequired":true,"valueName":"search_term_string"}}],"inLanguage":"fr-BE"},{"@type":"Organization","@id":"https:\/\/vieassociative.be\/actualites\/#organization","name":"Vie Associative","url":"https:\/\/vieassociative.be\/actualites\/","logo":{"@type":"ImageObject","inLanguage":"fr-BE","@id":"https:\/\/vieassociative.be\/actualites\/#\/schema\/logo\/image\/","url":"https:\/\/vieassociative.be\/actualites\/wp-content\/uploads\/2024\/09\/cropped-vieassociative_favicon.ico.png","contentUrl":"https:\/\/vieassociative.be\/actualites\/wp-content\/uploads\/2024\/09\/cropped-vieassociative_favicon.ico.png","width":512,"height":512,"caption":"Vie Associative"},"image":{"@id":"https:\/\/vieassociative.be\/actualites\/#\/schema\/logo\/image\/"}},{"@type":"Person","@id":"https:\/\/vieassociative.be\/actualites\/#\/schema\/person\/b87ac4f82f9d4e7b7cec7395b679edc4","name":"Julien","image":{"@type":"ImageObject","inLanguage":"fr-BE","@id":"https:\/\/vieassociative.be\/actualites\/#\/schema\/person\/image\/","url":"https:\/\/vieassociative.be\/actualites\/wp-content\/uploads\/2024\/09\/vie-associative-1-150x150.jpg","contentUrl":"https:\/\/vieassociative.be\/actualites\/wp-content\/uploads\/2024\/09\/vie-associative-1-150x150.jpg","caption":"Julien"},"description":"Je suis Julien, r\u00e9dacteur pour Vie Associative. Passionn\u00e9 par le monde associatif depuis plus de 10 ans, j'ai \u00e0 c\u0153ur de partager des histoires inspirantes et de mettre en lumi\u00e8re les initiatives locales. Mon objectif est de sensibiliser et d'encourager l'engagement communautaire \u00e0 travers mes articles.","sameAs":["https:\/\/vieassociative.be\/"]}]}},"_links":{"self":[{"href":"https:\/\/vieassociative.be\/actualites\/wp-json\/wp\/v2\/posts\/3821"}],"collection":[{"href":"https:\/\/vieassociative.be\/actualites\/wp-json\/wp\/v2\/posts"}],"about":[{"href":"https:\/\/vieassociative.be\/actualites\/wp-json\/wp\/v2\/types\/post"}],"author":[{"embeddable":true,"href":"https:\/\/vieassociative.be\/actualites\/wp-json\/wp\/v2\/users\/1"}],"replies":[{"embeddable":true,"href":"https:\/\/vieassociative.be\/actualites\/wp-json\/wp\/v2\/comments?post=3821"}],"version-history":[{"count":0,"href":"https:\/\/vieassociative.be\/actualites\/wp-json\/wp\/v2\/posts\/3821\/revisions"}],"wp:featuredmedia":[{"embeddable":true,"href":"https:\/\/vieassociative.be\/actualites\/wp-json\/wp\/v2\/media\/3822"}],"wp:attachment":[{"href":"https:\/\/vieassociative.be\/actualites\/wp-json\/wp\/v2\/media?parent=3821"}],"wp:term":[{"taxonomy":"category","embeddable":true,"href":"https:\/\/vieassociative.be\/actualites\/wp-json\/wp\/v2\/categories?post=3821"},{"taxonomy":"post_tag","embeddable":true,"href":"https:\/\/vieassociative.be\/actualites\/wp-json\/wp\/v2\/tags?post=3821"}],"curies":[{"name":"wp","href":"https:\/\/api.w.org\/{rel}","templated":true}]}}