{"id":3819,"date":"2024-12-28T12:17:32","date_gmt":"2024-12-28T11:17:32","guid":{"rendered":"https:\/\/vieassociative.be\/actualites\/que-dire-aux-petites-filles-au-lieu-de-tu-es-si-jolie\/"},"modified":"2024-12-28T12:17:32","modified_gmt":"2024-12-28T11:17:32","slug":"que-dire-aux-petites-filles-au-lieu-de-tu-es-si-jolie","status":"publish","type":"post","link":"https:\/\/vieassociative.be\/actualites\/que-dire-aux-petites-filles-au-lieu-de-tu-es-si-jolie\/","title":{"rendered":"Que dire aux petites filles au lieu de \u00ab\u00a0Tu es si jolie\u00a0\u00bb"},"content":{"rendered":"<div class=\"mt-4 leading-6 md:mb-8\">Nous devrions reconsid\u00e9rer la fa\u00e7on dont nous complimentons les jeunes filles.<\/div>\n<p><\/p>\n<p>Ce week-end, ma fille de huit ans a particip\u00e9 \u00e0 un tournoi de football incroyable. Elle s&rsquo;est bouscul\u00e9e, a effectu\u00e9 des passes intelligentes et strat\u00e9giques et a ex\u00e9cut\u00e9 de magnifiques centres devant le but. Elle aussi <em>marqu\u00e9<\/em> sept fois, aidant son \u00e9quipe \u00e0 remporter la finale et \u00e0 remporter le troph\u00e9e.<\/p>\n<p>Puis quelqu&rsquo;un (qui restera anonyme), alors que je vantais \u00e0 quel point elle jouait bien, est intervenu : \u00ab Et devinez quoi ? Pendant que vous jouiez, un groupe de gar\u00e7ons s&rsquo;est arr\u00eat\u00e9 et vous a montr\u00e9 du doigt et a dit\u00a0: <em>Qui est cette fille ? Elle est si mignonne<\/em>.\u00bb <\/p>\n<p>Non seulement c&rsquo;\u00e9tait un mensonge (c&rsquo;\u00e9tait un tournoi r\u00e9serv\u00e9 aux filles, les seuls gar\u00e7ons \u00e9taient quelques jeunes fr\u00e8res qui s&rsquo;ennuyaient coll\u00e9s aux appareils), cela impliquait qu&rsquo;elle devrait \u00eatre plus excit\u00e9e par les gar\u00e7ons qui la trouvaient mignonne en jouant que par elle. <em>jeu r\u00e9el<\/em>. Bien entendu, aucun mal n\u2019\u00e9tait voulu ; c&rsquo;\u00e9tait la version d&rsquo;un compliment de cette personne. Mais pourquoi, je vous en prie, ma fille forte, rapide et f\u00e9roce qui vient de botter les fesses lors de matchs cons\u00e9cutifs devrait-elle \u00eatre excit\u00e9e d&rsquo;\u00eatre mignonne pendant qu&rsquo;elle le faisait ? (Aussi : elle est <em>huit<\/em>.) <\/p>\n<p>L&rsquo;id\u00e9e selon laquelle l&rsquo;attention d&rsquo;une fille devrait \u00eatre d\u00e9tourn\u00e9e de ses r\u00e9alisations pour \u00eatre heureuse que les gar\u00e7ons la regardent est \u00e9videmment d\u00e9su\u00e8te et absurde. La seule gr\u00e2ce salvatrice dans cette interaction \u00e9tait que, heureusement, ma fille n&rsquo;avait aucune id\u00e9e de ce dont cette personne parlait, ni pourquoi elle devrait s&rsquo;en soucier. Cela me fait au moins savoir que ce type d\u2019\u00e9loges bas\u00e9s sur la beaut\u00e9 n\u2019est pas sur son radar. Du moins pas encore. <\/p>\n<p>Mais cela m&rsquo;a rappel\u00e9 que la fa\u00e7on dont nous parlons traditionnellement aux jeunes filles, et les messages toxiques qui y sont int\u00e9gr\u00e9s, sont au mieux g\u00eanants et au pire \u00e9rodants la confiance. L&rsquo;accent traditionnel mis sur l&rsquo;apparence des filles lorsqu&rsquo;elles sont petites peut faire en sorte que leur apparence soit un facteur d\u00e9terminant dans leur estime de soi en tant qu&rsquo;adulte. L&rsquo;Organisation nationale des femmes rapporte qu&rsquo;\u00e0 l&rsquo;\u00e2ge de 13 ans, plus de la moiti\u00e9 des filles am\u00e9ricaines ne sont pas satisfaites de leur corps (et ce chiffre atteint 78 % \u00e0 17 ans). De m\u00eame, le rapport Good Childhood Report 2016 de la Children&rsquo;s Society<em> <\/em>a r\u00e9v\u00e9l\u00e9 que plus d&rsquo;un tiers des filles \u00e2g\u00e9es de 10 \u00e0 15 ans au Royaume-Uni ne sont pas satisfaites de leur apparence.<\/p>\n<p>Le plus d\u00e9licat, c&rsquo;est que les enfants <em>sont<\/em> super mignon. Il est difficile de ne pas complimenter les enfants sur leur apparence lorsqu&rsquo;ils sont tous soign\u00e9s (surtout lorsque leurs cheveux sont orn\u00e9s de n\u0153uds, leurs pieds claquent en Mary Janes ou lorsque vous aimez vraiment leur vernis \u00e0 ongles scintillant). Nous ne disons pas <em>jamais<\/em> complimentez ces choses, mais nous devons \u00e9viter de nous concentrer sur la gentillesse au d\u00e9triment de c\u00e9l\u00e9brer les autres qualit\u00e9s de cet enfant (intelligence, \u00e9nergie, pr\u00e9venance ou curiosit\u00e9, pour n&rsquo;en nommer que quelques-unes.)<\/p>\n<p>Le but n\u2019est pas de faire honte \u00e0 qui que ce soit pour avoir utilis\u00e9 ces phrases incontournables\u00a0; c&rsquo;est ainsi que nous avons \u00e9t\u00e9 form\u00e9s en tant que soci\u00e9t\u00e9 \u00e0 parler aux filles et aux femmes. (Si je peux aller \u00e0 un club de lecture sans que la coupe de cheveux, les v\u00eatements, le maquillage, le sac \u00e0 main ou les boucles d&rsquo;oreilles de quelqu&rsquo;un soient mentionn\u00e9s dans les cinq premi\u00e8res minutes, alors frappez-moi.) Le fait est que<em> <\/em>pour apporter des alternatives aux tropes classiques bas\u00e9s sur l&rsquo;apparence qui sortent si facilement de nos langues lorsque nous parlons aux petites filles. <\/p>\n<p>La prochaine fois, plut\u00f4t qu\u2019une litanie de : \u00ab<em>Tu es si mignonne\u00a0\u00bb, \u00ab\u00a0J&rsquo;adore ta robe\u00a0\u00bb, \u00ab\u00a0Quelle princesse tu es\u00a0\u00bb, \u00ab\u00a0Regarde tes jolis ongles<\/em>\u00ab\u00a0, et le terrible \u00ab\u00a0<em>combien de petits amis as-tu ? <\/em>essayez une ou plusieurs de ces alternatives pour vous connecter avec les petites filles de votre vie.<\/p>\n<h2 id=\"what-you-can-say-instead-of-commenting-on-a-little-girls-appearance\">Ce que l&rsquo;on peut dire au lieu de commenter l&rsquo;apparence d&rsquo;une petite fille<\/h2>\n<p><em>C&rsquo;est tellement agr\u00e9able de te voir ! <\/em>(P\u00e9riode.) <\/p>\n<p><em>Que lisez-vous ces jours-ci ? <\/em><\/p>\n<p><em>Qu\u2019est-ce qui vous a le plus plu dans ce livre ? <\/em><\/p>\n<p><em>Quand j&rsquo;avais ton \u00e2ge, mon livre pr\u00e9f\u00e9r\u00e9 \u00e9tait ____. <\/em><\/p>\n<p><em>Quelle est votre \u00e9mission\/film pr\u00e9f\u00e9r\u00e9 ?<\/em><\/p>\n<p><em>Comment se passe le piano\/ballet\/karat\u00e9 ? <\/em><\/p>\n<p><em>Quelle est votre activit\u00e9 pr\u00e9f\u00e9r\u00e9e en ce moment ? <\/em><\/p>\n<p><em>Avez-vous un jeu de soci\u00e9t\u00e9 pr\u00e9f\u00e9r\u00e9? <\/em><\/p>\n<p><em>Quels sports aimez-vous pratiquer ?<\/em><\/p>\n<p><em>Qu&rsquo;avez-vous fait aujourd&rsquo;hui? <\/em><\/p>\n<p><em>Il semble que vous soyez vraiment bon en ____. <\/em><\/p>\n<p><em>Qu&rsquo;as-tu fait de gentil aujourd&rsquo;hui ? <\/em><\/p>\n<p><em>J&rsquo;aimerais voir votre jouet pr\u00e9f\u00e9r\u00e9. Pouvez-vous me montrer ? <\/em><\/p>\n<p><em>Jouez-vous aux jeux vid\u00e9o ? Quel est votre pr\u00e9f\u00e9r\u00e9 ?<\/em><\/p>\n<p><em>Tu as l&rsquo;air si heureux aujourd&rsquo;hui ! A quoi penses-tu ? <\/em><\/p>\n<p><em>Qu&rsquo;est-ce que tu pr\u00e9f\u00e8res \u00e0 l&rsquo;\u00e9cole ? <\/em><\/p>\n<p>Si vous avez du mal \u00e0 essayer de ne pas complimenter quelque chose sur leur apparence, essayez de d\u00e9tourner l&rsquo;attention d&rsquo;un jugement de valeur comme joli, beau ou mignon et faites plut\u00f4t des d\u00e9clarations descriptives et neutres. Des choses comme\u00a0: <\/p>\n<p><em>Wow, tu portes tellement de violet ! Est-ce votre couleur pr\u00e9f\u00e9r\u00e9e ?<\/em><\/p>\n<p><em>Ces chaussures sont cool. Est-ce qu&rsquo;ils s&rsquo;allument ? <\/em><\/p>\n<p><em>C&rsquo;est vous qui avez choisi cette tenue ? <\/em><\/p>\n<p><em>Ce pull a l&rsquo;air si douillet. <\/em><\/p>\n<p><em>J&rsquo;adore les paillettes. Puis-je emprunter ta chemise un jour ? <\/em><\/p>\n<p><em>J&rsquo;avais des chaussures\/une robe\/des pinces \u00e0 cheveux comme \u00e7a quand j&rsquo;\u00e9tais enfant. <\/em><\/p>\n<p><em>Je parie que ces baskets vous aident \u00e0 courir tr\u00e8s vite, n&rsquo;est-ce pas ? <\/em><\/p>\n<p>Esp\u00e9rons qu\u2019en mettant suffisamment l\u2019accent sur l\u2019apparence et en les r\u00e9orientant vers leurs qualit\u00e9s int\u00e9rieures et leurs int\u00e9r\u00eats, nous pourrons emp\u00eacher les filles de comprendre que leur apparence est la chose la plus visible et la plus importante chez elles. <\/p>\n<p><\/p>\n","protected":false},"excerpt":{"rendered":"<p>Nous devrions reconsid\u00e9rer la fa\u00e7on dont nous complimentons les jeunes filles. Ce week-end, ma fille de huit ans a particip\u00e9 \u00e0 un tournoi de football<\/p>\n","protected":false},"author":1,"featured_media":3820,"comment_status":"","ping_status":"","sticky":false,"template":"","format":"standard","meta":{"footnotes":""},"categories":[37],"tags":[289,1074,4322,4323,1541,1079],"class_list":["post-3819","post","type-post","status-publish","format-standard","has-post-thumbnail","hentry","category-famille","tag-aux","tag-dire","tag-filles","tag-jolie","tag-lieu","tag-petites","generate-columns","tablet-grid-50","mobile-grid-100","grid-parent","grid-33"],"yoast_head":"<!-- This site is optimized with the Yoast SEO plugin v24.0 - https:\/\/yoast.com\/wordpress\/plugins\/seo\/ -->\n<title>Que dire aux petites filles au lieu de \u00ab\u00a0Tu es si jolie\u00a0\u00bb | Vie Associative<\/title>\n<meta name=\"robots\" content=\"index, follow, max-snippet:-1, max-image-preview:large, max-video-preview:-1\" \/>\n<link rel=\"canonical\" href=\"https:\/\/vieassociative.be\/actualites\/que-dire-aux-petites-filles-au-lieu-de-tu-es-si-jolie\/\" \/>\n<meta property=\"og:locale\" content=\"fr_FR\" \/>\n<meta property=\"og:type\" content=\"article\" \/>\n<meta property=\"og:title\" content=\"Que dire aux petites filles au lieu de \u00ab\u00a0Tu es si jolie\u00a0\u00bb | Vie Associative\" \/>\n<meta property=\"og:description\" content=\"Nous devrions reconsid\u00e9rer la fa\u00e7on dont nous complimentons les jeunes filles. Ce week-end, ma fille de huit ans a particip\u00e9 \u00e0 un tournoi de football\" \/>\n<meta property=\"og:url\" content=\"https:\/\/vieassociative.be\/actualites\/que-dire-aux-petites-filles-au-lieu-de-tu-es-si-jolie\/\" \/>\n<meta property=\"og:site_name\" content=\"Vie Associative\" \/>\n<meta property=\"article:published_time\" content=\"2024-12-28T11:17:32+00:00\" \/>\n<meta property=\"og:image\" content=\"https:\/\/vieassociative.be\/actualites\/wp-content\/uploads\/2024\/09\/header_backgroundk-01-e1726694325946.png\" \/>\n\t<meta property=\"og:image:width\" content=\"279\" \/>\n\t<meta property=\"og:image:height\" content=\"92\" \/>\n\t<meta property=\"og:image:type\" content=\"image\/png\" \/>\n<meta name=\"author\" content=\"Julien\" \/>\n<meta name=\"twitter:card\" content=\"summary_large_image\" \/>\n<meta name=\"twitter:label1\" content=\"\u00c9crit par\" \/>\n\t<meta name=\"twitter:data1\" content=\"Julien\" \/>\n\t<meta name=\"twitter:label2\" content=\"Dur\u00e9e de lecture est.\" \/>\n\t<meta name=\"twitter:data2\" content=\"5 minutes\" \/>\n<script type=\"application\/ld+json\" class=\"yoast-schema-graph\">{\"@context\":\"https:\/\/schema.org\",\"@graph\":[{\"@type\":\"Article\",\"@id\":\"https:\/\/vieassociative.be\/actualites\/que-dire-aux-petites-filles-au-lieu-de-tu-es-si-jolie\/#article\",\"isPartOf\":{\"@id\":\"https:\/\/vieassociative.be\/actualites\/que-dire-aux-petites-filles-au-lieu-de-tu-es-si-jolie\/\"},\"author\":{\"name\":\"Julien\",\"@id\":\"https:\/\/vieassociative.be\/actualites\/#\/schema\/person\/b87ac4f82f9d4e7b7cec7395b679edc4\"},\"headline\":\"Que dire aux petites filles au lieu de \u00ab\u00a0Tu es si jolie\u00a0\u00bb\",\"datePublished\":\"2024-12-28T11:17:32+00:00\",\"dateModified\":\"2024-12-28T11:17:32+00:00\",\"mainEntityOfPage\":{\"@id\":\"https:\/\/vieassociative.be\/actualites\/que-dire-aux-petites-filles-au-lieu-de-tu-es-si-jolie\/\"},\"wordCount\":1051,\"publisher\":{\"@id\":\"https:\/\/vieassociative.be\/actualites\/#organization\"},\"image\":{\"@id\":\"https:\/\/vieassociative.be\/actualites\/que-dire-aux-petites-filles-au-lieu-de-tu-es-si-jolie\/#primaryimage\"},\"thumbnailUrl\":\"https:\/\/vieassociative.be\/actualites\/wp-content\/uploads\/2024\/12\/Que-dire-aux-petites-filles-au-lieu-de-Tu-es.jpg\",\"keywords\":[\"aux\",\"dire\",\"filles\",\"jolie\",\"lieu\",\"petites\"],\"articleSection\":[\"Famille\"],\"inLanguage\":\"fr-BE\"},{\"@type\":\"WebPage\",\"@id\":\"https:\/\/vieassociative.be\/actualites\/que-dire-aux-petites-filles-au-lieu-de-tu-es-si-jolie\/\",\"url\":\"https:\/\/vieassociative.be\/actualites\/que-dire-aux-petites-filles-au-lieu-de-tu-es-si-jolie\/\",\"name\":\"Que dire aux petites filles au lieu de \u00ab\u00a0Tu es si jolie\u00a0\u00bb | Vie Associative\",\"isPartOf\":{\"@id\":\"https:\/\/vieassociative.be\/actualites\/#website\"},\"primaryImageOfPage\":{\"@id\":\"https:\/\/vieassociative.be\/actualites\/que-dire-aux-petites-filles-au-lieu-de-tu-es-si-jolie\/#primaryimage\"},\"image\":{\"@id\":\"https:\/\/vieassociative.be\/actualites\/que-dire-aux-petites-filles-au-lieu-de-tu-es-si-jolie\/#primaryimage\"},\"thumbnailUrl\":\"https:\/\/vieassociative.be\/actualites\/wp-content\/uploads\/2024\/12\/Que-dire-aux-petites-filles-au-lieu-de-Tu-es.jpg\",\"datePublished\":\"2024-12-28T11:17:32+00:00\",\"dateModified\":\"2024-12-28T11:17:32+00:00\",\"breadcrumb\":{\"@id\":\"https:\/\/vieassociative.be\/actualites\/que-dire-aux-petites-filles-au-lieu-de-tu-es-si-jolie\/#breadcrumb\"},\"inLanguage\":\"fr-BE\",\"potentialAction\":[{\"@type\":\"ReadAction\",\"target\":[\"https:\/\/vieassociative.be\/actualites\/que-dire-aux-petites-filles-au-lieu-de-tu-es-si-jolie\/\"]}]},{\"@type\":\"ImageObject\",\"inLanguage\":\"fr-BE\",\"@id\":\"https:\/\/vieassociative.be\/actualites\/que-dire-aux-petites-filles-au-lieu-de-tu-es-si-jolie\/#primaryimage\",\"url\":\"https:\/\/vieassociative.be\/actualites\/wp-content\/uploads\/2024\/12\/Que-dire-aux-petites-filles-au-lieu-de-Tu-es.jpg\",\"contentUrl\":\"https:\/\/vieassociative.be\/actualites\/wp-content\/uploads\/2024\/12\/Que-dire-aux-petites-filles-au-lieu-de-Tu-es.jpg\",\"width\":1200,\"height\":675,\"caption\":\"Que dire aux petites filles au lieu de \u00ab\u00a0Tu es si jolie\u00a0\u00bb\"},{\"@type\":\"BreadcrumbList\",\"@id\":\"https:\/\/vieassociative.be\/actualites\/que-dire-aux-petites-filles-au-lieu-de-tu-es-si-jolie\/#breadcrumb\",\"itemListElement\":[{\"@type\":\"ListItem\",\"position\":1,\"name\":\"Accueil\",\"item\":\"https:\/\/vieassociative.be\/actualites\/\"},{\"@type\":\"ListItem\",\"position\":2,\"name\":\"Que dire aux petites filles au lieu de \u00ab\u00a0Tu es si jolie\u00a0\u00bb\"}]},{\"@type\":\"WebSite\",\"@id\":\"https:\/\/vieassociative.be\/actualites\/#website\",\"url\":\"https:\/\/vieassociative.be\/actualites\/\",\"name\":\"Vie Associative\",\"description\":\"\",\"publisher\":{\"@id\":\"https:\/\/vieassociative.be\/actualites\/#organization\"},\"potentialAction\":[{\"@type\":\"SearchAction\",\"target\":{\"@type\":\"EntryPoint\",\"urlTemplate\":\"https:\/\/vieassociative.be\/actualites\/?s={search_term_string}\"},\"query-input\":{\"@type\":\"PropertyValueSpecification\",\"valueRequired\":true,\"valueName\":\"search_term_string\"}}],\"inLanguage\":\"fr-BE\"},{\"@type\":\"Organization\",\"@id\":\"https:\/\/vieassociative.be\/actualites\/#organization\",\"name\":\"Vie Associative\",\"url\":\"https:\/\/vieassociative.be\/actualites\/\",\"logo\":{\"@type\":\"ImageObject\",\"inLanguage\":\"fr-BE\",\"@id\":\"https:\/\/vieassociative.be\/actualites\/#\/schema\/logo\/image\/\",\"url\":\"https:\/\/vieassociative.be\/actualites\/wp-content\/uploads\/2024\/09\/cropped-vieassociative_favicon.ico.png\",\"contentUrl\":\"https:\/\/vieassociative.be\/actualites\/wp-content\/uploads\/2024\/09\/cropped-vieassociative_favicon.ico.png\",\"width\":512,\"height\":512,\"caption\":\"Vie Associative\"},\"image\":{\"@id\":\"https:\/\/vieassociative.be\/actualites\/#\/schema\/logo\/image\/\"}},{\"@type\":\"Person\",\"@id\":\"https:\/\/vieassociative.be\/actualites\/#\/schema\/person\/b87ac4f82f9d4e7b7cec7395b679edc4\",\"name\":\"Julien\",\"image\":{\"@type\":\"ImageObject\",\"inLanguage\":\"fr-BE\",\"@id\":\"https:\/\/vieassociative.be\/actualites\/#\/schema\/person\/image\/\",\"url\":\"https:\/\/vieassociative.be\/actualites\/wp-content\/uploads\/2024\/09\/vie-associative-1-150x150.jpg\",\"contentUrl\":\"https:\/\/vieassociative.be\/actualites\/wp-content\/uploads\/2024\/09\/vie-associative-1-150x150.jpg\",\"caption\":\"Julien\"},\"description\":\"Je suis Julien, r\u00e9dacteur pour Vie Associative. Passionn\u00e9 par le monde associatif depuis plus de 10 ans, j'ai \u00e0 c\u0153ur de partager des histoires inspirantes et de mettre en lumi\u00e8re les initiatives locales. Mon objectif est de sensibiliser et d'encourager l'engagement communautaire \u00e0 travers mes articles.\",\"sameAs\":[\"https:\/\/vieassociative.be\/\"]}]}<\/script>\n<!-- \/ Yoast SEO plugin. -->","yoast_head_json":{"title":"Que dire aux petites filles au lieu de \u00ab\u00a0Tu es si jolie\u00a0\u00bb | Vie Associative","robots":{"index":"index","follow":"follow","max-snippet":"max-snippet:-1","max-image-preview":"max-image-preview:large","max-video-preview":"max-video-preview:-1"},"canonical":"https:\/\/vieassociative.be\/actualites\/que-dire-aux-petites-filles-au-lieu-de-tu-es-si-jolie\/","og_locale":"fr_FR","og_type":"article","og_title":"Que dire aux petites filles au lieu de \u00ab\u00a0Tu es si jolie\u00a0\u00bb | Vie Associative","og_description":"Nous devrions reconsid\u00e9rer la fa\u00e7on dont nous complimentons les jeunes filles. Ce week-end, ma fille de huit ans a particip\u00e9 \u00e0 un tournoi de football","og_url":"https:\/\/vieassociative.be\/actualites\/que-dire-aux-petites-filles-au-lieu-de-tu-es-si-jolie\/","og_site_name":"Vie Associative","article_published_time":"2024-12-28T11:17:32+00:00","og_image":[{"width":279,"height":92,"url":"https:\/\/vieassociative.be\/actualites\/wp-content\/uploads\/2024\/09\/header_backgroundk-01-e1726694325946.png","type":"image\/png"}],"author":"Julien","twitter_card":"summary_large_image","twitter_misc":{"\u00c9crit par":"Julien","Dur\u00e9e de lecture est.":"5 minutes"},"schema":{"@context":"https:\/\/schema.org","@graph":[{"@type":"Article","@id":"https:\/\/vieassociative.be\/actualites\/que-dire-aux-petites-filles-au-lieu-de-tu-es-si-jolie\/#article","isPartOf":{"@id":"https:\/\/vieassociative.be\/actualites\/que-dire-aux-petites-filles-au-lieu-de-tu-es-si-jolie\/"},"author":{"name":"Julien","@id":"https:\/\/vieassociative.be\/actualites\/#\/schema\/person\/b87ac4f82f9d4e7b7cec7395b679edc4"},"headline":"Que dire aux petites filles au lieu de \u00ab\u00a0Tu es si jolie\u00a0\u00bb","datePublished":"2024-12-28T11:17:32+00:00","dateModified":"2024-12-28T11:17:32+00:00","mainEntityOfPage":{"@id":"https:\/\/vieassociative.be\/actualites\/que-dire-aux-petites-filles-au-lieu-de-tu-es-si-jolie\/"},"wordCount":1051,"publisher":{"@id":"https:\/\/vieassociative.be\/actualites\/#organization"},"image":{"@id":"https:\/\/vieassociative.be\/actualites\/que-dire-aux-petites-filles-au-lieu-de-tu-es-si-jolie\/#primaryimage"},"thumbnailUrl":"https:\/\/vieassociative.be\/actualites\/wp-content\/uploads\/2024\/12\/Que-dire-aux-petites-filles-au-lieu-de-Tu-es.jpg","keywords":["aux","dire","filles","jolie","lieu","petites"],"articleSection":["Famille"],"inLanguage":"fr-BE"},{"@type":"WebPage","@id":"https:\/\/vieassociative.be\/actualites\/que-dire-aux-petites-filles-au-lieu-de-tu-es-si-jolie\/","url":"https:\/\/vieassociative.be\/actualites\/que-dire-aux-petites-filles-au-lieu-de-tu-es-si-jolie\/","name":"Que dire aux petites filles au lieu de \u00ab\u00a0Tu es si jolie\u00a0\u00bb | Vie Associative","isPartOf":{"@id":"https:\/\/vieassociative.be\/actualites\/#website"},"primaryImageOfPage":{"@id":"https:\/\/vieassociative.be\/actualites\/que-dire-aux-petites-filles-au-lieu-de-tu-es-si-jolie\/#primaryimage"},"image":{"@id":"https:\/\/vieassociative.be\/actualites\/que-dire-aux-petites-filles-au-lieu-de-tu-es-si-jolie\/#primaryimage"},"thumbnailUrl":"https:\/\/vieassociative.be\/actualites\/wp-content\/uploads\/2024\/12\/Que-dire-aux-petites-filles-au-lieu-de-Tu-es.jpg","datePublished":"2024-12-28T11:17:32+00:00","dateModified":"2024-12-28T11:17:32+00:00","breadcrumb":{"@id":"https:\/\/vieassociative.be\/actualites\/que-dire-aux-petites-filles-au-lieu-de-tu-es-si-jolie\/#breadcrumb"},"inLanguage":"fr-BE","potentialAction":[{"@type":"ReadAction","target":["https:\/\/vieassociative.be\/actualites\/que-dire-aux-petites-filles-au-lieu-de-tu-es-si-jolie\/"]}]},{"@type":"ImageObject","inLanguage":"fr-BE","@id":"https:\/\/vieassociative.be\/actualites\/que-dire-aux-petites-filles-au-lieu-de-tu-es-si-jolie\/#primaryimage","url":"https:\/\/vieassociative.be\/actualites\/wp-content\/uploads\/2024\/12\/Que-dire-aux-petites-filles-au-lieu-de-Tu-es.jpg","contentUrl":"https:\/\/vieassociative.be\/actualites\/wp-content\/uploads\/2024\/12\/Que-dire-aux-petites-filles-au-lieu-de-Tu-es.jpg","width":1200,"height":675,"caption":"Que dire aux petites filles au lieu de \u00ab\u00a0Tu es si jolie\u00a0\u00bb"},{"@type":"BreadcrumbList","@id":"https:\/\/vieassociative.be\/actualites\/que-dire-aux-petites-filles-au-lieu-de-tu-es-si-jolie\/#breadcrumb","itemListElement":[{"@type":"ListItem","position":1,"name":"Accueil","item":"https:\/\/vieassociative.be\/actualites\/"},{"@type":"ListItem","position":2,"name":"Que dire aux petites filles au lieu de \u00ab\u00a0Tu es si jolie\u00a0\u00bb"}]},{"@type":"WebSite","@id":"https:\/\/vieassociative.be\/actualites\/#website","url":"https:\/\/vieassociative.be\/actualites\/","name":"Vie Associative","description":"","publisher":{"@id":"https:\/\/vieassociative.be\/actualites\/#organization"},"potentialAction":[{"@type":"SearchAction","target":{"@type":"EntryPoint","urlTemplate":"https:\/\/vieassociative.be\/actualites\/?s={search_term_string}"},"query-input":{"@type":"PropertyValueSpecification","valueRequired":true,"valueName":"search_term_string"}}],"inLanguage":"fr-BE"},{"@type":"Organization","@id":"https:\/\/vieassociative.be\/actualites\/#organization","name":"Vie Associative","url":"https:\/\/vieassociative.be\/actualites\/","logo":{"@type":"ImageObject","inLanguage":"fr-BE","@id":"https:\/\/vieassociative.be\/actualites\/#\/schema\/logo\/image\/","url":"https:\/\/vieassociative.be\/actualites\/wp-content\/uploads\/2024\/09\/cropped-vieassociative_favicon.ico.png","contentUrl":"https:\/\/vieassociative.be\/actualites\/wp-content\/uploads\/2024\/09\/cropped-vieassociative_favicon.ico.png","width":512,"height":512,"caption":"Vie Associative"},"image":{"@id":"https:\/\/vieassociative.be\/actualites\/#\/schema\/logo\/image\/"}},{"@type":"Person","@id":"https:\/\/vieassociative.be\/actualites\/#\/schema\/person\/b87ac4f82f9d4e7b7cec7395b679edc4","name":"Julien","image":{"@type":"ImageObject","inLanguage":"fr-BE","@id":"https:\/\/vieassociative.be\/actualites\/#\/schema\/person\/image\/","url":"https:\/\/vieassociative.be\/actualites\/wp-content\/uploads\/2024\/09\/vie-associative-1-150x150.jpg","contentUrl":"https:\/\/vieassociative.be\/actualites\/wp-content\/uploads\/2024\/09\/vie-associative-1-150x150.jpg","caption":"Julien"},"description":"Je suis Julien, r\u00e9dacteur pour Vie Associative. Passionn\u00e9 par le monde associatif depuis plus de 10 ans, j'ai \u00e0 c\u0153ur de partager des histoires inspirantes et de mettre en lumi\u00e8re les initiatives locales. Mon objectif est de sensibiliser et d'encourager l'engagement communautaire \u00e0 travers mes articles.","sameAs":["https:\/\/vieassociative.be\/"]}]}},"_links":{"self":[{"href":"https:\/\/vieassociative.be\/actualites\/wp-json\/wp\/v2\/posts\/3819"}],"collection":[{"href":"https:\/\/vieassociative.be\/actualites\/wp-json\/wp\/v2\/posts"}],"about":[{"href":"https:\/\/vieassociative.be\/actualites\/wp-json\/wp\/v2\/types\/post"}],"author":[{"embeddable":true,"href":"https:\/\/vieassociative.be\/actualites\/wp-json\/wp\/v2\/users\/1"}],"replies":[{"embeddable":true,"href":"https:\/\/vieassociative.be\/actualites\/wp-json\/wp\/v2\/comments?post=3819"}],"version-history":[{"count":0,"href":"https:\/\/vieassociative.be\/actualites\/wp-json\/wp\/v2\/posts\/3819\/revisions"}],"wp:featuredmedia":[{"embeddable":true,"href":"https:\/\/vieassociative.be\/actualites\/wp-json\/wp\/v2\/media\/3820"}],"wp:attachment":[{"href":"https:\/\/vieassociative.be\/actualites\/wp-json\/wp\/v2\/media?parent=3819"}],"wp:term":[{"taxonomy":"category","embeddable":true,"href":"https:\/\/vieassociative.be\/actualites\/wp-json\/wp\/v2\/categories?post=3819"},{"taxonomy":"post_tag","embeddable":true,"href":"https:\/\/vieassociative.be\/actualites\/wp-json\/wp\/v2\/tags?post=3819"}],"curies":[{"name":"wp","href":"https:\/\/api.w.org\/{rel}","templated":true}]}}