{"id":3815,"date":"2024-12-28T08:19:20","date_gmt":"2024-12-28T07:19:20","guid":{"rendered":"https:\/\/vieassociative.be\/actualites\/pourquoi-votre-nouvelle-meta-quete-pourrait-ne-pas-fonctionner\/"},"modified":"2024-12-28T08:19:20","modified_gmt":"2024-12-28T07:19:20","slug":"pourquoi-votre-nouvelle-meta-quete-pourrait-ne-pas-fonctionner","status":"publish","type":"post","link":"https:\/\/vieassociative.be\/actualites\/pourquoi-votre-nouvelle-meta-quete-pourrait-ne-pas-fonctionner\/","title":{"rendered":"Pourquoi votre nouvelle m\u00e9ta-qu\u00eate pourrait ne pas fonctionner"},"content":{"rendered":"<div class=\"mt-4 leading-6 md:mb-8\">Une nouvelle mise \u00e0 jour semble rendre les casques Meta Quest inutilisables, les rapports des utilisateurs sugg\u00e9rant aux nouveaux propri\u00e9taires d&rsquo;\u00e9viter de configurer leurs appareils jusqu&rsquo;\u00e0 ce qu&rsquo;un correctif soit publi\u00e9.<\/div>\n<p><\/p>\n<p>Les vacances sont probablement le pire moment pour une mise \u00e0 jour logicielle rendant les casques Meta&rsquo;s Quest inutilisables, mais c&rsquo;est exactement la situation dans laquelle nous nous trouvons actuellement. Selon les publications sur les forums Reddit et Meta, les utilisateurs rencontrent des probl\u00e8mes avec les casques Quest 2, Quest 3 et Quest 3S, nouveaux et existants, qui s&rsquo;enferment essentiellement dans un message d&rsquo;erreur ou un \u00e9cran noir interminable apr\u00e8s l&rsquo;installation de leur logiciel le plus r\u00e9cent. .<\/p>\n<p>La cause du bug n&rsquo;est pas tout \u00e0 fait claire, bien qu&rsquo;une th\u00e9orie populaire sur les forums Meta semble se concentrer sur les appareils qui n&rsquo;ont pas \u00e9t\u00e9 utilis\u00e9s depuis un certain temps. Essentiellement, alors que les utilisateurs ex\u00e9cutant le micrologiciel Quest le plus r\u00e9cent semblent \u00eatre en mesure de mettre \u00e0 jour leurs appareils sans probl\u00e8me, ceux qui mettent \u00e0 jour \u00e0 partir d&rsquo;anciennes versions du micrologiciel sont plus susceptibles de rencontrer des probl\u00e8mes (cela m&rsquo;inclurait, m\u00eame si mon casque se trouve actuellement \u00e0 quelques centaines de kilom\u00e8tres). loin de moi, je devrai donc m&rsquo;appuyer sur les rapports des utilisateurs).<\/p>\n<p>Cependant, le probl\u00e8me semble \u00e9galement \u00eatre courant sur les casques les plus r\u00e9cents, selon Reddit. Ici, les utilisateurs signalent que les tout nouveaux casques tenteront la mise \u00e0 jour d\u00e8s leur mise sous tension, se verrouillant sur un message d&rsquo;erreur d\u00e8s que la mise \u00e0 jour sera termin\u00e9e.<\/p>\n<p>Il est possible que de nouveaux casques qui sont rest\u00e9s sur une \u00e9tag\u00e8re pendant un certain temps ex\u00e9cutent \u00e9galement un micrologiciel obsol\u00e8te, mais un point commun entre les forums Reddit et Meta est que les r\u00e9initialisations d&rsquo;usine n&rsquo;aident pas et doivent \u00eatre \u00e9vit\u00e9es. Il y a de fortes chances que vous ne puissiez tout simplement pas d\u00e9marrer, mais que vous soyez bloqu\u00e9 sur un \u00e9cran noir jusqu&rsquo;\u00e0 ce que vous abandonniez.<\/p>\n<p>Alors que les membres du forum Meta affirment que le service client n&rsquo;a pas r\u00e9ussi \u00e0 les aider au d\u00e9part, au-del\u00e0 de leur sugg\u00e9rer d&rsquo;acheter un Quest remis \u00e0 neuf en remplacement, la soci\u00e9t\u00e9 a depuis chang\u00e9 d&rsquo;avis. Actuellement, Meta sugg\u00e8re aux propri\u00e9taires de Quest rencontrant ce probl\u00e8me d&rsquo;essayer de red\u00e9marrer le casque en l&rsquo;\u00e9teignant, puis en maintenant le bouton d&rsquo;alimentation enfonc\u00e9 pendant 45 secondes avant de le rel\u00e2cher.<\/p>\n<p>Ce n&rsquo;est pas une solution garantie, mais c&rsquo;est mieux que rien. Apparemment, une solution plus robuste est en route, car Meta affirme qu&rsquo;elle s&rsquo;efforce de r\u00e9soudre le probl\u00e8me \u00ab d\u00e8s que possible \u00bb.<\/p>\n<p>Pour l&rsquo;instant, les r\u00e9dacteurs confront\u00e9s \u00e0 ce probl\u00e8me conseillent aux nouveaux propri\u00e9taires de Quest d&rsquo;\u00e9viter d&rsquo;allumer leurs casques, tandis que les propri\u00e9taires de Quest existants devraient attendre toute mise \u00e0 jour. Vraisemblablement, les nouveaux propri\u00e9taires de Quest pourraient \u00e9galement allumer leur casque dans un endroit sans wifi pour \u00e9viter la mise \u00e0 jour, bien que les fonctionnalit\u00e9s d&rsquo;un nouveau casque soient s\u00e9v\u00e8rement limit\u00e9es sans acc\u00e8s \u00e0 Internet.<\/p>\n","protected":false},"excerpt":{"rendered":"<p>Une nouvelle mise \u00e0 jour semble rendre les casques Meta Quest inutilisables, les rapports des utilisateurs sugg\u00e9rant aux nouveaux propri\u00e9taires d&rsquo;\u00e9viter de configurer leurs appareils<\/p>\n","protected":false},"author":1,"featured_media":3816,"comment_status":"","ping_status":"","sticky":false,"template":"","format":"standard","meta":{"footnotes":""},"categories":[13],"tags":[1318,4321,491,126,734,1041,8],"class_list":["post-3815","post","type-post","status-publish","format-standard","has-post-thumbnail","hentry","category-technologie","tag-fonctionner","tag-metaquete","tag-nouvelle","tag-pas","tag-pourquoi","tag-pourrait","tag-votre","generate-columns","tablet-grid-50","mobile-grid-100","grid-parent","grid-33"],"yoast_head":"<!-- This site is optimized with the Yoast SEO plugin v24.0 - https:\/\/yoast.com\/wordpress\/plugins\/seo\/ -->\n<title>Pourquoi votre nouvelle m\u00e9ta-qu\u00eate pourrait ne pas fonctionner | Vie Associative<\/title>\n<meta name=\"robots\" content=\"index, follow, max-snippet:-1, max-image-preview:large, max-video-preview:-1\" \/>\n<link rel=\"canonical\" href=\"https:\/\/vieassociative.be\/actualites\/pourquoi-votre-nouvelle-meta-quete-pourrait-ne-pas-fonctionner\/\" \/>\n<meta property=\"og:locale\" content=\"fr_FR\" \/>\n<meta property=\"og:type\" content=\"article\" \/>\n<meta property=\"og:title\" content=\"Pourquoi votre nouvelle m\u00e9ta-qu\u00eate pourrait ne pas fonctionner | Vie Associative\" \/>\n<meta property=\"og:description\" content=\"Une nouvelle mise \u00e0 jour semble rendre les casques Meta Quest inutilisables, les rapports des utilisateurs sugg\u00e9rant aux nouveaux propri\u00e9taires d&rsquo;\u00e9viter de configurer leurs appareils\" \/>\n<meta property=\"og:url\" content=\"https:\/\/vieassociative.be\/actualites\/pourquoi-votre-nouvelle-meta-quete-pourrait-ne-pas-fonctionner\/\" \/>\n<meta property=\"og:site_name\" content=\"Vie Associative\" \/>\n<meta property=\"article:published_time\" content=\"2024-12-28T07:19:20+00:00\" \/>\n<meta property=\"og:image\" content=\"https:\/\/vieassociative.be\/actualites\/wp-content\/uploads\/2024\/09\/header_backgroundk-01-e1726694325946.png\" \/>\n\t<meta property=\"og:image:width\" content=\"279\" \/>\n\t<meta property=\"og:image:height\" content=\"92\" \/>\n\t<meta property=\"og:image:type\" content=\"image\/png\" \/>\n<meta name=\"author\" content=\"Julien\" \/>\n<meta name=\"twitter:card\" content=\"summary_large_image\" \/>\n<meta name=\"twitter:label1\" content=\"\u00c9crit par\" \/>\n\t<meta name=\"twitter:data1\" content=\"Julien\" \/>\n\t<meta name=\"twitter:label2\" content=\"Dur\u00e9e de lecture est.\" \/>\n\t<meta name=\"twitter:data2\" content=\"3 minutes\" \/>\n<script type=\"application\/ld+json\" class=\"yoast-schema-graph\">{\"@context\":\"https:\/\/schema.org\",\"@graph\":[{\"@type\":\"Article\",\"@id\":\"https:\/\/vieassociative.be\/actualites\/pourquoi-votre-nouvelle-meta-quete-pourrait-ne-pas-fonctionner\/#article\",\"isPartOf\":{\"@id\":\"https:\/\/vieassociative.be\/actualites\/pourquoi-votre-nouvelle-meta-quete-pourrait-ne-pas-fonctionner\/\"},\"author\":{\"name\":\"Julien\",\"@id\":\"https:\/\/vieassociative.be\/actualites\/#\/schema\/person\/b87ac4f82f9d4e7b7cec7395b679edc4\"},\"headline\":\"Pourquoi votre nouvelle m\u00e9ta-qu\u00eate pourrait ne pas fonctionner\",\"datePublished\":\"2024-12-28T07:19:20+00:00\",\"dateModified\":\"2024-12-28T07:19:20+00:00\",\"mainEntityOfPage\":{\"@id\":\"https:\/\/vieassociative.be\/actualites\/pourquoi-votre-nouvelle-meta-quete-pourrait-ne-pas-fonctionner\/\"},\"wordCount\":565,\"publisher\":{\"@id\":\"https:\/\/vieassociative.be\/actualites\/#organization\"},\"image\":{\"@id\":\"https:\/\/vieassociative.be\/actualites\/pourquoi-votre-nouvelle-meta-quete-pourrait-ne-pas-fonctionner\/#primaryimage\"},\"thumbnailUrl\":\"https:\/\/vieassociative.be\/actualites\/wp-content\/uploads\/2024\/12\/Pourquoi-votre-nouvelle-meta-quete-pourrait-ne-pas-fonctionner.png\",\"keywords\":[\"fonctionner\",\"m\u00e9taqu\u00eate\",\"nouvelle\",\"pas\",\"Pourquoi\",\"pourrait\",\"votre\"],\"articleSection\":[\"Technologie\"],\"inLanguage\":\"fr-BE\"},{\"@type\":\"WebPage\",\"@id\":\"https:\/\/vieassociative.be\/actualites\/pourquoi-votre-nouvelle-meta-quete-pourrait-ne-pas-fonctionner\/\",\"url\":\"https:\/\/vieassociative.be\/actualites\/pourquoi-votre-nouvelle-meta-quete-pourrait-ne-pas-fonctionner\/\",\"name\":\"Pourquoi votre nouvelle m\u00e9ta-qu\u00eate pourrait ne pas fonctionner | Vie Associative\",\"isPartOf\":{\"@id\":\"https:\/\/vieassociative.be\/actualites\/#website\"},\"primaryImageOfPage\":{\"@id\":\"https:\/\/vieassociative.be\/actualites\/pourquoi-votre-nouvelle-meta-quete-pourrait-ne-pas-fonctionner\/#primaryimage\"},\"image\":{\"@id\":\"https:\/\/vieassociative.be\/actualites\/pourquoi-votre-nouvelle-meta-quete-pourrait-ne-pas-fonctionner\/#primaryimage\"},\"thumbnailUrl\":\"https:\/\/vieassociative.be\/actualites\/wp-content\/uploads\/2024\/12\/Pourquoi-votre-nouvelle-meta-quete-pourrait-ne-pas-fonctionner.png\",\"datePublished\":\"2024-12-28T07:19:20+00:00\",\"dateModified\":\"2024-12-28T07:19:20+00:00\",\"breadcrumb\":{\"@id\":\"https:\/\/vieassociative.be\/actualites\/pourquoi-votre-nouvelle-meta-quete-pourrait-ne-pas-fonctionner\/#breadcrumb\"},\"inLanguage\":\"fr-BE\",\"potentialAction\":[{\"@type\":\"ReadAction\",\"target\":[\"https:\/\/vieassociative.be\/actualites\/pourquoi-votre-nouvelle-meta-quete-pourrait-ne-pas-fonctionner\/\"]}]},{\"@type\":\"ImageObject\",\"inLanguage\":\"fr-BE\",\"@id\":\"https:\/\/vieassociative.be\/actualites\/pourquoi-votre-nouvelle-meta-quete-pourrait-ne-pas-fonctionner\/#primaryimage\",\"url\":\"https:\/\/vieassociative.be\/actualites\/wp-content\/uploads\/2024\/12\/Pourquoi-votre-nouvelle-meta-quete-pourrait-ne-pas-fonctionner.png\",\"contentUrl\":\"https:\/\/vieassociative.be\/actualites\/wp-content\/uploads\/2024\/12\/Pourquoi-votre-nouvelle-meta-quete-pourrait-ne-pas-fonctionner.png\",\"width\":1200,\"height\":675,\"caption\":\"Pourquoi votre nouvelle m\u00e9ta-qu\u00eate pourrait ne pas fonctionner\"},{\"@type\":\"BreadcrumbList\",\"@id\":\"https:\/\/vieassociative.be\/actualites\/pourquoi-votre-nouvelle-meta-quete-pourrait-ne-pas-fonctionner\/#breadcrumb\",\"itemListElement\":[{\"@type\":\"ListItem\",\"position\":1,\"name\":\"Accueil\",\"item\":\"https:\/\/vieassociative.be\/actualites\/\"},{\"@type\":\"ListItem\",\"position\":2,\"name\":\"Pourquoi votre nouvelle m\u00e9ta-qu\u00eate pourrait ne pas fonctionner\"}]},{\"@type\":\"WebSite\",\"@id\":\"https:\/\/vieassociative.be\/actualites\/#website\",\"url\":\"https:\/\/vieassociative.be\/actualites\/\",\"name\":\"Vie Associative\",\"description\":\"\",\"publisher\":{\"@id\":\"https:\/\/vieassociative.be\/actualites\/#organization\"},\"potentialAction\":[{\"@type\":\"SearchAction\",\"target\":{\"@type\":\"EntryPoint\",\"urlTemplate\":\"https:\/\/vieassociative.be\/actualites\/?s={search_term_string}\"},\"query-input\":{\"@type\":\"PropertyValueSpecification\",\"valueRequired\":true,\"valueName\":\"search_term_string\"}}],\"inLanguage\":\"fr-BE\"},{\"@type\":\"Organization\",\"@id\":\"https:\/\/vieassociative.be\/actualites\/#organization\",\"name\":\"Vie Associative\",\"url\":\"https:\/\/vieassociative.be\/actualites\/\",\"logo\":{\"@type\":\"ImageObject\",\"inLanguage\":\"fr-BE\",\"@id\":\"https:\/\/vieassociative.be\/actualites\/#\/schema\/logo\/image\/\",\"url\":\"https:\/\/vieassociative.be\/actualites\/wp-content\/uploads\/2024\/09\/cropped-vieassociative_favicon.ico.png\",\"contentUrl\":\"https:\/\/vieassociative.be\/actualites\/wp-content\/uploads\/2024\/09\/cropped-vieassociative_favicon.ico.png\",\"width\":512,\"height\":512,\"caption\":\"Vie Associative\"},\"image\":{\"@id\":\"https:\/\/vieassociative.be\/actualites\/#\/schema\/logo\/image\/\"}},{\"@type\":\"Person\",\"@id\":\"https:\/\/vieassociative.be\/actualites\/#\/schema\/person\/b87ac4f82f9d4e7b7cec7395b679edc4\",\"name\":\"Julien\",\"image\":{\"@type\":\"ImageObject\",\"inLanguage\":\"fr-BE\",\"@id\":\"https:\/\/vieassociative.be\/actualites\/#\/schema\/person\/image\/\",\"url\":\"https:\/\/vieassociative.be\/actualites\/wp-content\/uploads\/2024\/09\/vie-associative-1-150x150.jpg\",\"contentUrl\":\"https:\/\/vieassociative.be\/actualites\/wp-content\/uploads\/2024\/09\/vie-associative-1-150x150.jpg\",\"caption\":\"Julien\"},\"description\":\"Je suis Julien, r\u00e9dacteur pour Vie Associative. Passionn\u00e9 par le monde associatif depuis plus de 10 ans, j'ai \u00e0 c\u0153ur de partager des histoires inspirantes et de mettre en lumi\u00e8re les initiatives locales. Mon objectif est de sensibiliser et d'encourager l'engagement communautaire \u00e0 travers mes articles.\",\"sameAs\":[\"https:\/\/vieassociative.be\/\"]}]}<\/script>\n<!-- \/ Yoast SEO plugin. -->","yoast_head_json":{"title":"Pourquoi votre nouvelle m\u00e9ta-qu\u00eate pourrait ne pas fonctionner | Vie Associative","robots":{"index":"index","follow":"follow","max-snippet":"max-snippet:-1","max-image-preview":"max-image-preview:large","max-video-preview":"max-video-preview:-1"},"canonical":"https:\/\/vieassociative.be\/actualites\/pourquoi-votre-nouvelle-meta-quete-pourrait-ne-pas-fonctionner\/","og_locale":"fr_FR","og_type":"article","og_title":"Pourquoi votre nouvelle m\u00e9ta-qu\u00eate pourrait ne pas fonctionner | Vie Associative","og_description":"Une nouvelle mise \u00e0 jour semble rendre les casques Meta Quest inutilisables, les rapports des utilisateurs sugg\u00e9rant aux nouveaux propri\u00e9taires d&rsquo;\u00e9viter de configurer leurs appareils","og_url":"https:\/\/vieassociative.be\/actualites\/pourquoi-votre-nouvelle-meta-quete-pourrait-ne-pas-fonctionner\/","og_site_name":"Vie Associative","article_published_time":"2024-12-28T07:19:20+00:00","og_image":[{"width":279,"height":92,"url":"https:\/\/vieassociative.be\/actualites\/wp-content\/uploads\/2024\/09\/header_backgroundk-01-e1726694325946.png","type":"image\/png"}],"author":"Julien","twitter_card":"summary_large_image","twitter_misc":{"\u00c9crit par":"Julien","Dur\u00e9e de lecture est.":"3 minutes"},"schema":{"@context":"https:\/\/schema.org","@graph":[{"@type":"Article","@id":"https:\/\/vieassociative.be\/actualites\/pourquoi-votre-nouvelle-meta-quete-pourrait-ne-pas-fonctionner\/#article","isPartOf":{"@id":"https:\/\/vieassociative.be\/actualites\/pourquoi-votre-nouvelle-meta-quete-pourrait-ne-pas-fonctionner\/"},"author":{"name":"Julien","@id":"https:\/\/vieassociative.be\/actualites\/#\/schema\/person\/b87ac4f82f9d4e7b7cec7395b679edc4"},"headline":"Pourquoi votre nouvelle m\u00e9ta-qu\u00eate pourrait ne pas fonctionner","datePublished":"2024-12-28T07:19:20+00:00","dateModified":"2024-12-28T07:19:20+00:00","mainEntityOfPage":{"@id":"https:\/\/vieassociative.be\/actualites\/pourquoi-votre-nouvelle-meta-quete-pourrait-ne-pas-fonctionner\/"},"wordCount":565,"publisher":{"@id":"https:\/\/vieassociative.be\/actualites\/#organization"},"image":{"@id":"https:\/\/vieassociative.be\/actualites\/pourquoi-votre-nouvelle-meta-quete-pourrait-ne-pas-fonctionner\/#primaryimage"},"thumbnailUrl":"https:\/\/vieassociative.be\/actualites\/wp-content\/uploads\/2024\/12\/Pourquoi-votre-nouvelle-meta-quete-pourrait-ne-pas-fonctionner.png","keywords":["fonctionner","m\u00e9taqu\u00eate","nouvelle","pas","Pourquoi","pourrait","votre"],"articleSection":["Technologie"],"inLanguage":"fr-BE"},{"@type":"WebPage","@id":"https:\/\/vieassociative.be\/actualites\/pourquoi-votre-nouvelle-meta-quete-pourrait-ne-pas-fonctionner\/","url":"https:\/\/vieassociative.be\/actualites\/pourquoi-votre-nouvelle-meta-quete-pourrait-ne-pas-fonctionner\/","name":"Pourquoi votre nouvelle m\u00e9ta-qu\u00eate pourrait ne pas fonctionner | Vie Associative","isPartOf":{"@id":"https:\/\/vieassociative.be\/actualites\/#website"},"primaryImageOfPage":{"@id":"https:\/\/vieassociative.be\/actualites\/pourquoi-votre-nouvelle-meta-quete-pourrait-ne-pas-fonctionner\/#primaryimage"},"image":{"@id":"https:\/\/vieassociative.be\/actualites\/pourquoi-votre-nouvelle-meta-quete-pourrait-ne-pas-fonctionner\/#primaryimage"},"thumbnailUrl":"https:\/\/vieassociative.be\/actualites\/wp-content\/uploads\/2024\/12\/Pourquoi-votre-nouvelle-meta-quete-pourrait-ne-pas-fonctionner.png","datePublished":"2024-12-28T07:19:20+00:00","dateModified":"2024-12-28T07:19:20+00:00","breadcrumb":{"@id":"https:\/\/vieassociative.be\/actualites\/pourquoi-votre-nouvelle-meta-quete-pourrait-ne-pas-fonctionner\/#breadcrumb"},"inLanguage":"fr-BE","potentialAction":[{"@type":"ReadAction","target":["https:\/\/vieassociative.be\/actualites\/pourquoi-votre-nouvelle-meta-quete-pourrait-ne-pas-fonctionner\/"]}]},{"@type":"ImageObject","inLanguage":"fr-BE","@id":"https:\/\/vieassociative.be\/actualites\/pourquoi-votre-nouvelle-meta-quete-pourrait-ne-pas-fonctionner\/#primaryimage","url":"https:\/\/vieassociative.be\/actualites\/wp-content\/uploads\/2024\/12\/Pourquoi-votre-nouvelle-meta-quete-pourrait-ne-pas-fonctionner.png","contentUrl":"https:\/\/vieassociative.be\/actualites\/wp-content\/uploads\/2024\/12\/Pourquoi-votre-nouvelle-meta-quete-pourrait-ne-pas-fonctionner.png","width":1200,"height":675,"caption":"Pourquoi votre nouvelle m\u00e9ta-qu\u00eate pourrait ne pas fonctionner"},{"@type":"BreadcrumbList","@id":"https:\/\/vieassociative.be\/actualites\/pourquoi-votre-nouvelle-meta-quete-pourrait-ne-pas-fonctionner\/#breadcrumb","itemListElement":[{"@type":"ListItem","position":1,"name":"Accueil","item":"https:\/\/vieassociative.be\/actualites\/"},{"@type":"ListItem","position":2,"name":"Pourquoi votre nouvelle m\u00e9ta-qu\u00eate pourrait ne pas fonctionner"}]},{"@type":"WebSite","@id":"https:\/\/vieassociative.be\/actualites\/#website","url":"https:\/\/vieassociative.be\/actualites\/","name":"Vie Associative","description":"","publisher":{"@id":"https:\/\/vieassociative.be\/actualites\/#organization"},"potentialAction":[{"@type":"SearchAction","target":{"@type":"EntryPoint","urlTemplate":"https:\/\/vieassociative.be\/actualites\/?s={search_term_string}"},"query-input":{"@type":"PropertyValueSpecification","valueRequired":true,"valueName":"search_term_string"}}],"inLanguage":"fr-BE"},{"@type":"Organization","@id":"https:\/\/vieassociative.be\/actualites\/#organization","name":"Vie Associative","url":"https:\/\/vieassociative.be\/actualites\/","logo":{"@type":"ImageObject","inLanguage":"fr-BE","@id":"https:\/\/vieassociative.be\/actualites\/#\/schema\/logo\/image\/","url":"https:\/\/vieassociative.be\/actualites\/wp-content\/uploads\/2024\/09\/cropped-vieassociative_favicon.ico.png","contentUrl":"https:\/\/vieassociative.be\/actualites\/wp-content\/uploads\/2024\/09\/cropped-vieassociative_favicon.ico.png","width":512,"height":512,"caption":"Vie Associative"},"image":{"@id":"https:\/\/vieassociative.be\/actualites\/#\/schema\/logo\/image\/"}},{"@type":"Person","@id":"https:\/\/vieassociative.be\/actualites\/#\/schema\/person\/b87ac4f82f9d4e7b7cec7395b679edc4","name":"Julien","image":{"@type":"ImageObject","inLanguage":"fr-BE","@id":"https:\/\/vieassociative.be\/actualites\/#\/schema\/person\/image\/","url":"https:\/\/vieassociative.be\/actualites\/wp-content\/uploads\/2024\/09\/vie-associative-1-150x150.jpg","contentUrl":"https:\/\/vieassociative.be\/actualites\/wp-content\/uploads\/2024\/09\/vie-associative-1-150x150.jpg","caption":"Julien"},"description":"Je suis Julien, r\u00e9dacteur pour Vie Associative. Passionn\u00e9 par le monde associatif depuis plus de 10 ans, j'ai \u00e0 c\u0153ur de partager des histoires inspirantes et de mettre en lumi\u00e8re les initiatives locales. Mon objectif est de sensibiliser et d'encourager l'engagement communautaire \u00e0 travers mes articles.","sameAs":["https:\/\/vieassociative.be\/"]}]}},"_links":{"self":[{"href":"https:\/\/vieassociative.be\/actualites\/wp-json\/wp\/v2\/posts\/3815"}],"collection":[{"href":"https:\/\/vieassociative.be\/actualites\/wp-json\/wp\/v2\/posts"}],"about":[{"href":"https:\/\/vieassociative.be\/actualites\/wp-json\/wp\/v2\/types\/post"}],"author":[{"embeddable":true,"href":"https:\/\/vieassociative.be\/actualites\/wp-json\/wp\/v2\/users\/1"}],"replies":[{"embeddable":true,"href":"https:\/\/vieassociative.be\/actualites\/wp-json\/wp\/v2\/comments?post=3815"}],"version-history":[{"count":0,"href":"https:\/\/vieassociative.be\/actualites\/wp-json\/wp\/v2\/posts\/3815\/revisions"}],"wp:featuredmedia":[{"embeddable":true,"href":"https:\/\/vieassociative.be\/actualites\/wp-json\/wp\/v2\/media\/3816"}],"wp:attachment":[{"href":"https:\/\/vieassociative.be\/actualites\/wp-json\/wp\/v2\/media?parent=3815"}],"wp:term":[{"taxonomy":"category","embeddable":true,"href":"https:\/\/vieassociative.be\/actualites\/wp-json\/wp\/v2\/categories?post=3815"},{"taxonomy":"post_tag","embeddable":true,"href":"https:\/\/vieassociative.be\/actualites\/wp-json\/wp\/v2\/tags?post=3815"}],"curies":[{"name":"wp","href":"https:\/\/api.w.org\/{rel}","templated":true}]}}