{"id":3811,"date":"2024-12-28T06:18:57","date_gmt":"2024-12-28T05:18:57","guid":{"rendered":"https:\/\/vieassociative.be\/actualites\/ce-que-nous-savons-reellement-sur-la-facon-dont-les-medias-sociaux-affectent-la-sante-mentale-des-adolescents\/"},"modified":"2024-12-28T06:18:57","modified_gmt":"2024-12-28T05:18:57","slug":"ce-que-nous-savons-reellement-sur-la-facon-dont-les-medias-sociaux-affectent-la-sante-mentale-des-adolescents","status":"publish","type":"post","link":"https:\/\/vieassociative.be\/actualites\/ce-que-nous-savons-reellement-sur-la-facon-dont-les-medias-sociaux-affectent-la-sante-mentale-des-adolescents\/","title":{"rendered":"Ce que nous savons r\u00e9ellement sur la fa\u00e7on dont les m\u00e9dias sociaux affectent la sant\u00e9 mentale des adolescents"},"content":{"rendered":"<div class=\"mt-4 leading-6 md:mb-8\">Instagram est peut-\u00eatre mauvais pour les adolescents, mais la v\u00e9ritable histoire est plus compliqu\u00e9e que les quelques statistiques que vous avez vues circuler.<\/div>\n<p><\/p>\n<p>Instagram fait en sorte que les adolescentes se sentent plus mal dans leur corps, selon des documents internes de Facebook publi\u00e9s dans le Wall Street Journal. (Facebook poss\u00e8de Instagram.) L&rsquo;application regorge de photos de personnes incroyablement minces et belles, ce qui suit\u00a0: et nous nous inqui\u00e9tons depuis des ann\u00e9es des dangers que repr\u00e9sentent les jeunes ayant acc\u00e8s aux appareils num\u00e9riques. Mais Insta est-il vraiment en train de pourrir le cerveau des enfants ? La v\u00e9rit\u00e9 est probablement plus complexe et les donn\u00e9es sont d\u00e9finitivement incompl\u00e8tes. <\/p>\n<p>Je dis cela non pas pour d\u00e9fendre Facebook (c&rsquo;est mal), mais pour aider ceux d&rsquo;entre nous qui essaient de savoir quoi faire, le cas \u00e9ch\u00e9ant, concernant l&rsquo;utilisation des m\u00e9dias sociaux par nos enfants. <\/p>\n<h2 id=\"first-those-facebook-stats\">Tout d&rsquo;abord, ces statistiques Facebook<\/h2>\n<p>Les statistiques contenues dans les pr\u00e9sentations Facebook divulgu\u00e9es sont assez accablantes : un tiers des adolescentes se sentent moins bien dans leur corps apr\u00e8s avoir consult\u00e9 Instagram, et 6 % des adolescentes suicidaires aux \u00c9tats-Unis d\u00e9clarent que leurs sentiments ont commenc\u00e9 sur l&rsquo;application. Mais comme le souligne Anya Kamenetz sur NPR, ces chiffres ne sont pas n\u00e9cessairement repr\u00e9sentatifs de tous les adolescents. <\/p>\n<p>La question de savoir si Insta fait en sorte que les adolescentes se sentent plus mal dans leur corps n&rsquo;a \u00e9t\u00e9 pos\u00e9e qu&rsquo;aux adolescentes qui avaient d\u00e9j\u00e0 d\u00e9clar\u00e9 avoir des probl\u00e8mes d&rsquo;image corporelle. (Dans ce cas, il est peut-\u00eatre surprenant que les deux tiers <em>n&rsquo;a pas<\/em> ils ont l&rsquo;impression qu&rsquo;Insta les a aggrav\u00e9s.) Et le chiffre du suicide provient d&rsquo;un petit \u00e9chantillon d&rsquo;adolescents\u00a0; seules 16 personnes sur cette terre ont d\u00e9clar\u00e9 qu&rsquo;elles pouvaient retracer leurs pens\u00e9es suicidaires au temps qu&rsquo;elles passent sur Instagram, et seules certaines d&rsquo;entre elles comptent pour les donn\u00e9es am\u00e9ricaines. <em>N&rsquo;importe lequel<\/em> Le nombre d\u2019adolescents suicidaires est trop \u00e9lev\u00e9, mais Instagram pousse-t-il les enfants au suicide ? \u00c0 quoi ressemblerait la vie de ces 16 adolescents dans un monde sans r\u00e9seaux sociaux ? Nous n&rsquo;avons pas vraiment de r\u00e9ponses. <\/p>\n<p>L\u2019un des aspects les plus d\u00e9primants de ce domaine de recherche est qu\u2019il est actuellement impossible d\u2019obtenir des r\u00e9ponses pr\u00e9cises et compl\u00e8tes \u00e0 nos grandes questions. Facebook conserve \u00e9troitement ses donn\u00e9es. Les chercheurs externes ne peuvent pas obtenir la quantit\u00e9 de d\u00e9tails que Facebook lui-m\u00eame peut obtenir, ils finissent donc par utiliser des mesures moins pr\u00e9cises et moins compl\u00e8tes de l&rsquo;impact des m\u00e9dias sociaux. Facebook dispose de toutes les donn\u00e9es qu&rsquo;un chercheur peut souhaiter, mais c&rsquo;est \u00e0 lui de d\u00e9cider quelles questions poser \u00e0 ce sujet et de publier ou non les r\u00e9sultats. <\/p>\n<h2 id=\"what-other-research-says\">Ce que disent d\u2019autres recherches<\/h2>\n<p>En fouillant dans cette autre recherche, que pouvons-nous apprendre sur l\u2019impact des m\u00e9dias sociaux sur la sant\u00e9 mentale des adolescents ? Il s\u2019av\u00e8re que ce n\u2019est pas grand-chose. Un article fascinant est cette revue, publi\u00e9e en 2020, qui examine les articles publi\u00e9s au cours des ann\u00e9es pr\u00e9c\u00e9dentes. Les auteurs ne trouvent pas de voie \u00e0 sens unique o\u00f9 les m\u00e9dias sociaux disent aux adolescents ce qu&rsquo;ils doivent ressentir. Au lieu de cela, les adolescents ont des sentiments et des vies compliqu\u00e9s, et les m\u00e9dias sociaux ne sont qu\u2019une partie de ce paysage. <\/p>\n<p>Il semble vrai que les m\u00e9dias sociaux peuvent renforcer les probl\u00e8mes de sant\u00e9 mentale ou rendre les enfants vuln\u00e9rables au harc\u00e8lement. Mais cela peut aussi \u00eatre une force positive : les adolescents ayant des probl\u00e8mes de sant\u00e9 mentale utilisent les m\u00e9dias sociaux pour essayer de comprendre ce qui se passe et chercher des moyens de g\u00e9rer leurs sympt\u00f4mes. <\/p>\n<p>Les m\u00e9dias sociaux font \u00e9galement partie des r\u00e9seaux de soutien social de nombreuses personnes (y compris les adolescents). Ils utilisent leur t\u00e9l\u00e9phone et leurs applications pour rester en contact avec leur famille et leurs amis et pour trouver des personnes partageant des int\u00e9r\u00eats communs. <\/p>\n<p>Une \u00e9tude Pew men\u00e9e en 2018 a r\u00e9v\u00e9l\u00e9 que 24 % des adolescents ont d\u00e9clar\u00e9 que les m\u00e9dias sociaux avaient un effet n\u00e9gatif sur leur vie, mais 31 % ont d\u00e9clar\u00e9 que l&rsquo;effet \u00e9tait globalement positif. (Les autres ont estim\u00e9 que ce n&rsquo;\u00e9tait ni positif ni n\u00e9gatif, dans l&rsquo;ensemble.) Les m\u00eames documents Facebook qui rapportaient qu&rsquo;Insta faisait en sorte que les adolescents se sentent plus mal dans leur peau ont en fait trouv\u00e9 plus de r\u00e9ponses positives que n\u00e9gatives. Par exemple, 19 % des adolescents am\u00e9ricains ont d\u00e9clar\u00e9 qu\u2019Insta les faisait se sentir \u00ab un peu \u00bb ou \u00ab beaucoup \u00bb pire au sujet de leur sant\u00e9 mentale, tandis que 41 % ont d\u00e9clar\u00e9 que cela les faisait se sentir un peu ou beaucoup mieux. <\/p>\n<h2 id=\"what-can-we-do-with-this-information\">Que pouvons-nous faire avec ces informations ?<\/h2>\n<p>Il y a une petite lueur d\u2019espoir dans l\u2019examen de 2020. Apr\u00e8s avoir pass\u00e9 en revue ce que l&rsquo;on sait des adolescents et des m\u00e9dias sociaux, ainsi que les nombreuses limites dans la fa\u00e7on dont nous les \u00e9tudions, les auteurs soulignent que puisque les exp\u00e9riences en ligne et hors ligne des adolescents fa\u00e7onnent leur vie, alors \u00ab la bonne nouvelle pour les parents et les d\u00e9cideurs politiques est que les interventions et strat\u00e9gies existantes fond\u00e9es sur des donn\u00e9es probantes peuvent para\u00eetre diff\u00e9rentes mais resteront efficaces pour soutenir les jeunes \u00e0 l\u2019\u00e8re num\u00e9rique.<\/p>\n<p>En attendant, nous avons beaucoup plus de questions auxquelles r\u00e9pondre si nous voulons savoir ce qu&rsquo;Instagram (ou TikTok ou tout autre r\u00e9seau social) fait \u00e0 l&rsquo;esprit des enfants. Il s\u2019agira probablement de savoir qui utilise quel r\u00e9seau, de quelles mani\u00e8res, fait quel genre de choses et se connecte avec quelles autres personnes. Le contexte est important, tout comme les facteurs hors ligne. Et nous n\u2019avons tout simplement pas encore suffisamment de donn\u00e9es pour vraiment d\u00e9crire ce qui se passe.<\/p>\n<p>Encore une fois, je ne d\u00e9fends pas Facebook ou Insta. Ils ont clairement cr\u00e9\u00e9 un monstre complexe qu\u2019ils devraient \u2013 \u200b\u200bmais pr\u00e9tendent ne pas pouvoir \u2013 contr\u00f4ler. Mais du point de vue de la sant\u00e9 mentale, devrions-nous emp\u00eacher nos enfants d\u2019utiliser les m\u00e9dias sociaux ? Je ne vois pas cela comme la seule conclusion ici. <\/p>\n<p>J&rsquo;allais \u00e0 l&rsquo;\u00e9cole \u00e0 l&rsquo;\u00e9poque o\u00f9 les enfants devaient s&rsquo;intimider les uns les autres en personne, et nos images photoshop\u00e9es provenaient d&rsquo;exemplaires du magazine Seventeen que nous faisions circuler dans la salle d&rsquo;\u00e9tude et que nous critiquions avec Sharpies. Nous avons d\u00e9velopp\u00e9 <em>tellement<\/em> des probl\u00e8mes d&rsquo;image corporelle et des probl\u00e8mes de sant\u00e9 mentale foutus sans l&rsquo;aide d&rsquo;aucun m\u00e9dia social num\u00e9rique. <\/p>\n<p>  Un adolescent qui jette son t\u00e9l\u00e9phone \u00e0 la mer aura toujours des sentiments et devra toujours trouver sa propre fa\u00e7on de s&rsquo;int\u00e9grer dans le monde. Il peut \u00eatre tr\u00e8s utile de r\u00e9fl\u00e9chir \u00e0 la mani\u00e8re dont nous pouvons influencer positivement les activit\u00e9s sociales de nos enfants. <em>vies<\/em> et pas seulement leur utilisation des m\u00e9dias sociaux.<\/p>\n","protected":false},"excerpt":{"rendered":"<p>Instagram est peut-\u00eatre mauvais pour les adolescents, mais la v\u00e9ritable histoire est plus compliqu\u00e9e que les quelques statistiques que vous avez vues circuler. Instagram fait<\/p>\n","protected":false},"author":1,"featured_media":3812,"comment_status":"","ping_status":"","sticky":false,"template":"","format":"standard","meta":{"footnotes":""},"categories":[37],"tags":[869,3589,29,257,531,14,2275,1402,393,85,916,4320,865,33],"class_list":["post-3811","post","type-post","status-publish","format-standard","has-post-thumbnail","hentry","category-famille","tag-adolescents","tag-affectent","tag-des","tag-dont","tag-facon","tag-les","tag-medias","tag-mentale","tag-nous","tag-reellement","tag-sante","tag-savons","tag-sociaux","tag-sur","generate-columns","tablet-grid-50","mobile-grid-100","grid-parent","grid-33"],"yoast_head":"<!-- This site is optimized with the Yoast SEO plugin v24.0 - https:\/\/yoast.com\/wordpress\/plugins\/seo\/ -->\n<title>Ce que nous savons r\u00e9ellement sur la fa\u00e7on dont les m\u00e9dias sociaux affectent la sant\u00e9 mentale des adolescents | Vie Associative<\/title>\n<meta name=\"robots\" content=\"index, follow, max-snippet:-1, max-image-preview:large, max-video-preview:-1\" \/>\n<link rel=\"canonical\" href=\"https:\/\/vieassociative.be\/actualites\/ce-que-nous-savons-reellement-sur-la-facon-dont-les-medias-sociaux-affectent-la-sante-mentale-des-adolescents\/\" \/>\n<meta property=\"og:locale\" content=\"fr_FR\" \/>\n<meta property=\"og:type\" content=\"article\" \/>\n<meta property=\"og:title\" content=\"Ce que nous savons r\u00e9ellement sur la fa\u00e7on dont les m\u00e9dias sociaux affectent la sant\u00e9 mentale des adolescents | Vie Associative\" \/>\n<meta property=\"og:description\" content=\"Instagram est peut-\u00eatre mauvais pour les adolescents, mais la v\u00e9ritable histoire est plus compliqu\u00e9e que les quelques statistiques que vous avez vues circuler. Instagram fait\" \/>\n<meta property=\"og:url\" content=\"https:\/\/vieassociative.be\/actualites\/ce-que-nous-savons-reellement-sur-la-facon-dont-les-medias-sociaux-affectent-la-sante-mentale-des-adolescents\/\" \/>\n<meta property=\"og:site_name\" content=\"Vie Associative\" \/>\n<meta property=\"article:published_time\" content=\"2024-12-28T05:18:57+00:00\" \/>\n<meta property=\"og:image\" content=\"https:\/\/vieassociative.be\/actualites\/wp-content\/uploads\/2024\/09\/header_backgroundk-01-e1726694325946.png\" \/>\n\t<meta property=\"og:image:width\" content=\"279\" \/>\n\t<meta property=\"og:image:height\" content=\"92\" \/>\n\t<meta property=\"og:image:type\" content=\"image\/png\" \/>\n<meta name=\"author\" content=\"Julien\" \/>\n<meta name=\"twitter:card\" content=\"summary_large_image\" \/>\n<meta name=\"twitter:label1\" content=\"\u00c9crit par\" \/>\n\t<meta name=\"twitter:data1\" content=\"Julien\" \/>\n\t<meta name=\"twitter:label2\" content=\"Dur\u00e9e de lecture est.\" \/>\n\t<meta name=\"twitter:data2\" content=\"6 minutes\" \/>\n<script type=\"application\/ld+json\" class=\"yoast-schema-graph\">{\"@context\":\"https:\/\/schema.org\",\"@graph\":[{\"@type\":\"Article\",\"@id\":\"https:\/\/vieassociative.be\/actualites\/ce-que-nous-savons-reellement-sur-la-facon-dont-les-medias-sociaux-affectent-la-sante-mentale-des-adolescents\/#article\",\"isPartOf\":{\"@id\":\"https:\/\/vieassociative.be\/actualites\/ce-que-nous-savons-reellement-sur-la-facon-dont-les-medias-sociaux-affectent-la-sante-mentale-des-adolescents\/\"},\"author\":{\"name\":\"Julien\",\"@id\":\"https:\/\/vieassociative.be\/actualites\/#\/schema\/person\/b87ac4f82f9d4e7b7cec7395b679edc4\"},\"headline\":\"Ce que nous savons r\u00e9ellement sur la fa\u00e7on dont les m\u00e9dias sociaux affectent la sant\u00e9 mentale des adolescents\",\"datePublished\":\"2024-12-28T05:18:57+00:00\",\"dateModified\":\"2024-12-28T05:18:57+00:00\",\"mainEntityOfPage\":{\"@id\":\"https:\/\/vieassociative.be\/actualites\/ce-que-nous-savons-reellement-sur-la-facon-dont-les-medias-sociaux-affectent-la-sante-mentale-des-adolescents\/\"},\"wordCount\":1267,\"publisher\":{\"@id\":\"https:\/\/vieassociative.be\/actualites\/#organization\"},\"image\":{\"@id\":\"https:\/\/vieassociative.be\/actualites\/ce-que-nous-savons-reellement-sur-la-facon-dont-les-medias-sociaux-affectent-la-sante-mentale-des-adolescents\/#primaryimage\"},\"thumbnailUrl\":\"https:\/\/vieassociative.be\/actualites\/wp-content\/uploads\/2024\/12\/Ce-que-nous-savons-reellement-sur-la-facon-dont-les.jpg\",\"keywords\":[\"adolescents\",\"affectent\",\"Des\",\"dont\",\"fa\u00e7on\",\"Les\",\"m\u00e9dias\",\"mentale\",\"nous\",\"r\u00e9ellement\",\"sant\u00e9\",\"savons\",\"sociaux\",\"sur\"],\"articleSection\":[\"Famille\"],\"inLanguage\":\"fr-BE\"},{\"@type\":\"WebPage\",\"@id\":\"https:\/\/vieassociative.be\/actualites\/ce-que-nous-savons-reellement-sur-la-facon-dont-les-medias-sociaux-affectent-la-sante-mentale-des-adolescents\/\",\"url\":\"https:\/\/vieassociative.be\/actualites\/ce-que-nous-savons-reellement-sur-la-facon-dont-les-medias-sociaux-affectent-la-sante-mentale-des-adolescents\/\",\"name\":\"Ce que nous savons r\u00e9ellement sur la fa\u00e7on dont les m\u00e9dias sociaux affectent la sant\u00e9 mentale des adolescents | Vie Associative\",\"isPartOf\":{\"@id\":\"https:\/\/vieassociative.be\/actualites\/#website\"},\"primaryImageOfPage\":{\"@id\":\"https:\/\/vieassociative.be\/actualites\/ce-que-nous-savons-reellement-sur-la-facon-dont-les-medias-sociaux-affectent-la-sante-mentale-des-adolescents\/#primaryimage\"},\"image\":{\"@id\":\"https:\/\/vieassociative.be\/actualites\/ce-que-nous-savons-reellement-sur-la-facon-dont-les-medias-sociaux-affectent-la-sante-mentale-des-adolescents\/#primaryimage\"},\"thumbnailUrl\":\"https:\/\/vieassociative.be\/actualites\/wp-content\/uploads\/2024\/12\/Ce-que-nous-savons-reellement-sur-la-facon-dont-les.jpg\",\"datePublished\":\"2024-12-28T05:18:57+00:00\",\"dateModified\":\"2024-12-28T05:18:57+00:00\",\"breadcrumb\":{\"@id\":\"https:\/\/vieassociative.be\/actualites\/ce-que-nous-savons-reellement-sur-la-facon-dont-les-medias-sociaux-affectent-la-sante-mentale-des-adolescents\/#breadcrumb\"},\"inLanguage\":\"fr-BE\",\"potentialAction\":[{\"@type\":\"ReadAction\",\"target\":[\"https:\/\/vieassociative.be\/actualites\/ce-que-nous-savons-reellement-sur-la-facon-dont-les-medias-sociaux-affectent-la-sante-mentale-des-adolescents\/\"]}]},{\"@type\":\"ImageObject\",\"inLanguage\":\"fr-BE\",\"@id\":\"https:\/\/vieassociative.be\/actualites\/ce-que-nous-savons-reellement-sur-la-facon-dont-les-medias-sociaux-affectent-la-sante-mentale-des-adolescents\/#primaryimage\",\"url\":\"https:\/\/vieassociative.be\/actualites\/wp-content\/uploads\/2024\/12\/Ce-que-nous-savons-reellement-sur-la-facon-dont-les.jpg\",\"contentUrl\":\"https:\/\/vieassociative.be\/actualites\/wp-content\/uploads\/2024\/12\/Ce-que-nous-savons-reellement-sur-la-facon-dont-les.jpg\",\"width\":1200,\"height\":675,\"caption\":\"Ce que nous savons r\u00e9ellement sur la fa\u00e7on dont les m\u00e9dias sociaux affectent la sant\u00e9 mentale des adolescents\"},{\"@type\":\"BreadcrumbList\",\"@id\":\"https:\/\/vieassociative.be\/actualites\/ce-que-nous-savons-reellement-sur-la-facon-dont-les-medias-sociaux-affectent-la-sante-mentale-des-adolescents\/#breadcrumb\",\"itemListElement\":[{\"@type\":\"ListItem\",\"position\":1,\"name\":\"Accueil\",\"item\":\"https:\/\/vieassociative.be\/actualites\/\"},{\"@type\":\"ListItem\",\"position\":2,\"name\":\"Ce que nous savons r\u00e9ellement sur la fa\u00e7on dont les m\u00e9dias sociaux affectent la sant\u00e9 mentale des adolescents\"}]},{\"@type\":\"WebSite\",\"@id\":\"https:\/\/vieassociative.be\/actualites\/#website\",\"url\":\"https:\/\/vieassociative.be\/actualites\/\",\"name\":\"Vie Associative\",\"description\":\"\",\"publisher\":{\"@id\":\"https:\/\/vieassociative.be\/actualites\/#organization\"},\"potentialAction\":[{\"@type\":\"SearchAction\",\"target\":{\"@type\":\"EntryPoint\",\"urlTemplate\":\"https:\/\/vieassociative.be\/actualites\/?s={search_term_string}\"},\"query-input\":{\"@type\":\"PropertyValueSpecification\",\"valueRequired\":true,\"valueName\":\"search_term_string\"}}],\"inLanguage\":\"fr-BE\"},{\"@type\":\"Organization\",\"@id\":\"https:\/\/vieassociative.be\/actualites\/#organization\",\"name\":\"Vie Associative\",\"url\":\"https:\/\/vieassociative.be\/actualites\/\",\"logo\":{\"@type\":\"ImageObject\",\"inLanguage\":\"fr-BE\",\"@id\":\"https:\/\/vieassociative.be\/actualites\/#\/schema\/logo\/image\/\",\"url\":\"https:\/\/vieassociative.be\/actualites\/wp-content\/uploads\/2024\/09\/cropped-vieassociative_favicon.ico.png\",\"contentUrl\":\"https:\/\/vieassociative.be\/actualites\/wp-content\/uploads\/2024\/09\/cropped-vieassociative_favicon.ico.png\",\"width\":512,\"height\":512,\"caption\":\"Vie Associative\"},\"image\":{\"@id\":\"https:\/\/vieassociative.be\/actualites\/#\/schema\/logo\/image\/\"}},{\"@type\":\"Person\",\"@id\":\"https:\/\/vieassociative.be\/actualites\/#\/schema\/person\/b87ac4f82f9d4e7b7cec7395b679edc4\",\"name\":\"Julien\",\"image\":{\"@type\":\"ImageObject\",\"inLanguage\":\"fr-BE\",\"@id\":\"https:\/\/vieassociative.be\/actualites\/#\/schema\/person\/image\/\",\"url\":\"https:\/\/vieassociative.be\/actualites\/wp-content\/uploads\/2024\/09\/vie-associative-1-150x150.jpg\",\"contentUrl\":\"https:\/\/vieassociative.be\/actualites\/wp-content\/uploads\/2024\/09\/vie-associative-1-150x150.jpg\",\"caption\":\"Julien\"},\"description\":\"Je suis Julien, r\u00e9dacteur pour Vie Associative. Passionn\u00e9 par le monde associatif depuis plus de 10 ans, j'ai \u00e0 c\u0153ur de partager des histoires inspirantes et de mettre en lumi\u00e8re les initiatives locales. Mon objectif est de sensibiliser et d'encourager l'engagement communautaire \u00e0 travers mes articles.\",\"sameAs\":[\"https:\/\/vieassociative.be\/\"]}]}<\/script>\n<!-- \/ Yoast SEO plugin. -->","yoast_head_json":{"title":"Ce que nous savons r\u00e9ellement sur la fa\u00e7on dont les m\u00e9dias sociaux affectent la sant\u00e9 mentale des adolescents | Vie Associative","robots":{"index":"index","follow":"follow","max-snippet":"max-snippet:-1","max-image-preview":"max-image-preview:large","max-video-preview":"max-video-preview:-1"},"canonical":"https:\/\/vieassociative.be\/actualites\/ce-que-nous-savons-reellement-sur-la-facon-dont-les-medias-sociaux-affectent-la-sante-mentale-des-adolescents\/","og_locale":"fr_FR","og_type":"article","og_title":"Ce que nous savons r\u00e9ellement sur la fa\u00e7on dont les m\u00e9dias sociaux affectent la sant\u00e9 mentale des adolescents | Vie Associative","og_description":"Instagram est peut-\u00eatre mauvais pour les adolescents, mais la v\u00e9ritable histoire est plus compliqu\u00e9e que les quelques statistiques que vous avez vues circuler. Instagram fait","og_url":"https:\/\/vieassociative.be\/actualites\/ce-que-nous-savons-reellement-sur-la-facon-dont-les-medias-sociaux-affectent-la-sante-mentale-des-adolescents\/","og_site_name":"Vie Associative","article_published_time":"2024-12-28T05:18:57+00:00","og_image":[{"width":279,"height":92,"url":"https:\/\/vieassociative.be\/actualites\/wp-content\/uploads\/2024\/09\/header_backgroundk-01-e1726694325946.png","type":"image\/png"}],"author":"Julien","twitter_card":"summary_large_image","twitter_misc":{"\u00c9crit par":"Julien","Dur\u00e9e de lecture est.":"6 minutes"},"schema":{"@context":"https:\/\/schema.org","@graph":[{"@type":"Article","@id":"https:\/\/vieassociative.be\/actualites\/ce-que-nous-savons-reellement-sur-la-facon-dont-les-medias-sociaux-affectent-la-sante-mentale-des-adolescents\/#article","isPartOf":{"@id":"https:\/\/vieassociative.be\/actualites\/ce-que-nous-savons-reellement-sur-la-facon-dont-les-medias-sociaux-affectent-la-sante-mentale-des-adolescents\/"},"author":{"name":"Julien","@id":"https:\/\/vieassociative.be\/actualites\/#\/schema\/person\/b87ac4f82f9d4e7b7cec7395b679edc4"},"headline":"Ce que nous savons r\u00e9ellement sur la fa\u00e7on dont les m\u00e9dias sociaux affectent la sant\u00e9 mentale des adolescents","datePublished":"2024-12-28T05:18:57+00:00","dateModified":"2024-12-28T05:18:57+00:00","mainEntityOfPage":{"@id":"https:\/\/vieassociative.be\/actualites\/ce-que-nous-savons-reellement-sur-la-facon-dont-les-medias-sociaux-affectent-la-sante-mentale-des-adolescents\/"},"wordCount":1267,"publisher":{"@id":"https:\/\/vieassociative.be\/actualites\/#organization"},"image":{"@id":"https:\/\/vieassociative.be\/actualites\/ce-que-nous-savons-reellement-sur-la-facon-dont-les-medias-sociaux-affectent-la-sante-mentale-des-adolescents\/#primaryimage"},"thumbnailUrl":"https:\/\/vieassociative.be\/actualites\/wp-content\/uploads\/2024\/12\/Ce-que-nous-savons-reellement-sur-la-facon-dont-les.jpg","keywords":["adolescents","affectent","Des","dont","fa\u00e7on","Les","m\u00e9dias","mentale","nous","r\u00e9ellement","sant\u00e9","savons","sociaux","sur"],"articleSection":["Famille"],"inLanguage":"fr-BE"},{"@type":"WebPage","@id":"https:\/\/vieassociative.be\/actualites\/ce-que-nous-savons-reellement-sur-la-facon-dont-les-medias-sociaux-affectent-la-sante-mentale-des-adolescents\/","url":"https:\/\/vieassociative.be\/actualites\/ce-que-nous-savons-reellement-sur-la-facon-dont-les-medias-sociaux-affectent-la-sante-mentale-des-adolescents\/","name":"Ce que nous savons r\u00e9ellement sur la fa\u00e7on dont les m\u00e9dias sociaux affectent la sant\u00e9 mentale des adolescents | Vie Associative","isPartOf":{"@id":"https:\/\/vieassociative.be\/actualites\/#website"},"primaryImageOfPage":{"@id":"https:\/\/vieassociative.be\/actualites\/ce-que-nous-savons-reellement-sur-la-facon-dont-les-medias-sociaux-affectent-la-sante-mentale-des-adolescents\/#primaryimage"},"image":{"@id":"https:\/\/vieassociative.be\/actualites\/ce-que-nous-savons-reellement-sur-la-facon-dont-les-medias-sociaux-affectent-la-sante-mentale-des-adolescents\/#primaryimage"},"thumbnailUrl":"https:\/\/vieassociative.be\/actualites\/wp-content\/uploads\/2024\/12\/Ce-que-nous-savons-reellement-sur-la-facon-dont-les.jpg","datePublished":"2024-12-28T05:18:57+00:00","dateModified":"2024-12-28T05:18:57+00:00","breadcrumb":{"@id":"https:\/\/vieassociative.be\/actualites\/ce-que-nous-savons-reellement-sur-la-facon-dont-les-medias-sociaux-affectent-la-sante-mentale-des-adolescents\/#breadcrumb"},"inLanguage":"fr-BE","potentialAction":[{"@type":"ReadAction","target":["https:\/\/vieassociative.be\/actualites\/ce-que-nous-savons-reellement-sur-la-facon-dont-les-medias-sociaux-affectent-la-sante-mentale-des-adolescents\/"]}]},{"@type":"ImageObject","inLanguage":"fr-BE","@id":"https:\/\/vieassociative.be\/actualites\/ce-que-nous-savons-reellement-sur-la-facon-dont-les-medias-sociaux-affectent-la-sante-mentale-des-adolescents\/#primaryimage","url":"https:\/\/vieassociative.be\/actualites\/wp-content\/uploads\/2024\/12\/Ce-que-nous-savons-reellement-sur-la-facon-dont-les.jpg","contentUrl":"https:\/\/vieassociative.be\/actualites\/wp-content\/uploads\/2024\/12\/Ce-que-nous-savons-reellement-sur-la-facon-dont-les.jpg","width":1200,"height":675,"caption":"Ce que nous savons r\u00e9ellement sur la fa\u00e7on dont les m\u00e9dias sociaux affectent la sant\u00e9 mentale des adolescents"},{"@type":"BreadcrumbList","@id":"https:\/\/vieassociative.be\/actualites\/ce-que-nous-savons-reellement-sur-la-facon-dont-les-medias-sociaux-affectent-la-sante-mentale-des-adolescents\/#breadcrumb","itemListElement":[{"@type":"ListItem","position":1,"name":"Accueil","item":"https:\/\/vieassociative.be\/actualites\/"},{"@type":"ListItem","position":2,"name":"Ce que nous savons r\u00e9ellement sur la fa\u00e7on dont les m\u00e9dias sociaux affectent la sant\u00e9 mentale des adolescents"}]},{"@type":"WebSite","@id":"https:\/\/vieassociative.be\/actualites\/#website","url":"https:\/\/vieassociative.be\/actualites\/","name":"Vie Associative","description":"","publisher":{"@id":"https:\/\/vieassociative.be\/actualites\/#organization"},"potentialAction":[{"@type":"SearchAction","target":{"@type":"EntryPoint","urlTemplate":"https:\/\/vieassociative.be\/actualites\/?s={search_term_string}"},"query-input":{"@type":"PropertyValueSpecification","valueRequired":true,"valueName":"search_term_string"}}],"inLanguage":"fr-BE"},{"@type":"Organization","@id":"https:\/\/vieassociative.be\/actualites\/#organization","name":"Vie Associative","url":"https:\/\/vieassociative.be\/actualites\/","logo":{"@type":"ImageObject","inLanguage":"fr-BE","@id":"https:\/\/vieassociative.be\/actualites\/#\/schema\/logo\/image\/","url":"https:\/\/vieassociative.be\/actualites\/wp-content\/uploads\/2024\/09\/cropped-vieassociative_favicon.ico.png","contentUrl":"https:\/\/vieassociative.be\/actualites\/wp-content\/uploads\/2024\/09\/cropped-vieassociative_favicon.ico.png","width":512,"height":512,"caption":"Vie Associative"},"image":{"@id":"https:\/\/vieassociative.be\/actualites\/#\/schema\/logo\/image\/"}},{"@type":"Person","@id":"https:\/\/vieassociative.be\/actualites\/#\/schema\/person\/b87ac4f82f9d4e7b7cec7395b679edc4","name":"Julien","image":{"@type":"ImageObject","inLanguage":"fr-BE","@id":"https:\/\/vieassociative.be\/actualites\/#\/schema\/person\/image\/","url":"https:\/\/vieassociative.be\/actualites\/wp-content\/uploads\/2024\/09\/vie-associative-1-150x150.jpg","contentUrl":"https:\/\/vieassociative.be\/actualites\/wp-content\/uploads\/2024\/09\/vie-associative-1-150x150.jpg","caption":"Julien"},"description":"Je suis Julien, r\u00e9dacteur pour Vie Associative. Passionn\u00e9 par le monde associatif depuis plus de 10 ans, j'ai \u00e0 c\u0153ur de partager des histoires inspirantes et de mettre en lumi\u00e8re les initiatives locales. Mon objectif est de sensibiliser et d'encourager l'engagement communautaire \u00e0 travers mes articles.","sameAs":["https:\/\/vieassociative.be\/"]}]}},"_links":{"self":[{"href":"https:\/\/vieassociative.be\/actualites\/wp-json\/wp\/v2\/posts\/3811"}],"collection":[{"href":"https:\/\/vieassociative.be\/actualites\/wp-json\/wp\/v2\/posts"}],"about":[{"href":"https:\/\/vieassociative.be\/actualites\/wp-json\/wp\/v2\/types\/post"}],"author":[{"embeddable":true,"href":"https:\/\/vieassociative.be\/actualites\/wp-json\/wp\/v2\/users\/1"}],"replies":[{"embeddable":true,"href":"https:\/\/vieassociative.be\/actualites\/wp-json\/wp\/v2\/comments?post=3811"}],"version-history":[{"count":0,"href":"https:\/\/vieassociative.be\/actualites\/wp-json\/wp\/v2\/posts\/3811\/revisions"}],"wp:featuredmedia":[{"embeddable":true,"href":"https:\/\/vieassociative.be\/actualites\/wp-json\/wp\/v2\/media\/3812"}],"wp:attachment":[{"href":"https:\/\/vieassociative.be\/actualites\/wp-json\/wp\/v2\/media?parent=3811"}],"wp:term":[{"taxonomy":"category","embeddable":true,"href":"https:\/\/vieassociative.be\/actualites\/wp-json\/wp\/v2\/categories?post=3811"},{"taxonomy":"post_tag","embeddable":true,"href":"https:\/\/vieassociative.be\/actualites\/wp-json\/wp\/v2\/tags?post=3811"}],"curies":[{"name":"wp","href":"https:\/\/api.w.org\/{rel}","templated":true}]}}