{"id":3808,"date":"2024-12-28T02:18:04","date_gmt":"2024-12-28T01:18:04","guid":{"rendered":"https:\/\/vieassociative.be\/actualites\/15-de-mes-collations-preferees-a-servir-lors-des-fetes-de-reveillon-du-nouvel-an\/"},"modified":"2024-12-28T02:18:04","modified_gmt":"2024-12-28T01:18:04","slug":"15-de-mes-collations-preferees-a-servir-lors-des-fetes-de-reveillon-du-nouvel-an","status":"publish","type":"post","link":"https:\/\/vieassociative.be\/actualites\/15-de-mes-collations-preferees-a-servir-lors-des-fetes-de-reveillon-du-nouvel-an\/","title":{"rendered":"15 de mes collations pr\u00e9f\u00e9r\u00e9es \u00e0 servir lors des f\u00eates de r\u00e9veillon du Nouvel An"},"content":{"rendered":"<div class=\"mt-4 leading-6 md:mb-8\">\u00c0 grignoter, \u00e0 partager et souvent \u00e0 tenir \u00e0 la main, ce sont toutes mes choses pr\u00e9f\u00e9r\u00e9es \u00e0 d\u00e9guster pour le Nouvel An.<\/div>\n<p><\/p>\n<p>En p\u00e9riode de vacances, le r\u00e9veillon du Nouvel An est l&rsquo;une de mes f\u00eates pr\u00e9f\u00e9r\u00e9es. J&rsquo;aime les paillettes, les lunettes et les chapeaux stupides et les traditions, mais par-dessus tout, j&rsquo;aime la nourriture. Le meilleur plat des F\u00eates est celui \u00e0 grignoter, \u00e0 partager et souvent \u00e0 emporter, parmi mes descripteurs alimentaires pr\u00e9f\u00e9r\u00e9s. <\/p>\n<p>En tant que personne qui appr\u00e9cie vraiment la nature dynamique et tr\u00e9pidante de l&rsquo;organisation d&rsquo;une f\u00eate, vous serez peut-\u00eatre surpris d&rsquo;apprendre que je n&rsquo;ai jusqu&rsquo;\u00e0 pr\u00e9sent \u00e9t\u00e9 qu&rsquo;un invit\u00e9 \u00e0 la f\u00eate du Nouvel An. (Je ne peux pas monopoliser toutes les grandes f\u00eates, je suppose.) Mais ce n&rsquo;est qu&rsquo;une question de temps : la f\u00eate du Nouvel An est mon h\u00f4te de baleine blanche, et quand je <em>faire<\/em> pour que cela se produise, je servirai une s\u00e9lection des meilleures friandises d\u00e9licieuses que j&rsquo;ai apport\u00e9es avec moi lors des f\u00eates pass\u00e9es. Voici 15 de mes favoris.<\/p>\n<h2 id=\"air-fried-mushroom-chips\">Chips de champignons frits \u00e0 l&rsquo;air<\/h2>\n<p>Un bol de ces chips de champignons croustillantes et savoureuses doit tout simplement arriver \u00e0 votre table de collations. Ils sont extr\u00eamement faciles \u00e0 pr\u00e9parer\u00a0: vous \u00e9gouttez une bo\u00eete de champignons tranch\u00e9s, vaporisez avec une touche d&rsquo;huile et faites-les frire \u00e0 l&rsquo;air jusqu&rsquo;\u00e0 ce qu&rsquo;ils soient croustillants. Les chips de champignons sont incroyablement savoureuses, vous pouvez donc les grignoter telles quelles ou les utiliser comme petites chips pour tremper. De plus, ils sont enti\u00e8rement v\u00e9g\u00e9taliens et sans gluten. Lisez la recette compl\u00e8te.<\/p>\n<div class=\"eloquent-imagery-image\">\n<div class=\"flex justify-center\">\n                    <img decoding=\"async\" class=\"border border-gray-100\" src=\"https:\/\/vieassociative.be\/actualites\/wp-content\/uploads\/2024\/12\/15-de-mes-collations-preferees-a-servir-lors-des-fetes.png\" alt=\"Tranches de champignons frites \u00e0 l'air sur une assiette blanche.\" width=\"2000\" height=\"1125\" loading=\"lazy\"  >\n            <\/div>\n<\/p><\/div>\n<h2 id=\"mushroom-onion-dip\">Trempette aux oignons et aux champignons<\/h2>\n<p>Est-ce bizarre de tremper des chips de champignons dans une trempette aux champignons ? Peut-\u00eatre, mais \u00e7a me semble g\u00e9nial. Cette bombe umami est pr\u00e9par\u00e9e en associant des oignons caram\u00e9lis\u00e9s et des duxelles (champignons finement hach\u00e9s et cuits pour concentrer leur saveur). Cette trempette est excellente avec n&rsquo;importe quelle chips sal\u00e9e ou bretzel, et tout aussi agr\u00e9able lorsqu&rsquo;elle est \u00e9tal\u00e9e sur un pain \u00e0 burger. Servez cette trempette aux duxelles de champignons chaude pour une tartinabilit\u00e9 facile. <\/p>\n<h2 id=\"vegan-french-onion-dip\">Trempette \u00e0 l&rsquo;oignon fran\u00e7aise v\u00e9g\u00e9talienne<\/h2>\n<p>Soyons r\u00e9alistes, toutes les f\u00eates ont besoin de plusieurs trempettes, et celle-ci est une trempette \u00e0 l&rsquo;oignon fran\u00e7aise qui n&rsquo;est pas alourdie de mayonnaise ou de cr\u00e8me sure. Le tofu soyeux est le support, offrant une texture facile \u00e0 tremper (qu&rsquo;il soit servi chaud ou froid) et servant de toile vierge pour les saveurs savoureuses d&rsquo;oignon. D\u00e9couvrez la recette compl\u00e8te.<\/p>\n<h2 id=\"air-fryer-pork-belly-bites\">Bouch\u00e9es de poitrine de porc \u00e0 la friteuse \u00e0 air<\/h2>\n<p>Lorsque vous proposez des bouch\u00e9es \u00e0 une foule, il est pr\u00e9f\u00e9rable de garder les choses simples, petites et pleines de saveurs. Permettez-moi de vous pr\u00e9senter ces bouch\u00e9es de poitrine de porc \u00e0 la friteuse \u00e0 air. Une simple vinaigrette compos\u00e9e de sauce de poisson, d&rsquo;huile et de quelques autres assaisonnements recouvre les minuscules morceaux avant qu&rsquo;ils ne tombent dans la friteuse \u00e0 air. La machine s&rsquo;occupe du reste pendant que vous installez les cornes \u00e0 confettis et les 2025 verres. <\/p>\n<div class=\"eloquent-imagery-image\">\n<div class=\"flex justify-center\">\n                    <img decoding=\"async\" class=\"border border-gray-100\" src=\"https:\/\/vieassociative.be\/actualites\/wp-content\/uploads\/2024\/12\/1735348683_337_15-de-mes-collations-preferees-a-servir-lors-des-fetes.png\" alt=\"Morceaux de poitrine de porc frits \u00e0 l'air libre sur une assiette avec du riz et des concombres.\" width=\"2000\" height=\"1125\" loading=\"lazy\"  >\n            <\/div>\n<\/p><\/div>\n<h2 id=\"meatloaf-wellington\">Pain de viande Wellington<\/h2>\n<p>Ce n\u2019est pas parce que la nourriture tenue \u00e0 la main r\u00e8gne sur la journ\u00e9e que vous ne pouvez pas vous adonner \u00e0 une pi\u00e8ce ma\u00eetresse l\u00e9g\u00e8rement dramatique. Un pain de viande Wellington est le juste milieu entre la nourriture raffin\u00e9e et la nourriture purement r\u00e9confortante. Vous pouvez faciliter les choses en pr\u00e9parant mon pain de viande \u00e0 la friteuse \u00e0 air un jour \u00e0 l&rsquo;avance et en l&rsquo;enroulant dans les composants Wellington avant la f\u00eate. Voici les instructions d\u00e9taill\u00e9es. <\/p>\n<h2 id=\"crunchwrap-brie-en-croute\">Brie en cro\u00fbte croustillant<\/h2>\n<p>Offrez \u00e0 votre brie en cro\u00fbte le traitement Crunchwrap Supreme. C&rsquo;est un v\u00e9ritable spectacle, et si vous avez des fans de Taco Bell parmi vous, eh bien, disons simplement que vous serez un h\u00e9ros. Mordre dans une tranche de ce monstre garni de b\u0153uf et de laitue est la meilleure fa\u00e7on de terminer 2024.<\/p>\n<div class=\"eloquent-imagery-image\">\n<div class=\"flex justify-center\">\n                    <img decoding=\"async\" class=\"border border-gray-100\" src=\"https:\/\/vieassociative.be\/actualites\/wp-content\/uploads\/2024\/12\/1735348684_240_15-de-mes-collations-preferees-a-servir-lors-des-fetes.png\" alt=\"Un brie cuit au four Crunchwrap Supreme\" width=\"2000\" height=\"1126\" loading=\"lazy\"  >\n            <\/div>\n<\/p><\/div>\n<h2 id=\"microwaved-baked-brie\">Brie cuit au micro-ondes<\/h2>\n<p>Si vous recherchez une pr\u00e9paration plus simple de brie cuit au four, \u00e9vitez compl\u00e8tement la cuisson et utilisez le micro-ondes. Vous n&rsquo;avez pas \u00e0 vous soucier de l&#8217;emballage de p\u00e2te feuillet\u00e9e ou de jouer avec une dorure aux \u0153ufs : utilisez le four scientifique pour chauffer doucement le fromage par rafales avant de garnir la roue de garnitures comme des noix hach\u00e9es, du miel ou de la confiture.<\/p>\n<h2 id=\"chicken-crust-pizza\">Pizza \u00e0 la cro\u00fbte de poulet<\/h2>\n<p>Commander une pizza le soir du Nouvel An n&rsquo;est pas une t\u00e2che facile, du moins pas \u00e0 New York, o\u00f9 tout lieu de livraison habituellement fiable se transforme en v\u00e9ritable jeu de d\u00e9s. Pr\u00e9parez plut\u00f4t votre propre pizza. Mieux encore, pr\u00e9parez une pizza que vous ne pouvez pas commander facilement n&rsquo;importe o\u00f9, comme une pizza \u00e0 cro\u00fbte de poulet. Franchement, c&rsquo;est bien mieux que ce qu&rsquo;il a le droit de l&rsquo;\u00eatre. <\/p>\n<h2 id=\"hot-dog-crust-pizza\">Pizza \u00e0 cro\u00fbte de hot-dog<\/h2>\n<p>Il y a une autre pizza bizarre qui a gagn\u00e9 une place \u00e0 ma table de f\u00eate du Nouvel An, et c&rsquo;est la pizza \u00e0 cro\u00fbte de hot-dog. Non seulement cette tarte est vraiment amusante \u00e0 pr\u00e9parer, mais elle est id\u00e9ale \u00e0 partager : la cro\u00fbte est une collection de cochons dans des couvertures, pour pleurer \u00e0 haute voix ! Ce sera un succ\u00e8s particulier aupr\u00e8s de tous les enfants participant \u00e0 votre f\u00eate.<\/p>\n<div class=\"eloquent-imagery-image\">\n<div class=\"flex justify-center\">\n                    <img decoding=\"async\" class=\"border border-gray-100\" src=\"https:\/\/vieassociative.be\/actualites\/wp-content\/uploads\/2024\/12\/1735348684_783_15-de-mes-collations-preferees-a-servir-lors-des-fetes.png\" alt=\"Une pizza avec des morceaux de hot-dog envelopp\u00e9s dans la cro\u00fbte.\" width=\"2000\" height=\"1125\" loading=\"lazy\"  >\n            <\/div>\n<\/p><\/div>\n<h2 id=\"tartiflette\">Tartiflette<\/h2>\n<p>Pour un plat de pommes de terre r\u00e9confortant au nom \u00e9l\u00e9gant, ne cherchez pas plus loin que la tartiflette. Bien que vous puissiez pr\u00e9parer ce tas de pommes de terre r\u00f4ties et de brie assez petit pour deux, vous pouvez \u00e9galement doubler ou tripler cette recette dans une cocotte pour nourrir un plus grand groupe d&rsquo;amateurs de glucides. <\/p>\n<h2 id=\"potato-rosti-cake\">G\u00e2teau r\u00f6sti aux pommes de terre<\/h2>\n<p>Ne n\u00e9cessitant que trois ingr\u00e9dients et une po\u00eale en fonte, ce plat s\u00e9duira \u00e0 coup s\u00fbr la foule et aura le moins d&rsquo;impact sur votre portefeuille. R\u00e2pez simplement les pommes de terre bouillies et mettez les rubans dans une po\u00eale beurr\u00e9e pour les faire dorer. Retournez le g\u00e2teau aux pommes de terre et faites croustiller l&rsquo;autre c\u00f4t\u00e9 avant de servir avec beaucoup de sel feuillet\u00e9. Obtenez tous les d\u00e9tails ici.<\/p>\n<h2 id=\"seasoned-pretzels\">Bretzels assaisonn\u00e9s<\/h2>\n<p>Les bretzels ordinaires sont secs et tristes. Les bretzels assaisonn\u00e9s sont robustes et vifs. Le meilleur, c\u2019est que vous n\u2019avez pratiquement rien \u00e0 faire pour pr\u00e9parer un gros lot de bretzels assaisonn\u00e9s \u00e0 grignoter. Prenez un sachet de poudre de trempette ranch piquante, un peu d&rsquo;huile et un sac de mini bretzels pour commencer. (Je dois vous pr\u00e9venir, vous r\u00e9pondrez toute la nuit \u00e0 des questions sur la recette que vous avez utilis\u00e9e pour les pr\u00e9parer, alors ayez ce lien \u00e0 port\u00e9e de main.)<\/p>\n<div class=\"eloquent-imagery-image\">\n<div class=\"flex justify-center\">\n                    <img decoding=\"async\" class=\"border border-gray-100\" src=\"https:\/\/vieassociative.be\/actualites\/wp-content\/uploads\/2024\/12\/1735348684_958_15-de-mes-collations-preferees-a-servir-lors-des-fetes.png\" alt=\"Bretzels assaisonn\u00e9s empil\u00e9s sur une assiette blanche.\" width=\"2000\" height=\"1125\" loading=\"lazy\"  >\n            <\/div>\n<\/p><\/div>\n<h2 id=\"microwave-rice-krispies-treats\">G\u00e2teries Rice Krispies au micro-ondes<\/h2>\n<p>Je les recommande g\u00e9n\u00e9ralement comme solution de s\u00e9curit\u00e9 en cas d&rsquo;urgence, mais je pense qu&rsquo;ils ont \u00e9galement du sens pour les f\u00eates. Le micro-ondes simplifie les choses et l&rsquo;utilisation d&rsquo;un moule \u00e0 muffins permet un refroidissement rapide et des portions individuelles faciles. Vous pouvez pr\u00e9parer un lot de ces friandises Rice Krispies d\u2019urgence 30 minutes avant la f\u00eate et \u00eatre en pleine forme. <\/p>\n<h2 id=\"gooey-butter-cake\">G\u00e2teau au beurre gluant<\/h2>\n<p>C\u00e9l\u00e9brez la nouvelle ann\u00e9e de la mani\u00e8re la plus douce possible. Il ne s&rsquo;agit \u00e9videmment pas d&rsquo;une cr\u00e9ation originale : le g\u00e2teau au beurre gluant est sorti de Saint-Louis, tout droit sorti de la bo\u00eete de Pandore du m\u00e9lange \u00e0 g\u00e2teau Butter Golden. C&rsquo;est doux, c&rsquo;est d\u00e9cadent et c&rsquo;est un v\u00e9ritable d\u00e9marreur de conversation. Je recommande de prendre un caf\u00e9 chaud \u00e0 port\u00e9e de main pour \u00e9quilibrer le tout : entre le sucre et la caf\u00e9ine, tout le monde aura suffisamment d&rsquo;\u00e9nergie pour passer minuit. <\/p>\n<h2 id=\"air-fried-kielbasa\">Kielbasa frit \u00e0 l&rsquo;air<\/h2>\n<p>J&rsquo;ai de bons souvenirs des f\u00eates du Nouvel An de mon enfance, au cours desquelles quelqu&rsquo;un servait toujours des tranches de kielbasa cuites au four, embroch\u00e9es sur des cure-dents, accompagn\u00e9es de moutarde et de choucroute. Il s&rsquo;agit d&rsquo;une version am\u00e9lior\u00e9e et plus rapide de ce classique, rendue encore plus croustillante \u00e0 l&rsquo;aide d&rsquo;une notation astucieuse et d&rsquo;une friteuse \u00e0 air.<\/p>\n<div class=\"eloquent-imagery-image\">\n<div class=\"flex justify-center\">\n                    <img decoding=\"async\" class=\"border border-gray-100\" src=\"https:\/\/vieassociative.be\/actualites\/wp-content\/uploads\/2024\/12\/1735348684_826_15-de-mes-collations-preferees-a-servir-lors-des-fetes.png\" alt=\"Un kielbasa tranch\u00e9 sur une assiette avec des cornichons et de la choucroute.\" width=\"2000\" height=\"1125\" loading=\"lazy\"  >\n            <\/div>\n<\/p><\/div>\n","protected":false},"excerpt":{"rendered":"<p>\u00c0 grignoter, \u00e0 partager et souvent \u00e0 tenir \u00e0 la main, ce sont toutes mes choses pr\u00e9f\u00e9r\u00e9es \u00e0 d\u00e9guster pour le Nouvel An. En p\u00e9riode<\/p>\n","protected":false},"author":1,"featured_media":3809,"comment_status":"","ping_status":"","sticky":false,"template":"","format":"standard","meta":{"footnotes":""},"categories":[39],"tags":[3982,29,1345,353,87,929,116,4319,173],"class_list":["post-3808","post","type-post","status-publish","format-standard","has-post-thumbnail","hentry","category-gastronomie","tag-collations","tag-des","tag-fetes","tag-lors","tag-mes","tag-nouvel","tag-preferees","tag-reveillon","tag-servir","generate-columns","tablet-grid-50","mobile-grid-100","grid-parent","grid-33"],"yoast_head":"<!-- This site is optimized with the Yoast SEO plugin v24.0 - https:\/\/yoast.com\/wordpress\/plugins\/seo\/ -->\n<title>15 de mes collations pr\u00e9f\u00e9r\u00e9es \u00e0 servir lors des f\u00eates de r\u00e9veillon du Nouvel An | Vie Associative<\/title>\n<meta name=\"robots\" content=\"index, follow, max-snippet:-1, max-image-preview:large, max-video-preview:-1\" \/>\n<link rel=\"canonical\" href=\"https:\/\/vieassociative.be\/actualites\/15-de-mes-collations-preferees-a-servir-lors-des-fetes-de-reveillon-du-nouvel-an\/\" \/>\n<meta property=\"og:locale\" content=\"fr_FR\" \/>\n<meta property=\"og:type\" content=\"article\" \/>\n<meta property=\"og:title\" content=\"15 de mes collations pr\u00e9f\u00e9r\u00e9es \u00e0 servir lors des f\u00eates de r\u00e9veillon du Nouvel An | Vie Associative\" \/>\n<meta property=\"og:description\" content=\"\u00c0 grignoter, \u00e0 partager et souvent \u00e0 tenir \u00e0 la main, ce sont toutes mes choses pr\u00e9f\u00e9r\u00e9es \u00e0 d\u00e9guster pour le Nouvel An. En p\u00e9riode\" \/>\n<meta property=\"og:url\" content=\"https:\/\/vieassociative.be\/actualites\/15-de-mes-collations-preferees-a-servir-lors-des-fetes-de-reveillon-du-nouvel-an\/\" \/>\n<meta property=\"og:site_name\" content=\"Vie Associative\" \/>\n<meta property=\"article:published_time\" content=\"2024-12-28T01:18:04+00:00\" \/>\n<meta property=\"og:image\" content=\"https:\/\/vieassociative.be\/actualites\/wp-content\/uploads\/2024\/12\/15-de-mes-collations-preferees-a-servir-lors-des-fetes.png\" \/>\n<meta name=\"author\" content=\"Julien\" \/>\n<meta name=\"twitter:card\" content=\"summary_large_image\" \/>\n<meta name=\"twitter:label1\" content=\"\u00c9crit par\" \/>\n\t<meta name=\"twitter:data1\" content=\"Julien\" \/>\n\t<meta name=\"twitter:label2\" content=\"Dur\u00e9e de lecture est.\" \/>\n\t<meta name=\"twitter:data2\" content=\"7 minutes\" \/>\n<script type=\"application\/ld+json\" class=\"yoast-schema-graph\">{\"@context\":\"https:\/\/schema.org\",\"@graph\":[{\"@type\":\"Article\",\"@id\":\"https:\/\/vieassociative.be\/actualites\/15-de-mes-collations-preferees-a-servir-lors-des-fetes-de-reveillon-du-nouvel-an\/#article\",\"isPartOf\":{\"@id\":\"https:\/\/vieassociative.be\/actualites\/15-de-mes-collations-preferees-a-servir-lors-des-fetes-de-reveillon-du-nouvel-an\/\"},\"author\":{\"name\":\"Julien\",\"@id\":\"https:\/\/vieassociative.be\/actualites\/#\/schema\/person\/b87ac4f82f9d4e7b7cec7395b679edc4\"},\"headline\":\"15 de mes collations pr\u00e9f\u00e9r\u00e9es \u00e0 servir lors des f\u00eates de r\u00e9veillon du Nouvel An\",\"datePublished\":\"2024-12-28T01:18:04+00:00\",\"dateModified\":\"2024-12-28T01:18:04+00:00\",\"mainEntityOfPage\":{\"@id\":\"https:\/\/vieassociative.be\/actualites\/15-de-mes-collations-preferees-a-servir-lors-des-fetes-de-reveillon-du-nouvel-an\/\"},\"wordCount\":1482,\"publisher\":{\"@id\":\"https:\/\/vieassociative.be\/actualites\/#organization\"},\"image\":{\"@id\":\"https:\/\/vieassociative.be\/actualites\/15-de-mes-collations-preferees-a-servir-lors-des-fetes-de-reveillon-du-nouvel-an\/#primaryimage\"},\"thumbnailUrl\":\"https:\/\/vieassociative.be\/actualites\/wp-content\/uploads\/2024\/12\/1735348684_15-de-mes-collations-preferees-a-servir-lors-des-fetes.png\",\"keywords\":[\"collations\",\"Des\",\"f\u00eates\",\"lors\",\"Mes\",\"nouvel\",\"pr\u00e9f\u00e9r\u00e9es\",\"r\u00e9veillon\",\"servir\"],\"articleSection\":[\"Gastronomie\"],\"inLanguage\":\"fr-BE\"},{\"@type\":\"WebPage\",\"@id\":\"https:\/\/vieassociative.be\/actualites\/15-de-mes-collations-preferees-a-servir-lors-des-fetes-de-reveillon-du-nouvel-an\/\",\"url\":\"https:\/\/vieassociative.be\/actualites\/15-de-mes-collations-preferees-a-servir-lors-des-fetes-de-reveillon-du-nouvel-an\/\",\"name\":\"15 de mes collations pr\u00e9f\u00e9r\u00e9es \u00e0 servir lors des f\u00eates de r\u00e9veillon du Nouvel An | Vie Associative\",\"isPartOf\":{\"@id\":\"https:\/\/vieassociative.be\/actualites\/#website\"},\"primaryImageOfPage\":{\"@id\":\"https:\/\/vieassociative.be\/actualites\/15-de-mes-collations-preferees-a-servir-lors-des-fetes-de-reveillon-du-nouvel-an\/#primaryimage\"},\"image\":{\"@id\":\"https:\/\/vieassociative.be\/actualites\/15-de-mes-collations-preferees-a-servir-lors-des-fetes-de-reveillon-du-nouvel-an\/#primaryimage\"},\"thumbnailUrl\":\"https:\/\/vieassociative.be\/actualites\/wp-content\/uploads\/2024\/12\/1735348684_15-de-mes-collations-preferees-a-servir-lors-des-fetes.png\",\"datePublished\":\"2024-12-28T01:18:04+00:00\",\"dateModified\":\"2024-12-28T01:18:04+00:00\",\"breadcrumb\":{\"@id\":\"https:\/\/vieassociative.be\/actualites\/15-de-mes-collations-preferees-a-servir-lors-des-fetes-de-reveillon-du-nouvel-an\/#breadcrumb\"},\"inLanguage\":\"fr-BE\",\"potentialAction\":[{\"@type\":\"ReadAction\",\"target\":[\"https:\/\/vieassociative.be\/actualites\/15-de-mes-collations-preferees-a-servir-lors-des-fetes-de-reveillon-du-nouvel-an\/\"]}]},{\"@type\":\"ImageObject\",\"inLanguage\":\"fr-BE\",\"@id\":\"https:\/\/vieassociative.be\/actualites\/15-de-mes-collations-preferees-a-servir-lors-des-fetes-de-reveillon-du-nouvel-an\/#primaryimage\",\"url\":\"https:\/\/vieassociative.be\/actualites\/wp-content\/uploads\/2024\/12\/1735348684_15-de-mes-collations-preferees-a-servir-lors-des-fetes.png\",\"contentUrl\":\"https:\/\/vieassociative.be\/actualites\/wp-content\/uploads\/2024\/12\/1735348684_15-de-mes-collations-preferees-a-servir-lors-des-fetes.png\",\"width\":1200,\"height\":675,\"caption\":\"15 de mes collations pr\u00e9f\u00e9r\u00e9es \u00e0 servir lors des f\u00eates de r\u00e9veillon du Nouvel An\"},{\"@type\":\"BreadcrumbList\",\"@id\":\"https:\/\/vieassociative.be\/actualites\/15-de-mes-collations-preferees-a-servir-lors-des-fetes-de-reveillon-du-nouvel-an\/#breadcrumb\",\"itemListElement\":[{\"@type\":\"ListItem\",\"position\":1,\"name\":\"Accueil\",\"item\":\"https:\/\/vieassociative.be\/actualites\/\"},{\"@type\":\"ListItem\",\"position\":2,\"name\":\"15 de mes collations pr\u00e9f\u00e9r\u00e9es \u00e0 servir lors des f\u00eates de r\u00e9veillon du Nouvel An\"}]},{\"@type\":\"WebSite\",\"@id\":\"https:\/\/vieassociative.be\/actualites\/#website\",\"url\":\"https:\/\/vieassociative.be\/actualites\/\",\"name\":\"Vie Associative\",\"description\":\"\",\"publisher\":{\"@id\":\"https:\/\/vieassociative.be\/actualites\/#organization\"},\"potentialAction\":[{\"@type\":\"SearchAction\",\"target\":{\"@type\":\"EntryPoint\",\"urlTemplate\":\"https:\/\/vieassociative.be\/actualites\/?s={search_term_string}\"},\"query-input\":{\"@type\":\"PropertyValueSpecification\",\"valueRequired\":true,\"valueName\":\"search_term_string\"}}],\"inLanguage\":\"fr-BE\"},{\"@type\":\"Organization\",\"@id\":\"https:\/\/vieassociative.be\/actualites\/#organization\",\"name\":\"Vie Associative\",\"url\":\"https:\/\/vieassociative.be\/actualites\/\",\"logo\":{\"@type\":\"ImageObject\",\"inLanguage\":\"fr-BE\",\"@id\":\"https:\/\/vieassociative.be\/actualites\/#\/schema\/logo\/image\/\",\"url\":\"https:\/\/vieassociative.be\/actualites\/wp-content\/uploads\/2024\/09\/cropped-vieassociative_favicon.ico.png\",\"contentUrl\":\"https:\/\/vieassociative.be\/actualites\/wp-content\/uploads\/2024\/09\/cropped-vieassociative_favicon.ico.png\",\"width\":512,\"height\":512,\"caption\":\"Vie Associative\"},\"image\":{\"@id\":\"https:\/\/vieassociative.be\/actualites\/#\/schema\/logo\/image\/\"}},{\"@type\":\"Person\",\"@id\":\"https:\/\/vieassociative.be\/actualites\/#\/schema\/person\/b87ac4f82f9d4e7b7cec7395b679edc4\",\"name\":\"Julien\",\"image\":{\"@type\":\"ImageObject\",\"inLanguage\":\"fr-BE\",\"@id\":\"https:\/\/vieassociative.be\/actualites\/#\/schema\/person\/image\/\",\"url\":\"https:\/\/vieassociative.be\/actualites\/wp-content\/uploads\/2024\/09\/vie-associative-1-150x150.jpg\",\"contentUrl\":\"https:\/\/vieassociative.be\/actualites\/wp-content\/uploads\/2024\/09\/vie-associative-1-150x150.jpg\",\"caption\":\"Julien\"},\"description\":\"Je suis Julien, r\u00e9dacteur pour Vie Associative. Passionn\u00e9 par le monde associatif depuis plus de 10 ans, j'ai \u00e0 c\u0153ur de partager des histoires inspirantes et de mettre en lumi\u00e8re les initiatives locales. Mon objectif est de sensibiliser et d'encourager l'engagement communautaire \u00e0 travers mes articles.\",\"sameAs\":[\"https:\/\/vieassociative.be\/\"]}]}<\/script>\n<!-- \/ Yoast SEO plugin. -->","yoast_head_json":{"title":"15 de mes collations pr\u00e9f\u00e9r\u00e9es \u00e0 servir lors des f\u00eates de r\u00e9veillon du Nouvel An | Vie Associative","robots":{"index":"index","follow":"follow","max-snippet":"max-snippet:-1","max-image-preview":"max-image-preview:large","max-video-preview":"max-video-preview:-1"},"canonical":"https:\/\/vieassociative.be\/actualites\/15-de-mes-collations-preferees-a-servir-lors-des-fetes-de-reveillon-du-nouvel-an\/","og_locale":"fr_FR","og_type":"article","og_title":"15 de mes collations pr\u00e9f\u00e9r\u00e9es \u00e0 servir lors des f\u00eates de r\u00e9veillon du Nouvel An | Vie Associative","og_description":"\u00c0 grignoter, \u00e0 partager et souvent \u00e0 tenir \u00e0 la main, ce sont toutes mes choses pr\u00e9f\u00e9r\u00e9es \u00e0 d\u00e9guster pour le Nouvel An. En p\u00e9riode","og_url":"https:\/\/vieassociative.be\/actualites\/15-de-mes-collations-preferees-a-servir-lors-des-fetes-de-reveillon-du-nouvel-an\/","og_site_name":"Vie Associative","article_published_time":"2024-12-28T01:18:04+00:00","og_image":[{"url":"https:\/\/vieassociative.be\/actualites\/wp-content\/uploads\/2024\/12\/15-de-mes-collations-preferees-a-servir-lors-des-fetes.png","type":"","width":"","height":""}],"author":"Julien","twitter_card":"summary_large_image","twitter_misc":{"\u00c9crit par":"Julien","Dur\u00e9e de lecture est.":"7 minutes"},"schema":{"@context":"https:\/\/schema.org","@graph":[{"@type":"Article","@id":"https:\/\/vieassociative.be\/actualites\/15-de-mes-collations-preferees-a-servir-lors-des-fetes-de-reveillon-du-nouvel-an\/#article","isPartOf":{"@id":"https:\/\/vieassociative.be\/actualites\/15-de-mes-collations-preferees-a-servir-lors-des-fetes-de-reveillon-du-nouvel-an\/"},"author":{"name":"Julien","@id":"https:\/\/vieassociative.be\/actualites\/#\/schema\/person\/b87ac4f82f9d4e7b7cec7395b679edc4"},"headline":"15 de mes collations pr\u00e9f\u00e9r\u00e9es \u00e0 servir lors des f\u00eates de r\u00e9veillon du Nouvel An","datePublished":"2024-12-28T01:18:04+00:00","dateModified":"2024-12-28T01:18:04+00:00","mainEntityOfPage":{"@id":"https:\/\/vieassociative.be\/actualites\/15-de-mes-collations-preferees-a-servir-lors-des-fetes-de-reveillon-du-nouvel-an\/"},"wordCount":1482,"publisher":{"@id":"https:\/\/vieassociative.be\/actualites\/#organization"},"image":{"@id":"https:\/\/vieassociative.be\/actualites\/15-de-mes-collations-preferees-a-servir-lors-des-fetes-de-reveillon-du-nouvel-an\/#primaryimage"},"thumbnailUrl":"https:\/\/vieassociative.be\/actualites\/wp-content\/uploads\/2024\/12\/1735348684_15-de-mes-collations-preferees-a-servir-lors-des-fetes.png","keywords":["collations","Des","f\u00eates","lors","Mes","nouvel","pr\u00e9f\u00e9r\u00e9es","r\u00e9veillon","servir"],"articleSection":["Gastronomie"],"inLanguage":"fr-BE"},{"@type":"WebPage","@id":"https:\/\/vieassociative.be\/actualites\/15-de-mes-collations-preferees-a-servir-lors-des-fetes-de-reveillon-du-nouvel-an\/","url":"https:\/\/vieassociative.be\/actualites\/15-de-mes-collations-preferees-a-servir-lors-des-fetes-de-reveillon-du-nouvel-an\/","name":"15 de mes collations pr\u00e9f\u00e9r\u00e9es \u00e0 servir lors des f\u00eates de r\u00e9veillon du Nouvel An | Vie Associative","isPartOf":{"@id":"https:\/\/vieassociative.be\/actualites\/#website"},"primaryImageOfPage":{"@id":"https:\/\/vieassociative.be\/actualites\/15-de-mes-collations-preferees-a-servir-lors-des-fetes-de-reveillon-du-nouvel-an\/#primaryimage"},"image":{"@id":"https:\/\/vieassociative.be\/actualites\/15-de-mes-collations-preferees-a-servir-lors-des-fetes-de-reveillon-du-nouvel-an\/#primaryimage"},"thumbnailUrl":"https:\/\/vieassociative.be\/actualites\/wp-content\/uploads\/2024\/12\/1735348684_15-de-mes-collations-preferees-a-servir-lors-des-fetes.png","datePublished":"2024-12-28T01:18:04+00:00","dateModified":"2024-12-28T01:18:04+00:00","breadcrumb":{"@id":"https:\/\/vieassociative.be\/actualites\/15-de-mes-collations-preferees-a-servir-lors-des-fetes-de-reveillon-du-nouvel-an\/#breadcrumb"},"inLanguage":"fr-BE","potentialAction":[{"@type":"ReadAction","target":["https:\/\/vieassociative.be\/actualites\/15-de-mes-collations-preferees-a-servir-lors-des-fetes-de-reveillon-du-nouvel-an\/"]}]},{"@type":"ImageObject","inLanguage":"fr-BE","@id":"https:\/\/vieassociative.be\/actualites\/15-de-mes-collations-preferees-a-servir-lors-des-fetes-de-reveillon-du-nouvel-an\/#primaryimage","url":"https:\/\/vieassociative.be\/actualites\/wp-content\/uploads\/2024\/12\/1735348684_15-de-mes-collations-preferees-a-servir-lors-des-fetes.png","contentUrl":"https:\/\/vieassociative.be\/actualites\/wp-content\/uploads\/2024\/12\/1735348684_15-de-mes-collations-preferees-a-servir-lors-des-fetes.png","width":1200,"height":675,"caption":"15 de mes collations pr\u00e9f\u00e9r\u00e9es \u00e0 servir lors des f\u00eates de r\u00e9veillon du Nouvel An"},{"@type":"BreadcrumbList","@id":"https:\/\/vieassociative.be\/actualites\/15-de-mes-collations-preferees-a-servir-lors-des-fetes-de-reveillon-du-nouvel-an\/#breadcrumb","itemListElement":[{"@type":"ListItem","position":1,"name":"Accueil","item":"https:\/\/vieassociative.be\/actualites\/"},{"@type":"ListItem","position":2,"name":"15 de mes collations pr\u00e9f\u00e9r\u00e9es \u00e0 servir lors des f\u00eates de r\u00e9veillon du Nouvel An"}]},{"@type":"WebSite","@id":"https:\/\/vieassociative.be\/actualites\/#website","url":"https:\/\/vieassociative.be\/actualites\/","name":"Vie Associative","description":"","publisher":{"@id":"https:\/\/vieassociative.be\/actualites\/#organization"},"potentialAction":[{"@type":"SearchAction","target":{"@type":"EntryPoint","urlTemplate":"https:\/\/vieassociative.be\/actualites\/?s={search_term_string}"},"query-input":{"@type":"PropertyValueSpecification","valueRequired":true,"valueName":"search_term_string"}}],"inLanguage":"fr-BE"},{"@type":"Organization","@id":"https:\/\/vieassociative.be\/actualites\/#organization","name":"Vie Associative","url":"https:\/\/vieassociative.be\/actualites\/","logo":{"@type":"ImageObject","inLanguage":"fr-BE","@id":"https:\/\/vieassociative.be\/actualites\/#\/schema\/logo\/image\/","url":"https:\/\/vieassociative.be\/actualites\/wp-content\/uploads\/2024\/09\/cropped-vieassociative_favicon.ico.png","contentUrl":"https:\/\/vieassociative.be\/actualites\/wp-content\/uploads\/2024\/09\/cropped-vieassociative_favicon.ico.png","width":512,"height":512,"caption":"Vie Associative"},"image":{"@id":"https:\/\/vieassociative.be\/actualites\/#\/schema\/logo\/image\/"}},{"@type":"Person","@id":"https:\/\/vieassociative.be\/actualites\/#\/schema\/person\/b87ac4f82f9d4e7b7cec7395b679edc4","name":"Julien","image":{"@type":"ImageObject","inLanguage":"fr-BE","@id":"https:\/\/vieassociative.be\/actualites\/#\/schema\/person\/image\/","url":"https:\/\/vieassociative.be\/actualites\/wp-content\/uploads\/2024\/09\/vie-associative-1-150x150.jpg","contentUrl":"https:\/\/vieassociative.be\/actualites\/wp-content\/uploads\/2024\/09\/vie-associative-1-150x150.jpg","caption":"Julien"},"description":"Je suis Julien, r\u00e9dacteur pour Vie Associative. Passionn\u00e9 par le monde associatif depuis plus de 10 ans, j'ai \u00e0 c\u0153ur de partager des histoires inspirantes et de mettre en lumi\u00e8re les initiatives locales. Mon objectif est de sensibiliser et d'encourager l'engagement communautaire \u00e0 travers mes articles.","sameAs":["https:\/\/vieassociative.be\/"]}]}},"_links":{"self":[{"href":"https:\/\/vieassociative.be\/actualites\/wp-json\/wp\/v2\/posts\/3808"}],"collection":[{"href":"https:\/\/vieassociative.be\/actualites\/wp-json\/wp\/v2\/posts"}],"about":[{"href":"https:\/\/vieassociative.be\/actualites\/wp-json\/wp\/v2\/types\/post"}],"author":[{"embeddable":true,"href":"https:\/\/vieassociative.be\/actualites\/wp-json\/wp\/v2\/users\/1"}],"replies":[{"embeddable":true,"href":"https:\/\/vieassociative.be\/actualites\/wp-json\/wp\/v2\/comments?post=3808"}],"version-history":[{"count":0,"href":"https:\/\/vieassociative.be\/actualites\/wp-json\/wp\/v2\/posts\/3808\/revisions"}],"wp:featuredmedia":[{"embeddable":true,"href":"https:\/\/vieassociative.be\/actualites\/wp-json\/wp\/v2\/media\/3809"}],"wp:attachment":[{"href":"https:\/\/vieassociative.be\/actualites\/wp-json\/wp\/v2\/media?parent=3808"}],"wp:term":[{"taxonomy":"category","embeddable":true,"href":"https:\/\/vieassociative.be\/actualites\/wp-json\/wp\/v2\/categories?post=3808"},{"taxonomy":"post_tag","embeddable":true,"href":"https:\/\/vieassociative.be\/actualites\/wp-json\/wp\/v2\/tags?post=3808"}],"curies":[{"name":"wp","href":"https:\/\/api.w.org\/{rel}","templated":true}]}}