{"id":3803,"date":"2024-12-27T21:18:07","date_gmt":"2024-12-27T20:18:07","guid":{"rendered":"https:\/\/vieassociative.be\/actualites\/les-temperatures-augmentent-de-plus-en-plus-de-vins-belges\/"},"modified":"2024-12-27T21:18:07","modified_gmt":"2024-12-27T20:18:07","slug":"les-temperatures-augmentent-de-plus-en-plus-de-vins-belges","status":"publish","type":"post","link":"https:\/\/vieassociative.be\/actualites\/les-temperatures-augmentent-de-plus-en-plus-de-vins-belges\/","title":{"rendered":"Les temp\u00e9ratures augmentent : de plus en plus de vins belges"},"content":{"rendered":"<p><strong>La bi\u00e8re belge est connue dans le monde entier \u2013 le vin belge bient\u00f4t aussi ? La viticulture dans notre pays est en plein essor.<\/strong><\/p>\n<p><span id=\"more-404968\"><\/span>Lorsque le Cr\u00e9mant de Wallonie du domaine Chant d&rsquo;\u00c9ole a re\u00e7u la m\u00e9daille d&rsquo;or dans la cat\u00e9gorie des vins effervescents internationaux lors d&rsquo;un concours en 2019, les connaisseurs en vins ont \u00e9carquill\u00e9 les yeux. \u00ab\u00a0Un vin d\u00e9licieux\u00a0\u00bb, d\u00e9clare Marc Declerck, responsable de la marque de guides gastronomiques Gault&#038;Millau en Belgique, \u00e0 propos de ce vin, qui a \u00e9galement pr\u00e9valu contre des centaines de champagnes diff\u00e9rents en provenance de France.<\/p>\n<div id=\"attachment_404974\" class=\"wp-caption alignleft\" style=\"max-width: 300px\"><img fetchpriority=\"high\" decoding=\"async\" class=\"wp-image-404974 size-medium\" src=\"https:\/\/vieassociative.be\/actualites\/wp-content\/uploads\/2024\/12\/Les-temperatures-augmentent-de-plus-en-plus-de-vins.jpg\" alt=\"\" width=\"300\" height=\"199\"><\/p>\n<p class=\"wp-caption-text\">6 septembre 2024, Belgique, Heuvelland : une vigne de la cave entre deux Monts. Photo : Katharina Radanz\/dpa<\/p>\n<\/div>\n<p>Il y a quelques d\u00e9cennies, la viticulture dans le pays \u00e0 l&rsquo;\u00e9chelle actuelle n&rsquo;aurait pas \u00e9t\u00e9 possible, explique Declerck. Mais contrairement aux agriculteurs du sud de l\u2019Europe, les viticulteurs belges pourraient profiter de la hausse des temp\u00e9ratures moyennes li\u00e9e au changement climatique.<\/p>\n<p>Des chercheurs fran\u00e7ais \u00e9crivent dans une \u00e9tude qu&rsquo;en Europe, les r\u00e9gions situ\u00e9es au nord du 46e parall\u00e8le &#8211; la ligne sur laquelle se trouvent Berne, S\u00f6lden en Autriche et Poitiers en France &#8211; b\u00e9n\u00e9ficient du r\u00e9chauffement climatique. Dans l\u2019ensemble, ils restent les gagnants du changement climatique \u2013 mais les risques augmentent. Avec le r\u00e9chauffement croissant \u2013 de plus d&rsquo;un degr\u00e9 au cours de la saison de croissance au cours des 30 derni\u00e8res ann\u00e9es \u2013 les raisins ont atteint des niveaux de maturit\u00e9 plus \u00e9lev\u00e9s, conduisant finalement \u00e0 de meilleures qualit\u00e9s de vin. Les vins rouges en profitent particuli\u00e8rement.<\/p>\n<p>Avec le Merlot, le Cabernet Sauvignon, le Shiraz\/Syrah et le Cabernet Franc, les c\u00e9pages de la r\u00e9gion m\u00e9diterran\u00e9enne sont de plus en plus cultiv\u00e9s, mais seulement sur environ 1,5 pour cent de la superficie du vignoble. La viticulture est \u00e9galement devenue possible dans le nord de l&rsquo;Allemagne. Des conditions m\u00e9t\u00e9orologiques extr\u00eames telles que la gr\u00eale, des gel\u00e9es tardives, de fortes pluies ou un ensoleillement intense ont \u00e9galement caus\u00e9 des d\u00e9g\u00e2ts ici. Face au r\u00e9chauffement croissant, les viticulteurs plantent par exemple leurs vignes dans des endroits plus \u00e9lev\u00e9s ou moins ensoleill\u00e9s ou optent pour des vignes aux racines plus profondes &#8211; ou plus d&rsquo;ombre pour les raisins. Parall\u00e8lement, des recherches sont men\u00e9es sur des vari\u00e9t\u00e9s adapt\u00e9es au changement climatique.<\/p>\n<div id=\"attachment_404975\" class=\"wp-caption alignleft\" style=\"max-width: 300px\"><img decoding=\"async\" class=\"wp-image-404975 size-medium\" src=\"https:\/\/vieassociative.be\/actualites\/wp-content\/uploads\/2024\/12\/1735330687_220_Les-temperatures-augmentent-de-plus-en-plus-de-vins.jpg\" alt=\"\" width=\"300\" height=\"199\"><\/p>\n<p class=\"wp-caption-text\">6 septembre 2024, Belgique, Heuvelland : un vignoble de la cave entre deux Monts. Photo : Katharina Radanz\/dpa<\/p>\n<\/div>\n<p><strong>\u2013 Tout le monde ne profite pas du r\u00e9chauffement :<\/strong> Selon les chercheurs, la superficie appropri\u00e9e dans les r\u00e9gions viticoles traditionnelles diminuera consid\u00e9rablement d&rsquo;ici la fin du si\u00e8cle en raison du changement climatique. Car : \u00ab La combinaison de la hausse des temp\u00e9ratures et de la baisse des pr\u00e9cipitations entra\u00eenera de graves p\u00e9riodes de s\u00e9cheresse dans le sud de la p\u00e9ninsule ib\u00e9rique, dans la France et l&rsquo;Espagne m\u00e9diterran\u00e9ennes, dans la vall\u00e9e du P\u00f4, dans les r\u00e9gions c\u00f4ti\u00e8res de l&rsquo;Italie, sur la p\u00e9ninsule balkanique et dans le sud-ouest de la M\u00e9diterran\u00e9e. Mer Noire\u00bb, disent les scientifiques.<\/p>\n<p>En France, par exemple, les viticulteurs sont en difficult\u00e9 : le stress hydrique dans le sud, les d\u00e9g\u00e2ts caus\u00e9s par les fortes pluies et les canicules et les pertes dues aux gel\u00e9es nocturnes au printemps ont \u00e9t\u00e9 \u00e0 maintes reprises constat\u00e9s ces derni\u00e8res ann\u00e9es. En Italie, la r\u00e9colte est devenue de plus en plus r\u00e9duite en raison des conditions climatiques et en Espagne, les vignerons souffrent \u00e9galement d&rsquo;\u00e9t\u00e9s de plus en plus chauds, de p\u00e9riodes de s\u00e9cheresse plus longues et d&rsquo;extr\u00eames m\u00e9t\u00e9orologiques. De nombreux domaines viticoles r\u00e9agissent et misent, entre autres, sur des m\u00e9thodes de culture plus durables et des c\u00e9pages plus r\u00e9sistants \u00e0 la chaleur.<\/p>\n<p><strong>\u2013 Terre du vin mousseux :<\/strong> M\u00eame en Belgique, tout n&rsquo;est pas beau en ce qui concerne les effets du changement climatique, explique Jelle Steel du domaine viticole Entre Deux Monts en Flandre occidentale. Les conditions m\u00e9t\u00e9orologiques \u00e9tant plus impr\u00e9visibles et in\u00e9gales, il faut pr\u00eater beaucoup plus d\u2019attention au vignoble. Mais en g\u00e9n\u00e9ral, la viticulture faciliterait les choses. Les chiffres le montrent \u00e9galement. Selon le minist\u00e8re belge de l\u2019\u00c9conomie, la production de vin dans le royaume a \u00e9t\u00e9 plus importante que jamais en 2023. Le nombre de vignerons et le nombre d&rsquo;hectares cultiv\u00e9s ont \u00e9galement augment\u00e9.<\/p>\n<div id=\"attachment_404973\" class=\"wp-caption alignleft\" style=\"max-width: 300px\"><img decoding=\"async\" class=\"wp-image-404973 size-medium\" src=\"https:\/\/vieassociative.be\/actualites\/wp-content\/uploads\/2024\/12\/1735330687_357_Les-temperatures-augmentent-de-plus-en-plus-de-vins.jpg\" alt=\"\" width=\"300\" height=\"200\"><\/p>\n<p class=\"wp-caption-text\">Un gros plan d&rsquo;un verre rempli de vin blanc de Bruges, en Belgique. Photo : Shutterstock<\/p>\n<\/div>\n<p>Surtout, la proximit\u00e9 de la mer rend le vin belge sp\u00e9cial, explique Steel. \u00abNous avons cette brise marine que la plupart des autres r\u00e9gions viticoles aux climats frais n&rsquo;ont pas.\u00bb Selon l&rsquo;expert Declerck, la Belgique est particuli\u00e8rement forte en vins mousseux en raison de son climat nordique. Selon lui, pr\u00e8s de la moiti\u00e9 de tous les vins produits ici sont mousseux. 35 pour cent suppl\u00e9mentaires sont des vins blancs, le reste \u00e9tant du vin rouge ou ros\u00e9. Cela se marie bien avec les frites belges : il est pr\u00e9f\u00e9rable de boire quelque chose avec de l&rsquo;acide ou des bulles avec les frites grasses, dit Steel &#8211; un vin mousseux ou un vin blanc, par exemple.<\/p>\n<p>Le m\u00eame terroir au sud qu&rsquo;en Champagne : selon les experts, la qualit\u00e9 du jus de raisin du pays situ\u00e9 entre Ardennes et mer du Nord s&rsquo;est consid\u00e9rablement am\u00e9lior\u00e9e au cours des vingt derni\u00e8res ann\u00e9es. La deuxi\u00e8me \u00e9dition du guide des vins \u00ab Gault&#038;Millau \u00bb pour la Belgique a \u00e9t\u00e9 publi\u00e9e en juin.<\/p>\n<p>Le terroir contribue \u00e9galement au succ\u00e8s : la cave Le Chant d&rsquo;Eole avec le Cr\u00e9mant prim\u00e9, par exemple, est situ\u00e9e sur la m\u00eame veine calcaire que la Champagne en France. Le sol de craie blanche, qui emmagasine l&rsquo;humidit\u00e9 en hiver &#8211; pendant les mois les plus humides &#8211; et la restitue en \u00e9t\u00e9 &#8211; lorsque la vigne en a le plus besoin &#8211; est caract\u00e9ristique de leurs produits, explique la porte-parole Am\u00e9lie Wuillaume.<\/p>\n<p>Les Fran\u00e7ais ont-ils de quoi s&rsquo;inqui\u00e9ter ? Absolument pas, dit Declerck. \u00ab\u00a0Nous aimons le grand champagne et nous pensons que rien ne changera !\u00a0\u00bb au lieu d&rsquo;un \u00ab\u00a0ou\u00a0\u00bb. (dpa)<\/p>\n","protected":false},"excerpt":{"rendered":"<p>La bi\u00e8re belge est connue dans le monde entier \u2013 le vin belge bient\u00f4t aussi ? La viticulture dans notre pays est en plein essor.<\/p>\n","protected":false},"author":1,"featured_media":3804,"comment_status":"","ping_status":"","sticky":false,"template":"","format":"standard","meta":{"footnotes":""},"categories":[298],"tags":[4315,397,14,4314,3433],"class_list":["post-3803","post","type-post","status-publish","format-standard","has-post-thumbnail","hentry","category-belgique","tag-augmentent","tag-belges","tag-les","tag-temperatures","tag-vins","generate-columns","tablet-grid-50","mobile-grid-100","grid-parent","grid-33"],"yoast_head":"<!-- This site is optimized with the Yoast SEO plugin v24.0 - https:\/\/yoast.com\/wordpress\/plugins\/seo\/ -->\n<title>Les temp\u00e9ratures augmentent : de plus en plus de vins belges | Vie Associative<\/title>\n<meta name=\"robots\" content=\"index, follow, max-snippet:-1, max-image-preview:large, max-video-preview:-1\" \/>\n<link rel=\"canonical\" href=\"https:\/\/vieassociative.be\/actualites\/les-temperatures-augmentent-de-plus-en-plus-de-vins-belges\/\" \/>\n<meta property=\"og:locale\" content=\"fr_FR\" \/>\n<meta property=\"og:type\" content=\"article\" \/>\n<meta property=\"og:title\" content=\"Les temp\u00e9ratures augmentent : de plus en plus de vins belges | Vie Associative\" \/>\n<meta property=\"og:description\" content=\"La bi\u00e8re belge est connue dans le monde entier \u2013 le vin belge bient\u00f4t aussi ? La viticulture dans notre pays est en plein essor.\" \/>\n<meta property=\"og:url\" content=\"https:\/\/vieassociative.be\/actualites\/les-temperatures-augmentent-de-plus-en-plus-de-vins-belges\/\" \/>\n<meta property=\"og:site_name\" content=\"Vie Associative\" \/>\n<meta property=\"article:published_time\" content=\"2024-12-27T20:18:07+00:00\" \/>\n<meta property=\"og:image\" content=\"https:\/\/vieassociative.be\/actualites\/wp-content\/uploads\/2024\/09\/header_backgroundk-01-e1726694325946.png\" \/>\n\t<meta property=\"og:image:width\" content=\"279\" \/>\n\t<meta property=\"og:image:height\" content=\"92\" \/>\n\t<meta property=\"og:image:type\" content=\"image\/png\" \/>\n<meta name=\"author\" content=\"Julien\" \/>\n<meta name=\"twitter:card\" content=\"summary_large_image\" \/>\n<meta name=\"twitter:label1\" content=\"\u00c9crit par\" \/>\n\t<meta name=\"twitter:data1\" content=\"Julien\" \/>\n\t<meta name=\"twitter:label2\" content=\"Dur\u00e9e de lecture est.\" \/>\n\t<meta name=\"twitter:data2\" content=\"5 minutes\" \/>\n<script type=\"application\/ld+json\" class=\"yoast-schema-graph\">{\"@context\":\"https:\/\/schema.org\",\"@graph\":[{\"@type\":\"Article\",\"@id\":\"https:\/\/vieassociative.be\/actualites\/les-temperatures-augmentent-de-plus-en-plus-de-vins-belges\/#article\",\"isPartOf\":{\"@id\":\"https:\/\/vieassociative.be\/actualites\/les-temperatures-augmentent-de-plus-en-plus-de-vins-belges\/\"},\"author\":{\"name\":\"Julien\",\"@id\":\"https:\/\/vieassociative.be\/actualites\/#\/schema\/person\/b87ac4f82f9d4e7b7cec7395b679edc4\"},\"headline\":\"Les temp\u00e9ratures augmentent : de plus en plus de vins belges\",\"datePublished\":\"2024-12-27T20:18:07+00:00\",\"dateModified\":\"2024-12-27T20:18:07+00:00\",\"mainEntityOfPage\":{\"@id\":\"https:\/\/vieassociative.be\/actualites\/les-temperatures-augmentent-de-plus-en-plus-de-vins-belges\/\"},\"wordCount\":1099,\"publisher\":{\"@id\":\"https:\/\/vieassociative.be\/actualites\/#organization\"},\"image\":{\"@id\":\"https:\/\/vieassociative.be\/actualites\/les-temperatures-augmentent-de-plus-en-plus-de-vins-belges\/#primaryimage\"},\"thumbnailUrl\":\"https:\/\/vieassociative.be\/actualites\/wp-content\/uploads\/2024\/12\/1735330687_Les-temperatures-augmentent-de-plus-en-plus-de-vins.jpg\",\"keywords\":[\"augmentent\",\"Belges\",\"Les\",\"temp\u00e9ratures\",\"vins\"],\"articleSection\":[\"Belgique\"],\"inLanguage\":\"fr-BE\"},{\"@type\":\"WebPage\",\"@id\":\"https:\/\/vieassociative.be\/actualites\/les-temperatures-augmentent-de-plus-en-plus-de-vins-belges\/\",\"url\":\"https:\/\/vieassociative.be\/actualites\/les-temperatures-augmentent-de-plus-en-plus-de-vins-belges\/\",\"name\":\"Les temp\u00e9ratures augmentent : de plus en plus de vins belges | Vie Associative\",\"isPartOf\":{\"@id\":\"https:\/\/vieassociative.be\/actualites\/#website\"},\"primaryImageOfPage\":{\"@id\":\"https:\/\/vieassociative.be\/actualites\/les-temperatures-augmentent-de-plus-en-plus-de-vins-belges\/#primaryimage\"},\"image\":{\"@id\":\"https:\/\/vieassociative.be\/actualites\/les-temperatures-augmentent-de-plus-en-plus-de-vins-belges\/#primaryimage\"},\"thumbnailUrl\":\"https:\/\/vieassociative.be\/actualites\/wp-content\/uploads\/2024\/12\/1735330687_Les-temperatures-augmentent-de-plus-en-plus-de-vins.jpg\",\"datePublished\":\"2024-12-27T20:18:07+00:00\",\"dateModified\":\"2024-12-27T20:18:07+00:00\",\"breadcrumb\":{\"@id\":\"https:\/\/vieassociative.be\/actualites\/les-temperatures-augmentent-de-plus-en-plus-de-vins-belges\/#breadcrumb\"},\"inLanguage\":\"fr-BE\",\"potentialAction\":[{\"@type\":\"ReadAction\",\"target\":[\"https:\/\/vieassociative.be\/actualites\/les-temperatures-augmentent-de-plus-en-plus-de-vins-belges\/\"]}]},{\"@type\":\"ImageObject\",\"inLanguage\":\"fr-BE\",\"@id\":\"https:\/\/vieassociative.be\/actualites\/les-temperatures-augmentent-de-plus-en-plus-de-vins-belges\/#primaryimage\",\"url\":\"https:\/\/vieassociative.be\/actualites\/wp-content\/uploads\/2024\/12\/1735330687_Les-temperatures-augmentent-de-plus-en-plus-de-vins.jpg\",\"contentUrl\":\"https:\/\/vieassociative.be\/actualites\/wp-content\/uploads\/2024\/12\/1735330687_Les-temperatures-augmentent-de-plus-en-plus-de-vins.jpg\",\"width\":1200,\"height\":800,\"caption\":\"Les temp\u00e9ratures augmentent : de plus en plus de vins belges\"},{\"@type\":\"BreadcrumbList\",\"@id\":\"https:\/\/vieassociative.be\/actualites\/les-temperatures-augmentent-de-plus-en-plus-de-vins-belges\/#breadcrumb\",\"itemListElement\":[{\"@type\":\"ListItem\",\"position\":1,\"name\":\"Accueil\",\"item\":\"https:\/\/vieassociative.be\/actualites\/\"},{\"@type\":\"ListItem\",\"position\":2,\"name\":\"Les temp\u00e9ratures augmentent : de plus en plus de vins belges\"}]},{\"@type\":\"WebSite\",\"@id\":\"https:\/\/vieassociative.be\/actualites\/#website\",\"url\":\"https:\/\/vieassociative.be\/actualites\/\",\"name\":\"Vie Associative\",\"description\":\"\",\"publisher\":{\"@id\":\"https:\/\/vieassociative.be\/actualites\/#organization\"},\"potentialAction\":[{\"@type\":\"SearchAction\",\"target\":{\"@type\":\"EntryPoint\",\"urlTemplate\":\"https:\/\/vieassociative.be\/actualites\/?s={search_term_string}\"},\"query-input\":{\"@type\":\"PropertyValueSpecification\",\"valueRequired\":true,\"valueName\":\"search_term_string\"}}],\"inLanguage\":\"fr-BE\"},{\"@type\":\"Organization\",\"@id\":\"https:\/\/vieassociative.be\/actualites\/#organization\",\"name\":\"Vie Associative\",\"url\":\"https:\/\/vieassociative.be\/actualites\/\",\"logo\":{\"@type\":\"ImageObject\",\"inLanguage\":\"fr-BE\",\"@id\":\"https:\/\/vieassociative.be\/actualites\/#\/schema\/logo\/image\/\",\"url\":\"https:\/\/vieassociative.be\/actualites\/wp-content\/uploads\/2024\/09\/cropped-vieassociative_favicon.ico.png\",\"contentUrl\":\"https:\/\/vieassociative.be\/actualites\/wp-content\/uploads\/2024\/09\/cropped-vieassociative_favicon.ico.png\",\"width\":512,\"height\":512,\"caption\":\"Vie Associative\"},\"image\":{\"@id\":\"https:\/\/vieassociative.be\/actualites\/#\/schema\/logo\/image\/\"}},{\"@type\":\"Person\",\"@id\":\"https:\/\/vieassociative.be\/actualites\/#\/schema\/person\/b87ac4f82f9d4e7b7cec7395b679edc4\",\"name\":\"Julien\",\"image\":{\"@type\":\"ImageObject\",\"inLanguage\":\"fr-BE\",\"@id\":\"https:\/\/vieassociative.be\/actualites\/#\/schema\/person\/image\/\",\"url\":\"https:\/\/vieassociative.be\/actualites\/wp-content\/uploads\/2024\/09\/vie-associative-1-150x150.jpg\",\"contentUrl\":\"https:\/\/vieassociative.be\/actualites\/wp-content\/uploads\/2024\/09\/vie-associative-1-150x150.jpg\",\"caption\":\"Julien\"},\"description\":\"Je suis Julien, r\u00e9dacteur pour Vie Associative. Passionn\u00e9 par le monde associatif depuis plus de 10 ans, j'ai \u00e0 c\u0153ur de partager des histoires inspirantes et de mettre en lumi\u00e8re les initiatives locales. Mon objectif est de sensibiliser et d'encourager l'engagement communautaire \u00e0 travers mes articles.\",\"sameAs\":[\"https:\/\/vieassociative.be\/\"]}]}<\/script>\n<!-- \/ Yoast SEO plugin. -->","yoast_head_json":{"title":"Les temp\u00e9ratures augmentent : de plus en plus de vins belges | Vie Associative","robots":{"index":"index","follow":"follow","max-snippet":"max-snippet:-1","max-image-preview":"max-image-preview:large","max-video-preview":"max-video-preview:-1"},"canonical":"https:\/\/vieassociative.be\/actualites\/les-temperatures-augmentent-de-plus-en-plus-de-vins-belges\/","og_locale":"fr_FR","og_type":"article","og_title":"Les temp\u00e9ratures augmentent : de plus en plus de vins belges | Vie Associative","og_description":"La bi\u00e8re belge est connue dans le monde entier \u2013 le vin belge bient\u00f4t aussi ? La viticulture dans notre pays est en plein essor.","og_url":"https:\/\/vieassociative.be\/actualites\/les-temperatures-augmentent-de-plus-en-plus-de-vins-belges\/","og_site_name":"Vie Associative","article_published_time":"2024-12-27T20:18:07+00:00","og_image":[{"width":279,"height":92,"url":"https:\/\/vieassociative.be\/actualites\/wp-content\/uploads\/2024\/09\/header_backgroundk-01-e1726694325946.png","type":"image\/png"}],"author":"Julien","twitter_card":"summary_large_image","twitter_misc":{"\u00c9crit par":"Julien","Dur\u00e9e de lecture est.":"5 minutes"},"schema":{"@context":"https:\/\/schema.org","@graph":[{"@type":"Article","@id":"https:\/\/vieassociative.be\/actualites\/les-temperatures-augmentent-de-plus-en-plus-de-vins-belges\/#article","isPartOf":{"@id":"https:\/\/vieassociative.be\/actualites\/les-temperatures-augmentent-de-plus-en-plus-de-vins-belges\/"},"author":{"name":"Julien","@id":"https:\/\/vieassociative.be\/actualites\/#\/schema\/person\/b87ac4f82f9d4e7b7cec7395b679edc4"},"headline":"Les temp\u00e9ratures augmentent : de plus en plus de vins belges","datePublished":"2024-12-27T20:18:07+00:00","dateModified":"2024-12-27T20:18:07+00:00","mainEntityOfPage":{"@id":"https:\/\/vieassociative.be\/actualites\/les-temperatures-augmentent-de-plus-en-plus-de-vins-belges\/"},"wordCount":1099,"publisher":{"@id":"https:\/\/vieassociative.be\/actualites\/#organization"},"image":{"@id":"https:\/\/vieassociative.be\/actualites\/les-temperatures-augmentent-de-plus-en-plus-de-vins-belges\/#primaryimage"},"thumbnailUrl":"https:\/\/vieassociative.be\/actualites\/wp-content\/uploads\/2024\/12\/1735330687_Les-temperatures-augmentent-de-plus-en-plus-de-vins.jpg","keywords":["augmentent","Belges","Les","temp\u00e9ratures","vins"],"articleSection":["Belgique"],"inLanguage":"fr-BE"},{"@type":"WebPage","@id":"https:\/\/vieassociative.be\/actualites\/les-temperatures-augmentent-de-plus-en-plus-de-vins-belges\/","url":"https:\/\/vieassociative.be\/actualites\/les-temperatures-augmentent-de-plus-en-plus-de-vins-belges\/","name":"Les temp\u00e9ratures augmentent : de plus en plus de vins belges | Vie Associative","isPartOf":{"@id":"https:\/\/vieassociative.be\/actualites\/#website"},"primaryImageOfPage":{"@id":"https:\/\/vieassociative.be\/actualites\/les-temperatures-augmentent-de-plus-en-plus-de-vins-belges\/#primaryimage"},"image":{"@id":"https:\/\/vieassociative.be\/actualites\/les-temperatures-augmentent-de-plus-en-plus-de-vins-belges\/#primaryimage"},"thumbnailUrl":"https:\/\/vieassociative.be\/actualites\/wp-content\/uploads\/2024\/12\/1735330687_Les-temperatures-augmentent-de-plus-en-plus-de-vins.jpg","datePublished":"2024-12-27T20:18:07+00:00","dateModified":"2024-12-27T20:18:07+00:00","breadcrumb":{"@id":"https:\/\/vieassociative.be\/actualites\/les-temperatures-augmentent-de-plus-en-plus-de-vins-belges\/#breadcrumb"},"inLanguage":"fr-BE","potentialAction":[{"@type":"ReadAction","target":["https:\/\/vieassociative.be\/actualites\/les-temperatures-augmentent-de-plus-en-plus-de-vins-belges\/"]}]},{"@type":"ImageObject","inLanguage":"fr-BE","@id":"https:\/\/vieassociative.be\/actualites\/les-temperatures-augmentent-de-plus-en-plus-de-vins-belges\/#primaryimage","url":"https:\/\/vieassociative.be\/actualites\/wp-content\/uploads\/2024\/12\/1735330687_Les-temperatures-augmentent-de-plus-en-plus-de-vins.jpg","contentUrl":"https:\/\/vieassociative.be\/actualites\/wp-content\/uploads\/2024\/12\/1735330687_Les-temperatures-augmentent-de-plus-en-plus-de-vins.jpg","width":1200,"height":800,"caption":"Les temp\u00e9ratures augmentent : de plus en plus de vins belges"},{"@type":"BreadcrumbList","@id":"https:\/\/vieassociative.be\/actualites\/les-temperatures-augmentent-de-plus-en-plus-de-vins-belges\/#breadcrumb","itemListElement":[{"@type":"ListItem","position":1,"name":"Accueil","item":"https:\/\/vieassociative.be\/actualites\/"},{"@type":"ListItem","position":2,"name":"Les temp\u00e9ratures augmentent : de plus en plus de vins belges"}]},{"@type":"WebSite","@id":"https:\/\/vieassociative.be\/actualites\/#website","url":"https:\/\/vieassociative.be\/actualites\/","name":"Vie Associative","description":"","publisher":{"@id":"https:\/\/vieassociative.be\/actualites\/#organization"},"potentialAction":[{"@type":"SearchAction","target":{"@type":"EntryPoint","urlTemplate":"https:\/\/vieassociative.be\/actualites\/?s={search_term_string}"},"query-input":{"@type":"PropertyValueSpecification","valueRequired":true,"valueName":"search_term_string"}}],"inLanguage":"fr-BE"},{"@type":"Organization","@id":"https:\/\/vieassociative.be\/actualites\/#organization","name":"Vie Associative","url":"https:\/\/vieassociative.be\/actualites\/","logo":{"@type":"ImageObject","inLanguage":"fr-BE","@id":"https:\/\/vieassociative.be\/actualites\/#\/schema\/logo\/image\/","url":"https:\/\/vieassociative.be\/actualites\/wp-content\/uploads\/2024\/09\/cropped-vieassociative_favicon.ico.png","contentUrl":"https:\/\/vieassociative.be\/actualites\/wp-content\/uploads\/2024\/09\/cropped-vieassociative_favicon.ico.png","width":512,"height":512,"caption":"Vie Associative"},"image":{"@id":"https:\/\/vieassociative.be\/actualites\/#\/schema\/logo\/image\/"}},{"@type":"Person","@id":"https:\/\/vieassociative.be\/actualites\/#\/schema\/person\/b87ac4f82f9d4e7b7cec7395b679edc4","name":"Julien","image":{"@type":"ImageObject","inLanguage":"fr-BE","@id":"https:\/\/vieassociative.be\/actualites\/#\/schema\/person\/image\/","url":"https:\/\/vieassociative.be\/actualites\/wp-content\/uploads\/2024\/09\/vie-associative-1-150x150.jpg","contentUrl":"https:\/\/vieassociative.be\/actualites\/wp-content\/uploads\/2024\/09\/vie-associative-1-150x150.jpg","caption":"Julien"},"description":"Je suis Julien, r\u00e9dacteur pour Vie Associative. Passionn\u00e9 par le monde associatif depuis plus de 10 ans, j'ai \u00e0 c\u0153ur de partager des histoires inspirantes et de mettre en lumi\u00e8re les initiatives locales. Mon objectif est de sensibiliser et d'encourager l'engagement communautaire \u00e0 travers mes articles.","sameAs":["https:\/\/vieassociative.be\/"]}]}},"_links":{"self":[{"href":"https:\/\/vieassociative.be\/actualites\/wp-json\/wp\/v2\/posts\/3803"}],"collection":[{"href":"https:\/\/vieassociative.be\/actualites\/wp-json\/wp\/v2\/posts"}],"about":[{"href":"https:\/\/vieassociative.be\/actualites\/wp-json\/wp\/v2\/types\/post"}],"author":[{"embeddable":true,"href":"https:\/\/vieassociative.be\/actualites\/wp-json\/wp\/v2\/users\/1"}],"replies":[{"embeddable":true,"href":"https:\/\/vieassociative.be\/actualites\/wp-json\/wp\/v2\/comments?post=3803"}],"version-history":[{"count":0,"href":"https:\/\/vieassociative.be\/actualites\/wp-json\/wp\/v2\/posts\/3803\/revisions"}],"wp:featuredmedia":[{"embeddable":true,"href":"https:\/\/vieassociative.be\/actualites\/wp-json\/wp\/v2\/media\/3804"}],"wp:attachment":[{"href":"https:\/\/vieassociative.be\/actualites\/wp-json\/wp\/v2\/media?parent=3803"}],"wp:term":[{"taxonomy":"category","embeddable":true,"href":"https:\/\/vieassociative.be\/actualites\/wp-json\/wp\/v2\/categories?post=3803"},{"taxonomy":"post_tag","embeddable":true,"href":"https:\/\/vieassociative.be\/actualites\/wp-json\/wp\/v2\/tags?post=3803"}],"curies":[{"name":"wp","href":"https:\/\/api.w.org\/{rel}","templated":true}]}}