{"id":3801,"date":"2024-12-27T20:18:10","date_gmt":"2024-12-27T19:18:10","guid":{"rendered":"https:\/\/vieassociative.be\/actualites\/quoi-de-neuf-sur-prime-video-en-janvier-2025\/"},"modified":"2024-12-27T20:18:10","modified_gmt":"2024-12-27T19:18:10","slug":"quoi-de-neuf-sur-prime-video-en-janvier-2025","status":"publish","type":"post","link":"https:\/\/vieassociative.be\/actualites\/quoi-de-neuf-sur-prime-video-en-janvier-2025\/","title":{"rendered":"Quoi de neuf sur Prime Video en janvier 2025"},"content":{"rendered":"<div class=\"mt-4 leading-6 md:mb-8\">Une nouvelle com\u00e9die avec Will Ferrell et Reese Witherspoon, un drame avec J. Lo. et un jeu NFL Wild Card.<\/div>\n<p><\/p>\n<p>Mis \u00e0 part un match NFL Wild Card (pr\u00e9vu pour le 11 ou le 12 janvier), la t\u00eate d&rsquo;affiche de Prime Video pour lancer la nouvelle ann\u00e9e est le film comique original. <em>Vous \u00eates cordialement invit\u00e9<\/em> (30 janvier). Will Ferrell incarne le p\u00e8re d&rsquo;une mari\u00e9e dont le lieu du mariage a \u00e9t\u00e9 r\u00e9serv\u00e9 en double par une autre mari\u00e9e et sa s\u0153ur organisatrice du mariage (interpr\u00e9t\u00e9e par Reese Witherspoon).<\/p>\n<div class=\"mx-auto mt-8 w-full max-w-4xl\">\n<div id=\"video-container-fWSNV4GiaYs\"><\/div>\n<\/div>\n<p>Au programme \u00e9galement la deuxi\u00e8me saison de <em>Le gr\u00e9ement<\/em> (2 janvier) un thriller se d\u00e9roulant sur une plate-forme p\u00e9troli\u00e8re dans la mer du Nord isol\u00e9e ; la premi\u00e8re du drame policier <em>De garde<\/em> (9 janvier), une nouvelle s\u00e9rie mettant en vedette Troian Bellisario dans le r\u00f4le d&rsquo;un officier v\u00e9t\u00e9ran charg\u00e9 de former une recrue jou\u00e9e par Brandon Larracuente ; et la troisi\u00e8me saison de la com\u00e9die Tracy Oliver <em>Harlem<\/em> (23 janvier). <\/p>\n<p>Enfin, Jennifer Lopez partage la vedette aux c\u00f4t\u00e9s de Jharrel Jerome dans <em>Inarr\u00eatable<\/em> (16 janvier), bas\u00e9 sur l&rsquo;histoire vraie du lutteur de l&rsquo;Arizona State et champion de la NCAA Anthony Robles, n\u00e9 avec une jambe. <\/p>\n<p>Voici tout le reste qui arrivera sur Prime Video en janvier.<\/p>\n<h2 id=\"whats-coming-to-prime-video-in-january-2025\">Ce qui arrive sur Prime Video en janvier 2025<\/h2>\n<h3>Arriv\u00e9e le 1er janvier<\/h3>\n<ul>\n<li>\n<p><em>Un endroit calme\u00a0: premier jour<\/em> (2024)<\/p>\n<\/li>\n<li>\n<p><em>Tireur d&rsquo;\u00e9lite am\u00e9ricain<\/em> (2015)<\/p>\n<\/li>\n<li>\n<p><em>L&rsquo;automne \u00e0 New York <\/em>(2000)<\/p>\n<\/li>\n<li>\n<p><em>Salon de coiffure<\/em> (2002)<\/p>\n<\/li>\n<li>\n<p><em>Barbershop 2\u00a0: retour aux affaires <\/em>(1996)<\/p>\n<\/li>\n<li>\n<p><em>Basique<\/em> (2003)<\/p>\n<\/li>\n<li>\n<p><em>Boutique de beaut\u00e9 <\/em>(2005)<\/p>\n<\/li>\n<li>\n<p><em>Benny et Joon<\/em> (1993)<\/p>\n<\/li>\n<li>\n<p><em>Bohemian Rhapsody <\/em>(2018)<\/p>\n<\/li>\n<li>\n<p><em>Soir\u00e9es Boogie <\/em>(1997)<\/p>\n<\/li>\n<li>\n<p><em>Demoiselles d&rsquo;honneur<\/em> (2011)<\/p>\n<\/li>\n<li>\n<p><em>Capitaine Phillips<\/em> (2013)<\/p>\n<\/li>\n<li>\n<p><em>Coffy <\/em>(1973)<\/p>\n<\/li>\n<li>\n<p><em>\u00c0 la pointe de la technologie\u00a03\u00a0: \u00c0 la poursuite du r\u00eave<\/em> (2008)<\/p>\n<\/li>\n<li>\n<p><em>\u00c0 la pointe de la technologie\u00a04\u00a0: Feu et glace<\/em> (2010)<\/p>\n<\/li>\n<li>\n<p><em>Faites la bonne chose<\/em> (1989)<\/p>\n<\/li>\n<li>\n<p><em>Drogue<\/em> (2015)<\/p>\n<\/li>\n<li>\n<p><em>Bord de demain<\/em> (2014)<\/p>\n<\/li>\n<li>\n<p><em>Fuite <\/em>(1996)<\/p>\n<\/li>\n<li>\n<p><em>Brun Foxy <\/em>(1974)<\/p>\n<\/li>\n<li>\n<p><em>Voyou<\/em> (1997)<\/p>\n<\/li>\n<li>\n<p><em>Des patrons horribles<\/em> (2011)<\/p>\n<\/li>\n<li>\n<p><em>Patrons horribles 2<\/em> (2014)<\/p>\n<\/li>\n<li>\n<p><em>H\u00f4tel Rwanda<\/em> (2005)<\/p>\n<\/li>\n<li>\n<p><em>Imitation de la vie <\/em>(1959)<\/p>\n<\/li>\n<li>\n<p><em>Dans la chaleur de la nuit <\/em>(1967)<\/p>\n<\/li>\n<li>\n<p><em>Sauter le balai<\/em> (2011)<\/p>\n<\/li>\n<li>\n<p><em>Le majordome de Lee Daniels <\/em>(2013)<\/p>\n<\/li>\n<li>\n<p><em>Menteur menteur <\/em>(1997)<\/p>\n<\/li>\n<li>\n<p><em>La vie telle que nous la connaissons <\/em>(2010)<\/p>\n<\/li>\n<li>\n<p><em>Petit Nicky <\/em>(2000)<\/p>\n<\/li>\n<li>\n<p><em>MacGruber<\/em> (2010)<\/p>\n<\/li>\n<li>\n<p><em>Major Payne<\/em> (1995)<\/p>\n<\/li>\n<li>\n<p><em>Le Mississippi br\u00fble<\/em> (1989)<\/p>\n<\/li>\n<li>\n<p><em>Beaucoup de bruit pour rien<\/em> (1993)<\/p>\n<\/li>\n<li>\n<p><em>Hommes myst\u00e8res<\/em> (1999)<\/p>\n<\/li>\n<li>\n<p><em>Nicolas Nickleby <\/em>(2002)<\/p>\n<\/li>\n<li>\n<p><em>Revenez \u00e0 moi<\/em> (2000)<\/p>\n<\/li>\n<li>\n<p><em>Roller <\/em>(2002)<\/p>\n<\/li>\n<li>\n<p><em>P\u00e8re No\u00ebl\u00a0: le film, \u00e9dition 25e anniversaire<\/em> (1985)<\/p>\n<\/li>\n<li>\n<p><em>Parfum de femme<\/em> (1993)<\/p>\n<\/li>\n<li>\n<p><em>Certains l&rsquo;aiment chaud <\/em>(1959)<\/p>\n<\/li>\n<li>\n<p><em>Quelque chose de sauvage <\/em>(1986)<\/p>\n<\/li>\n<li>\n<p><em>Quelque chose doit c\u00e9der<\/em> (2003)<\/p>\n<\/li>\n<li>\n<p><em>Plan de l&rsquo;\u00e2me<\/em> (2004)<\/p>\n<\/li>\n<li>\n<p><em>Pi\u00e9tinez la cour <\/em>(2007)<\/p>\n<\/li>\n<li>\n<p><em>Supernova<\/em> (2021)<\/p>\n<\/li>\n<li>\n<p><em>\u00c9tiqueter<\/em> (2018)<\/p>\n<\/li>\n<li>\n<p><em>Ted<\/em> (Non class\u00e9) (2012)<\/p>\n<\/li>\n<li>\n<p><em>Les fr\u00e8res Blues<\/em> (1980)<\/p>\n<\/li>\n<li>\n<p><em>Les fr\u00e8res <\/em>(2001)<\/p>\n<\/li>\n<li>\n<p><em>La compagnie que vous gardez<\/em> (2013)<\/p>\n<\/li>\n<li>\n<p><em>L&rsquo;avant-garde<\/em> (1992)<\/p>\n<\/li>\n<li>\n<p><em>L&rsquo;avant-garde\u00a0: viser l&rsquo;or<\/em> (2006)<\/p>\n<\/li>\n<li>\n<p><em>L&rsquo;\u00e9galiseur <\/em>(2014)<\/p>\n<\/li>\n<li>\n<p><em>Les grands espaces<\/em> (1988)<\/p>\n<\/li>\n<li>\n<p><em>Le gris<\/em> (2012)<\/p>\n<\/li>\n<li>\n<p><em>Les ides de mars<\/em> (2011)<\/p>\n<\/li>\n<li>\n<p><em>La terre avant le temps<\/em> (1988)<\/p>\n<\/li>\n<li>\n<p><em>Le dernier samoura\u00ef <\/em>(2003)<\/p>\n<\/li>\n<li>\n<p><em>Le film LEGO <\/em>(2014)<\/p>\n<\/li>\n<li>\n<p><em>Le sixi\u00e8me<\/em> (2024)<\/p>\n<\/li>\n<li>\n<p><em>Le r\u00e9seau social<\/em> (2010)<\/p>\n<\/li>\n<li>\n<p><em>Le chemin du retour <\/em>(2020)<\/p>\n<\/li>\n<li>\n<p><em>La femme en rouge<\/em> (1984)<\/p>\n<\/li>\n<li>\n<p><em>Touche <\/em>(2024)<\/p>\n<\/li>\n<li>\n<p><em>Non pardonn\u00e9<\/em> (1992)<\/p>\n<\/li>\n<li>\n<p><em>Valmont <\/em>(1989)<\/p>\n<\/li>\n<li>\n<p><em>\u00c9tourdissement de mariage<\/em> (2008)<\/p>\n<\/li>\n<li>\n<p><em>Quel est le pire qui puisse arriver ?<\/em> (2001)<\/p>\n<\/li>\n<li>\n<p>W<em>parc icker<\/em> (2004)<\/p>\n<\/li>\n<li>\n<p><em>xxx <\/em>(2002)<\/p>\n<\/li>\n<li>\n<p><em>xXx\u00a0: \u00c9tat de l\u2019Union<\/em> (2005)<\/p>\n<\/li>\n<li>\n<p><em>Yentl <\/em>(1984)<\/p>\n<\/li>\n<\/ul>\n<h3>Arriv\u00e9e le 2 janvier<\/h3>\n<ul>\n<li>\n<p><em>Le gr\u00e9ement<\/em> S2 (2025)<\/p>\n<\/li>\n<li>\n<p><em>Le gars de l&rsquo;automne<\/em> (2024)<\/p>\n<\/li>\n<\/ul>\n<h3>Arriv\u00e9e le 10 janvier<\/h3>\n<ul>\n<li>\n<p><em>Se concentrer<\/em> (2015)<\/p>\n<\/li>\n<\/ul>\n<h3>Arriv\u00e9e le 15 janvier<\/h3>\n<ul>\n<li>\n<p><em>Moine<\/em> S1-8 (2002)<\/p>\n<\/li>\n<\/ul>\n<h3>Arriv\u00e9e le 16 janvier<\/h3>\n<ul>\n<li>\n<p><em>Le tueur de calendrier <\/em>(2025)<\/p>\n<\/li>\n<li>\n<p><em>Inarr\u00eatable <\/em>(2025)<\/p>\n<\/li>\n<li>\n<p><em>Monde jurassique<\/em> (2015)<\/p>\n<\/li>\n<\/ul>\n<h3>Arriv\u00e9e le 17 janvier<\/h3>\n<ul>\n<li>\n<p><em>Molly Mae\u00a0: derri\u00e8re tout cela<\/em> (2025)<\/p>\n<\/li>\n<li>\n<p><em>La Lib\u00e9ration <\/em>(2025)<\/p>\n<\/li>\n<li>\n<p><em>Crasher de f\u00eate infiltr\u00e9<\/em> (2025)<\/p>\n<\/li>\n<\/ul>\n<h3>Arriv\u00e9e le 21 janvier<\/h3>\n<ul>\n<li>\n<p><em>Cligner des yeux deux fois<\/em> (2024)<\/p>\n<\/li>\n<\/ul>\n<h3>Arriv\u00e9e le 23 janvier<\/h3>\n<ul>\n<li>\n<p><em>Harlem<\/em> S3 (2025)<\/p>\n<\/li>\n<\/ul>\n<h3>Arriv\u00e9e le 26 janvier<\/h3>\n<ul>\n<li>\n<p><em>Carnage<\/em> (2018)<\/p>\n<\/li>\n<\/ul>\n<h3>Arriv\u00e9e le 27 janvier<\/h3>\n<ul>\n<li>\n<p><em>Tribunal de Justice<\/em> S2 (2025)<\/p>\n<\/li>\n<\/ul>\n<h3>Arriv\u00e9e le 30 janvier<\/h3>\n<ul>\n<li>\n<p><em>Vous \u00eates cordialement invit\u00e9<\/em> (2025)<\/p>\n<\/li>\n<\/ul>\n<h3>Arriv\u00e9e le 31 janvier<\/h3>\n<ul>\n<li>\n<p><em>Enfreindre <\/em>(2007)<\/p>\n<\/li>\n<li>\n<p><em>Lumi\u00e8res du vendredi soir<\/em> (2004)<\/p>\n<\/li>\n<li>\n<p><em>En cloque <\/em>(Non class\u00e9) (2007)<\/p>\n<\/li>\n<li>\n<p><em>\u00c9charpe<\/em> (1983)<\/p>\n<\/li>\n<\/ul>\n","protected":false},"excerpt":{"rendered":"<p>Une nouvelle com\u00e9die avec Will Ferrell et Reese Witherspoon, un drame avec J. Lo. et un jeu NFL Wild Card. Mis \u00e0 part un match<\/p>\n","protected":false},"author":1,"featured_media":3802,"comment_status":"","ping_status":"","sticky":false,"template":"","format":"standard","meta":{"footnotes":""},"categories":[36],"tags":[1588,437,346,202,33,1204],"class_list":["post-3801","post","type-post","status-publish","format-standard","has-post-thumbnail","hentry","category-divertissement","tag-janvier","tag-neuf","tag-prime","tag-quoi","tag-sur","tag-video","generate-columns","tablet-grid-50","mobile-grid-100","grid-parent","grid-33"],"yoast_head":"<!-- This site is optimized with the Yoast SEO plugin v24.0 - https:\/\/yoast.com\/wordpress\/plugins\/seo\/ -->\n<title>Quoi de neuf sur Prime Video en janvier 2025 | Vie Associative<\/title>\n<meta name=\"robots\" content=\"index, follow, max-snippet:-1, max-image-preview:large, max-video-preview:-1\" \/>\n<link rel=\"canonical\" href=\"https:\/\/vieassociative.be\/actualites\/quoi-de-neuf-sur-prime-video-en-janvier-2025\/\" \/>\n<meta property=\"og:locale\" content=\"fr_FR\" \/>\n<meta property=\"og:type\" content=\"article\" \/>\n<meta property=\"og:title\" content=\"Quoi de neuf sur Prime Video en janvier 2025 | Vie Associative\" \/>\n<meta property=\"og:description\" content=\"Une nouvelle com\u00e9die avec Will Ferrell et Reese Witherspoon, un drame avec J. Lo. et un jeu NFL Wild Card. Mis \u00e0 part un match\" \/>\n<meta property=\"og:url\" content=\"https:\/\/vieassociative.be\/actualites\/quoi-de-neuf-sur-prime-video-en-janvier-2025\/\" \/>\n<meta property=\"og:site_name\" content=\"Vie Associative\" \/>\n<meta property=\"article:published_time\" content=\"2024-12-27T19:18:10+00:00\" \/>\n<meta property=\"og:image\" content=\"https:\/\/vieassociative.be\/actualites\/wp-content\/uploads\/2024\/09\/header_backgroundk-01-e1726694325946.png\" \/>\n\t<meta property=\"og:image:width\" content=\"279\" \/>\n\t<meta property=\"og:image:height\" content=\"92\" \/>\n\t<meta property=\"og:image:type\" content=\"image\/png\" \/>\n<meta name=\"author\" content=\"Julien\" \/>\n<meta name=\"twitter:card\" content=\"summary_large_image\" \/>\n<meta name=\"twitter:label1\" content=\"\u00c9crit par\" \/>\n\t<meta name=\"twitter:data1\" content=\"Julien\" \/>\n\t<meta name=\"twitter:label2\" content=\"Dur\u00e9e de lecture est.\" \/>\n\t<meta name=\"twitter:data2\" content=\"3 minutes\" \/>\n<script type=\"application\/ld+json\" class=\"yoast-schema-graph\">{\"@context\":\"https:\/\/schema.org\",\"@graph\":[{\"@type\":\"Article\",\"@id\":\"https:\/\/vieassociative.be\/actualites\/quoi-de-neuf-sur-prime-video-en-janvier-2025\/#article\",\"isPartOf\":{\"@id\":\"https:\/\/vieassociative.be\/actualites\/quoi-de-neuf-sur-prime-video-en-janvier-2025\/\"},\"author\":{\"name\":\"Julien\",\"@id\":\"https:\/\/vieassociative.be\/actualites\/#\/schema\/person\/b87ac4f82f9d4e7b7cec7395b679edc4\"},\"headline\":\"Quoi de neuf sur Prime Video en janvier 2025\",\"datePublished\":\"2024-12-27T19:18:10+00:00\",\"dateModified\":\"2024-12-27T19:18:10+00:00\",\"mainEntityOfPage\":{\"@id\":\"https:\/\/vieassociative.be\/actualites\/quoi-de-neuf-sur-prime-video-en-janvier-2025\/\"},\"wordCount\":600,\"publisher\":{\"@id\":\"https:\/\/vieassociative.be\/actualites\/#organization\"},\"image\":{\"@id\":\"https:\/\/vieassociative.be\/actualites\/quoi-de-neuf-sur-prime-video-en-janvier-2025\/#primaryimage\"},\"thumbnailUrl\":\"https:\/\/vieassociative.be\/actualites\/wp-content\/uploads\/2024\/12\/Quoi-de-neuf-sur-Prime-Video-en-janvier-2025.png\",\"keywords\":[\"janvier\",\"Neuf\",\"Prime\",\"quoi\",\"sur\",\"vid\u00e9o\"],\"articleSection\":[\"Divertissement\"],\"inLanguage\":\"fr-BE\"},{\"@type\":\"WebPage\",\"@id\":\"https:\/\/vieassociative.be\/actualites\/quoi-de-neuf-sur-prime-video-en-janvier-2025\/\",\"url\":\"https:\/\/vieassociative.be\/actualites\/quoi-de-neuf-sur-prime-video-en-janvier-2025\/\",\"name\":\"Quoi de neuf sur Prime Video en janvier 2025 | Vie Associative\",\"isPartOf\":{\"@id\":\"https:\/\/vieassociative.be\/actualites\/#website\"},\"primaryImageOfPage\":{\"@id\":\"https:\/\/vieassociative.be\/actualites\/quoi-de-neuf-sur-prime-video-en-janvier-2025\/#primaryimage\"},\"image\":{\"@id\":\"https:\/\/vieassociative.be\/actualites\/quoi-de-neuf-sur-prime-video-en-janvier-2025\/#primaryimage\"},\"thumbnailUrl\":\"https:\/\/vieassociative.be\/actualites\/wp-content\/uploads\/2024\/12\/Quoi-de-neuf-sur-Prime-Video-en-janvier-2025.png\",\"datePublished\":\"2024-12-27T19:18:10+00:00\",\"dateModified\":\"2024-12-27T19:18:10+00:00\",\"breadcrumb\":{\"@id\":\"https:\/\/vieassociative.be\/actualites\/quoi-de-neuf-sur-prime-video-en-janvier-2025\/#breadcrumb\"},\"inLanguage\":\"fr-BE\",\"potentialAction\":[{\"@type\":\"ReadAction\",\"target\":[\"https:\/\/vieassociative.be\/actualites\/quoi-de-neuf-sur-prime-video-en-janvier-2025\/\"]}]},{\"@type\":\"ImageObject\",\"inLanguage\":\"fr-BE\",\"@id\":\"https:\/\/vieassociative.be\/actualites\/quoi-de-neuf-sur-prime-video-en-janvier-2025\/#primaryimage\",\"url\":\"https:\/\/vieassociative.be\/actualites\/wp-content\/uploads\/2024\/12\/Quoi-de-neuf-sur-Prime-Video-en-janvier-2025.png\",\"contentUrl\":\"https:\/\/vieassociative.be\/actualites\/wp-content\/uploads\/2024\/12\/Quoi-de-neuf-sur-Prime-Video-en-janvier-2025.png\",\"width\":1200,\"height\":675,\"caption\":\"Quoi de neuf sur Prime Video en janvier 2025\"},{\"@type\":\"BreadcrumbList\",\"@id\":\"https:\/\/vieassociative.be\/actualites\/quoi-de-neuf-sur-prime-video-en-janvier-2025\/#breadcrumb\",\"itemListElement\":[{\"@type\":\"ListItem\",\"position\":1,\"name\":\"Accueil\",\"item\":\"https:\/\/vieassociative.be\/actualites\/\"},{\"@type\":\"ListItem\",\"position\":2,\"name\":\"Quoi de neuf sur Prime Video en janvier 2025\"}]},{\"@type\":\"WebSite\",\"@id\":\"https:\/\/vieassociative.be\/actualites\/#website\",\"url\":\"https:\/\/vieassociative.be\/actualites\/\",\"name\":\"Vie Associative\",\"description\":\"\",\"publisher\":{\"@id\":\"https:\/\/vieassociative.be\/actualites\/#organization\"},\"potentialAction\":[{\"@type\":\"SearchAction\",\"target\":{\"@type\":\"EntryPoint\",\"urlTemplate\":\"https:\/\/vieassociative.be\/actualites\/?s={search_term_string}\"},\"query-input\":{\"@type\":\"PropertyValueSpecification\",\"valueRequired\":true,\"valueName\":\"search_term_string\"}}],\"inLanguage\":\"fr-BE\"},{\"@type\":\"Organization\",\"@id\":\"https:\/\/vieassociative.be\/actualites\/#organization\",\"name\":\"Vie Associative\",\"url\":\"https:\/\/vieassociative.be\/actualites\/\",\"logo\":{\"@type\":\"ImageObject\",\"inLanguage\":\"fr-BE\",\"@id\":\"https:\/\/vieassociative.be\/actualites\/#\/schema\/logo\/image\/\",\"url\":\"https:\/\/vieassociative.be\/actualites\/wp-content\/uploads\/2024\/09\/cropped-vieassociative_favicon.ico.png\",\"contentUrl\":\"https:\/\/vieassociative.be\/actualites\/wp-content\/uploads\/2024\/09\/cropped-vieassociative_favicon.ico.png\",\"width\":512,\"height\":512,\"caption\":\"Vie Associative\"},\"image\":{\"@id\":\"https:\/\/vieassociative.be\/actualites\/#\/schema\/logo\/image\/\"}},{\"@type\":\"Person\",\"@id\":\"https:\/\/vieassociative.be\/actualites\/#\/schema\/person\/b87ac4f82f9d4e7b7cec7395b679edc4\",\"name\":\"Julien\",\"image\":{\"@type\":\"ImageObject\",\"inLanguage\":\"fr-BE\",\"@id\":\"https:\/\/vieassociative.be\/actualites\/#\/schema\/person\/image\/\",\"url\":\"https:\/\/vieassociative.be\/actualites\/wp-content\/uploads\/2024\/09\/vie-associative-1-150x150.jpg\",\"contentUrl\":\"https:\/\/vieassociative.be\/actualites\/wp-content\/uploads\/2024\/09\/vie-associative-1-150x150.jpg\",\"caption\":\"Julien\"},\"description\":\"Je suis Julien, r\u00e9dacteur pour Vie Associative. Passionn\u00e9 par le monde associatif depuis plus de 10 ans, j'ai \u00e0 c\u0153ur de partager des histoires inspirantes et de mettre en lumi\u00e8re les initiatives locales. Mon objectif est de sensibiliser et d'encourager l'engagement communautaire \u00e0 travers mes articles.\",\"sameAs\":[\"https:\/\/vieassociative.be\/\"]}]}<\/script>\n<!-- \/ Yoast SEO plugin. -->","yoast_head_json":{"title":"Quoi de neuf sur Prime Video en janvier 2025 | Vie Associative","robots":{"index":"index","follow":"follow","max-snippet":"max-snippet:-1","max-image-preview":"max-image-preview:large","max-video-preview":"max-video-preview:-1"},"canonical":"https:\/\/vieassociative.be\/actualites\/quoi-de-neuf-sur-prime-video-en-janvier-2025\/","og_locale":"fr_FR","og_type":"article","og_title":"Quoi de neuf sur Prime Video en janvier 2025 | Vie Associative","og_description":"Une nouvelle com\u00e9die avec Will Ferrell et Reese Witherspoon, un drame avec J. Lo. et un jeu NFL Wild Card. Mis \u00e0 part un match","og_url":"https:\/\/vieassociative.be\/actualites\/quoi-de-neuf-sur-prime-video-en-janvier-2025\/","og_site_name":"Vie Associative","article_published_time":"2024-12-27T19:18:10+00:00","og_image":[{"width":279,"height":92,"url":"https:\/\/vieassociative.be\/actualites\/wp-content\/uploads\/2024\/09\/header_backgroundk-01-e1726694325946.png","type":"image\/png"}],"author":"Julien","twitter_card":"summary_large_image","twitter_misc":{"\u00c9crit par":"Julien","Dur\u00e9e de lecture est.":"3 minutes"},"schema":{"@context":"https:\/\/schema.org","@graph":[{"@type":"Article","@id":"https:\/\/vieassociative.be\/actualites\/quoi-de-neuf-sur-prime-video-en-janvier-2025\/#article","isPartOf":{"@id":"https:\/\/vieassociative.be\/actualites\/quoi-de-neuf-sur-prime-video-en-janvier-2025\/"},"author":{"name":"Julien","@id":"https:\/\/vieassociative.be\/actualites\/#\/schema\/person\/b87ac4f82f9d4e7b7cec7395b679edc4"},"headline":"Quoi de neuf sur Prime Video en janvier 2025","datePublished":"2024-12-27T19:18:10+00:00","dateModified":"2024-12-27T19:18:10+00:00","mainEntityOfPage":{"@id":"https:\/\/vieassociative.be\/actualites\/quoi-de-neuf-sur-prime-video-en-janvier-2025\/"},"wordCount":600,"publisher":{"@id":"https:\/\/vieassociative.be\/actualites\/#organization"},"image":{"@id":"https:\/\/vieassociative.be\/actualites\/quoi-de-neuf-sur-prime-video-en-janvier-2025\/#primaryimage"},"thumbnailUrl":"https:\/\/vieassociative.be\/actualites\/wp-content\/uploads\/2024\/12\/Quoi-de-neuf-sur-Prime-Video-en-janvier-2025.png","keywords":["janvier","Neuf","Prime","quoi","sur","vid\u00e9o"],"articleSection":["Divertissement"],"inLanguage":"fr-BE"},{"@type":"WebPage","@id":"https:\/\/vieassociative.be\/actualites\/quoi-de-neuf-sur-prime-video-en-janvier-2025\/","url":"https:\/\/vieassociative.be\/actualites\/quoi-de-neuf-sur-prime-video-en-janvier-2025\/","name":"Quoi de neuf sur Prime Video en janvier 2025 | Vie Associative","isPartOf":{"@id":"https:\/\/vieassociative.be\/actualites\/#website"},"primaryImageOfPage":{"@id":"https:\/\/vieassociative.be\/actualites\/quoi-de-neuf-sur-prime-video-en-janvier-2025\/#primaryimage"},"image":{"@id":"https:\/\/vieassociative.be\/actualites\/quoi-de-neuf-sur-prime-video-en-janvier-2025\/#primaryimage"},"thumbnailUrl":"https:\/\/vieassociative.be\/actualites\/wp-content\/uploads\/2024\/12\/Quoi-de-neuf-sur-Prime-Video-en-janvier-2025.png","datePublished":"2024-12-27T19:18:10+00:00","dateModified":"2024-12-27T19:18:10+00:00","breadcrumb":{"@id":"https:\/\/vieassociative.be\/actualites\/quoi-de-neuf-sur-prime-video-en-janvier-2025\/#breadcrumb"},"inLanguage":"fr-BE","potentialAction":[{"@type":"ReadAction","target":["https:\/\/vieassociative.be\/actualites\/quoi-de-neuf-sur-prime-video-en-janvier-2025\/"]}]},{"@type":"ImageObject","inLanguage":"fr-BE","@id":"https:\/\/vieassociative.be\/actualites\/quoi-de-neuf-sur-prime-video-en-janvier-2025\/#primaryimage","url":"https:\/\/vieassociative.be\/actualites\/wp-content\/uploads\/2024\/12\/Quoi-de-neuf-sur-Prime-Video-en-janvier-2025.png","contentUrl":"https:\/\/vieassociative.be\/actualites\/wp-content\/uploads\/2024\/12\/Quoi-de-neuf-sur-Prime-Video-en-janvier-2025.png","width":1200,"height":675,"caption":"Quoi de neuf sur Prime Video en janvier 2025"},{"@type":"BreadcrumbList","@id":"https:\/\/vieassociative.be\/actualites\/quoi-de-neuf-sur-prime-video-en-janvier-2025\/#breadcrumb","itemListElement":[{"@type":"ListItem","position":1,"name":"Accueil","item":"https:\/\/vieassociative.be\/actualites\/"},{"@type":"ListItem","position":2,"name":"Quoi de neuf sur Prime Video en janvier 2025"}]},{"@type":"WebSite","@id":"https:\/\/vieassociative.be\/actualites\/#website","url":"https:\/\/vieassociative.be\/actualites\/","name":"Vie Associative","description":"","publisher":{"@id":"https:\/\/vieassociative.be\/actualites\/#organization"},"potentialAction":[{"@type":"SearchAction","target":{"@type":"EntryPoint","urlTemplate":"https:\/\/vieassociative.be\/actualites\/?s={search_term_string}"},"query-input":{"@type":"PropertyValueSpecification","valueRequired":true,"valueName":"search_term_string"}}],"inLanguage":"fr-BE"},{"@type":"Organization","@id":"https:\/\/vieassociative.be\/actualites\/#organization","name":"Vie Associative","url":"https:\/\/vieassociative.be\/actualites\/","logo":{"@type":"ImageObject","inLanguage":"fr-BE","@id":"https:\/\/vieassociative.be\/actualites\/#\/schema\/logo\/image\/","url":"https:\/\/vieassociative.be\/actualites\/wp-content\/uploads\/2024\/09\/cropped-vieassociative_favicon.ico.png","contentUrl":"https:\/\/vieassociative.be\/actualites\/wp-content\/uploads\/2024\/09\/cropped-vieassociative_favicon.ico.png","width":512,"height":512,"caption":"Vie Associative"},"image":{"@id":"https:\/\/vieassociative.be\/actualites\/#\/schema\/logo\/image\/"}},{"@type":"Person","@id":"https:\/\/vieassociative.be\/actualites\/#\/schema\/person\/b87ac4f82f9d4e7b7cec7395b679edc4","name":"Julien","image":{"@type":"ImageObject","inLanguage":"fr-BE","@id":"https:\/\/vieassociative.be\/actualites\/#\/schema\/person\/image\/","url":"https:\/\/vieassociative.be\/actualites\/wp-content\/uploads\/2024\/09\/vie-associative-1-150x150.jpg","contentUrl":"https:\/\/vieassociative.be\/actualites\/wp-content\/uploads\/2024\/09\/vie-associative-1-150x150.jpg","caption":"Julien"},"description":"Je suis Julien, r\u00e9dacteur pour Vie Associative. Passionn\u00e9 par le monde associatif depuis plus de 10 ans, j'ai \u00e0 c\u0153ur de partager des histoires inspirantes et de mettre en lumi\u00e8re les initiatives locales. Mon objectif est de sensibiliser et d'encourager l'engagement communautaire \u00e0 travers mes articles.","sameAs":["https:\/\/vieassociative.be\/"]}]}},"_links":{"self":[{"href":"https:\/\/vieassociative.be\/actualites\/wp-json\/wp\/v2\/posts\/3801"}],"collection":[{"href":"https:\/\/vieassociative.be\/actualites\/wp-json\/wp\/v2\/posts"}],"about":[{"href":"https:\/\/vieassociative.be\/actualites\/wp-json\/wp\/v2\/types\/post"}],"author":[{"embeddable":true,"href":"https:\/\/vieassociative.be\/actualites\/wp-json\/wp\/v2\/users\/1"}],"replies":[{"embeddable":true,"href":"https:\/\/vieassociative.be\/actualites\/wp-json\/wp\/v2\/comments?post=3801"}],"version-history":[{"count":0,"href":"https:\/\/vieassociative.be\/actualites\/wp-json\/wp\/v2\/posts\/3801\/revisions"}],"wp:featuredmedia":[{"embeddable":true,"href":"https:\/\/vieassociative.be\/actualites\/wp-json\/wp\/v2\/media\/3802"}],"wp:attachment":[{"href":"https:\/\/vieassociative.be\/actualites\/wp-json\/wp\/v2\/media?parent=3801"}],"wp:term":[{"taxonomy":"category","embeddable":true,"href":"https:\/\/vieassociative.be\/actualites\/wp-json\/wp\/v2\/categories?post=3801"},{"taxonomy":"post_tag","embeddable":true,"href":"https:\/\/vieassociative.be\/actualites\/wp-json\/wp\/v2\/tags?post=3801"}],"curies":[{"name":"wp","href":"https:\/\/api.w.org\/{rel}","templated":true}]}}