{"id":3799,"date":"2024-12-27T19:19:07","date_gmt":"2024-12-27T18:19:07","guid":{"rendered":"https:\/\/vieassociative.be\/actualites\/mes-10-appareils-smart-tech-preferes-que-jai-testes-cette-annee\/"},"modified":"2024-12-27T19:19:07","modified_gmt":"2024-12-27T18:19:07","slug":"mes-10-appareils-smart-tech-preferes-que-jai-testes-cette-annee","status":"publish","type":"post","link":"https:\/\/vieassociative.be\/actualites\/mes-10-appareils-smart-tech-preferes-que-jai-testes-cette-annee\/","title":{"rendered":"Mes 10 appareils Smart Tech pr\u00e9f\u00e9r\u00e9s que j&rsquo;ai test\u00e9s cette ann\u00e9e"},"content":{"rendered":"<div class=\"mt-4 leading-6 md:mb-8\">Ce sont les 10 appareils intelligents qui m\u2019ont le plus impressionn\u00e9 cette ann\u00e9e.<\/div>\n<p><\/p>\n<p>J&rsquo;examine beaucoup de technologies pour la maison intelligente, et ma maison est souvent pleine de robots qui roulent sur le sol, d&rsquo;assistants vocaux qui parlent et de notifications qui sonnent depuis mon t\u00e9l\u00e9phone. La plupart des appareils domestiques intelligents ont une courte dur\u00e9e de vie dans ma maison (une fois test\u00e9s, ils sont \u00e0 la porte), mais ceux que j&rsquo;aime vraiment, je les garde. Voici ceux qui m\u2019ont tellement impressionn\u00e9 que je revenais sans cesse vers eux. <\/p>\n<h2 id=\"the-brisk-it-grill-is-my-favorite-smoker\">Le grill Brisk It est mon fumeur pr\u00e9f\u00e9r\u00e9<\/h2>\n<div class=\"eloquent-imagery-image\">\n<div class=\"flex justify-center\">\n                    <img decoding=\"async\" class=\"border border-gray-100\" src=\"https:\/\/vieassociative.be\/actualites\/wp-content\/uploads\/2024\/12\/Mes-10-appareils-Smart-Tech-preferes-que-jai-testes-cette.jpg\" alt=\"Origine vive\" width=\"2000\" height=\"1125\" loading=\"lazy\"  >\n            <\/div>\n<\/p><\/div>\n<p>J&rsquo;ai pass\u00e9 l&rsquo;\u00e9t\u00e9 avec six barbecues intelligents sur ma terrasse et je les utilisais souvent avec des amis. Bien qu&rsquo;il y en ait quelques-uns qui m&rsquo;ont vraiment impressionn\u00e9 (le Kamado Konnected Joe, le gril au charbon num\u00e9rique Masterbuilt Auto Ignite 545), celui que j&rsquo;ai gard\u00e9 \u00e9tait le Brisk It Origin. Plus un fumeur intelligent qu&rsquo;un grill intelligent, il fumait parfaitement et avec tr\u00e8s peu d&rsquo;effort de ma part. Il vous suffit de choisir sur votre t\u00e9l\u00e9phone ce que vous souhaitez cuisiner, d&rsquo;envoyer la recette au gril et de mettre vos aliments sur le gril lorsque vous y \u00eates invit\u00e9. Le gril prend le relais en grande partie, augmentant et abaissant la temp\u00e9rature et ajustant le niveau de fum\u00e9e. Je n&rsquo;ai jamais \u00e9t\u00e9 passionn\u00e9 par le fumage (ou les grillades, pour \u00eatre honn\u00eate), mais le Brisk It demande si peu d&rsquo;effort que je l&rsquo;utilise souvent comme alternative facile \u00e0 mon four. Il s\u2019av\u00e8re que l\u2019on peut fumer presque n\u2019importe quoi. <\/p>\n<div class=\"pogoClear mb-12 mt-10 rounded-md border-2 border-gray-100 py-7 shadow-xl md:py-6\">\n<div class=\"flex flex-wrap justify-between px-7 text-black no-underline md:flex-nowrap md:px-8\">\n<div class=\"order-1 mx-auto flex flex-col justify-center md:order-2 md:ml-4 md:w-full md:grow\">\n<div class=\"block cursor-pointer text-center font-akshar text-2xl font-medium leading-7 text-brand-green duration-200 ease-in-out hover:text-brand-green-700 md:text-left md:text-xl md:leading-6\">Le gril \u00e0 fumer intelligent Brisk It\n                <\/div>\n<div class=\"mt-4 hidden md:flex md:justify-between\">\n<div class=\"self-end\">\n<div class=\"mb-0 h-11 md:flex md:flex-col md:justify-center\">\n<div class=\" font-sans leading-4 text-black\">\n<div class=\"flex flex-wrap items-center justify-center gap-x-1 md:justify-start\">\n        <span class=\"font-bold\"><\/p>\n<p>            599,99\u00a0$<br \/>\n                            <span class=\"font-medium\">chez Amazon<\/span><br \/>\n                    <\/span>\n            <\/div>\n<\/p><\/div>\n<\/p><\/div>\n<\/p><\/div>\n<div class=\"w-44 self-end\">\n                            <button class=\"flex justify-center items-center w-full bg-brand-green text-white text-base font-sans font-medium rounded-md hover:bg-brand-green-700 hover:cursor-pointer md:text-sm h-11\"><\/p>\n<p>    Achetez maintenant<br \/>\n<\/button>\n                        <\/div>\n<\/p><\/div>\n<\/p><\/div>\n<div class=\"order-2 mt-5 h-auto w-full md:order-1 md:mt-0 md:hidden\">\n<div class=\"flex aspect-video items-center justify-center\">\n                                            <img decoding=\"async\" class=\"m-0 max-h-full max-w-full rounded-md\" src=\"https:\/\/vieassociative.be\/actualites\/wp-content\/uploads\/2024\/12\/1735323547_304_Mes-10-appareils-Smart-Tech-preferes-que-jai-testes-cette.jpg\" alt=\"Gril aliment\u00e9 par l'IA Brisk It Origin 580\" width=\"auto\" height=\"auto\" loading=\"lazy\">\n                                    <\/div>\n<\/p><\/div>\n<div class=\"order-2 ml-2 hidden w-32 shrink-0 items-center md:order-1 md:ml-0 md:flex\">\n<div class=\"flex aspect-video items-center justify-center\">\n                                            <img decoding=\"async\" class=\"m-0 max-h-full max-w-full rounded-md\" src=\"https:\/\/vieassociative.be\/actualites\/wp-content\/uploads\/2024\/12\/1735323547_304_Mes-10-appareils-Smart-Tech-preferes-que-jai-testes-cette.jpg\" alt=\"Gril aliment\u00e9 par l'IA Brisk It Origin 580\" width=\"auto\" height=\"auto\" loading=\"lazy\">\n                                    <\/div>\n<\/p><\/div>\n<div class=\"order-3 flex grow flex-wrap md:hidden md:grow-0\">\n<div class=\"mt-4 w-full\">\n                        <button class=\"flex justify-center items-center w-full bg-brand-green text-white text-base font-sans font-medium rounded-md hover:bg-brand-green-700 hover:cursor-pointer md:text-sm h-11\"><\/p>\n<p>    Achetez maintenant<br \/>\n<\/button>\n                    <\/div>\n<div class=\"mx-2 mt-4 w-full\">\n<div class=\" font-sans leading-4 text-black\">\n<div class=\"flex flex-wrap items-center justify-center gap-x-1 md:justify-start\">\n        <span class=\"font-bold\"><\/p>\n<p>            599,99\u00a0$<br \/>\n                            <span class=\"font-medium\">chez Amazon<\/span><br \/>\n                    <\/span>\n            <\/div>\n<\/p><\/div>\n<\/p><\/div>\n<\/p><\/div>\n<\/p><\/div>\n<\/div>\n<h2 id=\"the-bedjet-3-is-my-favorite-luxury\">Le BedJet 3 est mon luxe pr\u00e9f\u00e9r\u00e9<\/h2>\n<p>Le BedJet est un syst\u00e8me de climatisation intelligent pour lits qui projette de l&rsquo;air dans un drap sup\u00e9rieur gonfl\u00e9 qui plane au-dessus de vous comme un nuage. Vous choisissez \u00e0 quel point vous souhaitez que l&rsquo;air soit froid, chaud et puissant, et vous pouvez l&rsquo;utiliser pendant les nuits chaudes pour vous rafra\u00eechir, ou pendant les nuits froides pour vous r\u00e9chauffer, vous et vos draps. Mon r\u00e9glage BedJet pr\u00e9f\u00e9r\u00e9 est \u00ab turbo \u00bb, qui me donne un jet d&rsquo;air \u00e0 110 degr\u00e9s, et il n&rsquo;y a rien de plus luxueux pour moi lorsque je me couche par une nuit froide. Ce n\u2019est pas l\u2019\u00e9l\u00e9ment technologique le plus esth\u00e9tique \u2013 essentiellement un tuyau d\u2019air qui pend au bout de votre lit \u2013 mais je l\u2019adore. <\/p>\n<div class=\"pogoClear mb-12 mt-10 rounded-md border-2 border-gray-100 py-7 shadow-xl md:py-6\">\n<div class=\"flex flex-wrap justify-between px-7 text-black no-underline md:flex-nowrap md:px-8\">\n<div class=\"order-1 mx-auto flex flex-col justify-center md:order-2 md:ml-4 md:w-full md:grow\">\n<div class=\"block cursor-pointer text-center font-akshar text-2xl font-medium leading-7 text-brand-green duration-200 ease-in-out hover:text-brand-green-700 md:text-left md:text-xl md:leading-6\">Contr\u00f4le climatique BedJet 3\n                <\/div>\n<div class=\"mt-4 hidden md:flex md:justify-between\">\n<div class=\"self-end\">\n<div class=\"mb-0 h-11 md:flex md:flex-col md:justify-center\">\n<div class=\" font-sans leading-4 text-black\">\n<div class=\"flex flex-wrap items-center justify-center gap-x-1 md:justify-start\">\n        <span class=\"font-bold\"><\/p>\n<p>            489,00\u00a0$<br \/>\n                            <span class=\"font-medium\">chez Amazon<\/span><br \/>\n                    <\/span><br \/>\n                    <img decoding=\"async\" class=\"mt-0 h-(15px)\" src=\"https:\/\/vieassociative.be\/actualites\/wp-content\/uploads\/2024\/12\/Mes-10-appareils-Smart-Tech-preferes-que-jai-testes-cette.svg.svg+xml\" title=\"Amazon Premier\" alt=\"Amazon Premier\">\n            <\/div>\n<div class=\"flex items-center justify-center gap-x-1 font-bold md:justify-start\">\n            <span class=\"text-sm line-through\">599,00\u00a0$<\/span><br \/>\n            <span class=\"text-sm text-brand-green\">\u00c9conomisez 110,00\u00a0$<\/span>\n        <\/div>\n<\/p><\/div>\n<\/p><\/div>\n<\/p><\/div>\n<div class=\"w-44 self-end\">\n                            <button class=\"flex justify-center items-center w-full bg-brand-green text-white text-base font-sans font-medium rounded-md hover:bg-brand-green-700 hover:cursor-pointer md:text-sm h-11\"><\/p>\n<p>    Achetez maintenant<br \/>\n<\/button>\n                        <\/div>\n<\/p><\/div>\n<\/p><\/div>\n<div class=\"order-2 mt-5 h-auto w-full md:order-1 md:mt-0 md:hidden\">\n<div class=\"flex aspect-video items-center justify-center\">\n                                            <img decoding=\"async\" class=\"m-0 max-h-full max-w-full rounded-md\" src=\"https:\/\/vieassociative.be\/actualites\/wp-content\/uploads\/2024\/12\/1735323547_39_Mes-10-appareils-Smart-Tech-preferes-que-jai-testes-cette.jpg\" alt=\"BedJet 3 Climate Comfort pour lits, ventilateur de refroidissement + air chauffant (zone de temp\u00e9rature unique, lit ou matelas de toute taille)\" width=\"auto\" height=\"auto\" loading=\"lazy\">\n                                    <\/div>\n<\/p><\/div>\n<div class=\"order-2 ml-2 hidden w-32 shrink-0 items-center md:order-1 md:ml-0 md:flex\">\n<div class=\"flex aspect-video items-center justify-center\">\n                                            <img decoding=\"async\" class=\"m-0 max-h-full max-w-full rounded-md\" src=\"https:\/\/vieassociative.be\/actualites\/wp-content\/uploads\/2024\/12\/1735323547_39_Mes-10-appareils-Smart-Tech-preferes-que-jai-testes-cette.jpg\" alt=\"BedJet 3 Climate Comfort pour lits, ventilateur de refroidissement + air chauffant (zone de temp\u00e9rature unique, lit ou matelas de toute taille)\" width=\"auto\" height=\"auto\" loading=\"lazy\">\n                                    <\/div>\n<\/p><\/div>\n<div class=\"order-3 flex grow flex-wrap md:hidden md:grow-0\">\n<div class=\"mt-4 w-full\">\n                        <button class=\"flex justify-center items-center w-full bg-brand-green text-white text-base font-sans font-medium rounded-md hover:bg-brand-green-700 hover:cursor-pointer md:text-sm h-11\"><\/p>\n<p>    Achetez maintenant<br \/>\n<\/button>\n                    <\/div>\n<div class=\"mx-2 mt-4 w-full\">\n<div class=\" font-sans leading-4 text-black\">\n<div class=\"flex flex-wrap items-center justify-center gap-x-1 md:justify-start\">\n        <span class=\"font-bold\"><\/p>\n<p>            489,00\u00a0$<br \/>\n                            <span class=\"font-medium\">chez Amazon<\/span><br \/>\n                    <\/span><br \/>\n                    <img decoding=\"async\" class=\"mt-0 h-(15px)\" src=\"https:\/\/vieassociative.be\/actualites\/wp-content\/uploads\/2024\/12\/Mes-10-appareils-Smart-Tech-preferes-que-jai-testes-cette.svg.svg+xml\" title=\"Amazon Premier\" alt=\"Amazon Premier\">\n            <\/div>\n<div class=\"flex items-center justify-center gap-x-1 font-bold md:justify-start\">\n            <span class=\"text-sm line-through\">599,00\u00a0$<\/span><br \/>\n            <span class=\"text-sm text-brand-green\">\u00c9conomisez 110,00\u00a0$<\/span>\n        <\/div>\n<\/p><\/div>\n<\/p><\/div>\n<\/p><\/div>\n<\/p><\/div>\n<\/div>\n<h2 id=\"the-smart-coop-helped-me-get-my-first-chickens\">La Smart Coop m&rsquo;a aid\u00e9 \u00e0 avoir mes premiers poulets<\/h2>\n<div class=\"eloquent-imagery-image\">\n<div class=\"flex justify-center\">\n                    <img decoding=\"async\" class=\"border border-gray-100\" src=\"https:\/\/vieassociative.be\/actualites\/wp-content\/uploads\/2024\/12\/1735323547_385_Mes-10-appareils-Smart-Tech-preferes-que-jai-testes-cette.jpg\" alt=\"Poulets dans la Smart Coop\" width=\"2000\" height=\"1506\" loading=\"lazy\"  >\n            <\/div>\n<\/p><\/div>\n<p>J&rsquo;ai finalement eu des poulets cette ann\u00e9e, et je l&rsquo;ai fait, au moins en partie, gr\u00e2ce \u00e0 la Smart Coop : un poulailler enti\u00e8rement fonctionnel dot\u00e9 de cam\u00e9ras intelligentes. Ces cam\u00e9ras disposent d&rsquo;une IA qui peut compter vos poules, identifier les intrus et remarquer un \u0153uf hors du nichoir (et j&rsquo;adore regarder mes poules endormies sur une vid\u00e9o en boucle ferm\u00e9e). Le poulailler \u00e0 double paroi offre une isolation pour garder mes poules \u00e0 l&rsquo;abri des conditions m\u00e9t\u00e9orologiques extr\u00eames, et l&rsquo;enclos est de bonne taille pour mon troupeau de quatre personnes. <\/p>\n<h2 id=\"i-still-use-my-pluslife-molecular-covid-test\">J&rsquo;utilise toujours mon test mol\u00e9culaire COVID PlusLife<\/h2>\n<div class=\"eloquent-imagery-image\">\n<div class=\"flex justify-center\">\n                    <img decoding=\"async\" class=\"border border-gray-100\" src=\"https:\/\/vieassociative.be\/actualites\/wp-content\/uploads\/2024\/12\/Mes-10-appareils-Smart-Tech-preferes-que-jai-testes-cette.webp.webp\" alt=\"Test mol\u00e9culaire PlusLife\" width=\"2000\" height=\"1294\" loading=\"lazy\"  >\n            <\/div>\n<\/p><\/div>\n<p>J&rsquo;utilise toujours un test PCR rapide COVID \u00e0 domicile, et si vous avez des amis ou des membres de votre famille vuln\u00e9rables, le dispositif de test PlusLife NAAT est un v\u00e9ritable cadeau. C&rsquo;est le moyen le plus simple de savoir rapidement et de mani\u00e8re fiable si j&rsquo;ai le COVID ou si j&rsquo;ai simplement des allergies. En prime, ce test particulier se connecte via Bluetooth \u00e0 virus.sucks et affiche un graphique de test en temps r\u00e9el. Ainsi, au lieu d&rsquo;un simple r\u00e9sultat de test \u00ab positif \u00bb ou \u00ab n\u00e9gatif \u00bb, je peux voir la quantit\u00e9 de virus d\u00e9tect\u00e9e. Je trouve cela \u00e0 la fois fascinant et rassurant. <\/p>\n<h2 id=\"dreo-are-my-favorite-smart-fans\">Dreo sont mes fans intelligents pr\u00e9f\u00e9r\u00e9s <\/h2>\n<p>Cette ann\u00e9e, j&rsquo;ai essay\u00e9 quatre ventilateurs intelligents Dreo, notamment des ventilateurs de plafond, des ventilateurs sur pied et des ventilateurs de bureau, et ils font partie des meilleurs ventilateurs que j&rsquo;ai jamais utilis\u00e9s. Vous pouvez facilement r\u00e9gler la force et la direction d&rsquo;un ventilateur Dreo via une application, et ils sont faciles \u00e0 d\u00e9monter pour les nettoyer. Sa meilleure caract\u00e9ristique, cependant, est le r\u00e9glage \u00ab naturel \u00bb qui fait varier la puissance du ventilateur afin qu&rsquo;il ressemble moins \u00e0 un vent artificiel et ressemble plus \u00e0 une brise. Si vous commencez avec un Dreo, je vous recommande le Polyfan. <\/p>\n<div class=\"pogoClear mb-12 mt-10 rounded-md border-2 border-gray-100 py-7 shadow-xl md:py-6\">\n<div class=\"flex flex-wrap justify-between px-7 text-black no-underline md:flex-nowrap md:px-8\">\n<div class=\"order-1 mx-auto flex flex-col justify-center md:order-2 md:ml-4 md:w-full md:grow\">\n<div class=\"block cursor-pointer text-center font-akshar text-2xl font-medium leading-7 text-brand-green duration-200 ease-in-out hover:text-brand-green-700 md:text-left md:text-xl md:leading-6\">Dr\u00e9o Polyfan\n                <\/div>\n<div class=\"mt-4 hidden md:flex md:justify-between\">\n<div class=\"self-end\">\n<div class=\"mb-0 h-11 md:flex md:flex-col md:justify-center\">\n<div class=\" font-sans leading-4 text-black\">\n<div class=\"flex flex-wrap items-center justify-center gap-x-1 md:justify-start\">\n        <span class=\"font-bold\"><\/p>\n<p>            98,99\u00a0$<br \/>\n                            <span class=\"font-medium\">chez Amazon<\/span><br \/>\n                    <\/span><br \/>\n                    <img decoding=\"async\" class=\"mt-0 h-(15px)\" src=\"https:\/\/vieassociative.be\/actualites\/wp-content\/uploads\/2024\/12\/Mes-10-appareils-Smart-Tech-preferes-que-jai-testes-cette.svg.svg+xml\" title=\"Amazon Premier\" alt=\"Amazon Premier\">\n            <\/div>\n<div class=\"flex items-center justify-center gap-x-1 font-bold md:justify-start\">\n            <span class=\"text-sm line-through\">109,99\u00a0$<\/span><br \/>\n            <span class=\"text-sm text-brand-green\">\u00c9conomisez 11,00\u00a0$<\/span>\n        <\/div>\n<\/p><\/div>\n<\/p><\/div>\n<\/p><\/div>\n<div class=\"w-44 self-end\">\n                            <button class=\"flex justify-center items-center w-full bg-brand-green text-white text-base font-sans font-medium rounded-md hover:bg-brand-green-700 hover:cursor-pointer md:text-sm h-11\"><\/p>\n<p>    Achetez maintenant<br \/>\n<\/button>\n                        <\/div>\n<\/p><\/div>\n<\/p><\/div>\n<div class=\"order-2 mt-5 h-auto w-full md:order-1 md:mt-0 md:hidden\">\n<div class=\"flex aspect-video items-center justify-center\">\n                                            <img decoding=\"async\" class=\"m-0 max-h-full max-w-full rounded-md\" src=\"https:\/\/vieassociative.be\/actualites\/wp-content\/uploads\/2024\/12\/1735323547_511_Mes-10-appareils-Smart-Tech-preferes-que-jai-testes-cette.jpg\" alt=\"Ventilateur sur pied Dreo, ventilateurs de sol oscillants intelligents 120\u00b0+120\u00b0 avec Wi-Fi\/commande vocale, ventilateur de 80 pieds pour chambre \u00e0 coucher, ventilateurs silencieux \u00e0 moteur CC, hauteur r\u00e9glable, 8 vitesses, 6 modes, minuterie 12 heures, bureau, chambre\" width=\"auto\" height=\"auto\" loading=\"lazy\">\n                                    <\/div>\n<\/p><\/div>\n<div class=\"order-2 ml-2 hidden w-32 shrink-0 items-center md:order-1 md:ml-0 md:flex\">\n<div class=\"flex aspect-video items-center justify-center\">\n                                            <img decoding=\"async\" class=\"m-0 max-h-full max-w-full rounded-md\" src=\"https:\/\/vieassociative.be\/actualites\/wp-content\/uploads\/2024\/12\/1735323547_511_Mes-10-appareils-Smart-Tech-preferes-que-jai-testes-cette.jpg\" alt=\"Ventilateur sur pied Dreo, ventilateurs de sol oscillants intelligents 120\u00b0+120\u00b0 avec Wi-Fi\/commande vocale, ventilateur de 80 pieds pour chambre \u00e0 coucher, ventilateurs silencieux \u00e0 moteur CC, hauteur r\u00e9glable, 8 vitesses, 6 modes, minuterie 12 heures, bureau, chambre\" width=\"auto\" height=\"auto\" loading=\"lazy\">\n                                    <\/div>\n<\/p><\/div>\n<div class=\"order-3 flex grow flex-wrap md:hidden md:grow-0\">\n<div class=\"mt-4 w-full\">\n                        <button class=\"flex justify-center items-center w-full bg-brand-green text-white text-base font-sans font-medium rounded-md hover:bg-brand-green-700 hover:cursor-pointer md:text-sm h-11\"><\/p>\n<p>    Achetez maintenant<br \/>\n<\/button>\n                    <\/div>\n<div class=\"mx-2 mt-4 w-full\">\n<div class=\" font-sans leading-4 text-black\">\n<div class=\"flex flex-wrap items-center justify-center gap-x-1 md:justify-start\">\n        <span class=\"font-bold\"><\/p>\n<p>            98,99\u00a0$<br \/>\n                            <span class=\"font-medium\">chez Amazon<\/span><br \/>\n                    <\/span><br \/>\n                    <img decoding=\"async\" class=\"mt-0 h-(15px)\" src=\"https:\/\/vieassociative.be\/actualites\/wp-content\/uploads\/2024\/12\/Mes-10-appareils-Smart-Tech-preferes-que-jai-testes-cette.svg.svg+xml\" title=\"Amazon Premier\" alt=\"Amazon Premier\">\n            <\/div>\n<div class=\"flex items-center justify-center gap-x-1 font-bold md:justify-start\">\n            <span class=\"text-sm line-through\">109,99\u00a0$<\/span><br \/>\n            <span class=\"text-sm text-brand-green\">\u00c9conomisez 11,00\u00a0$<\/span>\n        <\/div>\n<\/p><\/div>\n<\/p><\/div>\n<\/p><\/div>\n<\/p><\/div>\n<\/div>\n<h2 id=\"the-oura-ring-is-my-favorite-fitness-tracker\">L&rsquo;Oura Ring est mon tracker de fitness pr\u00e9f\u00e9r\u00e9<\/h2>\n<p>Un Oura 4 est d\u00e9j\u00e0 sorti, mais depuis que j&rsquo;ai mis l&rsquo;Oura 3 sur ma main il y a quelques mois, c&rsquo;est presque devenu une addiction. Il suit mon sommeil, mes pas et mon niveau d&rsquo;\u00e9nergie, et je peux transf\u00e9rer les donn\u00e9es vers d&rsquo;autres applications de sant\u00e9 que j&rsquo;utilise, comme Guava. J\u2019utilise particuli\u00e8rement souvent mes donn\u00e9es de sommeil pour \u00e9valuer si je dois ajuster mes conditions de sommeil. Porter ma bague Oura est devenu une habitude, et je l&rsquo;utilise suffisamment pour que lorsque j&rsquo;ai \u00e9gar\u00e9 la mienne le mois dernier, je sache que je devrais la remplacer. <\/p>\n<div class=\"pogoClear mb-12 mt-10 rounded-md border-2 border-gray-100 py-7 shadow-xl md:py-6\">\n<div class=\"flex flex-wrap justify-between px-7 text-black no-underline md:flex-nowrap md:px-8\">\n<div class=\"order-1 mx-auto flex flex-col justify-center md:order-2 md:ml-4 md:w-full md:grow\">\n<div class=\"block cursor-pointer text-center font-akshar text-2xl font-medium leading-7 text-brand-green duration-200 ease-in-out hover:text-brand-green-700 md:text-left md:text-xl md:leading-6\">Oura Anneau 3\n                <\/div>\n<div class=\"mt-4 hidden md:flex md:justify-between\">\n<div class=\"self-end\">\n<div class=\"mb-0 h-11 md:flex md:flex-col md:justify-center\">\n<div class=\" font-sans leading-4 text-black\">\n<div class=\"flex flex-wrap items-center justify-center gap-x-1 md:justify-start\">\n        <span class=\"font-bold\"><\/p>\n<p>            249,00\u00a0$<br \/>\n                            <span class=\"font-medium\">chez Best Buy<\/span><br \/>\n                    <\/span>\n            <\/div>\n<div class=\"flex items-center justify-center gap-x-1 font-bold md:justify-start\">\n            <span class=\"text-sm line-through\">299,00\u00a0$<\/span><br \/>\n            <span class=\"text-sm text-brand-green\">\u00c9conomisez 50,00\u00a0$<\/span>\n        <\/div>\n<\/p><\/div>\n<\/p><\/div>\n<\/p><\/div>\n<div class=\"w-44 self-end\">\n                            <button class=\"flex justify-center items-center w-full bg-brand-green text-white text-base font-sans font-medium rounded-md hover:bg-brand-green-700 hover:cursor-pointer md:text-sm h-11\"><\/p>\n<p>    Achetez maintenant<br \/>\n<\/button>\n                        <\/div>\n<\/p><\/div>\n<\/p><\/div>\n<div class=\"order-2 mt-5 h-auto w-full md:order-1 md:mt-0 md:hidden\">\n<div class=\"flex aspect-video items-center justify-center\">\n                                            <img decoding=\"async\" class=\"m-0 max-h-full max-w-full rounded-md\" src=\"https:\/\/vieassociative.be\/actualites\/wp-content\/uploads\/2024\/12\/1735323547_310_Mes-10-appareils-Smart-Tech-preferes-que-jai-testes-cette.jpg\" alt=\"Oura Ring Gen3 Horizon - Argent - Taille 8 - Bague intelligente - Taille d'abord avec kit de taille Oura - Suivi du sommeil portable - Fr\u00e9quence cardiaque - Tracker d'activit\u00e9 - Autonomie de la batterie de 5 \u00e0 7 jours\" width=\"auto\" height=\"auto\" loading=\"lazy\">\n                                    <\/div>\n<\/p><\/div>\n<div class=\"order-2 ml-2 hidden w-32 shrink-0 items-center md:order-1 md:ml-0 md:flex\">\n<div class=\"flex aspect-video items-center justify-center\">\n                                            <img decoding=\"async\" class=\"m-0 max-h-full max-w-full rounded-md\" src=\"https:\/\/vieassociative.be\/actualites\/wp-content\/uploads\/2024\/12\/1735323547_310_Mes-10-appareils-Smart-Tech-preferes-que-jai-testes-cette.jpg\" alt=\"Oura Ring Gen3 Horizon - Argent - Taille 8 - Bague intelligente - Taille d'abord avec kit de taille Oura - Suivi du sommeil portable - Fr\u00e9quence cardiaque - Tracker d'activit\u00e9 - Autonomie de la batterie de 5 \u00e0 7 jours\" width=\"auto\" height=\"auto\" loading=\"lazy\">\n                                    <\/div>\n<\/p><\/div>\n<div class=\"order-3 flex grow flex-wrap md:hidden md:grow-0\">\n<div class=\"mt-4 w-full\">\n                        <button class=\"flex justify-center items-center w-full bg-brand-green text-white text-base font-sans font-medium rounded-md hover:bg-brand-green-700 hover:cursor-pointer md:text-sm h-11\"><\/p>\n<p>    Achetez maintenant<br \/>\n<\/button>\n                    <\/div>\n<div class=\"mx-2 mt-4 w-full\">\n<div class=\" font-sans leading-4 text-black\">\n<div class=\"flex flex-wrap items-center justify-center gap-x-1 md:justify-start\">\n        <span class=\"font-bold\"><\/p>\n<p>            249,00\u00a0$<br \/>\n                            <span class=\"font-medium\">chez Best Buy<\/span><br \/>\n                    <\/span>\n            <\/div>\n<div class=\"flex items-center justify-center gap-x-1 font-bold md:justify-start\">\n            <span class=\"text-sm line-through\">299,00\u00a0$<\/span><br \/>\n            <span class=\"text-sm text-brand-green\">\u00c9conomisez 50,00\u00a0$<\/span>\n        <\/div>\n<\/p><\/div>\n<\/p><\/div>\n<\/p><\/div>\n<\/p><\/div>\n<\/div>\n<h2 id=\"the-k10-pro-is-my-favorite-robot-vacuum\">Le K10+ Pro est mon robot aspirateur pr\u00e9f\u00e9r\u00e9<\/h2>\n<p>J&rsquo;ai des aspirateurs pr\u00e9f\u00e9r\u00e9s, et vous m&rsquo;entendrez beaucoup parler de Roborock, mais mon pr\u00e9f\u00e9r\u00e9 est le K10 de Switchbot. Cette ann\u00e9e, le K10+ Pro s&rsquo;est am\u00e9lior\u00e9 en abandonnant la fonction de vadrouille et en laissant le K10 briller comme un super aspirateur bon march\u00e9 suffisamment petit pour avoir un rayon serr\u00e9 autour des obstacles, comme un M&#038;M qui se d\u00e9place sur le sol. Si vous envisagez d&rsquo;opter pour un robot aspirateur et laveur, vous devriez quand m\u00eame envisager de faire des folies avec un Roborock, mais pour toute petite maison, bureau ou pi\u00e8ce qui a juste besoin d&rsquo;un bon aspirateur \u00e0 un prix avantageux, le K10+ Pro est une excellente fa\u00e7on de proc\u00e9der. <\/p>\n<div class=\"pogoClear mb-12 mt-10 rounded-md border-2 border-gray-100 py-7 shadow-xl md:py-6\">\n<div class=\"flex flex-wrap justify-between px-7 text-black no-underline md:flex-nowrap md:px-8\">\n<div class=\"order-1 mx-auto flex flex-col justify-center md:order-2 md:ml-4 md:w-full md:grow\">\n<div class=\"block cursor-pointer text-center font-akshar text-2xl font-medium leading-7 text-brand-green duration-200 ease-in-out hover:text-brand-green-700 md:text-left md:text-xl md:leading-6\">Aspirateur robot Switchbot K10+ Pro\n                <\/div>\n<div class=\"mt-4 hidden md:flex md:justify-between\">\n<div class=\"self-end\">\n<div class=\"mb-0 h-11 md:flex md:flex-col md:justify-center\">\n<div class=\" font-sans leading-4 text-black\">\n<div class=\"flex flex-wrap items-center justify-center gap-x-1 md:justify-start\">\n        <span class=\"font-bold\"><\/p>\n<p>            599,99\u00a0$<br \/>\n                            <span class=\"font-medium\">chez Amazon<\/span><br \/>\n                    <\/span><br \/>\n                    <img decoding=\"async\" class=\"mt-0 h-(15px)\" src=\"https:\/\/vieassociative.be\/actualites\/wp-content\/uploads\/2024\/12\/Mes-10-appareils-Smart-Tech-preferes-que-jai-testes-cette.svg.svg+xml\" title=\"Amazon Premier\" alt=\"Amazon Premier\">\n            <\/div>\n<\/p><\/div>\n<\/p><\/div>\n<\/p><\/div>\n<div class=\"w-44 self-end\">\n                            <button class=\"flex justify-center items-center w-full bg-brand-green text-white text-base font-sans font-medium rounded-md hover:bg-brand-green-700 hover:cursor-pointer md:text-sm h-11\"><\/p>\n<p>    Achetez maintenant<br \/>\n<\/button>\n                        <\/div>\n<\/p><\/div>\n<\/p><\/div>\n<div class=\"order-2 mt-5 h-auto w-full md:order-1 md:mt-0 md:hidden\">\n<div class=\"flex aspect-video items-center justify-center\">\n                                            <img decoding=\"async\" class=\"m-0 max-h-full max-w-full rounded-md\" src=\"https:\/\/vieassociative.be\/actualites\/wp-content\/uploads\/2024\/12\/1735323547_348_Mes-10-appareils-Smart-Tech-preferes-que-jai-testes-cette.jpg\" alt=\"Aspirateur robot SwitchBot K10+ Pro \u00e0 vidange automatique pendant 90 jours, mains libres, mini aspirateur robot super silencieux avec haute puissance d'aspiration, anti-emm\u00ealement, fonctionne avec Matter\/Alexa\/Siri, WiFi 2,4 GHz\" width=\"auto\" height=\"auto\" loading=\"lazy\">\n                                    <\/div>\n<\/p><\/div>\n<div class=\"order-2 ml-2 hidden w-32 shrink-0 items-center md:order-1 md:ml-0 md:flex\">\n<div class=\"flex aspect-video items-center justify-center\">\n                                            <img decoding=\"async\" class=\"m-0 max-h-full max-w-full rounded-md\" src=\"https:\/\/vieassociative.be\/actualites\/wp-content\/uploads\/2024\/12\/1735323547_348_Mes-10-appareils-Smart-Tech-preferes-que-jai-testes-cette.jpg\" alt=\"Aspirateur robot SwitchBot K10+ Pro \u00e0 vidange automatique pendant 90 jours, mains libres, mini aspirateur robot super silencieux avec haute puissance d'aspiration, anti-emm\u00ealement, fonctionne avec Matter\/Alexa\/Siri, WiFi 2,4 GHz\" width=\"auto\" height=\"auto\" loading=\"lazy\">\n                                    <\/div>\n<\/p><\/div>\n<div class=\"order-3 flex grow flex-wrap md:hidden md:grow-0\">\n<div class=\"mt-4 w-full\">\n                        <button class=\"flex justify-center items-center w-full bg-brand-green text-white text-base font-sans font-medium rounded-md hover:bg-brand-green-700 hover:cursor-pointer md:text-sm h-11\"><\/p>\n<p>    Achetez maintenant<br \/>\n<\/button>\n                    <\/div>\n<div class=\"mx-2 mt-4 w-full\">\n<div class=\" font-sans leading-4 text-black\">\n<div class=\"flex flex-wrap items-center justify-center gap-x-1 md:justify-start\">\n        <span class=\"font-bold\"><\/p>\n<p>            599,99\u00a0$<br \/>\n                            <span class=\"font-medium\">chez Amazon<\/span><br \/>\n                    <\/span><br \/>\n                    <img decoding=\"async\" class=\"mt-0 h-(15px)\" src=\"https:\/\/vieassociative.be\/actualites\/wp-content\/uploads\/2024\/12\/Mes-10-appareils-Smart-Tech-preferes-que-jai-testes-cette.svg.svg+xml\" title=\"Amazon Premier\" alt=\"Amazon Premier\">\n            <\/div>\n<\/p><\/div>\n<\/p><\/div>\n<\/p><\/div>\n<\/p><\/div>\n<\/div>\n<h2 id=\"the-terra-kaffe-tk-02-is-my-favorite-smart-espresso-maker\">La Terra Kaffe TK-02 est ma machine \u00e0 expresso intelligente pr\u00e9f\u00e9r\u00e9e<\/h2>\n<p>J&rsquo;ai test\u00e9 toutes les machines \u00e0 expresso intelligentes du march\u00e9, et celle que j&rsquo;h\u00e9sitais le plus \u00e0 renvoyer \u00e9tait la Terra Kaffe TK-02. Il fait un tr\u00e8s bon caf\u00e9 et une tr\u00e8s bonne mousse, et il est facile \u00e0 utiliser via son application ou son \u00e9cran tactile. J&rsquo;ai particuli\u00e8rement aim\u00e9 pouvoir pr\u00e9charger les haricots de temps en temps et changer l&rsquo;eau tous les quelques jours, sinon laisser la machine prendre le relais du d\u00e9but \u00e0 la fin.<\/p>\n<div class=\"eloquent-imagery-image\">\n<div class=\"flex justify-center\">\n                    <img decoding=\"async\" class=\"border border-gray-100\" src=\"https:\/\/vieassociative.be\/actualites\/wp-content\/uploads\/2024\/12\/Mes-10-appareils-Smart-Tech-preferes-que-jai-testes-cette.png\" alt=\"Machine \u00e0 expresso intelligente TK-02\" width=\"620\" height=\"750\" loading=\"lazy\"  >\n            <\/div>\n<\/p><\/div>\n<h2 id=\"the-bird-buddy-is-my-favorite-bird-feeder\">Le Bird Buddy est ma mangeoire \u00e0 oiseaux pr\u00e9f\u00e9r\u00e9e<\/h2>\n<div class=\"eloquent-imagery-image\">\n<div class=\"flex justify-center\">\n                    <img decoding=\"async\" class=\"border border-gray-100\" src=\"https:\/\/vieassociative.be\/actualites\/wp-content\/uploads\/2024\/12\/1735323547_69_Mes-10-appareils-Smart-Tech-preferes-que-jai-testes-cette.jpg\" alt=\"Mangeoire pour colibris Bird Buddy\" width=\"2000\" height=\"1142\" loading=\"lazy\"  >\n            <\/div>\n<\/p><\/div>\n<p>Que puis-je dire, j&rsquo;aime observer les oiseaux, en particulier mes colibris. Contrairement aux pr\u00e9c\u00e9dents Bird Buddies qui ne retiennent pas bien la charge solaire, la mangeoire Hummingbird est fantastique. La vid\u00e9o et les images sont \u00e9poustouflantes et con\u00e7ues pour \u00eatre partag\u00e9es, et c&rsquo;est aussi un cadeau fantastique (pour vous, sinon pour personne d&rsquo;autre). Le nouvel abonnement Bird Buddy vous permet m\u00eame de nommer vos oiseaux pr\u00e9f\u00e9r\u00e9s. <\/p>\n<h2 id=\"the-mammotion-luba-is-my-favorite-robot-lawnmower\">Le Mammotion Luba est mon robot tondeuse pr\u00e9f\u00e9r\u00e9<\/h2>\n<div class=\"eloquent-imagery-image\">\n<div class=\"flex justify-center\">\n                    <img decoding=\"async\" class=\"border border-gray-100\" src=\"https:\/\/vieassociative.be\/actualites\/wp-content\/uploads\/2024\/12\/1735323547_376_Mes-10-appareils-Smart-Tech-preferes-que-jai-testes-cette.jpg\" alt=\"mammotion luba 2\" width=\"2000\" height=\"889\" loading=\"lazy\"  >\n            <\/div>\n<\/p><\/div>\n<p>Dans mon quartier, j&rsquo;ai test\u00e9 des robots tondeuses sur les pelouses de tous ceux qui me le permettaient. Pour moi, un robot tondeuse \u00e9tait clairement le gagnant : le Mammotion Luba. Il a quitt\u00e9 le quai de mani\u00e8re fiable, a tondu la pelouse quelles que soient la lumi\u00e8re ou les conditions m\u00e9t\u00e9orologiques, et est retourn\u00e9 au quai. Le Luba ne se souciait pas des creux dans la pelouse ou dans les collines, et il traversait des sentiers rocailleux et tout ce que je lui lan\u00e7ais. \u00c0 pr\u00e8s de 3 000 $, c&rsquo;est \u00e9videmment cher, mais cela peut valoir l&rsquo;investissement si vous voulez la meilleure tondeuse robot pour votre pelouse.<\/p>\n<div class=\"pogoClear mb-12 mt-10 rounded-md border-2 border-gray-100 py-7 shadow-xl md:py-6\">\n<div class=\"flex flex-wrap justify-between px-7 text-black no-underline md:flex-nowrap md:px-8\">\n<div class=\"order-1 mx-auto flex flex-col justify-center md:order-2 md:ml-4 md:w-full md:grow\">\n<div class=\"block cursor-pointer text-center font-akshar text-2xl font-medium leading-7 text-brand-green duration-200 ease-in-out hover:text-brand-green-700 md:text-left md:text-xl md:leading-6\">Mammotion Luba2\n                <\/div>\n<div class=\"mt-4 hidden md:flex md:justify-between\">\n<div class=\"self-end\">\n<div class=\"mb-0 h-11 md:flex md:flex-col md:justify-center\">\n<div class=\" font-sans leading-4 text-black\">\n<div class=\"flex flex-wrap items-center justify-center gap-x-1 md:justify-start\">\n        <span class=\"font-bold\"><\/p>\n<p>                            <span class=\"font-medium\">chez Amazon<\/span><br \/>\n                    <\/span>\n            <\/div>\n<\/p><\/div>\n<\/p><\/div>\n<\/p><\/div>\n<div class=\"w-44 self-end\">\n                            <button class=\"flex justify-center items-center w-full bg-brand-green text-white text-base font-sans font-medium rounded-md hover:bg-brand-green-700 hover:cursor-pointer md:text-sm h-11\"><\/p>\n<p>    Pr\u00e9-commander ici<br \/>\n<\/button>\n                        <\/div>\n<\/p><\/div>\n<\/p><\/div>\n<div class=\"order-2 mt-5 h-auto w-full md:order-1 md:mt-0 md:hidden\">\n<div class=\"flex aspect-video items-center justify-center\">\n                                            <img decoding=\"async\" class=\"m-0 max-h-full max-w-full rounded-md\" src=\"https:\/\/vieassociative.be\/actualites\/wp-content\/uploads\/2024\/12\/1735323547_829_Mes-10-appareils-Smart-Tech-preferes-que-jai-testes-cette.jpg\" alt=\"mammotion luba 2\" width=\"auto\" height=\"auto\" loading=\"lazy\">\n                                    <\/div>\n<\/p><\/div>\n<div class=\"order-2 ml-2 hidden w-32 shrink-0 items-center md:order-1 md:ml-0 md:flex\">\n<div class=\"flex aspect-video items-center justify-center\">\n                                            <img decoding=\"async\" class=\"m-0 max-h-full max-w-full rounded-md\" src=\"https:\/\/vieassociative.be\/actualites\/wp-content\/uploads\/2024\/12\/1735323547_829_Mes-10-appareils-Smart-Tech-preferes-que-jai-testes-cette.jpg\" alt=\"mammotion luba 2\" width=\"auto\" height=\"auto\" loading=\"lazy\">\n                                    <\/div>\n<\/p><\/div>\n<div class=\"order-3 flex grow flex-wrap md:hidden md:grow-0\">\n<div class=\"mt-4 w-full\">\n                        <button class=\"flex justify-center items-center w-full bg-brand-green text-white text-base font-sans font-medium rounded-md hover:bg-brand-green-700 hover:cursor-pointer md:text-sm h-11\"><\/p>\n<p>    Pr\u00e9-commander ici<br \/>\n<\/button>\n                    <\/div>\n<div class=\"mx-2 mt-4 w-full\">\n<div class=\" font-sans leading-4 text-black\">\n<div class=\"flex flex-wrap items-center justify-center gap-x-1 md:justify-start\">\n        <span class=\"font-bold\"><\/p>\n<p>                            <span class=\"font-medium\">chez Amazon<\/span><br \/>\n                    <\/span>\n            <\/div>\n<\/p><\/div>\n<\/p><\/div>\n<\/p><\/div>\n<\/p><\/div>\n<\/div>\n","protected":false},"excerpt":{"rendered":"<p>Ce sont les 10 appareils intelligents qui m\u2019ont le plus impressionn\u00e9 cette ann\u00e9e. J&rsquo;examine beaucoup de technologies pour la maison intelligente, et ma maison est<\/p>\n","protected":false},"author":1,"featured_media":3800,"comment_status":"","ping_status":"","sticky":false,"template":"","format":"standard","meta":{"footnotes":""},"categories":[13],"tags":[549,451,206,823,87,89,4246,3093,4313],"class_list":["post-3799","post","type-post","status-publish","format-standard","has-post-thumbnail","hentry","category-technologie","tag-annee","tag-appareils","tag-cette","tag-jai","tag-mes","tag-preferes","tag-smart","tag-tech","tag-testes","generate-columns","tablet-grid-50","mobile-grid-100","grid-parent","grid-33"],"yoast_head":"<!-- This site is optimized with the Yoast SEO plugin v24.0 - https:\/\/yoast.com\/wordpress\/plugins\/seo\/ -->\n<title>Mes 10 appareils Smart Tech pr\u00e9f\u00e9r\u00e9s que j&#039;ai test\u00e9s cette ann\u00e9e | Vie Associative<\/title>\n<meta name=\"robots\" content=\"index, follow, max-snippet:-1, max-image-preview:large, max-video-preview:-1\" \/>\n<link rel=\"canonical\" href=\"https:\/\/vieassociative.be\/actualites\/mes-10-appareils-smart-tech-preferes-que-jai-testes-cette-annee\/\" \/>\n<meta property=\"og:locale\" content=\"fr_FR\" \/>\n<meta property=\"og:type\" content=\"article\" \/>\n<meta property=\"og:title\" content=\"Mes 10 appareils Smart Tech pr\u00e9f\u00e9r\u00e9s que j&#039;ai test\u00e9s cette ann\u00e9e | Vie Associative\" \/>\n<meta property=\"og:description\" content=\"Ce sont les 10 appareils intelligents qui m\u2019ont le plus impressionn\u00e9 cette ann\u00e9e. J&rsquo;examine beaucoup de technologies pour la maison intelligente, et ma maison est\" \/>\n<meta property=\"og:url\" content=\"https:\/\/vieassociative.be\/actualites\/mes-10-appareils-smart-tech-preferes-que-jai-testes-cette-annee\/\" \/>\n<meta property=\"og:site_name\" content=\"Vie Associative\" \/>\n<meta property=\"article:published_time\" content=\"2024-12-27T18:19:07+00:00\" \/>\n<meta property=\"og:image\" content=\"https:\/\/vieassociative.be\/actualites\/wp-content\/uploads\/2024\/12\/Mes-10-appareils-Smart-Tech-preferes-que-jai-testes-cette.jpg\" \/>\n<meta name=\"author\" content=\"Julien\" \/>\n<meta name=\"twitter:card\" content=\"summary_large_image\" \/>\n<meta name=\"twitter:label1\" content=\"\u00c9crit par\" \/>\n\t<meta name=\"twitter:data1\" content=\"Julien\" \/>\n\t<meta name=\"twitter:label2\" content=\"Dur\u00e9e de lecture est.\" \/>\n\t<meta name=\"twitter:data2\" content=\"7 minutes\" \/>\n<script type=\"application\/ld+json\" class=\"yoast-schema-graph\">{\"@context\":\"https:\/\/schema.org\",\"@graph\":[{\"@type\":\"Article\",\"@id\":\"https:\/\/vieassociative.be\/actualites\/mes-10-appareils-smart-tech-preferes-que-jai-testes-cette-annee\/#article\",\"isPartOf\":{\"@id\":\"https:\/\/vieassociative.be\/actualites\/mes-10-appareils-smart-tech-preferes-que-jai-testes-cette-annee\/\"},\"author\":{\"name\":\"Julien\",\"@id\":\"https:\/\/vieassociative.be\/actualites\/#\/schema\/person\/b87ac4f82f9d4e7b7cec7395b679edc4\"},\"headline\":\"Mes 10 appareils Smart Tech pr\u00e9f\u00e9r\u00e9s que j&rsquo;ai test\u00e9s cette ann\u00e9e\",\"datePublished\":\"2024-12-27T18:19:07+00:00\",\"dateModified\":\"2024-12-27T18:19:07+00:00\",\"mainEntityOfPage\":{\"@id\":\"https:\/\/vieassociative.be\/actualites\/mes-10-appareils-smart-tech-preferes-que-jai-testes-cette-annee\/\"},\"wordCount\":1443,\"publisher\":{\"@id\":\"https:\/\/vieassociative.be\/actualites\/#organization\"},\"image\":{\"@id\":\"https:\/\/vieassociative.be\/actualites\/mes-10-appareils-smart-tech-preferes-que-jai-testes-cette-annee\/#primaryimage\"},\"thumbnailUrl\":\"https:\/\/vieassociative.be\/actualites\/wp-content\/uploads\/2024\/12\/1735323547_Mes-10-appareils-Smart-Tech-preferes-que-jai-testes-cette.jpg\",\"keywords\":[\"ann\u00e9e\",\"appareils\",\"cette\",\"Jai\",\"Mes\",\"pr\u00e9f\u00e9r\u00e9s\",\"Smart\",\"Tech\",\"test\u00e9s\"],\"articleSection\":[\"Technologie\"],\"inLanguage\":\"fr-BE\"},{\"@type\":\"WebPage\",\"@id\":\"https:\/\/vieassociative.be\/actualites\/mes-10-appareils-smart-tech-preferes-que-jai-testes-cette-annee\/\",\"url\":\"https:\/\/vieassociative.be\/actualites\/mes-10-appareils-smart-tech-preferes-que-jai-testes-cette-annee\/\",\"name\":\"Mes 10 appareils Smart Tech pr\u00e9f\u00e9r\u00e9s que j'ai test\u00e9s cette ann\u00e9e | Vie Associative\",\"isPartOf\":{\"@id\":\"https:\/\/vieassociative.be\/actualites\/#website\"},\"primaryImageOfPage\":{\"@id\":\"https:\/\/vieassociative.be\/actualites\/mes-10-appareils-smart-tech-preferes-que-jai-testes-cette-annee\/#primaryimage\"},\"image\":{\"@id\":\"https:\/\/vieassociative.be\/actualites\/mes-10-appareils-smart-tech-preferes-que-jai-testes-cette-annee\/#primaryimage\"},\"thumbnailUrl\":\"https:\/\/vieassociative.be\/actualites\/wp-content\/uploads\/2024\/12\/1735323547_Mes-10-appareils-Smart-Tech-preferes-que-jai-testes-cette.jpg\",\"datePublished\":\"2024-12-27T18:19:07+00:00\",\"dateModified\":\"2024-12-27T18:19:07+00:00\",\"breadcrumb\":{\"@id\":\"https:\/\/vieassociative.be\/actualites\/mes-10-appareils-smart-tech-preferes-que-jai-testes-cette-annee\/#breadcrumb\"},\"inLanguage\":\"fr-BE\",\"potentialAction\":[{\"@type\":\"ReadAction\",\"target\":[\"https:\/\/vieassociative.be\/actualites\/mes-10-appareils-smart-tech-preferes-que-jai-testes-cette-annee\/\"]}]},{\"@type\":\"ImageObject\",\"inLanguage\":\"fr-BE\",\"@id\":\"https:\/\/vieassociative.be\/actualites\/mes-10-appareils-smart-tech-preferes-que-jai-testes-cette-annee\/#primaryimage\",\"url\":\"https:\/\/vieassociative.be\/actualites\/wp-content\/uploads\/2024\/12\/1735323547_Mes-10-appareils-Smart-Tech-preferes-que-jai-testes-cette.jpg\",\"contentUrl\":\"https:\/\/vieassociative.be\/actualites\/wp-content\/uploads\/2024\/12\/1735323547_Mes-10-appareils-Smart-Tech-preferes-que-jai-testes-cette.jpg\",\"width\":1200,\"height\":675,\"caption\":\"Mes 10 appareils Smart Tech pr\u00e9f\u00e9r\u00e9s que j'ai test\u00e9s cette ann\u00e9e\"},{\"@type\":\"BreadcrumbList\",\"@id\":\"https:\/\/vieassociative.be\/actualites\/mes-10-appareils-smart-tech-preferes-que-jai-testes-cette-annee\/#breadcrumb\",\"itemListElement\":[{\"@type\":\"ListItem\",\"position\":1,\"name\":\"Accueil\",\"item\":\"https:\/\/vieassociative.be\/actualites\/\"},{\"@type\":\"ListItem\",\"position\":2,\"name\":\"Mes 10 appareils Smart Tech pr\u00e9f\u00e9r\u00e9s que j&rsquo;ai test\u00e9s cette ann\u00e9e\"}]},{\"@type\":\"WebSite\",\"@id\":\"https:\/\/vieassociative.be\/actualites\/#website\",\"url\":\"https:\/\/vieassociative.be\/actualites\/\",\"name\":\"Vie Associative\",\"description\":\"\",\"publisher\":{\"@id\":\"https:\/\/vieassociative.be\/actualites\/#organization\"},\"potentialAction\":[{\"@type\":\"SearchAction\",\"target\":{\"@type\":\"EntryPoint\",\"urlTemplate\":\"https:\/\/vieassociative.be\/actualites\/?s={search_term_string}\"},\"query-input\":{\"@type\":\"PropertyValueSpecification\",\"valueRequired\":true,\"valueName\":\"search_term_string\"}}],\"inLanguage\":\"fr-BE\"},{\"@type\":\"Organization\",\"@id\":\"https:\/\/vieassociative.be\/actualites\/#organization\",\"name\":\"Vie Associative\",\"url\":\"https:\/\/vieassociative.be\/actualites\/\",\"logo\":{\"@type\":\"ImageObject\",\"inLanguage\":\"fr-BE\",\"@id\":\"https:\/\/vieassociative.be\/actualites\/#\/schema\/logo\/image\/\",\"url\":\"https:\/\/vieassociative.be\/actualites\/wp-content\/uploads\/2024\/09\/cropped-vieassociative_favicon.ico.png\",\"contentUrl\":\"https:\/\/vieassociative.be\/actualites\/wp-content\/uploads\/2024\/09\/cropped-vieassociative_favicon.ico.png\",\"width\":512,\"height\":512,\"caption\":\"Vie Associative\"},\"image\":{\"@id\":\"https:\/\/vieassociative.be\/actualites\/#\/schema\/logo\/image\/\"}},{\"@type\":\"Person\",\"@id\":\"https:\/\/vieassociative.be\/actualites\/#\/schema\/person\/b87ac4f82f9d4e7b7cec7395b679edc4\",\"name\":\"Julien\",\"image\":{\"@type\":\"ImageObject\",\"inLanguage\":\"fr-BE\",\"@id\":\"https:\/\/vieassociative.be\/actualites\/#\/schema\/person\/image\/\",\"url\":\"https:\/\/vieassociative.be\/actualites\/wp-content\/uploads\/2024\/09\/vie-associative-1-150x150.jpg\",\"contentUrl\":\"https:\/\/vieassociative.be\/actualites\/wp-content\/uploads\/2024\/09\/vie-associative-1-150x150.jpg\",\"caption\":\"Julien\"},\"description\":\"Je suis Julien, r\u00e9dacteur pour Vie Associative. Passionn\u00e9 par le monde associatif depuis plus de 10 ans, j'ai \u00e0 c\u0153ur de partager des histoires inspirantes et de mettre en lumi\u00e8re les initiatives locales. Mon objectif est de sensibiliser et d'encourager l'engagement communautaire \u00e0 travers mes articles.\",\"sameAs\":[\"https:\/\/vieassociative.be\/\"]}]}<\/script>\n<!-- \/ Yoast SEO plugin. -->","yoast_head_json":{"title":"Mes 10 appareils Smart Tech pr\u00e9f\u00e9r\u00e9s que j'ai test\u00e9s cette ann\u00e9e | Vie Associative","robots":{"index":"index","follow":"follow","max-snippet":"max-snippet:-1","max-image-preview":"max-image-preview:large","max-video-preview":"max-video-preview:-1"},"canonical":"https:\/\/vieassociative.be\/actualites\/mes-10-appareils-smart-tech-preferes-que-jai-testes-cette-annee\/","og_locale":"fr_FR","og_type":"article","og_title":"Mes 10 appareils Smart Tech pr\u00e9f\u00e9r\u00e9s que j'ai test\u00e9s cette ann\u00e9e | Vie Associative","og_description":"Ce sont les 10 appareils intelligents qui m\u2019ont le plus impressionn\u00e9 cette ann\u00e9e. J&rsquo;examine beaucoup de technologies pour la maison intelligente, et ma maison est","og_url":"https:\/\/vieassociative.be\/actualites\/mes-10-appareils-smart-tech-preferes-que-jai-testes-cette-annee\/","og_site_name":"Vie Associative","article_published_time":"2024-12-27T18:19:07+00:00","og_image":[{"url":"https:\/\/vieassociative.be\/actualites\/wp-content\/uploads\/2024\/12\/Mes-10-appareils-Smart-Tech-preferes-que-jai-testes-cette.jpg","type":"","width":"","height":""}],"author":"Julien","twitter_card":"summary_large_image","twitter_misc":{"\u00c9crit par":"Julien","Dur\u00e9e de lecture est.":"7 minutes"},"schema":{"@context":"https:\/\/schema.org","@graph":[{"@type":"Article","@id":"https:\/\/vieassociative.be\/actualites\/mes-10-appareils-smart-tech-preferes-que-jai-testes-cette-annee\/#article","isPartOf":{"@id":"https:\/\/vieassociative.be\/actualites\/mes-10-appareils-smart-tech-preferes-que-jai-testes-cette-annee\/"},"author":{"name":"Julien","@id":"https:\/\/vieassociative.be\/actualites\/#\/schema\/person\/b87ac4f82f9d4e7b7cec7395b679edc4"},"headline":"Mes 10 appareils Smart Tech pr\u00e9f\u00e9r\u00e9s que j&rsquo;ai test\u00e9s cette ann\u00e9e","datePublished":"2024-12-27T18:19:07+00:00","dateModified":"2024-12-27T18:19:07+00:00","mainEntityOfPage":{"@id":"https:\/\/vieassociative.be\/actualites\/mes-10-appareils-smart-tech-preferes-que-jai-testes-cette-annee\/"},"wordCount":1443,"publisher":{"@id":"https:\/\/vieassociative.be\/actualites\/#organization"},"image":{"@id":"https:\/\/vieassociative.be\/actualites\/mes-10-appareils-smart-tech-preferes-que-jai-testes-cette-annee\/#primaryimage"},"thumbnailUrl":"https:\/\/vieassociative.be\/actualites\/wp-content\/uploads\/2024\/12\/1735323547_Mes-10-appareils-Smart-Tech-preferes-que-jai-testes-cette.jpg","keywords":["ann\u00e9e","appareils","cette","Jai","Mes","pr\u00e9f\u00e9r\u00e9s","Smart","Tech","test\u00e9s"],"articleSection":["Technologie"],"inLanguage":"fr-BE"},{"@type":"WebPage","@id":"https:\/\/vieassociative.be\/actualites\/mes-10-appareils-smart-tech-preferes-que-jai-testes-cette-annee\/","url":"https:\/\/vieassociative.be\/actualites\/mes-10-appareils-smart-tech-preferes-que-jai-testes-cette-annee\/","name":"Mes 10 appareils Smart Tech pr\u00e9f\u00e9r\u00e9s que j'ai test\u00e9s cette ann\u00e9e | Vie Associative","isPartOf":{"@id":"https:\/\/vieassociative.be\/actualites\/#website"},"primaryImageOfPage":{"@id":"https:\/\/vieassociative.be\/actualites\/mes-10-appareils-smart-tech-preferes-que-jai-testes-cette-annee\/#primaryimage"},"image":{"@id":"https:\/\/vieassociative.be\/actualites\/mes-10-appareils-smart-tech-preferes-que-jai-testes-cette-annee\/#primaryimage"},"thumbnailUrl":"https:\/\/vieassociative.be\/actualites\/wp-content\/uploads\/2024\/12\/1735323547_Mes-10-appareils-Smart-Tech-preferes-que-jai-testes-cette.jpg","datePublished":"2024-12-27T18:19:07+00:00","dateModified":"2024-12-27T18:19:07+00:00","breadcrumb":{"@id":"https:\/\/vieassociative.be\/actualites\/mes-10-appareils-smart-tech-preferes-que-jai-testes-cette-annee\/#breadcrumb"},"inLanguage":"fr-BE","potentialAction":[{"@type":"ReadAction","target":["https:\/\/vieassociative.be\/actualites\/mes-10-appareils-smart-tech-preferes-que-jai-testes-cette-annee\/"]}]},{"@type":"ImageObject","inLanguage":"fr-BE","@id":"https:\/\/vieassociative.be\/actualites\/mes-10-appareils-smart-tech-preferes-que-jai-testes-cette-annee\/#primaryimage","url":"https:\/\/vieassociative.be\/actualites\/wp-content\/uploads\/2024\/12\/1735323547_Mes-10-appareils-Smart-Tech-preferes-que-jai-testes-cette.jpg","contentUrl":"https:\/\/vieassociative.be\/actualites\/wp-content\/uploads\/2024\/12\/1735323547_Mes-10-appareils-Smart-Tech-preferes-que-jai-testes-cette.jpg","width":1200,"height":675,"caption":"Mes 10 appareils Smart Tech pr\u00e9f\u00e9r\u00e9s que j'ai test\u00e9s cette ann\u00e9e"},{"@type":"BreadcrumbList","@id":"https:\/\/vieassociative.be\/actualites\/mes-10-appareils-smart-tech-preferes-que-jai-testes-cette-annee\/#breadcrumb","itemListElement":[{"@type":"ListItem","position":1,"name":"Accueil","item":"https:\/\/vieassociative.be\/actualites\/"},{"@type":"ListItem","position":2,"name":"Mes 10 appareils Smart Tech pr\u00e9f\u00e9r\u00e9s que j&rsquo;ai test\u00e9s cette ann\u00e9e"}]},{"@type":"WebSite","@id":"https:\/\/vieassociative.be\/actualites\/#website","url":"https:\/\/vieassociative.be\/actualites\/","name":"Vie Associative","description":"","publisher":{"@id":"https:\/\/vieassociative.be\/actualites\/#organization"},"potentialAction":[{"@type":"SearchAction","target":{"@type":"EntryPoint","urlTemplate":"https:\/\/vieassociative.be\/actualites\/?s={search_term_string}"},"query-input":{"@type":"PropertyValueSpecification","valueRequired":true,"valueName":"search_term_string"}}],"inLanguage":"fr-BE"},{"@type":"Organization","@id":"https:\/\/vieassociative.be\/actualites\/#organization","name":"Vie Associative","url":"https:\/\/vieassociative.be\/actualites\/","logo":{"@type":"ImageObject","inLanguage":"fr-BE","@id":"https:\/\/vieassociative.be\/actualites\/#\/schema\/logo\/image\/","url":"https:\/\/vieassociative.be\/actualites\/wp-content\/uploads\/2024\/09\/cropped-vieassociative_favicon.ico.png","contentUrl":"https:\/\/vieassociative.be\/actualites\/wp-content\/uploads\/2024\/09\/cropped-vieassociative_favicon.ico.png","width":512,"height":512,"caption":"Vie Associative"},"image":{"@id":"https:\/\/vieassociative.be\/actualites\/#\/schema\/logo\/image\/"}},{"@type":"Person","@id":"https:\/\/vieassociative.be\/actualites\/#\/schema\/person\/b87ac4f82f9d4e7b7cec7395b679edc4","name":"Julien","image":{"@type":"ImageObject","inLanguage":"fr-BE","@id":"https:\/\/vieassociative.be\/actualites\/#\/schema\/person\/image\/","url":"https:\/\/vieassociative.be\/actualites\/wp-content\/uploads\/2024\/09\/vie-associative-1-150x150.jpg","contentUrl":"https:\/\/vieassociative.be\/actualites\/wp-content\/uploads\/2024\/09\/vie-associative-1-150x150.jpg","caption":"Julien"},"description":"Je suis Julien, r\u00e9dacteur pour Vie Associative. Passionn\u00e9 par le monde associatif depuis plus de 10 ans, j'ai \u00e0 c\u0153ur de partager des histoires inspirantes et de mettre en lumi\u00e8re les initiatives locales. Mon objectif est de sensibiliser et d'encourager l'engagement communautaire \u00e0 travers mes articles.","sameAs":["https:\/\/vieassociative.be\/"]}]}},"_links":{"self":[{"href":"https:\/\/vieassociative.be\/actualites\/wp-json\/wp\/v2\/posts\/3799"}],"collection":[{"href":"https:\/\/vieassociative.be\/actualites\/wp-json\/wp\/v2\/posts"}],"about":[{"href":"https:\/\/vieassociative.be\/actualites\/wp-json\/wp\/v2\/types\/post"}],"author":[{"embeddable":true,"href":"https:\/\/vieassociative.be\/actualites\/wp-json\/wp\/v2\/users\/1"}],"replies":[{"embeddable":true,"href":"https:\/\/vieassociative.be\/actualites\/wp-json\/wp\/v2\/comments?post=3799"}],"version-history":[{"count":0,"href":"https:\/\/vieassociative.be\/actualites\/wp-json\/wp\/v2\/posts\/3799\/revisions"}],"wp:featuredmedia":[{"embeddable":true,"href":"https:\/\/vieassociative.be\/actualites\/wp-json\/wp\/v2\/media\/3800"}],"wp:attachment":[{"href":"https:\/\/vieassociative.be\/actualites\/wp-json\/wp\/v2\/media?parent=3799"}],"wp:term":[{"taxonomy":"category","embeddable":true,"href":"https:\/\/vieassociative.be\/actualites\/wp-json\/wp\/v2\/categories?post=3799"},{"taxonomy":"post_tag","embeddable":true,"href":"https:\/\/vieassociative.be\/actualites\/wp-json\/wp\/v2\/tags?post=3799"}],"curies":[{"name":"wp","href":"https:\/\/api.w.org\/{rel}","templated":true}]}}