{"id":3797,"date":"2024-12-27T18:18:19","date_gmt":"2024-12-27T17:18:19","guid":{"rendered":"https:\/\/vieassociative.be\/actualites\/le-guide-de-la-culture-enfantine-pour-adultes-deconnectes-pourquoi-le-telephone-noir-est-il-si-populaire\/"},"modified":"2024-12-27T18:18:19","modified_gmt":"2024-12-27T17:18:19","slug":"le-guide-de-la-culture-enfantine-pour-adultes-deconnectes-pourquoi-le-telephone-noir-est-il-si-populaire","status":"publish","type":"post","link":"https:\/\/vieassociative.be\/actualites\/le-guide-de-la-culture-enfantine-pour-adultes-deconnectes-pourquoi-le-telephone-noir-est-il-si-populaire\/","title":{"rendered":"Le guide de la culture enfantine pour adultes d\u00e9connect\u00e9s\u00a0: pourquoi le \u00ab\u00a0t\u00e9l\u00e9phone noir\u00a0\u00bb est-il si populaire\u00a0?"},"content":{"rendered":"<div class=\"mt-4 leading-6 md:mb-8\">Tout le monde qui a peur transmet la bande-annonce de The Black Phone.<\/div>\n<p><\/p>\n<p>Cette semaine, les enfants et les adolescents regardent la bande-annonce du prochain film d&rsquo;horreur <em>Le t\u00e9l\u00e9phone noir<\/em>donnant son avis sur la tenue de Willy Wonka et signalant avec des drapeaux rouges. Qu&rsquo;est-ce que tout cela signifie ? Vous d\u00e9cidez.<\/p>\n<h2 id=\"viral-video-of-the-week-the-black-phone-trailer\">Vid\u00e9o virale de la semaine : bande-annonce de The Black Phone<\/h2>\n<p>Parfois, une bande-annonce de film est tout simplement diff\u00e9rente, comme celle-ci.<em> bande-annonce du prochain film d&rsquo;horreur The Black Phone<\/em>. Pr\u00e8s de deux millions de personnes ont regard\u00e9 la bande-annonce d\u00e8s son premier jour sur YouTube, m\u00eame s&rsquo;il ne s&rsquo;agit pas de la derni\u00e8re entr\u00e9e d&rsquo;une franchise populaire (comme le <em>Bande-annonce de cri<\/em>\u00e9galement sorti cette semaine) et sa plus grande star est Ethan Hawke. <\/p>\n<p>Alors, comment cette bande-annonce particuli\u00e8re a-t-elle r\u00e9ussi \u00e0 \u00e9liminer le fouillis et \u00e0 devenir virale\u00a0? (Cela a l&rsquo;air effrayant, bien s\u00fbr, mais les autres bandes-annonces d&rsquo;horreur aussi.) Celle-ci r\u00e9sonne avec une peur d&rsquo;enfance que nous martelons dans le cr\u00e2ne des enfants : si vous ne faites pas attention, un homme dans une camionnette vous emm\u00e8nera. Cela fonctionne parfaitement avec ses \u00e9toiles \u00e0 peine pub\u00e8res, assez jeunes pour \u00eatre impuissantes. De plus, le m\u00e9chant d&rsquo;Ethan Hawke, The Grabber, a l&rsquo;air tout \u00e0 fait sinistre, comme un m\u00e9lange tordu de Lon Chaney dans <em>Londres apr\u00e8s minuit<\/em>t et le vrai tueur en s\u00e9rie Richard Ramirez.<\/p>\n<h2 id=\"woman-discovers-another-body-buried-in-her-sisters-grave\">Une femme d\u00e9couvre un autre corps enterr\u00e9 dans la tombe de sa s\u0153ur<\/h2>\n<p>En parlant de choses effrayantes, la TikTokeuse Jessica Tawil (@jesstawil) a fait une horrible d\u00e9couverte cette saison d&rsquo;Halloween. Dans une vid\u00e9o, elle dit qu&rsquo;elle visitait la tombe de sa s\u0153ur et qu&rsquo;elle a trouv\u00e9 <em>un autre corps enterr\u00e9 dessus<\/em>. <\/p>\n<p>Dans une vid\u00e9o de suivi, un repr\u00e9sentant pr\u00e9sum\u00e9 du cimeti\u00e8re a d\u00e9clar\u00e9 sans explication que \u00ab chaque tombe est diff\u00e9rente \u00bb, tout en omettant apparemment de dire \u00e0 la famille qui a \u00e9t\u00e9 enterr\u00e9 au-dessus de leur proche et pourquoi. Dans une derni\u00e8re vid\u00e9o, le cimeti\u00e8re avait aplati la tombe et (peut-\u00eatre) enlev\u00e9 le cadavre du locataire errant. Comme on peut s&rsquo;y attendre, Tawil a d\u00e9clar\u00e9 que sa famille avait engag\u00e9 un avocat. Si tu as vu <em>Esprit frappeur<\/em>tu sais comment \u00e7a se termine.<\/p>\n<h2 id=\"all-the-videos-youre-not-seeing-on-tiktok\">Toutes les vid\u00e9os que vous ne voyez pas sur TikTok<\/h2>\n<p>Si vous \u00eates pr\u00e9occup\u00e9 par ce que fait TikTok pour assurer la s\u00e9curit\u00e9 du service pour les enfants, TikTok a publi\u00e9 cette semaine un rapport d\u00e9taillant le contenu qu&rsquo;ils ont supprim\u00e9 entre le 1er avril et le 30 juin 2021. Selon le rapport, un total de 81\u00a0518\u00a0334 vid\u00e9os ont \u00e9t\u00e9 arrach\u00e9es par leur syst\u00e8me de mod\u00e9ration automatique du contenu, soit environ 1 % du total des vid\u00e9os publi\u00e9es au cours de cette p\u00e9riode. Le syst\u00e8me de mod\u00e9ration de contenu est con\u00e7u pour supprimer les vid\u00e9os qui enfreignent les politiques de TikTok sur \u00ab la s\u00e9curit\u00e9 des mineurs, la nudit\u00e9 adulte et les activit\u00e9s sexuelles, le contenu violent et graphique et les activit\u00e9s ill\u00e9gales \u00bb. Lisez l\u2019int\u00e9gralit\u00e9 du rapport ici. <\/p>\n<h2 id=\"fan-reaction-to-first-wonka-photo-is-mixed\">La r\u00e9action des fans \u00e0 la premi\u00e8re photo de Wonka est mitig\u00e9e<\/h2>\n<p>Cette semaine, Internet a eu un premier aper\u00e7u de l&rsquo;acteur Timoth\u00e9e Chalamet dans le r\u00f4le de Willy Wonka pour le prochain prequel, <em>Wonka&#8230;<\/em>et ils ont des opinions. <\/p>\n<p>Le verdict est mitig\u00e9. Un grand nombre de fans en ligne estiment que le nouveau Wonka est \u00ab sexy \u00bb, tandis que d&rsquo;autres pensent qu&rsquo;il ressemble \u00e0 une marionnette. L&rsquo;id\u00e9e du costume semblait avoir \u00e9t\u00e9 de combiner des parties du look Willy Wonka de Gene Wilder avec des parties de la version du personnage de Johnny Depp, mais le r\u00e9sultat a fini par ressembler \u00e9trangement \u00e0 Gonzo dans <em><a rel=\"nofollow noopener\" href=\"https:\/\/twitter.com\/ktmob_\/status\/1447290603088367621?ref_src=twsrc%5Etfw%7Ctwcamp%5Etweetembed%7Ctwterm%5E1447290603088367621%7Ctwgr%5E%7Ctwcon%5Es1_&amp;ref_url=https:\/\/www.dailydot.com\/unclick\/timothee-chalamet-willy-wonka-first-photo-memes\/\" target=\"_blank\" title=\"open in a new window\">Le chant de No\u00ebl des Muppets<\/a>. <\/em><\/p>\n<h2 id=\"tiktoks-fake-lug-nut-challenge\">Le d\u00e9fi des faux \u00e9crous de roue de TikTok<\/h2>\n<p>Notre site s\u0153ur, Jalopnik, obs\u00e9d\u00e9 par les voitures, rapporte un nouveau d\u00e9fi dangereux sur TikTok\u00a0: le Lug Nut Challenge. Pour participer, les gens sont encourag\u00e9s \u00e0 desserrer les \u00e9crous de roue d&rsquo;une voiture et de voir ce qui se passe. (Spoiler\u00a0: cela fait beaucoup de bruit et finalement la roue tombe.) Mais comme le d\u00e9fi \u00ab Slap a Teacher \u00bb dont j&rsquo;ai d\u00e9j\u00e0 parl\u00e9, le Lug Nut Challenge ne semble pas exister r\u00e9ellement. <\/p>\n<p>Malgr\u00e9 les rapports de sources d&rsquo;information sur des \u00e9crous de roue desserr\u00e9s, l&rsquo;analyse approfondie de Jalopnik a pens\u00e9 que YouTube et TikTok avaient r\u00e9v\u00e9l\u00e9 des bupkis\u00a0: aucune vid\u00e9o de farceurs desserrant des \u00e9crous ni m\u00eame de vid\u00e9os encourageant d&rsquo;autres personnes \u00e0 le faire. <\/p>\n<p>Cette tendance a le potentiel de se propager largement. \u00c0 mesure que de plus en plus de gens en entendront parler, de plus en plus de gens v\u00e9rifieront leurs pneus, trouveront des \u00e9crous desserr\u00e9s et feront passer le message qu&rsquo;ils sont victimes de cette tendance, m\u00eame si les \u00e9crous de roue peuvent se desserrer d&rsquo;eux-m\u00eames.<\/p>\n<h2 id=\"whats-going-on-with-the-red-flag-meme\">Que se passe-t-il avec le m\u00e8me du drapeau rouge\u00a0?<\/h2>\n<p>Si vous avez vu beaucoup de signaux d&rsquo;alarme dans les sections de commentaires de Twitter, TikTok et Friendster, voici ce qui se passe\u00a0: Pour les enfants, l&#8217;emoji du drapeau rouge transmet un jugement selon lequel une d\u00e9claration indique que l&rsquo;orateur est un tas d&rsquo;ordures. . Il s\u2019agit g\u00e9n\u00e9ralement d\u2019une rencontre, du genre \u00ab si une date dit cela, c\u2019est un signal d\u2019alarme \u00bb.<\/p>\n<p>  Cela a commenc\u00e9 de mani\u00e8re relativement s\u00e9rieuse avec des exemples de signaux d\u2019alarme tels que \u00ab des trous perc\u00e9s dans le mur \u00bb. Mais c\u2019est rapidement devenu une sorte de plaisanterie o\u00f9 une personne pouvait publier quelque chose comme \u00ab Je d\u00e9teste Radiohead \u00bb suivi de quelques signaux d\u2019alarme.<\/p>\n<p><\/p>\n<p><script async src=\"https:\/\/platform.twitter.com\/widgets.js\" charset=\"utf-8\"><\/script><script async src=\"\/\/www.tiktok.com\/embed.js\"><\/script><\/p>\n","protected":false},"excerpt":{"rendered":"<p>Tout le monde qui a peur transmet la bande-annonce de The Black Phone. Cette semaine, les enfants et les adolescents regardent la bande-annonce du prochain<\/p>\n","protected":false},"author":1,"featured_media":3798,"comment_status":"","ping_status":"","sticky":false,"template":"","format":"standard","meta":{"footnotes":""},"categories":[37],"tags":[899,2805,2806,4196,586,461,103,4115,81,734,542],"class_list":["post-3797","post","type-post","status-publish","format-standard","has-post-thumbnail","hentry","category-famille","tag-adultes","tag-culture","tag-deconnectes","tag-enfantine","tag-estil","tag-guide","tag-noir","tag-populaire","tag-pour","tag-pourquoi","tag-telephone","generate-columns","tablet-grid-50","mobile-grid-100","grid-parent","grid-33"],"yoast_head":"<!-- This site is optimized with the Yoast SEO plugin v24.0 - https:\/\/yoast.com\/wordpress\/plugins\/seo\/ -->\n<title>Le guide de la culture enfantine pour adultes d\u00e9connect\u00e9s\u00a0: pourquoi le \u00ab\u00a0t\u00e9l\u00e9phone noir\u00a0\u00bb est-il si populaire\u00a0? | Vie Associative<\/title>\n<meta name=\"robots\" content=\"index, follow, max-snippet:-1, max-image-preview:large, max-video-preview:-1\" \/>\n<link rel=\"canonical\" href=\"https:\/\/vieassociative.be\/actualites\/le-guide-de-la-culture-enfantine-pour-adultes-deconnectes-pourquoi-le-telephone-noir-est-il-si-populaire\/\" \/>\n<meta property=\"og:locale\" content=\"fr_FR\" \/>\n<meta property=\"og:type\" content=\"article\" \/>\n<meta property=\"og:title\" content=\"Le guide de la culture enfantine pour adultes d\u00e9connect\u00e9s\u00a0: pourquoi le \u00ab\u00a0t\u00e9l\u00e9phone noir\u00a0\u00bb est-il si populaire\u00a0? | Vie Associative\" \/>\n<meta property=\"og:description\" content=\"Tout le monde qui a peur transmet la bande-annonce de The Black Phone. Cette semaine, les enfants et les adolescents regardent la bande-annonce du prochain\" \/>\n<meta property=\"og:url\" content=\"https:\/\/vieassociative.be\/actualites\/le-guide-de-la-culture-enfantine-pour-adultes-deconnectes-pourquoi-le-telephone-noir-est-il-si-populaire\/\" \/>\n<meta property=\"og:site_name\" content=\"Vie Associative\" \/>\n<meta property=\"article:published_time\" content=\"2024-12-27T17:18:19+00:00\" \/>\n<meta property=\"og:image\" content=\"https:\/\/vieassociative.be\/actualites\/wp-content\/uploads\/2024\/09\/header_backgroundk-01-e1726694325946.png\" \/>\n\t<meta property=\"og:image:width\" content=\"279\" \/>\n\t<meta property=\"og:image:height\" content=\"92\" \/>\n\t<meta property=\"og:image:type\" content=\"image\/png\" \/>\n<meta name=\"author\" content=\"Julien\" \/>\n<meta name=\"twitter:card\" content=\"summary_large_image\" \/>\n<meta name=\"twitter:label1\" content=\"\u00c9crit par\" \/>\n\t<meta name=\"twitter:data1\" content=\"Julien\" \/>\n\t<meta name=\"twitter:label2\" content=\"Dur\u00e9e de lecture est.\" \/>\n\t<meta name=\"twitter:data2\" content=\"5 minutes\" \/>\n<script type=\"application\/ld+json\" class=\"yoast-schema-graph\">{\"@context\":\"https:\/\/schema.org\",\"@graph\":[{\"@type\":\"Article\",\"@id\":\"https:\/\/vieassociative.be\/actualites\/le-guide-de-la-culture-enfantine-pour-adultes-deconnectes-pourquoi-le-telephone-noir-est-il-si-populaire\/#article\",\"isPartOf\":{\"@id\":\"https:\/\/vieassociative.be\/actualites\/le-guide-de-la-culture-enfantine-pour-adultes-deconnectes-pourquoi-le-telephone-noir-est-il-si-populaire\/\"},\"author\":{\"name\":\"Julien\",\"@id\":\"https:\/\/vieassociative.be\/actualites\/#\/schema\/person\/b87ac4f82f9d4e7b7cec7395b679edc4\"},\"headline\":\"Le guide de la culture enfantine pour adultes d\u00e9connect\u00e9s\u00a0: pourquoi le \u00ab\u00a0t\u00e9l\u00e9phone noir\u00a0\u00bb est-il si populaire\u00a0?\",\"datePublished\":\"2024-12-27T17:18:19+00:00\",\"dateModified\":\"2024-12-27T17:18:19+00:00\",\"mainEntityOfPage\":{\"@id\":\"https:\/\/vieassociative.be\/actualites\/le-guide-de-la-culture-enfantine-pour-adultes-deconnectes-pourquoi-le-telephone-noir-est-il-si-populaire\/\"},\"wordCount\":1026,\"publisher\":{\"@id\":\"https:\/\/vieassociative.be\/actualites\/#organization\"},\"image\":{\"@id\":\"https:\/\/vieassociative.be\/actualites\/le-guide-de-la-culture-enfantine-pour-adultes-deconnectes-pourquoi-le-telephone-noir-est-il-si-populaire\/#primaryimage\"},\"thumbnailUrl\":\"https:\/\/vieassociative.be\/actualites\/wp-content\/uploads\/2024\/12\/Le-guide-de-la-culture-enfantine-pour-adultes-deconnectes-pourquoi.png\",\"keywords\":[\"adultes\",\"culture\",\"d\u00e9connect\u00e9s\",\"enfantine\",\"estil\",\"Guide\",\"noir\",\"populaire\",\"pour\",\"Pourquoi\",\"t\u00e9l\u00e9phone\"],\"articleSection\":[\"Famille\"],\"inLanguage\":\"fr-BE\"},{\"@type\":\"WebPage\",\"@id\":\"https:\/\/vieassociative.be\/actualites\/le-guide-de-la-culture-enfantine-pour-adultes-deconnectes-pourquoi-le-telephone-noir-est-il-si-populaire\/\",\"url\":\"https:\/\/vieassociative.be\/actualites\/le-guide-de-la-culture-enfantine-pour-adultes-deconnectes-pourquoi-le-telephone-noir-est-il-si-populaire\/\",\"name\":\"Le guide de la culture enfantine pour adultes d\u00e9connect\u00e9s\u00a0: pourquoi le \u00ab\u00a0t\u00e9l\u00e9phone noir\u00a0\u00bb est-il si populaire\u00a0? | Vie Associative\",\"isPartOf\":{\"@id\":\"https:\/\/vieassociative.be\/actualites\/#website\"},\"primaryImageOfPage\":{\"@id\":\"https:\/\/vieassociative.be\/actualites\/le-guide-de-la-culture-enfantine-pour-adultes-deconnectes-pourquoi-le-telephone-noir-est-il-si-populaire\/#primaryimage\"},\"image\":{\"@id\":\"https:\/\/vieassociative.be\/actualites\/le-guide-de-la-culture-enfantine-pour-adultes-deconnectes-pourquoi-le-telephone-noir-est-il-si-populaire\/#primaryimage\"},\"thumbnailUrl\":\"https:\/\/vieassociative.be\/actualites\/wp-content\/uploads\/2024\/12\/Le-guide-de-la-culture-enfantine-pour-adultes-deconnectes-pourquoi.png\",\"datePublished\":\"2024-12-27T17:18:19+00:00\",\"dateModified\":\"2024-12-27T17:18:19+00:00\",\"breadcrumb\":{\"@id\":\"https:\/\/vieassociative.be\/actualites\/le-guide-de-la-culture-enfantine-pour-adultes-deconnectes-pourquoi-le-telephone-noir-est-il-si-populaire\/#breadcrumb\"},\"inLanguage\":\"fr-BE\",\"potentialAction\":[{\"@type\":\"ReadAction\",\"target\":[\"https:\/\/vieassociative.be\/actualites\/le-guide-de-la-culture-enfantine-pour-adultes-deconnectes-pourquoi-le-telephone-noir-est-il-si-populaire\/\"]}]},{\"@type\":\"ImageObject\",\"inLanguage\":\"fr-BE\",\"@id\":\"https:\/\/vieassociative.be\/actualites\/le-guide-de-la-culture-enfantine-pour-adultes-deconnectes-pourquoi-le-telephone-noir-est-il-si-populaire\/#primaryimage\",\"url\":\"https:\/\/vieassociative.be\/actualites\/wp-content\/uploads\/2024\/12\/Le-guide-de-la-culture-enfantine-pour-adultes-deconnectes-pourquoi.png\",\"contentUrl\":\"https:\/\/vieassociative.be\/actualites\/wp-content\/uploads\/2024\/12\/Le-guide-de-la-culture-enfantine-pour-adultes-deconnectes-pourquoi.png\",\"width\":1200,\"height\":674,\"caption\":\"Le guide de la culture enfantine pour adultes d\u00e9connect\u00e9s\u00a0: pourquoi le \u00ab\u00a0t\u00e9l\u00e9phone noir\u00a0\u00bb est-il si populaire\u00a0?\"},{\"@type\":\"BreadcrumbList\",\"@id\":\"https:\/\/vieassociative.be\/actualites\/le-guide-de-la-culture-enfantine-pour-adultes-deconnectes-pourquoi-le-telephone-noir-est-il-si-populaire\/#breadcrumb\",\"itemListElement\":[{\"@type\":\"ListItem\",\"position\":1,\"name\":\"Accueil\",\"item\":\"https:\/\/vieassociative.be\/actualites\/\"},{\"@type\":\"ListItem\",\"position\":2,\"name\":\"Le guide de la culture enfantine pour adultes d\u00e9connect\u00e9s\u00a0: pourquoi le \u00ab\u00a0t\u00e9l\u00e9phone noir\u00a0\u00bb est-il si populaire\u00a0?\"}]},{\"@type\":\"WebSite\",\"@id\":\"https:\/\/vieassociative.be\/actualites\/#website\",\"url\":\"https:\/\/vieassociative.be\/actualites\/\",\"name\":\"Vie Associative\",\"description\":\"\",\"publisher\":{\"@id\":\"https:\/\/vieassociative.be\/actualites\/#organization\"},\"potentialAction\":[{\"@type\":\"SearchAction\",\"target\":{\"@type\":\"EntryPoint\",\"urlTemplate\":\"https:\/\/vieassociative.be\/actualites\/?s={search_term_string}\"},\"query-input\":{\"@type\":\"PropertyValueSpecification\",\"valueRequired\":true,\"valueName\":\"search_term_string\"}}],\"inLanguage\":\"fr-BE\"},{\"@type\":\"Organization\",\"@id\":\"https:\/\/vieassociative.be\/actualites\/#organization\",\"name\":\"Vie Associative\",\"url\":\"https:\/\/vieassociative.be\/actualites\/\",\"logo\":{\"@type\":\"ImageObject\",\"inLanguage\":\"fr-BE\",\"@id\":\"https:\/\/vieassociative.be\/actualites\/#\/schema\/logo\/image\/\",\"url\":\"https:\/\/vieassociative.be\/actualites\/wp-content\/uploads\/2024\/09\/cropped-vieassociative_favicon.ico.png\",\"contentUrl\":\"https:\/\/vieassociative.be\/actualites\/wp-content\/uploads\/2024\/09\/cropped-vieassociative_favicon.ico.png\",\"width\":512,\"height\":512,\"caption\":\"Vie Associative\"},\"image\":{\"@id\":\"https:\/\/vieassociative.be\/actualites\/#\/schema\/logo\/image\/\"}},{\"@type\":\"Person\",\"@id\":\"https:\/\/vieassociative.be\/actualites\/#\/schema\/person\/b87ac4f82f9d4e7b7cec7395b679edc4\",\"name\":\"Julien\",\"image\":{\"@type\":\"ImageObject\",\"inLanguage\":\"fr-BE\",\"@id\":\"https:\/\/vieassociative.be\/actualites\/#\/schema\/person\/image\/\",\"url\":\"https:\/\/vieassociative.be\/actualites\/wp-content\/uploads\/2024\/09\/vie-associative-1-150x150.jpg\",\"contentUrl\":\"https:\/\/vieassociative.be\/actualites\/wp-content\/uploads\/2024\/09\/vie-associative-1-150x150.jpg\",\"caption\":\"Julien\"},\"description\":\"Je suis Julien, r\u00e9dacteur pour Vie Associative. Passionn\u00e9 par le monde associatif depuis plus de 10 ans, j'ai \u00e0 c\u0153ur de partager des histoires inspirantes et de mettre en lumi\u00e8re les initiatives locales. Mon objectif est de sensibiliser et d'encourager l'engagement communautaire \u00e0 travers mes articles.\",\"sameAs\":[\"https:\/\/vieassociative.be\/\"]}]}<\/script>\n<!-- \/ Yoast SEO plugin. -->","yoast_head_json":{"title":"Le guide de la culture enfantine pour adultes d\u00e9connect\u00e9s\u00a0: pourquoi le \u00ab\u00a0t\u00e9l\u00e9phone noir\u00a0\u00bb est-il si populaire\u00a0? | Vie Associative","robots":{"index":"index","follow":"follow","max-snippet":"max-snippet:-1","max-image-preview":"max-image-preview:large","max-video-preview":"max-video-preview:-1"},"canonical":"https:\/\/vieassociative.be\/actualites\/le-guide-de-la-culture-enfantine-pour-adultes-deconnectes-pourquoi-le-telephone-noir-est-il-si-populaire\/","og_locale":"fr_FR","og_type":"article","og_title":"Le guide de la culture enfantine pour adultes d\u00e9connect\u00e9s\u00a0: pourquoi le \u00ab\u00a0t\u00e9l\u00e9phone noir\u00a0\u00bb est-il si populaire\u00a0? | Vie Associative","og_description":"Tout le monde qui a peur transmet la bande-annonce de The Black Phone. Cette semaine, les enfants et les adolescents regardent la bande-annonce du prochain","og_url":"https:\/\/vieassociative.be\/actualites\/le-guide-de-la-culture-enfantine-pour-adultes-deconnectes-pourquoi-le-telephone-noir-est-il-si-populaire\/","og_site_name":"Vie Associative","article_published_time":"2024-12-27T17:18:19+00:00","og_image":[{"width":279,"height":92,"url":"https:\/\/vieassociative.be\/actualites\/wp-content\/uploads\/2024\/09\/header_backgroundk-01-e1726694325946.png","type":"image\/png"}],"author":"Julien","twitter_card":"summary_large_image","twitter_misc":{"\u00c9crit par":"Julien","Dur\u00e9e de lecture est.":"5 minutes"},"schema":{"@context":"https:\/\/schema.org","@graph":[{"@type":"Article","@id":"https:\/\/vieassociative.be\/actualites\/le-guide-de-la-culture-enfantine-pour-adultes-deconnectes-pourquoi-le-telephone-noir-est-il-si-populaire\/#article","isPartOf":{"@id":"https:\/\/vieassociative.be\/actualites\/le-guide-de-la-culture-enfantine-pour-adultes-deconnectes-pourquoi-le-telephone-noir-est-il-si-populaire\/"},"author":{"name":"Julien","@id":"https:\/\/vieassociative.be\/actualites\/#\/schema\/person\/b87ac4f82f9d4e7b7cec7395b679edc4"},"headline":"Le guide de la culture enfantine pour adultes d\u00e9connect\u00e9s\u00a0: pourquoi le \u00ab\u00a0t\u00e9l\u00e9phone noir\u00a0\u00bb est-il si populaire\u00a0?","datePublished":"2024-12-27T17:18:19+00:00","dateModified":"2024-12-27T17:18:19+00:00","mainEntityOfPage":{"@id":"https:\/\/vieassociative.be\/actualites\/le-guide-de-la-culture-enfantine-pour-adultes-deconnectes-pourquoi-le-telephone-noir-est-il-si-populaire\/"},"wordCount":1026,"publisher":{"@id":"https:\/\/vieassociative.be\/actualites\/#organization"},"image":{"@id":"https:\/\/vieassociative.be\/actualites\/le-guide-de-la-culture-enfantine-pour-adultes-deconnectes-pourquoi-le-telephone-noir-est-il-si-populaire\/#primaryimage"},"thumbnailUrl":"https:\/\/vieassociative.be\/actualites\/wp-content\/uploads\/2024\/12\/Le-guide-de-la-culture-enfantine-pour-adultes-deconnectes-pourquoi.png","keywords":["adultes","culture","d\u00e9connect\u00e9s","enfantine","estil","Guide","noir","populaire","pour","Pourquoi","t\u00e9l\u00e9phone"],"articleSection":["Famille"],"inLanguage":"fr-BE"},{"@type":"WebPage","@id":"https:\/\/vieassociative.be\/actualites\/le-guide-de-la-culture-enfantine-pour-adultes-deconnectes-pourquoi-le-telephone-noir-est-il-si-populaire\/","url":"https:\/\/vieassociative.be\/actualites\/le-guide-de-la-culture-enfantine-pour-adultes-deconnectes-pourquoi-le-telephone-noir-est-il-si-populaire\/","name":"Le guide de la culture enfantine pour adultes d\u00e9connect\u00e9s\u00a0: pourquoi le \u00ab\u00a0t\u00e9l\u00e9phone noir\u00a0\u00bb est-il si populaire\u00a0? | Vie Associative","isPartOf":{"@id":"https:\/\/vieassociative.be\/actualites\/#website"},"primaryImageOfPage":{"@id":"https:\/\/vieassociative.be\/actualites\/le-guide-de-la-culture-enfantine-pour-adultes-deconnectes-pourquoi-le-telephone-noir-est-il-si-populaire\/#primaryimage"},"image":{"@id":"https:\/\/vieassociative.be\/actualites\/le-guide-de-la-culture-enfantine-pour-adultes-deconnectes-pourquoi-le-telephone-noir-est-il-si-populaire\/#primaryimage"},"thumbnailUrl":"https:\/\/vieassociative.be\/actualites\/wp-content\/uploads\/2024\/12\/Le-guide-de-la-culture-enfantine-pour-adultes-deconnectes-pourquoi.png","datePublished":"2024-12-27T17:18:19+00:00","dateModified":"2024-12-27T17:18:19+00:00","breadcrumb":{"@id":"https:\/\/vieassociative.be\/actualites\/le-guide-de-la-culture-enfantine-pour-adultes-deconnectes-pourquoi-le-telephone-noir-est-il-si-populaire\/#breadcrumb"},"inLanguage":"fr-BE","potentialAction":[{"@type":"ReadAction","target":["https:\/\/vieassociative.be\/actualites\/le-guide-de-la-culture-enfantine-pour-adultes-deconnectes-pourquoi-le-telephone-noir-est-il-si-populaire\/"]}]},{"@type":"ImageObject","inLanguage":"fr-BE","@id":"https:\/\/vieassociative.be\/actualites\/le-guide-de-la-culture-enfantine-pour-adultes-deconnectes-pourquoi-le-telephone-noir-est-il-si-populaire\/#primaryimage","url":"https:\/\/vieassociative.be\/actualites\/wp-content\/uploads\/2024\/12\/Le-guide-de-la-culture-enfantine-pour-adultes-deconnectes-pourquoi.png","contentUrl":"https:\/\/vieassociative.be\/actualites\/wp-content\/uploads\/2024\/12\/Le-guide-de-la-culture-enfantine-pour-adultes-deconnectes-pourquoi.png","width":1200,"height":674,"caption":"Le guide de la culture enfantine pour adultes d\u00e9connect\u00e9s\u00a0: pourquoi le \u00ab\u00a0t\u00e9l\u00e9phone noir\u00a0\u00bb est-il si populaire\u00a0?"},{"@type":"BreadcrumbList","@id":"https:\/\/vieassociative.be\/actualites\/le-guide-de-la-culture-enfantine-pour-adultes-deconnectes-pourquoi-le-telephone-noir-est-il-si-populaire\/#breadcrumb","itemListElement":[{"@type":"ListItem","position":1,"name":"Accueil","item":"https:\/\/vieassociative.be\/actualites\/"},{"@type":"ListItem","position":2,"name":"Le guide de la culture enfantine pour adultes d\u00e9connect\u00e9s\u00a0: pourquoi le \u00ab\u00a0t\u00e9l\u00e9phone noir\u00a0\u00bb est-il si populaire\u00a0?"}]},{"@type":"WebSite","@id":"https:\/\/vieassociative.be\/actualites\/#website","url":"https:\/\/vieassociative.be\/actualites\/","name":"Vie Associative","description":"","publisher":{"@id":"https:\/\/vieassociative.be\/actualites\/#organization"},"potentialAction":[{"@type":"SearchAction","target":{"@type":"EntryPoint","urlTemplate":"https:\/\/vieassociative.be\/actualites\/?s={search_term_string}"},"query-input":{"@type":"PropertyValueSpecification","valueRequired":true,"valueName":"search_term_string"}}],"inLanguage":"fr-BE"},{"@type":"Organization","@id":"https:\/\/vieassociative.be\/actualites\/#organization","name":"Vie Associative","url":"https:\/\/vieassociative.be\/actualites\/","logo":{"@type":"ImageObject","inLanguage":"fr-BE","@id":"https:\/\/vieassociative.be\/actualites\/#\/schema\/logo\/image\/","url":"https:\/\/vieassociative.be\/actualites\/wp-content\/uploads\/2024\/09\/cropped-vieassociative_favicon.ico.png","contentUrl":"https:\/\/vieassociative.be\/actualites\/wp-content\/uploads\/2024\/09\/cropped-vieassociative_favicon.ico.png","width":512,"height":512,"caption":"Vie Associative"},"image":{"@id":"https:\/\/vieassociative.be\/actualites\/#\/schema\/logo\/image\/"}},{"@type":"Person","@id":"https:\/\/vieassociative.be\/actualites\/#\/schema\/person\/b87ac4f82f9d4e7b7cec7395b679edc4","name":"Julien","image":{"@type":"ImageObject","inLanguage":"fr-BE","@id":"https:\/\/vieassociative.be\/actualites\/#\/schema\/person\/image\/","url":"https:\/\/vieassociative.be\/actualites\/wp-content\/uploads\/2024\/09\/vie-associative-1-150x150.jpg","contentUrl":"https:\/\/vieassociative.be\/actualites\/wp-content\/uploads\/2024\/09\/vie-associative-1-150x150.jpg","caption":"Julien"},"description":"Je suis Julien, r\u00e9dacteur pour Vie Associative. Passionn\u00e9 par le monde associatif depuis plus de 10 ans, j'ai \u00e0 c\u0153ur de partager des histoires inspirantes et de mettre en lumi\u00e8re les initiatives locales. Mon objectif est de sensibiliser et d'encourager l'engagement communautaire \u00e0 travers mes articles.","sameAs":["https:\/\/vieassociative.be\/"]}]}},"_links":{"self":[{"href":"https:\/\/vieassociative.be\/actualites\/wp-json\/wp\/v2\/posts\/3797"}],"collection":[{"href":"https:\/\/vieassociative.be\/actualites\/wp-json\/wp\/v2\/posts"}],"about":[{"href":"https:\/\/vieassociative.be\/actualites\/wp-json\/wp\/v2\/types\/post"}],"author":[{"embeddable":true,"href":"https:\/\/vieassociative.be\/actualites\/wp-json\/wp\/v2\/users\/1"}],"replies":[{"embeddable":true,"href":"https:\/\/vieassociative.be\/actualites\/wp-json\/wp\/v2\/comments?post=3797"}],"version-history":[{"count":0,"href":"https:\/\/vieassociative.be\/actualites\/wp-json\/wp\/v2\/posts\/3797\/revisions"}],"wp:featuredmedia":[{"embeddable":true,"href":"https:\/\/vieassociative.be\/actualites\/wp-json\/wp\/v2\/media\/3798"}],"wp:attachment":[{"href":"https:\/\/vieassociative.be\/actualites\/wp-json\/wp\/v2\/media?parent=3797"}],"wp:term":[{"taxonomy":"category","embeddable":true,"href":"https:\/\/vieassociative.be\/actualites\/wp-json\/wp\/v2\/categories?post=3797"},{"taxonomy":"post_tag","embeddable":true,"href":"https:\/\/vieassociative.be\/actualites\/wp-json\/wp\/v2\/tags?post=3797"}],"curies":[{"name":"wp","href":"https:\/\/api.w.org\/{rel}","templated":true}]}}