{"id":3793,"date":"2024-12-27T15:18:05","date_gmt":"2024-12-27T14:18:05","guid":{"rendered":"https:\/\/vieassociative.be\/actualites\/adieu-a-bella-block-hannelore-hoger\/"},"modified":"2024-12-27T15:18:05","modified_gmt":"2024-12-27T14:18:05","slug":"adieu-a-bella-block-hannelore-hoger","status":"publish","type":"post","link":"https:\/\/vieassociative.be\/actualites\/adieu-a-bella-block-hannelore-hoger\/","title":{"rendered":"Adieu \u00e0 \u00ab Bella Block \u00bb (Hannelore Hoger)"},"content":{"rendered":"<p><strong>La star du cin\u00e9ma \u00e9tait particuli\u00e8rement appr\u00e9ci\u00e9e des t\u00e9l\u00e9spectateurs en tant qu&rsquo;enqu\u00eateuse de la ZDF, Bella Block. Mais Hannelore Hoger a \u00e9galement fait sensation sur sc\u00e8ne et au cin\u00e9ma.<\/strong><\/p>\n<p><span id=\"more-404950\"><\/span>Elle \u00e9tait une star du th\u00e9\u00e2tre et a brill\u00e9 dans le film \u00e0 succ\u00e8s \u00ab Rossini \u00bb de Helmut Dietl. Mais elle \u00e9tait avant tout \u00ab Bella Block \u00bb : dans le r\u00f4le de l\u2019enqu\u00eateuse au c\u0153ur dur de ZDF, Hannelore Hoger \u00e9tait aim\u00e9e par des millions de personnes. Aujourd&rsquo;hui, l&rsquo;actrice est d\u00e9c\u00e9d\u00e9e, comme l&rsquo;a annonc\u00e9 ZDF \u00e0 la demande de l&rsquo;agence de presse allemande. Selon un communiqu\u00e9 de la direction, la star de la t\u00e9l\u00e9vision, du cin\u00e9ma et de la sc\u00e8ne est d\u00e9c\u00e9d\u00e9e le 21 d\u00e9cembre \u00e0 Hambourg.<\/p>\n<div id=\"attachment_404957\" class=\"wp-caption alignleft\" style=\"max-width: 212px\"><img fetchpriority=\"high\" decoding=\"async\" class=\"wp-image-404957 size-medium\" src=\"https:\/\/vieassociative.be\/actualites\/wp-content\/uploads\/2024\/12\/Adieu-a-Bella-Block-Hannelore-Hoger.jpg\" alt=\"\" width=\"212\" height=\"300\"><\/p>\n<p class=\"wp-caption-text\">8 mai 1998, Basse-Saxe, Neu Wulmstorf : l&rsquo;inspecteur Bella Block (Hannelore Hoger), son coll\u00e8gue l&rsquo;inspecteur Schulte (Bernd Grawert, M) et le garde forestier Reinhardt (Bernd Stegemann, l) filment un \u00e9pisode de la s\u00e9rie polici\u00e8re ZDF \u00ab Bella Block \u00a0\u00bb For\u00eat de Daerstorfer. Photo : Wolfgang Langenstrassen\/dpa<\/p>\n<\/div>\n<p>L\u2019\u00e2ge de Hoger reste incertain, car la double laur\u00e9ate du prix Grimme a trouv\u00e9 la question de son \u00e2ge \u00ab peu charmante \u00bb tout au long de sa vie. Les informations sur son ann\u00e9e de naissance varient entre 1940 et 1943. Hoger est probablement n\u00e9e le 20 ao\u00fbt 1941.<\/p>\n<p>Du point de vue de nombreux fans, le r\u00f4le non conventionnel de l&rsquo;inspecteur Block, que Hoger a incarn\u00e9 \u00e0 l&rsquo;\u00e9cran entre 1994 et 2017, semblait \u00eatre fait sur mesure pour elle. Avec son attitude plut\u00f4t directe, elle \u00e9tait parfois consid\u00e9r\u00e9e comme \u00ab difficile \u00bb dans l\u2019industrie.<\/p>\n<p>Elle a \u00e9t\u00e9 qualifi\u00e9e de \u00ab rigidement s\u00fbre d\u2019elle \u00bb par le magazine \u00ab Theatre Today \u00bb, qui l\u2019a nomm\u00e9e \u00ab Actrice de l\u2019ann\u00e9e \u00bb en 1975. Hoger s&rsquo;est d\u00e9crit dans des interviews avec les mots \u00ab pas d&rsquo;airs de diva, pas de comportement de prima donna, pas vaniteux et en fait assez paresseux \u00bb.<\/p>\n<p><strong>\u2013 Hoger s\u2019est immerg\u00e9 tr\u00e8s t\u00f4t dans le monde du th\u00e9\u00e2tre :<\/strong> Hoger a connu tr\u00e8s t\u00f4t le monde du th\u00e9\u00e2tre parce que son p\u00e8re travaillait comme r\u00e9gisseur au Th\u00e9\u00e2tre Ohnsorg de Hambourg. D\u00e8s 1958, elle commen\u00e7a sa formation dans ce qui est aujourd\u2019hui l\u2019Universit\u00e9 de Musique et de Th\u00e9\u00e2tre. Elle trouve son premier engagement en 1961 au Th\u00e9\u00e2tre d&rsquo;Ulm avec le metteur en sc\u00e8ne novateur et stylistique Kurt H\u00fcbner (1916-2007).<\/p>\n<p>Et avec des escales \u00e0 Br\u00eame, Stuttgart, Cologne, Berlin, Bochum et Hambourg, une carri\u00e8re s&rsquo;est d\u00e9velopp\u00e9e au cours de laquelle le jeune Mimin est devenu l&rsquo;un des artistes de sc\u00e8ne les plus importants des ann\u00e9es 1970 et 1980. Sa collaboration avec les audacieux directeurs du jeu Zadek (\u00ab The Hostage \u00bb) et Fernandes a \u00e9t\u00e9 particuli\u00e8rement remarquable.<\/p>\n<p>Pour perfectionner davantage ses talents d&rsquo;actrice, Hoger a m\u00eame suivi des cours aupr\u00e8s du l\u00e9gendaire Lee Strasberg \u00e0 New York. Elle a occup\u00e9 des engagements permanents au th\u00e9\u00e2tre pendant 25 ans au total. Elle a \u00e9galement mis en sc\u00e8ne la trag\u00e9die civile de Hebbel \u00ab Maria Magdalena \u00bb \u00e0 Darmstadt vers 1986.<\/p>\n<p>Hoger est apparu pour la premi\u00e8re fois au cin\u00e9ma en 1968. Elle participe souvent aux \u0153uvres d&rsquo;Alexander Kluge, un important repr\u00e9sentant du nouveau cin\u00e9ma allemand (\u00ab L&rsquo;Allemagne en automne \u00bb, 1978), qui fut son partenaire pendant plusieurs ann\u00e9es.<\/p>\n<p><strong>\u2013 Journaliste de potins dans Chickeria gloss \u00ab Rossini \u00bb :<\/strong> L&rsquo;amante de Sylt a d\u00e9montr\u00e9 son talent comique dans le gloss chic \u00ab\u00a0Rossini\u00a0\u00bb (1997) d&rsquo;Helmut Dietl, o\u00f9 elle a brill\u00e9 en tant que journaliste \u00e0 potins aux c\u00f4t\u00e9s de coll\u00e8gues tels que G\u00f6tz George et Mario Adorf. Elle est \u00e0 la t\u00e9l\u00e9vision depuis 1965. En 1988, Hoger a \u00e9t\u00e9 vue aux c\u00f4t\u00e9s de sa fille et coll\u00e8gue Nina Hoger (n\u00e9e en 1961) dans la s\u00e9rie en plusieurs parties de Ralph Giordano \u00ab Les Bertinis \u00bb.<\/p>\n<div id=\"attachment_404958\" class=\"wp-caption alignleft\" style=\"max-width: 300px\"><img decoding=\"async\" class=\"wp-image-404958 size-medium\" src=\"https:\/\/vieassociative.be\/actualites\/wp-content\/uploads\/2024\/12\/1735309085_373_Adieu-a-Bella-Block-Hannelore-Hoger.jpg\" alt=\"\" width=\"300\" height=\"223\"><\/p>\n<p class=\"wp-caption-text\">21 f\u00e9vrier 1969, Bade-Wurtemberg, Stuttgart : Hannelore Hoger (M) dans le r\u00f4le de Friedrich II \u00e0 c\u00f4t\u00e9 de Traugott Buhre (l) dans le r\u00f4le de Voltaire et Elisabeth Schwarz dans le r\u00f4le de Keith lors de la premi\u00e8re de la com\u00e9die est-allemande \u00ab Voleur et roi \u00bb de Rolf Schneider la Petite Maison du Th\u00e9\u00e2tre National du Wurtemberg. Photo : Fritz Fischer\/dpa<\/p>\n<\/div>\n<p>Elle a finalement abandonn\u00e9 le r\u00f4le auquel elle doit sa plus grande popularit\u00e9 \u2013 celui de Bella Block \u2013 \u00e0 sa propre demande. \u00ab\u00a0Je suis actrice et j&rsquo;ai vingt ans de plus\u00a0\u00bb, expliquait fin 2014 l&rsquo;artiste engag\u00e9e, qui ne s&rsquo;est jamais mari\u00e9e. \u00ab\u00a0Tant que je le peux, j&rsquo;aimerais poursuivre d&rsquo;autres r\u00f4les et d&rsquo;autres sujets.\u00a0\u00bb<\/p>\n<p>Entre 2016 et 2018, elle est apparue dans un nouveau r\u00f4le populaire \u00e0 la t\u00e9l\u00e9vision : en tant que patriarche d&rsquo;entreprise aux c\u00f4t\u00e9s d&rsquo;Ulrike Tscharre et Christoph Maria Herbst dans les films d&rsquo;ARD Degeto sur \u00ab l&rsquo;H\u00f4tel Heidelberg \u00bb. Et l&rsquo;apparition de Hoger dans le film ARD \u00ab\u00a0Long Live the Queen\u00a0\u00bb (2020) \u00e9tait un hommage \u00e0 sa coll\u00e8gue vedette Hannelore Elsner (1942-2019), d\u00e9c\u00e9d\u00e9e pendant le tournage : elle a jou\u00e9 avec Gisela Schneeberger, Judy Winter, Iris Berben et Eva Mattes Elle termine le r\u00f4le titre d&rsquo;Elsner.<\/p>\n<p><strong>\u2013 Elle voulait que la mort vienne rapidement et sans maladie :<\/strong> L&rsquo;actrice a lu un certain nombre de livres audio et aimait faire des tourn\u00e9es de lecture. Dans sa biographie de 2017 \u00ab Sans amour, les \u00e9toiles pleurent \u00bb (Rowohlt), Hoger a \u00e9galement formul\u00e9 ses r\u00e9flexions sur la mort : \u00ab L&rsquo;\u00e9p\u00e9e de Damocl\u00e8s plane sur nous. Plus la vie avance, plus elle devient \u00e9troite. Mais nous savons que nous ne pouvons pas y \u00e9chapper, m\u00eame si nous le souhaitons. Je veux que cela se fasse rapidement et que les gens puissent passer de l\u2019autre c\u00f4t\u00e9 sans souffrir de maladie.\u00bb<\/p>\n<p><em><strong>Sur le sujet, voir aussi l&rsquo;article suivant sur l&rsquo;OD :<\/strong><\/em><\/p>\n<div class=\"responsive-embed widescreen\">\n<blockquote class=\"wp-embedded-content\" data-secret=\"t94bPP8dwZ\">\n<p>Les morts de 2024 : De Beckenbauer \u00e0 Navalny, Wepper, Delon et Daum \u00e0 Van Looy<\/p>\n<\/blockquote>\n<p><iframe loading=\"lazy\" class=\"wp-embedded-content\" sandbox=\"allow-scripts\" security=\"restricted\" style=\"position: absolute; visibility: hidden;\" title=\"\u201eDie Toten des Jahres 2024: Von Beckenbauer \u00fcber Nawalny, Wepper, Delon und Daum bis Van Looy\u201c \u2014 Ostbelgien Direkt\" src=\"https:\/\/ostbelgiendirekt.be\/about:blank\" data-secret=\"t94bPP8dwZ\" width=\"500\" height=\"282\" frameborder=\"0\" marginwidth=\"0\" marginheight=\"0\" scrolling=\"no\" data-rocket-lazyload=\"fitvidscompatible\" data-lazy-src=\"https:\/\/ostbelgiendirekt.be\/die-toten-des-jahres-2024-404726\/embed#?secret=mK1uKcYGTY#?secret=t94bPP8dwZ\"><\/iframe><noscript><iframe class=\"wp-embedded-content\" sandbox=\"allow-scripts\" security=\"restricted\" style=\"position: absolute; visibility: hidden;\" title=\"\u201eDie Toten des Jahres 2024: Von Beckenbauer \u00fcber Nawalny, Wepper, Delon und Daum bis Van Looy\u201c \u2014 Ostbelgien Direkt\" src=\"https:\/\/ostbelgiendirekt.be\/die-toten-des-jahres-2024-404726\/embed#?secret=mK1uKcYGTY#?secret=t94bPP8dwZ\" data-secret=\"t94bPP8dwZ\" width=\"500\" height=\"282\" frameborder=\"0\" marginwidth=\"0\" marginheight=\"0\" scrolling=\"no\"><\/iframe><\/noscript><\/p>\n<\/div>\n","protected":false},"excerpt":{"rendered":"<p>La star du cin\u00e9ma \u00e9tait particuli\u00e8rement appr\u00e9ci\u00e9e des t\u00e9l\u00e9spectateurs en tant qu&rsquo;enqu\u00eateuse de la ZDF, Bella Block. Mais Hannelore Hoger a \u00e9galement fait sensation sur<\/p>\n","protected":false},"author":1,"featured_media":3794,"comment_status":"","ping_status":"","sticky":false,"template":"","format":"standard","meta":{"footnotes":""},"categories":[298],"tags":[2571,4309,4310,4311,4312],"class_list":["post-3793","post","type-post","status-publish","format-standard","has-post-thumbnail","hentry","category-belgique","tag-adieu","tag-bella","tag-block","tag-hannelore","tag-hoger","generate-columns","tablet-grid-50","mobile-grid-100","grid-parent","grid-33"],"yoast_head":"<!-- This site is optimized with the Yoast SEO plugin v24.0 - https:\/\/yoast.com\/wordpress\/plugins\/seo\/ -->\n<title>Adieu \u00e0 \u00ab Bella Block \u00bb (Hannelore Hoger) | Vie Associative<\/title>\n<meta name=\"robots\" content=\"index, follow, max-snippet:-1, max-image-preview:large, max-video-preview:-1\" \/>\n<link rel=\"canonical\" href=\"https:\/\/vieassociative.be\/actualites\/adieu-a-bella-block-hannelore-hoger\/\" \/>\n<meta property=\"og:locale\" content=\"fr_FR\" \/>\n<meta property=\"og:type\" content=\"article\" \/>\n<meta property=\"og:title\" content=\"Adieu \u00e0 \u00ab Bella Block \u00bb (Hannelore Hoger) | Vie Associative\" \/>\n<meta property=\"og:description\" content=\"La star du cin\u00e9ma \u00e9tait particuli\u00e8rement appr\u00e9ci\u00e9e des t\u00e9l\u00e9spectateurs en tant qu&rsquo;enqu\u00eateuse de la ZDF, Bella Block. Mais Hannelore Hoger a \u00e9galement fait sensation sur\" \/>\n<meta property=\"og:url\" content=\"https:\/\/vieassociative.be\/actualites\/adieu-a-bella-block-hannelore-hoger\/\" \/>\n<meta property=\"og:site_name\" content=\"Vie Associative\" \/>\n<meta property=\"article:published_time\" content=\"2024-12-27T14:18:05+00:00\" \/>\n<meta property=\"og:image\" content=\"https:\/\/vieassociative.be\/actualites\/wp-content\/uploads\/2024\/09\/header_backgroundk-01-e1726694325946.png\" \/>\n\t<meta property=\"og:image:width\" content=\"279\" \/>\n\t<meta property=\"og:image:height\" content=\"92\" \/>\n\t<meta property=\"og:image:type\" content=\"image\/png\" \/>\n<meta name=\"author\" content=\"Julien\" \/>\n<meta name=\"twitter:card\" content=\"summary_large_image\" \/>\n<meta name=\"twitter:label1\" content=\"\u00c9crit par\" \/>\n\t<meta name=\"twitter:data1\" content=\"Julien\" \/>\n\t<meta name=\"twitter:label2\" content=\"Dur\u00e9e de lecture est.\" \/>\n\t<meta name=\"twitter:data2\" content=\"5 minutes\" \/>\n<script type=\"application\/ld+json\" class=\"yoast-schema-graph\">{\"@context\":\"https:\/\/schema.org\",\"@graph\":[{\"@type\":\"Article\",\"@id\":\"https:\/\/vieassociative.be\/actualites\/adieu-a-bella-block-hannelore-hoger\/#article\",\"isPartOf\":{\"@id\":\"https:\/\/vieassociative.be\/actualites\/adieu-a-bella-block-hannelore-hoger\/\"},\"author\":{\"name\":\"Julien\",\"@id\":\"https:\/\/vieassociative.be\/actualites\/#\/schema\/person\/b87ac4f82f9d4e7b7cec7395b679edc4\"},\"headline\":\"Adieu \u00e0 \u00ab Bella Block \u00bb (Hannelore Hoger)\",\"datePublished\":\"2024-12-27T14:18:05+00:00\",\"dateModified\":\"2024-12-27T14:18:05+00:00\",\"mainEntityOfPage\":{\"@id\":\"https:\/\/vieassociative.be\/actualites\/adieu-a-bella-block-hannelore-hoger\/\"},\"wordCount\":1018,\"publisher\":{\"@id\":\"https:\/\/vieassociative.be\/actualites\/#organization\"},\"image\":{\"@id\":\"https:\/\/vieassociative.be\/actualites\/adieu-a-bella-block-hannelore-hoger\/#primaryimage\"},\"thumbnailUrl\":\"https:\/\/vieassociative.be\/actualites\/wp-content\/uploads\/2024\/12\/1735309085_Adieu-a-Bella-Block-Hannelore-Hoger.jpg\",\"keywords\":[\"ADIEU\",\"Bella\",\"Block\",\"Hannelore\",\"Hoger\"],\"articleSection\":[\"Belgique\"],\"inLanguage\":\"fr-BE\"},{\"@type\":\"WebPage\",\"@id\":\"https:\/\/vieassociative.be\/actualites\/adieu-a-bella-block-hannelore-hoger\/\",\"url\":\"https:\/\/vieassociative.be\/actualites\/adieu-a-bella-block-hannelore-hoger\/\",\"name\":\"Adieu \u00e0 \u00ab Bella Block \u00bb (Hannelore Hoger) | Vie Associative\",\"isPartOf\":{\"@id\":\"https:\/\/vieassociative.be\/actualites\/#website\"},\"primaryImageOfPage\":{\"@id\":\"https:\/\/vieassociative.be\/actualites\/adieu-a-bella-block-hannelore-hoger\/#primaryimage\"},\"image\":{\"@id\":\"https:\/\/vieassociative.be\/actualites\/adieu-a-bella-block-hannelore-hoger\/#primaryimage\"},\"thumbnailUrl\":\"https:\/\/vieassociative.be\/actualites\/wp-content\/uploads\/2024\/12\/1735309085_Adieu-a-Bella-Block-Hannelore-Hoger.jpg\",\"datePublished\":\"2024-12-27T14:18:05+00:00\",\"dateModified\":\"2024-12-27T14:18:05+00:00\",\"breadcrumb\":{\"@id\":\"https:\/\/vieassociative.be\/actualites\/adieu-a-bella-block-hannelore-hoger\/#breadcrumb\"},\"inLanguage\":\"fr-BE\",\"potentialAction\":[{\"@type\":\"ReadAction\",\"target\":[\"https:\/\/vieassociative.be\/actualites\/adieu-a-bella-block-hannelore-hoger\/\"]}]},{\"@type\":\"ImageObject\",\"inLanguage\":\"fr-BE\",\"@id\":\"https:\/\/vieassociative.be\/actualites\/adieu-a-bella-block-hannelore-hoger\/#primaryimage\",\"url\":\"https:\/\/vieassociative.be\/actualites\/wp-content\/uploads\/2024\/12\/1735309085_Adieu-a-Bella-Block-Hannelore-Hoger.jpg\",\"contentUrl\":\"https:\/\/vieassociative.be\/actualites\/wp-content\/uploads\/2024\/12\/1735309085_Adieu-a-Bella-Block-Hannelore-Hoger.jpg\",\"width\":2560,\"height\":1934,\"caption\":\"Adieu \u00e0 \u00ab Bella Block \u00bb (Hannelore Hoger)\"},{\"@type\":\"BreadcrumbList\",\"@id\":\"https:\/\/vieassociative.be\/actualites\/adieu-a-bella-block-hannelore-hoger\/#breadcrumb\",\"itemListElement\":[{\"@type\":\"ListItem\",\"position\":1,\"name\":\"Accueil\",\"item\":\"https:\/\/vieassociative.be\/actualites\/\"},{\"@type\":\"ListItem\",\"position\":2,\"name\":\"Adieu \u00e0 \u00ab Bella Block \u00bb (Hannelore Hoger)\"}]},{\"@type\":\"WebSite\",\"@id\":\"https:\/\/vieassociative.be\/actualites\/#website\",\"url\":\"https:\/\/vieassociative.be\/actualites\/\",\"name\":\"Vie Associative\",\"description\":\"\",\"publisher\":{\"@id\":\"https:\/\/vieassociative.be\/actualites\/#organization\"},\"potentialAction\":[{\"@type\":\"SearchAction\",\"target\":{\"@type\":\"EntryPoint\",\"urlTemplate\":\"https:\/\/vieassociative.be\/actualites\/?s={search_term_string}\"},\"query-input\":{\"@type\":\"PropertyValueSpecification\",\"valueRequired\":true,\"valueName\":\"search_term_string\"}}],\"inLanguage\":\"fr-BE\"},{\"@type\":\"Organization\",\"@id\":\"https:\/\/vieassociative.be\/actualites\/#organization\",\"name\":\"Vie Associative\",\"url\":\"https:\/\/vieassociative.be\/actualites\/\",\"logo\":{\"@type\":\"ImageObject\",\"inLanguage\":\"fr-BE\",\"@id\":\"https:\/\/vieassociative.be\/actualites\/#\/schema\/logo\/image\/\",\"url\":\"https:\/\/vieassociative.be\/actualites\/wp-content\/uploads\/2024\/09\/cropped-vieassociative_favicon.ico.png\",\"contentUrl\":\"https:\/\/vieassociative.be\/actualites\/wp-content\/uploads\/2024\/09\/cropped-vieassociative_favicon.ico.png\",\"width\":512,\"height\":512,\"caption\":\"Vie Associative\"},\"image\":{\"@id\":\"https:\/\/vieassociative.be\/actualites\/#\/schema\/logo\/image\/\"}},{\"@type\":\"Person\",\"@id\":\"https:\/\/vieassociative.be\/actualites\/#\/schema\/person\/b87ac4f82f9d4e7b7cec7395b679edc4\",\"name\":\"Julien\",\"image\":{\"@type\":\"ImageObject\",\"inLanguage\":\"fr-BE\",\"@id\":\"https:\/\/vieassociative.be\/actualites\/#\/schema\/person\/image\/\",\"url\":\"https:\/\/vieassociative.be\/actualites\/wp-content\/uploads\/2024\/09\/vie-associative-1-150x150.jpg\",\"contentUrl\":\"https:\/\/vieassociative.be\/actualites\/wp-content\/uploads\/2024\/09\/vie-associative-1-150x150.jpg\",\"caption\":\"Julien\"},\"description\":\"Je suis Julien, r\u00e9dacteur pour Vie Associative. Passionn\u00e9 par le monde associatif depuis plus de 10 ans, j'ai \u00e0 c\u0153ur de partager des histoires inspirantes et de mettre en lumi\u00e8re les initiatives locales. Mon objectif est de sensibiliser et d'encourager l'engagement communautaire \u00e0 travers mes articles.\",\"sameAs\":[\"https:\/\/vieassociative.be\/\"]}]}<\/script>\n<!-- \/ Yoast SEO plugin. -->","yoast_head_json":{"title":"Adieu \u00e0 \u00ab Bella Block \u00bb (Hannelore Hoger) | Vie Associative","robots":{"index":"index","follow":"follow","max-snippet":"max-snippet:-1","max-image-preview":"max-image-preview:large","max-video-preview":"max-video-preview:-1"},"canonical":"https:\/\/vieassociative.be\/actualites\/adieu-a-bella-block-hannelore-hoger\/","og_locale":"fr_FR","og_type":"article","og_title":"Adieu \u00e0 \u00ab Bella Block \u00bb (Hannelore Hoger) | Vie Associative","og_description":"La star du cin\u00e9ma \u00e9tait particuli\u00e8rement appr\u00e9ci\u00e9e des t\u00e9l\u00e9spectateurs en tant qu&rsquo;enqu\u00eateuse de la ZDF, Bella Block. Mais Hannelore Hoger a \u00e9galement fait sensation sur","og_url":"https:\/\/vieassociative.be\/actualites\/adieu-a-bella-block-hannelore-hoger\/","og_site_name":"Vie Associative","article_published_time":"2024-12-27T14:18:05+00:00","og_image":[{"width":279,"height":92,"url":"https:\/\/vieassociative.be\/actualites\/wp-content\/uploads\/2024\/09\/header_backgroundk-01-e1726694325946.png","type":"image\/png"}],"author":"Julien","twitter_card":"summary_large_image","twitter_misc":{"\u00c9crit par":"Julien","Dur\u00e9e de lecture est.":"5 minutes"},"schema":{"@context":"https:\/\/schema.org","@graph":[{"@type":"Article","@id":"https:\/\/vieassociative.be\/actualites\/adieu-a-bella-block-hannelore-hoger\/#article","isPartOf":{"@id":"https:\/\/vieassociative.be\/actualites\/adieu-a-bella-block-hannelore-hoger\/"},"author":{"name":"Julien","@id":"https:\/\/vieassociative.be\/actualites\/#\/schema\/person\/b87ac4f82f9d4e7b7cec7395b679edc4"},"headline":"Adieu \u00e0 \u00ab Bella Block \u00bb (Hannelore Hoger)","datePublished":"2024-12-27T14:18:05+00:00","dateModified":"2024-12-27T14:18:05+00:00","mainEntityOfPage":{"@id":"https:\/\/vieassociative.be\/actualites\/adieu-a-bella-block-hannelore-hoger\/"},"wordCount":1018,"publisher":{"@id":"https:\/\/vieassociative.be\/actualites\/#organization"},"image":{"@id":"https:\/\/vieassociative.be\/actualites\/adieu-a-bella-block-hannelore-hoger\/#primaryimage"},"thumbnailUrl":"https:\/\/vieassociative.be\/actualites\/wp-content\/uploads\/2024\/12\/1735309085_Adieu-a-Bella-Block-Hannelore-Hoger.jpg","keywords":["ADIEU","Bella","Block","Hannelore","Hoger"],"articleSection":["Belgique"],"inLanguage":"fr-BE"},{"@type":"WebPage","@id":"https:\/\/vieassociative.be\/actualites\/adieu-a-bella-block-hannelore-hoger\/","url":"https:\/\/vieassociative.be\/actualites\/adieu-a-bella-block-hannelore-hoger\/","name":"Adieu \u00e0 \u00ab Bella Block \u00bb (Hannelore Hoger) | Vie Associative","isPartOf":{"@id":"https:\/\/vieassociative.be\/actualites\/#website"},"primaryImageOfPage":{"@id":"https:\/\/vieassociative.be\/actualites\/adieu-a-bella-block-hannelore-hoger\/#primaryimage"},"image":{"@id":"https:\/\/vieassociative.be\/actualites\/adieu-a-bella-block-hannelore-hoger\/#primaryimage"},"thumbnailUrl":"https:\/\/vieassociative.be\/actualites\/wp-content\/uploads\/2024\/12\/1735309085_Adieu-a-Bella-Block-Hannelore-Hoger.jpg","datePublished":"2024-12-27T14:18:05+00:00","dateModified":"2024-12-27T14:18:05+00:00","breadcrumb":{"@id":"https:\/\/vieassociative.be\/actualites\/adieu-a-bella-block-hannelore-hoger\/#breadcrumb"},"inLanguage":"fr-BE","potentialAction":[{"@type":"ReadAction","target":["https:\/\/vieassociative.be\/actualites\/adieu-a-bella-block-hannelore-hoger\/"]}]},{"@type":"ImageObject","inLanguage":"fr-BE","@id":"https:\/\/vieassociative.be\/actualites\/adieu-a-bella-block-hannelore-hoger\/#primaryimage","url":"https:\/\/vieassociative.be\/actualites\/wp-content\/uploads\/2024\/12\/1735309085_Adieu-a-Bella-Block-Hannelore-Hoger.jpg","contentUrl":"https:\/\/vieassociative.be\/actualites\/wp-content\/uploads\/2024\/12\/1735309085_Adieu-a-Bella-Block-Hannelore-Hoger.jpg","width":2560,"height":1934,"caption":"Adieu \u00e0 \u00ab Bella Block \u00bb (Hannelore Hoger)"},{"@type":"BreadcrumbList","@id":"https:\/\/vieassociative.be\/actualites\/adieu-a-bella-block-hannelore-hoger\/#breadcrumb","itemListElement":[{"@type":"ListItem","position":1,"name":"Accueil","item":"https:\/\/vieassociative.be\/actualites\/"},{"@type":"ListItem","position":2,"name":"Adieu \u00e0 \u00ab Bella Block \u00bb (Hannelore Hoger)"}]},{"@type":"WebSite","@id":"https:\/\/vieassociative.be\/actualites\/#website","url":"https:\/\/vieassociative.be\/actualites\/","name":"Vie Associative","description":"","publisher":{"@id":"https:\/\/vieassociative.be\/actualites\/#organization"},"potentialAction":[{"@type":"SearchAction","target":{"@type":"EntryPoint","urlTemplate":"https:\/\/vieassociative.be\/actualites\/?s={search_term_string}"},"query-input":{"@type":"PropertyValueSpecification","valueRequired":true,"valueName":"search_term_string"}}],"inLanguage":"fr-BE"},{"@type":"Organization","@id":"https:\/\/vieassociative.be\/actualites\/#organization","name":"Vie Associative","url":"https:\/\/vieassociative.be\/actualites\/","logo":{"@type":"ImageObject","inLanguage":"fr-BE","@id":"https:\/\/vieassociative.be\/actualites\/#\/schema\/logo\/image\/","url":"https:\/\/vieassociative.be\/actualites\/wp-content\/uploads\/2024\/09\/cropped-vieassociative_favicon.ico.png","contentUrl":"https:\/\/vieassociative.be\/actualites\/wp-content\/uploads\/2024\/09\/cropped-vieassociative_favicon.ico.png","width":512,"height":512,"caption":"Vie Associative"},"image":{"@id":"https:\/\/vieassociative.be\/actualites\/#\/schema\/logo\/image\/"}},{"@type":"Person","@id":"https:\/\/vieassociative.be\/actualites\/#\/schema\/person\/b87ac4f82f9d4e7b7cec7395b679edc4","name":"Julien","image":{"@type":"ImageObject","inLanguage":"fr-BE","@id":"https:\/\/vieassociative.be\/actualites\/#\/schema\/person\/image\/","url":"https:\/\/vieassociative.be\/actualites\/wp-content\/uploads\/2024\/09\/vie-associative-1-150x150.jpg","contentUrl":"https:\/\/vieassociative.be\/actualites\/wp-content\/uploads\/2024\/09\/vie-associative-1-150x150.jpg","caption":"Julien"},"description":"Je suis Julien, r\u00e9dacteur pour Vie Associative. Passionn\u00e9 par le monde associatif depuis plus de 10 ans, j'ai \u00e0 c\u0153ur de partager des histoires inspirantes et de mettre en lumi\u00e8re les initiatives locales. Mon objectif est de sensibiliser et d'encourager l'engagement communautaire \u00e0 travers mes articles.","sameAs":["https:\/\/vieassociative.be\/"]}]}},"_links":{"self":[{"href":"https:\/\/vieassociative.be\/actualites\/wp-json\/wp\/v2\/posts\/3793"}],"collection":[{"href":"https:\/\/vieassociative.be\/actualites\/wp-json\/wp\/v2\/posts"}],"about":[{"href":"https:\/\/vieassociative.be\/actualites\/wp-json\/wp\/v2\/types\/post"}],"author":[{"embeddable":true,"href":"https:\/\/vieassociative.be\/actualites\/wp-json\/wp\/v2\/users\/1"}],"replies":[{"embeddable":true,"href":"https:\/\/vieassociative.be\/actualites\/wp-json\/wp\/v2\/comments?post=3793"}],"version-history":[{"count":0,"href":"https:\/\/vieassociative.be\/actualites\/wp-json\/wp\/v2\/posts\/3793\/revisions"}],"wp:featuredmedia":[{"embeddable":true,"href":"https:\/\/vieassociative.be\/actualites\/wp-json\/wp\/v2\/media\/3794"}],"wp:attachment":[{"href":"https:\/\/vieassociative.be\/actualites\/wp-json\/wp\/v2\/media?parent=3793"}],"wp:term":[{"taxonomy":"category","embeddable":true,"href":"https:\/\/vieassociative.be\/actualites\/wp-json\/wp\/v2\/categories?post=3793"},{"taxonomy":"post_tag","embeddable":true,"href":"https:\/\/vieassociative.be\/actualites\/wp-json\/wp\/v2\/tags?post=3793"}],"curies":[{"name":"wp","href":"https:\/\/api.w.org\/{rel}","templated":true}]}}