{"id":3777,"date":"2024-12-27T03:18:56","date_gmt":"2024-12-27T02:18:56","guid":{"rendered":"https:\/\/vieassociative.be\/actualites\/le-fc-bruges-et-lunion-saint-gilloise-sont-les-grands-gagnants-du-boxing-day-de-la-jupiler-pro-league\/"},"modified":"2024-12-27T03:18:56","modified_gmt":"2024-12-27T02:18:56","slug":"le-fc-bruges-et-lunion-saint-gilloise-sont-les-grands-gagnants-du-boxing-day-de-la-jupiler-pro-league","status":"publish","type":"post","link":"https:\/\/vieassociative.be\/actualites\/le-fc-bruges-et-lunion-saint-gilloise-sont-les-grands-gagnants-du-boxing-day-de-la-jupiler-pro-league\/","title":{"rendered":"Le FC Bruges et l\u2019Union Saint-Gilloise sont les grands gagnants du \u00ab Boxing Day \u00bb de la Jupiler Pro League"},"content":{"rendered":"<p><strong>Il n\u2019y a pas de jours de No\u00ebl contemplatifs pour les professionnels du football en Angleterre et en Belgique. Alors que les professionnels de la Bundesliga peuvent faire une tr\u00eave hivernale, le ballon continuera de rouler en Premier League et en Jupiler Pro League le 26 d\u00e9cembre.<\/strong><\/p>\n<p><span id=\"more-404931\"><\/span>En pr\u00e9vision du match de No\u00ebl entre le RSC Anderlecht, qui accueillera vendredi le nouveau promu Dender EH, des matchs passionnants ont eu lieu dans le championnat belge le 26 d\u00e9cembre. <\/p>\n<p>Cela a commenc\u00e9 avec le match entre le Royal Antwerp FC et le leader du KRC Genk, qui s&rsquo;est termin\u00e9 2-2. Kerk (9e, 32e) et Arokodare (12e, 51e) ont inscrit deux buts chacun pour Anvers et Genk.<\/p>\n<p>Peu de temps apr\u00e8s, le FC Bruges a profit\u00e9 du match nul de l&rsquo;\u00e9quipe du Limbourg dirig\u00e9e par Thorsten Fink en battant l&rsquo;\u00e9quipe du KVC Westerlo 4-3 dans un autre match de haut niveau. <\/p>\n<p>Les champions en titre menaient d\u00e9j\u00e0 2-0 apr\u00e8s un peu plus d&rsquo;un quart d&rsquo;heure gr\u00e2ce aux buts de Skov Olsen (5&prime;) et Tzolis (16&prime;), mais Westerlo a retrouv\u00e9 le chemin du retour gr\u00e2ce \u00e0 des buts de Yow (45&prime;). ) et Vuskovic (56e).<\/p>\n<p>Puis vint l&rsquo;heure d&rsquo;Hugo Siquet. L&rsquo;ancien joueur du Standard de Li\u00e8ge, de Fribourg et du Cercle Bruges n&rsquo;est plus pris en compte depuis peu par l&rsquo;entra\u00eeneur Nicky Hayen. Il est entr\u00e9 en jeu contre Westerlo \u00e0 la 62e minute. Deux minutes plus tard, il redonnait l&rsquo;avantage \u00e0 Bruges gr\u00e2ce \u00e0 un but fantastique.<\/p>\n<div id=\"attachment_117644\" class=\"wp-caption alignleft\" style=\"max-width: 300px\"><img fetchpriority=\"high\" decoding=\"async\" class=\"wp-image-117644 size-medium\" src=\"https:\/\/vieassociative.be\/actualites\/wp-content\/uploads\/2024\/12\/Le-FC-Bruges-et-lUnion-Saint-Gilloise-sont-les-grands-gagnants.jpeg\" alt=\"\" width=\"300\" height=\"200\"  ><\/p>\n<p class=\"wp-caption-text\">Le football de No\u00ebl existe en premi\u00e8re division belge depuis la saison 2009\/2010. Photo : Shutterstock<\/p>\n<\/div>\n<p>Apr\u00e8s que Westerlo ait de nouveau \u00e9galis\u00e9 gr\u00e2ce \u00e0 Devine \u00e0 la 71e minute, les h\u00f4tes ont obtenu un penalty. Siquet est intervenu, le gardien de Westerlo Van Langendonck a par\u00e9, mais n&rsquo;a pas pu retenir le ballon et Siquet a marqu\u00e9 dans la foul\u00e9e pour porter le score final \u00e0 4-3.<\/p>\n<p>Le match entre le KV Courtrai et le Sporting Charleroi s&rsquo;est termin\u00e9 sur un score de 0-1 et celui entre le KV Mechelen et le Standard de Li\u00e8ge 0-0, avant qu&rsquo;un autre match spectaculaire n&rsquo;ait lieu dans la soir\u00e9e \u00e0 la Ghelamco Arena de Gand entre les h\u00f4tes de l&rsquo;AA Gent et l&rsquo;Union Saint-Gilloise. <\/p>\n<p>Les invit\u00e9s bruxellois ont gagn\u00e9 3-1 et sont, avec le FC Bruges, qui n&rsquo;est plus qu&rsquo;\u00e0 un point du leader du KRC Genk gr\u00e2ce \u00e0 sa victoire contre Westerlo, les grands gagnants du \u00ab Boxing Day \u00bb en Belgique.<\/p>\n<p>Apr\u00e8s que l&rsquo;arbitre Laforge ait refus\u00e9 un but gantois en raison d&rsquo;un pr\u00e9tendu handball, Promise (30e) a donn\u00e9 l&rsquo;avantage \u00e0 l&rsquo;Union 0-1. Apr\u00e8s la pause, les Unionistes ont vraiment fait monter la pression, m\u00eame si leur meilleur joueur jusqu&rsquo;\u00e0 la mi-temps, Boufal, \u00e9tait bless\u00e9. Aux 52\u00e8me et 54\u00e8me minutes, Sykes et Ait El Hadj ont port\u00e9 l&rsquo;avance des visiteurs \u00e0 0:3. Bien que Gudjohnsen ait marqu\u00e9 pour La Gantoise \u00e0 la 61e minute, la premi\u00e8re victoire \u00e0 l&rsquo;ext\u00e9rieur de la Saint-Gilloise n&rsquo;\u00e9tait plus en danger. Il aurait pu \u00eatre encore plus \u00e9lev\u00e9 si Castro-Montes n&rsquo;avait pas touch\u00e9 le poteau.<\/p>\n<p>En Belgique, le football se joue le lendemain de No\u00ebl depuis qu&rsquo;il y a des s\u00e9ries \u00e9liminatoires dans la premi\u00e8re ligue de football, c&rsquo;est-\u00e0-dire depuis la saison 2009\/2010. \u00ab Kerstvoetbal \u00bb est ce que les Flamands appellent ce qu&rsquo;est le \u00ab Boxing Day \u00bb en Angleterre. Le fait que le football professionnel se d\u00e9roule \u00e9galement en Belgique le lendemain de No\u00ebl est \u00e9videmment une question d&rsquo;argent : il s&rsquo;agit d&rsquo;une concession aux soci\u00e9t\u00e9s de t\u00e9l\u00e9vision qui tentent d&rsquo;obtenir les droits de diffusion.<\/p>\n<p>La plupart des gens sont chez eux le 26 d\u00e9cembre et apr\u00e8s toutes les f\u00eates de famille, ils ne savent plus quoi faire de leur temps libre. Le football est un changement bienvenu. Cela apporte \u00e0 son tour de bonnes audiences aux cha\u00eenes de t\u00e9l\u00e9vision. (cr\u00e9er)<\/p>\n<h3>R\u00e9sultats 20\u00e8me journ\u00e9e de Jupiler Pro League<\/h3>\n<ul>\n<li>Anvers \u2013 KRC Genk 2:2<\/li>\n<li>FC Bruges \u2013 Westerlo 4:3<\/li>\n<li>KV Courtrai \u2013 SC Charleroi 0:1<\/li>\n<li>KV Malines \u2013 Standard de Li\u00e8ge 0-0<\/li>\n<li>AA Gent \u2013 \u200b\u200b\u200b\u200bUnion Saint-Gilloise 1:3<\/li>\n<li>OH Louvain \u2013 Beerschot vendredi 18h30<\/li>\n<li>RSC Anderlecht \u2013 FCV Dender EH vendredi 20h45<\/li>\n<li>Sint-Truiden VV \u2013 Cercle Bruges vendredi 20h45<\/li>\n<\/ul>\n","protected":false},"excerpt":{"rendered":"<p>Il n\u2019y a pas de jours de No\u00ebl contemplatifs pour les professionnels du football en Angleterre et en Belgique. Alors que les professionnels de la<\/p>\n","protected":false},"author":1,"featured_media":3778,"comment_status":"","ping_status":"","sticky":false,"template":"","format":"standard","meta":{"footnotes":""},"categories":[298],"tags":[4295,2851,347,4294,1098,4296,3950,14,1143,630,2502,18],"class_list":["post-3777","post","type-post","status-publish","format-standard","has-post-thumbnail","hentry","category-belgique","tag-boxing","tag-bruges","tag-day","tag-gagnants","tag-grands","tag-jupiler","tag-league","tag-les","tag-lunion","tag-pro","tag-saintgilloise","tag-sont","generate-columns","tablet-grid-50","mobile-grid-100","grid-parent","grid-33"],"yoast_head":"<!-- This site is optimized with the Yoast SEO plugin v24.0 - https:\/\/yoast.com\/wordpress\/plugins\/seo\/ -->\n<title>Le FC Bruges et l\u2019Union Saint-Gilloise sont les grands gagnants du \u00ab Boxing Day \u00bb de la Jupiler Pro League | Vie Associative<\/title>\n<meta name=\"robots\" content=\"index, follow, max-snippet:-1, max-image-preview:large, max-video-preview:-1\" \/>\n<link rel=\"canonical\" href=\"https:\/\/vieassociative.be\/actualites\/le-fc-bruges-et-lunion-saint-gilloise-sont-les-grands-gagnants-du-boxing-day-de-la-jupiler-pro-league\/\" \/>\n<meta property=\"og:locale\" content=\"fr_FR\" \/>\n<meta property=\"og:type\" content=\"article\" \/>\n<meta property=\"og:title\" content=\"Le FC Bruges et l\u2019Union Saint-Gilloise sont les grands gagnants du \u00ab Boxing Day \u00bb de la Jupiler Pro League | Vie Associative\" \/>\n<meta property=\"og:description\" content=\"Il n\u2019y a pas de jours de No\u00ebl contemplatifs pour les professionnels du football en Angleterre et en Belgique. Alors que les professionnels de la\" \/>\n<meta property=\"og:url\" content=\"https:\/\/vieassociative.be\/actualites\/le-fc-bruges-et-lunion-saint-gilloise-sont-les-grands-gagnants-du-boxing-day-de-la-jupiler-pro-league\/\" \/>\n<meta property=\"og:site_name\" content=\"Vie Associative\" \/>\n<meta property=\"article:published_time\" content=\"2024-12-27T02:18:56+00:00\" \/>\n<meta property=\"og:image\" content=\"https:\/\/vieassociative.be\/actualites\/wp-content\/uploads\/2024\/09\/header_backgroundk-01-e1726694325946.png\" \/>\n\t<meta property=\"og:image:width\" content=\"279\" \/>\n\t<meta property=\"og:image:height\" content=\"92\" \/>\n\t<meta property=\"og:image:type\" content=\"image\/png\" \/>\n<meta name=\"author\" content=\"Julien\" \/>\n<meta name=\"twitter:card\" content=\"summary_large_image\" \/>\n<meta name=\"twitter:label1\" content=\"\u00c9crit par\" \/>\n\t<meta name=\"twitter:data1\" content=\"Julien\" \/>\n\t<meta name=\"twitter:label2\" content=\"Dur\u00e9e de lecture est.\" \/>\n\t<meta name=\"twitter:data2\" content=\"4 minutes\" \/>\n<script type=\"application\/ld+json\" class=\"yoast-schema-graph\">{\"@context\":\"https:\/\/schema.org\",\"@graph\":[{\"@type\":\"Article\",\"@id\":\"https:\/\/vieassociative.be\/actualites\/le-fc-bruges-et-lunion-saint-gilloise-sont-les-grands-gagnants-du-boxing-day-de-la-jupiler-pro-league\/#article\",\"isPartOf\":{\"@id\":\"https:\/\/vieassociative.be\/actualites\/le-fc-bruges-et-lunion-saint-gilloise-sont-les-grands-gagnants-du-boxing-day-de-la-jupiler-pro-league\/\"},\"author\":{\"name\":\"Julien\",\"@id\":\"https:\/\/vieassociative.be\/actualites\/#\/schema\/person\/b87ac4f82f9d4e7b7cec7395b679edc4\"},\"headline\":\"Le FC Bruges et l\u2019Union Saint-Gilloise sont les grands gagnants du \u00ab Boxing Day \u00bb de la Jupiler Pro League\",\"datePublished\":\"2024-12-27T02:18:56+00:00\",\"dateModified\":\"2024-12-27T02:18:56+00:00\",\"mainEntityOfPage\":{\"@id\":\"https:\/\/vieassociative.be\/actualites\/le-fc-bruges-et-lunion-saint-gilloise-sont-les-grands-gagnants-du-boxing-day-de-la-jupiler-pro-league\/\"},\"wordCount\":751,\"publisher\":{\"@id\":\"https:\/\/vieassociative.be\/actualites\/#organization\"},\"image\":{\"@id\":\"https:\/\/vieassociative.be\/actualites\/le-fc-bruges-et-lunion-saint-gilloise-sont-les-grands-gagnants-du-boxing-day-de-la-jupiler-pro-league\/#primaryimage\"},\"thumbnailUrl\":\"https:\/\/vieassociative.be\/actualites\/wp-content\/uploads\/2024\/12\/Le-FC-Bruges-et-lUnion-Saint-Gilloise-sont-les-grands-gagnants.jpg\",\"keywords\":[\"Boxing\",\"Bruges\",\"Day\",\"gagnants\",\"grands\",\"Jupiler\",\"League\",\"Les\",\"lUnion\",\"Pro\",\"SaintGilloise\",\"sont\"],\"articleSection\":[\"Belgique\"],\"inLanguage\":\"fr-BE\"},{\"@type\":\"WebPage\",\"@id\":\"https:\/\/vieassociative.be\/actualites\/le-fc-bruges-et-lunion-saint-gilloise-sont-les-grands-gagnants-du-boxing-day-de-la-jupiler-pro-league\/\",\"url\":\"https:\/\/vieassociative.be\/actualites\/le-fc-bruges-et-lunion-saint-gilloise-sont-les-grands-gagnants-du-boxing-day-de-la-jupiler-pro-league\/\",\"name\":\"Le FC Bruges et l\u2019Union Saint-Gilloise sont les grands gagnants du \u00ab Boxing Day \u00bb de la Jupiler Pro League | Vie Associative\",\"isPartOf\":{\"@id\":\"https:\/\/vieassociative.be\/actualites\/#website\"},\"primaryImageOfPage\":{\"@id\":\"https:\/\/vieassociative.be\/actualites\/le-fc-bruges-et-lunion-saint-gilloise-sont-les-grands-gagnants-du-boxing-day-de-la-jupiler-pro-league\/#primaryimage\"},\"image\":{\"@id\":\"https:\/\/vieassociative.be\/actualites\/le-fc-bruges-et-lunion-saint-gilloise-sont-les-grands-gagnants-du-boxing-day-de-la-jupiler-pro-league\/#primaryimage\"},\"thumbnailUrl\":\"https:\/\/vieassociative.be\/actualites\/wp-content\/uploads\/2024\/12\/Le-FC-Bruges-et-lUnion-Saint-Gilloise-sont-les-grands-gagnants.jpg\",\"datePublished\":\"2024-12-27T02:18:56+00:00\",\"dateModified\":\"2024-12-27T02:18:56+00:00\",\"breadcrumb\":{\"@id\":\"https:\/\/vieassociative.be\/actualites\/le-fc-bruges-et-lunion-saint-gilloise-sont-les-grands-gagnants-du-boxing-day-de-la-jupiler-pro-league\/#breadcrumb\"},\"inLanguage\":\"fr-BE\",\"potentialAction\":[{\"@type\":\"ReadAction\",\"target\":[\"https:\/\/vieassociative.be\/actualites\/le-fc-bruges-et-lunion-saint-gilloise-sont-les-grands-gagnants-du-boxing-day-de-la-jupiler-pro-league\/\"]}]},{\"@type\":\"ImageObject\",\"inLanguage\":\"fr-BE\",\"@id\":\"https:\/\/vieassociative.be\/actualites\/le-fc-bruges-et-lunion-saint-gilloise-sont-les-grands-gagnants-du-boxing-day-de-la-jupiler-pro-league\/#primaryimage\",\"url\":\"https:\/\/vieassociative.be\/actualites\/wp-content\/uploads\/2024\/12\/Le-FC-Bruges-et-lUnion-Saint-Gilloise-sont-les-grands-gagnants.jpg\",\"contentUrl\":\"https:\/\/vieassociative.be\/actualites\/wp-content\/uploads\/2024\/12\/Le-FC-Bruges-et-lUnion-Saint-Gilloise-sont-les-grands-gagnants.jpg\",\"width\":1200,\"height\":823,\"caption\":\"Le FC Bruges et l\u2019Union Saint-Gilloise sont les grands gagnants du \u00ab Boxing Day \u00bb de la Jupiler Pro League\"},{\"@type\":\"BreadcrumbList\",\"@id\":\"https:\/\/vieassociative.be\/actualites\/le-fc-bruges-et-lunion-saint-gilloise-sont-les-grands-gagnants-du-boxing-day-de-la-jupiler-pro-league\/#breadcrumb\",\"itemListElement\":[{\"@type\":\"ListItem\",\"position\":1,\"name\":\"Accueil\",\"item\":\"https:\/\/vieassociative.be\/actualites\/\"},{\"@type\":\"ListItem\",\"position\":2,\"name\":\"Le FC Bruges et l\u2019Union Saint-Gilloise sont les grands gagnants du \u00ab Boxing Day \u00bb de la Jupiler Pro League\"}]},{\"@type\":\"WebSite\",\"@id\":\"https:\/\/vieassociative.be\/actualites\/#website\",\"url\":\"https:\/\/vieassociative.be\/actualites\/\",\"name\":\"Vie Associative\",\"description\":\"\",\"publisher\":{\"@id\":\"https:\/\/vieassociative.be\/actualites\/#organization\"},\"potentialAction\":[{\"@type\":\"SearchAction\",\"target\":{\"@type\":\"EntryPoint\",\"urlTemplate\":\"https:\/\/vieassociative.be\/actualites\/?s={search_term_string}\"},\"query-input\":{\"@type\":\"PropertyValueSpecification\",\"valueRequired\":true,\"valueName\":\"search_term_string\"}}],\"inLanguage\":\"fr-BE\"},{\"@type\":\"Organization\",\"@id\":\"https:\/\/vieassociative.be\/actualites\/#organization\",\"name\":\"Vie Associative\",\"url\":\"https:\/\/vieassociative.be\/actualites\/\",\"logo\":{\"@type\":\"ImageObject\",\"inLanguage\":\"fr-BE\",\"@id\":\"https:\/\/vieassociative.be\/actualites\/#\/schema\/logo\/image\/\",\"url\":\"https:\/\/vieassociative.be\/actualites\/wp-content\/uploads\/2024\/09\/cropped-vieassociative_favicon.ico.png\",\"contentUrl\":\"https:\/\/vieassociative.be\/actualites\/wp-content\/uploads\/2024\/09\/cropped-vieassociative_favicon.ico.png\",\"width\":512,\"height\":512,\"caption\":\"Vie Associative\"},\"image\":{\"@id\":\"https:\/\/vieassociative.be\/actualites\/#\/schema\/logo\/image\/\"}},{\"@type\":\"Person\",\"@id\":\"https:\/\/vieassociative.be\/actualites\/#\/schema\/person\/b87ac4f82f9d4e7b7cec7395b679edc4\",\"name\":\"Julien\",\"image\":{\"@type\":\"ImageObject\",\"inLanguage\":\"fr-BE\",\"@id\":\"https:\/\/vieassociative.be\/actualites\/#\/schema\/person\/image\/\",\"url\":\"https:\/\/vieassociative.be\/actualites\/wp-content\/uploads\/2024\/09\/vie-associative-1-150x150.jpg\",\"contentUrl\":\"https:\/\/vieassociative.be\/actualites\/wp-content\/uploads\/2024\/09\/vie-associative-1-150x150.jpg\",\"caption\":\"Julien\"},\"description\":\"Je suis Julien, r\u00e9dacteur pour Vie Associative. Passionn\u00e9 par le monde associatif depuis plus de 10 ans, j'ai \u00e0 c\u0153ur de partager des histoires inspirantes et de mettre en lumi\u00e8re les initiatives locales. Mon objectif est de sensibiliser et d'encourager l'engagement communautaire \u00e0 travers mes articles.\",\"sameAs\":[\"https:\/\/vieassociative.be\/\"]}]}<\/script>\n<!-- \/ Yoast SEO plugin. -->","yoast_head_json":{"title":"Le FC Bruges et l\u2019Union Saint-Gilloise sont les grands gagnants du \u00ab Boxing Day \u00bb de la Jupiler Pro League | Vie Associative","robots":{"index":"index","follow":"follow","max-snippet":"max-snippet:-1","max-image-preview":"max-image-preview:large","max-video-preview":"max-video-preview:-1"},"canonical":"https:\/\/vieassociative.be\/actualites\/le-fc-bruges-et-lunion-saint-gilloise-sont-les-grands-gagnants-du-boxing-day-de-la-jupiler-pro-league\/","og_locale":"fr_FR","og_type":"article","og_title":"Le FC Bruges et l\u2019Union Saint-Gilloise sont les grands gagnants du \u00ab Boxing Day \u00bb de la Jupiler Pro League | Vie Associative","og_description":"Il n\u2019y a pas de jours de No\u00ebl contemplatifs pour les professionnels du football en Angleterre et en Belgique. Alors que les professionnels de la","og_url":"https:\/\/vieassociative.be\/actualites\/le-fc-bruges-et-lunion-saint-gilloise-sont-les-grands-gagnants-du-boxing-day-de-la-jupiler-pro-league\/","og_site_name":"Vie Associative","article_published_time":"2024-12-27T02:18:56+00:00","og_image":[{"width":279,"height":92,"url":"https:\/\/vieassociative.be\/actualites\/wp-content\/uploads\/2024\/09\/header_backgroundk-01-e1726694325946.png","type":"image\/png"}],"author":"Julien","twitter_card":"summary_large_image","twitter_misc":{"\u00c9crit par":"Julien","Dur\u00e9e de lecture est.":"4 minutes"},"schema":{"@context":"https:\/\/schema.org","@graph":[{"@type":"Article","@id":"https:\/\/vieassociative.be\/actualites\/le-fc-bruges-et-lunion-saint-gilloise-sont-les-grands-gagnants-du-boxing-day-de-la-jupiler-pro-league\/#article","isPartOf":{"@id":"https:\/\/vieassociative.be\/actualites\/le-fc-bruges-et-lunion-saint-gilloise-sont-les-grands-gagnants-du-boxing-day-de-la-jupiler-pro-league\/"},"author":{"name":"Julien","@id":"https:\/\/vieassociative.be\/actualites\/#\/schema\/person\/b87ac4f82f9d4e7b7cec7395b679edc4"},"headline":"Le FC Bruges et l\u2019Union Saint-Gilloise sont les grands gagnants du \u00ab Boxing Day \u00bb de la Jupiler Pro League","datePublished":"2024-12-27T02:18:56+00:00","dateModified":"2024-12-27T02:18:56+00:00","mainEntityOfPage":{"@id":"https:\/\/vieassociative.be\/actualites\/le-fc-bruges-et-lunion-saint-gilloise-sont-les-grands-gagnants-du-boxing-day-de-la-jupiler-pro-league\/"},"wordCount":751,"publisher":{"@id":"https:\/\/vieassociative.be\/actualites\/#organization"},"image":{"@id":"https:\/\/vieassociative.be\/actualites\/le-fc-bruges-et-lunion-saint-gilloise-sont-les-grands-gagnants-du-boxing-day-de-la-jupiler-pro-league\/#primaryimage"},"thumbnailUrl":"https:\/\/vieassociative.be\/actualites\/wp-content\/uploads\/2024\/12\/Le-FC-Bruges-et-lUnion-Saint-Gilloise-sont-les-grands-gagnants.jpg","keywords":["Boxing","Bruges","Day","gagnants","grands","Jupiler","League","Les","lUnion","Pro","SaintGilloise","sont"],"articleSection":["Belgique"],"inLanguage":"fr-BE"},{"@type":"WebPage","@id":"https:\/\/vieassociative.be\/actualites\/le-fc-bruges-et-lunion-saint-gilloise-sont-les-grands-gagnants-du-boxing-day-de-la-jupiler-pro-league\/","url":"https:\/\/vieassociative.be\/actualites\/le-fc-bruges-et-lunion-saint-gilloise-sont-les-grands-gagnants-du-boxing-day-de-la-jupiler-pro-league\/","name":"Le FC Bruges et l\u2019Union Saint-Gilloise sont les grands gagnants du \u00ab Boxing Day \u00bb de la Jupiler Pro League | Vie Associative","isPartOf":{"@id":"https:\/\/vieassociative.be\/actualites\/#website"},"primaryImageOfPage":{"@id":"https:\/\/vieassociative.be\/actualites\/le-fc-bruges-et-lunion-saint-gilloise-sont-les-grands-gagnants-du-boxing-day-de-la-jupiler-pro-league\/#primaryimage"},"image":{"@id":"https:\/\/vieassociative.be\/actualites\/le-fc-bruges-et-lunion-saint-gilloise-sont-les-grands-gagnants-du-boxing-day-de-la-jupiler-pro-league\/#primaryimage"},"thumbnailUrl":"https:\/\/vieassociative.be\/actualites\/wp-content\/uploads\/2024\/12\/Le-FC-Bruges-et-lUnion-Saint-Gilloise-sont-les-grands-gagnants.jpg","datePublished":"2024-12-27T02:18:56+00:00","dateModified":"2024-12-27T02:18:56+00:00","breadcrumb":{"@id":"https:\/\/vieassociative.be\/actualites\/le-fc-bruges-et-lunion-saint-gilloise-sont-les-grands-gagnants-du-boxing-day-de-la-jupiler-pro-league\/#breadcrumb"},"inLanguage":"fr-BE","potentialAction":[{"@type":"ReadAction","target":["https:\/\/vieassociative.be\/actualites\/le-fc-bruges-et-lunion-saint-gilloise-sont-les-grands-gagnants-du-boxing-day-de-la-jupiler-pro-league\/"]}]},{"@type":"ImageObject","inLanguage":"fr-BE","@id":"https:\/\/vieassociative.be\/actualites\/le-fc-bruges-et-lunion-saint-gilloise-sont-les-grands-gagnants-du-boxing-day-de-la-jupiler-pro-league\/#primaryimage","url":"https:\/\/vieassociative.be\/actualites\/wp-content\/uploads\/2024\/12\/Le-FC-Bruges-et-lUnion-Saint-Gilloise-sont-les-grands-gagnants.jpg","contentUrl":"https:\/\/vieassociative.be\/actualites\/wp-content\/uploads\/2024\/12\/Le-FC-Bruges-et-lUnion-Saint-Gilloise-sont-les-grands-gagnants.jpg","width":1200,"height":823,"caption":"Le FC Bruges et l\u2019Union Saint-Gilloise sont les grands gagnants du \u00ab Boxing Day \u00bb de la Jupiler Pro League"},{"@type":"BreadcrumbList","@id":"https:\/\/vieassociative.be\/actualites\/le-fc-bruges-et-lunion-saint-gilloise-sont-les-grands-gagnants-du-boxing-day-de-la-jupiler-pro-league\/#breadcrumb","itemListElement":[{"@type":"ListItem","position":1,"name":"Accueil","item":"https:\/\/vieassociative.be\/actualites\/"},{"@type":"ListItem","position":2,"name":"Le FC Bruges et l\u2019Union Saint-Gilloise sont les grands gagnants du \u00ab Boxing Day \u00bb de la Jupiler Pro League"}]},{"@type":"WebSite","@id":"https:\/\/vieassociative.be\/actualites\/#website","url":"https:\/\/vieassociative.be\/actualites\/","name":"Vie Associative","description":"","publisher":{"@id":"https:\/\/vieassociative.be\/actualites\/#organization"},"potentialAction":[{"@type":"SearchAction","target":{"@type":"EntryPoint","urlTemplate":"https:\/\/vieassociative.be\/actualites\/?s={search_term_string}"},"query-input":{"@type":"PropertyValueSpecification","valueRequired":true,"valueName":"search_term_string"}}],"inLanguage":"fr-BE"},{"@type":"Organization","@id":"https:\/\/vieassociative.be\/actualites\/#organization","name":"Vie Associative","url":"https:\/\/vieassociative.be\/actualites\/","logo":{"@type":"ImageObject","inLanguage":"fr-BE","@id":"https:\/\/vieassociative.be\/actualites\/#\/schema\/logo\/image\/","url":"https:\/\/vieassociative.be\/actualites\/wp-content\/uploads\/2024\/09\/cropped-vieassociative_favicon.ico.png","contentUrl":"https:\/\/vieassociative.be\/actualites\/wp-content\/uploads\/2024\/09\/cropped-vieassociative_favicon.ico.png","width":512,"height":512,"caption":"Vie Associative"},"image":{"@id":"https:\/\/vieassociative.be\/actualites\/#\/schema\/logo\/image\/"}},{"@type":"Person","@id":"https:\/\/vieassociative.be\/actualites\/#\/schema\/person\/b87ac4f82f9d4e7b7cec7395b679edc4","name":"Julien","image":{"@type":"ImageObject","inLanguage":"fr-BE","@id":"https:\/\/vieassociative.be\/actualites\/#\/schema\/person\/image\/","url":"https:\/\/vieassociative.be\/actualites\/wp-content\/uploads\/2024\/09\/vie-associative-1-150x150.jpg","contentUrl":"https:\/\/vieassociative.be\/actualites\/wp-content\/uploads\/2024\/09\/vie-associative-1-150x150.jpg","caption":"Julien"},"description":"Je suis Julien, r\u00e9dacteur pour Vie Associative. Passionn\u00e9 par le monde associatif depuis plus de 10 ans, j'ai \u00e0 c\u0153ur de partager des histoires inspirantes et de mettre en lumi\u00e8re les initiatives locales. Mon objectif est de sensibiliser et d'encourager l'engagement communautaire \u00e0 travers mes articles.","sameAs":["https:\/\/vieassociative.be\/"]}]}},"_links":{"self":[{"href":"https:\/\/vieassociative.be\/actualites\/wp-json\/wp\/v2\/posts\/3777"}],"collection":[{"href":"https:\/\/vieassociative.be\/actualites\/wp-json\/wp\/v2\/posts"}],"about":[{"href":"https:\/\/vieassociative.be\/actualites\/wp-json\/wp\/v2\/types\/post"}],"author":[{"embeddable":true,"href":"https:\/\/vieassociative.be\/actualites\/wp-json\/wp\/v2\/users\/1"}],"replies":[{"embeddable":true,"href":"https:\/\/vieassociative.be\/actualites\/wp-json\/wp\/v2\/comments?post=3777"}],"version-history":[{"count":0,"href":"https:\/\/vieassociative.be\/actualites\/wp-json\/wp\/v2\/posts\/3777\/revisions"}],"wp:featuredmedia":[{"embeddable":true,"href":"https:\/\/vieassociative.be\/actualites\/wp-json\/wp\/v2\/media\/3778"}],"wp:attachment":[{"href":"https:\/\/vieassociative.be\/actualites\/wp-json\/wp\/v2\/media?parent=3777"}],"wp:term":[{"taxonomy":"category","embeddable":true,"href":"https:\/\/vieassociative.be\/actualites\/wp-json\/wp\/v2\/categories?post=3777"},{"taxonomy":"post_tag","embeddable":true,"href":"https:\/\/vieassociative.be\/actualites\/wp-json\/wp\/v2\/tags?post=3777"}],"curies":[{"name":"wp","href":"https:\/\/api.w.org\/{rel}","templated":true}]}}