{"id":3770,"date":"2024-12-26T21:17:34","date_gmt":"2024-12-26T20:17:34","guid":{"rendered":"https:\/\/vieassociative.be\/actualites\/debut-de-lannee-sainte-2025-le-pape-francois-ouvre-pour-la-premiere-fois-la-porte-sainte-dune-prison\/"},"modified":"2024-12-26T21:17:34","modified_gmt":"2024-12-26T20:17:34","slug":"debut-de-lannee-sainte-2025-le-pape-francois-ouvre-pour-la-premiere-fois-la-porte-sainte-dune-prison","status":"publish","type":"post","link":"https:\/\/vieassociative.be\/actualites\/debut-de-lannee-sainte-2025-le-pape-francois-ouvre-pour-la-premiere-fois-la-porte-sainte-dune-prison\/","title":{"rendered":"D\u00e9but de l&rsquo;Ann\u00e9e Sainte 2025 : le pape Fran\u00e7ois ouvre pour la premi\u00e8re fois la porte sainte d&rsquo;une prison"},"content":{"rendered":"<p><strong>Le Pape consid\u00e8re l\u2019Ann\u00e9e sainte de l\u2019\u00c9glise catholique comme un \u00ab temps de pardon \u00bb. Il pr\u00e9voit la r\u00e9mission des p\u00e9ch\u00e9s. Pour la premi\u00e8re fois, Fran\u00e7ois ouvre une porte sainte dans une prison.<\/strong><\/p>\n<p><span id=\"more-404923\"><\/span>A l&rsquo;occasion de l&rsquo;Ann\u00e9e sainte de l&rsquo;\u00c9glise catholique, le pape Fran\u00e7ois a ouvert la porte sainte dans une prison de Rome. Franchir cette porte symbolise le chemin de l&rsquo;espoir et du pardon, a d\u00e9clar\u00e9 Fran\u00e7ois, 88 ans. Il a dit aux d\u00e9tenus du centre de d\u00e9tention : \u00ab Ne perdez pas espoir, c&rsquo;est le message que je veux vous transmettre. \u00bb<\/p>\n<p>Le pontife s&rsquo;est arr\u00eat\u00e9 un moment tranquille avant l&rsquo;ouverture, puis s&rsquo;est lev\u00e9 de son fauteuil roulant. Il s&rsquo;est approch\u00e9 du portail, a frapp\u00e9 plusieurs fois, apr\u00e8s quoi les secours l&rsquo;ont ouvert de l&rsquo;int\u00e9rieur. Appuy\u00e9 sur une canne, v\u00eatu d&rsquo;habits liturgiques, il franchit le seuil de la porte massive qui donne acc\u00e8s \u00e0 la chapelle de la prison.<\/p>\n<div id=\"attachment_404925\" class=\"wp-caption alignleft\" style=\"max-width: 300px\"><img fetchpriority=\"high\" decoding=\"async\" class=\"wp-image-404925 size-medium\" src=\"https:\/\/vieassociative.be\/actualites\/wp-content\/uploads\/2024\/12\/Debut-de-lAnnee-Sainte-2025-le-pape-Francois-ouvre.jpg\" alt=\"\" width=\"300\" height=\"200\"><\/p>\n<p class=\"wp-caption-text\">26 d\u00e9cembre 2024, Italie, Rome : le pape Fran\u00e7ois (M) entre dans la prison de Rebibbia apr\u00e8s l&rsquo;ouverture de la porte. Photo : Simone Risoluti\/Vatican Media\/dpa<\/p>\n<\/div>\n<p>Malgr\u00e9 le manuscrit du discours pr\u00e9par\u00e9, Fran\u00e7ois a tenu son discours devant les prisonniers et le personnel p\u00e9nitentiaire pr\u00e9sents. Le Pape est apparu \u00e9puis\u00e9 lors des c\u00e9l\u00e9brations de ces derniers jours. Pourtant, en prison, il semblait d\u00e9tendu. Apr\u00e8s la messe, il re\u00e7ut plusieurs personnes et discuta avec elles.<\/p>\n<p>Le pape a c\u00e9l\u00e9br\u00e9 l&rsquo;ann\u00e9e sainte 2025 la veille de No\u00ebl avec l&rsquo;ouverture symbolique de la Porte Sainte dans la basilique Saint-Pierre. L\u2019\u00c9glise catholique c\u00e9l\u00e8bre habituellement une ann\u00e9e jubilaire tous les 25 ans. Selon la conception catholique, les croyants qui franchissent une Porte Sainte apr\u00e8s la repentance et la communion ont droit \u00e0 l&rsquo;indulgence pour les p\u00e9ch\u00e9s, c&rsquo;est-\u00e0-dire \u00e0 la r\u00e9mission du ch\u00e2timent pour les p\u00e9ch\u00e9s.<\/p>\n<p>Ouvrir une Porte Sainte dans une prison est un geste symbolique. Fran\u00e7ois a toujours plaid\u00e9 pour que les criminels condamn\u00e9s soient pardonn\u00e9s et r\u00e9int\u00e9gr\u00e9s dans la soci\u00e9t\u00e9.<\/p>\n<p>La porte de la chapelle de la prison de Rebibbia est la deuxi\u00e8me et derni\u00e8re Porte Sainte ouverte par le Pape pour l&rsquo;Ann\u00e9e Sainte en cours. Fran\u00e7ois sera repr\u00e9sent\u00e9 \u00e0 l&rsquo;ouverture des trois autres portes de Rome. Selon le portail d&rsquo;information officiel Vatican News, c&rsquo;est la premi\u00e8re fois dans l&rsquo;histoire des Ann\u00e9es saintes qu&rsquo;une telle porte est ouverte dans une prison. (dpa)<\/p>\n","protected":false},"excerpt":{"rendered":"<p>Le Pape consid\u00e8re l\u2019Ann\u00e9e sainte de l\u2019\u00c9glise catholique comme un \u00ab temps de pardon \u00bb. Il pr\u00e9voit la r\u00e9mission des p\u00e9ch\u00e9s. Pour la premi\u00e8re fois,<\/p>\n","protected":false},"author":1,"featured_media":3771,"comment_status":"","ping_status":"","sticky":false,"template":"","format":"standard","meta":{"footnotes":""},"categories":[298],"tags":[359,698,774,4202,396,3760,4201,3911,81,610,4140,4292],"class_list":["post-3770","post","type-post","status-publish","format-standard","has-post-thumbnail","hentry","category-belgique","tag-debut","tag-dune","tag-fois","tag-francois","tag-lannee","tag-ouvre","tag-pape","tag-porte","tag-pour","tag-premiere","tag-prison","tag-sainte","generate-columns","tablet-grid-50","mobile-grid-100","grid-parent","grid-33"],"yoast_head":"<!-- This site is optimized with the Yoast SEO plugin v24.0 - https:\/\/yoast.com\/wordpress\/plugins\/seo\/ -->\n<title>D\u00e9but de l&#039;Ann\u00e9e Sainte 2025 : le pape Fran\u00e7ois ouvre pour la premi\u00e8re fois la porte sainte d&#039;une prison | Vie Associative<\/title>\n<meta name=\"robots\" content=\"index, follow, max-snippet:-1, max-image-preview:large, max-video-preview:-1\" \/>\n<link rel=\"canonical\" href=\"https:\/\/vieassociative.be\/actualites\/debut-de-lannee-sainte-2025-le-pape-francois-ouvre-pour-la-premiere-fois-la-porte-sainte-dune-prison\/\" \/>\n<meta property=\"og:locale\" content=\"fr_FR\" \/>\n<meta property=\"og:type\" content=\"article\" \/>\n<meta property=\"og:title\" content=\"D\u00e9but de l&#039;Ann\u00e9e Sainte 2025 : le pape Fran\u00e7ois ouvre pour la premi\u00e8re fois la porte sainte d&#039;une prison | Vie Associative\" \/>\n<meta property=\"og:description\" content=\"Le Pape consid\u00e8re l\u2019Ann\u00e9e sainte de l\u2019\u00c9glise catholique comme un \u00ab temps de pardon \u00bb. Il pr\u00e9voit la r\u00e9mission des p\u00e9ch\u00e9s. Pour la premi\u00e8re fois,\" \/>\n<meta property=\"og:url\" content=\"https:\/\/vieassociative.be\/actualites\/debut-de-lannee-sainte-2025-le-pape-francois-ouvre-pour-la-premiere-fois-la-porte-sainte-dune-prison\/\" \/>\n<meta property=\"og:site_name\" content=\"Vie Associative\" \/>\n<meta property=\"article:published_time\" content=\"2024-12-26T20:17:34+00:00\" \/>\n<meta property=\"og:image\" content=\"https:\/\/vieassociative.be\/actualites\/wp-content\/uploads\/2024\/09\/header_backgroundk-01-e1726694325946.png\" \/>\n\t<meta property=\"og:image:width\" content=\"279\" \/>\n\t<meta property=\"og:image:height\" content=\"92\" \/>\n\t<meta property=\"og:image:type\" content=\"image\/png\" \/>\n<meta name=\"author\" content=\"Julien\" \/>\n<meta name=\"twitter:card\" content=\"summary_large_image\" \/>\n<meta name=\"twitter:label1\" content=\"\u00c9crit par\" \/>\n\t<meta name=\"twitter:data1\" content=\"Julien\" \/>\n\t<meta name=\"twitter:label2\" content=\"Dur\u00e9e de lecture est.\" \/>\n\t<meta name=\"twitter:data2\" content=\"2 minutes\" \/>\n<script type=\"application\/ld+json\" class=\"yoast-schema-graph\">{\"@context\":\"https:\/\/schema.org\",\"@graph\":[{\"@type\":\"Article\",\"@id\":\"https:\/\/vieassociative.be\/actualites\/debut-de-lannee-sainte-2025-le-pape-francois-ouvre-pour-la-premiere-fois-la-porte-sainte-dune-prison\/#article\",\"isPartOf\":{\"@id\":\"https:\/\/vieassociative.be\/actualites\/debut-de-lannee-sainte-2025-le-pape-francois-ouvre-pour-la-premiere-fois-la-porte-sainte-dune-prison\/\"},\"author\":{\"name\":\"Julien\",\"@id\":\"https:\/\/vieassociative.be\/actualites\/#\/schema\/person\/b87ac4f82f9d4e7b7cec7395b679edc4\"},\"headline\":\"D\u00e9but de l&rsquo;Ann\u00e9e Sainte 2025 : le pape Fran\u00e7ois ouvre pour la premi\u00e8re fois la porte sainte d&rsquo;une prison\",\"datePublished\":\"2024-12-26T20:17:34+00:00\",\"dateModified\":\"2024-12-26T20:17:34+00:00\",\"mainEntityOfPage\":{\"@id\":\"https:\/\/vieassociative.be\/actualites\/debut-de-lannee-sainte-2025-le-pape-francois-ouvre-pour-la-premiere-fois-la-porte-sainte-dune-prison\/\"},\"wordCount\":475,\"publisher\":{\"@id\":\"https:\/\/vieassociative.be\/actualites\/#organization\"},\"image\":{\"@id\":\"https:\/\/vieassociative.be\/actualites\/debut-de-lannee-sainte-2025-le-pape-francois-ouvre-pour-la-premiere-fois-la-porte-sainte-dune-prison\/#primaryimage\"},\"thumbnailUrl\":\"https:\/\/vieassociative.be\/actualites\/wp-content\/uploads\/2024\/12\/1735244254_Debut-de-lAnnee-Sainte-2025-le-pape-Francois-ouvre.jpg\",\"keywords\":[\"D\u00e9but\",\"dune\",\"fois\",\"Fran\u00e7ois\",\"lann\u00e9e\",\"ouvre\",\"pape\",\"porte\",\"pour\",\"premi\u00e8re\",\"prison\",\"Sainte\"],\"articleSection\":[\"Belgique\"],\"inLanguage\":\"fr-BE\"},{\"@type\":\"WebPage\",\"@id\":\"https:\/\/vieassociative.be\/actualites\/debut-de-lannee-sainte-2025-le-pape-francois-ouvre-pour-la-premiere-fois-la-porte-sainte-dune-prison\/\",\"url\":\"https:\/\/vieassociative.be\/actualites\/debut-de-lannee-sainte-2025-le-pape-francois-ouvre-pour-la-premiere-fois-la-porte-sainte-dune-prison\/\",\"name\":\"D\u00e9but de l'Ann\u00e9e Sainte 2025 : le pape Fran\u00e7ois ouvre pour la premi\u00e8re fois la porte sainte d'une prison | Vie Associative\",\"isPartOf\":{\"@id\":\"https:\/\/vieassociative.be\/actualites\/#website\"},\"primaryImageOfPage\":{\"@id\":\"https:\/\/vieassociative.be\/actualites\/debut-de-lannee-sainte-2025-le-pape-francois-ouvre-pour-la-premiere-fois-la-porte-sainte-dune-prison\/#primaryimage\"},\"image\":{\"@id\":\"https:\/\/vieassociative.be\/actualites\/debut-de-lannee-sainte-2025-le-pape-francois-ouvre-pour-la-premiere-fois-la-porte-sainte-dune-prison\/#primaryimage\"},\"thumbnailUrl\":\"https:\/\/vieassociative.be\/actualites\/wp-content\/uploads\/2024\/12\/1735244254_Debut-de-lAnnee-Sainte-2025-le-pape-Francois-ouvre.jpg\",\"datePublished\":\"2024-12-26T20:17:34+00:00\",\"dateModified\":\"2024-12-26T20:17:34+00:00\",\"breadcrumb\":{\"@id\":\"https:\/\/vieassociative.be\/actualites\/debut-de-lannee-sainte-2025-le-pape-francois-ouvre-pour-la-premiere-fois-la-porte-sainte-dune-prison\/#breadcrumb\"},\"inLanguage\":\"fr-BE\",\"potentialAction\":[{\"@type\":\"ReadAction\",\"target\":[\"https:\/\/vieassociative.be\/actualites\/debut-de-lannee-sainte-2025-le-pape-francois-ouvre-pour-la-premiere-fois-la-porte-sainte-dune-prison\/\"]}]},{\"@type\":\"ImageObject\",\"inLanguage\":\"fr-BE\",\"@id\":\"https:\/\/vieassociative.be\/actualites\/debut-de-lannee-sainte-2025-le-pape-francois-ouvre-pour-la-premiere-fois-la-porte-sainte-dune-prison\/#primaryimage\",\"url\":\"https:\/\/vieassociative.be\/actualites\/wp-content\/uploads\/2024\/12\/1735244254_Debut-de-lAnnee-Sainte-2025-le-pape-Francois-ouvre.jpg\",\"contentUrl\":\"https:\/\/vieassociative.be\/actualites\/wp-content\/uploads\/2024\/12\/1735244254_Debut-de-lAnnee-Sainte-2025-le-pape-Francois-ouvre.jpg\",\"width\":1200,\"height\":800,\"caption\":\"D\u00e9but de l'Ann\u00e9e Sainte 2025 : le pape Fran\u00e7ois ouvre pour la premi\u00e8re fois la porte sainte d'une prison\"},{\"@type\":\"BreadcrumbList\",\"@id\":\"https:\/\/vieassociative.be\/actualites\/debut-de-lannee-sainte-2025-le-pape-francois-ouvre-pour-la-premiere-fois-la-porte-sainte-dune-prison\/#breadcrumb\",\"itemListElement\":[{\"@type\":\"ListItem\",\"position\":1,\"name\":\"Accueil\",\"item\":\"https:\/\/vieassociative.be\/actualites\/\"},{\"@type\":\"ListItem\",\"position\":2,\"name\":\"D\u00e9but de l&rsquo;Ann\u00e9e Sainte 2025 : le pape Fran\u00e7ois ouvre pour la premi\u00e8re fois la porte sainte d&rsquo;une prison\"}]},{\"@type\":\"WebSite\",\"@id\":\"https:\/\/vieassociative.be\/actualites\/#website\",\"url\":\"https:\/\/vieassociative.be\/actualites\/\",\"name\":\"Vie Associative\",\"description\":\"\",\"publisher\":{\"@id\":\"https:\/\/vieassociative.be\/actualites\/#organization\"},\"potentialAction\":[{\"@type\":\"SearchAction\",\"target\":{\"@type\":\"EntryPoint\",\"urlTemplate\":\"https:\/\/vieassociative.be\/actualites\/?s={search_term_string}\"},\"query-input\":{\"@type\":\"PropertyValueSpecification\",\"valueRequired\":true,\"valueName\":\"search_term_string\"}}],\"inLanguage\":\"fr-BE\"},{\"@type\":\"Organization\",\"@id\":\"https:\/\/vieassociative.be\/actualites\/#organization\",\"name\":\"Vie Associative\",\"url\":\"https:\/\/vieassociative.be\/actualites\/\",\"logo\":{\"@type\":\"ImageObject\",\"inLanguage\":\"fr-BE\",\"@id\":\"https:\/\/vieassociative.be\/actualites\/#\/schema\/logo\/image\/\",\"url\":\"https:\/\/vieassociative.be\/actualites\/wp-content\/uploads\/2024\/09\/cropped-vieassociative_favicon.ico.png\",\"contentUrl\":\"https:\/\/vieassociative.be\/actualites\/wp-content\/uploads\/2024\/09\/cropped-vieassociative_favicon.ico.png\",\"width\":512,\"height\":512,\"caption\":\"Vie Associative\"},\"image\":{\"@id\":\"https:\/\/vieassociative.be\/actualites\/#\/schema\/logo\/image\/\"}},{\"@type\":\"Person\",\"@id\":\"https:\/\/vieassociative.be\/actualites\/#\/schema\/person\/b87ac4f82f9d4e7b7cec7395b679edc4\",\"name\":\"Julien\",\"image\":{\"@type\":\"ImageObject\",\"inLanguage\":\"fr-BE\",\"@id\":\"https:\/\/vieassociative.be\/actualites\/#\/schema\/person\/image\/\",\"url\":\"https:\/\/vieassociative.be\/actualites\/wp-content\/uploads\/2024\/09\/vie-associative-1-150x150.jpg\",\"contentUrl\":\"https:\/\/vieassociative.be\/actualites\/wp-content\/uploads\/2024\/09\/vie-associative-1-150x150.jpg\",\"caption\":\"Julien\"},\"description\":\"Je suis Julien, r\u00e9dacteur pour Vie Associative. Passionn\u00e9 par le monde associatif depuis plus de 10 ans, j'ai \u00e0 c\u0153ur de partager des histoires inspirantes et de mettre en lumi\u00e8re les initiatives locales. Mon objectif est de sensibiliser et d'encourager l'engagement communautaire \u00e0 travers mes articles.\",\"sameAs\":[\"https:\/\/vieassociative.be\/\"]}]}<\/script>\n<!-- \/ Yoast SEO plugin. -->","yoast_head_json":{"title":"D\u00e9but de l'Ann\u00e9e Sainte 2025 : le pape Fran\u00e7ois ouvre pour la premi\u00e8re fois la porte sainte d'une prison | Vie Associative","robots":{"index":"index","follow":"follow","max-snippet":"max-snippet:-1","max-image-preview":"max-image-preview:large","max-video-preview":"max-video-preview:-1"},"canonical":"https:\/\/vieassociative.be\/actualites\/debut-de-lannee-sainte-2025-le-pape-francois-ouvre-pour-la-premiere-fois-la-porte-sainte-dune-prison\/","og_locale":"fr_FR","og_type":"article","og_title":"D\u00e9but de l'Ann\u00e9e Sainte 2025 : le pape Fran\u00e7ois ouvre pour la premi\u00e8re fois la porte sainte d'une prison | Vie Associative","og_description":"Le Pape consid\u00e8re l\u2019Ann\u00e9e sainte de l\u2019\u00c9glise catholique comme un \u00ab temps de pardon \u00bb. Il pr\u00e9voit la r\u00e9mission des p\u00e9ch\u00e9s. Pour la premi\u00e8re fois,","og_url":"https:\/\/vieassociative.be\/actualites\/debut-de-lannee-sainte-2025-le-pape-francois-ouvre-pour-la-premiere-fois-la-porte-sainte-dune-prison\/","og_site_name":"Vie Associative","article_published_time":"2024-12-26T20:17:34+00:00","og_image":[{"width":279,"height":92,"url":"https:\/\/vieassociative.be\/actualites\/wp-content\/uploads\/2024\/09\/header_backgroundk-01-e1726694325946.png","type":"image\/png"}],"author":"Julien","twitter_card":"summary_large_image","twitter_misc":{"\u00c9crit par":"Julien","Dur\u00e9e de lecture est.":"2 minutes"},"schema":{"@context":"https:\/\/schema.org","@graph":[{"@type":"Article","@id":"https:\/\/vieassociative.be\/actualites\/debut-de-lannee-sainte-2025-le-pape-francois-ouvre-pour-la-premiere-fois-la-porte-sainte-dune-prison\/#article","isPartOf":{"@id":"https:\/\/vieassociative.be\/actualites\/debut-de-lannee-sainte-2025-le-pape-francois-ouvre-pour-la-premiere-fois-la-porte-sainte-dune-prison\/"},"author":{"name":"Julien","@id":"https:\/\/vieassociative.be\/actualites\/#\/schema\/person\/b87ac4f82f9d4e7b7cec7395b679edc4"},"headline":"D\u00e9but de l&rsquo;Ann\u00e9e Sainte 2025 : le pape Fran\u00e7ois ouvre pour la premi\u00e8re fois la porte sainte d&rsquo;une prison","datePublished":"2024-12-26T20:17:34+00:00","dateModified":"2024-12-26T20:17:34+00:00","mainEntityOfPage":{"@id":"https:\/\/vieassociative.be\/actualites\/debut-de-lannee-sainte-2025-le-pape-francois-ouvre-pour-la-premiere-fois-la-porte-sainte-dune-prison\/"},"wordCount":475,"publisher":{"@id":"https:\/\/vieassociative.be\/actualites\/#organization"},"image":{"@id":"https:\/\/vieassociative.be\/actualites\/debut-de-lannee-sainte-2025-le-pape-francois-ouvre-pour-la-premiere-fois-la-porte-sainte-dune-prison\/#primaryimage"},"thumbnailUrl":"https:\/\/vieassociative.be\/actualites\/wp-content\/uploads\/2024\/12\/1735244254_Debut-de-lAnnee-Sainte-2025-le-pape-Francois-ouvre.jpg","keywords":["D\u00e9but","dune","fois","Fran\u00e7ois","lann\u00e9e","ouvre","pape","porte","pour","premi\u00e8re","prison","Sainte"],"articleSection":["Belgique"],"inLanguage":"fr-BE"},{"@type":"WebPage","@id":"https:\/\/vieassociative.be\/actualites\/debut-de-lannee-sainte-2025-le-pape-francois-ouvre-pour-la-premiere-fois-la-porte-sainte-dune-prison\/","url":"https:\/\/vieassociative.be\/actualites\/debut-de-lannee-sainte-2025-le-pape-francois-ouvre-pour-la-premiere-fois-la-porte-sainte-dune-prison\/","name":"D\u00e9but de l'Ann\u00e9e Sainte 2025 : le pape Fran\u00e7ois ouvre pour la premi\u00e8re fois la porte sainte d'une prison | Vie Associative","isPartOf":{"@id":"https:\/\/vieassociative.be\/actualites\/#website"},"primaryImageOfPage":{"@id":"https:\/\/vieassociative.be\/actualites\/debut-de-lannee-sainte-2025-le-pape-francois-ouvre-pour-la-premiere-fois-la-porte-sainte-dune-prison\/#primaryimage"},"image":{"@id":"https:\/\/vieassociative.be\/actualites\/debut-de-lannee-sainte-2025-le-pape-francois-ouvre-pour-la-premiere-fois-la-porte-sainte-dune-prison\/#primaryimage"},"thumbnailUrl":"https:\/\/vieassociative.be\/actualites\/wp-content\/uploads\/2024\/12\/1735244254_Debut-de-lAnnee-Sainte-2025-le-pape-Francois-ouvre.jpg","datePublished":"2024-12-26T20:17:34+00:00","dateModified":"2024-12-26T20:17:34+00:00","breadcrumb":{"@id":"https:\/\/vieassociative.be\/actualites\/debut-de-lannee-sainte-2025-le-pape-francois-ouvre-pour-la-premiere-fois-la-porte-sainte-dune-prison\/#breadcrumb"},"inLanguage":"fr-BE","potentialAction":[{"@type":"ReadAction","target":["https:\/\/vieassociative.be\/actualites\/debut-de-lannee-sainte-2025-le-pape-francois-ouvre-pour-la-premiere-fois-la-porte-sainte-dune-prison\/"]}]},{"@type":"ImageObject","inLanguage":"fr-BE","@id":"https:\/\/vieassociative.be\/actualites\/debut-de-lannee-sainte-2025-le-pape-francois-ouvre-pour-la-premiere-fois-la-porte-sainte-dune-prison\/#primaryimage","url":"https:\/\/vieassociative.be\/actualites\/wp-content\/uploads\/2024\/12\/1735244254_Debut-de-lAnnee-Sainte-2025-le-pape-Francois-ouvre.jpg","contentUrl":"https:\/\/vieassociative.be\/actualites\/wp-content\/uploads\/2024\/12\/1735244254_Debut-de-lAnnee-Sainte-2025-le-pape-Francois-ouvre.jpg","width":1200,"height":800,"caption":"D\u00e9but de l'Ann\u00e9e Sainte 2025 : le pape Fran\u00e7ois ouvre pour la premi\u00e8re fois la porte sainte d'une prison"},{"@type":"BreadcrumbList","@id":"https:\/\/vieassociative.be\/actualites\/debut-de-lannee-sainte-2025-le-pape-francois-ouvre-pour-la-premiere-fois-la-porte-sainte-dune-prison\/#breadcrumb","itemListElement":[{"@type":"ListItem","position":1,"name":"Accueil","item":"https:\/\/vieassociative.be\/actualites\/"},{"@type":"ListItem","position":2,"name":"D\u00e9but de l&rsquo;Ann\u00e9e Sainte 2025 : le pape Fran\u00e7ois ouvre pour la premi\u00e8re fois la porte sainte d&rsquo;une prison"}]},{"@type":"WebSite","@id":"https:\/\/vieassociative.be\/actualites\/#website","url":"https:\/\/vieassociative.be\/actualites\/","name":"Vie Associative","description":"","publisher":{"@id":"https:\/\/vieassociative.be\/actualites\/#organization"},"potentialAction":[{"@type":"SearchAction","target":{"@type":"EntryPoint","urlTemplate":"https:\/\/vieassociative.be\/actualites\/?s={search_term_string}"},"query-input":{"@type":"PropertyValueSpecification","valueRequired":true,"valueName":"search_term_string"}}],"inLanguage":"fr-BE"},{"@type":"Organization","@id":"https:\/\/vieassociative.be\/actualites\/#organization","name":"Vie Associative","url":"https:\/\/vieassociative.be\/actualites\/","logo":{"@type":"ImageObject","inLanguage":"fr-BE","@id":"https:\/\/vieassociative.be\/actualites\/#\/schema\/logo\/image\/","url":"https:\/\/vieassociative.be\/actualites\/wp-content\/uploads\/2024\/09\/cropped-vieassociative_favicon.ico.png","contentUrl":"https:\/\/vieassociative.be\/actualites\/wp-content\/uploads\/2024\/09\/cropped-vieassociative_favicon.ico.png","width":512,"height":512,"caption":"Vie Associative"},"image":{"@id":"https:\/\/vieassociative.be\/actualites\/#\/schema\/logo\/image\/"}},{"@type":"Person","@id":"https:\/\/vieassociative.be\/actualites\/#\/schema\/person\/b87ac4f82f9d4e7b7cec7395b679edc4","name":"Julien","image":{"@type":"ImageObject","inLanguage":"fr-BE","@id":"https:\/\/vieassociative.be\/actualites\/#\/schema\/person\/image\/","url":"https:\/\/vieassociative.be\/actualites\/wp-content\/uploads\/2024\/09\/vie-associative-1-150x150.jpg","contentUrl":"https:\/\/vieassociative.be\/actualites\/wp-content\/uploads\/2024\/09\/vie-associative-1-150x150.jpg","caption":"Julien"},"description":"Je suis Julien, r\u00e9dacteur pour Vie Associative. Passionn\u00e9 par le monde associatif depuis plus de 10 ans, j'ai \u00e0 c\u0153ur de partager des histoires inspirantes et de mettre en lumi\u00e8re les initiatives locales. Mon objectif est de sensibiliser et d'encourager l'engagement communautaire \u00e0 travers mes articles.","sameAs":["https:\/\/vieassociative.be\/"]}]}},"_links":{"self":[{"href":"https:\/\/vieassociative.be\/actualites\/wp-json\/wp\/v2\/posts\/3770"}],"collection":[{"href":"https:\/\/vieassociative.be\/actualites\/wp-json\/wp\/v2\/posts"}],"about":[{"href":"https:\/\/vieassociative.be\/actualites\/wp-json\/wp\/v2\/types\/post"}],"author":[{"embeddable":true,"href":"https:\/\/vieassociative.be\/actualites\/wp-json\/wp\/v2\/users\/1"}],"replies":[{"embeddable":true,"href":"https:\/\/vieassociative.be\/actualites\/wp-json\/wp\/v2\/comments?post=3770"}],"version-history":[{"count":0,"href":"https:\/\/vieassociative.be\/actualites\/wp-json\/wp\/v2\/posts\/3770\/revisions"}],"wp:featuredmedia":[{"embeddable":true,"href":"https:\/\/vieassociative.be\/actualites\/wp-json\/wp\/v2\/media\/3771"}],"wp:attachment":[{"href":"https:\/\/vieassociative.be\/actualites\/wp-json\/wp\/v2\/media?parent=3770"}],"wp:term":[{"taxonomy":"category","embeddable":true,"href":"https:\/\/vieassociative.be\/actualites\/wp-json\/wp\/v2\/categories?post=3770"},{"taxonomy":"post_tag","embeddable":true,"href":"https:\/\/vieassociative.be\/actualites\/wp-json\/wp\/v2\/tags?post=3770"}],"curies":[{"name":"wp","href":"https:\/\/api.w.org\/{rel}","templated":true}]}}