{"id":3763,"date":"2024-12-26T15:18:28","date_gmt":"2024-12-26T14:18:28","guid":{"rendered":"https:\/\/vieassociative.be\/actualites\/donald-trump-veut-le-controle-americain-sur-le-groenland\/"},"modified":"2024-12-26T15:18:28","modified_gmt":"2024-12-26T14:18:28","slug":"donald-trump-veut-le-controle-americain-sur-le-groenland","status":"publish","type":"post","link":"https:\/\/vieassociative.be\/actualites\/donald-trump-veut-le-controle-americain-sur-le-groenland\/","title":{"rendered":"Donald Trump veut le contr\u00f4le am\u00e9ricain sur le Groenland"},"content":{"rendered":"<p><strong>D\u00e8s son premier mandat, Trump voulait acheter l\u2019\u00eele qui appartient au Danemark. Il remet d\u00e9sormais le Groenland en jeu. Il souhaite \u00e9galement contr\u00f4ler \u00e0 l\u2019avenir le canal de Panama en Am\u00e9rique centrale.<\/strong><\/p>\n<p><span id=\"more-404888\"><\/span>Le pr\u00e9sident \u00e9lu des \u00c9tats-Unis, Donald Trump, souhaite annexer le Groenland aux \u00c9tats-Unis. \u00ab\u00a0Dans l&rsquo;int\u00e9r\u00eat de la s\u00e9curit\u00e9 nationale et de la libert\u00e9 dans le monde, les \u00c9tats-Unis estiment que la propri\u00e9t\u00e9 et le contr\u00f4le du Groenland sont une n\u00e9cessit\u00e9 absolue\u00a0\u00bb, a \u00e9crit Trump sur la plateforme en ligne Truth Social, qu&rsquo;il a cofond\u00e9e.<\/p>\n<p>Dans ce message, Trump a \u00e9galement nomm\u00e9 son candidat au poste d&rsquo;ambassadeur des \u00c9tats-Unis au Danemark : Ken Howery, co-fondateur du fournisseur de services de paiement Paypal, qui a \u00e9t\u00e9 ambassadeur en Su\u00e8de pendant le premier mandat de Trump. Cette nomination n\u00e9cessite l&rsquo;approbation du S\u00e9nat am\u00e9ricain.<\/p>\n<p>Trump avait d\u00e9j\u00e0 propos\u00e9 d\u2019acheter le Groenland lors de son premier mandat. La r\u00e9ponse du Danemark \u00e0 l\u2019\u00e9poque \u00e9tait claire : non, merci. La repr\u00e9sentante du Groenland aux Affaires \u00e9trang\u00e8res, Vivian Motzfeldt, a qualifi\u00e9 d'\u00a0\u00bbabsurde\u00a0\u00bb la nouvelle initiative de Trump sur la cha\u00eene danoise TV2. Le Premier ministre M\u00fate B. Egede a soulign\u00e9 que le Groenland n&rsquo;est pas \u00e0 vendre. Mais il faut \u00eatre ouvert \u00e0 la coop\u00e9ration \u00e9conomique. \u00ab\u00a0Si toute la coop\u00e9ration et tous les \u00e9changes commerciaux ne peuvent pas passer par le Danemark\u00a0\u00bb, a-t-il d\u00e9clar\u00e9 dans une d\u00e9claration \u00e0 TV2.<\/p>\n<div id=\"attachment_222027\" class=\"wp-caption alignleft\" style=\"max-width: 300px\"><img fetchpriority=\"high\" decoding=\"async\" class=\"wp-image-222027 size-medium\" src=\"https:\/\/vieassociative.be\/actualites\/wp-content\/uploads\/2024\/12\/Donald-Trump-veut-le-controle-americain-sur-le-Groenland.jpeg\" alt=\"\" width=\"300\" height=\"217\"  ><\/p>\n<p class=\"wp-caption-text\">13 juillet 2018, Groenland, Innaarsuit : un iceberg flotte devant le village d&rsquo;Innaarsuit au large des c\u00f4tes du Groenland. Les politiciens danois ont r\u00e9agi avec surprise et critiques face \u00e0 l&rsquo;int\u00e9r\u00eat pr\u00e9sum\u00e9 du pr\u00e9sident am\u00e9ricain Donald Trump pour l&rsquo;achat du Groenland. Photo : Karl Petersen\/Ritzau Scanpix\/dpa<\/p>\n<\/div>\n<p>Deux d\u00e9put\u00e9s groenlandais du Parlement danois se sont montr\u00e9s plus ouverts d&rsquo;esprit. Ils sont \u00ab ouverts aux affaires \u00bb, a d\u00e9clar\u00e9 Aaja Chemnitz. Son parti Inuit Ataqatigiit souhaiterait une plus grande implication am\u00e9ricaine au Groenland, notamment dans les domaines de l&rsquo;\u00e9ducation et de l&rsquo;\u00e9conomie. Enki-Matilda H\u00f8egh-Dam, du parti Siumut, s&rsquo;est d\u00e9clar\u00e9e ouverte au dialogue. Trump fait preuve de compr\u00e9hension quant \u00e0 l\u2019importance strat\u00e9gique et mondiale du Groenland, a-t-elle d\u00e9clar\u00e9 \u00e0 la cha\u00eene DR. \u00ab Mais il est important de souligner que le Groenland n\u2019est pas une marchandise ou un troph\u00e9e g\u00e9ostrat\u00e9gique. \u00bb<\/p>\n<p>L&rsquo;immense Groenland, qui compte environ 56 000 habitants, est largement autonome. En raison de sa situation dans l&rsquo;Arctique, de sa proximit\u00e9 avec la Russie, de ses ressources mini\u00e8res pr\u00e9sum\u00e9es et de son importante base militaire am\u00e9ricaine, l&rsquo;\u00eele n&rsquo;est pas seulement importante d&rsquo;un point de vue strat\u00e9gique pour les \u00c9tats-Unis. En termes de superficie, le Groenland est environ six fois plus grand que l&rsquo;Allemagne.<\/p>\n<p>Quoi qu\u2019il en soit, le gouvernement danois a annonc\u00e9 vouloir renforcer sa pr\u00e9sence militaire dans le nord avec des investissements de plusieurs milliards apr\u00e8s que le futur pr\u00e9sident am\u00e9ricain Trump ait revendiqu\u00e9 le Groenland, qui appartient au Danemark. Le ministre danois de la D\u00e9fense, Troels Lund Poulsen, a annonc\u00e9 qu&rsquo;un \u00ab milliard \u00e0 deux chiffres \u00bb serait r\u00e9serv\u00e9 \u00e0 cet effet. Il n&rsquo;a pas donn\u00e9 de montant pr\u00e9cis. Dix milliards de couronnes danoises \u00e9quivalent \u00e0 environ 1,34 milliard d\u2019euros.<\/p>\n<p>Deux nouveaux bateaux de patrouille de classe Thetis, deux nouveaux drones \u00e0 longue port\u00e9e, deux nouvelles \u00e9quipes de chiens de tra\u00eeneau pour la patrouille Sirius au Groenland et davantage de personnel au Commandement de l&rsquo;Arctique doivent \u00eatre achet\u00e9s, comme l&rsquo;a d\u00e9clar\u00e9 Poulsen au journal \u00ab Jyllands-Posten \u00bb. \u00ab\u00a0Nous n&rsquo;avons pas investi suffisamment dans l&rsquo;Arctique depuis de nombreuses ann\u00e9es, mais nous pr\u00e9voyons d\u00e9sormais d&rsquo;y renforcer notre pr\u00e9sence.\u00a0\u00bb<\/p>\n","protected":false},"excerpt":{"rendered":"<p>D\u00e8s son premier mandat, Trump voulait acheter l\u2019\u00eele qui appartient au Danemark. Il remet d\u00e9sormais le Groenland en jeu. Il souhaite \u00e9galement contr\u00f4ler \u00e0 l\u2019avenir<\/p>\n","protected":false},"author":1,"featured_media":3764,"comment_status":"","ping_status":"","sticky":false,"template":"","format":"standard","meta":{"footnotes":""},"categories":[298],"tags":[10,360,2424,4289,33,2425,2635],"class_list":["post-3763","post","type-post","status-publish","format-standard","has-post-thumbnail","hentry","category-belgique","tag-americain","tag-controle","tag-donald","tag-groenland","tag-sur","tag-trump","tag-veut","generate-columns","tablet-grid-50","mobile-grid-100","grid-parent","grid-33"],"yoast_head":"<!-- This site is optimized with the Yoast SEO plugin v24.0 - https:\/\/yoast.com\/wordpress\/plugins\/seo\/ -->\n<title>Donald Trump veut le contr\u00f4le am\u00e9ricain sur le Groenland | Vie Associative<\/title>\n<meta name=\"robots\" content=\"index, follow, max-snippet:-1, max-image-preview:large, max-video-preview:-1\" \/>\n<link rel=\"canonical\" href=\"https:\/\/vieassociative.be\/actualites\/donald-trump-veut-le-controle-americain-sur-le-groenland\/\" \/>\n<meta property=\"og:locale\" content=\"fr_FR\" \/>\n<meta property=\"og:type\" content=\"article\" \/>\n<meta property=\"og:title\" content=\"Donald Trump veut le contr\u00f4le am\u00e9ricain sur le Groenland | Vie Associative\" \/>\n<meta property=\"og:description\" content=\"D\u00e8s son premier mandat, Trump voulait acheter l\u2019\u00eele qui appartient au Danemark. Il remet d\u00e9sormais le Groenland en jeu. Il souhaite \u00e9galement contr\u00f4ler \u00e0 l\u2019avenir\" \/>\n<meta property=\"og:url\" content=\"https:\/\/vieassociative.be\/actualites\/donald-trump-veut-le-controle-americain-sur-le-groenland\/\" \/>\n<meta property=\"og:site_name\" content=\"Vie Associative\" \/>\n<meta property=\"article:published_time\" content=\"2024-12-26T14:18:28+00:00\" \/>\n<meta property=\"og:image\" content=\"https:\/\/vieassociative.be\/actualites\/wp-content\/uploads\/2024\/09\/header_backgroundk-01-e1726694325946.png\" \/>\n\t<meta property=\"og:image:width\" content=\"279\" \/>\n\t<meta property=\"og:image:height\" content=\"92\" \/>\n\t<meta property=\"og:image:type\" content=\"image\/png\" \/>\n<meta name=\"author\" content=\"Julien\" \/>\n<meta name=\"twitter:card\" content=\"summary_large_image\" \/>\n<meta name=\"twitter:label1\" content=\"\u00c9crit par\" \/>\n\t<meta name=\"twitter:data1\" content=\"Julien\" \/>\n\t<meta name=\"twitter:label2\" content=\"Dur\u00e9e de lecture est.\" \/>\n\t<meta name=\"twitter:data2\" content=\"3 minutes\" \/>\n<script type=\"application\/ld+json\" class=\"yoast-schema-graph\">{\"@context\":\"https:\/\/schema.org\",\"@graph\":[{\"@type\":\"Article\",\"@id\":\"https:\/\/vieassociative.be\/actualites\/donald-trump-veut-le-controle-americain-sur-le-groenland\/#article\",\"isPartOf\":{\"@id\":\"https:\/\/vieassociative.be\/actualites\/donald-trump-veut-le-controle-americain-sur-le-groenland\/\"},\"author\":{\"name\":\"Julien\",\"@id\":\"https:\/\/vieassociative.be\/actualites\/#\/schema\/person\/b87ac4f82f9d4e7b7cec7395b679edc4\"},\"headline\":\"Donald Trump veut le contr\u00f4le am\u00e9ricain sur le Groenland\",\"datePublished\":\"2024-12-26T14:18:28+00:00\",\"dateModified\":\"2024-12-26T14:18:28+00:00\",\"mainEntityOfPage\":{\"@id\":\"https:\/\/vieassociative.be\/actualites\/donald-trump-veut-le-controle-americain-sur-le-groenland\/\"},\"wordCount\":656,\"publisher\":{\"@id\":\"https:\/\/vieassociative.be\/actualites\/#organization\"},\"image\":{\"@id\":\"https:\/\/vieassociative.be\/actualites\/donald-trump-veut-le-controle-americain-sur-le-groenland\/#primaryimage\"},\"thumbnailUrl\":\"https:\/\/vieassociative.be\/actualites\/wp-content\/uploads\/2024\/12\/Donald-Trump-veut-le-controle-americain-sur-le-Groenland.jpg\",\"keywords\":[\"am\u00e9ricain\",\"contr\u00f4le\",\"Donald\",\"Groenland\",\"sur\",\"Trump\",\"veut\"],\"articleSection\":[\"Belgique\"],\"inLanguage\":\"fr-BE\"},{\"@type\":\"WebPage\",\"@id\":\"https:\/\/vieassociative.be\/actualites\/donald-trump-veut-le-controle-americain-sur-le-groenland\/\",\"url\":\"https:\/\/vieassociative.be\/actualites\/donald-trump-veut-le-controle-americain-sur-le-groenland\/\",\"name\":\"Donald Trump veut le contr\u00f4le am\u00e9ricain sur le Groenland | Vie Associative\",\"isPartOf\":{\"@id\":\"https:\/\/vieassociative.be\/actualites\/#website\"},\"primaryImageOfPage\":{\"@id\":\"https:\/\/vieassociative.be\/actualites\/donald-trump-veut-le-controle-americain-sur-le-groenland\/#primaryimage\"},\"image\":{\"@id\":\"https:\/\/vieassociative.be\/actualites\/donald-trump-veut-le-controle-americain-sur-le-groenland\/#primaryimage\"},\"thumbnailUrl\":\"https:\/\/vieassociative.be\/actualites\/wp-content\/uploads\/2024\/12\/Donald-Trump-veut-le-controle-americain-sur-le-Groenland.jpg\",\"datePublished\":\"2024-12-26T14:18:28+00:00\",\"dateModified\":\"2024-12-26T14:18:28+00:00\",\"breadcrumb\":{\"@id\":\"https:\/\/vieassociative.be\/actualites\/donald-trump-veut-le-controle-americain-sur-le-groenland\/#breadcrumb\"},\"inLanguage\":\"fr-BE\",\"potentialAction\":[{\"@type\":\"ReadAction\",\"target\":[\"https:\/\/vieassociative.be\/actualites\/donald-trump-veut-le-controle-americain-sur-le-groenland\/\"]}]},{\"@type\":\"ImageObject\",\"inLanguage\":\"fr-BE\",\"@id\":\"https:\/\/vieassociative.be\/actualites\/donald-trump-veut-le-controle-americain-sur-le-groenland\/#primaryimage\",\"url\":\"https:\/\/vieassociative.be\/actualites\/wp-content\/uploads\/2024\/12\/Donald-Trump-veut-le-controle-americain-sur-le-Groenland.jpg\",\"contentUrl\":\"https:\/\/vieassociative.be\/actualites\/wp-content\/uploads\/2024\/12\/Donald-Trump-veut-le-controle-americain-sur-le-Groenland.jpg\",\"width\":2560,\"height\":953,\"caption\":\"Donald Trump veut le contr\u00f4le am\u00e9ricain sur le Groenland\"},{\"@type\":\"BreadcrumbList\",\"@id\":\"https:\/\/vieassociative.be\/actualites\/donald-trump-veut-le-controle-americain-sur-le-groenland\/#breadcrumb\",\"itemListElement\":[{\"@type\":\"ListItem\",\"position\":1,\"name\":\"Accueil\",\"item\":\"https:\/\/vieassociative.be\/actualites\/\"},{\"@type\":\"ListItem\",\"position\":2,\"name\":\"Donald Trump veut le contr\u00f4le am\u00e9ricain sur le Groenland\"}]},{\"@type\":\"WebSite\",\"@id\":\"https:\/\/vieassociative.be\/actualites\/#website\",\"url\":\"https:\/\/vieassociative.be\/actualites\/\",\"name\":\"Vie Associative\",\"description\":\"\",\"publisher\":{\"@id\":\"https:\/\/vieassociative.be\/actualites\/#organization\"},\"potentialAction\":[{\"@type\":\"SearchAction\",\"target\":{\"@type\":\"EntryPoint\",\"urlTemplate\":\"https:\/\/vieassociative.be\/actualites\/?s={search_term_string}\"},\"query-input\":{\"@type\":\"PropertyValueSpecification\",\"valueRequired\":true,\"valueName\":\"search_term_string\"}}],\"inLanguage\":\"fr-BE\"},{\"@type\":\"Organization\",\"@id\":\"https:\/\/vieassociative.be\/actualites\/#organization\",\"name\":\"Vie Associative\",\"url\":\"https:\/\/vieassociative.be\/actualites\/\",\"logo\":{\"@type\":\"ImageObject\",\"inLanguage\":\"fr-BE\",\"@id\":\"https:\/\/vieassociative.be\/actualites\/#\/schema\/logo\/image\/\",\"url\":\"https:\/\/vieassociative.be\/actualites\/wp-content\/uploads\/2024\/09\/cropped-vieassociative_favicon.ico.png\",\"contentUrl\":\"https:\/\/vieassociative.be\/actualites\/wp-content\/uploads\/2024\/09\/cropped-vieassociative_favicon.ico.png\",\"width\":512,\"height\":512,\"caption\":\"Vie Associative\"},\"image\":{\"@id\":\"https:\/\/vieassociative.be\/actualites\/#\/schema\/logo\/image\/\"}},{\"@type\":\"Person\",\"@id\":\"https:\/\/vieassociative.be\/actualites\/#\/schema\/person\/b87ac4f82f9d4e7b7cec7395b679edc4\",\"name\":\"Julien\",\"image\":{\"@type\":\"ImageObject\",\"inLanguage\":\"fr-BE\",\"@id\":\"https:\/\/vieassociative.be\/actualites\/#\/schema\/person\/image\/\",\"url\":\"https:\/\/vieassociative.be\/actualites\/wp-content\/uploads\/2024\/09\/vie-associative-1-150x150.jpg\",\"contentUrl\":\"https:\/\/vieassociative.be\/actualites\/wp-content\/uploads\/2024\/09\/vie-associative-1-150x150.jpg\",\"caption\":\"Julien\"},\"description\":\"Je suis Julien, r\u00e9dacteur pour Vie Associative. Passionn\u00e9 par le monde associatif depuis plus de 10 ans, j'ai \u00e0 c\u0153ur de partager des histoires inspirantes et de mettre en lumi\u00e8re les initiatives locales. Mon objectif est de sensibiliser et d'encourager l'engagement communautaire \u00e0 travers mes articles.\",\"sameAs\":[\"https:\/\/vieassociative.be\/\"]}]}<\/script>\n<!-- \/ Yoast SEO plugin. -->","yoast_head_json":{"title":"Donald Trump veut le contr\u00f4le am\u00e9ricain sur le Groenland | Vie Associative","robots":{"index":"index","follow":"follow","max-snippet":"max-snippet:-1","max-image-preview":"max-image-preview:large","max-video-preview":"max-video-preview:-1"},"canonical":"https:\/\/vieassociative.be\/actualites\/donald-trump-veut-le-controle-americain-sur-le-groenland\/","og_locale":"fr_FR","og_type":"article","og_title":"Donald Trump veut le contr\u00f4le am\u00e9ricain sur le Groenland | Vie Associative","og_description":"D\u00e8s son premier mandat, Trump voulait acheter l\u2019\u00eele qui appartient au Danemark. Il remet d\u00e9sormais le Groenland en jeu. Il souhaite \u00e9galement contr\u00f4ler \u00e0 l\u2019avenir","og_url":"https:\/\/vieassociative.be\/actualites\/donald-trump-veut-le-controle-americain-sur-le-groenland\/","og_site_name":"Vie Associative","article_published_time":"2024-12-26T14:18:28+00:00","og_image":[{"width":279,"height":92,"url":"https:\/\/vieassociative.be\/actualites\/wp-content\/uploads\/2024\/09\/header_backgroundk-01-e1726694325946.png","type":"image\/png"}],"author":"Julien","twitter_card":"summary_large_image","twitter_misc":{"\u00c9crit par":"Julien","Dur\u00e9e de lecture est.":"3 minutes"},"schema":{"@context":"https:\/\/schema.org","@graph":[{"@type":"Article","@id":"https:\/\/vieassociative.be\/actualites\/donald-trump-veut-le-controle-americain-sur-le-groenland\/#article","isPartOf":{"@id":"https:\/\/vieassociative.be\/actualites\/donald-trump-veut-le-controle-americain-sur-le-groenland\/"},"author":{"name":"Julien","@id":"https:\/\/vieassociative.be\/actualites\/#\/schema\/person\/b87ac4f82f9d4e7b7cec7395b679edc4"},"headline":"Donald Trump veut le contr\u00f4le am\u00e9ricain sur le Groenland","datePublished":"2024-12-26T14:18:28+00:00","dateModified":"2024-12-26T14:18:28+00:00","mainEntityOfPage":{"@id":"https:\/\/vieassociative.be\/actualites\/donald-trump-veut-le-controle-americain-sur-le-groenland\/"},"wordCount":656,"publisher":{"@id":"https:\/\/vieassociative.be\/actualites\/#organization"},"image":{"@id":"https:\/\/vieassociative.be\/actualites\/donald-trump-veut-le-controle-americain-sur-le-groenland\/#primaryimage"},"thumbnailUrl":"https:\/\/vieassociative.be\/actualites\/wp-content\/uploads\/2024\/12\/Donald-Trump-veut-le-controle-americain-sur-le-Groenland.jpg","keywords":["am\u00e9ricain","contr\u00f4le","Donald","Groenland","sur","Trump","veut"],"articleSection":["Belgique"],"inLanguage":"fr-BE"},{"@type":"WebPage","@id":"https:\/\/vieassociative.be\/actualites\/donald-trump-veut-le-controle-americain-sur-le-groenland\/","url":"https:\/\/vieassociative.be\/actualites\/donald-trump-veut-le-controle-americain-sur-le-groenland\/","name":"Donald Trump veut le contr\u00f4le am\u00e9ricain sur le Groenland | Vie Associative","isPartOf":{"@id":"https:\/\/vieassociative.be\/actualites\/#website"},"primaryImageOfPage":{"@id":"https:\/\/vieassociative.be\/actualites\/donald-trump-veut-le-controle-americain-sur-le-groenland\/#primaryimage"},"image":{"@id":"https:\/\/vieassociative.be\/actualites\/donald-trump-veut-le-controle-americain-sur-le-groenland\/#primaryimage"},"thumbnailUrl":"https:\/\/vieassociative.be\/actualites\/wp-content\/uploads\/2024\/12\/Donald-Trump-veut-le-controle-americain-sur-le-Groenland.jpg","datePublished":"2024-12-26T14:18:28+00:00","dateModified":"2024-12-26T14:18:28+00:00","breadcrumb":{"@id":"https:\/\/vieassociative.be\/actualites\/donald-trump-veut-le-controle-americain-sur-le-groenland\/#breadcrumb"},"inLanguage":"fr-BE","potentialAction":[{"@type":"ReadAction","target":["https:\/\/vieassociative.be\/actualites\/donald-trump-veut-le-controle-americain-sur-le-groenland\/"]}]},{"@type":"ImageObject","inLanguage":"fr-BE","@id":"https:\/\/vieassociative.be\/actualites\/donald-trump-veut-le-controle-americain-sur-le-groenland\/#primaryimage","url":"https:\/\/vieassociative.be\/actualites\/wp-content\/uploads\/2024\/12\/Donald-Trump-veut-le-controle-americain-sur-le-Groenland.jpg","contentUrl":"https:\/\/vieassociative.be\/actualites\/wp-content\/uploads\/2024\/12\/Donald-Trump-veut-le-controle-americain-sur-le-Groenland.jpg","width":2560,"height":953,"caption":"Donald Trump veut le contr\u00f4le am\u00e9ricain sur le Groenland"},{"@type":"BreadcrumbList","@id":"https:\/\/vieassociative.be\/actualites\/donald-trump-veut-le-controle-americain-sur-le-groenland\/#breadcrumb","itemListElement":[{"@type":"ListItem","position":1,"name":"Accueil","item":"https:\/\/vieassociative.be\/actualites\/"},{"@type":"ListItem","position":2,"name":"Donald Trump veut le contr\u00f4le am\u00e9ricain sur le Groenland"}]},{"@type":"WebSite","@id":"https:\/\/vieassociative.be\/actualites\/#website","url":"https:\/\/vieassociative.be\/actualites\/","name":"Vie Associative","description":"","publisher":{"@id":"https:\/\/vieassociative.be\/actualites\/#organization"},"potentialAction":[{"@type":"SearchAction","target":{"@type":"EntryPoint","urlTemplate":"https:\/\/vieassociative.be\/actualites\/?s={search_term_string}"},"query-input":{"@type":"PropertyValueSpecification","valueRequired":true,"valueName":"search_term_string"}}],"inLanguage":"fr-BE"},{"@type":"Organization","@id":"https:\/\/vieassociative.be\/actualites\/#organization","name":"Vie Associative","url":"https:\/\/vieassociative.be\/actualites\/","logo":{"@type":"ImageObject","inLanguage":"fr-BE","@id":"https:\/\/vieassociative.be\/actualites\/#\/schema\/logo\/image\/","url":"https:\/\/vieassociative.be\/actualites\/wp-content\/uploads\/2024\/09\/cropped-vieassociative_favicon.ico.png","contentUrl":"https:\/\/vieassociative.be\/actualites\/wp-content\/uploads\/2024\/09\/cropped-vieassociative_favicon.ico.png","width":512,"height":512,"caption":"Vie Associative"},"image":{"@id":"https:\/\/vieassociative.be\/actualites\/#\/schema\/logo\/image\/"}},{"@type":"Person","@id":"https:\/\/vieassociative.be\/actualites\/#\/schema\/person\/b87ac4f82f9d4e7b7cec7395b679edc4","name":"Julien","image":{"@type":"ImageObject","inLanguage":"fr-BE","@id":"https:\/\/vieassociative.be\/actualites\/#\/schema\/person\/image\/","url":"https:\/\/vieassociative.be\/actualites\/wp-content\/uploads\/2024\/09\/vie-associative-1-150x150.jpg","contentUrl":"https:\/\/vieassociative.be\/actualites\/wp-content\/uploads\/2024\/09\/vie-associative-1-150x150.jpg","caption":"Julien"},"description":"Je suis Julien, r\u00e9dacteur pour Vie Associative. Passionn\u00e9 par le monde associatif depuis plus de 10 ans, j'ai \u00e0 c\u0153ur de partager des histoires inspirantes et de mettre en lumi\u00e8re les initiatives locales. Mon objectif est de sensibiliser et d'encourager l'engagement communautaire \u00e0 travers mes articles.","sameAs":["https:\/\/vieassociative.be\/"]}]}},"_links":{"self":[{"href":"https:\/\/vieassociative.be\/actualites\/wp-json\/wp\/v2\/posts\/3763"}],"collection":[{"href":"https:\/\/vieassociative.be\/actualites\/wp-json\/wp\/v2\/posts"}],"about":[{"href":"https:\/\/vieassociative.be\/actualites\/wp-json\/wp\/v2\/types\/post"}],"author":[{"embeddable":true,"href":"https:\/\/vieassociative.be\/actualites\/wp-json\/wp\/v2\/users\/1"}],"replies":[{"embeddable":true,"href":"https:\/\/vieassociative.be\/actualites\/wp-json\/wp\/v2\/comments?post=3763"}],"version-history":[{"count":0,"href":"https:\/\/vieassociative.be\/actualites\/wp-json\/wp\/v2\/posts\/3763\/revisions"}],"wp:featuredmedia":[{"embeddable":true,"href":"https:\/\/vieassociative.be\/actualites\/wp-json\/wp\/v2\/media\/3764"}],"wp:attachment":[{"href":"https:\/\/vieassociative.be\/actualites\/wp-json\/wp\/v2\/media?parent=3763"}],"wp:term":[{"taxonomy":"category","embeddable":true,"href":"https:\/\/vieassociative.be\/actualites\/wp-json\/wp\/v2\/categories?post=3763"},{"taxonomy":"post_tag","embeddable":true,"href":"https:\/\/vieassociative.be\/actualites\/wp-json\/wp\/v2\/tags?post=3763"}],"curies":[{"name":"wp","href":"https:\/\/api.w.org\/{rel}","templated":true}]}}