{"id":376,"date":"2024-09-23T19:32:54","date_gmt":"2024-09-23T17:32:54","guid":{"rendered":"https:\/\/vieassociative.be\/actualites\/tyler-smuda-est-assis-dans-les-premieres-rues-de-la-rue\/"},"modified":"2024-09-23T19:32:57","modified_gmt":"2024-09-23T17:32:57","slug":"tyler-smuda-est-assis-dans-les-premieres-rues-de-la-rue","status":"publish","type":"post","link":"https:\/\/vieassociative.be\/actualites\/tyler-smuda-est-assis-dans-les-premieres-rues-de-la-rue\/","title":{"rendered":"Tyler Smuda est assis dans les premi\u00e8res rues de la rue"},"content":{"rendered":"<p><\/p>\n<p class=\"font-sans font-medium\">  Le Nachwuchstriathlet der Radler 07 doit \u00eatre l&rsquo;une des meilleures courses des Pays-Bas. Am Ende a os\u00e9 y briller<\/p>\n<aside class=\"h-ad-280+text lg:h-0 \" data-slot-id=\"pos1_sm\" data-breakpoint=\"sm\" data-hide-ad-text=\"false\" data-module-id=\"SparkAdSlotModule\"><\/aside>\n<p>Wettk\u00e4mpfe dans <strong>Radsport<\/strong>je suis <strong>Laufon <\/strong>ou je suis <strong>Triathlon <\/strong>je veux dire \u00e0 Tyler <strong>Smuda <\/strong>La clause corona en Allemagne n\u2019agit pas auf dem Programm. Deshalb hat der Bottroper Nachwuchs-Triathlet, der f\u00fcr <strong>Radler07 <\/strong>au d\u00e9part, l&rsquo;accent est mis sur les courses sur route aux Pays-Bas et en Belgique.<\/p>\n<\/p>\n<div id=\"piano-banner-kampagne\" class=\"mb-4 block\"><\/div>\n<div id=\"piano-reco-widget\" class=\"mb-4 block\"><\/div>\n<\/p>\n<p>Les deux premi\u00e8res courses sur route \u00e0 Venlo \u00e9taient pour Smuda &#8211; avec une vitesse de 35 km\/h &#8211; sur 26 kilom\u00e8tres. Apr\u00e8s le jeu tactique, m\u00eame si vous poss\u00e9dez un Angriffen allemand, vous \u00eates libre de continuer avec votre \u00e2me. Im Sprint konnte sich Smuda with einer Halben Radl\u00e4nge gegen seinen englischen Konkurrenten durchsetzen. Gl\u00fccklich dit abstraitement : \u00ab C&rsquo;est un beau cadeau, m\u00eame si vous utilisez d&rsquo;autres couteaux. \u00bb<\/p><\/p>\n","protected":false},"excerpt":{"rendered":"<p>Le Nachwuchstriathlet der Radler 07 doit \u00eatre l&rsquo;une des meilleures courses des Pays-Bas. Am Ende a os\u00e9 y briller Wettk\u00e4mpfe dans Radsportje suis Laufon ou<\/p>\n","protected":false},"author":1,"featured_media":377,"comment_status":"closed","ping_status":"","sticky":false,"template":"","format":"standard","meta":{"footnotes":""},"categories":[298],"tags":[596,166,76,14,597,599,598,595,594],"class_list":["post-376","post","type-post","status-publish","format-standard","has-post-thumbnail","hentry","category-belgique","tag-assis","tag-dans","tag-est","tag-les","tag-premieres","tag-rue","tag-rues","tag-smuda","tag-tyler","generate-columns","tablet-grid-50","mobile-grid-100","grid-parent","grid-33"],"yoast_head":"<!-- This site is optimized with the Yoast SEO plugin v24.0 - https:\/\/yoast.com\/wordpress\/plugins\/seo\/ -->\n<title>Tyler Smuda est assis dans les premi\u00e8res rues de la rue | Vie Associative<\/title>\n<meta name=\"robots\" content=\"index, follow, max-snippet:-1, max-image-preview:large, max-video-preview:-1\" \/>\n<link rel=\"canonical\" href=\"https:\/\/vieassociative.be\/actualites\/tyler-smuda-est-assis-dans-les-premieres-rues-de-la-rue\/\" \/>\n<meta property=\"og:locale\" content=\"fr_FR\" \/>\n<meta property=\"og:type\" content=\"article\" \/>\n<meta property=\"og:title\" content=\"Tyler Smuda est assis dans les premi\u00e8res rues de la rue | Vie Associative\" \/>\n<meta property=\"og:description\" content=\"Le Nachwuchstriathlet der Radler 07 doit \u00eatre l&rsquo;une des meilleures courses des Pays-Bas. Am Ende a os\u00e9 y briller Wettk\u00e4mpfe dans Radsportje suis Laufon ou\" \/>\n<meta property=\"og:url\" content=\"https:\/\/vieassociative.be\/actualites\/tyler-smuda-est-assis-dans-les-premieres-rues-de-la-rue\/\" \/>\n<meta property=\"og:site_name\" content=\"Vie Associative\" \/>\n<meta property=\"article:published_time\" content=\"2024-09-23T17:32:54+00:00\" \/>\n<meta property=\"article:modified_time\" content=\"2024-09-23T17:32:57+00:00\" \/>\n<meta property=\"og:image\" content=\"https:\/\/vieassociative.be\/actualites\/wp-content\/uploads\/2024\/09\/1727112775_Tyler-Smuda-est-assis-dans-les-premieres-rues-de-la.jpeg\" \/>\n\t<meta property=\"og:image:width\" content=\"1600\" \/>\n\t<meta property=\"og:image:height\" content=\"900\" \/>\n\t<meta property=\"og:image:type\" content=\"image\/jpeg\" \/>\n<meta name=\"author\" content=\"Julien\" \/>\n<meta name=\"twitter:card\" content=\"summary_large_image\" \/>\n<meta name=\"twitter:label1\" content=\"\u00c9crit par\" \/>\n\t<meta name=\"twitter:data1\" content=\"Julien\" \/>\n\t<meta name=\"twitter:label2\" content=\"Dur\u00e9e de lecture est.\" \/>\n\t<meta name=\"twitter:data2\" content=\"1 minute\" \/>\n<script type=\"application\/ld+json\" class=\"yoast-schema-graph\">{\"@context\":\"https:\/\/schema.org\",\"@graph\":[{\"@type\":\"Article\",\"@id\":\"https:\/\/vieassociative.be\/actualites\/tyler-smuda-est-assis-dans-les-premieres-rues-de-la-rue\/#article\",\"isPartOf\":{\"@id\":\"https:\/\/vieassociative.be\/actualites\/tyler-smuda-est-assis-dans-les-premieres-rues-de-la-rue\/\"},\"author\":{\"name\":\"Julien\",\"@id\":\"https:\/\/vieassociative.be\/actualites\/#\/schema\/person\/b87ac4f82f9d4e7b7cec7395b679edc4\"},\"headline\":\"Tyler Smuda est assis dans les premi\u00e8res rues de la rue\",\"datePublished\":\"2024-09-23T17:32:54+00:00\",\"dateModified\":\"2024-09-23T17:32:57+00:00\",\"mainEntityOfPage\":{\"@id\":\"https:\/\/vieassociative.be\/actualites\/tyler-smuda-est-assis-dans-les-premieres-rues-de-la-rue\/\"},\"wordCount\":159,\"publisher\":{\"@id\":\"https:\/\/vieassociative.be\/actualites\/#organization\"},\"image\":{\"@id\":\"https:\/\/vieassociative.be\/actualites\/tyler-smuda-est-assis-dans-les-premieres-rues-de-la-rue\/#primaryimage\"},\"thumbnailUrl\":\"https:\/\/vieassociative.be\/actualites\/wp-content\/uploads\/2024\/09\/1727112775_Tyler-Smuda-est-assis-dans-les-premieres-rues-de-la.jpeg\",\"keywords\":[\"assis\",\"dans\",\"est\",\"Les\",\"premi\u00e8res\",\"rue\",\"rues\",\"Smuda\",\"Tyler\"],\"articleSection\":[\"Belgique\"],\"inLanguage\":\"fr-BE\"},{\"@type\":\"WebPage\",\"@id\":\"https:\/\/vieassociative.be\/actualites\/tyler-smuda-est-assis-dans-les-premieres-rues-de-la-rue\/\",\"url\":\"https:\/\/vieassociative.be\/actualites\/tyler-smuda-est-assis-dans-les-premieres-rues-de-la-rue\/\",\"name\":\"Tyler Smuda est assis dans les premi\u00e8res rues de la rue | Vie Associative\",\"isPartOf\":{\"@id\":\"https:\/\/vieassociative.be\/actualites\/#website\"},\"primaryImageOfPage\":{\"@id\":\"https:\/\/vieassociative.be\/actualites\/tyler-smuda-est-assis-dans-les-premieres-rues-de-la-rue\/#primaryimage\"},\"image\":{\"@id\":\"https:\/\/vieassociative.be\/actualites\/tyler-smuda-est-assis-dans-les-premieres-rues-de-la-rue\/#primaryimage\"},\"thumbnailUrl\":\"https:\/\/vieassociative.be\/actualites\/wp-content\/uploads\/2024\/09\/1727112775_Tyler-Smuda-est-assis-dans-les-premieres-rues-de-la.jpeg\",\"datePublished\":\"2024-09-23T17:32:54+00:00\",\"dateModified\":\"2024-09-23T17:32:57+00:00\",\"breadcrumb\":{\"@id\":\"https:\/\/vieassociative.be\/actualites\/tyler-smuda-est-assis-dans-les-premieres-rues-de-la-rue\/#breadcrumb\"},\"inLanguage\":\"fr-BE\",\"potentialAction\":[{\"@type\":\"ReadAction\",\"target\":[\"https:\/\/vieassociative.be\/actualites\/tyler-smuda-est-assis-dans-les-premieres-rues-de-la-rue\/\"]}]},{\"@type\":\"ImageObject\",\"inLanguage\":\"fr-BE\",\"@id\":\"https:\/\/vieassociative.be\/actualites\/tyler-smuda-est-assis-dans-les-premieres-rues-de-la-rue\/#primaryimage\",\"url\":\"https:\/\/vieassociative.be\/actualites\/wp-content\/uploads\/2024\/09\/1727112775_Tyler-Smuda-est-assis-dans-les-premieres-rues-de-la.jpeg\",\"contentUrl\":\"https:\/\/vieassociative.be\/actualites\/wp-content\/uploads\/2024\/09\/1727112775_Tyler-Smuda-est-assis-dans-les-premieres-rues-de-la.jpeg\",\"width\":1600,\"height\":900,\"caption\":\"Tyler Smuda est assis dans les premi\u00e8res rues de la rue\"},{\"@type\":\"BreadcrumbList\",\"@id\":\"https:\/\/vieassociative.be\/actualites\/tyler-smuda-est-assis-dans-les-premieres-rues-de-la-rue\/#breadcrumb\",\"itemListElement\":[{\"@type\":\"ListItem\",\"position\":1,\"name\":\"Accueil\",\"item\":\"https:\/\/vieassociative.be\/actualites\/\"},{\"@type\":\"ListItem\",\"position\":2,\"name\":\"Tyler Smuda est assis dans les premi\u00e8res rues de la rue\"}]},{\"@type\":\"WebSite\",\"@id\":\"https:\/\/vieassociative.be\/actualites\/#website\",\"url\":\"https:\/\/vieassociative.be\/actualites\/\",\"name\":\"Vie Associative\",\"description\":\"\",\"publisher\":{\"@id\":\"https:\/\/vieassociative.be\/actualites\/#organization\"},\"potentialAction\":[{\"@type\":\"SearchAction\",\"target\":{\"@type\":\"EntryPoint\",\"urlTemplate\":\"https:\/\/vieassociative.be\/actualites\/?s={search_term_string}\"},\"query-input\":{\"@type\":\"PropertyValueSpecification\",\"valueRequired\":true,\"valueName\":\"search_term_string\"}}],\"inLanguage\":\"fr-BE\"},{\"@type\":\"Organization\",\"@id\":\"https:\/\/vieassociative.be\/actualites\/#organization\",\"name\":\"Vie Associative\",\"url\":\"https:\/\/vieassociative.be\/actualites\/\",\"logo\":{\"@type\":\"ImageObject\",\"inLanguage\":\"fr-BE\",\"@id\":\"https:\/\/vieassociative.be\/actualites\/#\/schema\/logo\/image\/\",\"url\":\"https:\/\/vieassociative.be\/actualites\/wp-content\/uploads\/2024\/09\/cropped-vieassociative_favicon.ico.png\",\"contentUrl\":\"https:\/\/vieassociative.be\/actualites\/wp-content\/uploads\/2024\/09\/cropped-vieassociative_favicon.ico.png\",\"width\":512,\"height\":512,\"caption\":\"Vie Associative\"},\"image\":{\"@id\":\"https:\/\/vieassociative.be\/actualites\/#\/schema\/logo\/image\/\"}},{\"@type\":\"Person\",\"@id\":\"https:\/\/vieassociative.be\/actualites\/#\/schema\/person\/b87ac4f82f9d4e7b7cec7395b679edc4\",\"name\":\"Julien\",\"image\":{\"@type\":\"ImageObject\",\"inLanguage\":\"fr-BE\",\"@id\":\"https:\/\/vieassociative.be\/actualites\/#\/schema\/person\/image\/\",\"url\":\"https:\/\/vieassociative.be\/actualites\/wp-content\/uploads\/2024\/09\/vie-associative-1-150x150.jpg\",\"contentUrl\":\"https:\/\/vieassociative.be\/actualites\/wp-content\/uploads\/2024\/09\/vie-associative-1-150x150.jpg\",\"caption\":\"Julien\"},\"description\":\"Je suis Julien, r\u00e9dacteur pour Vie Associative. Passionn\u00e9 par le monde associatif depuis plus de 10 ans, j'ai \u00e0 c\u0153ur de partager des histoires inspirantes et de mettre en lumi\u00e8re les initiatives locales. Mon objectif est de sensibiliser et d'encourager l'engagement communautaire \u00e0 travers mes articles.\",\"sameAs\":[\"https:\/\/vieassociative.be\/\"]}]}<\/script>\n<!-- \/ Yoast SEO plugin. -->","yoast_head_json":{"title":"Tyler Smuda est assis dans les premi\u00e8res rues de la rue | Vie Associative","robots":{"index":"index","follow":"follow","max-snippet":"max-snippet:-1","max-image-preview":"max-image-preview:large","max-video-preview":"max-video-preview:-1"},"canonical":"https:\/\/vieassociative.be\/actualites\/tyler-smuda-est-assis-dans-les-premieres-rues-de-la-rue\/","og_locale":"fr_FR","og_type":"article","og_title":"Tyler Smuda est assis dans les premi\u00e8res rues de la rue | Vie Associative","og_description":"Le Nachwuchstriathlet der Radler 07 doit \u00eatre l&rsquo;une des meilleures courses des Pays-Bas. Am Ende a os\u00e9 y briller Wettk\u00e4mpfe dans Radsportje suis Laufon ou","og_url":"https:\/\/vieassociative.be\/actualites\/tyler-smuda-est-assis-dans-les-premieres-rues-de-la-rue\/","og_site_name":"Vie Associative","article_published_time":"2024-09-23T17:32:54+00:00","article_modified_time":"2024-09-23T17:32:57+00:00","og_image":[{"width":1600,"height":900,"url":"https:\/\/vieassociative.be\/actualites\/wp-content\/uploads\/2024\/09\/1727112775_Tyler-Smuda-est-assis-dans-les-premieres-rues-de-la.jpeg","type":"image\/jpeg"}],"author":"Julien","twitter_card":"summary_large_image","twitter_misc":{"\u00c9crit par":"Julien","Dur\u00e9e de lecture est.":"1 minute"},"schema":{"@context":"https:\/\/schema.org","@graph":[{"@type":"Article","@id":"https:\/\/vieassociative.be\/actualites\/tyler-smuda-est-assis-dans-les-premieres-rues-de-la-rue\/#article","isPartOf":{"@id":"https:\/\/vieassociative.be\/actualites\/tyler-smuda-est-assis-dans-les-premieres-rues-de-la-rue\/"},"author":{"name":"Julien","@id":"https:\/\/vieassociative.be\/actualites\/#\/schema\/person\/b87ac4f82f9d4e7b7cec7395b679edc4"},"headline":"Tyler Smuda est assis dans les premi\u00e8res rues de la rue","datePublished":"2024-09-23T17:32:54+00:00","dateModified":"2024-09-23T17:32:57+00:00","mainEntityOfPage":{"@id":"https:\/\/vieassociative.be\/actualites\/tyler-smuda-est-assis-dans-les-premieres-rues-de-la-rue\/"},"wordCount":159,"publisher":{"@id":"https:\/\/vieassociative.be\/actualites\/#organization"},"image":{"@id":"https:\/\/vieassociative.be\/actualites\/tyler-smuda-est-assis-dans-les-premieres-rues-de-la-rue\/#primaryimage"},"thumbnailUrl":"https:\/\/vieassociative.be\/actualites\/wp-content\/uploads\/2024\/09\/1727112775_Tyler-Smuda-est-assis-dans-les-premieres-rues-de-la.jpeg","keywords":["assis","dans","est","Les","premi\u00e8res","rue","rues","Smuda","Tyler"],"articleSection":["Belgique"],"inLanguage":"fr-BE"},{"@type":"WebPage","@id":"https:\/\/vieassociative.be\/actualites\/tyler-smuda-est-assis-dans-les-premieres-rues-de-la-rue\/","url":"https:\/\/vieassociative.be\/actualites\/tyler-smuda-est-assis-dans-les-premieres-rues-de-la-rue\/","name":"Tyler Smuda est assis dans les premi\u00e8res rues de la rue | Vie Associative","isPartOf":{"@id":"https:\/\/vieassociative.be\/actualites\/#website"},"primaryImageOfPage":{"@id":"https:\/\/vieassociative.be\/actualites\/tyler-smuda-est-assis-dans-les-premieres-rues-de-la-rue\/#primaryimage"},"image":{"@id":"https:\/\/vieassociative.be\/actualites\/tyler-smuda-est-assis-dans-les-premieres-rues-de-la-rue\/#primaryimage"},"thumbnailUrl":"https:\/\/vieassociative.be\/actualites\/wp-content\/uploads\/2024\/09\/1727112775_Tyler-Smuda-est-assis-dans-les-premieres-rues-de-la.jpeg","datePublished":"2024-09-23T17:32:54+00:00","dateModified":"2024-09-23T17:32:57+00:00","breadcrumb":{"@id":"https:\/\/vieassociative.be\/actualites\/tyler-smuda-est-assis-dans-les-premieres-rues-de-la-rue\/#breadcrumb"},"inLanguage":"fr-BE","potentialAction":[{"@type":"ReadAction","target":["https:\/\/vieassociative.be\/actualites\/tyler-smuda-est-assis-dans-les-premieres-rues-de-la-rue\/"]}]},{"@type":"ImageObject","inLanguage":"fr-BE","@id":"https:\/\/vieassociative.be\/actualites\/tyler-smuda-est-assis-dans-les-premieres-rues-de-la-rue\/#primaryimage","url":"https:\/\/vieassociative.be\/actualites\/wp-content\/uploads\/2024\/09\/1727112775_Tyler-Smuda-est-assis-dans-les-premieres-rues-de-la.jpeg","contentUrl":"https:\/\/vieassociative.be\/actualites\/wp-content\/uploads\/2024\/09\/1727112775_Tyler-Smuda-est-assis-dans-les-premieres-rues-de-la.jpeg","width":1600,"height":900,"caption":"Tyler Smuda est assis dans les premi\u00e8res rues de la rue"},{"@type":"BreadcrumbList","@id":"https:\/\/vieassociative.be\/actualites\/tyler-smuda-est-assis-dans-les-premieres-rues-de-la-rue\/#breadcrumb","itemListElement":[{"@type":"ListItem","position":1,"name":"Accueil","item":"https:\/\/vieassociative.be\/actualites\/"},{"@type":"ListItem","position":2,"name":"Tyler Smuda est assis dans les premi\u00e8res rues de la rue"}]},{"@type":"WebSite","@id":"https:\/\/vieassociative.be\/actualites\/#website","url":"https:\/\/vieassociative.be\/actualites\/","name":"Vie Associative","description":"","publisher":{"@id":"https:\/\/vieassociative.be\/actualites\/#organization"},"potentialAction":[{"@type":"SearchAction","target":{"@type":"EntryPoint","urlTemplate":"https:\/\/vieassociative.be\/actualites\/?s={search_term_string}"},"query-input":{"@type":"PropertyValueSpecification","valueRequired":true,"valueName":"search_term_string"}}],"inLanguage":"fr-BE"},{"@type":"Organization","@id":"https:\/\/vieassociative.be\/actualites\/#organization","name":"Vie Associative","url":"https:\/\/vieassociative.be\/actualites\/","logo":{"@type":"ImageObject","inLanguage":"fr-BE","@id":"https:\/\/vieassociative.be\/actualites\/#\/schema\/logo\/image\/","url":"https:\/\/vieassociative.be\/actualites\/wp-content\/uploads\/2024\/09\/cropped-vieassociative_favicon.ico.png","contentUrl":"https:\/\/vieassociative.be\/actualites\/wp-content\/uploads\/2024\/09\/cropped-vieassociative_favicon.ico.png","width":512,"height":512,"caption":"Vie Associative"},"image":{"@id":"https:\/\/vieassociative.be\/actualites\/#\/schema\/logo\/image\/"}},{"@type":"Person","@id":"https:\/\/vieassociative.be\/actualites\/#\/schema\/person\/b87ac4f82f9d4e7b7cec7395b679edc4","name":"Julien","image":{"@type":"ImageObject","inLanguage":"fr-BE","@id":"https:\/\/vieassociative.be\/actualites\/#\/schema\/person\/image\/","url":"https:\/\/vieassociative.be\/actualites\/wp-content\/uploads\/2024\/09\/vie-associative-1-150x150.jpg","contentUrl":"https:\/\/vieassociative.be\/actualites\/wp-content\/uploads\/2024\/09\/vie-associative-1-150x150.jpg","caption":"Julien"},"description":"Je suis Julien, r\u00e9dacteur pour Vie Associative. Passionn\u00e9 par le monde associatif depuis plus de 10 ans, j'ai \u00e0 c\u0153ur de partager des histoires inspirantes et de mettre en lumi\u00e8re les initiatives locales. Mon objectif est de sensibiliser et d'encourager l'engagement communautaire \u00e0 travers mes articles.","sameAs":["https:\/\/vieassociative.be\/"]}]}},"_links":{"self":[{"href":"https:\/\/vieassociative.be\/actualites\/wp-json\/wp\/v2\/posts\/376"}],"collection":[{"href":"https:\/\/vieassociative.be\/actualites\/wp-json\/wp\/v2\/posts"}],"about":[{"href":"https:\/\/vieassociative.be\/actualites\/wp-json\/wp\/v2\/types\/post"}],"author":[{"embeddable":true,"href":"https:\/\/vieassociative.be\/actualites\/wp-json\/wp\/v2\/users\/1"}],"replies":[{"embeddable":true,"href":"https:\/\/vieassociative.be\/actualites\/wp-json\/wp\/v2\/comments?post=376"}],"version-history":[{"count":1,"href":"https:\/\/vieassociative.be\/actualites\/wp-json\/wp\/v2\/posts\/376\/revisions"}],"predecessor-version":[{"id":378,"href":"https:\/\/vieassociative.be\/actualites\/wp-json\/wp\/v2\/posts\/376\/revisions\/378"}],"wp:featuredmedia":[{"embeddable":true,"href":"https:\/\/vieassociative.be\/actualites\/wp-json\/wp\/v2\/media\/377"}],"wp:attachment":[{"href":"https:\/\/vieassociative.be\/actualites\/wp-json\/wp\/v2\/media?parent=376"}],"wp:term":[{"taxonomy":"category","embeddable":true,"href":"https:\/\/vieassociative.be\/actualites\/wp-json\/wp\/v2\/categories?post=376"},{"taxonomy":"post_tag","embeddable":true,"href":"https:\/\/vieassociative.be\/actualites\/wp-json\/wp\/v2\/tags?post=376"}],"curies":[{"name":"wp","href":"https:\/\/api.w.org\/{rel}","templated":true}]}}