{"id":3754,"date":"2024-12-26T08:17:43","date_gmt":"2024-12-26T07:17:43","guid":{"rendered":"https:\/\/vieassociative.be\/actualites\/mon-offre-amazon-preferee-du-jour-les-samsung-galaxy-buds-3-pro\/"},"modified":"2024-12-26T08:17:43","modified_gmt":"2024-12-26T07:17:43","slug":"mon-offre-amazon-preferee-du-jour-les-samsung-galaxy-buds-3-pro","status":"publish","type":"post","link":"https:\/\/vieassociative.be\/actualites\/mon-offre-amazon-preferee-du-jour-les-samsung-galaxy-buds-3-pro\/","title":{"rendered":"Mon offre Amazon pr\u00e9f\u00e9r\u00e9e du jour : les Samsung Galaxy Buds 3 Pro"},"content":{"rendered":"<div class=\"mt-4 leading-6 md:mb-8\">Les utilisateurs de t\u00e9l\u00e9phones Galaxy ne devraient pas chercher plus loin que les Galaxy Buds 3 Pro avec son son de qualit\u00e9 et ses fonctionnalit\u00e9s d\u2019IA, surtout \u00e0 leur prix le plus bas.<\/div>\n<p><\/p>\n<p>Tout comme Google fabrique des Pixel Buds pour les utilisateurs de Pixel et Apple fabrique des AirPods pour iPhone, Samsung propose la s\u00e9rie Galaxy Buds pour les utilisateurs de t\u00e9l\u00e9phones Galaxy. Il est g\u00e9n\u00e9ralement pr\u00e9f\u00e9rable de rester au sein de votre \u00e9cosyst\u00e8me, car vous obtiendrez une meilleure exp\u00e9rience utilisateur et un meilleur rapport qualit\u00e9-prix, et les Samsung Galaxy Buds 3 Pro ne font pas exception. Vous pouvez les obtenir d\u00e8s maintenant pour <strong>189,99\u00a0$<\/strong> (\u00e0 l\u2019origine 249,99 $), correspondant au prix le plus bas atteint sur Amazon, selon les outils de suivi des prix.<\/p>\n<div class=\"pogoClear mb-12 mt-10 rounded-md border-2 border-gray-100 py-7 shadow-xl md:py-6\">\n<div class=\"flex flex-wrap justify-between px-7 text-black no-underline md:flex-nowrap md:px-8\">\n<div class=\"order-1 mx-auto flex flex-col justify-center md:order-2 md:ml-4 md:w-full md:grow\">\n<div class=\"block cursor-pointer text-center font-akshar text-2xl font-medium leading-7 text-brand-green duration-200 ease-in-out hover:text-brand-green-700 md:text-left md:text-xl md:leading-6\">Samsung Galaxy Buds 3 Pro\n                <\/div>\n<div class=\"mt-4 hidden md:flex md:justify-between\">\n<div class=\"self-end\">\n<div class=\"mb-0 h-11 md:flex md:flex-col md:justify-center\">\n<div class=\" font-sans leading-4 text-black\">\n<div class=\"flex flex-wrap items-center justify-center gap-x-1 md:justify-start\">\n        <span class=\"font-bold\"><\/p>\n<p>            189,99\u00a0$<br \/>\n                            <span class=\"font-medium\">chez Amazon<\/span><br \/>\n                    <\/span><br \/>\n                    <img decoding=\"async\" class=\"mt-0 h-(15px)\" src=\"https:\/\/vieassociative.be\/actualites\/wp-content\/uploads\/2024\/12\/Mon-offre-Amazon-preferee-du-jour-les-Samsung-Galaxy.svg.svg+xml\" title=\"Amazon Premier\" alt=\"Amazon Premier\">\n            <\/div>\n<div class=\"flex items-center justify-center gap-x-1 font-bold md:justify-start\">\n            <span class=\"text-sm line-through\">249,99\u00a0$<\/span><br \/>\n            <span class=\"text-sm text-brand-green\">\u00c9conomisez 60,00\u00a0$<\/span>\n        <\/div>\n<\/p><\/div>\n<\/p><\/div>\n<\/p><\/div>\n<div class=\"w-44 self-end\">\n                            <button class=\"flex justify-center items-center w-full bg-brand-green text-white text-base font-sans font-medium rounded-md hover:bg-brand-green-700 hover:cursor-pointer md:text-sm h-11\"><\/p>\n<p>    Obtenez une offre<br \/>\n<\/button>\n                        <\/div>\n<\/p><\/div>\n<\/p><\/div>\n<div class=\"order-2 mt-5 h-auto w-full md:order-1 md:mt-0 md:hidden\">\n<div class=\"flex aspect-video items-center justify-center\">\n                                            <img decoding=\"async\" class=\"m-0 max-h-full max-w-full rounded-md\" src=\"https:\/\/vieassociative.be\/actualites\/wp-content\/uploads\/2024\/12\/Mon-offre-Amazon-preferee-du-jour-les-Samsung-Galaxy.jpg\" alt=\"SAMSUNG Galaxy Buds 3 Pro AI True Wireless \u00c9couteurs Bluetooth, suppression du bruit, optimisation du son, interpr\u00e8te en temps r\u00e9el, ajustement confortable repens\u00e9, argent (version am\u00e9ricaine, garantie exclusive Amazon de 2 ans)\" width=\"auto\" height=\"auto\" loading=\"lazy\">\n                                    <\/div>\n<\/p><\/div>\n<div class=\"order-2 ml-2 hidden w-32 shrink-0 items-center md:order-1 md:ml-0 md:flex\">\n<div class=\"flex aspect-video items-center justify-center\">\n                                            <img decoding=\"async\" class=\"m-0 max-h-full max-w-full rounded-md\" src=\"https:\/\/vieassociative.be\/actualites\/wp-content\/uploads\/2024\/12\/Mon-offre-Amazon-preferee-du-jour-les-Samsung-Galaxy.jpg\" alt=\"SAMSUNG Galaxy Buds 3 Pro AI True Wireless \u00c9couteurs Bluetooth, suppression du bruit, optimisation du son, interpr\u00e8te en temps r\u00e9el, ajustement confortable repens\u00e9, argent (version am\u00e9ricaine, garantie exclusive Amazon de 2 ans)\" width=\"auto\" height=\"auto\" loading=\"lazy\">\n                                    <\/div>\n<\/p><\/div>\n<div class=\"order-3 flex grow flex-wrap md:hidden md:grow-0\">\n<div class=\"mt-4 w-full\">\n                        <button class=\"flex justify-center items-center w-full bg-brand-green text-white text-base font-sans font-medium rounded-md hover:bg-brand-green-700 hover:cursor-pointer md:text-sm h-11\"><\/p>\n<p>    Obtenez une offre<br \/>\n<\/button>\n                    <\/div>\n<div class=\"mx-2 mt-4 w-full\">\n<div class=\" font-sans leading-4 text-black\">\n<div class=\"flex flex-wrap items-center justify-center gap-x-1 md:justify-start\">\n        <span class=\"font-bold\"><\/p>\n<p>            189,99\u00a0$<br \/>\n                            <span class=\"font-medium\">chez Amazon<\/span><br \/>\n                    <\/span><br \/>\n                    <img decoding=\"async\" class=\"mt-0 h-(15px)\" src=\"https:\/\/vieassociative.be\/actualites\/wp-content\/uploads\/2024\/12\/Mon-offre-Amazon-preferee-du-jour-les-Samsung-Galaxy.svg.svg+xml\" title=\"Amazon Premier\" alt=\"Amazon Premier\">\n            <\/div>\n<div class=\"flex items-center justify-center gap-x-1 font-bold md:justify-start\">\n            <span class=\"text-sm line-through\">249,99\u00a0$<\/span><br \/>\n            <span class=\"text-sm text-brand-green\">\u00c9conomisez 60,00\u00a0$<\/span>\n        <\/div>\n<\/p><\/div>\n<\/p><\/div>\n<\/p><\/div>\n<\/p><\/div>\n<\/div>\n<p>Les Galaxy Buds 3 Pro sont les \u00e9couteurs phares de Samsung sortis plus t\u00f4t cet \u00e9t\u00e9. Ils offrent une suppression du bruit gr\u00e2ce \u00e0 leur ajustement intra-auriculaire bien ajust\u00e9, et non via une fonction de suppression active du bruit. L\u2019une de leurs caract\u00e9ristiques les plus remarquables est leur qualit\u00e9 sonore nuanc\u00e9e avec une clart\u00e9 exceptionnelle pour les utilisateurs de t\u00e9l\u00e9phones Galaxy, gr\u00e2ce \u00e0 la prise en charge des codecs. Si vous poss\u00e9dez un t\u00e9l\u00e9phone Android autre que Samsung, cela fonctionnera toujours, mais vous n&rsquo;obtiendrez pas la qualit\u00e9 audio exceptionnelle que les t\u00e9l\u00e9phones Galaxy obtiendront, selon l'\u00a0\u00bbexcellente\u00a0\u00bb critique de PCMag. <\/p>\n<p>Leur indice IP57 signifie que vous n&rsquo;avez pas \u00e0 vous soucier de les laisser tomber dans l&rsquo;eau ou de les utiliser dans des environnements poussi\u00e9reux. Vous remarquerez \u00e9galement des lumi\u00e8res LED \u00e0 l&rsquo;ext\u00e9rieur des \u00e9couteurs, qui indiquent la dur\u00e9e de vie de la batterie (six heures par charge avec ANC activ\u00e9 et 20 heures suppl\u00e9mentaires d&rsquo;autonomie avec l&rsquo;\u00e9tui de chargement).<\/p>\n<p>\u00c0 mon avis, les meilleures fonctionnalit\u00e9s offertes par les Galaxy Buds 3 Pro sont les m\u00eames qui les rendent uniques : les fonctionnalit\u00e9s d\u2019IA. Vous b\u00e9n\u00e9ficierez des fonctions habituelles de suppression active du bruit, d&rsquo;adaptation et de son ambiant, mais vous b\u00e9n\u00e9ficierez \u00e9galement d&rsquo;un mode \u00ab Interpr\u00e8te \u00bb, qui traduit les langues en temps r\u00e9el, et d&rsquo;un mode \u00ab \u00c9coute \u00bb, qui traduit les vid\u00e9os ou les conf\u00e9rences que vous \u00e9coutez sur votre t\u00e9l\u00e9phone. L&rsquo;application vous offre \u00e9galement un \u00e9galiseur r\u00e9glable et un \u00e9galiseur adaptatif qui ajuste le son en fonction de la fa\u00e7on dont les \u00e9couteurs s&rsquo;adaptent \u00e0 vos oreilles.<\/p>\n","protected":false},"excerpt":{"rendered":"<p>Les utilisateurs de t\u00e9l\u00e9phones Galaxy ne devraient pas chercher plus loin que les Galaxy Buds 3 Pro avec son son de qualit\u00e9 et ses fonctionnalit\u00e9s<\/p>\n","protected":false},"author":1,"featured_media":3755,"comment_status":"","ping_status":"","sticky":false,"template":"","format":"standard","meta":{"footnotes":""},"categories":[13],"tags":[51,4282,4183,53,14,49,50,52,630,1878],"class_list":["post-3754","post","type-post","status-publish","format-standard","has-post-thumbnail","hentry","category-technologie","tag-amazon","tag-buds","tag-galaxy","tag-jour","tag-les","tag-mon","tag-offre","tag-preferee","tag-pro","tag-samsung","generate-columns","tablet-grid-50","mobile-grid-100","grid-parent","grid-33"],"yoast_head":"<!-- This site is optimized with the Yoast SEO plugin v24.0 - https:\/\/yoast.com\/wordpress\/plugins\/seo\/ -->\n<title>Mon offre Amazon pr\u00e9f\u00e9r\u00e9e du jour : les Samsung Galaxy Buds 3 Pro | Vie Associative<\/title>\n<meta name=\"robots\" content=\"index, follow, max-snippet:-1, max-image-preview:large, max-video-preview:-1\" \/>\n<link rel=\"canonical\" href=\"https:\/\/vieassociative.be\/actualites\/mon-offre-amazon-preferee-du-jour-les-samsung-galaxy-buds-3-pro\/\" \/>\n<meta property=\"og:locale\" content=\"fr_FR\" \/>\n<meta property=\"og:type\" content=\"article\" \/>\n<meta property=\"og:title\" content=\"Mon offre Amazon pr\u00e9f\u00e9r\u00e9e du jour : les Samsung Galaxy Buds 3 Pro | Vie Associative\" \/>\n<meta property=\"og:description\" content=\"Les utilisateurs de t\u00e9l\u00e9phones Galaxy ne devraient pas chercher plus loin que les Galaxy Buds 3 Pro avec son son de qualit\u00e9 et ses fonctionnalit\u00e9s\" \/>\n<meta property=\"og:url\" content=\"https:\/\/vieassociative.be\/actualites\/mon-offre-amazon-preferee-du-jour-les-samsung-galaxy-buds-3-pro\/\" \/>\n<meta property=\"og:site_name\" content=\"Vie Associative\" \/>\n<meta property=\"article:published_time\" content=\"2024-12-26T07:17:43+00:00\" \/>\n<meta property=\"og:image\" content=\"https:\/\/vieassociative.be\/actualites\/wp-content\/uploads\/2024\/12\/Mon-offre-Amazon-preferee-du-jour-les-Samsung-Galaxy.svg.svg+xml\" \/>\n<meta name=\"author\" content=\"Julien\" \/>\n<meta name=\"twitter:card\" content=\"summary_large_image\" \/>\n<meta name=\"twitter:label1\" content=\"\u00c9crit par\" \/>\n\t<meta name=\"twitter:data1\" content=\"Julien\" \/>\n\t<meta name=\"twitter:label2\" content=\"Dur\u00e9e de lecture est.\" \/>\n\t<meta name=\"twitter:data2\" content=\"2 minutes\" \/>\n<script type=\"application\/ld+json\" class=\"yoast-schema-graph\">{\"@context\":\"https:\/\/schema.org\",\"@graph\":[{\"@type\":\"Article\",\"@id\":\"https:\/\/vieassociative.be\/actualites\/mon-offre-amazon-preferee-du-jour-les-samsung-galaxy-buds-3-pro\/#article\",\"isPartOf\":{\"@id\":\"https:\/\/vieassociative.be\/actualites\/mon-offre-amazon-preferee-du-jour-les-samsung-galaxy-buds-3-pro\/\"},\"author\":{\"name\":\"Julien\",\"@id\":\"https:\/\/vieassociative.be\/actualites\/#\/schema\/person\/b87ac4f82f9d4e7b7cec7395b679edc4\"},\"headline\":\"Mon offre Amazon pr\u00e9f\u00e9r\u00e9e du jour : les Samsung Galaxy Buds 3 Pro\",\"datePublished\":\"2024-12-26T07:17:43+00:00\",\"dateModified\":\"2024-12-26T07:17:43+00:00\",\"mainEntityOfPage\":{\"@id\":\"https:\/\/vieassociative.be\/actualites\/mon-offre-amazon-preferee-du-jour-les-samsung-galaxy-buds-3-pro\/\"},\"wordCount\":457,\"publisher\":{\"@id\":\"https:\/\/vieassociative.be\/actualites\/#organization\"},\"image\":{\"@id\":\"https:\/\/vieassociative.be\/actualites\/mon-offre-amazon-preferee-du-jour-les-samsung-galaxy-buds-3-pro\/#primaryimage\"},\"thumbnailUrl\":\"https:\/\/vieassociative.be\/actualites\/wp-content\/uploads\/2024\/12\/Mon-offre-Amazon-preferee-du-jour-les-Samsung-Galaxy.png\",\"keywords\":[\"Amazon\",\"Buds\",\"Galaxy\",\"jour\",\"Les\",\"Mon\",\"offre\",\"pr\u00e9f\u00e9r\u00e9e\",\"Pro\",\"Samsung\"],\"articleSection\":[\"Technologie\"],\"inLanguage\":\"fr-BE\"},{\"@type\":\"WebPage\",\"@id\":\"https:\/\/vieassociative.be\/actualites\/mon-offre-amazon-preferee-du-jour-les-samsung-galaxy-buds-3-pro\/\",\"url\":\"https:\/\/vieassociative.be\/actualites\/mon-offre-amazon-preferee-du-jour-les-samsung-galaxy-buds-3-pro\/\",\"name\":\"Mon offre Amazon pr\u00e9f\u00e9r\u00e9e du jour : les Samsung Galaxy Buds 3 Pro | Vie Associative\",\"isPartOf\":{\"@id\":\"https:\/\/vieassociative.be\/actualites\/#website\"},\"primaryImageOfPage\":{\"@id\":\"https:\/\/vieassociative.be\/actualites\/mon-offre-amazon-preferee-du-jour-les-samsung-galaxy-buds-3-pro\/#primaryimage\"},\"image\":{\"@id\":\"https:\/\/vieassociative.be\/actualites\/mon-offre-amazon-preferee-du-jour-les-samsung-galaxy-buds-3-pro\/#primaryimage\"},\"thumbnailUrl\":\"https:\/\/vieassociative.be\/actualites\/wp-content\/uploads\/2024\/12\/Mon-offre-Amazon-preferee-du-jour-les-Samsung-Galaxy.png\",\"datePublished\":\"2024-12-26T07:17:43+00:00\",\"dateModified\":\"2024-12-26T07:17:43+00:00\",\"breadcrumb\":{\"@id\":\"https:\/\/vieassociative.be\/actualites\/mon-offre-amazon-preferee-du-jour-les-samsung-galaxy-buds-3-pro\/#breadcrumb\"},\"inLanguage\":\"fr-BE\",\"potentialAction\":[{\"@type\":\"ReadAction\",\"target\":[\"https:\/\/vieassociative.be\/actualites\/mon-offre-amazon-preferee-du-jour-les-samsung-galaxy-buds-3-pro\/\"]}]},{\"@type\":\"ImageObject\",\"inLanguage\":\"fr-BE\",\"@id\":\"https:\/\/vieassociative.be\/actualites\/mon-offre-amazon-preferee-du-jour-les-samsung-galaxy-buds-3-pro\/#primaryimage\",\"url\":\"https:\/\/vieassociative.be\/actualites\/wp-content\/uploads\/2024\/12\/Mon-offre-Amazon-preferee-du-jour-les-Samsung-Galaxy.png\",\"contentUrl\":\"https:\/\/vieassociative.be\/actualites\/wp-content\/uploads\/2024\/12\/Mon-offre-Amazon-preferee-du-jour-les-Samsung-Galaxy.png\",\"width\":1200,\"height\":675,\"caption\":\"Mon offre Amazon pr\u00e9f\u00e9r\u00e9e du jour : les Samsung Galaxy Buds 3 Pro\"},{\"@type\":\"BreadcrumbList\",\"@id\":\"https:\/\/vieassociative.be\/actualites\/mon-offre-amazon-preferee-du-jour-les-samsung-galaxy-buds-3-pro\/#breadcrumb\",\"itemListElement\":[{\"@type\":\"ListItem\",\"position\":1,\"name\":\"Accueil\",\"item\":\"https:\/\/vieassociative.be\/actualites\/\"},{\"@type\":\"ListItem\",\"position\":2,\"name\":\"Mon offre Amazon pr\u00e9f\u00e9r\u00e9e du jour : les Samsung Galaxy Buds 3 Pro\"}]},{\"@type\":\"WebSite\",\"@id\":\"https:\/\/vieassociative.be\/actualites\/#website\",\"url\":\"https:\/\/vieassociative.be\/actualites\/\",\"name\":\"Vie Associative\",\"description\":\"\",\"publisher\":{\"@id\":\"https:\/\/vieassociative.be\/actualites\/#organization\"},\"potentialAction\":[{\"@type\":\"SearchAction\",\"target\":{\"@type\":\"EntryPoint\",\"urlTemplate\":\"https:\/\/vieassociative.be\/actualites\/?s={search_term_string}\"},\"query-input\":{\"@type\":\"PropertyValueSpecification\",\"valueRequired\":true,\"valueName\":\"search_term_string\"}}],\"inLanguage\":\"fr-BE\"},{\"@type\":\"Organization\",\"@id\":\"https:\/\/vieassociative.be\/actualites\/#organization\",\"name\":\"Vie Associative\",\"url\":\"https:\/\/vieassociative.be\/actualites\/\",\"logo\":{\"@type\":\"ImageObject\",\"inLanguage\":\"fr-BE\",\"@id\":\"https:\/\/vieassociative.be\/actualites\/#\/schema\/logo\/image\/\",\"url\":\"https:\/\/vieassociative.be\/actualites\/wp-content\/uploads\/2024\/09\/cropped-vieassociative_favicon.ico.png\",\"contentUrl\":\"https:\/\/vieassociative.be\/actualites\/wp-content\/uploads\/2024\/09\/cropped-vieassociative_favicon.ico.png\",\"width\":512,\"height\":512,\"caption\":\"Vie Associative\"},\"image\":{\"@id\":\"https:\/\/vieassociative.be\/actualites\/#\/schema\/logo\/image\/\"}},{\"@type\":\"Person\",\"@id\":\"https:\/\/vieassociative.be\/actualites\/#\/schema\/person\/b87ac4f82f9d4e7b7cec7395b679edc4\",\"name\":\"Julien\",\"image\":{\"@type\":\"ImageObject\",\"inLanguage\":\"fr-BE\",\"@id\":\"https:\/\/vieassociative.be\/actualites\/#\/schema\/person\/image\/\",\"url\":\"https:\/\/vieassociative.be\/actualites\/wp-content\/uploads\/2024\/09\/vie-associative-1-150x150.jpg\",\"contentUrl\":\"https:\/\/vieassociative.be\/actualites\/wp-content\/uploads\/2024\/09\/vie-associative-1-150x150.jpg\",\"caption\":\"Julien\"},\"description\":\"Je suis Julien, r\u00e9dacteur pour Vie Associative. Passionn\u00e9 par le monde associatif depuis plus de 10 ans, j'ai \u00e0 c\u0153ur de partager des histoires inspirantes et de mettre en lumi\u00e8re les initiatives locales. Mon objectif est de sensibiliser et d'encourager l'engagement communautaire \u00e0 travers mes articles.\",\"sameAs\":[\"https:\/\/vieassociative.be\/\"]}]}<\/script>\n<!-- \/ Yoast SEO plugin. -->","yoast_head_json":{"title":"Mon offre Amazon pr\u00e9f\u00e9r\u00e9e du jour : les Samsung Galaxy Buds 3 Pro | Vie Associative","robots":{"index":"index","follow":"follow","max-snippet":"max-snippet:-1","max-image-preview":"max-image-preview:large","max-video-preview":"max-video-preview:-1"},"canonical":"https:\/\/vieassociative.be\/actualites\/mon-offre-amazon-preferee-du-jour-les-samsung-galaxy-buds-3-pro\/","og_locale":"fr_FR","og_type":"article","og_title":"Mon offre Amazon pr\u00e9f\u00e9r\u00e9e du jour : les Samsung Galaxy Buds 3 Pro | Vie Associative","og_description":"Les utilisateurs de t\u00e9l\u00e9phones Galaxy ne devraient pas chercher plus loin que les Galaxy Buds 3 Pro avec son son de qualit\u00e9 et ses fonctionnalit\u00e9s","og_url":"https:\/\/vieassociative.be\/actualites\/mon-offre-amazon-preferee-du-jour-les-samsung-galaxy-buds-3-pro\/","og_site_name":"Vie Associative","article_published_time":"2024-12-26T07:17:43+00:00","og_image":[{"url":"https:\/\/vieassociative.be\/actualites\/wp-content\/uploads\/2024\/12\/Mon-offre-Amazon-preferee-du-jour-les-Samsung-Galaxy.svg.svg+xml","type":"","width":"","height":""}],"author":"Julien","twitter_card":"summary_large_image","twitter_misc":{"\u00c9crit par":"Julien","Dur\u00e9e de lecture est.":"2 minutes"},"schema":{"@context":"https:\/\/schema.org","@graph":[{"@type":"Article","@id":"https:\/\/vieassociative.be\/actualites\/mon-offre-amazon-preferee-du-jour-les-samsung-galaxy-buds-3-pro\/#article","isPartOf":{"@id":"https:\/\/vieassociative.be\/actualites\/mon-offre-amazon-preferee-du-jour-les-samsung-galaxy-buds-3-pro\/"},"author":{"name":"Julien","@id":"https:\/\/vieassociative.be\/actualites\/#\/schema\/person\/b87ac4f82f9d4e7b7cec7395b679edc4"},"headline":"Mon offre Amazon pr\u00e9f\u00e9r\u00e9e du jour : les Samsung Galaxy Buds 3 Pro","datePublished":"2024-12-26T07:17:43+00:00","dateModified":"2024-12-26T07:17:43+00:00","mainEntityOfPage":{"@id":"https:\/\/vieassociative.be\/actualites\/mon-offre-amazon-preferee-du-jour-les-samsung-galaxy-buds-3-pro\/"},"wordCount":457,"publisher":{"@id":"https:\/\/vieassociative.be\/actualites\/#organization"},"image":{"@id":"https:\/\/vieassociative.be\/actualites\/mon-offre-amazon-preferee-du-jour-les-samsung-galaxy-buds-3-pro\/#primaryimage"},"thumbnailUrl":"https:\/\/vieassociative.be\/actualites\/wp-content\/uploads\/2024\/12\/Mon-offre-Amazon-preferee-du-jour-les-Samsung-Galaxy.png","keywords":["Amazon","Buds","Galaxy","jour","Les","Mon","offre","pr\u00e9f\u00e9r\u00e9e","Pro","Samsung"],"articleSection":["Technologie"],"inLanguage":"fr-BE"},{"@type":"WebPage","@id":"https:\/\/vieassociative.be\/actualites\/mon-offre-amazon-preferee-du-jour-les-samsung-galaxy-buds-3-pro\/","url":"https:\/\/vieassociative.be\/actualites\/mon-offre-amazon-preferee-du-jour-les-samsung-galaxy-buds-3-pro\/","name":"Mon offre Amazon pr\u00e9f\u00e9r\u00e9e du jour : les Samsung Galaxy Buds 3 Pro | Vie Associative","isPartOf":{"@id":"https:\/\/vieassociative.be\/actualites\/#website"},"primaryImageOfPage":{"@id":"https:\/\/vieassociative.be\/actualites\/mon-offre-amazon-preferee-du-jour-les-samsung-galaxy-buds-3-pro\/#primaryimage"},"image":{"@id":"https:\/\/vieassociative.be\/actualites\/mon-offre-amazon-preferee-du-jour-les-samsung-galaxy-buds-3-pro\/#primaryimage"},"thumbnailUrl":"https:\/\/vieassociative.be\/actualites\/wp-content\/uploads\/2024\/12\/Mon-offre-Amazon-preferee-du-jour-les-Samsung-Galaxy.png","datePublished":"2024-12-26T07:17:43+00:00","dateModified":"2024-12-26T07:17:43+00:00","breadcrumb":{"@id":"https:\/\/vieassociative.be\/actualites\/mon-offre-amazon-preferee-du-jour-les-samsung-galaxy-buds-3-pro\/#breadcrumb"},"inLanguage":"fr-BE","potentialAction":[{"@type":"ReadAction","target":["https:\/\/vieassociative.be\/actualites\/mon-offre-amazon-preferee-du-jour-les-samsung-galaxy-buds-3-pro\/"]}]},{"@type":"ImageObject","inLanguage":"fr-BE","@id":"https:\/\/vieassociative.be\/actualites\/mon-offre-amazon-preferee-du-jour-les-samsung-galaxy-buds-3-pro\/#primaryimage","url":"https:\/\/vieassociative.be\/actualites\/wp-content\/uploads\/2024\/12\/Mon-offre-Amazon-preferee-du-jour-les-Samsung-Galaxy.png","contentUrl":"https:\/\/vieassociative.be\/actualites\/wp-content\/uploads\/2024\/12\/Mon-offre-Amazon-preferee-du-jour-les-Samsung-Galaxy.png","width":1200,"height":675,"caption":"Mon offre Amazon pr\u00e9f\u00e9r\u00e9e du jour : les Samsung Galaxy Buds 3 Pro"},{"@type":"BreadcrumbList","@id":"https:\/\/vieassociative.be\/actualites\/mon-offre-amazon-preferee-du-jour-les-samsung-galaxy-buds-3-pro\/#breadcrumb","itemListElement":[{"@type":"ListItem","position":1,"name":"Accueil","item":"https:\/\/vieassociative.be\/actualites\/"},{"@type":"ListItem","position":2,"name":"Mon offre Amazon pr\u00e9f\u00e9r\u00e9e du jour : les Samsung Galaxy Buds 3 Pro"}]},{"@type":"WebSite","@id":"https:\/\/vieassociative.be\/actualites\/#website","url":"https:\/\/vieassociative.be\/actualites\/","name":"Vie Associative","description":"","publisher":{"@id":"https:\/\/vieassociative.be\/actualites\/#organization"},"potentialAction":[{"@type":"SearchAction","target":{"@type":"EntryPoint","urlTemplate":"https:\/\/vieassociative.be\/actualites\/?s={search_term_string}"},"query-input":{"@type":"PropertyValueSpecification","valueRequired":true,"valueName":"search_term_string"}}],"inLanguage":"fr-BE"},{"@type":"Organization","@id":"https:\/\/vieassociative.be\/actualites\/#organization","name":"Vie Associative","url":"https:\/\/vieassociative.be\/actualites\/","logo":{"@type":"ImageObject","inLanguage":"fr-BE","@id":"https:\/\/vieassociative.be\/actualites\/#\/schema\/logo\/image\/","url":"https:\/\/vieassociative.be\/actualites\/wp-content\/uploads\/2024\/09\/cropped-vieassociative_favicon.ico.png","contentUrl":"https:\/\/vieassociative.be\/actualites\/wp-content\/uploads\/2024\/09\/cropped-vieassociative_favicon.ico.png","width":512,"height":512,"caption":"Vie Associative"},"image":{"@id":"https:\/\/vieassociative.be\/actualites\/#\/schema\/logo\/image\/"}},{"@type":"Person","@id":"https:\/\/vieassociative.be\/actualites\/#\/schema\/person\/b87ac4f82f9d4e7b7cec7395b679edc4","name":"Julien","image":{"@type":"ImageObject","inLanguage":"fr-BE","@id":"https:\/\/vieassociative.be\/actualites\/#\/schema\/person\/image\/","url":"https:\/\/vieassociative.be\/actualites\/wp-content\/uploads\/2024\/09\/vie-associative-1-150x150.jpg","contentUrl":"https:\/\/vieassociative.be\/actualites\/wp-content\/uploads\/2024\/09\/vie-associative-1-150x150.jpg","caption":"Julien"},"description":"Je suis Julien, r\u00e9dacteur pour Vie Associative. Passionn\u00e9 par le monde associatif depuis plus de 10 ans, j'ai \u00e0 c\u0153ur de partager des histoires inspirantes et de mettre en lumi\u00e8re les initiatives locales. Mon objectif est de sensibiliser et d'encourager l'engagement communautaire \u00e0 travers mes articles.","sameAs":["https:\/\/vieassociative.be\/"]}]}},"_links":{"self":[{"href":"https:\/\/vieassociative.be\/actualites\/wp-json\/wp\/v2\/posts\/3754"}],"collection":[{"href":"https:\/\/vieassociative.be\/actualites\/wp-json\/wp\/v2\/posts"}],"about":[{"href":"https:\/\/vieassociative.be\/actualites\/wp-json\/wp\/v2\/types\/post"}],"author":[{"embeddable":true,"href":"https:\/\/vieassociative.be\/actualites\/wp-json\/wp\/v2\/users\/1"}],"replies":[{"embeddable":true,"href":"https:\/\/vieassociative.be\/actualites\/wp-json\/wp\/v2\/comments?post=3754"}],"version-history":[{"count":0,"href":"https:\/\/vieassociative.be\/actualites\/wp-json\/wp\/v2\/posts\/3754\/revisions"}],"wp:featuredmedia":[{"embeddable":true,"href":"https:\/\/vieassociative.be\/actualites\/wp-json\/wp\/v2\/media\/3755"}],"wp:attachment":[{"href":"https:\/\/vieassociative.be\/actualites\/wp-json\/wp\/v2\/media?parent=3754"}],"wp:term":[{"taxonomy":"category","embeddable":true,"href":"https:\/\/vieassociative.be\/actualites\/wp-json\/wp\/v2\/categories?post=3754"},{"taxonomy":"post_tag","embeddable":true,"href":"https:\/\/vieassociative.be\/actualites\/wp-json\/wp\/v2\/tags?post=3754"}],"curies":[{"name":"wp","href":"https:\/\/api.w.org\/{rel}","templated":true}]}}